{"id":4874,"date":"2017-05-31T10:16:47","date_gmt":"2017-05-31T13:16:47","guid":{"rendered":"http:\/\/www.mpc.pr.gov.br\/?p=4874"},"modified":"2017-05-31T10:16:47","modified_gmt":"2017-05-31T13:16:47","slug":"stf-direito-a-aposentadoria-especial-de-servidor-publico-com-deficiencia-deve-seguir-parametro-da-lei-complementar-1422013-rgps","status":"publish","type":"post","link":"https:\/\/www.mpc.pr.gov.br\/index.php\/stf-direito-a-aposentadoria-especial-de-servidor-publico-com-deficiencia-deve-seguir-parametro-da-lei-complementar-1422013-rgps\/","title":{"rendered":"STF: Direito \u00e0 aposentadoria especial de servidor p\u00fablico com defici\u00eancia deve seguir par\u00e2metro da Lei Complementar 142\/2013"},"content":{"rendered":"<p>O Plen\u00e1rio retomou julgamento de agravo regimental em agravo regimental em mandado de injun\u00e7\u00e3o em que se discute qual par\u00e2metro legislativo deve ser aplicado para regulamentar o direito \u00e0 aposentadoria especial de servidor p\u00fablico com defici\u00eancia.<\/p>\n<p>No caso, o mandado de injun\u00e7\u00e3o foi impetrado haja vista a aus\u00eancia de norma espec\u00edfica p<span class=\"text_exposed_show\">ara o gozo do direito em quest\u00e3o.<\/span><\/p>\n<p>O ministro Edson Fachin, em voto-vista, deu provimento ao agravo regimental. Determinou que a aposentadoria do servidor p\u00fablico com defici\u00eancia (CF, art. 40, \u00a7 4\u00ba, I) tenha a Lei Complementar 142\/2013 como par\u00e2metro normativo, no que couber.<\/p>\n<p>Afirmou que, diante da inexist\u00eancia de legisla\u00e7\u00e3o sobre a aposentadoria especial de pessoa com defici\u00eancia, o Supremo Tribunal Federal (STF) aplicava, por analogia, o art. 57 da Lei 8.213\/1991 \u2013 que trata exclusivamente das aposentadorias dos segurados submetidos a condi\u00e7\u00f5es especiais que prejudiquem a sa\u00fade ou a integridade f\u00edsica \u2013 para suprir a omiss\u00e3o.<\/p>\n<p>Sublinhou que, com a Lei Complementar 142\/2013, que regulamentou a aposentadoria do segurado do Regime Geral de Previd\u00eancia Social com defici\u00eancia (CF, art. 201, \u00a7 1\u00ba), a solu\u00e7\u00e3o mais adequada a ser dada pela Corte \u00e0 situa\u00e7\u00e3o dos servidores \u00e9 a utiliza\u00e7\u00e3o integral dessa norma para suprir a lacuna.<\/p>\n<p>A omiss\u00e3o quanto \u00e0 regulamenta\u00e7\u00e3o infraconstitucional de dispositivo garantidor de direito deve ser suprida pelo Judici\u00e1rio mediante a aplica\u00e7\u00e3o da legisla\u00e7\u00e3o em vigor que, por analogia, melhor se amolde ao caso concreto. Se atualmente a lei complementar \u00e9 a legisla\u00e7\u00e3o vigente espec\u00edfica para as aposentadorias dos segurados com defici\u00eancia, ent\u00e3o esse normativo \u00e9, a partir de sua entrada em vigor, o mais adequado para suprir a omiss\u00e3o inconstitucional no tocante ao servidor p\u00fablico.<\/p>\n<p>O ministro Luiz Fux (relator) reajustou o voto na linha do voto-vista do ministro Edson Fachin e foi acompanhado pelos ministros Alexandre de Moraes, Rosa Weber, Ricardo Lewandowski, Marco Aur\u00e9lio, Celso de Mello e C\u00e1rmen L\u00facia.<\/p>\n<p>Em seguida, o julgamento foi suspenso por indica\u00e7\u00e3o do relator. MI 1613 AgR-AgR\/DF, rel. Min. Luiz Fux, julgamento em 18.5.2017. (MI-1613)&#8221;<\/p>\n<div class=\"text_exposed_show\">\n<p><em>Fonte: STF<\/em><\/p>\n<\/div>\n","protected":false},"excerpt":{"rendered":"<p>O Plen\u00e1rio retomou julgamento de agravo regimental em agravo regimental em mandado de injun\u00e7\u00e3o em que se discute qual par\u00e2metro legislativo deve ser aplicado para regulamentar o direito \u00e0 aposentadoria especial de servidor p\u00fablico com defici\u00eancia. No caso, o mandado de injun\u00e7\u00e3o foi impetrado haja vista a aus\u00eancia de norma espec\u00edfica para o gozo do [&hellip;]<\/p>\n","protected":false},"author":5,"featured_media":4879,"comment_status":"open","ping_status":"open","sticky":false,"template":"","format":"standard","meta":{"_monsterinsights_skip_tracking":false,"_monsterinsights_sitenote_active":false,"_monsterinsights_sitenote_note":"","_monsterinsights_sitenote_category":0,"footnotes":""},"categories":[15,7],"tags":[],"class_list":["post-4874","post","type-post","status-publish","format-standard","has-post-thumbnail","hentry","category-noticias-de-interesse","category-todas-as-noticias","entry","has-media"],"yoast_head":"<!-- This site is optimized with the Yoast SEO plugin v27.3 - https:\/\/yoast.com\/product\/yoast-seo-wordpress\/ -->\n<title>STF: Direito \u00e0 aposentadoria especial de servidor p\u00fablico com defici\u00eancia deve seguir par\u00e2metro da Lei Complementar 142\/2013 - Minist\u00e9rio P\u00fablico de Contas do Estado do Paran\u00e1<\/title>\n<meta name=\"robots\" content=\"index, follow, max-snippet:-1, max-image-preview:large, max-video-preview:-1\" \/>\n<link rel=\"canonical\" href=\"https:\/\/www.mpc.pr.gov.br\/index.php\/stf-direito-a-aposentadoria-especial-de-servidor-publico-com-deficiencia-deve-seguir-parametro-da-lei-complementar-1422013-rgps\/\" \/>\n<meta property=\"og:locale\" content=\"pt_BR\" \/>\n<meta property=\"og:type\" content=\"article\" \/>\n<meta property=\"og:title\" content=\"STF: Direito \u00e0 aposentadoria especial de servidor p\u00fablico com defici\u00eancia deve seguir par\u00e2metro da Lei Complementar 142\/2013 - Minist\u00e9rio P\u00fablico de Contas do Estado do Paran\u00e1\" \/>\n<meta property=\"og:description\" content=\"O Plen\u00e1rio retomou julgamento de agravo regimental em agravo regimental em mandado de injun\u00e7\u00e3o em que se discute qual par\u00e2metro legislativo deve ser aplicado para regulamentar o direito \u00e0 aposentadoria especial de servidor p\u00fablico com defici\u00eancia. No caso, o mandado de injun\u00e7\u00e3o foi impetrado haja vista a aus\u00eancia de norma espec\u00edfica para o gozo do [&hellip;]\" \/>\n<meta property=\"og:url\" content=\"https:\/\/www.mpc.pr.gov.br\/index.php\/stf-direito-a-aposentadoria-especial-de-servidor-publico-com-deficiencia-deve-seguir-parametro-da-lei-complementar-1422013-rgps\/\" \/>\n<meta property=\"og:site_name\" content=\"Minist\u00e9rio P\u00fablico de Contas do Estado do Paran\u00e1\" \/>\n<meta property=\"article:publisher\" content=\"https:\/\/www.facebook.com\/mpc.pr\" \/>\n<meta property=\"article:published_time\" content=\"2017-05-31T13:16:47+00:00\" \/>\n<meta name=\"author\" content=\"giovanna.faria\" \/>\n<meta name=\"twitter:card\" content=\"summary_large_image\" \/>\n<meta name=\"twitter:label1\" content=\"Escrito por\" \/>\n\t<meta name=\"twitter:data1\" content=\"giovanna.faria\" \/>\n\t<meta name=\"twitter:label2\" content=\"Est. tempo de leitura\" \/>\n\t<meta name=\"twitter:data2\" content=\"2 minutos\" \/>\n<script type=\"application\/ld+json\" class=\"yoast-schema-graph\">{\"@context\":\"https:\\\/\\\/schema.org\",\"@graph\":[{\"@type\":\"Article\",\"@id\":\"https:\\\/\\\/www.mpc.pr.gov.br\\\/index.php\\\/stf-direito-a-aposentadoria-especial-de-servidor-publico-com-deficiencia-deve-seguir-parametro-da-lei-complementar-1422013-rgps\\\/#article\",\"isPartOf\":{\"@id\":\"https:\\\/\\\/www.mpc.pr.gov.br\\\/index.php\\\/stf-direito-a-aposentadoria-especial-de-servidor-publico-com-deficiencia-deve-seguir-parametro-da-lei-complementar-1422013-rgps\\\/\"},\"author\":{\"name\":\"giovanna.faria\",\"@id\":\"https:\\\/\\\/www.mpc.pr.gov.br\\\/#\\\/schema\\\/person\\\/d0c5cf9ebb4d8be833c419f3538cf751\"},\"headline\":\"STF: Direito \u00e0 aposentadoria especial de servidor p\u00fablico com defici\u00eancia deve seguir par\u00e2metro da Lei Complementar 142\\\/2013\",\"datePublished\":\"2017-05-31T13:16:47+00:00\",\"mainEntityOfPage\":{\"@id\":\"https:\\\/\\\/www.mpc.pr.gov.br\\\/index.php\\\/stf-direito-a-aposentadoria-especial-de-servidor-publico-com-deficiencia-deve-seguir-parametro-da-lei-complementar-1422013-rgps\\\/\"},\"wordCount\":368,\"commentCount\":0,\"publisher\":{\"@id\":\"https:\\\/\\\/www.mpc.pr.gov.br\\\/#organization\"},\"image\":{\"@id\":\"https:\\\/\\\/www.mpc.pr.gov.br\\\/index.php\\\/stf-direito-a-aposentadoria-especial-de-servidor-publico-com-deficiencia-deve-seguir-parametro-da-lei-complementar-1422013-rgps\\\/#primaryimage\"},\"thumbnailUrl\":\"\",\"articleSection\":[\"Not\u00edcias de Interesse\",\"Todas as not\u00edcias\"],\"inLanguage\":\"pt-BR\",\"potentialAction\":[{\"@type\":\"CommentAction\",\"name\":\"Comment\",\"target\":[\"https:\\\/\\\/www.mpc.pr.gov.br\\\/index.php\\\/stf-direito-a-aposentadoria-especial-de-servidor-publico-com-deficiencia-deve-seguir-parametro-da-lei-complementar-1422013-rgps\\\/#respond\"]}]},{\"@type\":\"WebPage\",\"@id\":\"https:\\\/\\\/www.mpc.pr.gov.br\\\/index.php\\\/stf-direito-a-aposentadoria-especial-de-servidor-publico-com-deficiencia-deve-seguir-parametro-da-lei-complementar-1422013-rgps\\\/\",\"url\":\"https:\\\/\\\/www.mpc.pr.gov.br\\\/index.php\\\/stf-direito-a-aposentadoria-especial-de-servidor-publico-com-deficiencia-deve-seguir-parametro-da-lei-complementar-1422013-rgps\\\/\",\"name\":\"STF: Direito \u00e0 aposentadoria especial de servidor p\u00fablico com defici\u00eancia deve seguir par\u00e2metro da Lei Complementar 142\\\/2013 - Minist\u00e9rio P\u00fablico de Contas do Estado do Paran\u00e1\",\"isPartOf\":{\"@id\":\"https:\\\/\\\/www.mpc.pr.gov.br\\\/#website\"},\"primaryImageOfPage\":{\"@id\":\"https:\\\/\\\/www.mpc.pr.gov.br\\\/index.php\\\/stf-direito-a-aposentadoria-especial-de-servidor-publico-com-deficiencia-deve-seguir-parametro-da-lei-complementar-1422013-rgps\\\/#primaryimage\"},\"image\":{\"@id\":\"https:\\\/\\\/www.mpc.pr.gov.br\\\/index.php\\\/stf-direito-a-aposentadoria-especial-de-servidor-publico-com-deficiencia-deve-seguir-parametro-da-lei-complementar-1422013-rgps\\\/#primaryimage\"},\"thumbnailUrl\":\"\",\"datePublished\":\"2017-05-31T13:16:47+00:00\",\"breadcrumb\":{\"@id\":\"https:\\\/\\\/www.mpc.pr.gov.br\\\/index.php\\\/stf-direito-a-aposentadoria-especial-de-servidor-publico-com-deficiencia-deve-seguir-parametro-da-lei-complementar-1422013-rgps\\\/#breadcrumb\"},\"inLanguage\":\"pt-BR\",\"potentialAction\":[{\"@type\":\"ReadAction\",\"target\":[\"https:\\\/\\\/www.mpc.pr.gov.br\\\/index.php\\\/stf-direito-a-aposentadoria-especial-de-servidor-publico-com-deficiencia-deve-seguir-parametro-da-lei-complementar-1422013-rgps\\\/\"]}]},{\"@type\":\"ImageObject\",\"inLanguage\":\"pt-BR\",\"@id\":\"https:\\\/\\\/www.mpc.pr.gov.br\\\/index.php\\\/stf-direito-a-aposentadoria-especial-de-servidor-publico-com-deficiencia-deve-seguir-parametro-da-lei-complementar-1422013-rgps\\\/#primaryimage\",\"url\":\"\",\"contentUrl\":\"\"},{\"@type\":\"BreadcrumbList\",\"@id\":\"https:\\\/\\\/www.mpc.pr.gov.br\\\/index.php\\\/stf-direito-a-aposentadoria-especial-de-servidor-publico-com-deficiencia-deve-seguir-parametro-da-lei-complementar-1422013-rgps\\\/#breadcrumb\",\"itemListElement\":[{\"@type\":\"ListItem\",\"position\":1,\"name\":\"In\u00edcio\",\"item\":\"https:\\\/\\\/www.mpc.pr.gov.br\\\/\"},{\"@type\":\"ListItem\",\"position\":2,\"name\":\"STF: Direito \u00e0 aposentadoria especial de servidor p\u00fablico com defici\u00eancia deve seguir par\u00e2metro da Lei Complementar 142\\\/2013\"}]},{\"@type\":\"WebSite\",\"@id\":\"https:\\\/\\\/www.mpc.pr.gov.br\\\/#website\",\"url\":\"https:\\\/\\\/www.mpc.pr.gov.br\\\/\",\"name\":\"Minist\u00e9rio P\u00fablico de Contas do Estado do Paran\u00e1\",\"description\":\"\",\"publisher\":{\"@id\":\"https:\\\/\\\/www.mpc.pr.gov.br\\\/#organization\"},\"potentialAction\":[{\"@type\":\"SearchAction\",\"target\":{\"@type\":\"EntryPoint\",\"urlTemplate\":\"https:\\\/\\\/www.mpc.pr.gov.br\\\/?s={search_term_string}\"},\"query-input\":{\"@type\":\"PropertyValueSpecification\",\"valueRequired\":true,\"valueName\":\"search_term_string\"}}],\"inLanguage\":\"pt-BR\"},{\"@type\":\"Organization\",\"@id\":\"https:\\\/\\\/www.mpc.pr.gov.br\\\/#organization\",\"name\":\"Minist\u00e9rio P\u00fablico de Contas do Estado do Paran\u00e1\",\"url\":\"https:\\\/\\\/www.mpc.pr.gov.br\\\/\",\"logo\":{\"@type\":\"ImageObject\",\"inLanguage\":\"pt-BR\",\"@id\":\"https:\\\/\\\/www.mpc.pr.gov.br\\\/#\\\/schema\\\/logo\\\/image\\\/\",\"url\":\"https:\\\/\\\/www.mpc.pr.gov.br\\\/wp-content\\\/uploads\\\/2020\\\/06\\\/99423647_1593460364143890_6706793420720963584_n-1-e1591387983167.png\",\"contentUrl\":\"https:\\\/\\\/www.mpc.pr.gov.br\\\/wp-content\\\/uploads\\\/2020\\\/06\\\/99423647_1593460364143890_6706793420720963584_n-1-e1591387983167.png\",\"width\":243,\"height\":73,\"caption\":\"Minist\u00e9rio P\u00fablico de Contas do Estado do Paran\u00e1\"},\"image\":{\"@id\":\"https:\\\/\\\/www.mpc.pr.gov.br\\\/#\\\/schema\\\/logo\\\/image\\\/\"},\"sameAs\":[\"https:\\\/\\\/www.facebook.com\\\/mpc.pr\",\"https:\\\/\\\/www.instagram.com\\\/mpc.pr\\\/?hl=pt-br\",\"https:\\\/\\\/www.youtube.com\\\/channel\\\/UCHri5oEM8DV0ztX57E0sBSw\"]},{\"@type\":\"Person\",\"@id\":\"https:\\\/\\\/www.mpc.pr.gov.br\\\/#\\\/schema\\\/person\\\/d0c5cf9ebb4d8be833c419f3538cf751\",\"name\":\"giovanna.faria\",\"image\":{\"@type\":\"ImageObject\",\"inLanguage\":\"pt-BR\",\"@id\":\"https:\\\/\\\/secure.gravatar.com\\\/avatar\\\/?s=96&d=mm&r=g\",\"url\":\"https:\\\/\\\/secure.gravatar.com\\\/avatar\\\/?s=96&d=mm&r=g\",\"contentUrl\":\"https:\\\/\\\/secure.gravatar.com\\\/avatar\\\/?s=96&d=mm&r=g\",\"caption\":\"giovanna.faria\"}}]}<\/script>\n<!-- \/ Yoast SEO plugin. -->","yoast_head_json":{"title":"STF: Direito \u00e0 aposentadoria especial de servidor p\u00fablico com defici\u00eancia deve seguir par\u00e2metro da Lei Complementar 142\/2013 - Minist\u00e9rio P\u00fablico de Contas do Estado do Paran\u00e1","robots":{"index":"index","follow":"follow","max-snippet":"max-snippet:-1","max-image-preview":"max-image-preview:large","max-video-preview":"max-video-preview:-1"},"canonical":"https:\/\/www.mpc.pr.gov.br\/index.php\/stf-direito-a-aposentadoria-especial-de-servidor-publico-com-deficiencia-deve-seguir-parametro-da-lei-complementar-1422013-rgps\/","og_locale":"pt_BR","og_type":"article","og_title":"STF: Direito \u00e0 aposentadoria especial de servidor p\u00fablico com defici\u00eancia deve seguir par\u00e2metro da Lei Complementar 142\/2013 - Minist\u00e9rio P\u00fablico de Contas do Estado do Paran\u00e1","og_description":"O Plen\u00e1rio retomou julgamento de agravo regimental em agravo regimental em mandado de injun\u00e7\u00e3o em que se discute qual par\u00e2metro legislativo deve ser aplicado para regulamentar o direito \u00e0 aposentadoria especial de servidor p\u00fablico com defici\u00eancia. No caso, o mandado de injun\u00e7\u00e3o foi impetrado haja vista a aus\u00eancia de norma espec\u00edfica para o gozo do [&hellip;]","og_url":"https:\/\/www.mpc.pr.gov.br\/index.php\/stf-direito-a-aposentadoria-especial-de-servidor-publico-com-deficiencia-deve-seguir-parametro-da-lei-complementar-1422013-rgps\/","og_site_name":"Minist\u00e9rio P\u00fablico de Contas do Estado do Paran\u00e1","article_publisher":"https:\/\/www.facebook.com\/mpc.pr","article_published_time":"2017-05-31T13:16:47+00:00","author":"giovanna.faria","twitter_card":"summary_large_image","twitter_misc":{"Escrito por":"giovanna.faria","Est. tempo de leitura":"2 minutos"},"schema":{"@context":"https:\/\/schema.org","@graph":[{"@type":"Article","@id":"https:\/\/www.mpc.pr.gov.br\/index.php\/stf-direito-a-aposentadoria-especial-de-servidor-publico-com-deficiencia-deve-seguir-parametro-da-lei-complementar-1422013-rgps\/#article","isPartOf":{"@id":"https:\/\/www.mpc.pr.gov.br\/index.php\/stf-direito-a-aposentadoria-especial-de-servidor-publico-com-deficiencia-deve-seguir-parametro-da-lei-complementar-1422013-rgps\/"},"author":{"name":"giovanna.faria","@id":"https:\/\/www.mpc.pr.gov.br\/#\/schema\/person\/d0c5cf9ebb4d8be833c419f3538cf751"},"headline":"STF: Direito \u00e0 aposentadoria especial de servidor p\u00fablico com defici\u00eancia deve seguir par\u00e2metro da Lei Complementar 142\/2013","datePublished":"2017-05-31T13:16:47+00:00","mainEntityOfPage":{"@id":"https:\/\/www.mpc.pr.gov.br\/index.php\/stf-direito-a-aposentadoria-especial-de-servidor-publico-com-deficiencia-deve-seguir-parametro-da-lei-complementar-1422013-rgps\/"},"wordCount":368,"commentCount":0,"publisher":{"@id":"https:\/\/www.mpc.pr.gov.br\/#organization"},"image":{"@id":"https:\/\/www.mpc.pr.gov.br\/index.php\/stf-direito-a-aposentadoria-especial-de-servidor-publico-com-deficiencia-deve-seguir-parametro-da-lei-complementar-1422013-rgps\/#primaryimage"},"thumbnailUrl":"","articleSection":["Not\u00edcias de Interesse","Todas as not\u00edcias"],"inLanguage":"pt-BR","potentialAction":[{"@type":"CommentAction","name":"Comment","target":["https:\/\/www.mpc.pr.gov.br\/index.php\/stf-direito-a-aposentadoria-especial-de-servidor-publico-com-deficiencia-deve-seguir-parametro-da-lei-complementar-1422013-rgps\/#respond"]}]},{"@type":"WebPage","@id":"https:\/\/www.mpc.pr.gov.br\/index.php\/stf-direito-a-aposentadoria-especial-de-servidor-publico-com-deficiencia-deve-seguir-parametro-da-lei-complementar-1422013-rgps\/","url":"https:\/\/www.mpc.pr.gov.br\/index.php\/stf-direito-a-aposentadoria-especial-de-servidor-publico-com-deficiencia-deve-seguir-parametro-da-lei-complementar-1422013-rgps\/","name":"STF: Direito \u00e0 aposentadoria especial de servidor p\u00fablico com defici\u00eancia deve seguir par\u00e2metro da Lei Complementar 142\/2013 - Minist\u00e9rio P\u00fablico de Contas do Estado do Paran\u00e1","isPartOf":{"@id":"https:\/\/www.mpc.pr.gov.br\/#website"},"primaryImageOfPage":{"@id":"https:\/\/www.mpc.pr.gov.br\/index.php\/stf-direito-a-aposentadoria-especial-de-servidor-publico-com-deficiencia-deve-seguir-parametro-da-lei-complementar-1422013-rgps\/#primaryimage"},"image":{"@id":"https:\/\/www.mpc.pr.gov.br\/index.php\/stf-direito-a-aposentadoria-especial-de-servidor-publico-com-deficiencia-deve-seguir-parametro-da-lei-complementar-1422013-rgps\/#primaryimage"},"thumbnailUrl":"","datePublished":"2017-05-31T13:16:47+00:00","breadcrumb":{"@id":"https:\/\/www.mpc.pr.gov.br\/index.php\/stf-direito-a-aposentadoria-especial-de-servidor-publico-com-deficiencia-deve-seguir-parametro-da-lei-complementar-1422013-rgps\/#breadcrumb"},"inLanguage":"pt-BR","potentialAction":[{"@type":"ReadAction","target":["https:\/\/www.mpc.pr.gov.br\/index.php\/stf-direito-a-aposentadoria-especial-de-servidor-publico-com-deficiencia-deve-seguir-parametro-da-lei-complementar-1422013-rgps\/"]}]},{"@type":"ImageObject","inLanguage":"pt-BR","@id":"https:\/\/www.mpc.pr.gov.br\/index.php\/stf-direito-a-aposentadoria-especial-de-servidor-publico-com-deficiencia-deve-seguir-parametro-da-lei-complementar-1422013-rgps\/#primaryimage","url":"","contentUrl":""},{"@type":"BreadcrumbList","@id":"https:\/\/www.mpc.pr.gov.br\/index.php\/stf-direito-a-aposentadoria-especial-de-servidor-publico-com-deficiencia-deve-seguir-parametro-da-lei-complementar-1422013-rgps\/#breadcrumb","itemListElement":[{"@type":"ListItem","position":1,"name":"In\u00edcio","item":"https:\/\/www.mpc.pr.gov.br\/"},{"@type":"ListItem","position":2,"name":"STF: Direito \u00e0 aposentadoria especial de servidor p\u00fablico com defici\u00eancia deve seguir par\u00e2metro da Lei Complementar 142\/2013"}]},{"@type":"WebSite","@id":"https:\/\/www.mpc.pr.gov.br\/#website","url":"https:\/\/www.mpc.pr.gov.br\/","name":"Minist\u00e9rio P\u00fablico de Contas do Estado do Paran\u00e1","description":"","publisher":{"@id":"https:\/\/www.mpc.pr.gov.br\/#organization"},"potentialAction":[{"@type":"SearchAction","target":{"@type":"EntryPoint","urlTemplate":"https:\/\/www.mpc.pr.gov.br\/?s={search_term_string}"},"query-input":{"@type":"PropertyValueSpecification","valueRequired":true,"valueName":"search_term_string"}}],"inLanguage":"pt-BR"},{"@type":"Organization","@id":"https:\/\/www.mpc.pr.gov.br\/#organization","name":"Minist\u00e9rio P\u00fablico de Contas do Estado do Paran\u00e1","url":"https:\/\/www.mpc.pr.gov.br\/","logo":{"@type":"ImageObject","inLanguage":"pt-BR","@id":"https:\/\/www.mpc.pr.gov.br\/#\/schema\/logo\/image\/","url":"https:\/\/www.mpc.pr.gov.br\/wp-content\/uploads\/2020\/06\/99423647_1593460364143890_6706793420720963584_n-1-e1591387983167.png","contentUrl":"https:\/\/www.mpc.pr.gov.br\/wp-content\/uploads\/2020\/06\/99423647_1593460364143890_6706793420720963584_n-1-e1591387983167.png","width":243,"height":73,"caption":"Minist\u00e9rio P\u00fablico de Contas do Estado do Paran\u00e1"},"image":{"@id":"https:\/\/www.mpc.pr.gov.br\/#\/schema\/logo\/image\/"},"sameAs":["https:\/\/www.facebook.com\/mpc.pr","https:\/\/www.instagram.com\/mpc.pr\/?hl=pt-br","https:\/\/www.youtube.com\/channel\/UCHri5oEM8DV0ztX57E0sBSw"]},{"@type":"Person","@id":"https:\/\/www.mpc.pr.gov.br\/#\/schema\/person\/d0c5cf9ebb4d8be833c419f3538cf751","name":"giovanna.faria","image":{"@type":"ImageObject","inLanguage":"pt-BR","@id":"https:\/\/secure.gravatar.com\/avatar\/?s=96&d=mm&r=g","url":"https:\/\/secure.gravatar.com\/avatar\/?s=96&d=mm&r=g","contentUrl":"https:\/\/secure.gravatar.com\/avatar\/?s=96&d=mm&r=g","caption":"giovanna.faria"}}]}},"rttpg_featured_image_url":null,"rttpg_author":{"display_name":"giovanna.faria","author_link":"https:\/\/www.mpc.pr.gov.br\/index.php\/author\/giovanna-faria\/"},"rttpg_comment":0,"rttpg_category":"<a href=\"https:\/\/www.mpc.pr.gov.br\/index.php\/category\/noticias-de-interesse\/\" rel=\"category tag\">Not\u00edcias de Interesse<\/a> <a href=\"https:\/\/www.mpc.pr.gov.br\/index.php\/category\/todas-as-noticias\/\" rel=\"category tag\">Todas as not\u00edcias<\/a>","rttpg_excerpt":"O Plen\u00e1rio retomou julgamento de agravo regimental em agravo regimental em mandado de injun\u00e7\u00e3o em que se discute qual par\u00e2metro legislativo deve ser aplicado para regulamentar o direito \u00e0 aposentadoria especial de servidor p\u00fablico com defici\u00eancia. No caso, o mandado de injun\u00e7\u00e3o foi impetrado haja vista a aus\u00eancia de norma espec\u00edfica para o gozo do&hellip;","_links":{"self":[{"href":"https:\/\/www.mpc.pr.gov.br\/index.php\/wp-json\/wp\/v2\/posts\/4874","targetHints":{"allow":["GET"]}}],"collection":[{"href":"https:\/\/www.mpc.pr.gov.br\/index.php\/wp-json\/wp\/v2\/posts"}],"about":[{"href":"https:\/\/www.mpc.pr.gov.br\/index.php\/wp-json\/wp\/v2\/types\/post"}],"author":[{"embeddable":true,"href":"https:\/\/www.mpc.pr.gov.br\/index.php\/wp-json\/wp\/v2\/users\/5"}],"replies":[{"embeddable":true,"href":"https:\/\/www.mpc.pr.gov.br\/index.php\/wp-json\/wp\/v2\/comments?post=4874"}],"version-history":[{"count":0,"href":"https:\/\/www.mpc.pr.gov.br\/index.php\/wp-json\/wp\/v2\/posts\/4874\/revisions"}],"wp:featuredmedia":[{"embeddable":true,"href":"https:\/\/www.mpc.pr.gov.br\/index.php\/wp-json\/"}],"wp:attachment":[{"href":"https:\/\/www.mpc.pr.gov.br\/index.php\/wp-json\/wp\/v2\/media?parent=4874"}],"wp:term":[{"taxonomy":"category","embeddable":true,"href":"https:\/\/www.mpc.pr.gov.br\/index.php\/wp-json\/wp\/v2\/categories?post=4874"},{"taxonomy":"post_tag","embeddable":true,"href":"https:\/\/www.mpc.pr.gov.br\/index.php\/wp-json\/wp\/v2\/tags?post=4874"}],"curies":[{"name":"wp","href":"https:\/\/api.w.org\/{rel}","templated":true}]}}