{"id":5190,"date":"2017-07-13T21:12:23","date_gmt":"2017-07-14T00:12:23","guid":{"rendered":"http:\/\/www.mpc.pr.gov.br\/?p=5190"},"modified":"2017-07-13T21:12:23","modified_gmt":"2017-07-14T00:12:23","slug":"arquivamento-de-representacao-sobre-coletes-balisticos-vencidos-e-questionado-pelo-mpc-pr","status":"publish","type":"post","link":"https:\/\/www.mpc.pr.gov.br\/index.php\/arquivamento-de-representacao-sobre-coletes-balisticos-vencidos-e-questionado-pelo-mpc-pr\/","title":{"rendered":"Arquivamento de Representa\u00e7\u00e3o sobre coletes bal\u00edsticos vencidos \u00e9 questionado pelo MP de Contas"},"content":{"rendered":"<p>O Minist\u00e9rio P\u00fablico de Contas do Paran\u00e1 (MPC-PR), por meio de sua 5.\u00aa Procuradoria, recorreu de decis\u00e3o que promoveu o encerramento de Representa\u00e7\u00e3o que exp\u00f5e problemas na aquisi\u00e7\u00e3o e utiliza\u00e7\u00e3o de coletes bal\u00edsticos pelas Pol\u00edcias Civil e Militar do Estado do Paran\u00e1 (prot. 305698\/16).<\/p>\n<p>A Representa\u00e7\u00e3o, cuja substitui\u00e7\u00e3o da autoria pelo MPC se deu ap\u00f3s Den\u00fancia apresentada pelo SIPOL (Sindicato dos Investigadores de Pol\u00edcia do Paran\u00e1) em junho de 2016, foi sumariamente arquivada pelo Tribunal de Contas (TCE-PR) sob o argumento de posterior apresenta\u00e7\u00e3o de Tomada de Contas Extraordin\u00e1ria, no final de mar\u00e7o de 2017.<\/p>\n<p>Entretanto, a maioria dos pontos constantes da Representa\u00e7\u00e3o do Minist\u00e9rio P\u00fablico sequer foram tratados pela Tomada de Contas (prot. 203449\/17), com destaque para <strong>(i)<\/strong> a quest\u00e3o da avalia\u00e7\u00e3o da legalidade do procedimento de recondicionamento dos coletes bal\u00edsticos vencidos; <strong>(ii)<\/strong> a aprecia\u00e7\u00e3o da legalidade dos procedimentos licitat\u00f3rios instaurados para aquisi\u00e7\u00e3o de coletes bal\u00edsticos; <strong>(iii)<\/strong> a situa\u00e7\u00e3o da empresa INBRA, colocada na perspectiva de fornecedora n\u00e3o apenas para \u00f3rg\u00e3os estaduais, mas como fornecedora para diversos munic\u00edpios sujeitos \u00e0 jurisdi\u00e7\u00e3o do Tribunal, que adquirem coletes para prover a seguran\u00e7a de suas Guardas-Municipais; <strong>(iv)<\/strong> e, o mais importante, a constata\u00e7\u00e3o de exist\u00eancia de coletes com prazo de validade expirado em uso, com questionamentos acerca da operacionaliza\u00e7\u00e3o e forma de cumprimento do contrato de descarte e picotamento.<\/p>\n<p>O n\u00e3o processamento e exame dos pedidos do MP sob \u2018regime de urg\u00eancia\u2019 redundaram, tamb\u00e9m, no indeferimento de Pedido Cautelar visando a declara\u00e7\u00e3o de inidoneidade da empresa fornecedora (por 5 anos) e determina\u00e7\u00e3o ao Governador do Estado de aquisi\u00e7\u00e3o imediata dos itens em substitui\u00e7\u00e3o aos coletes vencidos, pois, no entender do TCE, tratar-se-ia de uma op\u00e7\u00e3o de conveni\u00eancia e oportunidade.<\/p>\n<p>Em vista do ainda presente risco \u00e0s corpora\u00e7\u00f5es policiais e guardas municipais, o MPC requer, al\u00e9m do desarquivamento da Representa\u00e7\u00e3o, seja reapreciada a solicita\u00e7\u00e3o cautelar indeferida, cujos efeitos foram apenas parcialmente remediados recentemente pelo Estado ao reconhecer que a empresa INBRA n\u00e3o det\u00e9m confiabilidade por fornecer produtos defeituosos (v. not\u00edcia veiculada pela Gazeta do Povo <a href=\"http:\/\/www.gazetadopovo.com.br\/politica\/parana\/sesp-reconhece-que-coletes-fornecidos-a-pm-eram-ineficazes-e-pune-fabricantes-5p2hyjzq5hgewqails0if05dc\">AQUI<\/a>), declarando-a inapta para com ele contratar por 2 anos.<\/p>\n<p>A empresa INBRA, no entanto, sagrou-se vencedora de certames licitat\u00f3rios nesse interregno para o fornecimento de 7.796 coletes ao DEPEN, \u00e0 PM e \u00e0 Pol\u00edcia Civil (contratos 2464\/2016; 2463\/2016 e 2462\/2016), situa\u00e7\u00e3o que poderia ter sido evitada caso o TCE-PR houvesse tempestivamente deferido a solicita\u00e7\u00e3o do Minist\u00e9rio P\u00fablico quanto \u00e0 declara\u00e7\u00e3o de sua inidoneidade.<\/p>\n<p>Conhece todos os detalhes da problem\u00e1tica clicando <a href=\"http:\/\/www.mpc.pr.gov.br\/wp-content\/uploads\/2017\/07\/Coletes-Vencidos.pdf\">AQUI<\/a>.<\/p>\n<p>&nbsp;<\/p>\n","protected":false},"excerpt":{"rendered":"<p>O Minist\u00e9rio P\u00fablico de Contas do Paran\u00e1 (MPC-PR), por meio de sua 5.\u00aa Procuradoria, recorreu de decis\u00e3o que promoveu o encerramento de Representa\u00e7\u00e3o que exp\u00f5e problemas na aquisi\u00e7\u00e3o e utiliza\u00e7\u00e3o de coletes bal\u00edsticos pelas Pol\u00edcias Civil e Militar do Estado do Paran\u00e1 (prot. 305698\/16). A Representa\u00e7\u00e3o, cuja substitui\u00e7\u00e3o da autoria pelo MPC se deu ap\u00f3s [&hellip;]<\/p>\n","protected":false},"author":3,"featured_media":5191,"comment_status":"open","ping_status":"open","sticky":false,"template":"","format":"standard","meta":{"_monsterinsights_skip_tracking":false,"_monsterinsights_sitenote_active":false,"_monsterinsights_sitenote_note":"","_monsterinsights_sitenote_category":0,"footnotes":""},"categories":[7,14],"tags":[],"class_list":["post-5190","post","type-post","status-publish","format-standard","has-post-thumbnail","hentry","category-todas-as-noticias","category-ultimas-noticias","entry","has-media"],"yoast_head":"<!-- This site is optimized with the Yoast SEO plugin v27.3 - https:\/\/yoast.com\/product\/yoast-seo-wordpress\/ -->\n<title>Arquivamento de Representa\u00e7\u00e3o sobre coletes bal\u00edsticos vencidos \u00e9 questionado pelo MP de Contas - Minist\u00e9rio P\u00fablico de Contas do Estado do Paran\u00e1<\/title>\n<meta name=\"robots\" content=\"index, follow, max-snippet:-1, max-image-preview:large, max-video-preview:-1\" \/>\n<link rel=\"canonical\" href=\"https:\/\/www.mpc.pr.gov.br\/index.php\/arquivamento-de-representacao-sobre-coletes-balisticos-vencidos-e-questionado-pelo-mpc-pr\/\" \/>\n<meta property=\"og:locale\" content=\"pt_BR\" \/>\n<meta property=\"og:type\" content=\"article\" \/>\n<meta property=\"og:title\" content=\"Arquivamento de Representa\u00e7\u00e3o sobre coletes bal\u00edsticos vencidos \u00e9 questionado pelo MP de Contas - Minist\u00e9rio P\u00fablico de Contas do Estado do Paran\u00e1\" \/>\n<meta property=\"og:description\" content=\"O Minist\u00e9rio P\u00fablico de Contas do Paran\u00e1 (MPC-PR), por meio de sua 5.\u00aa Procuradoria, recorreu de decis\u00e3o que promoveu o encerramento de Representa\u00e7\u00e3o que exp\u00f5e problemas na aquisi\u00e7\u00e3o e utiliza\u00e7\u00e3o de coletes bal\u00edsticos pelas Pol\u00edcias Civil e Militar do Estado do Paran\u00e1 (prot. 305698\/16). A Representa\u00e7\u00e3o, cuja substitui\u00e7\u00e3o da autoria pelo MPC se deu ap\u00f3s [&hellip;]\" \/>\n<meta property=\"og:url\" content=\"https:\/\/www.mpc.pr.gov.br\/index.php\/arquivamento-de-representacao-sobre-coletes-balisticos-vencidos-e-questionado-pelo-mpc-pr\/\" \/>\n<meta property=\"og:site_name\" content=\"Minist\u00e9rio P\u00fablico de Contas do Estado do Paran\u00e1\" \/>\n<meta property=\"article:publisher\" content=\"https:\/\/www.facebook.com\/mpc.pr\" \/>\n<meta property=\"article:published_time\" content=\"2017-07-14T00:12:23+00:00\" \/>\n<meta name=\"author\" content=\"michael.reiner\" \/>\n<meta name=\"twitter:card\" content=\"summary_large_image\" \/>\n<meta name=\"twitter:label1\" content=\"Escrito por\" \/>\n\t<meta name=\"twitter:data1\" content=\"michael.reiner\" \/>\n\t<meta name=\"twitter:label2\" content=\"Est. tempo de leitura\" \/>\n\t<meta name=\"twitter:data2\" content=\"2 minutos\" \/>\n<script type=\"application\/ld+json\" class=\"yoast-schema-graph\">{\"@context\":\"https:\\\/\\\/schema.org\",\"@graph\":[{\"@type\":\"Article\",\"@id\":\"https:\\\/\\\/www.mpc.pr.gov.br\\\/index.php\\\/arquivamento-de-representacao-sobre-coletes-balisticos-vencidos-e-questionado-pelo-mpc-pr\\\/#article\",\"isPartOf\":{\"@id\":\"https:\\\/\\\/www.mpc.pr.gov.br\\\/index.php\\\/arquivamento-de-representacao-sobre-coletes-balisticos-vencidos-e-questionado-pelo-mpc-pr\\\/\"},\"author\":{\"name\":\"michael.reiner\",\"@id\":\"https:\\\/\\\/www.mpc.pr.gov.br\\\/#\\\/schema\\\/person\\\/e6db2baa689b9b3b9e704ac0d26f7d3e\"},\"headline\":\"Arquivamento de Representa\u00e7\u00e3o sobre coletes bal\u00edsticos vencidos \u00e9 questionado pelo MP de Contas\",\"datePublished\":\"2017-07-14T00:12:23+00:00\",\"mainEntityOfPage\":{\"@id\":\"https:\\\/\\\/www.mpc.pr.gov.br\\\/index.php\\\/arquivamento-de-representacao-sobre-coletes-balisticos-vencidos-e-questionado-pelo-mpc-pr\\\/\"},\"wordCount\":464,\"commentCount\":0,\"publisher\":{\"@id\":\"https:\\\/\\\/www.mpc.pr.gov.br\\\/#organization\"},\"image\":{\"@id\":\"https:\\\/\\\/www.mpc.pr.gov.br\\\/index.php\\\/arquivamento-de-representacao-sobre-coletes-balisticos-vencidos-e-questionado-pelo-mpc-pr\\\/#primaryimage\"},\"thumbnailUrl\":\"\",\"articleSection\":[\"Todas as not\u00edcias\",\"\u00daltimas not\u00edcias\"],\"inLanguage\":\"pt-BR\",\"potentialAction\":[{\"@type\":\"CommentAction\",\"name\":\"Comment\",\"target\":[\"https:\\\/\\\/www.mpc.pr.gov.br\\\/index.php\\\/arquivamento-de-representacao-sobre-coletes-balisticos-vencidos-e-questionado-pelo-mpc-pr\\\/#respond\"]}]},{\"@type\":\"WebPage\",\"@id\":\"https:\\\/\\\/www.mpc.pr.gov.br\\\/index.php\\\/arquivamento-de-representacao-sobre-coletes-balisticos-vencidos-e-questionado-pelo-mpc-pr\\\/\",\"url\":\"https:\\\/\\\/www.mpc.pr.gov.br\\\/index.php\\\/arquivamento-de-representacao-sobre-coletes-balisticos-vencidos-e-questionado-pelo-mpc-pr\\\/\",\"name\":\"Arquivamento de Representa\u00e7\u00e3o sobre coletes bal\u00edsticos vencidos \u00e9 questionado pelo MP de Contas - Minist\u00e9rio P\u00fablico de Contas do Estado do Paran\u00e1\",\"isPartOf\":{\"@id\":\"https:\\\/\\\/www.mpc.pr.gov.br\\\/#website\"},\"primaryImageOfPage\":{\"@id\":\"https:\\\/\\\/www.mpc.pr.gov.br\\\/index.php\\\/arquivamento-de-representacao-sobre-coletes-balisticos-vencidos-e-questionado-pelo-mpc-pr\\\/#primaryimage\"},\"image\":{\"@id\":\"https:\\\/\\\/www.mpc.pr.gov.br\\\/index.php\\\/arquivamento-de-representacao-sobre-coletes-balisticos-vencidos-e-questionado-pelo-mpc-pr\\\/#primaryimage\"},\"thumbnailUrl\":\"\",\"datePublished\":\"2017-07-14T00:12:23+00:00\",\"breadcrumb\":{\"@id\":\"https:\\\/\\\/www.mpc.pr.gov.br\\\/index.php\\\/arquivamento-de-representacao-sobre-coletes-balisticos-vencidos-e-questionado-pelo-mpc-pr\\\/#breadcrumb\"},\"inLanguage\":\"pt-BR\",\"potentialAction\":[{\"@type\":\"ReadAction\",\"target\":[\"https:\\\/\\\/www.mpc.pr.gov.br\\\/index.php\\\/arquivamento-de-representacao-sobre-coletes-balisticos-vencidos-e-questionado-pelo-mpc-pr\\\/\"]}]},{\"@type\":\"ImageObject\",\"inLanguage\":\"pt-BR\",\"@id\":\"https:\\\/\\\/www.mpc.pr.gov.br\\\/index.php\\\/arquivamento-de-representacao-sobre-coletes-balisticos-vencidos-e-questionado-pelo-mpc-pr\\\/#primaryimage\",\"url\":\"\",\"contentUrl\":\"\"},{\"@type\":\"BreadcrumbList\",\"@id\":\"https:\\\/\\\/www.mpc.pr.gov.br\\\/index.php\\\/arquivamento-de-representacao-sobre-coletes-balisticos-vencidos-e-questionado-pelo-mpc-pr\\\/#breadcrumb\",\"itemListElement\":[{\"@type\":\"ListItem\",\"position\":1,\"name\":\"In\u00edcio\",\"item\":\"https:\\\/\\\/www.mpc.pr.gov.br\\\/\"},{\"@type\":\"ListItem\",\"position\":2,\"name\":\"Arquivamento de Representa\u00e7\u00e3o sobre coletes bal\u00edsticos vencidos \u00e9 questionado pelo MP de Contas\"}]},{\"@type\":\"WebSite\",\"@id\":\"https:\\\/\\\/www.mpc.pr.gov.br\\\/#website\",\"url\":\"https:\\\/\\\/www.mpc.pr.gov.br\\\/\",\"name\":\"Minist\u00e9rio P\u00fablico de Contas do Estado do Paran\u00e1\",\"description\":\"\",\"publisher\":{\"@id\":\"https:\\\/\\\/www.mpc.pr.gov.br\\\/#organization\"},\"potentialAction\":[{\"@type\":\"SearchAction\",\"target\":{\"@type\":\"EntryPoint\",\"urlTemplate\":\"https:\\\/\\\/www.mpc.pr.gov.br\\\/?s={search_term_string}\"},\"query-input\":{\"@type\":\"PropertyValueSpecification\",\"valueRequired\":true,\"valueName\":\"search_term_string\"}}],\"inLanguage\":\"pt-BR\"},{\"@type\":\"Organization\",\"@id\":\"https:\\\/\\\/www.mpc.pr.gov.br\\\/#organization\",\"name\":\"Minist\u00e9rio P\u00fablico de Contas do Estado do Paran\u00e1\",\"url\":\"https:\\\/\\\/www.mpc.pr.gov.br\\\/\",\"logo\":{\"@type\":\"ImageObject\",\"inLanguage\":\"pt-BR\",\"@id\":\"https:\\\/\\\/www.mpc.pr.gov.br\\\/#\\\/schema\\\/logo\\\/image\\\/\",\"url\":\"https:\\\/\\\/www.mpc.pr.gov.br\\\/wp-content\\\/uploads\\\/2020\\\/06\\\/99423647_1593460364143890_6706793420720963584_n-1-e1591387983167.png\",\"contentUrl\":\"https:\\\/\\\/www.mpc.pr.gov.br\\\/wp-content\\\/uploads\\\/2020\\\/06\\\/99423647_1593460364143890_6706793420720963584_n-1-e1591387983167.png\",\"width\":243,\"height\":73,\"caption\":\"Minist\u00e9rio P\u00fablico de Contas do Estado do Paran\u00e1\"},\"image\":{\"@id\":\"https:\\\/\\\/www.mpc.pr.gov.br\\\/#\\\/schema\\\/logo\\\/image\\\/\"},\"sameAs\":[\"https:\\\/\\\/www.facebook.com\\\/mpc.pr\",\"https:\\\/\\\/www.instagram.com\\\/mpc.pr\\\/?hl=pt-br\",\"https:\\\/\\\/www.youtube.com\\\/channel\\\/UCHri5oEM8DV0ztX57E0sBSw\"]},{\"@type\":\"Person\",\"@id\":\"https:\\\/\\\/www.mpc.pr.gov.br\\\/#\\\/schema\\\/person\\\/e6db2baa689b9b3b9e704ac0d26f7d3e\",\"name\":\"michael.reiner\",\"image\":{\"@type\":\"ImageObject\",\"inLanguage\":\"pt-BR\",\"@id\":\"https:\\\/\\\/secure.gravatar.com\\\/avatar\\\/?s=96&d=mm&r=g\",\"url\":\"https:\\\/\\\/secure.gravatar.com\\\/avatar\\\/?s=96&d=mm&r=g\",\"contentUrl\":\"https:\\\/\\\/secure.gravatar.com\\\/avatar\\\/?s=96&d=mm&r=g\",\"caption\":\"michael.reiner\"}}]}<\/script>\n<!-- \/ Yoast SEO plugin. -->","yoast_head_json":{"title":"Arquivamento de Representa\u00e7\u00e3o sobre coletes bal\u00edsticos vencidos \u00e9 questionado pelo MP de Contas - Minist\u00e9rio P\u00fablico de Contas do Estado do Paran\u00e1","robots":{"index":"index","follow":"follow","max-snippet":"max-snippet:-1","max-image-preview":"max-image-preview:large","max-video-preview":"max-video-preview:-1"},"canonical":"https:\/\/www.mpc.pr.gov.br\/index.php\/arquivamento-de-representacao-sobre-coletes-balisticos-vencidos-e-questionado-pelo-mpc-pr\/","og_locale":"pt_BR","og_type":"article","og_title":"Arquivamento de Representa\u00e7\u00e3o sobre coletes bal\u00edsticos vencidos \u00e9 questionado pelo MP de Contas - Minist\u00e9rio P\u00fablico de Contas do Estado do Paran\u00e1","og_description":"O Minist\u00e9rio P\u00fablico de Contas do Paran\u00e1 (MPC-PR), por meio de sua 5.\u00aa Procuradoria, recorreu de decis\u00e3o que promoveu o encerramento de Representa\u00e7\u00e3o que exp\u00f5e problemas na aquisi\u00e7\u00e3o e utiliza\u00e7\u00e3o de coletes bal\u00edsticos pelas Pol\u00edcias Civil e Militar do Estado do Paran\u00e1 (prot. 305698\/16). A Representa\u00e7\u00e3o, cuja substitui\u00e7\u00e3o da autoria pelo MPC se deu ap\u00f3s [&hellip;]","og_url":"https:\/\/www.mpc.pr.gov.br\/index.php\/arquivamento-de-representacao-sobre-coletes-balisticos-vencidos-e-questionado-pelo-mpc-pr\/","og_site_name":"Minist\u00e9rio P\u00fablico de Contas do Estado do Paran\u00e1","article_publisher":"https:\/\/www.facebook.com\/mpc.pr","article_published_time":"2017-07-14T00:12:23+00:00","author":"michael.reiner","twitter_card":"summary_large_image","twitter_misc":{"Escrito por":"michael.reiner","Est. tempo de leitura":"2 minutos"},"schema":{"@context":"https:\/\/schema.org","@graph":[{"@type":"Article","@id":"https:\/\/www.mpc.pr.gov.br\/index.php\/arquivamento-de-representacao-sobre-coletes-balisticos-vencidos-e-questionado-pelo-mpc-pr\/#article","isPartOf":{"@id":"https:\/\/www.mpc.pr.gov.br\/index.php\/arquivamento-de-representacao-sobre-coletes-balisticos-vencidos-e-questionado-pelo-mpc-pr\/"},"author":{"name":"michael.reiner","@id":"https:\/\/www.mpc.pr.gov.br\/#\/schema\/person\/e6db2baa689b9b3b9e704ac0d26f7d3e"},"headline":"Arquivamento de Representa\u00e7\u00e3o sobre coletes bal\u00edsticos vencidos \u00e9 questionado pelo MP de Contas","datePublished":"2017-07-14T00:12:23+00:00","mainEntityOfPage":{"@id":"https:\/\/www.mpc.pr.gov.br\/index.php\/arquivamento-de-representacao-sobre-coletes-balisticos-vencidos-e-questionado-pelo-mpc-pr\/"},"wordCount":464,"commentCount":0,"publisher":{"@id":"https:\/\/www.mpc.pr.gov.br\/#organization"},"image":{"@id":"https:\/\/www.mpc.pr.gov.br\/index.php\/arquivamento-de-representacao-sobre-coletes-balisticos-vencidos-e-questionado-pelo-mpc-pr\/#primaryimage"},"thumbnailUrl":"","articleSection":["Todas as not\u00edcias","\u00daltimas not\u00edcias"],"inLanguage":"pt-BR","potentialAction":[{"@type":"CommentAction","name":"Comment","target":["https:\/\/www.mpc.pr.gov.br\/index.php\/arquivamento-de-representacao-sobre-coletes-balisticos-vencidos-e-questionado-pelo-mpc-pr\/#respond"]}]},{"@type":"WebPage","@id":"https:\/\/www.mpc.pr.gov.br\/index.php\/arquivamento-de-representacao-sobre-coletes-balisticos-vencidos-e-questionado-pelo-mpc-pr\/","url":"https:\/\/www.mpc.pr.gov.br\/index.php\/arquivamento-de-representacao-sobre-coletes-balisticos-vencidos-e-questionado-pelo-mpc-pr\/","name":"Arquivamento de Representa\u00e7\u00e3o sobre coletes bal\u00edsticos vencidos \u00e9 questionado pelo MP de Contas - Minist\u00e9rio P\u00fablico de Contas do Estado do Paran\u00e1","isPartOf":{"@id":"https:\/\/www.mpc.pr.gov.br\/#website"},"primaryImageOfPage":{"@id":"https:\/\/www.mpc.pr.gov.br\/index.php\/arquivamento-de-representacao-sobre-coletes-balisticos-vencidos-e-questionado-pelo-mpc-pr\/#primaryimage"},"image":{"@id":"https:\/\/www.mpc.pr.gov.br\/index.php\/arquivamento-de-representacao-sobre-coletes-balisticos-vencidos-e-questionado-pelo-mpc-pr\/#primaryimage"},"thumbnailUrl":"","datePublished":"2017-07-14T00:12:23+00:00","breadcrumb":{"@id":"https:\/\/www.mpc.pr.gov.br\/index.php\/arquivamento-de-representacao-sobre-coletes-balisticos-vencidos-e-questionado-pelo-mpc-pr\/#breadcrumb"},"inLanguage":"pt-BR","potentialAction":[{"@type":"ReadAction","target":["https:\/\/www.mpc.pr.gov.br\/index.php\/arquivamento-de-representacao-sobre-coletes-balisticos-vencidos-e-questionado-pelo-mpc-pr\/"]}]},{"@type":"ImageObject","inLanguage":"pt-BR","@id":"https:\/\/www.mpc.pr.gov.br\/index.php\/arquivamento-de-representacao-sobre-coletes-balisticos-vencidos-e-questionado-pelo-mpc-pr\/#primaryimage","url":"","contentUrl":""},{"@type":"BreadcrumbList","@id":"https:\/\/www.mpc.pr.gov.br\/index.php\/arquivamento-de-representacao-sobre-coletes-balisticos-vencidos-e-questionado-pelo-mpc-pr\/#breadcrumb","itemListElement":[{"@type":"ListItem","position":1,"name":"In\u00edcio","item":"https:\/\/www.mpc.pr.gov.br\/"},{"@type":"ListItem","position":2,"name":"Arquivamento de Representa\u00e7\u00e3o sobre coletes bal\u00edsticos vencidos \u00e9 questionado pelo MP de Contas"}]},{"@type":"WebSite","@id":"https:\/\/www.mpc.pr.gov.br\/#website","url":"https:\/\/www.mpc.pr.gov.br\/","name":"Minist\u00e9rio P\u00fablico de Contas do Estado do Paran\u00e1","description":"","publisher":{"@id":"https:\/\/www.mpc.pr.gov.br\/#organization"},"potentialAction":[{"@type":"SearchAction","target":{"@type":"EntryPoint","urlTemplate":"https:\/\/www.mpc.pr.gov.br\/?s={search_term_string}"},"query-input":{"@type":"PropertyValueSpecification","valueRequired":true,"valueName":"search_term_string"}}],"inLanguage":"pt-BR"},{"@type":"Organization","@id":"https:\/\/www.mpc.pr.gov.br\/#organization","name":"Minist\u00e9rio P\u00fablico de Contas do Estado do Paran\u00e1","url":"https:\/\/www.mpc.pr.gov.br\/","logo":{"@type":"ImageObject","inLanguage":"pt-BR","@id":"https:\/\/www.mpc.pr.gov.br\/#\/schema\/logo\/image\/","url":"https:\/\/www.mpc.pr.gov.br\/wp-content\/uploads\/2020\/06\/99423647_1593460364143890_6706793420720963584_n-1-e1591387983167.png","contentUrl":"https:\/\/www.mpc.pr.gov.br\/wp-content\/uploads\/2020\/06\/99423647_1593460364143890_6706793420720963584_n-1-e1591387983167.png","width":243,"height":73,"caption":"Minist\u00e9rio P\u00fablico de Contas do Estado do Paran\u00e1"},"image":{"@id":"https:\/\/www.mpc.pr.gov.br\/#\/schema\/logo\/image\/"},"sameAs":["https:\/\/www.facebook.com\/mpc.pr","https:\/\/www.instagram.com\/mpc.pr\/?hl=pt-br","https:\/\/www.youtube.com\/channel\/UCHri5oEM8DV0ztX57E0sBSw"]},{"@type":"Person","@id":"https:\/\/www.mpc.pr.gov.br\/#\/schema\/person\/e6db2baa689b9b3b9e704ac0d26f7d3e","name":"michael.reiner","image":{"@type":"ImageObject","inLanguage":"pt-BR","@id":"https:\/\/secure.gravatar.com\/avatar\/?s=96&d=mm&r=g","url":"https:\/\/secure.gravatar.com\/avatar\/?s=96&d=mm&r=g","contentUrl":"https:\/\/secure.gravatar.com\/avatar\/?s=96&d=mm&r=g","caption":"michael.reiner"}}]}},"rttpg_featured_image_url":null,"rttpg_author":{"display_name":"michael.reiner","author_link":"https:\/\/www.mpc.pr.gov.br\/index.php\/author\/michael-reiner\/"},"rttpg_comment":0,"rttpg_category":"<a href=\"https:\/\/www.mpc.pr.gov.br\/index.php\/category\/todas-as-noticias\/\" rel=\"category tag\">Todas as not\u00edcias<\/a> <a href=\"https:\/\/www.mpc.pr.gov.br\/index.php\/category\/ultimas-noticias\/\" rel=\"category tag\">\u00daltimas not\u00edcias<\/a>","rttpg_excerpt":"O Minist\u00e9rio P\u00fablico de Contas do Paran\u00e1 (MPC-PR), por meio de sua 5.\u00aa Procuradoria, recorreu de decis\u00e3o que promoveu o encerramento de Representa\u00e7\u00e3o que exp\u00f5e problemas na aquisi\u00e7\u00e3o e utiliza\u00e7\u00e3o de coletes bal\u00edsticos pelas Pol\u00edcias Civil e Militar do Estado do Paran\u00e1 (prot. 305698\/16). A Representa\u00e7\u00e3o, cuja substitui\u00e7\u00e3o da autoria pelo MPC se deu ap\u00f3s&hellip;","_links":{"self":[{"href":"https:\/\/www.mpc.pr.gov.br\/index.php\/wp-json\/wp\/v2\/posts\/5190","targetHints":{"allow":["GET"]}}],"collection":[{"href":"https:\/\/www.mpc.pr.gov.br\/index.php\/wp-json\/wp\/v2\/posts"}],"about":[{"href":"https:\/\/www.mpc.pr.gov.br\/index.php\/wp-json\/wp\/v2\/types\/post"}],"author":[{"embeddable":true,"href":"https:\/\/www.mpc.pr.gov.br\/index.php\/wp-json\/wp\/v2\/users\/3"}],"replies":[{"embeddable":true,"href":"https:\/\/www.mpc.pr.gov.br\/index.php\/wp-json\/wp\/v2\/comments?post=5190"}],"version-history":[{"count":0,"href":"https:\/\/www.mpc.pr.gov.br\/index.php\/wp-json\/wp\/v2\/posts\/5190\/revisions"}],"wp:featuredmedia":[{"embeddable":true,"href":"https:\/\/www.mpc.pr.gov.br\/index.php\/wp-json\/"}],"wp:attachment":[{"href":"https:\/\/www.mpc.pr.gov.br\/index.php\/wp-json\/wp\/v2\/media?parent=5190"}],"wp:term":[{"taxonomy":"category","embeddable":true,"href":"https:\/\/www.mpc.pr.gov.br\/index.php\/wp-json\/wp\/v2\/categories?post=5190"},{"taxonomy":"post_tag","embeddable":true,"href":"https:\/\/www.mpc.pr.gov.br\/index.php\/wp-json\/wp\/v2\/tags?post=5190"}],"curies":[{"name":"wp","href":"https:\/\/api.w.org\/{rel}","templated":true}]}}