{"id":5332,"date":"2017-09-12T11:23:18","date_gmt":"2017-09-12T14:23:18","guid":{"rendered":"http:\/\/www.mpc.pr.gov.br\/?p=5332"},"modified":"2017-09-12T11:23:18","modified_gmt":"2017-09-12T14:23:18","slug":"tc-tem-pe-atras-com-terceirizacao-da-saude-promovida-por-greca","status":"publish","type":"post","link":"https:\/\/www.mpc.pr.gov.br\/index.php\/tc-tem-pe-atras-com-terceirizacao-da-saude-promovida-por-greca\/","title":{"rendered":"TC tem p\u00e9 atr\u00e1s com \u201cterceiriza\u00e7\u00e3o\u201d da sa\u00fade promovida por Greca"},"content":{"rendered":"<p><img fetchpriority=\"high\" decoding=\"async\" class=\"size-medium wp-image-4309 alignleft\" src=\"http:\/\/www.mpc.pr.gov.br\/wp-content\/uploads\/2016\/07\/15273224-300x200.jpg\" alt=\"\" width=\"300\" height=\"200\" \/>Os procuradores do Tribunal de Contas est\u00e3o com um p\u00e9 atr\u00e1s com a lei que p\u00f5e Organiza\u00e7\u00f5es Sociais para gerir creches e unidades de sa\u00fade em Curitiba. Segundo o procurador-geral do Minist\u00e9rio P\u00fablico de Contas, Fl\u00e1vio Berti, esse tipo de artif\u00edcio tem sido usado por muitas prefeituras, e nem sempre com bons resultados.<\/p>\n<p>Berti, que recebeu na semana passada os vereadores de oposi\u00e7\u00e3o a Rafael Greca, diz que em geral esse uso de entidades privadas come\u00e7a pequeno e vai ganhando corpo, substituindo o servi\u00e7o estatal. N\u00e3o h\u00e1 muita transpar\u00eancia, as taxas muitas vezes s\u00e3o excessivas e nem sempre o servi\u00e7o melhora.<\/p>\n<p>\u201cO problema \u00e9 que o uso de Organiza\u00e7\u00f5es Sociais e Oscips em regra come\u00e7a como exce\u00e7\u00e3o, numa complementariedade com os servi\u00e7os estatais, e acaba virando regra\u201d, diz o procurador. \u201cA consequ\u00eancia \u00e9 que voc\u00ea tem entidades de natureza privada manipulando recursos p\u00fablicos. \u00c9 mais ou menos como se houvesse uma terceiriza\u00e7\u00e3o do or\u00e7amento p\u00fablico, da sua gest\u00e3o\u201d, afirma.<\/p>\n<p>Segundo ele, o Minist\u00e9rio P\u00fablico do Estado e o Minist\u00e9rio P\u00fablico de Contas observam que entidades muitas vezes n\u00e3o t\u00eam transpar\u00eancia, cobram taxas de administra\u00e7\u00e3o excessiva, e acabam se utilizando da m\u00e3o de obra da pr\u00f3pria administra\u00e7\u00e3o p\u00fablica, \u201csem necessidade aparente e sem melhoria na qualidade dos servi\u00e7os\u201d.<\/p>\n<p>No caso da aprova\u00e7\u00e3o da lei de Curitiba, em regime de urg\u00eancia, h\u00e1 o agravante de n\u00e3o terem se ouvido as comiss\u00f5es tem\u00e1ticas, os conselhos e os servidores municipais. \u201cEm resumo, com justificativa de atender seis ou sete situa\u00e7\u00f5es pontuais, aprova-se uma lei com regime de urg\u00eancia sem analisar os impactos que ela ter\u00e1\u201d, diz.<\/p>\n<p>Fonte:\u00a0Blog <a href=\"http:\/\/www.gazetadopovo.com.br\/blogs\/caixa-zero\/flavio-berti-greca-terceirizacao\/\">Caixa Zero<\/a>\u00a0\u2013 Rog\u00e9rio Galindo \/ \u00a0Gazeta do Povo.<\/p>\n","protected":false},"excerpt":{"rendered":"<p>Os procuradores do Tribunal de Contas est\u00e3o com um p\u00e9 atr\u00e1s com a lei que p\u00f5e Organiza\u00e7\u00f5es Sociais para gerir creches e unidades de sa\u00fade em Curitiba. Segundo o procurador-geral do Minist\u00e9rio P\u00fablico de Contas, Fl\u00e1vio Berti, esse tipo de artif\u00edcio tem sido usado por muitas prefeituras, e nem sempre com bons resultados. Berti, que [&hellip;]<\/p>\n","protected":false},"author":5,"featured_media":4407,"comment_status":"open","ping_status":"open","sticky":false,"template":"","format":"standard","meta":{"_monsterinsights_skip_tracking":false,"_monsterinsights_sitenote_active":false,"_monsterinsights_sitenote_note":"","_monsterinsights_sitenote_category":0,"footnotes":""},"categories":[15,7],"tags":[],"class_list":["post-5332","post","type-post","status-publish","format-standard","has-post-thumbnail","hentry","category-noticias-de-interesse","category-todas-as-noticias","entry","has-media"],"yoast_head":"<!-- This site is optimized with the Yoast SEO plugin v27.3 - https:\/\/yoast.com\/product\/yoast-seo-wordpress\/ -->\n<title>TC tem p\u00e9 atr\u00e1s com \u201cterceiriza\u00e7\u00e3o\u201d da sa\u00fade promovida por Greca - Minist\u00e9rio P\u00fablico de Contas do Estado do Paran\u00e1<\/title>\n<meta name=\"robots\" content=\"index, follow, max-snippet:-1, max-image-preview:large, max-video-preview:-1\" \/>\n<link rel=\"canonical\" href=\"https:\/\/www.mpc.pr.gov.br\/index.php\/tc-tem-pe-atras-com-terceirizacao-da-saude-promovida-por-greca\/\" \/>\n<meta property=\"og:locale\" content=\"pt_BR\" \/>\n<meta property=\"og:type\" content=\"article\" \/>\n<meta property=\"og:title\" content=\"TC tem p\u00e9 atr\u00e1s com \u201cterceiriza\u00e7\u00e3o\u201d da sa\u00fade promovida por Greca - Minist\u00e9rio P\u00fablico de Contas do Estado do Paran\u00e1\" \/>\n<meta property=\"og:description\" content=\"Os procuradores do Tribunal de Contas est\u00e3o com um p\u00e9 atr\u00e1s com a lei que p\u00f5e Organiza\u00e7\u00f5es Sociais para gerir creches e unidades de sa\u00fade em Curitiba. Segundo o procurador-geral do Minist\u00e9rio P\u00fablico de Contas, Fl\u00e1vio Berti, esse tipo de artif\u00edcio tem sido usado por muitas prefeituras, e nem sempre com bons resultados. Berti, que [&hellip;]\" \/>\n<meta property=\"og:url\" content=\"https:\/\/www.mpc.pr.gov.br\/index.php\/tc-tem-pe-atras-com-terceirizacao-da-saude-promovida-por-greca\/\" \/>\n<meta property=\"og:site_name\" content=\"Minist\u00e9rio P\u00fablico de Contas do Estado do Paran\u00e1\" \/>\n<meta property=\"article:publisher\" content=\"https:\/\/www.facebook.com\/mpc.pr\" \/>\n<meta property=\"article:published_time\" content=\"2017-09-12T14:23:18+00:00\" \/>\n<meta name=\"author\" content=\"giovanna.faria\" \/>\n<meta name=\"twitter:card\" content=\"summary_large_image\" \/>\n<meta name=\"twitter:label1\" content=\"Escrito por\" \/>\n\t<meta name=\"twitter:data1\" content=\"giovanna.faria\" \/>\n\t<meta name=\"twitter:label2\" content=\"Est. tempo de leitura\" \/>\n\t<meta name=\"twitter:data2\" content=\"2 minutos\" \/>\n<script type=\"application\/ld+json\" class=\"yoast-schema-graph\">{\"@context\":\"https:\\\/\\\/schema.org\",\"@graph\":[{\"@type\":\"Article\",\"@id\":\"https:\\\/\\\/www.mpc.pr.gov.br\\\/index.php\\\/tc-tem-pe-atras-com-terceirizacao-da-saude-promovida-por-greca\\\/#article\",\"isPartOf\":{\"@id\":\"https:\\\/\\\/www.mpc.pr.gov.br\\\/index.php\\\/tc-tem-pe-atras-com-terceirizacao-da-saude-promovida-por-greca\\\/\"},\"author\":{\"name\":\"giovanna.faria\",\"@id\":\"https:\\\/\\\/www.mpc.pr.gov.br\\\/#\\\/schema\\\/person\\\/d0c5cf9ebb4d8be833c419f3538cf751\"},\"headline\":\"TC tem p\u00e9 atr\u00e1s com \u201cterceiriza\u00e7\u00e3o\u201d da sa\u00fade promovida por Greca\",\"datePublished\":\"2017-09-12T14:23:18+00:00\",\"mainEntityOfPage\":{\"@id\":\"https:\\\/\\\/www.mpc.pr.gov.br\\\/index.php\\\/tc-tem-pe-atras-com-terceirizacao-da-saude-promovida-por-greca\\\/\"},\"wordCount\":329,\"commentCount\":0,\"publisher\":{\"@id\":\"https:\\\/\\\/www.mpc.pr.gov.br\\\/#organization\"},\"image\":{\"@id\":\"https:\\\/\\\/www.mpc.pr.gov.br\\\/index.php\\\/tc-tem-pe-atras-com-terceirizacao-da-saude-promovida-por-greca\\\/#primaryimage\"},\"thumbnailUrl\":\"\",\"articleSection\":[\"Not\u00edcias de Interesse\",\"Todas as not\u00edcias\"],\"inLanguage\":\"pt-BR\",\"potentialAction\":[{\"@type\":\"CommentAction\",\"name\":\"Comment\",\"target\":[\"https:\\\/\\\/www.mpc.pr.gov.br\\\/index.php\\\/tc-tem-pe-atras-com-terceirizacao-da-saude-promovida-por-greca\\\/#respond\"]}]},{\"@type\":\"WebPage\",\"@id\":\"https:\\\/\\\/www.mpc.pr.gov.br\\\/index.php\\\/tc-tem-pe-atras-com-terceirizacao-da-saude-promovida-por-greca\\\/\",\"url\":\"https:\\\/\\\/www.mpc.pr.gov.br\\\/index.php\\\/tc-tem-pe-atras-com-terceirizacao-da-saude-promovida-por-greca\\\/\",\"name\":\"TC tem p\u00e9 atr\u00e1s com \u201cterceiriza\u00e7\u00e3o\u201d da sa\u00fade promovida por Greca - Minist\u00e9rio P\u00fablico de Contas do Estado do Paran\u00e1\",\"isPartOf\":{\"@id\":\"https:\\\/\\\/www.mpc.pr.gov.br\\\/#website\"},\"primaryImageOfPage\":{\"@id\":\"https:\\\/\\\/www.mpc.pr.gov.br\\\/index.php\\\/tc-tem-pe-atras-com-terceirizacao-da-saude-promovida-por-greca\\\/#primaryimage\"},\"image\":{\"@id\":\"https:\\\/\\\/www.mpc.pr.gov.br\\\/index.php\\\/tc-tem-pe-atras-com-terceirizacao-da-saude-promovida-por-greca\\\/#primaryimage\"},\"thumbnailUrl\":\"\",\"datePublished\":\"2017-09-12T14:23:18+00:00\",\"breadcrumb\":{\"@id\":\"https:\\\/\\\/www.mpc.pr.gov.br\\\/index.php\\\/tc-tem-pe-atras-com-terceirizacao-da-saude-promovida-por-greca\\\/#breadcrumb\"},\"inLanguage\":\"pt-BR\",\"potentialAction\":[{\"@type\":\"ReadAction\",\"target\":[\"https:\\\/\\\/www.mpc.pr.gov.br\\\/index.php\\\/tc-tem-pe-atras-com-terceirizacao-da-saude-promovida-por-greca\\\/\"]}]},{\"@type\":\"ImageObject\",\"inLanguage\":\"pt-BR\",\"@id\":\"https:\\\/\\\/www.mpc.pr.gov.br\\\/index.php\\\/tc-tem-pe-atras-com-terceirizacao-da-saude-promovida-por-greca\\\/#primaryimage\",\"url\":\"\",\"contentUrl\":\"\"},{\"@type\":\"BreadcrumbList\",\"@id\":\"https:\\\/\\\/www.mpc.pr.gov.br\\\/index.php\\\/tc-tem-pe-atras-com-terceirizacao-da-saude-promovida-por-greca\\\/#breadcrumb\",\"itemListElement\":[{\"@type\":\"ListItem\",\"position\":1,\"name\":\"In\u00edcio\",\"item\":\"https:\\\/\\\/www.mpc.pr.gov.br\\\/\"},{\"@type\":\"ListItem\",\"position\":2,\"name\":\"TC tem p\u00e9 atr\u00e1s com \u201cterceiriza\u00e7\u00e3o\u201d da sa\u00fade promovida por Greca\"}]},{\"@type\":\"WebSite\",\"@id\":\"https:\\\/\\\/www.mpc.pr.gov.br\\\/#website\",\"url\":\"https:\\\/\\\/www.mpc.pr.gov.br\\\/\",\"name\":\"Minist\u00e9rio P\u00fablico de Contas do Estado do Paran\u00e1\",\"description\":\"\",\"publisher\":{\"@id\":\"https:\\\/\\\/www.mpc.pr.gov.br\\\/#organization\"},\"potentialAction\":[{\"@type\":\"SearchAction\",\"target\":{\"@type\":\"EntryPoint\",\"urlTemplate\":\"https:\\\/\\\/www.mpc.pr.gov.br\\\/?s={search_term_string}\"},\"query-input\":{\"@type\":\"PropertyValueSpecification\",\"valueRequired\":true,\"valueName\":\"search_term_string\"}}],\"inLanguage\":\"pt-BR\"},{\"@type\":\"Organization\",\"@id\":\"https:\\\/\\\/www.mpc.pr.gov.br\\\/#organization\",\"name\":\"Minist\u00e9rio P\u00fablico de Contas do Estado do Paran\u00e1\",\"url\":\"https:\\\/\\\/www.mpc.pr.gov.br\\\/\",\"logo\":{\"@type\":\"ImageObject\",\"inLanguage\":\"pt-BR\",\"@id\":\"https:\\\/\\\/www.mpc.pr.gov.br\\\/#\\\/schema\\\/logo\\\/image\\\/\",\"url\":\"https:\\\/\\\/www.mpc.pr.gov.br\\\/wp-content\\\/uploads\\\/2020\\\/06\\\/99423647_1593460364143890_6706793420720963584_n-1-e1591387983167.png\",\"contentUrl\":\"https:\\\/\\\/www.mpc.pr.gov.br\\\/wp-content\\\/uploads\\\/2020\\\/06\\\/99423647_1593460364143890_6706793420720963584_n-1-e1591387983167.png\",\"width\":243,\"height\":73,\"caption\":\"Minist\u00e9rio P\u00fablico de Contas do Estado do Paran\u00e1\"},\"image\":{\"@id\":\"https:\\\/\\\/www.mpc.pr.gov.br\\\/#\\\/schema\\\/logo\\\/image\\\/\"},\"sameAs\":[\"https:\\\/\\\/www.facebook.com\\\/mpc.pr\",\"https:\\\/\\\/www.instagram.com\\\/mpc.pr\\\/?hl=pt-br\",\"https:\\\/\\\/www.youtube.com\\\/channel\\\/UCHri5oEM8DV0ztX57E0sBSw\"]},{\"@type\":\"Person\",\"@id\":\"https:\\\/\\\/www.mpc.pr.gov.br\\\/#\\\/schema\\\/person\\\/d0c5cf9ebb4d8be833c419f3538cf751\",\"name\":\"giovanna.faria\",\"image\":{\"@type\":\"ImageObject\",\"inLanguage\":\"pt-BR\",\"@id\":\"https:\\\/\\\/secure.gravatar.com\\\/avatar\\\/?s=96&d=mm&r=g\",\"url\":\"https:\\\/\\\/secure.gravatar.com\\\/avatar\\\/?s=96&d=mm&r=g\",\"contentUrl\":\"https:\\\/\\\/secure.gravatar.com\\\/avatar\\\/?s=96&d=mm&r=g\",\"caption\":\"giovanna.faria\"}}]}<\/script>\n<!-- \/ Yoast SEO plugin. -->","yoast_head_json":{"title":"TC tem p\u00e9 atr\u00e1s com \u201cterceiriza\u00e7\u00e3o\u201d da sa\u00fade promovida por Greca - Minist\u00e9rio P\u00fablico de Contas do Estado do Paran\u00e1","robots":{"index":"index","follow":"follow","max-snippet":"max-snippet:-1","max-image-preview":"max-image-preview:large","max-video-preview":"max-video-preview:-1"},"canonical":"https:\/\/www.mpc.pr.gov.br\/index.php\/tc-tem-pe-atras-com-terceirizacao-da-saude-promovida-por-greca\/","og_locale":"pt_BR","og_type":"article","og_title":"TC tem p\u00e9 atr\u00e1s com \u201cterceiriza\u00e7\u00e3o\u201d da sa\u00fade promovida por Greca - Minist\u00e9rio P\u00fablico de Contas do Estado do Paran\u00e1","og_description":"Os procuradores do Tribunal de Contas est\u00e3o com um p\u00e9 atr\u00e1s com a lei que p\u00f5e Organiza\u00e7\u00f5es Sociais para gerir creches e unidades de sa\u00fade em Curitiba. Segundo o procurador-geral do Minist\u00e9rio P\u00fablico de Contas, Fl\u00e1vio Berti, esse tipo de artif\u00edcio tem sido usado por muitas prefeituras, e nem sempre com bons resultados. Berti, que [&hellip;]","og_url":"https:\/\/www.mpc.pr.gov.br\/index.php\/tc-tem-pe-atras-com-terceirizacao-da-saude-promovida-por-greca\/","og_site_name":"Minist\u00e9rio P\u00fablico de Contas do Estado do Paran\u00e1","article_publisher":"https:\/\/www.facebook.com\/mpc.pr","article_published_time":"2017-09-12T14:23:18+00:00","author":"giovanna.faria","twitter_card":"summary_large_image","twitter_misc":{"Escrito por":"giovanna.faria","Est. tempo de leitura":"2 minutos"},"schema":{"@context":"https:\/\/schema.org","@graph":[{"@type":"Article","@id":"https:\/\/www.mpc.pr.gov.br\/index.php\/tc-tem-pe-atras-com-terceirizacao-da-saude-promovida-por-greca\/#article","isPartOf":{"@id":"https:\/\/www.mpc.pr.gov.br\/index.php\/tc-tem-pe-atras-com-terceirizacao-da-saude-promovida-por-greca\/"},"author":{"name":"giovanna.faria","@id":"https:\/\/www.mpc.pr.gov.br\/#\/schema\/person\/d0c5cf9ebb4d8be833c419f3538cf751"},"headline":"TC tem p\u00e9 atr\u00e1s com \u201cterceiriza\u00e7\u00e3o\u201d da sa\u00fade promovida por Greca","datePublished":"2017-09-12T14:23:18+00:00","mainEntityOfPage":{"@id":"https:\/\/www.mpc.pr.gov.br\/index.php\/tc-tem-pe-atras-com-terceirizacao-da-saude-promovida-por-greca\/"},"wordCount":329,"commentCount":0,"publisher":{"@id":"https:\/\/www.mpc.pr.gov.br\/#organization"},"image":{"@id":"https:\/\/www.mpc.pr.gov.br\/index.php\/tc-tem-pe-atras-com-terceirizacao-da-saude-promovida-por-greca\/#primaryimage"},"thumbnailUrl":"","articleSection":["Not\u00edcias de Interesse","Todas as not\u00edcias"],"inLanguage":"pt-BR","potentialAction":[{"@type":"CommentAction","name":"Comment","target":["https:\/\/www.mpc.pr.gov.br\/index.php\/tc-tem-pe-atras-com-terceirizacao-da-saude-promovida-por-greca\/#respond"]}]},{"@type":"WebPage","@id":"https:\/\/www.mpc.pr.gov.br\/index.php\/tc-tem-pe-atras-com-terceirizacao-da-saude-promovida-por-greca\/","url":"https:\/\/www.mpc.pr.gov.br\/index.php\/tc-tem-pe-atras-com-terceirizacao-da-saude-promovida-por-greca\/","name":"TC tem p\u00e9 atr\u00e1s com \u201cterceiriza\u00e7\u00e3o\u201d da sa\u00fade promovida por Greca - Minist\u00e9rio P\u00fablico de Contas do Estado do Paran\u00e1","isPartOf":{"@id":"https:\/\/www.mpc.pr.gov.br\/#website"},"primaryImageOfPage":{"@id":"https:\/\/www.mpc.pr.gov.br\/index.php\/tc-tem-pe-atras-com-terceirizacao-da-saude-promovida-por-greca\/#primaryimage"},"image":{"@id":"https:\/\/www.mpc.pr.gov.br\/index.php\/tc-tem-pe-atras-com-terceirizacao-da-saude-promovida-por-greca\/#primaryimage"},"thumbnailUrl":"","datePublished":"2017-09-12T14:23:18+00:00","breadcrumb":{"@id":"https:\/\/www.mpc.pr.gov.br\/index.php\/tc-tem-pe-atras-com-terceirizacao-da-saude-promovida-por-greca\/#breadcrumb"},"inLanguage":"pt-BR","potentialAction":[{"@type":"ReadAction","target":["https:\/\/www.mpc.pr.gov.br\/index.php\/tc-tem-pe-atras-com-terceirizacao-da-saude-promovida-por-greca\/"]}]},{"@type":"ImageObject","inLanguage":"pt-BR","@id":"https:\/\/www.mpc.pr.gov.br\/index.php\/tc-tem-pe-atras-com-terceirizacao-da-saude-promovida-por-greca\/#primaryimage","url":"","contentUrl":""},{"@type":"BreadcrumbList","@id":"https:\/\/www.mpc.pr.gov.br\/index.php\/tc-tem-pe-atras-com-terceirizacao-da-saude-promovida-por-greca\/#breadcrumb","itemListElement":[{"@type":"ListItem","position":1,"name":"In\u00edcio","item":"https:\/\/www.mpc.pr.gov.br\/"},{"@type":"ListItem","position":2,"name":"TC tem p\u00e9 atr\u00e1s com \u201cterceiriza\u00e7\u00e3o\u201d da sa\u00fade promovida por Greca"}]},{"@type":"WebSite","@id":"https:\/\/www.mpc.pr.gov.br\/#website","url":"https:\/\/www.mpc.pr.gov.br\/","name":"Minist\u00e9rio P\u00fablico de Contas do Estado do Paran\u00e1","description":"","publisher":{"@id":"https:\/\/www.mpc.pr.gov.br\/#organization"},"potentialAction":[{"@type":"SearchAction","target":{"@type":"EntryPoint","urlTemplate":"https:\/\/www.mpc.pr.gov.br\/?s={search_term_string}"},"query-input":{"@type":"PropertyValueSpecification","valueRequired":true,"valueName":"search_term_string"}}],"inLanguage":"pt-BR"},{"@type":"Organization","@id":"https:\/\/www.mpc.pr.gov.br\/#organization","name":"Minist\u00e9rio P\u00fablico de Contas do Estado do Paran\u00e1","url":"https:\/\/www.mpc.pr.gov.br\/","logo":{"@type":"ImageObject","inLanguage":"pt-BR","@id":"https:\/\/www.mpc.pr.gov.br\/#\/schema\/logo\/image\/","url":"https:\/\/www.mpc.pr.gov.br\/wp-content\/uploads\/2020\/06\/99423647_1593460364143890_6706793420720963584_n-1-e1591387983167.png","contentUrl":"https:\/\/www.mpc.pr.gov.br\/wp-content\/uploads\/2020\/06\/99423647_1593460364143890_6706793420720963584_n-1-e1591387983167.png","width":243,"height":73,"caption":"Minist\u00e9rio P\u00fablico de Contas do Estado do Paran\u00e1"},"image":{"@id":"https:\/\/www.mpc.pr.gov.br\/#\/schema\/logo\/image\/"},"sameAs":["https:\/\/www.facebook.com\/mpc.pr","https:\/\/www.instagram.com\/mpc.pr\/?hl=pt-br","https:\/\/www.youtube.com\/channel\/UCHri5oEM8DV0ztX57E0sBSw"]},{"@type":"Person","@id":"https:\/\/www.mpc.pr.gov.br\/#\/schema\/person\/d0c5cf9ebb4d8be833c419f3538cf751","name":"giovanna.faria","image":{"@type":"ImageObject","inLanguage":"pt-BR","@id":"https:\/\/secure.gravatar.com\/avatar\/?s=96&d=mm&r=g","url":"https:\/\/secure.gravatar.com\/avatar\/?s=96&d=mm&r=g","contentUrl":"https:\/\/secure.gravatar.com\/avatar\/?s=96&d=mm&r=g","caption":"giovanna.faria"}}]}},"rttpg_featured_image_url":null,"rttpg_author":{"display_name":"giovanna.faria","author_link":"https:\/\/www.mpc.pr.gov.br\/index.php\/author\/giovanna-faria\/"},"rttpg_comment":0,"rttpg_category":"<a href=\"https:\/\/www.mpc.pr.gov.br\/index.php\/category\/noticias-de-interesse\/\" rel=\"category tag\">Not\u00edcias de Interesse<\/a> <a href=\"https:\/\/www.mpc.pr.gov.br\/index.php\/category\/todas-as-noticias\/\" rel=\"category tag\">Todas as not\u00edcias<\/a>","rttpg_excerpt":"Os procuradores do Tribunal de Contas est\u00e3o com um p\u00e9 atr\u00e1s com a lei que p\u00f5e Organiza\u00e7\u00f5es Sociais para gerir creches e unidades de sa\u00fade em Curitiba. Segundo o procurador-geral do Minist\u00e9rio P\u00fablico de Contas, Fl\u00e1vio Berti, esse tipo de artif\u00edcio tem sido usado por muitas prefeituras, e nem sempre com bons resultados. Berti, que&hellip;","_links":{"self":[{"href":"https:\/\/www.mpc.pr.gov.br\/index.php\/wp-json\/wp\/v2\/posts\/5332","targetHints":{"allow":["GET"]}}],"collection":[{"href":"https:\/\/www.mpc.pr.gov.br\/index.php\/wp-json\/wp\/v2\/posts"}],"about":[{"href":"https:\/\/www.mpc.pr.gov.br\/index.php\/wp-json\/wp\/v2\/types\/post"}],"author":[{"embeddable":true,"href":"https:\/\/www.mpc.pr.gov.br\/index.php\/wp-json\/wp\/v2\/users\/5"}],"replies":[{"embeddable":true,"href":"https:\/\/www.mpc.pr.gov.br\/index.php\/wp-json\/wp\/v2\/comments?post=5332"}],"version-history":[{"count":0,"href":"https:\/\/www.mpc.pr.gov.br\/index.php\/wp-json\/wp\/v2\/posts\/5332\/revisions"}],"wp:featuredmedia":[{"embeddable":true,"href":"https:\/\/www.mpc.pr.gov.br\/index.php\/wp-json\/"}],"wp:attachment":[{"href":"https:\/\/www.mpc.pr.gov.br\/index.php\/wp-json\/wp\/v2\/media?parent=5332"}],"wp:term":[{"taxonomy":"category","embeddable":true,"href":"https:\/\/www.mpc.pr.gov.br\/index.php\/wp-json\/wp\/v2\/categories?post=5332"},{"taxonomy":"post_tag","embeddable":true,"href":"https:\/\/www.mpc.pr.gov.br\/index.php\/wp-json\/wp\/v2\/tags?post=5332"}],"curies":[{"name":"wp","href":"https:\/\/api.w.org\/{rel}","templated":true}]}}