{"id":5398,"date":"2017-10-09T11:43:33","date_gmt":"2017-10-09T14:43:33","guid":{"rendered":"http:\/\/www.mpc.pr.gov.br\/?p=5398"},"modified":"2017-10-09T11:43:33","modified_gmt":"2017-10-09T14:43:33","slug":"auditoria-no-municipio-de-nossa-senhora-das-gracas-apontou-uma-serie-de-irregularidades","status":"publish","type":"post","link":"https:\/\/www.mpc.pr.gov.br\/index.php\/auditoria-no-municipio-de-nossa-senhora-das-gracas-apontou-uma-serie-de-irregularidades\/","title":{"rendered":"Auditoria no munic\u00edpio de Nossa Senhora das Gra\u00e7as apontou uma s\u00e9rie de irregularidades"},"content":{"rendered":"<p><img fetchpriority=\"high\" decoding=\"async\" class=\"size-medium wp-image-5399 alignleft\" src=\"http:\/\/www.mpc.pr.gov.br\/wp-content\/uploads\/2017\/10\/00231441-300x223.jpg\" alt=\"\" width=\"300\" height=\"223\" \/>A Primeira C\u00e2mara do Tribunal de Contas do Paran\u00e1 (TCE-PR) analisou o relat\u00f3rio de Inspe\u00e7\u00e3o Externa Ordin\u00e1ria realizada junto ao munic\u00edpio de Nossa Senhora das Gra\u00e7as pela Diretoria Jur\u00eddica, que buscou apurar poss\u00edveis irregularidades na \u00e1rea de recursos humanos dos Poderes Executivo e Legislativo, no exerc\u00edcio de 2012.<\/p>\n<p>Ao longo do processo, os documentos juntados aos autos pela C\u00e2mara Municipal sanaram as inconsist\u00eancias quanto ao Poder Legislativo. J\u00e1 em rela\u00e7\u00e3o ao Poder Executivo, foram identificadas as seguintes irregularidades: provimento irregular de cargos em comiss\u00e3o, envolvendo 144 servidores; excesso e desvio de fun\u00e7\u00e3o em cargos de dire\u00e7\u00e3o, chefia e assessoramento; despropor\u00e7\u00e3o entre n\u00famero de cargos de lideran\u00e7a em rela\u00e7\u00e3o ao de subordinados; terceiriza\u00e7\u00e3o de servi\u00e7os permanentes; e casos de nepotismo.<\/p>\n<p>Mesmo ap\u00f3s a expedi\u00e7\u00e3o de determina\u00e7\u00f5es pelo TCE-PR, nenhuma medida foi adotada para regularizar a situa\u00e7\u00e3o. O MP de Contas se manifestou pela proced\u00eancia parcial do Relat\u00f3rio, tendo em vista que as irregularidades identificadas no \u00e2mbito da C\u00e2mara Municipal foram corrigidas, e sugeriu a aplica\u00e7\u00e3o de multas aos ex-Prefeitos do Munic\u00edpio, Sr. Jos\u00e9 Ot\u00e1vio Schiapatti Rigieri (gest\u00e3o 2009\/2012) e Sr. Jo\u00e3o Pineli Pedroso (gest\u00e3o 2013\/2016), bem como ao Presidente da C\u00e2mara \u00e0 \u00e9poca, Sr. Luis Carlos Jonas, al\u00e9m de recomendar o impedimento de obten\u00e7\u00e3o de certid\u00e3o liberat\u00f3ria pela municipalidade.<\/p>\n<p>A Primeira C\u00e2mara acolheu o entendimento do \u00f3rg\u00e3o ministerial e decidiu pela aplica\u00e7\u00e3o de multas aos dois gestores do munic\u00edpio. Tamb\u00e9m determinou que o munic\u00edpio comprove, no prazo de 30 dias, a reestrutura\u00e7\u00e3o administrativa da Prefeitura, com a extin\u00e7\u00e3o de cargos comissionados e de fun\u00e7\u00f5es gratificadas que estejam em desconformidade com a CF.<\/p>\n<p>Ademais, espera-se que seja alterada a Lei Municipal n\u00b0 556\/07, a fim de dispor sobre casos, condi\u00e7\u00f5es e percentuais m\u00ednimos dos cargos em comiss\u00e3o a serem preenchidos por servidores de efetivos; e a Lei Municipal n\u00b0 555\/07, objetivando suprimir o artigo 39, II, que prev\u00ea a possibilidade de mudan\u00e7a de cargos dos servidores sem a devida realiza\u00e7\u00e3o de concurso p\u00fablico, dispositivo que viola a CF.<\/p>\n<p>Por fim, o munic\u00edpio tem o prazo de 30 dias para encaminhar os documentos necess\u00e1rios para o TCE-PR, para que possa ser feita a an\u00e1lise das admiss\u00f5es de todos os servidores efetivos que n\u00e3o tenham registro perante esta Corte de Contas.<\/p>\n<p>Para acessar o Ac\u00f3rd\u00e3o na \u00edntegra, clique <a href=\"http:\/\/www.mpc.pr.gov.br\/wp-content\/uploads\/2017\/10\/Ac\u00f3rd\u00e3o-3449-17.pdf\">aqui<\/a>.<\/p>\n","protected":false},"excerpt":{"rendered":"<p>A Primeira C\u00e2mara do Tribunal de Contas do Paran\u00e1 (TCE-PR) analisou o relat\u00f3rio de Inspe\u00e7\u00e3o Externa Ordin\u00e1ria realizada junto ao munic\u00edpio de Nossa Senhora das Gra\u00e7as pela Diretoria Jur\u00eddica, que buscou apurar poss\u00edveis irregularidades na \u00e1rea de recursos humanos dos Poderes Executivo e Legislativo, no exerc\u00edcio de 2012. Ao longo do processo, os documentos juntados [&hellip;]<\/p>\n","protected":false},"author":5,"featured_media":5399,"comment_status":"open","ping_status":"open","sticky":false,"template":"","format":"standard","meta":{"_monsterinsights_skip_tracking":false,"_monsterinsights_sitenote_active":false,"_monsterinsights_sitenote_note":"","_monsterinsights_sitenote_category":0,"footnotes":""},"categories":[7,14],"tags":[],"class_list":["post-5398","post","type-post","status-publish","format-standard","has-post-thumbnail","hentry","category-todas-as-noticias","category-ultimas-noticias","entry","has-media"],"yoast_head":"<!-- This site is optimized with the Yoast SEO plugin v27.3 - https:\/\/yoast.com\/product\/yoast-seo-wordpress\/ -->\n<title>Auditoria no munic\u00edpio de Nossa Senhora das Gra\u00e7as apontou uma s\u00e9rie de irregularidades - Minist\u00e9rio P\u00fablico de Contas do Estado do Paran\u00e1<\/title>\n<meta name=\"robots\" content=\"index, follow, max-snippet:-1, max-image-preview:large, max-video-preview:-1\" \/>\n<link rel=\"canonical\" href=\"https:\/\/www.mpc.pr.gov.br\/index.php\/auditoria-no-municipio-de-nossa-senhora-das-gracas-apontou-uma-serie-de-irregularidades\/\" \/>\n<meta property=\"og:locale\" content=\"pt_BR\" \/>\n<meta property=\"og:type\" content=\"article\" \/>\n<meta property=\"og:title\" content=\"Auditoria no munic\u00edpio de Nossa Senhora das Gra\u00e7as apontou uma s\u00e9rie de irregularidades - Minist\u00e9rio P\u00fablico de Contas do Estado do Paran\u00e1\" \/>\n<meta property=\"og:description\" content=\"A Primeira C\u00e2mara do Tribunal de Contas do Paran\u00e1 (TCE-PR) analisou o relat\u00f3rio de Inspe\u00e7\u00e3o Externa Ordin\u00e1ria realizada junto ao munic\u00edpio de Nossa Senhora das Gra\u00e7as pela Diretoria Jur\u00eddica, que buscou apurar poss\u00edveis irregularidades na \u00e1rea de recursos humanos dos Poderes Executivo e Legislativo, no exerc\u00edcio de 2012. Ao longo do processo, os documentos juntados [&hellip;]\" \/>\n<meta property=\"og:url\" content=\"https:\/\/www.mpc.pr.gov.br\/index.php\/auditoria-no-municipio-de-nossa-senhora-das-gracas-apontou-uma-serie-de-irregularidades\/\" \/>\n<meta property=\"og:site_name\" content=\"Minist\u00e9rio P\u00fablico de Contas do Estado do Paran\u00e1\" \/>\n<meta property=\"article:publisher\" content=\"https:\/\/www.facebook.com\/mpc.pr\" \/>\n<meta property=\"article:published_time\" content=\"2017-10-09T14:43:33+00:00\" \/>\n<meta name=\"author\" content=\"giovanna.faria\" \/>\n<meta name=\"twitter:card\" content=\"summary_large_image\" \/>\n<meta name=\"twitter:label1\" content=\"Escrito por\" \/>\n\t<meta name=\"twitter:data1\" content=\"giovanna.faria\" \/>\n\t<meta name=\"twitter:label2\" content=\"Est. tempo de leitura\" \/>\n\t<meta name=\"twitter:data2\" content=\"2 minutos\" \/>\n<script type=\"application\/ld+json\" class=\"yoast-schema-graph\">{\"@context\":\"https:\\\/\\\/schema.org\",\"@graph\":[{\"@type\":\"Article\",\"@id\":\"https:\\\/\\\/www.mpc.pr.gov.br\\\/index.php\\\/auditoria-no-municipio-de-nossa-senhora-das-gracas-apontou-uma-serie-de-irregularidades\\\/#article\",\"isPartOf\":{\"@id\":\"https:\\\/\\\/www.mpc.pr.gov.br\\\/index.php\\\/auditoria-no-municipio-de-nossa-senhora-das-gracas-apontou-uma-serie-de-irregularidades\\\/\"},\"author\":{\"name\":\"giovanna.faria\",\"@id\":\"https:\\\/\\\/www.mpc.pr.gov.br\\\/#\\\/schema\\\/person\\\/d0c5cf9ebb4d8be833c419f3538cf751\"},\"headline\":\"Auditoria no munic\u00edpio de Nossa Senhora das Gra\u00e7as apontou uma s\u00e9rie de irregularidades\",\"datePublished\":\"2017-10-09T14:43:33+00:00\",\"mainEntityOfPage\":{\"@id\":\"https:\\\/\\\/www.mpc.pr.gov.br\\\/index.php\\\/auditoria-no-municipio-de-nossa-senhora-das-gracas-apontou-uma-serie-de-irregularidades\\\/\"},\"wordCount\":442,\"commentCount\":0,\"publisher\":{\"@id\":\"https:\\\/\\\/www.mpc.pr.gov.br\\\/#organization\"},\"image\":{\"@id\":\"https:\\\/\\\/www.mpc.pr.gov.br\\\/index.php\\\/auditoria-no-municipio-de-nossa-senhora-das-gracas-apontou-uma-serie-de-irregularidades\\\/#primaryimage\"},\"thumbnailUrl\":\"\",\"articleSection\":[\"Todas as not\u00edcias\",\"\u00daltimas not\u00edcias\"],\"inLanguage\":\"pt-BR\",\"potentialAction\":[{\"@type\":\"CommentAction\",\"name\":\"Comment\",\"target\":[\"https:\\\/\\\/www.mpc.pr.gov.br\\\/index.php\\\/auditoria-no-municipio-de-nossa-senhora-das-gracas-apontou-uma-serie-de-irregularidades\\\/#respond\"]}]},{\"@type\":\"WebPage\",\"@id\":\"https:\\\/\\\/www.mpc.pr.gov.br\\\/index.php\\\/auditoria-no-municipio-de-nossa-senhora-das-gracas-apontou-uma-serie-de-irregularidades\\\/\",\"url\":\"https:\\\/\\\/www.mpc.pr.gov.br\\\/index.php\\\/auditoria-no-municipio-de-nossa-senhora-das-gracas-apontou-uma-serie-de-irregularidades\\\/\",\"name\":\"Auditoria no munic\u00edpio de Nossa Senhora das Gra\u00e7as apontou uma s\u00e9rie de irregularidades - Minist\u00e9rio P\u00fablico de Contas do Estado do Paran\u00e1\",\"isPartOf\":{\"@id\":\"https:\\\/\\\/www.mpc.pr.gov.br\\\/#website\"},\"primaryImageOfPage\":{\"@id\":\"https:\\\/\\\/www.mpc.pr.gov.br\\\/index.php\\\/auditoria-no-municipio-de-nossa-senhora-das-gracas-apontou-uma-serie-de-irregularidades\\\/#primaryimage\"},\"image\":{\"@id\":\"https:\\\/\\\/www.mpc.pr.gov.br\\\/index.php\\\/auditoria-no-municipio-de-nossa-senhora-das-gracas-apontou-uma-serie-de-irregularidades\\\/#primaryimage\"},\"thumbnailUrl\":\"\",\"datePublished\":\"2017-10-09T14:43:33+00:00\",\"breadcrumb\":{\"@id\":\"https:\\\/\\\/www.mpc.pr.gov.br\\\/index.php\\\/auditoria-no-municipio-de-nossa-senhora-das-gracas-apontou-uma-serie-de-irregularidades\\\/#breadcrumb\"},\"inLanguage\":\"pt-BR\",\"potentialAction\":[{\"@type\":\"ReadAction\",\"target\":[\"https:\\\/\\\/www.mpc.pr.gov.br\\\/index.php\\\/auditoria-no-municipio-de-nossa-senhora-das-gracas-apontou-uma-serie-de-irregularidades\\\/\"]}]},{\"@type\":\"ImageObject\",\"inLanguage\":\"pt-BR\",\"@id\":\"https:\\\/\\\/www.mpc.pr.gov.br\\\/index.php\\\/auditoria-no-municipio-de-nossa-senhora-das-gracas-apontou-uma-serie-de-irregularidades\\\/#primaryimage\",\"url\":\"\",\"contentUrl\":\"\"},{\"@type\":\"BreadcrumbList\",\"@id\":\"https:\\\/\\\/www.mpc.pr.gov.br\\\/index.php\\\/auditoria-no-municipio-de-nossa-senhora-das-gracas-apontou-uma-serie-de-irregularidades\\\/#breadcrumb\",\"itemListElement\":[{\"@type\":\"ListItem\",\"position\":1,\"name\":\"In\u00edcio\",\"item\":\"https:\\\/\\\/www.mpc.pr.gov.br\\\/\"},{\"@type\":\"ListItem\",\"position\":2,\"name\":\"Auditoria no munic\u00edpio de Nossa Senhora das Gra\u00e7as apontou uma s\u00e9rie de irregularidades\"}]},{\"@type\":\"WebSite\",\"@id\":\"https:\\\/\\\/www.mpc.pr.gov.br\\\/#website\",\"url\":\"https:\\\/\\\/www.mpc.pr.gov.br\\\/\",\"name\":\"Minist\u00e9rio P\u00fablico de Contas do Estado do Paran\u00e1\",\"description\":\"\",\"publisher\":{\"@id\":\"https:\\\/\\\/www.mpc.pr.gov.br\\\/#organization\"},\"potentialAction\":[{\"@type\":\"SearchAction\",\"target\":{\"@type\":\"EntryPoint\",\"urlTemplate\":\"https:\\\/\\\/www.mpc.pr.gov.br\\\/?s={search_term_string}\"},\"query-input\":{\"@type\":\"PropertyValueSpecification\",\"valueRequired\":true,\"valueName\":\"search_term_string\"}}],\"inLanguage\":\"pt-BR\"},{\"@type\":\"Organization\",\"@id\":\"https:\\\/\\\/www.mpc.pr.gov.br\\\/#organization\",\"name\":\"Minist\u00e9rio P\u00fablico de Contas do Estado do Paran\u00e1\",\"url\":\"https:\\\/\\\/www.mpc.pr.gov.br\\\/\",\"logo\":{\"@type\":\"ImageObject\",\"inLanguage\":\"pt-BR\",\"@id\":\"https:\\\/\\\/www.mpc.pr.gov.br\\\/#\\\/schema\\\/logo\\\/image\\\/\",\"url\":\"https:\\\/\\\/www.mpc.pr.gov.br\\\/wp-content\\\/uploads\\\/2020\\\/06\\\/99423647_1593460364143890_6706793420720963584_n-1-e1591387983167.png\",\"contentUrl\":\"https:\\\/\\\/www.mpc.pr.gov.br\\\/wp-content\\\/uploads\\\/2020\\\/06\\\/99423647_1593460364143890_6706793420720963584_n-1-e1591387983167.png\",\"width\":243,\"height\":73,\"caption\":\"Minist\u00e9rio P\u00fablico de Contas do Estado do Paran\u00e1\"},\"image\":{\"@id\":\"https:\\\/\\\/www.mpc.pr.gov.br\\\/#\\\/schema\\\/logo\\\/image\\\/\"},\"sameAs\":[\"https:\\\/\\\/www.facebook.com\\\/mpc.pr\",\"https:\\\/\\\/www.instagram.com\\\/mpc.pr\\\/?hl=pt-br\",\"https:\\\/\\\/www.youtube.com\\\/channel\\\/UCHri5oEM8DV0ztX57E0sBSw\"]},{\"@type\":\"Person\",\"@id\":\"https:\\\/\\\/www.mpc.pr.gov.br\\\/#\\\/schema\\\/person\\\/d0c5cf9ebb4d8be833c419f3538cf751\",\"name\":\"giovanna.faria\",\"image\":{\"@type\":\"ImageObject\",\"inLanguage\":\"pt-BR\",\"@id\":\"https:\\\/\\\/secure.gravatar.com\\\/avatar\\\/?s=96&d=mm&r=g\",\"url\":\"https:\\\/\\\/secure.gravatar.com\\\/avatar\\\/?s=96&d=mm&r=g\",\"contentUrl\":\"https:\\\/\\\/secure.gravatar.com\\\/avatar\\\/?s=96&d=mm&r=g\",\"caption\":\"giovanna.faria\"}}]}<\/script>\n<!-- \/ Yoast SEO plugin. -->","yoast_head_json":{"title":"Auditoria no munic\u00edpio de Nossa Senhora das Gra\u00e7as apontou uma s\u00e9rie de irregularidades - Minist\u00e9rio P\u00fablico de Contas do Estado do Paran\u00e1","robots":{"index":"index","follow":"follow","max-snippet":"max-snippet:-1","max-image-preview":"max-image-preview:large","max-video-preview":"max-video-preview:-1"},"canonical":"https:\/\/www.mpc.pr.gov.br\/index.php\/auditoria-no-municipio-de-nossa-senhora-das-gracas-apontou-uma-serie-de-irregularidades\/","og_locale":"pt_BR","og_type":"article","og_title":"Auditoria no munic\u00edpio de Nossa Senhora das Gra\u00e7as apontou uma s\u00e9rie de irregularidades - Minist\u00e9rio P\u00fablico de Contas do Estado do Paran\u00e1","og_description":"A Primeira C\u00e2mara do Tribunal de Contas do Paran\u00e1 (TCE-PR) analisou o relat\u00f3rio de Inspe\u00e7\u00e3o Externa Ordin\u00e1ria realizada junto ao munic\u00edpio de Nossa Senhora das Gra\u00e7as pela Diretoria Jur\u00eddica, que buscou apurar poss\u00edveis irregularidades na \u00e1rea de recursos humanos dos Poderes Executivo e Legislativo, no exerc\u00edcio de 2012. Ao longo do processo, os documentos juntados [&hellip;]","og_url":"https:\/\/www.mpc.pr.gov.br\/index.php\/auditoria-no-municipio-de-nossa-senhora-das-gracas-apontou-uma-serie-de-irregularidades\/","og_site_name":"Minist\u00e9rio P\u00fablico de Contas do Estado do Paran\u00e1","article_publisher":"https:\/\/www.facebook.com\/mpc.pr","article_published_time":"2017-10-09T14:43:33+00:00","author":"giovanna.faria","twitter_card":"summary_large_image","twitter_misc":{"Escrito por":"giovanna.faria","Est. tempo de leitura":"2 minutos"},"schema":{"@context":"https:\/\/schema.org","@graph":[{"@type":"Article","@id":"https:\/\/www.mpc.pr.gov.br\/index.php\/auditoria-no-municipio-de-nossa-senhora-das-gracas-apontou-uma-serie-de-irregularidades\/#article","isPartOf":{"@id":"https:\/\/www.mpc.pr.gov.br\/index.php\/auditoria-no-municipio-de-nossa-senhora-das-gracas-apontou-uma-serie-de-irregularidades\/"},"author":{"name":"giovanna.faria","@id":"https:\/\/www.mpc.pr.gov.br\/#\/schema\/person\/d0c5cf9ebb4d8be833c419f3538cf751"},"headline":"Auditoria no munic\u00edpio de Nossa Senhora das Gra\u00e7as apontou uma s\u00e9rie de irregularidades","datePublished":"2017-10-09T14:43:33+00:00","mainEntityOfPage":{"@id":"https:\/\/www.mpc.pr.gov.br\/index.php\/auditoria-no-municipio-de-nossa-senhora-das-gracas-apontou-uma-serie-de-irregularidades\/"},"wordCount":442,"commentCount":0,"publisher":{"@id":"https:\/\/www.mpc.pr.gov.br\/#organization"},"image":{"@id":"https:\/\/www.mpc.pr.gov.br\/index.php\/auditoria-no-municipio-de-nossa-senhora-das-gracas-apontou-uma-serie-de-irregularidades\/#primaryimage"},"thumbnailUrl":"","articleSection":["Todas as not\u00edcias","\u00daltimas not\u00edcias"],"inLanguage":"pt-BR","potentialAction":[{"@type":"CommentAction","name":"Comment","target":["https:\/\/www.mpc.pr.gov.br\/index.php\/auditoria-no-municipio-de-nossa-senhora-das-gracas-apontou-uma-serie-de-irregularidades\/#respond"]}]},{"@type":"WebPage","@id":"https:\/\/www.mpc.pr.gov.br\/index.php\/auditoria-no-municipio-de-nossa-senhora-das-gracas-apontou-uma-serie-de-irregularidades\/","url":"https:\/\/www.mpc.pr.gov.br\/index.php\/auditoria-no-municipio-de-nossa-senhora-das-gracas-apontou-uma-serie-de-irregularidades\/","name":"Auditoria no munic\u00edpio de Nossa Senhora das Gra\u00e7as apontou uma s\u00e9rie de irregularidades - Minist\u00e9rio P\u00fablico de Contas do Estado do Paran\u00e1","isPartOf":{"@id":"https:\/\/www.mpc.pr.gov.br\/#website"},"primaryImageOfPage":{"@id":"https:\/\/www.mpc.pr.gov.br\/index.php\/auditoria-no-municipio-de-nossa-senhora-das-gracas-apontou-uma-serie-de-irregularidades\/#primaryimage"},"image":{"@id":"https:\/\/www.mpc.pr.gov.br\/index.php\/auditoria-no-municipio-de-nossa-senhora-das-gracas-apontou-uma-serie-de-irregularidades\/#primaryimage"},"thumbnailUrl":"","datePublished":"2017-10-09T14:43:33+00:00","breadcrumb":{"@id":"https:\/\/www.mpc.pr.gov.br\/index.php\/auditoria-no-municipio-de-nossa-senhora-das-gracas-apontou-uma-serie-de-irregularidades\/#breadcrumb"},"inLanguage":"pt-BR","potentialAction":[{"@type":"ReadAction","target":["https:\/\/www.mpc.pr.gov.br\/index.php\/auditoria-no-municipio-de-nossa-senhora-das-gracas-apontou-uma-serie-de-irregularidades\/"]}]},{"@type":"ImageObject","inLanguage":"pt-BR","@id":"https:\/\/www.mpc.pr.gov.br\/index.php\/auditoria-no-municipio-de-nossa-senhora-das-gracas-apontou-uma-serie-de-irregularidades\/#primaryimage","url":"","contentUrl":""},{"@type":"BreadcrumbList","@id":"https:\/\/www.mpc.pr.gov.br\/index.php\/auditoria-no-municipio-de-nossa-senhora-das-gracas-apontou-uma-serie-de-irregularidades\/#breadcrumb","itemListElement":[{"@type":"ListItem","position":1,"name":"In\u00edcio","item":"https:\/\/www.mpc.pr.gov.br\/"},{"@type":"ListItem","position":2,"name":"Auditoria no munic\u00edpio de Nossa Senhora das Gra\u00e7as apontou uma s\u00e9rie de irregularidades"}]},{"@type":"WebSite","@id":"https:\/\/www.mpc.pr.gov.br\/#website","url":"https:\/\/www.mpc.pr.gov.br\/","name":"Minist\u00e9rio P\u00fablico de Contas do Estado do Paran\u00e1","description":"","publisher":{"@id":"https:\/\/www.mpc.pr.gov.br\/#organization"},"potentialAction":[{"@type":"SearchAction","target":{"@type":"EntryPoint","urlTemplate":"https:\/\/www.mpc.pr.gov.br\/?s={search_term_string}"},"query-input":{"@type":"PropertyValueSpecification","valueRequired":true,"valueName":"search_term_string"}}],"inLanguage":"pt-BR"},{"@type":"Organization","@id":"https:\/\/www.mpc.pr.gov.br\/#organization","name":"Minist\u00e9rio P\u00fablico de Contas do Estado do Paran\u00e1","url":"https:\/\/www.mpc.pr.gov.br\/","logo":{"@type":"ImageObject","inLanguage":"pt-BR","@id":"https:\/\/www.mpc.pr.gov.br\/#\/schema\/logo\/image\/","url":"https:\/\/www.mpc.pr.gov.br\/wp-content\/uploads\/2020\/06\/99423647_1593460364143890_6706793420720963584_n-1-e1591387983167.png","contentUrl":"https:\/\/www.mpc.pr.gov.br\/wp-content\/uploads\/2020\/06\/99423647_1593460364143890_6706793420720963584_n-1-e1591387983167.png","width":243,"height":73,"caption":"Minist\u00e9rio P\u00fablico de Contas do Estado do Paran\u00e1"},"image":{"@id":"https:\/\/www.mpc.pr.gov.br\/#\/schema\/logo\/image\/"},"sameAs":["https:\/\/www.facebook.com\/mpc.pr","https:\/\/www.instagram.com\/mpc.pr\/?hl=pt-br","https:\/\/www.youtube.com\/channel\/UCHri5oEM8DV0ztX57E0sBSw"]},{"@type":"Person","@id":"https:\/\/www.mpc.pr.gov.br\/#\/schema\/person\/d0c5cf9ebb4d8be833c419f3538cf751","name":"giovanna.faria","image":{"@type":"ImageObject","inLanguage":"pt-BR","@id":"https:\/\/secure.gravatar.com\/avatar\/?s=96&d=mm&r=g","url":"https:\/\/secure.gravatar.com\/avatar\/?s=96&d=mm&r=g","contentUrl":"https:\/\/secure.gravatar.com\/avatar\/?s=96&d=mm&r=g","caption":"giovanna.faria"}}]}},"rttpg_featured_image_url":null,"rttpg_author":{"display_name":"giovanna.faria","author_link":"https:\/\/www.mpc.pr.gov.br\/index.php\/author\/giovanna-faria\/"},"rttpg_comment":0,"rttpg_category":"<a href=\"https:\/\/www.mpc.pr.gov.br\/index.php\/category\/todas-as-noticias\/\" rel=\"category tag\">Todas as not\u00edcias<\/a> <a href=\"https:\/\/www.mpc.pr.gov.br\/index.php\/category\/ultimas-noticias\/\" rel=\"category tag\">\u00daltimas not\u00edcias<\/a>","rttpg_excerpt":"A Primeira C\u00e2mara do Tribunal de Contas do Paran\u00e1 (TCE-PR) analisou o relat\u00f3rio de Inspe\u00e7\u00e3o Externa Ordin\u00e1ria realizada junto ao munic\u00edpio de Nossa Senhora das Gra\u00e7as pela Diretoria Jur\u00eddica, que buscou apurar poss\u00edveis irregularidades na \u00e1rea de recursos humanos dos Poderes Executivo e Legislativo, no exerc\u00edcio de 2012. Ao longo do processo, os documentos juntados&hellip;","_links":{"self":[{"href":"https:\/\/www.mpc.pr.gov.br\/index.php\/wp-json\/wp\/v2\/posts\/5398","targetHints":{"allow":["GET"]}}],"collection":[{"href":"https:\/\/www.mpc.pr.gov.br\/index.php\/wp-json\/wp\/v2\/posts"}],"about":[{"href":"https:\/\/www.mpc.pr.gov.br\/index.php\/wp-json\/wp\/v2\/types\/post"}],"author":[{"embeddable":true,"href":"https:\/\/www.mpc.pr.gov.br\/index.php\/wp-json\/wp\/v2\/users\/5"}],"replies":[{"embeddable":true,"href":"https:\/\/www.mpc.pr.gov.br\/index.php\/wp-json\/wp\/v2\/comments?post=5398"}],"version-history":[{"count":0,"href":"https:\/\/www.mpc.pr.gov.br\/index.php\/wp-json\/wp\/v2\/posts\/5398\/revisions"}],"wp:featuredmedia":[{"embeddable":true,"href":"https:\/\/www.mpc.pr.gov.br\/index.php\/wp-json\/"}],"wp:attachment":[{"href":"https:\/\/www.mpc.pr.gov.br\/index.php\/wp-json\/wp\/v2\/media?parent=5398"}],"wp:term":[{"taxonomy":"category","embeddable":true,"href":"https:\/\/www.mpc.pr.gov.br\/index.php\/wp-json\/wp\/v2\/categories?post=5398"},{"taxonomy":"post_tag","embeddable":true,"href":"https:\/\/www.mpc.pr.gov.br\/index.php\/wp-json\/wp\/v2\/tags?post=5398"}],"curies":[{"name":"wp","href":"https:\/\/api.w.org\/{rel}","templated":true}]}}