{"id":5406,"date":"2017-10-10T10:23:34","date_gmt":"2017-10-10T13:23:34","guid":{"rendered":"http:\/\/www.mpc.pr.gov.br\/?p=5406"},"modified":"2017-10-10T10:23:34","modified_gmt":"2017-10-10T13:23:34","slug":"cnpgc-divulga-primeiro-relatorio-sobre-atuacao-dos-mps-de-contas-em-auditorias-no-sistema-prisional","status":"publish","type":"post","link":"https:\/\/www.mpc.pr.gov.br\/index.php\/cnpgc-divulga-primeiro-relatorio-sobre-atuacao-dos-mps-de-contas-em-auditorias-no-sistema-prisional\/","title":{"rendered":"CNPGC divulga primeiro relat\u00f3rio sobre atua\u00e7\u00e3o dos MPs de Contas em auditorias no sistema prisional"},"content":{"rendered":"<p><img decoding=\"async\" class=\"size-medium wp-image-5407 alignleft\" src=\"http:\/\/www.mpc.pr.gov.br\/wp-content\/uploads\/2017\/10\/LOGO-CNPGC-564_white-300x149.png\" alt=\"\" width=\"300\" height=\"149\" \/>O Conselho Nacional de Procuradores-Gerais de Contas (CNPGC) lan\u00e7ou o 1\u00b0 Relat\u00f3rio Nacional de Estrat\u00e9gia de Atua\u00e7\u00e3o do Minist\u00e9rio P\u00fablico de Contas Brasileiro em Auditorias no Sistema Prisional.<\/p>\n<p>Os Procuradores-Gerais de Contas, preocupados com os epis\u00f3dios de rebeli\u00e3o e massacres em pres\u00eddios das regi\u00f5es Norte e Nordeste, no final de 2016 e in\u00edcio de 2017, incitaram o CNPGC para a constru\u00e7\u00e3o de uma a\u00e7\u00e3o coordenada de atua\u00e7\u00e3o, com o objetivo de mapear o sistema prisional, avaliar seus custos e propor melhorias.<\/p>\n<p>Criou-se ent\u00e3o uma estrat\u00e9gia nacional do Minist\u00e9rio P\u00fablico de Contas brasileiro para 2017, que consiste na elabora\u00e7\u00e3o de Representa\u00e7\u00f5es junto aos Tribunais de Contas (TCs) respectivos, a fim de serem realizadas auditorias no sistema prisional de todos os Estados das 4 regi\u00f5es que registraram os incidentes de rebeli\u00e3o.<\/p>\n<p>Al\u00e9m da participa\u00e7\u00e3o dos Minist\u00e9rios P\u00fablicos de Contas e do CNPGC, tamb\u00e9m apoiaram a a\u00e7\u00e3o o Presidente da Associa\u00e7\u00e3o dos Membros dos Tribunais de Contas do Brasil (Atricon), o Conselheiro Valdecir Paschoal e os Auditores de Controle Externo do TCU e das federa\u00e7\u00f5es.<\/p>\n<p>O CNPGC afirma o seu compromisso com a causa, entendendo que n\u00e3o basta o oferecimento de Representa\u00e7\u00f5es ou of\u00edcios, mas que \u00e9 fundamental que haja um monitoramento permanente da a\u00e7\u00e3o desenvolvida, de forma que os resultados sejam aproveitados por todos os cidad\u00e3os que, como contribuintes, s\u00e3o respons\u00e1veis pela manuten\u00e7\u00e3o da estrutura das Cortes de Contas em nosso pa\u00eds.<\/p>\n<p>Para acessar o Relat\u00f3rio, clique\u00a0<a href=\"http:\/\/www.mpc.pr.gov.br\/wp-content\/uploads\/2017\/10\/relato\u0301rio-cnpgc-sistema-prisional.pdf\">aqui<\/a>.<\/p>\n","protected":false},"excerpt":{"rendered":"<p>O Conselho Nacional de Procuradores-Gerais de Contas (CNPGC) lan\u00e7ou o 1\u00b0 Relat\u00f3rio Nacional de Estrat\u00e9gia de Atua\u00e7\u00e3o do Minist\u00e9rio P\u00fablico de Contas Brasileiro em Auditorias no Sistema Prisional. Os Procuradores-Gerais de Contas, preocupados com os epis\u00f3dios de rebeli\u00e3o e massacres em pres\u00eddios das regi\u00f5es Norte e Nordeste, no final de 2016 e in\u00edcio de 2017, [&hellip;]<\/p>\n","protected":false},"author":5,"featured_media":5407,"comment_status":"open","ping_status":"open","sticky":false,"template":"","format":"standard","meta":{"_monsterinsights_skip_tracking":false,"_monsterinsights_sitenote_active":false,"_monsterinsights_sitenote_note":"","_monsterinsights_sitenote_category":0,"footnotes":""},"categories":[7,14],"tags":[],"class_list":["post-5406","post","type-post","status-publish","format-standard","has-post-thumbnail","hentry","category-todas-as-noticias","category-ultimas-noticias","entry","has-media"],"yoast_head":"<!-- This site is optimized with the Yoast SEO plugin v27.3 - https:\/\/yoast.com\/product\/yoast-seo-wordpress\/ -->\n<title>CNPGC divulga primeiro relat\u00f3rio sobre atua\u00e7\u00e3o dos MPs de Contas em auditorias no sistema prisional - Minist\u00e9rio P\u00fablico de Contas do Estado do Paran\u00e1<\/title>\n<meta name=\"robots\" content=\"index, follow, max-snippet:-1, max-image-preview:large, max-video-preview:-1\" \/>\n<link rel=\"canonical\" href=\"https:\/\/www.mpc.pr.gov.br\/index.php\/cnpgc-divulga-primeiro-relatorio-sobre-atuacao-dos-mps-de-contas-em-auditorias-no-sistema-prisional\/\" \/>\n<meta property=\"og:locale\" content=\"pt_BR\" \/>\n<meta property=\"og:type\" content=\"article\" \/>\n<meta property=\"og:title\" content=\"CNPGC divulga primeiro relat\u00f3rio sobre atua\u00e7\u00e3o dos MPs de Contas em auditorias no sistema prisional - Minist\u00e9rio P\u00fablico de Contas do Estado do Paran\u00e1\" \/>\n<meta property=\"og:description\" content=\"O Conselho Nacional de Procuradores-Gerais de Contas (CNPGC) lan\u00e7ou o 1\u00b0 Relat\u00f3rio Nacional de Estrat\u00e9gia de Atua\u00e7\u00e3o do Minist\u00e9rio P\u00fablico de Contas Brasileiro em Auditorias no Sistema Prisional. Os Procuradores-Gerais de Contas, preocupados com os epis\u00f3dios de rebeli\u00e3o e massacres em pres\u00eddios das regi\u00f5es Norte e Nordeste, no final de 2016 e in\u00edcio de 2017, [&hellip;]\" \/>\n<meta property=\"og:url\" content=\"https:\/\/www.mpc.pr.gov.br\/index.php\/cnpgc-divulga-primeiro-relatorio-sobre-atuacao-dos-mps-de-contas-em-auditorias-no-sistema-prisional\/\" \/>\n<meta property=\"og:site_name\" content=\"Minist\u00e9rio P\u00fablico de Contas do Estado do Paran\u00e1\" \/>\n<meta property=\"article:publisher\" content=\"https:\/\/www.facebook.com\/mpc.pr\" \/>\n<meta property=\"article:published_time\" content=\"2017-10-10T13:23:34+00:00\" \/>\n<meta name=\"author\" content=\"giovanna.faria\" \/>\n<meta name=\"twitter:card\" content=\"summary_large_image\" \/>\n<meta name=\"twitter:label1\" content=\"Escrito por\" \/>\n\t<meta name=\"twitter:data1\" content=\"giovanna.faria\" \/>\n\t<meta name=\"twitter:label2\" content=\"Est. tempo de leitura\" \/>\n\t<meta name=\"twitter:data2\" content=\"1 minuto\" \/>\n<script type=\"application\/ld+json\" class=\"yoast-schema-graph\">{\"@context\":\"https:\\\/\\\/schema.org\",\"@graph\":[{\"@type\":\"Article\",\"@id\":\"https:\\\/\\\/www.mpc.pr.gov.br\\\/index.php\\\/cnpgc-divulga-primeiro-relatorio-sobre-atuacao-dos-mps-de-contas-em-auditorias-no-sistema-prisional\\\/#article\",\"isPartOf\":{\"@id\":\"https:\\\/\\\/www.mpc.pr.gov.br\\\/index.php\\\/cnpgc-divulga-primeiro-relatorio-sobre-atuacao-dos-mps-de-contas-em-auditorias-no-sistema-prisional\\\/\"},\"author\":{\"name\":\"giovanna.faria\",\"@id\":\"https:\\\/\\\/www.mpc.pr.gov.br\\\/#\\\/schema\\\/person\\\/d0c5cf9ebb4d8be833c419f3538cf751\"},\"headline\":\"CNPGC divulga primeiro relat\u00f3rio sobre atua\u00e7\u00e3o dos MPs de Contas em auditorias no sistema prisional\",\"datePublished\":\"2017-10-10T13:23:34+00:00\",\"mainEntityOfPage\":{\"@id\":\"https:\\\/\\\/www.mpc.pr.gov.br\\\/index.php\\\/cnpgc-divulga-primeiro-relatorio-sobre-atuacao-dos-mps-de-contas-em-auditorias-no-sistema-prisional\\\/\"},\"wordCount\":287,\"commentCount\":0,\"publisher\":{\"@id\":\"https:\\\/\\\/www.mpc.pr.gov.br\\\/#organization\"},\"image\":{\"@id\":\"https:\\\/\\\/www.mpc.pr.gov.br\\\/index.php\\\/cnpgc-divulga-primeiro-relatorio-sobre-atuacao-dos-mps-de-contas-em-auditorias-no-sistema-prisional\\\/#primaryimage\"},\"thumbnailUrl\":\"\",\"articleSection\":[\"Todas as not\u00edcias\",\"\u00daltimas not\u00edcias\"],\"inLanguage\":\"pt-BR\",\"potentialAction\":[{\"@type\":\"CommentAction\",\"name\":\"Comment\",\"target\":[\"https:\\\/\\\/www.mpc.pr.gov.br\\\/index.php\\\/cnpgc-divulga-primeiro-relatorio-sobre-atuacao-dos-mps-de-contas-em-auditorias-no-sistema-prisional\\\/#respond\"]}]},{\"@type\":\"WebPage\",\"@id\":\"https:\\\/\\\/www.mpc.pr.gov.br\\\/index.php\\\/cnpgc-divulga-primeiro-relatorio-sobre-atuacao-dos-mps-de-contas-em-auditorias-no-sistema-prisional\\\/\",\"url\":\"https:\\\/\\\/www.mpc.pr.gov.br\\\/index.php\\\/cnpgc-divulga-primeiro-relatorio-sobre-atuacao-dos-mps-de-contas-em-auditorias-no-sistema-prisional\\\/\",\"name\":\"CNPGC divulga primeiro relat\u00f3rio sobre atua\u00e7\u00e3o dos MPs de Contas em auditorias no sistema prisional - Minist\u00e9rio P\u00fablico de Contas do Estado do Paran\u00e1\",\"isPartOf\":{\"@id\":\"https:\\\/\\\/www.mpc.pr.gov.br\\\/#website\"},\"primaryImageOfPage\":{\"@id\":\"https:\\\/\\\/www.mpc.pr.gov.br\\\/index.php\\\/cnpgc-divulga-primeiro-relatorio-sobre-atuacao-dos-mps-de-contas-em-auditorias-no-sistema-prisional\\\/#primaryimage\"},\"image\":{\"@id\":\"https:\\\/\\\/www.mpc.pr.gov.br\\\/index.php\\\/cnpgc-divulga-primeiro-relatorio-sobre-atuacao-dos-mps-de-contas-em-auditorias-no-sistema-prisional\\\/#primaryimage\"},\"thumbnailUrl\":\"\",\"datePublished\":\"2017-10-10T13:23:34+00:00\",\"breadcrumb\":{\"@id\":\"https:\\\/\\\/www.mpc.pr.gov.br\\\/index.php\\\/cnpgc-divulga-primeiro-relatorio-sobre-atuacao-dos-mps-de-contas-em-auditorias-no-sistema-prisional\\\/#breadcrumb\"},\"inLanguage\":\"pt-BR\",\"potentialAction\":[{\"@type\":\"ReadAction\",\"target\":[\"https:\\\/\\\/www.mpc.pr.gov.br\\\/index.php\\\/cnpgc-divulga-primeiro-relatorio-sobre-atuacao-dos-mps-de-contas-em-auditorias-no-sistema-prisional\\\/\"]}]},{\"@type\":\"ImageObject\",\"inLanguage\":\"pt-BR\",\"@id\":\"https:\\\/\\\/www.mpc.pr.gov.br\\\/index.php\\\/cnpgc-divulga-primeiro-relatorio-sobre-atuacao-dos-mps-de-contas-em-auditorias-no-sistema-prisional\\\/#primaryimage\",\"url\":\"\",\"contentUrl\":\"\"},{\"@type\":\"BreadcrumbList\",\"@id\":\"https:\\\/\\\/www.mpc.pr.gov.br\\\/index.php\\\/cnpgc-divulga-primeiro-relatorio-sobre-atuacao-dos-mps-de-contas-em-auditorias-no-sistema-prisional\\\/#breadcrumb\",\"itemListElement\":[{\"@type\":\"ListItem\",\"position\":1,\"name\":\"In\u00edcio\",\"item\":\"https:\\\/\\\/www.mpc.pr.gov.br\\\/\"},{\"@type\":\"ListItem\",\"position\":2,\"name\":\"CNPGC divulga primeiro relat\u00f3rio sobre atua\u00e7\u00e3o dos MPs de Contas em auditorias no sistema prisional\"}]},{\"@type\":\"WebSite\",\"@id\":\"https:\\\/\\\/www.mpc.pr.gov.br\\\/#website\",\"url\":\"https:\\\/\\\/www.mpc.pr.gov.br\\\/\",\"name\":\"Minist\u00e9rio P\u00fablico de Contas do Estado do Paran\u00e1\",\"description\":\"\",\"publisher\":{\"@id\":\"https:\\\/\\\/www.mpc.pr.gov.br\\\/#organization\"},\"potentialAction\":[{\"@type\":\"SearchAction\",\"target\":{\"@type\":\"EntryPoint\",\"urlTemplate\":\"https:\\\/\\\/www.mpc.pr.gov.br\\\/?s={search_term_string}\"},\"query-input\":{\"@type\":\"PropertyValueSpecification\",\"valueRequired\":true,\"valueName\":\"search_term_string\"}}],\"inLanguage\":\"pt-BR\"},{\"@type\":\"Organization\",\"@id\":\"https:\\\/\\\/www.mpc.pr.gov.br\\\/#organization\",\"name\":\"Minist\u00e9rio P\u00fablico de Contas do Estado do Paran\u00e1\",\"url\":\"https:\\\/\\\/www.mpc.pr.gov.br\\\/\",\"logo\":{\"@type\":\"ImageObject\",\"inLanguage\":\"pt-BR\",\"@id\":\"https:\\\/\\\/www.mpc.pr.gov.br\\\/#\\\/schema\\\/logo\\\/image\\\/\",\"url\":\"https:\\\/\\\/www.mpc.pr.gov.br\\\/wp-content\\\/uploads\\\/2020\\\/06\\\/99423647_1593460364143890_6706793420720963584_n-1-e1591387983167.png\",\"contentUrl\":\"https:\\\/\\\/www.mpc.pr.gov.br\\\/wp-content\\\/uploads\\\/2020\\\/06\\\/99423647_1593460364143890_6706793420720963584_n-1-e1591387983167.png\",\"width\":243,\"height\":73,\"caption\":\"Minist\u00e9rio P\u00fablico de Contas do Estado do Paran\u00e1\"},\"image\":{\"@id\":\"https:\\\/\\\/www.mpc.pr.gov.br\\\/#\\\/schema\\\/logo\\\/image\\\/\"},\"sameAs\":[\"https:\\\/\\\/www.facebook.com\\\/mpc.pr\",\"https:\\\/\\\/www.instagram.com\\\/mpc.pr\\\/?hl=pt-br\",\"https:\\\/\\\/www.youtube.com\\\/channel\\\/UCHri5oEM8DV0ztX57E0sBSw\"]},{\"@type\":\"Person\",\"@id\":\"https:\\\/\\\/www.mpc.pr.gov.br\\\/#\\\/schema\\\/person\\\/d0c5cf9ebb4d8be833c419f3538cf751\",\"name\":\"giovanna.faria\",\"image\":{\"@type\":\"ImageObject\",\"inLanguage\":\"pt-BR\",\"@id\":\"https:\\\/\\\/secure.gravatar.com\\\/avatar\\\/?s=96&d=mm&r=g\",\"url\":\"https:\\\/\\\/secure.gravatar.com\\\/avatar\\\/?s=96&d=mm&r=g\",\"contentUrl\":\"https:\\\/\\\/secure.gravatar.com\\\/avatar\\\/?s=96&d=mm&r=g\",\"caption\":\"giovanna.faria\"}}]}<\/script>\n<!-- \/ Yoast SEO plugin. -->","yoast_head_json":{"title":"CNPGC divulga primeiro relat\u00f3rio sobre atua\u00e7\u00e3o dos MPs de Contas em auditorias no sistema prisional - Minist\u00e9rio P\u00fablico de Contas do Estado do Paran\u00e1","robots":{"index":"index","follow":"follow","max-snippet":"max-snippet:-1","max-image-preview":"max-image-preview:large","max-video-preview":"max-video-preview:-1"},"canonical":"https:\/\/www.mpc.pr.gov.br\/index.php\/cnpgc-divulga-primeiro-relatorio-sobre-atuacao-dos-mps-de-contas-em-auditorias-no-sistema-prisional\/","og_locale":"pt_BR","og_type":"article","og_title":"CNPGC divulga primeiro relat\u00f3rio sobre atua\u00e7\u00e3o dos MPs de Contas em auditorias no sistema prisional - Minist\u00e9rio P\u00fablico de Contas do Estado do Paran\u00e1","og_description":"O Conselho Nacional de Procuradores-Gerais de Contas (CNPGC) lan\u00e7ou o 1\u00b0 Relat\u00f3rio Nacional de Estrat\u00e9gia de Atua\u00e7\u00e3o do Minist\u00e9rio P\u00fablico de Contas Brasileiro em Auditorias no Sistema Prisional. Os Procuradores-Gerais de Contas, preocupados com os epis\u00f3dios de rebeli\u00e3o e massacres em pres\u00eddios das regi\u00f5es Norte e Nordeste, no final de 2016 e in\u00edcio de 2017, [&hellip;]","og_url":"https:\/\/www.mpc.pr.gov.br\/index.php\/cnpgc-divulga-primeiro-relatorio-sobre-atuacao-dos-mps-de-contas-em-auditorias-no-sistema-prisional\/","og_site_name":"Minist\u00e9rio P\u00fablico de Contas do Estado do Paran\u00e1","article_publisher":"https:\/\/www.facebook.com\/mpc.pr","article_published_time":"2017-10-10T13:23:34+00:00","author":"giovanna.faria","twitter_card":"summary_large_image","twitter_misc":{"Escrito por":"giovanna.faria","Est. tempo de leitura":"1 minuto"},"schema":{"@context":"https:\/\/schema.org","@graph":[{"@type":"Article","@id":"https:\/\/www.mpc.pr.gov.br\/index.php\/cnpgc-divulga-primeiro-relatorio-sobre-atuacao-dos-mps-de-contas-em-auditorias-no-sistema-prisional\/#article","isPartOf":{"@id":"https:\/\/www.mpc.pr.gov.br\/index.php\/cnpgc-divulga-primeiro-relatorio-sobre-atuacao-dos-mps-de-contas-em-auditorias-no-sistema-prisional\/"},"author":{"name":"giovanna.faria","@id":"https:\/\/www.mpc.pr.gov.br\/#\/schema\/person\/d0c5cf9ebb4d8be833c419f3538cf751"},"headline":"CNPGC divulga primeiro relat\u00f3rio sobre atua\u00e7\u00e3o dos MPs de Contas em auditorias no sistema prisional","datePublished":"2017-10-10T13:23:34+00:00","mainEntityOfPage":{"@id":"https:\/\/www.mpc.pr.gov.br\/index.php\/cnpgc-divulga-primeiro-relatorio-sobre-atuacao-dos-mps-de-contas-em-auditorias-no-sistema-prisional\/"},"wordCount":287,"commentCount":0,"publisher":{"@id":"https:\/\/www.mpc.pr.gov.br\/#organization"},"image":{"@id":"https:\/\/www.mpc.pr.gov.br\/index.php\/cnpgc-divulga-primeiro-relatorio-sobre-atuacao-dos-mps-de-contas-em-auditorias-no-sistema-prisional\/#primaryimage"},"thumbnailUrl":"","articleSection":["Todas as not\u00edcias","\u00daltimas not\u00edcias"],"inLanguage":"pt-BR","potentialAction":[{"@type":"CommentAction","name":"Comment","target":["https:\/\/www.mpc.pr.gov.br\/index.php\/cnpgc-divulga-primeiro-relatorio-sobre-atuacao-dos-mps-de-contas-em-auditorias-no-sistema-prisional\/#respond"]}]},{"@type":"WebPage","@id":"https:\/\/www.mpc.pr.gov.br\/index.php\/cnpgc-divulga-primeiro-relatorio-sobre-atuacao-dos-mps-de-contas-em-auditorias-no-sistema-prisional\/","url":"https:\/\/www.mpc.pr.gov.br\/index.php\/cnpgc-divulga-primeiro-relatorio-sobre-atuacao-dos-mps-de-contas-em-auditorias-no-sistema-prisional\/","name":"CNPGC divulga primeiro relat\u00f3rio sobre atua\u00e7\u00e3o dos MPs de Contas em auditorias no sistema prisional - Minist\u00e9rio P\u00fablico de Contas do Estado do Paran\u00e1","isPartOf":{"@id":"https:\/\/www.mpc.pr.gov.br\/#website"},"primaryImageOfPage":{"@id":"https:\/\/www.mpc.pr.gov.br\/index.php\/cnpgc-divulga-primeiro-relatorio-sobre-atuacao-dos-mps-de-contas-em-auditorias-no-sistema-prisional\/#primaryimage"},"image":{"@id":"https:\/\/www.mpc.pr.gov.br\/index.php\/cnpgc-divulga-primeiro-relatorio-sobre-atuacao-dos-mps-de-contas-em-auditorias-no-sistema-prisional\/#primaryimage"},"thumbnailUrl":"","datePublished":"2017-10-10T13:23:34+00:00","breadcrumb":{"@id":"https:\/\/www.mpc.pr.gov.br\/index.php\/cnpgc-divulga-primeiro-relatorio-sobre-atuacao-dos-mps-de-contas-em-auditorias-no-sistema-prisional\/#breadcrumb"},"inLanguage":"pt-BR","potentialAction":[{"@type":"ReadAction","target":["https:\/\/www.mpc.pr.gov.br\/index.php\/cnpgc-divulga-primeiro-relatorio-sobre-atuacao-dos-mps-de-contas-em-auditorias-no-sistema-prisional\/"]}]},{"@type":"ImageObject","inLanguage":"pt-BR","@id":"https:\/\/www.mpc.pr.gov.br\/index.php\/cnpgc-divulga-primeiro-relatorio-sobre-atuacao-dos-mps-de-contas-em-auditorias-no-sistema-prisional\/#primaryimage","url":"","contentUrl":""},{"@type":"BreadcrumbList","@id":"https:\/\/www.mpc.pr.gov.br\/index.php\/cnpgc-divulga-primeiro-relatorio-sobre-atuacao-dos-mps-de-contas-em-auditorias-no-sistema-prisional\/#breadcrumb","itemListElement":[{"@type":"ListItem","position":1,"name":"In\u00edcio","item":"https:\/\/www.mpc.pr.gov.br\/"},{"@type":"ListItem","position":2,"name":"CNPGC divulga primeiro relat\u00f3rio sobre atua\u00e7\u00e3o dos MPs de Contas em auditorias no sistema prisional"}]},{"@type":"WebSite","@id":"https:\/\/www.mpc.pr.gov.br\/#website","url":"https:\/\/www.mpc.pr.gov.br\/","name":"Minist\u00e9rio P\u00fablico de Contas do Estado do Paran\u00e1","description":"","publisher":{"@id":"https:\/\/www.mpc.pr.gov.br\/#organization"},"potentialAction":[{"@type":"SearchAction","target":{"@type":"EntryPoint","urlTemplate":"https:\/\/www.mpc.pr.gov.br\/?s={search_term_string}"},"query-input":{"@type":"PropertyValueSpecification","valueRequired":true,"valueName":"search_term_string"}}],"inLanguage":"pt-BR"},{"@type":"Organization","@id":"https:\/\/www.mpc.pr.gov.br\/#organization","name":"Minist\u00e9rio P\u00fablico de Contas do Estado do Paran\u00e1","url":"https:\/\/www.mpc.pr.gov.br\/","logo":{"@type":"ImageObject","inLanguage":"pt-BR","@id":"https:\/\/www.mpc.pr.gov.br\/#\/schema\/logo\/image\/","url":"https:\/\/www.mpc.pr.gov.br\/wp-content\/uploads\/2020\/06\/99423647_1593460364143890_6706793420720963584_n-1-e1591387983167.png","contentUrl":"https:\/\/www.mpc.pr.gov.br\/wp-content\/uploads\/2020\/06\/99423647_1593460364143890_6706793420720963584_n-1-e1591387983167.png","width":243,"height":73,"caption":"Minist\u00e9rio P\u00fablico de Contas do Estado do Paran\u00e1"},"image":{"@id":"https:\/\/www.mpc.pr.gov.br\/#\/schema\/logo\/image\/"},"sameAs":["https:\/\/www.facebook.com\/mpc.pr","https:\/\/www.instagram.com\/mpc.pr\/?hl=pt-br","https:\/\/www.youtube.com\/channel\/UCHri5oEM8DV0ztX57E0sBSw"]},{"@type":"Person","@id":"https:\/\/www.mpc.pr.gov.br\/#\/schema\/person\/d0c5cf9ebb4d8be833c419f3538cf751","name":"giovanna.faria","image":{"@type":"ImageObject","inLanguage":"pt-BR","@id":"https:\/\/secure.gravatar.com\/avatar\/?s=96&d=mm&r=g","url":"https:\/\/secure.gravatar.com\/avatar\/?s=96&d=mm&r=g","contentUrl":"https:\/\/secure.gravatar.com\/avatar\/?s=96&d=mm&r=g","caption":"giovanna.faria"}}]}},"rttpg_featured_image_url":null,"rttpg_author":{"display_name":"giovanna.faria","author_link":"https:\/\/www.mpc.pr.gov.br\/index.php\/author\/giovanna-faria\/"},"rttpg_comment":0,"rttpg_category":"<a href=\"https:\/\/www.mpc.pr.gov.br\/index.php\/category\/todas-as-noticias\/\" rel=\"category tag\">Todas as not\u00edcias<\/a> <a href=\"https:\/\/www.mpc.pr.gov.br\/index.php\/category\/ultimas-noticias\/\" rel=\"category tag\">\u00daltimas not\u00edcias<\/a>","rttpg_excerpt":"O Conselho Nacional de Procuradores-Gerais de Contas (CNPGC) lan\u00e7ou o 1\u00b0 Relat\u00f3rio Nacional de Estrat\u00e9gia de Atua\u00e7\u00e3o do Minist\u00e9rio P\u00fablico de Contas Brasileiro em Auditorias no Sistema Prisional. Os Procuradores-Gerais de Contas, preocupados com os epis\u00f3dios de rebeli\u00e3o e massacres em pres\u00eddios das regi\u00f5es Norte e Nordeste, no final de 2016 e in\u00edcio de 2017,&hellip;","_links":{"self":[{"href":"https:\/\/www.mpc.pr.gov.br\/index.php\/wp-json\/wp\/v2\/posts\/5406","targetHints":{"allow":["GET"]}}],"collection":[{"href":"https:\/\/www.mpc.pr.gov.br\/index.php\/wp-json\/wp\/v2\/posts"}],"about":[{"href":"https:\/\/www.mpc.pr.gov.br\/index.php\/wp-json\/wp\/v2\/types\/post"}],"author":[{"embeddable":true,"href":"https:\/\/www.mpc.pr.gov.br\/index.php\/wp-json\/wp\/v2\/users\/5"}],"replies":[{"embeddable":true,"href":"https:\/\/www.mpc.pr.gov.br\/index.php\/wp-json\/wp\/v2\/comments?post=5406"}],"version-history":[{"count":0,"href":"https:\/\/www.mpc.pr.gov.br\/index.php\/wp-json\/wp\/v2\/posts\/5406\/revisions"}],"wp:featuredmedia":[{"embeddable":true,"href":"https:\/\/www.mpc.pr.gov.br\/index.php\/wp-json\/"}],"wp:attachment":[{"href":"https:\/\/www.mpc.pr.gov.br\/index.php\/wp-json\/wp\/v2\/media?parent=5406"}],"wp:term":[{"taxonomy":"category","embeddable":true,"href":"https:\/\/www.mpc.pr.gov.br\/index.php\/wp-json\/wp\/v2\/categories?post=5406"},{"taxonomy":"post_tag","embeddable":true,"href":"https:\/\/www.mpc.pr.gov.br\/index.php\/wp-json\/wp\/v2\/tags?post=5406"}],"curies":[{"name":"wp","href":"https:\/\/api.w.org\/{rel}","templated":true}]}}