{"id":5410,"date":"2017-10-11T10:13:55","date_gmt":"2017-10-11T13:13:55","guid":{"rendered":"http:\/\/www.mpc.pr.gov.br\/?p=5410"},"modified":"2017-10-11T10:13:55","modified_gmt":"2017-10-11T13:13:55","slug":"mp-de-contas-opina-pela-negativa-de-registro-de-aposentadoria-de-servidores-publicos-em-ascensao-funcional","status":"publish","type":"post","link":"https:\/\/www.mpc.pr.gov.br\/index.php\/mp-de-contas-opina-pela-negativa-de-registro-de-aposentadoria-de-servidores-publicos-em-ascensao-funcional\/","title":{"rendered":"MP de Contas opina pela negativa de registro de aposentadoria de servidores p\u00fablicos em ascens\u00e3o funcional"},"content":{"rendered":"<p><img decoding=\"async\" class=\"size-medium wp-image-4458 alignleft\" src=\"http:\/\/www.mpc.pr.gov.br\/wp-content\/uploads\/2016\/10\/crescimento1-300x152.jpg\" alt=\"\" width=\"300\" height=\"152\" \/>Em processos de registro de aposentadoria, o MP de Contas defendeu a inconstitucionalidade de toda forma de provimento derivado, ap\u00f3s a Constitui\u00e7\u00e3o Federal (CF) de 1988. Pois, foi banida do ordenamento jur\u00eddico a figura da ascens\u00e3o funcional, o que resulta na necessidade de pr\u00e9via aprova\u00e7\u00e3o em concurso p\u00fablico para admiss\u00e3o em cargos p\u00fablicos.<\/p>\n<p>Da an\u00e1lise dos autos, o \u00f3rg\u00e3o ministerial verificou que os servidores ingressaram nesta Corte no cargo de n\u00edvel m\u00e9dio e passaram a exercer o cargo de T\u00e9cnico de Controle Econ\u00f4mico e Atuarial, de n\u00edvel superior, atualmente denominado Analista de Controle. O provimento do cargo de n\u00edvel superior sem a realiza\u00e7\u00e3o de concurso p\u00fablico se deu ap\u00f3s o advento da CF de 1988, sendo assim, a ascens\u00e3o funcional \u00e9 inconstitucional, ferindo o disposto no artigo 37, inciso II da CF.<\/p>\n<p>A unidade t\u00e9cnica, por sua vez, ressaltou a exist\u00eancia de precedentes desta Corte e com base nos princ\u00edpios da seguran\u00e7a jur\u00eddica, referentes a prote\u00e7\u00e3o da leg\u00edtima confian\u00e7a e da boa-f\u00e9, opinou pelo registro dos atos de inativa\u00e7\u00e3o analisados.<\/p>\n<p>O MP de Contas discorda de tal opinativo por ser incoerente com a recente jurisprud\u00eancia do Superior Tribunal de Justi\u00e7a (STJ), que estabelece a inexist\u00eancia de direito adquirido a regime jur\u00eddico frente \u00e0 nova ordem constitucional. Pois, foi banida do ordenamento jur\u00eddico as figuras da ascens\u00e3o e progress\u00e3o funcionais como formas de provimento de cargo p\u00fablico.<\/p>\n<p>Ao final, o \u00f3rg\u00e3o ministerial opinou pela negativa de registro dos atos de aposentadoria e requereu que a aposenta\u00e7\u00e3o seja realizada com base no cargo de origem dos servidores.<\/p>\n<p>Para conferir o Parecer n\u00b0 7997\/17, clique <a href=\"http:\/\/www.mpc.pr.gov.br\/wp-content\/uploads\/2017\/10\/Parecer-7997-17.pdf\">aqui<\/a>. E para visualizar o Parecer n\u00b0 8006\/17, clique <a href=\"http:\/\/www.mpc.pr.gov.br\/wp-content\/uploads\/2017\/10\/Parecer-8006-17.pdf\">aqui<\/a>.<\/p>\n","protected":false},"excerpt":{"rendered":"<p>Em processos de registro de aposentadoria, o MP de Contas defendeu a inconstitucionalidade de toda forma de provimento derivado, ap\u00f3s a Constitui\u00e7\u00e3o Federal (CF) de 1988. Pois, foi banida do ordenamento jur\u00eddico a figura da ascens\u00e3o funcional, o que resulta na necessidade de pr\u00e9via aprova\u00e7\u00e3o em concurso p\u00fablico para admiss\u00e3o em cargos p\u00fablicos. Da an\u00e1lise [&hellip;]<\/p>\n","protected":false},"author":5,"featured_media":4458,"comment_status":"open","ping_status":"open","sticky":false,"template":"","format":"standard","meta":{"_monsterinsights_skip_tracking":false,"_monsterinsights_sitenote_active":false,"_monsterinsights_sitenote_note":"","_monsterinsights_sitenote_category":0,"footnotes":""},"categories":[7,14],"tags":[],"class_list":["post-5410","post","type-post","status-publish","format-standard","has-post-thumbnail","hentry","category-todas-as-noticias","category-ultimas-noticias","entry","has-media"],"yoast_head":"<!-- This site is optimized with the Yoast SEO plugin v27.3 - https:\/\/yoast.com\/product\/yoast-seo-wordpress\/ -->\n<title>MP de Contas opina pela negativa de registro de aposentadoria de servidores p\u00fablicos em ascens\u00e3o funcional - Minist\u00e9rio P\u00fablico de Contas do Estado do Paran\u00e1<\/title>\n<meta name=\"robots\" content=\"index, follow, max-snippet:-1, max-image-preview:large, max-video-preview:-1\" \/>\n<link rel=\"canonical\" href=\"https:\/\/www.mpc.pr.gov.br\/index.php\/mp-de-contas-opina-pela-negativa-de-registro-de-aposentadoria-de-servidores-publicos-em-ascensao-funcional\/\" \/>\n<meta property=\"og:locale\" content=\"pt_BR\" \/>\n<meta property=\"og:type\" content=\"article\" \/>\n<meta property=\"og:title\" content=\"MP de Contas opina pela negativa de registro de aposentadoria de servidores p\u00fablicos em ascens\u00e3o funcional - Minist\u00e9rio P\u00fablico de Contas do Estado do Paran\u00e1\" \/>\n<meta property=\"og:description\" content=\"Em processos de registro de aposentadoria, o MP de Contas defendeu a inconstitucionalidade de toda forma de provimento derivado, ap\u00f3s a Constitui\u00e7\u00e3o Federal (CF) de 1988. Pois, foi banida do ordenamento jur\u00eddico a figura da ascens\u00e3o funcional, o que resulta na necessidade de pr\u00e9via aprova\u00e7\u00e3o em concurso p\u00fablico para admiss\u00e3o em cargos p\u00fablicos. Da an\u00e1lise [&hellip;]\" \/>\n<meta property=\"og:url\" content=\"https:\/\/www.mpc.pr.gov.br\/index.php\/mp-de-contas-opina-pela-negativa-de-registro-de-aposentadoria-de-servidores-publicos-em-ascensao-funcional\/\" \/>\n<meta property=\"og:site_name\" content=\"Minist\u00e9rio P\u00fablico de Contas do Estado do Paran\u00e1\" \/>\n<meta property=\"article:publisher\" content=\"https:\/\/www.facebook.com\/mpc.pr\" \/>\n<meta property=\"article:published_time\" content=\"2017-10-11T13:13:55+00:00\" \/>\n<meta name=\"author\" content=\"giovanna.faria\" \/>\n<meta name=\"twitter:card\" content=\"summary_large_image\" \/>\n<meta name=\"twitter:label1\" content=\"Escrito por\" \/>\n\t<meta name=\"twitter:data1\" content=\"giovanna.faria\" \/>\n\t<meta name=\"twitter:label2\" content=\"Est. tempo de leitura\" \/>\n\t<meta name=\"twitter:data2\" content=\"2 minutos\" \/>\n<script type=\"application\/ld+json\" class=\"yoast-schema-graph\">{\"@context\":\"https:\\\/\\\/schema.org\",\"@graph\":[{\"@type\":\"Article\",\"@id\":\"https:\\\/\\\/www.mpc.pr.gov.br\\\/index.php\\\/mp-de-contas-opina-pela-negativa-de-registro-de-aposentadoria-de-servidores-publicos-em-ascensao-funcional\\\/#article\",\"isPartOf\":{\"@id\":\"https:\\\/\\\/www.mpc.pr.gov.br\\\/index.php\\\/mp-de-contas-opina-pela-negativa-de-registro-de-aposentadoria-de-servidores-publicos-em-ascensao-funcional\\\/\"},\"author\":{\"name\":\"giovanna.faria\",\"@id\":\"https:\\\/\\\/www.mpc.pr.gov.br\\\/#\\\/schema\\\/person\\\/d0c5cf9ebb4d8be833c419f3538cf751\"},\"headline\":\"MP de Contas opina pela negativa de registro de aposentadoria de servidores p\u00fablicos em ascens\u00e3o funcional\",\"datePublished\":\"2017-10-11T13:13:55+00:00\",\"mainEntityOfPage\":{\"@id\":\"https:\\\/\\\/www.mpc.pr.gov.br\\\/index.php\\\/mp-de-contas-opina-pela-negativa-de-registro-de-aposentadoria-de-servidores-publicos-em-ascensao-funcional\\\/\"},\"wordCount\":323,\"commentCount\":0,\"publisher\":{\"@id\":\"https:\\\/\\\/www.mpc.pr.gov.br\\\/#organization\"},\"image\":{\"@id\":\"https:\\\/\\\/www.mpc.pr.gov.br\\\/index.php\\\/mp-de-contas-opina-pela-negativa-de-registro-de-aposentadoria-de-servidores-publicos-em-ascensao-funcional\\\/#primaryimage\"},\"thumbnailUrl\":\"\",\"articleSection\":[\"Todas as not\u00edcias\",\"\u00daltimas not\u00edcias\"],\"inLanguage\":\"pt-BR\",\"potentialAction\":[{\"@type\":\"CommentAction\",\"name\":\"Comment\",\"target\":[\"https:\\\/\\\/www.mpc.pr.gov.br\\\/index.php\\\/mp-de-contas-opina-pela-negativa-de-registro-de-aposentadoria-de-servidores-publicos-em-ascensao-funcional\\\/#respond\"]}]},{\"@type\":\"WebPage\",\"@id\":\"https:\\\/\\\/www.mpc.pr.gov.br\\\/index.php\\\/mp-de-contas-opina-pela-negativa-de-registro-de-aposentadoria-de-servidores-publicos-em-ascensao-funcional\\\/\",\"url\":\"https:\\\/\\\/www.mpc.pr.gov.br\\\/index.php\\\/mp-de-contas-opina-pela-negativa-de-registro-de-aposentadoria-de-servidores-publicos-em-ascensao-funcional\\\/\",\"name\":\"MP de Contas opina pela negativa de registro de aposentadoria de servidores p\u00fablicos em ascens\u00e3o funcional - Minist\u00e9rio P\u00fablico de Contas do Estado do Paran\u00e1\",\"isPartOf\":{\"@id\":\"https:\\\/\\\/www.mpc.pr.gov.br\\\/#website\"},\"primaryImageOfPage\":{\"@id\":\"https:\\\/\\\/www.mpc.pr.gov.br\\\/index.php\\\/mp-de-contas-opina-pela-negativa-de-registro-de-aposentadoria-de-servidores-publicos-em-ascensao-funcional\\\/#primaryimage\"},\"image\":{\"@id\":\"https:\\\/\\\/www.mpc.pr.gov.br\\\/index.php\\\/mp-de-contas-opina-pela-negativa-de-registro-de-aposentadoria-de-servidores-publicos-em-ascensao-funcional\\\/#primaryimage\"},\"thumbnailUrl\":\"\",\"datePublished\":\"2017-10-11T13:13:55+00:00\",\"breadcrumb\":{\"@id\":\"https:\\\/\\\/www.mpc.pr.gov.br\\\/index.php\\\/mp-de-contas-opina-pela-negativa-de-registro-de-aposentadoria-de-servidores-publicos-em-ascensao-funcional\\\/#breadcrumb\"},\"inLanguage\":\"pt-BR\",\"potentialAction\":[{\"@type\":\"ReadAction\",\"target\":[\"https:\\\/\\\/www.mpc.pr.gov.br\\\/index.php\\\/mp-de-contas-opina-pela-negativa-de-registro-de-aposentadoria-de-servidores-publicos-em-ascensao-funcional\\\/\"]}]},{\"@type\":\"ImageObject\",\"inLanguage\":\"pt-BR\",\"@id\":\"https:\\\/\\\/www.mpc.pr.gov.br\\\/index.php\\\/mp-de-contas-opina-pela-negativa-de-registro-de-aposentadoria-de-servidores-publicos-em-ascensao-funcional\\\/#primaryimage\",\"url\":\"\",\"contentUrl\":\"\"},{\"@type\":\"BreadcrumbList\",\"@id\":\"https:\\\/\\\/www.mpc.pr.gov.br\\\/index.php\\\/mp-de-contas-opina-pela-negativa-de-registro-de-aposentadoria-de-servidores-publicos-em-ascensao-funcional\\\/#breadcrumb\",\"itemListElement\":[{\"@type\":\"ListItem\",\"position\":1,\"name\":\"In\u00edcio\",\"item\":\"https:\\\/\\\/www.mpc.pr.gov.br\\\/\"},{\"@type\":\"ListItem\",\"position\":2,\"name\":\"MP de Contas opina pela negativa de registro de aposentadoria de servidores p\u00fablicos em ascens\u00e3o funcional\"}]},{\"@type\":\"WebSite\",\"@id\":\"https:\\\/\\\/www.mpc.pr.gov.br\\\/#website\",\"url\":\"https:\\\/\\\/www.mpc.pr.gov.br\\\/\",\"name\":\"Minist\u00e9rio P\u00fablico de Contas do Estado do Paran\u00e1\",\"description\":\"\",\"publisher\":{\"@id\":\"https:\\\/\\\/www.mpc.pr.gov.br\\\/#organization\"},\"potentialAction\":[{\"@type\":\"SearchAction\",\"target\":{\"@type\":\"EntryPoint\",\"urlTemplate\":\"https:\\\/\\\/www.mpc.pr.gov.br\\\/?s={search_term_string}\"},\"query-input\":{\"@type\":\"PropertyValueSpecification\",\"valueRequired\":true,\"valueName\":\"search_term_string\"}}],\"inLanguage\":\"pt-BR\"},{\"@type\":\"Organization\",\"@id\":\"https:\\\/\\\/www.mpc.pr.gov.br\\\/#organization\",\"name\":\"Minist\u00e9rio P\u00fablico de Contas do Estado do Paran\u00e1\",\"url\":\"https:\\\/\\\/www.mpc.pr.gov.br\\\/\",\"logo\":{\"@type\":\"ImageObject\",\"inLanguage\":\"pt-BR\",\"@id\":\"https:\\\/\\\/www.mpc.pr.gov.br\\\/#\\\/schema\\\/logo\\\/image\\\/\",\"url\":\"https:\\\/\\\/www.mpc.pr.gov.br\\\/wp-content\\\/uploads\\\/2020\\\/06\\\/99423647_1593460364143890_6706793420720963584_n-1-e1591387983167.png\",\"contentUrl\":\"https:\\\/\\\/www.mpc.pr.gov.br\\\/wp-content\\\/uploads\\\/2020\\\/06\\\/99423647_1593460364143890_6706793420720963584_n-1-e1591387983167.png\",\"width\":243,\"height\":73,\"caption\":\"Minist\u00e9rio P\u00fablico de Contas do Estado do Paran\u00e1\"},\"image\":{\"@id\":\"https:\\\/\\\/www.mpc.pr.gov.br\\\/#\\\/schema\\\/logo\\\/image\\\/\"},\"sameAs\":[\"https:\\\/\\\/www.facebook.com\\\/mpc.pr\",\"https:\\\/\\\/www.instagram.com\\\/mpc.pr\\\/?hl=pt-br\",\"https:\\\/\\\/www.youtube.com\\\/channel\\\/UCHri5oEM8DV0ztX57E0sBSw\"]},{\"@type\":\"Person\",\"@id\":\"https:\\\/\\\/www.mpc.pr.gov.br\\\/#\\\/schema\\\/person\\\/d0c5cf9ebb4d8be833c419f3538cf751\",\"name\":\"giovanna.faria\",\"image\":{\"@type\":\"ImageObject\",\"inLanguage\":\"pt-BR\",\"@id\":\"https:\\\/\\\/secure.gravatar.com\\\/avatar\\\/?s=96&d=mm&r=g\",\"url\":\"https:\\\/\\\/secure.gravatar.com\\\/avatar\\\/?s=96&d=mm&r=g\",\"contentUrl\":\"https:\\\/\\\/secure.gravatar.com\\\/avatar\\\/?s=96&d=mm&r=g\",\"caption\":\"giovanna.faria\"}}]}<\/script>\n<!-- \/ Yoast SEO plugin. -->","yoast_head_json":{"title":"MP de Contas opina pela negativa de registro de aposentadoria de servidores p\u00fablicos em ascens\u00e3o funcional - Minist\u00e9rio P\u00fablico de Contas do Estado do Paran\u00e1","robots":{"index":"index","follow":"follow","max-snippet":"max-snippet:-1","max-image-preview":"max-image-preview:large","max-video-preview":"max-video-preview:-1"},"canonical":"https:\/\/www.mpc.pr.gov.br\/index.php\/mp-de-contas-opina-pela-negativa-de-registro-de-aposentadoria-de-servidores-publicos-em-ascensao-funcional\/","og_locale":"pt_BR","og_type":"article","og_title":"MP de Contas opina pela negativa de registro de aposentadoria de servidores p\u00fablicos em ascens\u00e3o funcional - Minist\u00e9rio P\u00fablico de Contas do Estado do Paran\u00e1","og_description":"Em processos de registro de aposentadoria, o MP de Contas defendeu a inconstitucionalidade de toda forma de provimento derivado, ap\u00f3s a Constitui\u00e7\u00e3o Federal (CF) de 1988. Pois, foi banida do ordenamento jur\u00eddico a figura da ascens\u00e3o funcional, o que resulta na necessidade de pr\u00e9via aprova\u00e7\u00e3o em concurso p\u00fablico para admiss\u00e3o em cargos p\u00fablicos. Da an\u00e1lise [&hellip;]","og_url":"https:\/\/www.mpc.pr.gov.br\/index.php\/mp-de-contas-opina-pela-negativa-de-registro-de-aposentadoria-de-servidores-publicos-em-ascensao-funcional\/","og_site_name":"Minist\u00e9rio P\u00fablico de Contas do Estado do Paran\u00e1","article_publisher":"https:\/\/www.facebook.com\/mpc.pr","article_published_time":"2017-10-11T13:13:55+00:00","author":"giovanna.faria","twitter_card":"summary_large_image","twitter_misc":{"Escrito por":"giovanna.faria","Est. tempo de leitura":"2 minutos"},"schema":{"@context":"https:\/\/schema.org","@graph":[{"@type":"Article","@id":"https:\/\/www.mpc.pr.gov.br\/index.php\/mp-de-contas-opina-pela-negativa-de-registro-de-aposentadoria-de-servidores-publicos-em-ascensao-funcional\/#article","isPartOf":{"@id":"https:\/\/www.mpc.pr.gov.br\/index.php\/mp-de-contas-opina-pela-negativa-de-registro-de-aposentadoria-de-servidores-publicos-em-ascensao-funcional\/"},"author":{"name":"giovanna.faria","@id":"https:\/\/www.mpc.pr.gov.br\/#\/schema\/person\/d0c5cf9ebb4d8be833c419f3538cf751"},"headline":"MP de Contas opina pela negativa de registro de aposentadoria de servidores p\u00fablicos em ascens\u00e3o funcional","datePublished":"2017-10-11T13:13:55+00:00","mainEntityOfPage":{"@id":"https:\/\/www.mpc.pr.gov.br\/index.php\/mp-de-contas-opina-pela-negativa-de-registro-de-aposentadoria-de-servidores-publicos-em-ascensao-funcional\/"},"wordCount":323,"commentCount":0,"publisher":{"@id":"https:\/\/www.mpc.pr.gov.br\/#organization"},"image":{"@id":"https:\/\/www.mpc.pr.gov.br\/index.php\/mp-de-contas-opina-pela-negativa-de-registro-de-aposentadoria-de-servidores-publicos-em-ascensao-funcional\/#primaryimage"},"thumbnailUrl":"","articleSection":["Todas as not\u00edcias","\u00daltimas not\u00edcias"],"inLanguage":"pt-BR","potentialAction":[{"@type":"CommentAction","name":"Comment","target":["https:\/\/www.mpc.pr.gov.br\/index.php\/mp-de-contas-opina-pela-negativa-de-registro-de-aposentadoria-de-servidores-publicos-em-ascensao-funcional\/#respond"]}]},{"@type":"WebPage","@id":"https:\/\/www.mpc.pr.gov.br\/index.php\/mp-de-contas-opina-pela-negativa-de-registro-de-aposentadoria-de-servidores-publicos-em-ascensao-funcional\/","url":"https:\/\/www.mpc.pr.gov.br\/index.php\/mp-de-contas-opina-pela-negativa-de-registro-de-aposentadoria-de-servidores-publicos-em-ascensao-funcional\/","name":"MP de Contas opina pela negativa de registro de aposentadoria de servidores p\u00fablicos em ascens\u00e3o funcional - Minist\u00e9rio P\u00fablico de Contas do Estado do Paran\u00e1","isPartOf":{"@id":"https:\/\/www.mpc.pr.gov.br\/#website"},"primaryImageOfPage":{"@id":"https:\/\/www.mpc.pr.gov.br\/index.php\/mp-de-contas-opina-pela-negativa-de-registro-de-aposentadoria-de-servidores-publicos-em-ascensao-funcional\/#primaryimage"},"image":{"@id":"https:\/\/www.mpc.pr.gov.br\/index.php\/mp-de-contas-opina-pela-negativa-de-registro-de-aposentadoria-de-servidores-publicos-em-ascensao-funcional\/#primaryimage"},"thumbnailUrl":"","datePublished":"2017-10-11T13:13:55+00:00","breadcrumb":{"@id":"https:\/\/www.mpc.pr.gov.br\/index.php\/mp-de-contas-opina-pela-negativa-de-registro-de-aposentadoria-de-servidores-publicos-em-ascensao-funcional\/#breadcrumb"},"inLanguage":"pt-BR","potentialAction":[{"@type":"ReadAction","target":["https:\/\/www.mpc.pr.gov.br\/index.php\/mp-de-contas-opina-pela-negativa-de-registro-de-aposentadoria-de-servidores-publicos-em-ascensao-funcional\/"]}]},{"@type":"ImageObject","inLanguage":"pt-BR","@id":"https:\/\/www.mpc.pr.gov.br\/index.php\/mp-de-contas-opina-pela-negativa-de-registro-de-aposentadoria-de-servidores-publicos-em-ascensao-funcional\/#primaryimage","url":"","contentUrl":""},{"@type":"BreadcrumbList","@id":"https:\/\/www.mpc.pr.gov.br\/index.php\/mp-de-contas-opina-pela-negativa-de-registro-de-aposentadoria-de-servidores-publicos-em-ascensao-funcional\/#breadcrumb","itemListElement":[{"@type":"ListItem","position":1,"name":"In\u00edcio","item":"https:\/\/www.mpc.pr.gov.br\/"},{"@type":"ListItem","position":2,"name":"MP de Contas opina pela negativa de registro de aposentadoria de servidores p\u00fablicos em ascens\u00e3o funcional"}]},{"@type":"WebSite","@id":"https:\/\/www.mpc.pr.gov.br\/#website","url":"https:\/\/www.mpc.pr.gov.br\/","name":"Minist\u00e9rio P\u00fablico de Contas do Estado do Paran\u00e1","description":"","publisher":{"@id":"https:\/\/www.mpc.pr.gov.br\/#organization"},"potentialAction":[{"@type":"SearchAction","target":{"@type":"EntryPoint","urlTemplate":"https:\/\/www.mpc.pr.gov.br\/?s={search_term_string}"},"query-input":{"@type":"PropertyValueSpecification","valueRequired":true,"valueName":"search_term_string"}}],"inLanguage":"pt-BR"},{"@type":"Organization","@id":"https:\/\/www.mpc.pr.gov.br\/#organization","name":"Minist\u00e9rio P\u00fablico de Contas do Estado do Paran\u00e1","url":"https:\/\/www.mpc.pr.gov.br\/","logo":{"@type":"ImageObject","inLanguage":"pt-BR","@id":"https:\/\/www.mpc.pr.gov.br\/#\/schema\/logo\/image\/","url":"https:\/\/www.mpc.pr.gov.br\/wp-content\/uploads\/2020\/06\/99423647_1593460364143890_6706793420720963584_n-1-e1591387983167.png","contentUrl":"https:\/\/www.mpc.pr.gov.br\/wp-content\/uploads\/2020\/06\/99423647_1593460364143890_6706793420720963584_n-1-e1591387983167.png","width":243,"height":73,"caption":"Minist\u00e9rio P\u00fablico de Contas do Estado do Paran\u00e1"},"image":{"@id":"https:\/\/www.mpc.pr.gov.br\/#\/schema\/logo\/image\/"},"sameAs":["https:\/\/www.facebook.com\/mpc.pr","https:\/\/www.instagram.com\/mpc.pr\/?hl=pt-br","https:\/\/www.youtube.com\/channel\/UCHri5oEM8DV0ztX57E0sBSw"]},{"@type":"Person","@id":"https:\/\/www.mpc.pr.gov.br\/#\/schema\/person\/d0c5cf9ebb4d8be833c419f3538cf751","name":"giovanna.faria","image":{"@type":"ImageObject","inLanguage":"pt-BR","@id":"https:\/\/secure.gravatar.com\/avatar\/?s=96&d=mm&r=g","url":"https:\/\/secure.gravatar.com\/avatar\/?s=96&d=mm&r=g","contentUrl":"https:\/\/secure.gravatar.com\/avatar\/?s=96&d=mm&r=g","caption":"giovanna.faria"}}]}},"rttpg_featured_image_url":null,"rttpg_author":{"display_name":"giovanna.faria","author_link":"https:\/\/www.mpc.pr.gov.br\/index.php\/author\/giovanna-faria\/"},"rttpg_comment":0,"rttpg_category":"<a href=\"https:\/\/www.mpc.pr.gov.br\/index.php\/category\/todas-as-noticias\/\" rel=\"category tag\">Todas as not\u00edcias<\/a> <a href=\"https:\/\/www.mpc.pr.gov.br\/index.php\/category\/ultimas-noticias\/\" rel=\"category tag\">\u00daltimas not\u00edcias<\/a>","rttpg_excerpt":"Em processos de registro de aposentadoria, o MP de Contas defendeu a inconstitucionalidade de toda forma de provimento derivado, ap\u00f3s a Constitui\u00e7\u00e3o Federal (CF) de 1988. Pois, foi banida do ordenamento jur\u00eddico a figura da ascens\u00e3o funcional, o que resulta na necessidade de pr\u00e9via aprova\u00e7\u00e3o em concurso p\u00fablico para admiss\u00e3o em cargos p\u00fablicos. Da an\u00e1lise&hellip;","_links":{"self":[{"href":"https:\/\/www.mpc.pr.gov.br\/index.php\/wp-json\/wp\/v2\/posts\/5410","targetHints":{"allow":["GET"]}}],"collection":[{"href":"https:\/\/www.mpc.pr.gov.br\/index.php\/wp-json\/wp\/v2\/posts"}],"about":[{"href":"https:\/\/www.mpc.pr.gov.br\/index.php\/wp-json\/wp\/v2\/types\/post"}],"author":[{"embeddable":true,"href":"https:\/\/www.mpc.pr.gov.br\/index.php\/wp-json\/wp\/v2\/users\/5"}],"replies":[{"embeddable":true,"href":"https:\/\/www.mpc.pr.gov.br\/index.php\/wp-json\/wp\/v2\/comments?post=5410"}],"version-history":[{"count":0,"href":"https:\/\/www.mpc.pr.gov.br\/index.php\/wp-json\/wp\/v2\/posts\/5410\/revisions"}],"wp:featuredmedia":[{"embeddable":true,"href":"https:\/\/www.mpc.pr.gov.br\/index.php\/wp-json\/"}],"wp:attachment":[{"href":"https:\/\/www.mpc.pr.gov.br\/index.php\/wp-json\/wp\/v2\/media?parent=5410"}],"wp:term":[{"taxonomy":"category","embeddable":true,"href":"https:\/\/www.mpc.pr.gov.br\/index.php\/wp-json\/wp\/v2\/categories?post=5410"},{"taxonomy":"post_tag","embeddable":true,"href":"https:\/\/www.mpc.pr.gov.br\/index.php\/wp-json\/wp\/v2\/tags?post=5410"}],"curies":[{"name":"wp","href":"https:\/\/api.w.org\/{rel}","templated":true}]}}