{"id":5495,"date":"2017-11-14T10:34:28","date_gmt":"2017-11-14T13:34:28","guid":{"rendered":"http:\/\/www.mpc.pr.gov.br\/?p=5495"},"modified":"2017-11-14T10:34:28","modified_gmt":"2017-11-14T13:34:28","slug":"tce-pr-acolheu-o-opinativo-do-mp-de-contas-quanto-a-irregularidades-no-municipio-de-sao-miguel-do-iguacu","status":"publish","type":"post","link":"https:\/\/www.mpc.pr.gov.br\/index.php\/tce-pr-acolheu-o-opinativo-do-mp-de-contas-quanto-a-irregularidades-no-municipio-de-sao-miguel-do-iguacu\/","title":{"rendered":"TCE-PR acolheu o opinativo do MP de Contas quanto a irregularidades no munic\u00edpio de S\u00e3o Miguel do Igua\u00e7u"},"content":{"rendered":"<p><img fetchpriority=\"high\" decoding=\"async\" class=\"size-medium wp-image-5497 alignleft\" src=\"http:\/\/www.mpc.pr.gov.br\/wp-content\/uploads\/2017\/11\/floor-plan-1474454_1920-300x199.jpg\" alt=\"\" width=\"300\" height=\"199\" \/>A Segunda C\u00e2mara do Tribunal de Contas do Paran\u00e1 (TCE-PR) julgou diversas irregularidades referentes a obras iniciadas entre os exerc\u00edcios financeiros de 2002 e 2004, apontadas por uma auditoria feita na cidade de S\u00e3o Miguel do Igua\u00e7u. Os membros votaram pela irregularidade das contas do Prefeito \u00e0 \u00e9poca, Armando Luiz Polita, e da Construtora Oliveira Ltda., al\u00e9m de condenar solidariamente os citados \u00e0 restitui\u00e7\u00e3o de valores ao munic\u00edpio.<\/p>\n<p>Por sugest\u00e3o da 8\u00aa Procuradoria de Contas, o Pleno decidiu pela instaura\u00e7\u00e3o de Tomada de Contas Extraordin\u00e1ria para apurar poss\u00edveis danos ao er\u00e1rio decorrente dessas irregularidades, com especial destaque para a constru\u00e7\u00e3o de um barrac\u00e3o para a implanta\u00e7\u00e3o de uma ind\u00fastria de confec\u00e7\u00f5es.<\/p>\n<p>A Coordenadoria de Fiscaliza\u00e7\u00e3o Municipal (COFIM) constatou que houve aus\u00eancia de controle interno e fiscaliza\u00e7\u00e3o por parte do gestor e entendeu caracterizada a culpa presumida da construtora diante do inadimplemento contratual, havendo nexo casual relativamente aos danos decorrentes da utiliza\u00e7\u00e3o de materiais diversos dos projetados e do conserto da estrutura danificada pelo vendaval e refor\u00e7o da estrutura existente. Dessa forma, tanto a unidade t\u00e9cnica como o MP de Contas opinaram pela condena\u00e7\u00e3o solid\u00e1ria de Polita e da empresa \u00e0 restitui\u00e7\u00e3o de R$ 475.500,00.<\/p>\n<p>Ao longo do processo, a COFIM desconsiderou as irregularidades que n\u00e3o envolviam a possibilidade de exist\u00eancia de dano ao er\u00e1rio, pois nesses casos h\u00e1 a impossibilidade de impor multas, nos termos do Prejulgado n\u00ba 001. \u00a0Com base nessa decis\u00e3o foi recha\u00e7ada a preliminar arguida pela Construtora Oliveira Ltda., no que se refere a nulidade do despacho que determinou a intima\u00e7\u00e3o da empresa e do ent\u00e3o Prefeito, para manifesta\u00e7\u00e3o espec\u00edfica quanto ao apontamento de dano relativo \u00e0 utiliza\u00e7\u00e3o, na execu\u00e7\u00e3o da estrutura met\u00e1lica, de materiais com espessura inferior a determinada pelo projeto inicial, no valor de R$ 176.227,54.<\/p>\n<p>Ressalte-se que a convers\u00e3o do feito em Tomada de Contas Extraordin\u00e1ria abrange todas as irregularidades apontadas no relat\u00f3rio de Auditoria, sem impor qualquer esp\u00e9cie de limita\u00e7\u00e3o ao objeto processual e nem desconsidera os fatos que supostamente ensejam dano ao er\u00e1rio. At\u00e9 porque, o processo de controle externo que tramita junto \u00e0s Cortes de Contas permite a an\u00e1lise de situa\u00e7\u00f5es que comprometem o interesse p\u00fablico, mesmo que sejam noticiadas durante a tramita\u00e7\u00e3o do processo.<\/p>\n<p>Al\u00e9m disso, j\u00e1 houve decis\u00e3o do Tribunal de Contas da Uni\u00e3o sobre a possibilidade de delibera\u00e7\u00e3o acerca de fatos levados a conhecimento do relator durante a instru\u00e7\u00e3o processual, desde que o assunto n\u00e3o esteja acobertado pelo manto da coisa julgada formal administrativa.<\/p>\n<p>O Relator, Auditor Cl\u00e1udio Augusto Canha, acolheu os opinativos da unidade t\u00e9cnica e do <em>Parquet<\/em> e, por unanimidade dos votos, a Segunda C\u00e2mara do TCE-PR julgou irregular as contas do Prefeito e da Construtora Oliveira Ltda., condenando ambos, solidariamente, ao recolhimento de valores referentes \u00e0 utiliza\u00e7\u00e3o de materiais em espessuras menores que as indicadas no projeto (R$176.227,54) e restitui\u00e7\u00e3o do valor de R$ 475.500,00, em raz\u00e3o dos danos decorrentes da necessidade de refor\u00e7o da estrutura e da ruina parcial ocorrida na constru\u00e7\u00e3o do barrac\u00e3o.<\/p>\n<p>Para acessar o Ac\u00f3rd\u00e3o n\u00b0 4391\/17 na \u00edntegra, clique<a href=\"http:\/\/www.mpc.pr.gov.br\/wp-content\/uploads\/2017\/11\/Ac\u00f3rd\u00e3o-4391-17.pdf\"> aqui.<\/a><\/p>\n","protected":false},"excerpt":{"rendered":"<p>A Segunda C\u00e2mara do Tribunal de Contas do Paran\u00e1 (TCE-PR) julgou diversas irregularidades referentes a obras iniciadas entre os exerc\u00edcios financeiros de 2002 e 2004, apontadas por uma auditoria feita na cidade de S\u00e3o Miguel do Igua\u00e7u. Os membros votaram pela irregularidade das contas do Prefeito \u00e0 \u00e9poca, Armando Luiz Polita, e da Construtora Oliveira [&hellip;]<\/p>\n","protected":false},"author":5,"featured_media":5497,"comment_status":"open","ping_status":"open","sticky":false,"template":"","format":"standard","meta":{"_monsterinsights_skip_tracking":false,"_monsterinsights_sitenote_active":false,"_monsterinsights_sitenote_note":"","_monsterinsights_sitenote_category":0,"footnotes":""},"categories":[7,14],"tags":[],"class_list":["post-5495","post","type-post","status-publish","format-standard","has-post-thumbnail","hentry","category-todas-as-noticias","category-ultimas-noticias","entry","has-media"],"yoast_head":"<!-- This site is optimized with the Yoast SEO plugin v27.3 - https:\/\/yoast.com\/product\/yoast-seo-wordpress\/ -->\n<title>TCE-PR acolheu o opinativo do MP de Contas quanto a irregularidades no munic\u00edpio de S\u00e3o Miguel do Igua\u00e7u - Minist\u00e9rio P\u00fablico de Contas do Estado do Paran\u00e1<\/title>\n<meta name=\"robots\" content=\"index, follow, max-snippet:-1, max-image-preview:large, max-video-preview:-1\" \/>\n<link rel=\"canonical\" href=\"https:\/\/www.mpc.pr.gov.br\/index.php\/tce-pr-acolheu-o-opinativo-do-mp-de-contas-quanto-a-irregularidades-no-municipio-de-sao-miguel-do-iguacu\/\" \/>\n<meta property=\"og:locale\" content=\"pt_BR\" \/>\n<meta property=\"og:type\" content=\"article\" \/>\n<meta property=\"og:title\" content=\"TCE-PR acolheu o opinativo do MP de Contas quanto a irregularidades no munic\u00edpio de S\u00e3o Miguel do Igua\u00e7u - Minist\u00e9rio P\u00fablico de Contas do Estado do Paran\u00e1\" \/>\n<meta property=\"og:description\" content=\"A Segunda C\u00e2mara do Tribunal de Contas do Paran\u00e1 (TCE-PR) julgou diversas irregularidades referentes a obras iniciadas entre os exerc\u00edcios financeiros de 2002 e 2004, apontadas por uma auditoria feita na cidade de S\u00e3o Miguel do Igua\u00e7u. Os membros votaram pela irregularidade das contas do Prefeito \u00e0 \u00e9poca, Armando Luiz Polita, e da Construtora Oliveira [&hellip;]\" \/>\n<meta property=\"og:url\" content=\"https:\/\/www.mpc.pr.gov.br\/index.php\/tce-pr-acolheu-o-opinativo-do-mp-de-contas-quanto-a-irregularidades-no-municipio-de-sao-miguel-do-iguacu\/\" \/>\n<meta property=\"og:site_name\" content=\"Minist\u00e9rio P\u00fablico de Contas do Estado do Paran\u00e1\" \/>\n<meta property=\"article:publisher\" content=\"https:\/\/www.facebook.com\/mpc.pr\" \/>\n<meta property=\"article:published_time\" content=\"2017-11-14T13:34:28+00:00\" \/>\n<meta name=\"author\" content=\"giovanna.faria\" \/>\n<meta name=\"twitter:card\" content=\"summary_large_image\" \/>\n<meta name=\"twitter:label1\" content=\"Escrito por\" \/>\n\t<meta name=\"twitter:data1\" content=\"giovanna.faria\" \/>\n\t<meta name=\"twitter:label2\" content=\"Est. tempo de leitura\" \/>\n\t<meta name=\"twitter:data2\" content=\"3 minutos\" \/>\n<script type=\"application\/ld+json\" class=\"yoast-schema-graph\">{\"@context\":\"https:\\\/\\\/schema.org\",\"@graph\":[{\"@type\":\"Article\",\"@id\":\"https:\\\/\\\/www.mpc.pr.gov.br\\\/index.php\\\/tce-pr-acolheu-o-opinativo-do-mp-de-contas-quanto-a-irregularidades-no-municipio-de-sao-miguel-do-iguacu\\\/#article\",\"isPartOf\":{\"@id\":\"https:\\\/\\\/www.mpc.pr.gov.br\\\/index.php\\\/tce-pr-acolheu-o-opinativo-do-mp-de-contas-quanto-a-irregularidades-no-municipio-de-sao-miguel-do-iguacu\\\/\"},\"author\":{\"name\":\"giovanna.faria\",\"@id\":\"https:\\\/\\\/www.mpc.pr.gov.br\\\/#\\\/schema\\\/person\\\/d0c5cf9ebb4d8be833c419f3538cf751\"},\"headline\":\"TCE-PR acolheu o opinativo do MP de Contas quanto a irregularidades no munic\u00edpio de S\u00e3o Miguel do Igua\u00e7u\",\"datePublished\":\"2017-11-14T13:34:28+00:00\",\"mainEntityOfPage\":{\"@id\":\"https:\\\/\\\/www.mpc.pr.gov.br\\\/index.php\\\/tce-pr-acolheu-o-opinativo-do-mp-de-contas-quanto-a-irregularidades-no-municipio-de-sao-miguel-do-iguacu\\\/\"},\"wordCount\":573,\"commentCount\":0,\"publisher\":{\"@id\":\"https:\\\/\\\/www.mpc.pr.gov.br\\\/#organization\"},\"image\":{\"@id\":\"https:\\\/\\\/www.mpc.pr.gov.br\\\/index.php\\\/tce-pr-acolheu-o-opinativo-do-mp-de-contas-quanto-a-irregularidades-no-municipio-de-sao-miguel-do-iguacu\\\/#primaryimage\"},\"thumbnailUrl\":\"\",\"articleSection\":[\"Todas as not\u00edcias\",\"\u00daltimas not\u00edcias\"],\"inLanguage\":\"pt-BR\",\"potentialAction\":[{\"@type\":\"CommentAction\",\"name\":\"Comment\",\"target\":[\"https:\\\/\\\/www.mpc.pr.gov.br\\\/index.php\\\/tce-pr-acolheu-o-opinativo-do-mp-de-contas-quanto-a-irregularidades-no-municipio-de-sao-miguel-do-iguacu\\\/#respond\"]}]},{\"@type\":\"WebPage\",\"@id\":\"https:\\\/\\\/www.mpc.pr.gov.br\\\/index.php\\\/tce-pr-acolheu-o-opinativo-do-mp-de-contas-quanto-a-irregularidades-no-municipio-de-sao-miguel-do-iguacu\\\/\",\"url\":\"https:\\\/\\\/www.mpc.pr.gov.br\\\/index.php\\\/tce-pr-acolheu-o-opinativo-do-mp-de-contas-quanto-a-irregularidades-no-municipio-de-sao-miguel-do-iguacu\\\/\",\"name\":\"TCE-PR acolheu o opinativo do MP de Contas quanto a irregularidades no munic\u00edpio de S\u00e3o Miguel do Igua\u00e7u - Minist\u00e9rio P\u00fablico de Contas do Estado do Paran\u00e1\",\"isPartOf\":{\"@id\":\"https:\\\/\\\/www.mpc.pr.gov.br\\\/#website\"},\"primaryImageOfPage\":{\"@id\":\"https:\\\/\\\/www.mpc.pr.gov.br\\\/index.php\\\/tce-pr-acolheu-o-opinativo-do-mp-de-contas-quanto-a-irregularidades-no-municipio-de-sao-miguel-do-iguacu\\\/#primaryimage\"},\"image\":{\"@id\":\"https:\\\/\\\/www.mpc.pr.gov.br\\\/index.php\\\/tce-pr-acolheu-o-opinativo-do-mp-de-contas-quanto-a-irregularidades-no-municipio-de-sao-miguel-do-iguacu\\\/#primaryimage\"},\"thumbnailUrl\":\"\",\"datePublished\":\"2017-11-14T13:34:28+00:00\",\"breadcrumb\":{\"@id\":\"https:\\\/\\\/www.mpc.pr.gov.br\\\/index.php\\\/tce-pr-acolheu-o-opinativo-do-mp-de-contas-quanto-a-irregularidades-no-municipio-de-sao-miguel-do-iguacu\\\/#breadcrumb\"},\"inLanguage\":\"pt-BR\",\"potentialAction\":[{\"@type\":\"ReadAction\",\"target\":[\"https:\\\/\\\/www.mpc.pr.gov.br\\\/index.php\\\/tce-pr-acolheu-o-opinativo-do-mp-de-contas-quanto-a-irregularidades-no-municipio-de-sao-miguel-do-iguacu\\\/\"]}]},{\"@type\":\"ImageObject\",\"inLanguage\":\"pt-BR\",\"@id\":\"https:\\\/\\\/www.mpc.pr.gov.br\\\/index.php\\\/tce-pr-acolheu-o-opinativo-do-mp-de-contas-quanto-a-irregularidades-no-municipio-de-sao-miguel-do-iguacu\\\/#primaryimage\",\"url\":\"\",\"contentUrl\":\"\"},{\"@type\":\"BreadcrumbList\",\"@id\":\"https:\\\/\\\/www.mpc.pr.gov.br\\\/index.php\\\/tce-pr-acolheu-o-opinativo-do-mp-de-contas-quanto-a-irregularidades-no-municipio-de-sao-miguel-do-iguacu\\\/#breadcrumb\",\"itemListElement\":[{\"@type\":\"ListItem\",\"position\":1,\"name\":\"In\u00edcio\",\"item\":\"https:\\\/\\\/www.mpc.pr.gov.br\\\/\"},{\"@type\":\"ListItem\",\"position\":2,\"name\":\"TCE-PR acolheu o opinativo do MP de Contas quanto a irregularidades no munic\u00edpio de S\u00e3o Miguel do Igua\u00e7u\"}]},{\"@type\":\"WebSite\",\"@id\":\"https:\\\/\\\/www.mpc.pr.gov.br\\\/#website\",\"url\":\"https:\\\/\\\/www.mpc.pr.gov.br\\\/\",\"name\":\"Minist\u00e9rio P\u00fablico de Contas do Estado do Paran\u00e1\",\"description\":\"\",\"publisher\":{\"@id\":\"https:\\\/\\\/www.mpc.pr.gov.br\\\/#organization\"},\"potentialAction\":[{\"@type\":\"SearchAction\",\"target\":{\"@type\":\"EntryPoint\",\"urlTemplate\":\"https:\\\/\\\/www.mpc.pr.gov.br\\\/?s={search_term_string}\"},\"query-input\":{\"@type\":\"PropertyValueSpecification\",\"valueRequired\":true,\"valueName\":\"search_term_string\"}}],\"inLanguage\":\"pt-BR\"},{\"@type\":\"Organization\",\"@id\":\"https:\\\/\\\/www.mpc.pr.gov.br\\\/#organization\",\"name\":\"Minist\u00e9rio P\u00fablico de Contas do Estado do Paran\u00e1\",\"url\":\"https:\\\/\\\/www.mpc.pr.gov.br\\\/\",\"logo\":{\"@type\":\"ImageObject\",\"inLanguage\":\"pt-BR\",\"@id\":\"https:\\\/\\\/www.mpc.pr.gov.br\\\/#\\\/schema\\\/logo\\\/image\\\/\",\"url\":\"https:\\\/\\\/www.mpc.pr.gov.br\\\/wp-content\\\/uploads\\\/2020\\\/06\\\/99423647_1593460364143890_6706793420720963584_n-1-e1591387983167.png\",\"contentUrl\":\"https:\\\/\\\/www.mpc.pr.gov.br\\\/wp-content\\\/uploads\\\/2020\\\/06\\\/99423647_1593460364143890_6706793420720963584_n-1-e1591387983167.png\",\"width\":243,\"height\":73,\"caption\":\"Minist\u00e9rio P\u00fablico de Contas do Estado do Paran\u00e1\"},\"image\":{\"@id\":\"https:\\\/\\\/www.mpc.pr.gov.br\\\/#\\\/schema\\\/logo\\\/image\\\/\"},\"sameAs\":[\"https:\\\/\\\/www.facebook.com\\\/mpc.pr\",\"https:\\\/\\\/www.instagram.com\\\/mpc.pr\\\/?hl=pt-br\",\"https:\\\/\\\/www.youtube.com\\\/channel\\\/UCHri5oEM8DV0ztX57E0sBSw\"]},{\"@type\":\"Person\",\"@id\":\"https:\\\/\\\/www.mpc.pr.gov.br\\\/#\\\/schema\\\/person\\\/d0c5cf9ebb4d8be833c419f3538cf751\",\"name\":\"giovanna.faria\",\"image\":{\"@type\":\"ImageObject\",\"inLanguage\":\"pt-BR\",\"@id\":\"https:\\\/\\\/secure.gravatar.com\\\/avatar\\\/?s=96&d=mm&r=g\",\"url\":\"https:\\\/\\\/secure.gravatar.com\\\/avatar\\\/?s=96&d=mm&r=g\",\"contentUrl\":\"https:\\\/\\\/secure.gravatar.com\\\/avatar\\\/?s=96&d=mm&r=g\",\"caption\":\"giovanna.faria\"}}]}<\/script>\n<!-- \/ Yoast SEO plugin. -->","yoast_head_json":{"title":"TCE-PR acolheu o opinativo do MP de Contas quanto a irregularidades no munic\u00edpio de S\u00e3o Miguel do Igua\u00e7u - Minist\u00e9rio P\u00fablico de Contas do Estado do Paran\u00e1","robots":{"index":"index","follow":"follow","max-snippet":"max-snippet:-1","max-image-preview":"max-image-preview:large","max-video-preview":"max-video-preview:-1"},"canonical":"https:\/\/www.mpc.pr.gov.br\/index.php\/tce-pr-acolheu-o-opinativo-do-mp-de-contas-quanto-a-irregularidades-no-municipio-de-sao-miguel-do-iguacu\/","og_locale":"pt_BR","og_type":"article","og_title":"TCE-PR acolheu o opinativo do MP de Contas quanto a irregularidades no munic\u00edpio de S\u00e3o Miguel do Igua\u00e7u - Minist\u00e9rio P\u00fablico de Contas do Estado do Paran\u00e1","og_description":"A Segunda C\u00e2mara do Tribunal de Contas do Paran\u00e1 (TCE-PR) julgou diversas irregularidades referentes a obras iniciadas entre os exerc\u00edcios financeiros de 2002 e 2004, apontadas por uma auditoria feita na cidade de S\u00e3o Miguel do Igua\u00e7u. Os membros votaram pela irregularidade das contas do Prefeito \u00e0 \u00e9poca, Armando Luiz Polita, e da Construtora Oliveira [&hellip;]","og_url":"https:\/\/www.mpc.pr.gov.br\/index.php\/tce-pr-acolheu-o-opinativo-do-mp-de-contas-quanto-a-irregularidades-no-municipio-de-sao-miguel-do-iguacu\/","og_site_name":"Minist\u00e9rio P\u00fablico de Contas do Estado do Paran\u00e1","article_publisher":"https:\/\/www.facebook.com\/mpc.pr","article_published_time":"2017-11-14T13:34:28+00:00","author":"giovanna.faria","twitter_card":"summary_large_image","twitter_misc":{"Escrito por":"giovanna.faria","Est. tempo de leitura":"3 minutos"},"schema":{"@context":"https:\/\/schema.org","@graph":[{"@type":"Article","@id":"https:\/\/www.mpc.pr.gov.br\/index.php\/tce-pr-acolheu-o-opinativo-do-mp-de-contas-quanto-a-irregularidades-no-municipio-de-sao-miguel-do-iguacu\/#article","isPartOf":{"@id":"https:\/\/www.mpc.pr.gov.br\/index.php\/tce-pr-acolheu-o-opinativo-do-mp-de-contas-quanto-a-irregularidades-no-municipio-de-sao-miguel-do-iguacu\/"},"author":{"name":"giovanna.faria","@id":"https:\/\/www.mpc.pr.gov.br\/#\/schema\/person\/d0c5cf9ebb4d8be833c419f3538cf751"},"headline":"TCE-PR acolheu o opinativo do MP de Contas quanto a irregularidades no munic\u00edpio de S\u00e3o Miguel do Igua\u00e7u","datePublished":"2017-11-14T13:34:28+00:00","mainEntityOfPage":{"@id":"https:\/\/www.mpc.pr.gov.br\/index.php\/tce-pr-acolheu-o-opinativo-do-mp-de-contas-quanto-a-irregularidades-no-municipio-de-sao-miguel-do-iguacu\/"},"wordCount":573,"commentCount":0,"publisher":{"@id":"https:\/\/www.mpc.pr.gov.br\/#organization"},"image":{"@id":"https:\/\/www.mpc.pr.gov.br\/index.php\/tce-pr-acolheu-o-opinativo-do-mp-de-contas-quanto-a-irregularidades-no-municipio-de-sao-miguel-do-iguacu\/#primaryimage"},"thumbnailUrl":"","articleSection":["Todas as not\u00edcias","\u00daltimas not\u00edcias"],"inLanguage":"pt-BR","potentialAction":[{"@type":"CommentAction","name":"Comment","target":["https:\/\/www.mpc.pr.gov.br\/index.php\/tce-pr-acolheu-o-opinativo-do-mp-de-contas-quanto-a-irregularidades-no-municipio-de-sao-miguel-do-iguacu\/#respond"]}]},{"@type":"WebPage","@id":"https:\/\/www.mpc.pr.gov.br\/index.php\/tce-pr-acolheu-o-opinativo-do-mp-de-contas-quanto-a-irregularidades-no-municipio-de-sao-miguel-do-iguacu\/","url":"https:\/\/www.mpc.pr.gov.br\/index.php\/tce-pr-acolheu-o-opinativo-do-mp-de-contas-quanto-a-irregularidades-no-municipio-de-sao-miguel-do-iguacu\/","name":"TCE-PR acolheu o opinativo do MP de Contas quanto a irregularidades no munic\u00edpio de S\u00e3o Miguel do Igua\u00e7u - Minist\u00e9rio P\u00fablico de Contas do Estado do Paran\u00e1","isPartOf":{"@id":"https:\/\/www.mpc.pr.gov.br\/#website"},"primaryImageOfPage":{"@id":"https:\/\/www.mpc.pr.gov.br\/index.php\/tce-pr-acolheu-o-opinativo-do-mp-de-contas-quanto-a-irregularidades-no-municipio-de-sao-miguel-do-iguacu\/#primaryimage"},"image":{"@id":"https:\/\/www.mpc.pr.gov.br\/index.php\/tce-pr-acolheu-o-opinativo-do-mp-de-contas-quanto-a-irregularidades-no-municipio-de-sao-miguel-do-iguacu\/#primaryimage"},"thumbnailUrl":"","datePublished":"2017-11-14T13:34:28+00:00","breadcrumb":{"@id":"https:\/\/www.mpc.pr.gov.br\/index.php\/tce-pr-acolheu-o-opinativo-do-mp-de-contas-quanto-a-irregularidades-no-municipio-de-sao-miguel-do-iguacu\/#breadcrumb"},"inLanguage":"pt-BR","potentialAction":[{"@type":"ReadAction","target":["https:\/\/www.mpc.pr.gov.br\/index.php\/tce-pr-acolheu-o-opinativo-do-mp-de-contas-quanto-a-irregularidades-no-municipio-de-sao-miguel-do-iguacu\/"]}]},{"@type":"ImageObject","inLanguage":"pt-BR","@id":"https:\/\/www.mpc.pr.gov.br\/index.php\/tce-pr-acolheu-o-opinativo-do-mp-de-contas-quanto-a-irregularidades-no-municipio-de-sao-miguel-do-iguacu\/#primaryimage","url":"","contentUrl":""},{"@type":"BreadcrumbList","@id":"https:\/\/www.mpc.pr.gov.br\/index.php\/tce-pr-acolheu-o-opinativo-do-mp-de-contas-quanto-a-irregularidades-no-municipio-de-sao-miguel-do-iguacu\/#breadcrumb","itemListElement":[{"@type":"ListItem","position":1,"name":"In\u00edcio","item":"https:\/\/www.mpc.pr.gov.br\/"},{"@type":"ListItem","position":2,"name":"TCE-PR acolheu o opinativo do MP de Contas quanto a irregularidades no munic\u00edpio de S\u00e3o Miguel do Igua\u00e7u"}]},{"@type":"WebSite","@id":"https:\/\/www.mpc.pr.gov.br\/#website","url":"https:\/\/www.mpc.pr.gov.br\/","name":"Minist\u00e9rio P\u00fablico de Contas do Estado do Paran\u00e1","description":"","publisher":{"@id":"https:\/\/www.mpc.pr.gov.br\/#organization"},"potentialAction":[{"@type":"SearchAction","target":{"@type":"EntryPoint","urlTemplate":"https:\/\/www.mpc.pr.gov.br\/?s={search_term_string}"},"query-input":{"@type":"PropertyValueSpecification","valueRequired":true,"valueName":"search_term_string"}}],"inLanguage":"pt-BR"},{"@type":"Organization","@id":"https:\/\/www.mpc.pr.gov.br\/#organization","name":"Minist\u00e9rio P\u00fablico de Contas do Estado do Paran\u00e1","url":"https:\/\/www.mpc.pr.gov.br\/","logo":{"@type":"ImageObject","inLanguage":"pt-BR","@id":"https:\/\/www.mpc.pr.gov.br\/#\/schema\/logo\/image\/","url":"https:\/\/www.mpc.pr.gov.br\/wp-content\/uploads\/2020\/06\/99423647_1593460364143890_6706793420720963584_n-1-e1591387983167.png","contentUrl":"https:\/\/www.mpc.pr.gov.br\/wp-content\/uploads\/2020\/06\/99423647_1593460364143890_6706793420720963584_n-1-e1591387983167.png","width":243,"height":73,"caption":"Minist\u00e9rio P\u00fablico de Contas do Estado do Paran\u00e1"},"image":{"@id":"https:\/\/www.mpc.pr.gov.br\/#\/schema\/logo\/image\/"},"sameAs":["https:\/\/www.facebook.com\/mpc.pr","https:\/\/www.instagram.com\/mpc.pr\/?hl=pt-br","https:\/\/www.youtube.com\/channel\/UCHri5oEM8DV0ztX57E0sBSw"]},{"@type":"Person","@id":"https:\/\/www.mpc.pr.gov.br\/#\/schema\/person\/d0c5cf9ebb4d8be833c419f3538cf751","name":"giovanna.faria","image":{"@type":"ImageObject","inLanguage":"pt-BR","@id":"https:\/\/secure.gravatar.com\/avatar\/?s=96&d=mm&r=g","url":"https:\/\/secure.gravatar.com\/avatar\/?s=96&d=mm&r=g","contentUrl":"https:\/\/secure.gravatar.com\/avatar\/?s=96&d=mm&r=g","caption":"giovanna.faria"}}]}},"rttpg_featured_image_url":null,"rttpg_author":{"display_name":"giovanna.faria","author_link":"https:\/\/www.mpc.pr.gov.br\/index.php\/author\/giovanna-faria\/"},"rttpg_comment":0,"rttpg_category":"<a href=\"https:\/\/www.mpc.pr.gov.br\/index.php\/category\/todas-as-noticias\/\" rel=\"category tag\">Todas as not\u00edcias<\/a> <a href=\"https:\/\/www.mpc.pr.gov.br\/index.php\/category\/ultimas-noticias\/\" rel=\"category tag\">\u00daltimas not\u00edcias<\/a>","rttpg_excerpt":"A Segunda C\u00e2mara do Tribunal de Contas do Paran\u00e1 (TCE-PR) julgou diversas irregularidades referentes a obras iniciadas entre os exerc\u00edcios financeiros de 2002 e 2004, apontadas por uma auditoria feita na cidade de S\u00e3o Miguel do Igua\u00e7u. Os membros votaram pela irregularidade das contas do Prefeito \u00e0 \u00e9poca, Armando Luiz Polita, e da Construtora Oliveira&hellip;","_links":{"self":[{"href":"https:\/\/www.mpc.pr.gov.br\/index.php\/wp-json\/wp\/v2\/posts\/5495","targetHints":{"allow":["GET"]}}],"collection":[{"href":"https:\/\/www.mpc.pr.gov.br\/index.php\/wp-json\/wp\/v2\/posts"}],"about":[{"href":"https:\/\/www.mpc.pr.gov.br\/index.php\/wp-json\/wp\/v2\/types\/post"}],"author":[{"embeddable":true,"href":"https:\/\/www.mpc.pr.gov.br\/index.php\/wp-json\/wp\/v2\/users\/5"}],"replies":[{"embeddable":true,"href":"https:\/\/www.mpc.pr.gov.br\/index.php\/wp-json\/wp\/v2\/comments?post=5495"}],"version-history":[{"count":0,"href":"https:\/\/www.mpc.pr.gov.br\/index.php\/wp-json\/wp\/v2\/posts\/5495\/revisions"}],"wp:featuredmedia":[{"embeddable":true,"href":"https:\/\/www.mpc.pr.gov.br\/index.php\/wp-json\/"}],"wp:attachment":[{"href":"https:\/\/www.mpc.pr.gov.br\/index.php\/wp-json\/wp\/v2\/media?parent=5495"}],"wp:term":[{"taxonomy":"category","embeddable":true,"href":"https:\/\/www.mpc.pr.gov.br\/index.php\/wp-json\/wp\/v2\/categories?post=5495"},{"taxonomy":"post_tag","embeddable":true,"href":"https:\/\/www.mpc.pr.gov.br\/index.php\/wp-json\/wp\/v2\/tags?post=5495"}],"curies":[{"name":"wp","href":"https:\/\/api.w.org\/{rel}","templated":true}]}}