{"id":5596,"date":"2018-01-18T07:49:43","date_gmt":"2018-01-18T10:49:43","guid":{"rendered":"http:\/\/www.mpc.pr.gov.br\/?p=5596"},"modified":"2018-01-18T07:49:43","modified_gmt":"2018-01-18T10:49:43","slug":"parecer-do-mp-de-contas-aponta-irregularidades-na-camara-municipal-de-bom-sucesso","status":"publish","type":"post","link":"https:\/\/www.mpc.pr.gov.br\/index.php\/parecer-do-mp-de-contas-aponta-irregularidades-na-camara-municipal-de-bom-sucesso\/","title":{"rendered":"Parecer do MP de Contas aponta irregularidades na C\u00e2mara Municipal de Bom Sucesso"},"content":{"rendered":"<p>O MP de Contas apontou a exist\u00eancia de irregularidades na C\u00e2mara Municipal de Bom Sucesso. A an\u00e1lise foi realizada pela 8\u00aa Procuradoria de Contas no processo de presta\u00e7\u00e3o de contas referente ao exerc\u00edcio de 2015.<\/p>\n<p>De maneira sucinta, as irregularidades identificadas foram as seguintes:<\/p>\n<p style=\"padding-left: 30px;\">1) aus\u00eancia servidores efetivos nos cargos de Contador e Advogado, o que contraria o Prejulgado n\u00ba 6 do TCE\/PR;<\/p>\n<p style=\"padding-left: 30px;\">2) desproporcionalidade no n\u00famero de cargos comiss\u00e3o (seis cargos comissionados contra apenas um cargo efetivo);<\/p>\n<p style=\"padding-left: 30px;\">3) pagamento de quantidade elevada de di\u00e1rias aos membros do Poder Legislativo sem a devida comprova\u00e7\u00e3o dos motivos dos deslocamentos;<\/p>\n<p style=\"padding-left: 30px;\">4) controle interno da C\u00e2mara realizado por servidor efetivo do Poder Executivo.<\/p>\n<p>Quanto \u00e0 primeira irregularidade, a manifesta\u00e7\u00e3o ministerial revelou que n\u00e3o existe no Quadro de Pessoal da C\u00e2mara o cargo efetivo de contador nem de advogado. Ademais, os profissionais identificados pelo \u00f3rg\u00e3o legislativo como respons\u00e1veis pela contabilidade ocupam cargos administrativos diversos e sequer assinam o Balan\u00e7o Patrimonial juntado.<\/p>\n<p>Tamb\u00e9m restou demonstrado que houve a contrata\u00e7\u00e3o pela C\u00e2mara de consultoria jur\u00eddica privada em detrimento da realiza\u00e7\u00e3o de concurso p\u00fablico para provimento de cargo efetivo de Advogado.<\/p>\n<p>A an\u00e1lise realizada pelo <em>Parquet<\/em> revela que existe apenas um cargo efetivo na C\u00e2mara Municipal, de Secret\u00e1ria Executiva.<\/p>\n<p>A irregularidade atinente ao pagamento extravagante de di\u00e1rias foi identificada por meio de consulta ao Portal da Transpar\u00eancia da C\u00e2mara Municipal. Ali verificou-se que o Presidente do Legislativo recebeu em 2015 mais de 44 mil reais em di\u00e1rias. O valor diverge do apresentado ao Tribunal de Contas na presta\u00e7\u00e3o de Contas. Nos documentos encaminhados, h\u00e1 not\u00edcia de pagamentos de cerca de 16 mil reais em di\u00e1rias.<\/p>\n<p>O Parecer ministerial tamb\u00e9m destaca a exist\u00eancia de A\u00e7\u00e3o de Improbidade Administrativa em face do gestor para apurar poss\u00edveis irregularidades no pagamento de di\u00e1rias nos exerc\u00edcios de 2012, 2013 e 2014.<\/p>\n<p>Com rela\u00e7\u00e3o ao controle interno, o MP de Contas sustentou que o fato de seu titular ser servidor do Poder Executivo contraria a l\u00f3gica constitucional da controladoria interna, j\u00e1 que autoriza que a fiscaliza\u00e7\u00e3o da C\u00e2mara seja realizada por agente da Prefeitura.<\/p>\n<p>Tais impropriedades ensejam, na vis\u00e3o do <em>Parquet<\/em>, a irregularidade das contas. No entanto, previamente ao julgamento do processo, o representante ministerial requereu a intima\u00e7\u00e3o dos interessados para possa ser exercido o contradit\u00f3rio e a ampla defesa.<\/p>\n<p>A \u00edntegra do Parecer pode ser conferida <a href=\"http:\/\/www.mpc.pr.gov.br\/wp-content\/uploads\/2018\/01\/Parecer-C\u00e2mara-Bom-Sucesso-2015.pdf\">aqui<\/a>.<\/p>\n","protected":false},"excerpt":{"rendered":"<p>O MP de Contas apontou a exist\u00eancia de irregularidades na C\u00e2mara Municipal de Bom Sucesso. A an\u00e1lise foi realizada pela 8\u00aa Procuradoria de Contas no processo de presta\u00e7\u00e3o de contas referente ao exerc\u00edcio de 2015. De maneira sucinta, as irregularidades identificadas foram as seguintes: 1) aus\u00eancia servidores efetivos nos cargos de Contador e Advogado, o [&hellip;]<\/p>\n","protected":false},"author":2,"featured_media":5597,"comment_status":"open","ping_status":"open","sticky":false,"template":"","format":"standard","meta":{"_monsterinsights_skip_tracking":false,"_monsterinsights_sitenote_active":false,"_monsterinsights_sitenote_note":"","_monsterinsights_sitenote_category":0,"footnotes":""},"categories":[7,14],"tags":[],"class_list":["post-5596","post","type-post","status-publish","format-standard","has-post-thumbnail","hentry","category-todas-as-noticias","category-ultimas-noticias","entry","has-media"],"yoast_head":"<!-- This site is optimized with the Yoast SEO plugin v27.3 - https:\/\/yoast.com\/product\/yoast-seo-wordpress\/ -->\n<title>Parecer do MP de Contas aponta irregularidades na C\u00e2mara Municipal de Bom Sucesso - Minist\u00e9rio P\u00fablico de Contas do Estado do Paran\u00e1<\/title>\n<meta name=\"robots\" content=\"index, follow, max-snippet:-1, max-image-preview:large, max-video-preview:-1\" \/>\n<link rel=\"canonical\" href=\"https:\/\/www.mpc.pr.gov.br\/index.php\/parecer-do-mp-de-contas-aponta-irregularidades-na-camara-municipal-de-bom-sucesso\/\" \/>\n<meta property=\"og:locale\" content=\"pt_BR\" \/>\n<meta property=\"og:type\" content=\"article\" \/>\n<meta property=\"og:title\" content=\"Parecer do MP de Contas aponta irregularidades na C\u00e2mara Municipal de Bom Sucesso - Minist\u00e9rio P\u00fablico de Contas do Estado do Paran\u00e1\" \/>\n<meta property=\"og:description\" content=\"O MP de Contas apontou a exist\u00eancia de irregularidades na C\u00e2mara Municipal de Bom Sucesso. A an\u00e1lise foi realizada pela 8\u00aa Procuradoria de Contas no processo de presta\u00e7\u00e3o de contas referente ao exerc\u00edcio de 2015. De maneira sucinta, as irregularidades identificadas foram as seguintes: 1) aus\u00eancia servidores efetivos nos cargos de Contador e Advogado, o [&hellip;]\" \/>\n<meta property=\"og:url\" content=\"https:\/\/www.mpc.pr.gov.br\/index.php\/parecer-do-mp-de-contas-aponta-irregularidades-na-camara-municipal-de-bom-sucesso\/\" \/>\n<meta property=\"og:site_name\" content=\"Minist\u00e9rio P\u00fablico de Contas do Estado do Paran\u00e1\" \/>\n<meta property=\"article:publisher\" content=\"https:\/\/www.facebook.com\/mpc.pr\" \/>\n<meta property=\"article:published_time\" content=\"2018-01-18T10:49:43+00:00\" \/>\n<meta name=\"author\" content=\"saulo.pivetta\" \/>\n<meta name=\"twitter:card\" content=\"summary_large_image\" \/>\n<meta name=\"twitter:label1\" content=\"Escrito por\" \/>\n\t<meta name=\"twitter:data1\" content=\"saulo.pivetta\" \/>\n\t<meta name=\"twitter:label2\" content=\"Est. tempo de leitura\" \/>\n\t<meta name=\"twitter:data2\" content=\"2 minutos\" \/>\n<script type=\"application\/ld+json\" class=\"yoast-schema-graph\">{\"@context\":\"https:\\\/\\\/schema.org\",\"@graph\":[{\"@type\":\"Article\",\"@id\":\"https:\\\/\\\/www.mpc.pr.gov.br\\\/index.php\\\/parecer-do-mp-de-contas-aponta-irregularidades-na-camara-municipal-de-bom-sucesso\\\/#article\",\"isPartOf\":{\"@id\":\"https:\\\/\\\/www.mpc.pr.gov.br\\\/index.php\\\/parecer-do-mp-de-contas-aponta-irregularidades-na-camara-municipal-de-bom-sucesso\\\/\"},\"author\":{\"name\":\"saulo.pivetta\",\"@id\":\"https:\\\/\\\/www.mpc.pr.gov.br\\\/#\\\/schema\\\/person\\\/9403b33fe345ff50fefc7930f6994ba1\"},\"headline\":\"Parecer do MP de Contas aponta irregularidades na C\u00e2mara Municipal de Bom Sucesso\",\"datePublished\":\"2018-01-18T10:49:43+00:00\",\"mainEntityOfPage\":{\"@id\":\"https:\\\/\\\/www.mpc.pr.gov.br\\\/index.php\\\/parecer-do-mp-de-contas-aponta-irregularidades-na-camara-municipal-de-bom-sucesso\\\/\"},\"wordCount\":432,\"commentCount\":0,\"publisher\":{\"@id\":\"https:\\\/\\\/www.mpc.pr.gov.br\\\/#organization\"},\"image\":{\"@id\":\"https:\\\/\\\/www.mpc.pr.gov.br\\\/index.php\\\/parecer-do-mp-de-contas-aponta-irregularidades-na-camara-municipal-de-bom-sucesso\\\/#primaryimage\"},\"thumbnailUrl\":\"\",\"articleSection\":[\"Todas as not\u00edcias\",\"\u00daltimas not\u00edcias\"],\"inLanguage\":\"pt-BR\",\"potentialAction\":[{\"@type\":\"CommentAction\",\"name\":\"Comment\",\"target\":[\"https:\\\/\\\/www.mpc.pr.gov.br\\\/index.php\\\/parecer-do-mp-de-contas-aponta-irregularidades-na-camara-municipal-de-bom-sucesso\\\/#respond\"]}]},{\"@type\":\"WebPage\",\"@id\":\"https:\\\/\\\/www.mpc.pr.gov.br\\\/index.php\\\/parecer-do-mp-de-contas-aponta-irregularidades-na-camara-municipal-de-bom-sucesso\\\/\",\"url\":\"https:\\\/\\\/www.mpc.pr.gov.br\\\/index.php\\\/parecer-do-mp-de-contas-aponta-irregularidades-na-camara-municipal-de-bom-sucesso\\\/\",\"name\":\"Parecer do MP de Contas aponta irregularidades na C\u00e2mara Municipal de Bom Sucesso - Minist\u00e9rio P\u00fablico de Contas do Estado do Paran\u00e1\",\"isPartOf\":{\"@id\":\"https:\\\/\\\/www.mpc.pr.gov.br\\\/#website\"},\"primaryImageOfPage\":{\"@id\":\"https:\\\/\\\/www.mpc.pr.gov.br\\\/index.php\\\/parecer-do-mp-de-contas-aponta-irregularidades-na-camara-municipal-de-bom-sucesso\\\/#primaryimage\"},\"image\":{\"@id\":\"https:\\\/\\\/www.mpc.pr.gov.br\\\/index.php\\\/parecer-do-mp-de-contas-aponta-irregularidades-na-camara-municipal-de-bom-sucesso\\\/#primaryimage\"},\"thumbnailUrl\":\"\",\"datePublished\":\"2018-01-18T10:49:43+00:00\",\"breadcrumb\":{\"@id\":\"https:\\\/\\\/www.mpc.pr.gov.br\\\/index.php\\\/parecer-do-mp-de-contas-aponta-irregularidades-na-camara-municipal-de-bom-sucesso\\\/#breadcrumb\"},\"inLanguage\":\"pt-BR\",\"potentialAction\":[{\"@type\":\"ReadAction\",\"target\":[\"https:\\\/\\\/www.mpc.pr.gov.br\\\/index.php\\\/parecer-do-mp-de-contas-aponta-irregularidades-na-camara-municipal-de-bom-sucesso\\\/\"]}]},{\"@type\":\"ImageObject\",\"inLanguage\":\"pt-BR\",\"@id\":\"https:\\\/\\\/www.mpc.pr.gov.br\\\/index.php\\\/parecer-do-mp-de-contas-aponta-irregularidades-na-camara-municipal-de-bom-sucesso\\\/#primaryimage\",\"url\":\"\",\"contentUrl\":\"\"},{\"@type\":\"BreadcrumbList\",\"@id\":\"https:\\\/\\\/www.mpc.pr.gov.br\\\/index.php\\\/parecer-do-mp-de-contas-aponta-irregularidades-na-camara-municipal-de-bom-sucesso\\\/#breadcrumb\",\"itemListElement\":[{\"@type\":\"ListItem\",\"position\":1,\"name\":\"In\u00edcio\",\"item\":\"https:\\\/\\\/www.mpc.pr.gov.br\\\/\"},{\"@type\":\"ListItem\",\"position\":2,\"name\":\"Parecer do MP de Contas aponta irregularidades na C\u00e2mara Municipal de Bom Sucesso\"}]},{\"@type\":\"WebSite\",\"@id\":\"https:\\\/\\\/www.mpc.pr.gov.br\\\/#website\",\"url\":\"https:\\\/\\\/www.mpc.pr.gov.br\\\/\",\"name\":\"Minist\u00e9rio P\u00fablico de Contas do Estado do Paran\u00e1\",\"description\":\"\",\"publisher\":{\"@id\":\"https:\\\/\\\/www.mpc.pr.gov.br\\\/#organization\"},\"potentialAction\":[{\"@type\":\"SearchAction\",\"target\":{\"@type\":\"EntryPoint\",\"urlTemplate\":\"https:\\\/\\\/www.mpc.pr.gov.br\\\/?s={search_term_string}\"},\"query-input\":{\"@type\":\"PropertyValueSpecification\",\"valueRequired\":true,\"valueName\":\"search_term_string\"}}],\"inLanguage\":\"pt-BR\"},{\"@type\":\"Organization\",\"@id\":\"https:\\\/\\\/www.mpc.pr.gov.br\\\/#organization\",\"name\":\"Minist\u00e9rio P\u00fablico de Contas do Estado do Paran\u00e1\",\"url\":\"https:\\\/\\\/www.mpc.pr.gov.br\\\/\",\"logo\":{\"@type\":\"ImageObject\",\"inLanguage\":\"pt-BR\",\"@id\":\"https:\\\/\\\/www.mpc.pr.gov.br\\\/#\\\/schema\\\/logo\\\/image\\\/\",\"url\":\"https:\\\/\\\/www.mpc.pr.gov.br\\\/wp-content\\\/uploads\\\/2020\\\/06\\\/99423647_1593460364143890_6706793420720963584_n-1-e1591387983167.png\",\"contentUrl\":\"https:\\\/\\\/www.mpc.pr.gov.br\\\/wp-content\\\/uploads\\\/2020\\\/06\\\/99423647_1593460364143890_6706793420720963584_n-1-e1591387983167.png\",\"width\":243,\"height\":73,\"caption\":\"Minist\u00e9rio P\u00fablico de Contas do Estado do Paran\u00e1\"},\"image\":{\"@id\":\"https:\\\/\\\/www.mpc.pr.gov.br\\\/#\\\/schema\\\/logo\\\/image\\\/\"},\"sameAs\":[\"https:\\\/\\\/www.facebook.com\\\/mpc.pr\",\"https:\\\/\\\/www.instagram.com\\\/mpc.pr\\\/?hl=pt-br\",\"https:\\\/\\\/www.youtube.com\\\/channel\\\/UCHri5oEM8DV0ztX57E0sBSw\"]},{\"@type\":\"Person\",\"@id\":\"https:\\\/\\\/www.mpc.pr.gov.br\\\/#\\\/schema\\\/person\\\/9403b33fe345ff50fefc7930f6994ba1\",\"name\":\"saulo.pivetta\",\"image\":{\"@type\":\"ImageObject\",\"inLanguage\":\"pt-BR\",\"@id\":\"https:\\\/\\\/secure.gravatar.com\\\/avatar\\\/?s=96&d=mm&r=g\",\"url\":\"https:\\\/\\\/secure.gravatar.com\\\/avatar\\\/?s=96&d=mm&r=g\",\"contentUrl\":\"https:\\\/\\\/secure.gravatar.com\\\/avatar\\\/?s=96&d=mm&r=g\",\"caption\":\"saulo.pivetta\"}}]}<\/script>\n<!-- \/ Yoast SEO plugin. -->","yoast_head_json":{"title":"Parecer do MP de Contas aponta irregularidades na C\u00e2mara Municipal de Bom Sucesso - Minist\u00e9rio P\u00fablico de Contas do Estado do Paran\u00e1","robots":{"index":"index","follow":"follow","max-snippet":"max-snippet:-1","max-image-preview":"max-image-preview:large","max-video-preview":"max-video-preview:-1"},"canonical":"https:\/\/www.mpc.pr.gov.br\/index.php\/parecer-do-mp-de-contas-aponta-irregularidades-na-camara-municipal-de-bom-sucesso\/","og_locale":"pt_BR","og_type":"article","og_title":"Parecer do MP de Contas aponta irregularidades na C\u00e2mara Municipal de Bom Sucesso - Minist\u00e9rio P\u00fablico de Contas do Estado do Paran\u00e1","og_description":"O MP de Contas apontou a exist\u00eancia de irregularidades na C\u00e2mara Municipal de Bom Sucesso. A an\u00e1lise foi realizada pela 8\u00aa Procuradoria de Contas no processo de presta\u00e7\u00e3o de contas referente ao exerc\u00edcio de 2015. De maneira sucinta, as irregularidades identificadas foram as seguintes: 1) aus\u00eancia servidores efetivos nos cargos de Contador e Advogado, o [&hellip;]","og_url":"https:\/\/www.mpc.pr.gov.br\/index.php\/parecer-do-mp-de-contas-aponta-irregularidades-na-camara-municipal-de-bom-sucesso\/","og_site_name":"Minist\u00e9rio P\u00fablico de Contas do Estado do Paran\u00e1","article_publisher":"https:\/\/www.facebook.com\/mpc.pr","article_published_time":"2018-01-18T10:49:43+00:00","author":"saulo.pivetta","twitter_card":"summary_large_image","twitter_misc":{"Escrito por":"saulo.pivetta","Est. tempo de leitura":"2 minutos"},"schema":{"@context":"https:\/\/schema.org","@graph":[{"@type":"Article","@id":"https:\/\/www.mpc.pr.gov.br\/index.php\/parecer-do-mp-de-contas-aponta-irregularidades-na-camara-municipal-de-bom-sucesso\/#article","isPartOf":{"@id":"https:\/\/www.mpc.pr.gov.br\/index.php\/parecer-do-mp-de-contas-aponta-irregularidades-na-camara-municipal-de-bom-sucesso\/"},"author":{"name":"saulo.pivetta","@id":"https:\/\/www.mpc.pr.gov.br\/#\/schema\/person\/9403b33fe345ff50fefc7930f6994ba1"},"headline":"Parecer do MP de Contas aponta irregularidades na C\u00e2mara Municipal de Bom Sucesso","datePublished":"2018-01-18T10:49:43+00:00","mainEntityOfPage":{"@id":"https:\/\/www.mpc.pr.gov.br\/index.php\/parecer-do-mp-de-contas-aponta-irregularidades-na-camara-municipal-de-bom-sucesso\/"},"wordCount":432,"commentCount":0,"publisher":{"@id":"https:\/\/www.mpc.pr.gov.br\/#organization"},"image":{"@id":"https:\/\/www.mpc.pr.gov.br\/index.php\/parecer-do-mp-de-contas-aponta-irregularidades-na-camara-municipal-de-bom-sucesso\/#primaryimage"},"thumbnailUrl":"","articleSection":["Todas as not\u00edcias","\u00daltimas not\u00edcias"],"inLanguage":"pt-BR","potentialAction":[{"@type":"CommentAction","name":"Comment","target":["https:\/\/www.mpc.pr.gov.br\/index.php\/parecer-do-mp-de-contas-aponta-irregularidades-na-camara-municipal-de-bom-sucesso\/#respond"]}]},{"@type":"WebPage","@id":"https:\/\/www.mpc.pr.gov.br\/index.php\/parecer-do-mp-de-contas-aponta-irregularidades-na-camara-municipal-de-bom-sucesso\/","url":"https:\/\/www.mpc.pr.gov.br\/index.php\/parecer-do-mp-de-contas-aponta-irregularidades-na-camara-municipal-de-bom-sucesso\/","name":"Parecer do MP de Contas aponta irregularidades na C\u00e2mara Municipal de Bom Sucesso - Minist\u00e9rio P\u00fablico de Contas do Estado do Paran\u00e1","isPartOf":{"@id":"https:\/\/www.mpc.pr.gov.br\/#website"},"primaryImageOfPage":{"@id":"https:\/\/www.mpc.pr.gov.br\/index.php\/parecer-do-mp-de-contas-aponta-irregularidades-na-camara-municipal-de-bom-sucesso\/#primaryimage"},"image":{"@id":"https:\/\/www.mpc.pr.gov.br\/index.php\/parecer-do-mp-de-contas-aponta-irregularidades-na-camara-municipal-de-bom-sucesso\/#primaryimage"},"thumbnailUrl":"","datePublished":"2018-01-18T10:49:43+00:00","breadcrumb":{"@id":"https:\/\/www.mpc.pr.gov.br\/index.php\/parecer-do-mp-de-contas-aponta-irregularidades-na-camara-municipal-de-bom-sucesso\/#breadcrumb"},"inLanguage":"pt-BR","potentialAction":[{"@type":"ReadAction","target":["https:\/\/www.mpc.pr.gov.br\/index.php\/parecer-do-mp-de-contas-aponta-irregularidades-na-camara-municipal-de-bom-sucesso\/"]}]},{"@type":"ImageObject","inLanguage":"pt-BR","@id":"https:\/\/www.mpc.pr.gov.br\/index.php\/parecer-do-mp-de-contas-aponta-irregularidades-na-camara-municipal-de-bom-sucesso\/#primaryimage","url":"","contentUrl":""},{"@type":"BreadcrumbList","@id":"https:\/\/www.mpc.pr.gov.br\/index.php\/parecer-do-mp-de-contas-aponta-irregularidades-na-camara-municipal-de-bom-sucesso\/#breadcrumb","itemListElement":[{"@type":"ListItem","position":1,"name":"In\u00edcio","item":"https:\/\/www.mpc.pr.gov.br\/"},{"@type":"ListItem","position":2,"name":"Parecer do MP de Contas aponta irregularidades na C\u00e2mara Municipal de Bom Sucesso"}]},{"@type":"WebSite","@id":"https:\/\/www.mpc.pr.gov.br\/#website","url":"https:\/\/www.mpc.pr.gov.br\/","name":"Minist\u00e9rio P\u00fablico de Contas do Estado do Paran\u00e1","description":"","publisher":{"@id":"https:\/\/www.mpc.pr.gov.br\/#organization"},"potentialAction":[{"@type":"SearchAction","target":{"@type":"EntryPoint","urlTemplate":"https:\/\/www.mpc.pr.gov.br\/?s={search_term_string}"},"query-input":{"@type":"PropertyValueSpecification","valueRequired":true,"valueName":"search_term_string"}}],"inLanguage":"pt-BR"},{"@type":"Organization","@id":"https:\/\/www.mpc.pr.gov.br\/#organization","name":"Minist\u00e9rio P\u00fablico de Contas do Estado do Paran\u00e1","url":"https:\/\/www.mpc.pr.gov.br\/","logo":{"@type":"ImageObject","inLanguage":"pt-BR","@id":"https:\/\/www.mpc.pr.gov.br\/#\/schema\/logo\/image\/","url":"https:\/\/www.mpc.pr.gov.br\/wp-content\/uploads\/2020\/06\/99423647_1593460364143890_6706793420720963584_n-1-e1591387983167.png","contentUrl":"https:\/\/www.mpc.pr.gov.br\/wp-content\/uploads\/2020\/06\/99423647_1593460364143890_6706793420720963584_n-1-e1591387983167.png","width":243,"height":73,"caption":"Minist\u00e9rio P\u00fablico de Contas do Estado do Paran\u00e1"},"image":{"@id":"https:\/\/www.mpc.pr.gov.br\/#\/schema\/logo\/image\/"},"sameAs":["https:\/\/www.facebook.com\/mpc.pr","https:\/\/www.instagram.com\/mpc.pr\/?hl=pt-br","https:\/\/www.youtube.com\/channel\/UCHri5oEM8DV0ztX57E0sBSw"]},{"@type":"Person","@id":"https:\/\/www.mpc.pr.gov.br\/#\/schema\/person\/9403b33fe345ff50fefc7930f6994ba1","name":"saulo.pivetta","image":{"@type":"ImageObject","inLanguage":"pt-BR","@id":"https:\/\/secure.gravatar.com\/avatar\/?s=96&d=mm&r=g","url":"https:\/\/secure.gravatar.com\/avatar\/?s=96&d=mm&r=g","contentUrl":"https:\/\/secure.gravatar.com\/avatar\/?s=96&d=mm&r=g","caption":"saulo.pivetta"}}]}},"rttpg_featured_image_url":null,"rttpg_author":{"display_name":"saulo.pivetta","author_link":"https:\/\/www.mpc.pr.gov.br\/index.php\/author\/saulo-pivetta\/"},"rttpg_comment":0,"rttpg_category":"<a href=\"https:\/\/www.mpc.pr.gov.br\/index.php\/category\/todas-as-noticias\/\" rel=\"category tag\">Todas as not\u00edcias<\/a> <a href=\"https:\/\/www.mpc.pr.gov.br\/index.php\/category\/ultimas-noticias\/\" rel=\"category tag\">\u00daltimas not\u00edcias<\/a>","rttpg_excerpt":"O MP de Contas apontou a exist\u00eancia de irregularidades na C\u00e2mara Municipal de Bom Sucesso. A an\u00e1lise foi realizada pela 8\u00aa Procuradoria de Contas no processo de presta\u00e7\u00e3o de contas referente ao exerc\u00edcio de 2015. De maneira sucinta, as irregularidades identificadas foram as seguintes: 1) aus\u00eancia servidores efetivos nos cargos de Contador e Advogado, o&hellip;","_links":{"self":[{"href":"https:\/\/www.mpc.pr.gov.br\/index.php\/wp-json\/wp\/v2\/posts\/5596","targetHints":{"allow":["GET"]}}],"collection":[{"href":"https:\/\/www.mpc.pr.gov.br\/index.php\/wp-json\/wp\/v2\/posts"}],"about":[{"href":"https:\/\/www.mpc.pr.gov.br\/index.php\/wp-json\/wp\/v2\/types\/post"}],"author":[{"embeddable":true,"href":"https:\/\/www.mpc.pr.gov.br\/index.php\/wp-json\/wp\/v2\/users\/2"}],"replies":[{"embeddable":true,"href":"https:\/\/www.mpc.pr.gov.br\/index.php\/wp-json\/wp\/v2\/comments?post=5596"}],"version-history":[{"count":0,"href":"https:\/\/www.mpc.pr.gov.br\/index.php\/wp-json\/wp\/v2\/posts\/5596\/revisions"}],"wp:featuredmedia":[{"embeddable":true,"href":"https:\/\/www.mpc.pr.gov.br\/index.php\/wp-json\/"}],"wp:attachment":[{"href":"https:\/\/www.mpc.pr.gov.br\/index.php\/wp-json\/wp\/v2\/media?parent=5596"}],"wp:term":[{"taxonomy":"category","embeddable":true,"href":"https:\/\/www.mpc.pr.gov.br\/index.php\/wp-json\/wp\/v2\/categories?post=5596"},{"taxonomy":"post_tag","embeddable":true,"href":"https:\/\/www.mpc.pr.gov.br\/index.php\/wp-json\/wp\/v2\/tags?post=5596"}],"curies":[{"name":"wp","href":"https:\/\/api.w.org\/{rel}","templated":true}]}}