{"id":5600,"date":"2018-01-22T07:53:36","date_gmt":"2018-01-22T10:53:36","guid":{"rendered":"http:\/\/www.mpc.pr.gov.br\/?p=5600"},"modified":"2018-01-22T07:53:36","modified_gmt":"2018-01-22T10:53:36","slug":"advogados-do-estado-podem-aproveitar-tempo-de-carreira-para-aposentadoria-no-cargo-de-defensor-publico-defende-mp-de-contas","status":"publish","type":"post","link":"https:\/\/www.mpc.pr.gov.br\/index.php\/advogados-do-estado-podem-aproveitar-tempo-de-carreira-para-aposentadoria-no-cargo-de-defensor-publico-defende-mp-de-contas\/","title":{"rendered":"Advogados do Estado podem aproveitar tempo de carreira para aposentadoria no cargo de Defensor P\u00fablico, defende MP de Contas"},"content":{"rendered":"<p>O MP de Contas, em Parecer emitido no processo de Consulta n\u00ba 730570\/17, defendeu que os agentes ocupantes do cargo de Advogado do Estado junto \u00e0 Secretaria de Justi\u00e7a poder\u00e3o aproveitar o respectivo tempo na carreira para obterem aposentadoria no cargo de Defensor P\u00fablico. No entendimento ministerial, o per\u00edodo poder\u00e1 ser considerado para a contagem de tempo no cargo efetivo e na carreira, conforme requisitos de aposentaria exigidos pelas Emendas Constitucionais n\u00ba 20\/1998 e 41\/2003.<\/p>\n<p>A quest\u00e3o vertida na Consulta \u00e9 relevante pelo fato de que parcela dos membros da Defensoria P\u00fablica do Estado do Paran\u00e1 ingressou na carreira por meio do exerc\u00edcio de direito de op\u00e7\u00e3o, e n\u00e3o por concurso p\u00fablico, pois j\u00e1 desempenhavam as atribui\u00e7\u00f5es de assist\u00eancia jur\u00eddica gratuita, inerentes \u00e0 Defensoria, antes mesmo da promulga\u00e7\u00e3o da Constitui\u00e7\u00e3o de 1988. A institui\u00e7\u00e3o foi criada formalmente apenas com a publica\u00e7\u00e3o da Lei Complementar Estadual n\u00ba 136\/2011. At\u00e9 ent\u00e3o, os servidores que promoviam a assist\u00eancia jur\u00eddica gratuita da popula\u00e7\u00e3o ocupavam o cargo de Advogados do Estado, vinculados \u00e0 Secretaria de Estado da Justi\u00e7a.<\/p>\n<p>O direito de op\u00e7\u00e3o foi assegurado pela Constitui\u00e7\u00e3o de 1988 no art. 22 do Ato das Disposi\u00e7\u00f5es Constitucionais Transit\u00f3rias (ADCT), segundo o qual \u201c\u00c9 assegurado aos defensores p\u00fablicos investidos na fun\u00e7\u00e3o at\u00e9 a data de instala\u00e7\u00e3o da Assembl\u00e9ia Nacional Constituinte o direito de op\u00e7\u00e3o pela carreira, com a observ\u00e2ncia das garantias e veda\u00e7\u00f5es previstas no art. 134, par\u00e1grafo \u00fanico, da Constitui\u00e7\u00e3o\u201d.<\/p>\n<p>A partir desse panorama, o Parecer ministerial argumenta que \u201cembora formalmente a carreira de defensor p\u00fablico s\u00f3 tenha passado a existir no Estado do Paran\u00e1 com a edi\u00e7\u00e3o da LC n\u00ba 136\/2011, fato \u00e9 que seu plexo de atribui\u00e7\u00f5es j\u00e1 era desempenhado previamente pelos Advogados do Estado lotados na Secretaria de Justi\u00e7a que lograram incorporar-se \u00e0 novel institui\u00e7\u00e3o. Exatamente por essa raz\u00e3o, ao assegurar o direito de op\u00e7\u00e3o pela carreira, o constituinte fez men\u00e7\u00e3o \u00e0 fun\u00e7\u00e3o at\u00e9 ent\u00e3o desempenhada, aproximando, nessa espec\u00edfica circunst\u00e2ncia, tais conceitos\u201d.<\/p>\n<p>Fixadas tais premissas, o MP de Contas defendeu que n\u00e3o procede o argumento utilizado pela Procuradoria-Geral do Estado de que \u201ca contagem do tempo no cargo e na carreira, para fins previdenci\u00e1rios, somente teria in\u00edcio com a assun\u00e7\u00e3o formal no rec\u00e9m-criado cargo de Defensor P\u00fablico. Tal interpreta\u00e7\u00e3o, por certo, afronta diretamente o comando normativo do art. 22 do ADCT, preceito constitucional que, como se demonstrou, identifica a carreira \u00e0 fun\u00e7\u00e3o e, assim, assegura a unicidade de todo o per\u00edodo laborado nesse mister\u201d.<\/p>\n<p>Al\u00e9m desta quest\u00e3o de m\u00e9rito, o Parecer ministerial tamb\u00e9m discorreu sobre a compet\u00eancia do Defensor P\u00fablico Geral para a apresenta\u00e7\u00e3o de Consulta ao Tribunal de Contas, bem como sobre a possibilidade de apresenta\u00e7\u00e3o de resposta a quest\u00e3o atinente a caso concreto.<\/p>\n<p>A Consulta ainda ser\u00e1 julgada pelo Tribunal Pleno do Tribunal de Contas do Estado do Paran\u00e1.<\/p>\n<p>O Parecer pode ser lido na \u00edntegra <a href=\"http:\/\/www.mpc.pr.gov.br\/wp-content\/uploads\/2018\/01\/Parecer-Defensoria.pdf\"><strong>aqui<\/strong><\/a>.<\/p>\n","protected":false},"excerpt":{"rendered":"<p>O MP de Contas, em Parecer emitido no processo de Consulta n\u00ba 730570\/17, defendeu que os agentes ocupantes do cargo de Advogado do Estado junto \u00e0 Secretaria de Justi\u00e7a poder\u00e3o aproveitar o respectivo tempo na carreira para obterem aposentadoria no cargo de Defensor P\u00fablico. No entendimento ministerial, o per\u00edodo poder\u00e1 ser considerado para a contagem [&hellip;]<\/p>\n","protected":false},"author":2,"featured_media":5604,"comment_status":"open","ping_status":"open","sticky":false,"template":"","format":"standard","meta":{"_monsterinsights_skip_tracking":false,"_monsterinsights_sitenote_active":false,"_monsterinsights_sitenote_note":"","_monsterinsights_sitenote_category":0,"footnotes":""},"categories":[7,14],"tags":[],"class_list":["post-5600","post","type-post","status-publish","format-standard","has-post-thumbnail","hentry","category-todas-as-noticias","category-ultimas-noticias","entry","has-media"],"yoast_head":"<!-- This site is optimized with the Yoast SEO plugin v27.3 - https:\/\/yoast.com\/product\/yoast-seo-wordpress\/ -->\n<title>Advogados do Estado podem aproveitar tempo de carreira para aposentadoria no cargo de Defensor P\u00fablico, defende MP de Contas - Minist\u00e9rio P\u00fablico de Contas do Estado do Paran\u00e1<\/title>\n<meta name=\"robots\" content=\"index, follow, max-snippet:-1, max-image-preview:large, max-video-preview:-1\" \/>\n<link rel=\"canonical\" href=\"https:\/\/www.mpc.pr.gov.br\/index.php\/advogados-do-estado-podem-aproveitar-tempo-de-carreira-para-aposentadoria-no-cargo-de-defensor-publico-defende-mp-de-contas\/\" \/>\n<meta property=\"og:locale\" content=\"pt_BR\" \/>\n<meta property=\"og:type\" content=\"article\" \/>\n<meta property=\"og:title\" content=\"Advogados do Estado podem aproveitar tempo de carreira para aposentadoria no cargo de Defensor P\u00fablico, defende MP de Contas - Minist\u00e9rio P\u00fablico de Contas do Estado do Paran\u00e1\" \/>\n<meta property=\"og:description\" content=\"O MP de Contas, em Parecer emitido no processo de Consulta n\u00ba 730570\/17, defendeu que os agentes ocupantes do cargo de Advogado do Estado junto \u00e0 Secretaria de Justi\u00e7a poder\u00e3o aproveitar o respectivo tempo na carreira para obterem aposentadoria no cargo de Defensor P\u00fablico. No entendimento ministerial, o per\u00edodo poder\u00e1 ser considerado para a contagem [&hellip;]\" \/>\n<meta property=\"og:url\" content=\"https:\/\/www.mpc.pr.gov.br\/index.php\/advogados-do-estado-podem-aproveitar-tempo-de-carreira-para-aposentadoria-no-cargo-de-defensor-publico-defende-mp-de-contas\/\" \/>\n<meta property=\"og:site_name\" content=\"Minist\u00e9rio P\u00fablico de Contas do Estado do Paran\u00e1\" \/>\n<meta property=\"article:publisher\" content=\"https:\/\/www.facebook.com\/mpc.pr\" \/>\n<meta property=\"article:published_time\" content=\"2018-01-22T10:53:36+00:00\" \/>\n<meta name=\"author\" content=\"saulo.pivetta\" \/>\n<meta name=\"twitter:card\" content=\"summary_large_image\" \/>\n<meta name=\"twitter:label1\" content=\"Escrito por\" \/>\n\t<meta name=\"twitter:data1\" content=\"saulo.pivetta\" \/>\n\t<meta name=\"twitter:label2\" content=\"Est. tempo de leitura\" \/>\n\t<meta name=\"twitter:data2\" content=\"3 minutos\" \/>\n<script type=\"application\/ld+json\" class=\"yoast-schema-graph\">{\"@context\":\"https:\\\/\\\/schema.org\",\"@graph\":[{\"@type\":\"Article\",\"@id\":\"https:\\\/\\\/www.mpc.pr.gov.br\\\/index.php\\\/advogados-do-estado-podem-aproveitar-tempo-de-carreira-para-aposentadoria-no-cargo-de-defensor-publico-defende-mp-de-contas\\\/#article\",\"isPartOf\":{\"@id\":\"https:\\\/\\\/www.mpc.pr.gov.br\\\/index.php\\\/advogados-do-estado-podem-aproveitar-tempo-de-carreira-para-aposentadoria-no-cargo-de-defensor-publico-defende-mp-de-contas\\\/\"},\"author\":{\"name\":\"saulo.pivetta\",\"@id\":\"https:\\\/\\\/www.mpc.pr.gov.br\\\/#\\\/schema\\\/person\\\/9403b33fe345ff50fefc7930f6994ba1\"},\"headline\":\"Advogados do Estado podem aproveitar tempo de carreira para aposentadoria no cargo de Defensor P\u00fablico, defende MP de Contas\",\"datePublished\":\"2018-01-22T10:53:36+00:00\",\"mainEntityOfPage\":{\"@id\":\"https:\\\/\\\/www.mpc.pr.gov.br\\\/index.php\\\/advogados-do-estado-podem-aproveitar-tempo-de-carreira-para-aposentadoria-no-cargo-de-defensor-publico-defende-mp-de-contas\\\/\"},\"wordCount\":532,\"commentCount\":0,\"publisher\":{\"@id\":\"https:\\\/\\\/www.mpc.pr.gov.br\\\/#organization\"},\"image\":{\"@id\":\"https:\\\/\\\/www.mpc.pr.gov.br\\\/index.php\\\/advogados-do-estado-podem-aproveitar-tempo-de-carreira-para-aposentadoria-no-cargo-de-defensor-publico-defende-mp-de-contas\\\/#primaryimage\"},\"thumbnailUrl\":\"\",\"articleSection\":[\"Todas as not\u00edcias\",\"\u00daltimas not\u00edcias\"],\"inLanguage\":\"pt-BR\",\"potentialAction\":[{\"@type\":\"CommentAction\",\"name\":\"Comment\",\"target\":[\"https:\\\/\\\/www.mpc.pr.gov.br\\\/index.php\\\/advogados-do-estado-podem-aproveitar-tempo-de-carreira-para-aposentadoria-no-cargo-de-defensor-publico-defende-mp-de-contas\\\/#respond\"]}]},{\"@type\":\"WebPage\",\"@id\":\"https:\\\/\\\/www.mpc.pr.gov.br\\\/index.php\\\/advogados-do-estado-podem-aproveitar-tempo-de-carreira-para-aposentadoria-no-cargo-de-defensor-publico-defende-mp-de-contas\\\/\",\"url\":\"https:\\\/\\\/www.mpc.pr.gov.br\\\/index.php\\\/advogados-do-estado-podem-aproveitar-tempo-de-carreira-para-aposentadoria-no-cargo-de-defensor-publico-defende-mp-de-contas\\\/\",\"name\":\"Advogados do Estado podem aproveitar tempo de carreira para aposentadoria no cargo de Defensor P\u00fablico, defende MP de Contas - Minist\u00e9rio P\u00fablico de Contas do Estado do Paran\u00e1\",\"isPartOf\":{\"@id\":\"https:\\\/\\\/www.mpc.pr.gov.br\\\/#website\"},\"primaryImageOfPage\":{\"@id\":\"https:\\\/\\\/www.mpc.pr.gov.br\\\/index.php\\\/advogados-do-estado-podem-aproveitar-tempo-de-carreira-para-aposentadoria-no-cargo-de-defensor-publico-defende-mp-de-contas\\\/#primaryimage\"},\"image\":{\"@id\":\"https:\\\/\\\/www.mpc.pr.gov.br\\\/index.php\\\/advogados-do-estado-podem-aproveitar-tempo-de-carreira-para-aposentadoria-no-cargo-de-defensor-publico-defende-mp-de-contas\\\/#primaryimage\"},\"thumbnailUrl\":\"\",\"datePublished\":\"2018-01-22T10:53:36+00:00\",\"breadcrumb\":{\"@id\":\"https:\\\/\\\/www.mpc.pr.gov.br\\\/index.php\\\/advogados-do-estado-podem-aproveitar-tempo-de-carreira-para-aposentadoria-no-cargo-de-defensor-publico-defende-mp-de-contas\\\/#breadcrumb\"},\"inLanguage\":\"pt-BR\",\"potentialAction\":[{\"@type\":\"ReadAction\",\"target\":[\"https:\\\/\\\/www.mpc.pr.gov.br\\\/index.php\\\/advogados-do-estado-podem-aproveitar-tempo-de-carreira-para-aposentadoria-no-cargo-de-defensor-publico-defende-mp-de-contas\\\/\"]}]},{\"@type\":\"ImageObject\",\"inLanguage\":\"pt-BR\",\"@id\":\"https:\\\/\\\/www.mpc.pr.gov.br\\\/index.php\\\/advogados-do-estado-podem-aproveitar-tempo-de-carreira-para-aposentadoria-no-cargo-de-defensor-publico-defende-mp-de-contas\\\/#primaryimage\",\"url\":\"\",\"contentUrl\":\"\"},{\"@type\":\"BreadcrumbList\",\"@id\":\"https:\\\/\\\/www.mpc.pr.gov.br\\\/index.php\\\/advogados-do-estado-podem-aproveitar-tempo-de-carreira-para-aposentadoria-no-cargo-de-defensor-publico-defende-mp-de-contas\\\/#breadcrumb\",\"itemListElement\":[{\"@type\":\"ListItem\",\"position\":1,\"name\":\"In\u00edcio\",\"item\":\"https:\\\/\\\/www.mpc.pr.gov.br\\\/\"},{\"@type\":\"ListItem\",\"position\":2,\"name\":\"Advogados do Estado podem aproveitar tempo de carreira para aposentadoria no cargo de Defensor P\u00fablico, defende MP de Contas\"}]},{\"@type\":\"WebSite\",\"@id\":\"https:\\\/\\\/www.mpc.pr.gov.br\\\/#website\",\"url\":\"https:\\\/\\\/www.mpc.pr.gov.br\\\/\",\"name\":\"Minist\u00e9rio P\u00fablico de Contas do Estado do Paran\u00e1\",\"description\":\"\",\"publisher\":{\"@id\":\"https:\\\/\\\/www.mpc.pr.gov.br\\\/#organization\"},\"potentialAction\":[{\"@type\":\"SearchAction\",\"target\":{\"@type\":\"EntryPoint\",\"urlTemplate\":\"https:\\\/\\\/www.mpc.pr.gov.br\\\/?s={search_term_string}\"},\"query-input\":{\"@type\":\"PropertyValueSpecification\",\"valueRequired\":true,\"valueName\":\"search_term_string\"}}],\"inLanguage\":\"pt-BR\"},{\"@type\":\"Organization\",\"@id\":\"https:\\\/\\\/www.mpc.pr.gov.br\\\/#organization\",\"name\":\"Minist\u00e9rio P\u00fablico de Contas do Estado do Paran\u00e1\",\"url\":\"https:\\\/\\\/www.mpc.pr.gov.br\\\/\",\"logo\":{\"@type\":\"ImageObject\",\"inLanguage\":\"pt-BR\",\"@id\":\"https:\\\/\\\/www.mpc.pr.gov.br\\\/#\\\/schema\\\/logo\\\/image\\\/\",\"url\":\"https:\\\/\\\/www.mpc.pr.gov.br\\\/wp-content\\\/uploads\\\/2020\\\/06\\\/99423647_1593460364143890_6706793420720963584_n-1-e1591387983167.png\",\"contentUrl\":\"https:\\\/\\\/www.mpc.pr.gov.br\\\/wp-content\\\/uploads\\\/2020\\\/06\\\/99423647_1593460364143890_6706793420720963584_n-1-e1591387983167.png\",\"width\":243,\"height\":73,\"caption\":\"Minist\u00e9rio P\u00fablico de Contas do Estado do Paran\u00e1\"},\"image\":{\"@id\":\"https:\\\/\\\/www.mpc.pr.gov.br\\\/#\\\/schema\\\/logo\\\/image\\\/\"},\"sameAs\":[\"https:\\\/\\\/www.facebook.com\\\/mpc.pr\",\"https:\\\/\\\/www.instagram.com\\\/mpc.pr\\\/?hl=pt-br\",\"https:\\\/\\\/www.youtube.com\\\/channel\\\/UCHri5oEM8DV0ztX57E0sBSw\"]},{\"@type\":\"Person\",\"@id\":\"https:\\\/\\\/www.mpc.pr.gov.br\\\/#\\\/schema\\\/person\\\/9403b33fe345ff50fefc7930f6994ba1\",\"name\":\"saulo.pivetta\",\"image\":{\"@type\":\"ImageObject\",\"inLanguage\":\"pt-BR\",\"@id\":\"https:\\\/\\\/secure.gravatar.com\\\/avatar\\\/?s=96&d=mm&r=g\",\"url\":\"https:\\\/\\\/secure.gravatar.com\\\/avatar\\\/?s=96&d=mm&r=g\",\"contentUrl\":\"https:\\\/\\\/secure.gravatar.com\\\/avatar\\\/?s=96&d=mm&r=g\",\"caption\":\"saulo.pivetta\"}}]}<\/script>\n<!-- \/ Yoast SEO plugin. -->","yoast_head_json":{"title":"Advogados do Estado podem aproveitar tempo de carreira para aposentadoria no cargo de Defensor P\u00fablico, defende MP de Contas - Minist\u00e9rio P\u00fablico de Contas do Estado do Paran\u00e1","robots":{"index":"index","follow":"follow","max-snippet":"max-snippet:-1","max-image-preview":"max-image-preview:large","max-video-preview":"max-video-preview:-1"},"canonical":"https:\/\/www.mpc.pr.gov.br\/index.php\/advogados-do-estado-podem-aproveitar-tempo-de-carreira-para-aposentadoria-no-cargo-de-defensor-publico-defende-mp-de-contas\/","og_locale":"pt_BR","og_type":"article","og_title":"Advogados do Estado podem aproveitar tempo de carreira para aposentadoria no cargo de Defensor P\u00fablico, defende MP de Contas - Minist\u00e9rio P\u00fablico de Contas do Estado do Paran\u00e1","og_description":"O MP de Contas, em Parecer emitido no processo de Consulta n\u00ba 730570\/17, defendeu que os agentes ocupantes do cargo de Advogado do Estado junto \u00e0 Secretaria de Justi\u00e7a poder\u00e3o aproveitar o respectivo tempo na carreira para obterem aposentadoria no cargo de Defensor P\u00fablico. No entendimento ministerial, o per\u00edodo poder\u00e1 ser considerado para a contagem [&hellip;]","og_url":"https:\/\/www.mpc.pr.gov.br\/index.php\/advogados-do-estado-podem-aproveitar-tempo-de-carreira-para-aposentadoria-no-cargo-de-defensor-publico-defende-mp-de-contas\/","og_site_name":"Minist\u00e9rio P\u00fablico de Contas do Estado do Paran\u00e1","article_publisher":"https:\/\/www.facebook.com\/mpc.pr","article_published_time":"2018-01-22T10:53:36+00:00","author":"saulo.pivetta","twitter_card":"summary_large_image","twitter_misc":{"Escrito por":"saulo.pivetta","Est. tempo de leitura":"3 minutos"},"schema":{"@context":"https:\/\/schema.org","@graph":[{"@type":"Article","@id":"https:\/\/www.mpc.pr.gov.br\/index.php\/advogados-do-estado-podem-aproveitar-tempo-de-carreira-para-aposentadoria-no-cargo-de-defensor-publico-defende-mp-de-contas\/#article","isPartOf":{"@id":"https:\/\/www.mpc.pr.gov.br\/index.php\/advogados-do-estado-podem-aproveitar-tempo-de-carreira-para-aposentadoria-no-cargo-de-defensor-publico-defende-mp-de-contas\/"},"author":{"name":"saulo.pivetta","@id":"https:\/\/www.mpc.pr.gov.br\/#\/schema\/person\/9403b33fe345ff50fefc7930f6994ba1"},"headline":"Advogados do Estado podem aproveitar tempo de carreira para aposentadoria no cargo de Defensor P\u00fablico, defende MP de Contas","datePublished":"2018-01-22T10:53:36+00:00","mainEntityOfPage":{"@id":"https:\/\/www.mpc.pr.gov.br\/index.php\/advogados-do-estado-podem-aproveitar-tempo-de-carreira-para-aposentadoria-no-cargo-de-defensor-publico-defende-mp-de-contas\/"},"wordCount":532,"commentCount":0,"publisher":{"@id":"https:\/\/www.mpc.pr.gov.br\/#organization"},"image":{"@id":"https:\/\/www.mpc.pr.gov.br\/index.php\/advogados-do-estado-podem-aproveitar-tempo-de-carreira-para-aposentadoria-no-cargo-de-defensor-publico-defende-mp-de-contas\/#primaryimage"},"thumbnailUrl":"","articleSection":["Todas as not\u00edcias","\u00daltimas not\u00edcias"],"inLanguage":"pt-BR","potentialAction":[{"@type":"CommentAction","name":"Comment","target":["https:\/\/www.mpc.pr.gov.br\/index.php\/advogados-do-estado-podem-aproveitar-tempo-de-carreira-para-aposentadoria-no-cargo-de-defensor-publico-defende-mp-de-contas\/#respond"]}]},{"@type":"WebPage","@id":"https:\/\/www.mpc.pr.gov.br\/index.php\/advogados-do-estado-podem-aproveitar-tempo-de-carreira-para-aposentadoria-no-cargo-de-defensor-publico-defende-mp-de-contas\/","url":"https:\/\/www.mpc.pr.gov.br\/index.php\/advogados-do-estado-podem-aproveitar-tempo-de-carreira-para-aposentadoria-no-cargo-de-defensor-publico-defende-mp-de-contas\/","name":"Advogados do Estado podem aproveitar tempo de carreira para aposentadoria no cargo de Defensor P\u00fablico, defende MP de Contas - Minist\u00e9rio P\u00fablico de Contas do Estado do Paran\u00e1","isPartOf":{"@id":"https:\/\/www.mpc.pr.gov.br\/#website"},"primaryImageOfPage":{"@id":"https:\/\/www.mpc.pr.gov.br\/index.php\/advogados-do-estado-podem-aproveitar-tempo-de-carreira-para-aposentadoria-no-cargo-de-defensor-publico-defende-mp-de-contas\/#primaryimage"},"image":{"@id":"https:\/\/www.mpc.pr.gov.br\/index.php\/advogados-do-estado-podem-aproveitar-tempo-de-carreira-para-aposentadoria-no-cargo-de-defensor-publico-defende-mp-de-contas\/#primaryimage"},"thumbnailUrl":"","datePublished":"2018-01-22T10:53:36+00:00","breadcrumb":{"@id":"https:\/\/www.mpc.pr.gov.br\/index.php\/advogados-do-estado-podem-aproveitar-tempo-de-carreira-para-aposentadoria-no-cargo-de-defensor-publico-defende-mp-de-contas\/#breadcrumb"},"inLanguage":"pt-BR","potentialAction":[{"@type":"ReadAction","target":["https:\/\/www.mpc.pr.gov.br\/index.php\/advogados-do-estado-podem-aproveitar-tempo-de-carreira-para-aposentadoria-no-cargo-de-defensor-publico-defende-mp-de-contas\/"]}]},{"@type":"ImageObject","inLanguage":"pt-BR","@id":"https:\/\/www.mpc.pr.gov.br\/index.php\/advogados-do-estado-podem-aproveitar-tempo-de-carreira-para-aposentadoria-no-cargo-de-defensor-publico-defende-mp-de-contas\/#primaryimage","url":"","contentUrl":""},{"@type":"BreadcrumbList","@id":"https:\/\/www.mpc.pr.gov.br\/index.php\/advogados-do-estado-podem-aproveitar-tempo-de-carreira-para-aposentadoria-no-cargo-de-defensor-publico-defende-mp-de-contas\/#breadcrumb","itemListElement":[{"@type":"ListItem","position":1,"name":"In\u00edcio","item":"https:\/\/www.mpc.pr.gov.br\/"},{"@type":"ListItem","position":2,"name":"Advogados do Estado podem aproveitar tempo de carreira para aposentadoria no cargo de Defensor P\u00fablico, defende MP de Contas"}]},{"@type":"WebSite","@id":"https:\/\/www.mpc.pr.gov.br\/#website","url":"https:\/\/www.mpc.pr.gov.br\/","name":"Minist\u00e9rio P\u00fablico de Contas do Estado do Paran\u00e1","description":"","publisher":{"@id":"https:\/\/www.mpc.pr.gov.br\/#organization"},"potentialAction":[{"@type":"SearchAction","target":{"@type":"EntryPoint","urlTemplate":"https:\/\/www.mpc.pr.gov.br\/?s={search_term_string}"},"query-input":{"@type":"PropertyValueSpecification","valueRequired":true,"valueName":"search_term_string"}}],"inLanguage":"pt-BR"},{"@type":"Organization","@id":"https:\/\/www.mpc.pr.gov.br\/#organization","name":"Minist\u00e9rio P\u00fablico de Contas do Estado do Paran\u00e1","url":"https:\/\/www.mpc.pr.gov.br\/","logo":{"@type":"ImageObject","inLanguage":"pt-BR","@id":"https:\/\/www.mpc.pr.gov.br\/#\/schema\/logo\/image\/","url":"https:\/\/www.mpc.pr.gov.br\/wp-content\/uploads\/2020\/06\/99423647_1593460364143890_6706793420720963584_n-1-e1591387983167.png","contentUrl":"https:\/\/www.mpc.pr.gov.br\/wp-content\/uploads\/2020\/06\/99423647_1593460364143890_6706793420720963584_n-1-e1591387983167.png","width":243,"height":73,"caption":"Minist\u00e9rio P\u00fablico de Contas do Estado do Paran\u00e1"},"image":{"@id":"https:\/\/www.mpc.pr.gov.br\/#\/schema\/logo\/image\/"},"sameAs":["https:\/\/www.facebook.com\/mpc.pr","https:\/\/www.instagram.com\/mpc.pr\/?hl=pt-br","https:\/\/www.youtube.com\/channel\/UCHri5oEM8DV0ztX57E0sBSw"]},{"@type":"Person","@id":"https:\/\/www.mpc.pr.gov.br\/#\/schema\/person\/9403b33fe345ff50fefc7930f6994ba1","name":"saulo.pivetta","image":{"@type":"ImageObject","inLanguage":"pt-BR","@id":"https:\/\/secure.gravatar.com\/avatar\/?s=96&d=mm&r=g","url":"https:\/\/secure.gravatar.com\/avatar\/?s=96&d=mm&r=g","contentUrl":"https:\/\/secure.gravatar.com\/avatar\/?s=96&d=mm&r=g","caption":"saulo.pivetta"}}]}},"rttpg_featured_image_url":null,"rttpg_author":{"display_name":"saulo.pivetta","author_link":"https:\/\/www.mpc.pr.gov.br\/index.php\/author\/saulo-pivetta\/"},"rttpg_comment":0,"rttpg_category":"<a href=\"https:\/\/www.mpc.pr.gov.br\/index.php\/category\/todas-as-noticias\/\" rel=\"category tag\">Todas as not\u00edcias<\/a> <a href=\"https:\/\/www.mpc.pr.gov.br\/index.php\/category\/ultimas-noticias\/\" rel=\"category tag\">\u00daltimas not\u00edcias<\/a>","rttpg_excerpt":"O MP de Contas, em Parecer emitido no processo de Consulta n\u00ba 730570\/17, defendeu que os agentes ocupantes do cargo de Advogado do Estado junto \u00e0 Secretaria de Justi\u00e7a poder\u00e3o aproveitar o respectivo tempo na carreira para obterem aposentadoria no cargo de Defensor P\u00fablico. No entendimento ministerial, o per\u00edodo poder\u00e1 ser considerado para a contagem&hellip;","_links":{"self":[{"href":"https:\/\/www.mpc.pr.gov.br\/index.php\/wp-json\/wp\/v2\/posts\/5600","targetHints":{"allow":["GET"]}}],"collection":[{"href":"https:\/\/www.mpc.pr.gov.br\/index.php\/wp-json\/wp\/v2\/posts"}],"about":[{"href":"https:\/\/www.mpc.pr.gov.br\/index.php\/wp-json\/wp\/v2\/types\/post"}],"author":[{"embeddable":true,"href":"https:\/\/www.mpc.pr.gov.br\/index.php\/wp-json\/wp\/v2\/users\/2"}],"replies":[{"embeddable":true,"href":"https:\/\/www.mpc.pr.gov.br\/index.php\/wp-json\/wp\/v2\/comments?post=5600"}],"version-history":[{"count":0,"href":"https:\/\/www.mpc.pr.gov.br\/index.php\/wp-json\/wp\/v2\/posts\/5600\/revisions"}],"wp:featuredmedia":[{"embeddable":true,"href":"https:\/\/www.mpc.pr.gov.br\/index.php\/wp-json\/"}],"wp:attachment":[{"href":"https:\/\/www.mpc.pr.gov.br\/index.php\/wp-json\/wp\/v2\/media?parent=5600"}],"wp:term":[{"taxonomy":"category","embeddable":true,"href":"https:\/\/www.mpc.pr.gov.br\/index.php\/wp-json\/wp\/v2\/categories?post=5600"},{"taxonomy":"post_tag","embeddable":true,"href":"https:\/\/www.mpc.pr.gov.br\/index.php\/wp-json\/wp\/v2\/tags?post=5600"}],"curies":[{"name":"wp","href":"https:\/\/api.w.org\/{rel}","templated":true}]}}