{"id":5608,"date":"2018-01-24T15:36:19","date_gmt":"2018-01-24T18:36:19","guid":{"rendered":"http:\/\/www.mpc.pr.gov.br\/?p=5608"},"modified":"2018-01-24T15:36:19","modified_gmt":"2018-01-24T18:36:19","slug":"mp-de-contas-sustenta-que-camara-municipal-pode-promover-projetos-de-educacao-cidada-e-de-incentivo-a-participacao-politica","status":"publish","type":"post","link":"https:\/\/www.mpc.pr.gov.br\/index.php\/mp-de-contas-sustenta-que-camara-municipal-pode-promover-projetos-de-educacao-cidada-e-de-incentivo-a-participacao-politica\/","title":{"rendered":"MP de Contas sustenta que C\u00e2mara Municipal pode promover projetos de educa\u00e7\u00e3o cidad\u00e3 e de incentivo \u00e0 participa\u00e7\u00e3o pol\u00edtica"},"content":{"rendered":"<p>Em processo de Consulta iniciado pela C\u00e2mara Municipal de Palmeira, MP de Contas defende que o Poder Legislativo possui compet\u00eancia para o desenvolvimento de projetos sociais que estimulem a participa\u00e7\u00e3o pol\u00edtica e a educa\u00e7\u00e3o cidad\u00e3.<\/p>\n<p>Em sua indaga\u00e7\u00e3o, o Legislativo municipal esclarece que pretende instituir projeto que incentive a politiza\u00e7\u00e3o da sociedade e a educa\u00e7\u00e3o para a cidadania, inclusive mediante o estabelecimento de premia\u00e7\u00f5es ou benef\u00edcios aos participantes. O \u00f3rg\u00e3o mencionou que o Senado Federal, por exemplo, j\u00e1 teria iniciativa similar, denominada \u201cPrograma Jovem Senador\u201d.<\/p>\n<p>O Parecer Ministerial alega que tal compet\u00eancia est\u00e1 prevista na Constitui\u00e7\u00e3o de 1988, segundo a qual cabe a todos os entes federados (Uni\u00e3o, Estados, Distrito Federal e Munic\u00edpios) zelar pela guarda das institui\u00e7\u00f5es democr\u00e1ticas e garantir o acesso \u00e0 cultura, educa\u00e7\u00e3o e inova\u00e7\u00e3o.<\/p>\n<p>Apesar do reconhecimento de tal compet\u00eancia,\u00a0 o MP de Contas alerta para a necessidade de observ\u00e2ncia de v\u00e1rios limites jur\u00eddicos para que o projeto seja considerado l\u00edcito. Um deles \u00e9 a necessidade de previs\u00e3o em lei espec\u00edfica e a impossibilidade de que os participantes do projeto recebam valores como contrapartida pela participa\u00e7\u00e3o.<\/p>\n<p>Isso porque, de acordo com o Parecer ministerial, \u201co estabelecimento de contrapartida aos participantes poder\u00e1 caracterizar mecanismo indireto e indevido de contrata\u00e7\u00e3o de servi\u00e7os (em afronta \u00e0 regra geral de contrata\u00e7\u00e3o mediante processo licitat\u00f3rio) ou de admiss\u00e3o de pessoal (em burla \u00e0 regra geral do concurso p\u00fablico)\u201d.<\/p>\n<p>Assim, apenas seria poss\u00edvel \u00e0 C\u00e2mara Municipal a indeniza\u00e7\u00e3o dos custos que os participantes venham a ter com a participa\u00e7\u00e3o no projeto (como alimenta\u00e7\u00e3o, transporte, etc.). Tamb\u00e9m defendeu-se a possibilidade de entrega de premia\u00e7\u00f5es,\u00a0caso o projeto seja organizado sob a forma de concurso, modalidade licitat\u00f3ria prevista na Lei n\u00ba 8.666\/93.<\/p>\n<p>O MP de Contas destacou, ainda, que o projeto deve ter car\u00e1ter institucional, ou seja, n\u00e3o deve realizar a promo\u00e7\u00e3o pessoal de agentes p\u00fablicos ou partidos pol\u00edticos.<\/p>\n<p>A \u00edntegra do parecer pode ser acessada <a href=\"http:\/\/www.mpc.pr.gov.br\/wp-content\/uploads\/2018\/01\/Parecer-Consulta-C\u00e2mara-Palmeira.pdf\">aqui<\/a>.<\/p>\n","protected":false},"excerpt":{"rendered":"<p>Em processo de Consulta iniciado pela C\u00e2mara Municipal de Palmeira, MP de Contas defende que o Poder Legislativo possui compet\u00eancia para o desenvolvimento de projetos sociais que estimulem a participa\u00e7\u00e3o pol\u00edtica e a educa\u00e7\u00e3o cidad\u00e3. Em sua indaga\u00e7\u00e3o, o Legislativo municipal esclarece que pretende instituir projeto que incentive a politiza\u00e7\u00e3o da sociedade e a educa\u00e7\u00e3o [&hellip;]<\/p>\n","protected":false},"author":2,"featured_media":5613,"comment_status":"open","ping_status":"open","sticky":false,"template":"","format":"standard","meta":{"_monsterinsights_skip_tracking":false,"_monsterinsights_sitenote_active":false,"_monsterinsights_sitenote_note":"","_monsterinsights_sitenote_category":0,"footnotes":""},"categories":[7],"tags":[],"class_list":["post-5608","post","type-post","status-publish","format-standard","has-post-thumbnail","hentry","category-todas-as-noticias","entry","has-media"],"yoast_head":"<!-- This site is optimized with the Yoast SEO plugin v27.3 - https:\/\/yoast.com\/product\/yoast-seo-wordpress\/ -->\n<title>MP de Contas sustenta que C\u00e2mara Municipal pode promover projetos de educa\u00e7\u00e3o cidad\u00e3 e de incentivo \u00e0 participa\u00e7\u00e3o pol\u00edtica - Minist\u00e9rio P\u00fablico de Contas do Estado do Paran\u00e1<\/title>\n<meta name=\"robots\" content=\"index, follow, max-snippet:-1, max-image-preview:large, max-video-preview:-1\" \/>\n<link rel=\"canonical\" href=\"https:\/\/www.mpc.pr.gov.br\/index.php\/mp-de-contas-sustenta-que-camara-municipal-pode-promover-projetos-de-educacao-cidada-e-de-incentivo-a-participacao-politica\/\" \/>\n<meta property=\"og:locale\" content=\"pt_BR\" \/>\n<meta property=\"og:type\" content=\"article\" \/>\n<meta property=\"og:title\" content=\"MP de Contas sustenta que C\u00e2mara Municipal pode promover projetos de educa\u00e7\u00e3o cidad\u00e3 e de incentivo \u00e0 participa\u00e7\u00e3o pol\u00edtica - Minist\u00e9rio P\u00fablico de Contas do Estado do Paran\u00e1\" \/>\n<meta property=\"og:description\" content=\"Em processo de Consulta iniciado pela C\u00e2mara Municipal de Palmeira, MP de Contas defende que o Poder Legislativo possui compet\u00eancia para o desenvolvimento de projetos sociais que estimulem a participa\u00e7\u00e3o pol\u00edtica e a educa\u00e7\u00e3o cidad\u00e3. Em sua indaga\u00e7\u00e3o, o Legislativo municipal esclarece que pretende instituir projeto que incentive a politiza\u00e7\u00e3o da sociedade e a educa\u00e7\u00e3o [&hellip;]\" \/>\n<meta property=\"og:url\" content=\"https:\/\/www.mpc.pr.gov.br\/index.php\/mp-de-contas-sustenta-que-camara-municipal-pode-promover-projetos-de-educacao-cidada-e-de-incentivo-a-participacao-politica\/\" \/>\n<meta property=\"og:site_name\" content=\"Minist\u00e9rio P\u00fablico de Contas do Estado do Paran\u00e1\" \/>\n<meta property=\"article:publisher\" content=\"https:\/\/www.facebook.com\/mpc.pr\" \/>\n<meta property=\"article:published_time\" content=\"2018-01-24T18:36:19+00:00\" \/>\n<meta name=\"author\" content=\"saulo.pivetta\" \/>\n<meta name=\"twitter:card\" content=\"summary_large_image\" \/>\n<meta name=\"twitter:label1\" content=\"Escrito por\" \/>\n\t<meta name=\"twitter:data1\" content=\"saulo.pivetta\" \/>\n\t<meta name=\"twitter:label2\" content=\"Est. tempo de leitura\" \/>\n\t<meta name=\"twitter:data2\" content=\"2 minutos\" \/>\n<script type=\"application\/ld+json\" class=\"yoast-schema-graph\">{\"@context\":\"https:\\\/\\\/schema.org\",\"@graph\":[{\"@type\":\"Article\",\"@id\":\"https:\\\/\\\/www.mpc.pr.gov.br\\\/index.php\\\/mp-de-contas-sustenta-que-camara-municipal-pode-promover-projetos-de-educacao-cidada-e-de-incentivo-a-participacao-politica\\\/#article\",\"isPartOf\":{\"@id\":\"https:\\\/\\\/www.mpc.pr.gov.br\\\/index.php\\\/mp-de-contas-sustenta-que-camara-municipal-pode-promover-projetos-de-educacao-cidada-e-de-incentivo-a-participacao-politica\\\/\"},\"author\":{\"name\":\"saulo.pivetta\",\"@id\":\"https:\\\/\\\/www.mpc.pr.gov.br\\\/#\\\/schema\\\/person\\\/9403b33fe345ff50fefc7930f6994ba1\"},\"headline\":\"MP de Contas sustenta que C\u00e2mara Municipal pode promover projetos de educa\u00e7\u00e3o cidad\u00e3 e de incentivo \u00e0 participa\u00e7\u00e3o pol\u00edtica\",\"datePublished\":\"2018-01-24T18:36:19+00:00\",\"mainEntityOfPage\":{\"@id\":\"https:\\\/\\\/www.mpc.pr.gov.br\\\/index.php\\\/mp-de-contas-sustenta-que-camara-municipal-pode-promover-projetos-de-educacao-cidada-e-de-incentivo-a-participacao-politica\\\/\"},\"wordCount\":374,\"commentCount\":0,\"publisher\":{\"@id\":\"https:\\\/\\\/www.mpc.pr.gov.br\\\/#organization\"},\"image\":{\"@id\":\"https:\\\/\\\/www.mpc.pr.gov.br\\\/index.php\\\/mp-de-contas-sustenta-que-camara-municipal-pode-promover-projetos-de-educacao-cidada-e-de-incentivo-a-participacao-politica\\\/#primaryimage\"},\"thumbnailUrl\":\"\",\"articleSection\":[\"Todas as not\u00edcias\"],\"inLanguage\":\"pt-BR\",\"potentialAction\":[{\"@type\":\"CommentAction\",\"name\":\"Comment\",\"target\":[\"https:\\\/\\\/www.mpc.pr.gov.br\\\/index.php\\\/mp-de-contas-sustenta-que-camara-municipal-pode-promover-projetos-de-educacao-cidada-e-de-incentivo-a-participacao-politica\\\/#respond\"]}]},{\"@type\":\"WebPage\",\"@id\":\"https:\\\/\\\/www.mpc.pr.gov.br\\\/index.php\\\/mp-de-contas-sustenta-que-camara-municipal-pode-promover-projetos-de-educacao-cidada-e-de-incentivo-a-participacao-politica\\\/\",\"url\":\"https:\\\/\\\/www.mpc.pr.gov.br\\\/index.php\\\/mp-de-contas-sustenta-que-camara-municipal-pode-promover-projetos-de-educacao-cidada-e-de-incentivo-a-participacao-politica\\\/\",\"name\":\"MP de Contas sustenta que C\u00e2mara Municipal pode promover projetos de educa\u00e7\u00e3o cidad\u00e3 e de incentivo \u00e0 participa\u00e7\u00e3o pol\u00edtica - Minist\u00e9rio P\u00fablico de Contas do Estado do Paran\u00e1\",\"isPartOf\":{\"@id\":\"https:\\\/\\\/www.mpc.pr.gov.br\\\/#website\"},\"primaryImageOfPage\":{\"@id\":\"https:\\\/\\\/www.mpc.pr.gov.br\\\/index.php\\\/mp-de-contas-sustenta-que-camara-municipal-pode-promover-projetos-de-educacao-cidada-e-de-incentivo-a-participacao-politica\\\/#primaryimage\"},\"image\":{\"@id\":\"https:\\\/\\\/www.mpc.pr.gov.br\\\/index.php\\\/mp-de-contas-sustenta-que-camara-municipal-pode-promover-projetos-de-educacao-cidada-e-de-incentivo-a-participacao-politica\\\/#primaryimage\"},\"thumbnailUrl\":\"\",\"datePublished\":\"2018-01-24T18:36:19+00:00\",\"breadcrumb\":{\"@id\":\"https:\\\/\\\/www.mpc.pr.gov.br\\\/index.php\\\/mp-de-contas-sustenta-que-camara-municipal-pode-promover-projetos-de-educacao-cidada-e-de-incentivo-a-participacao-politica\\\/#breadcrumb\"},\"inLanguage\":\"pt-BR\",\"potentialAction\":[{\"@type\":\"ReadAction\",\"target\":[\"https:\\\/\\\/www.mpc.pr.gov.br\\\/index.php\\\/mp-de-contas-sustenta-que-camara-municipal-pode-promover-projetos-de-educacao-cidada-e-de-incentivo-a-participacao-politica\\\/\"]}]},{\"@type\":\"ImageObject\",\"inLanguage\":\"pt-BR\",\"@id\":\"https:\\\/\\\/www.mpc.pr.gov.br\\\/index.php\\\/mp-de-contas-sustenta-que-camara-municipal-pode-promover-projetos-de-educacao-cidada-e-de-incentivo-a-participacao-politica\\\/#primaryimage\",\"url\":\"\",\"contentUrl\":\"\"},{\"@type\":\"BreadcrumbList\",\"@id\":\"https:\\\/\\\/www.mpc.pr.gov.br\\\/index.php\\\/mp-de-contas-sustenta-que-camara-municipal-pode-promover-projetos-de-educacao-cidada-e-de-incentivo-a-participacao-politica\\\/#breadcrumb\",\"itemListElement\":[{\"@type\":\"ListItem\",\"position\":1,\"name\":\"In\u00edcio\",\"item\":\"https:\\\/\\\/www.mpc.pr.gov.br\\\/\"},{\"@type\":\"ListItem\",\"position\":2,\"name\":\"MP de Contas sustenta que C\u00e2mara Municipal pode promover projetos de educa\u00e7\u00e3o cidad\u00e3 e de incentivo \u00e0 participa\u00e7\u00e3o pol\u00edtica\"}]},{\"@type\":\"WebSite\",\"@id\":\"https:\\\/\\\/www.mpc.pr.gov.br\\\/#website\",\"url\":\"https:\\\/\\\/www.mpc.pr.gov.br\\\/\",\"name\":\"Minist\u00e9rio P\u00fablico de Contas do Estado do Paran\u00e1\",\"description\":\"\",\"publisher\":{\"@id\":\"https:\\\/\\\/www.mpc.pr.gov.br\\\/#organization\"},\"potentialAction\":[{\"@type\":\"SearchAction\",\"target\":{\"@type\":\"EntryPoint\",\"urlTemplate\":\"https:\\\/\\\/www.mpc.pr.gov.br\\\/?s={search_term_string}\"},\"query-input\":{\"@type\":\"PropertyValueSpecification\",\"valueRequired\":true,\"valueName\":\"search_term_string\"}}],\"inLanguage\":\"pt-BR\"},{\"@type\":\"Organization\",\"@id\":\"https:\\\/\\\/www.mpc.pr.gov.br\\\/#organization\",\"name\":\"Minist\u00e9rio P\u00fablico de Contas do Estado do Paran\u00e1\",\"url\":\"https:\\\/\\\/www.mpc.pr.gov.br\\\/\",\"logo\":{\"@type\":\"ImageObject\",\"inLanguage\":\"pt-BR\",\"@id\":\"https:\\\/\\\/www.mpc.pr.gov.br\\\/#\\\/schema\\\/logo\\\/image\\\/\",\"url\":\"https:\\\/\\\/www.mpc.pr.gov.br\\\/wp-content\\\/uploads\\\/2020\\\/06\\\/99423647_1593460364143890_6706793420720963584_n-1-e1591387983167.png\",\"contentUrl\":\"https:\\\/\\\/www.mpc.pr.gov.br\\\/wp-content\\\/uploads\\\/2020\\\/06\\\/99423647_1593460364143890_6706793420720963584_n-1-e1591387983167.png\",\"width\":243,\"height\":73,\"caption\":\"Minist\u00e9rio P\u00fablico de Contas do Estado do Paran\u00e1\"},\"image\":{\"@id\":\"https:\\\/\\\/www.mpc.pr.gov.br\\\/#\\\/schema\\\/logo\\\/image\\\/\"},\"sameAs\":[\"https:\\\/\\\/www.facebook.com\\\/mpc.pr\",\"https:\\\/\\\/www.instagram.com\\\/mpc.pr\\\/?hl=pt-br\",\"https:\\\/\\\/www.youtube.com\\\/channel\\\/UCHri5oEM8DV0ztX57E0sBSw\"]},{\"@type\":\"Person\",\"@id\":\"https:\\\/\\\/www.mpc.pr.gov.br\\\/#\\\/schema\\\/person\\\/9403b33fe345ff50fefc7930f6994ba1\",\"name\":\"saulo.pivetta\",\"image\":{\"@type\":\"ImageObject\",\"inLanguage\":\"pt-BR\",\"@id\":\"https:\\\/\\\/secure.gravatar.com\\\/avatar\\\/?s=96&d=mm&r=g\",\"url\":\"https:\\\/\\\/secure.gravatar.com\\\/avatar\\\/?s=96&d=mm&r=g\",\"contentUrl\":\"https:\\\/\\\/secure.gravatar.com\\\/avatar\\\/?s=96&d=mm&r=g\",\"caption\":\"saulo.pivetta\"}}]}<\/script>\n<!-- \/ Yoast SEO plugin. -->","yoast_head_json":{"title":"MP de Contas sustenta que C\u00e2mara Municipal pode promover projetos de educa\u00e7\u00e3o cidad\u00e3 e de incentivo \u00e0 participa\u00e7\u00e3o pol\u00edtica - Minist\u00e9rio P\u00fablico de Contas do Estado do Paran\u00e1","robots":{"index":"index","follow":"follow","max-snippet":"max-snippet:-1","max-image-preview":"max-image-preview:large","max-video-preview":"max-video-preview:-1"},"canonical":"https:\/\/www.mpc.pr.gov.br\/index.php\/mp-de-contas-sustenta-que-camara-municipal-pode-promover-projetos-de-educacao-cidada-e-de-incentivo-a-participacao-politica\/","og_locale":"pt_BR","og_type":"article","og_title":"MP de Contas sustenta que C\u00e2mara Municipal pode promover projetos de educa\u00e7\u00e3o cidad\u00e3 e de incentivo \u00e0 participa\u00e7\u00e3o pol\u00edtica - Minist\u00e9rio P\u00fablico de Contas do Estado do Paran\u00e1","og_description":"Em processo de Consulta iniciado pela C\u00e2mara Municipal de Palmeira, MP de Contas defende que o Poder Legislativo possui compet\u00eancia para o desenvolvimento de projetos sociais que estimulem a participa\u00e7\u00e3o pol\u00edtica e a educa\u00e7\u00e3o cidad\u00e3. Em sua indaga\u00e7\u00e3o, o Legislativo municipal esclarece que pretende instituir projeto que incentive a politiza\u00e7\u00e3o da sociedade e a educa\u00e7\u00e3o [&hellip;]","og_url":"https:\/\/www.mpc.pr.gov.br\/index.php\/mp-de-contas-sustenta-que-camara-municipal-pode-promover-projetos-de-educacao-cidada-e-de-incentivo-a-participacao-politica\/","og_site_name":"Minist\u00e9rio P\u00fablico de Contas do Estado do Paran\u00e1","article_publisher":"https:\/\/www.facebook.com\/mpc.pr","article_published_time":"2018-01-24T18:36:19+00:00","author":"saulo.pivetta","twitter_card":"summary_large_image","twitter_misc":{"Escrito por":"saulo.pivetta","Est. tempo de leitura":"2 minutos"},"schema":{"@context":"https:\/\/schema.org","@graph":[{"@type":"Article","@id":"https:\/\/www.mpc.pr.gov.br\/index.php\/mp-de-contas-sustenta-que-camara-municipal-pode-promover-projetos-de-educacao-cidada-e-de-incentivo-a-participacao-politica\/#article","isPartOf":{"@id":"https:\/\/www.mpc.pr.gov.br\/index.php\/mp-de-contas-sustenta-que-camara-municipal-pode-promover-projetos-de-educacao-cidada-e-de-incentivo-a-participacao-politica\/"},"author":{"name":"saulo.pivetta","@id":"https:\/\/www.mpc.pr.gov.br\/#\/schema\/person\/9403b33fe345ff50fefc7930f6994ba1"},"headline":"MP de Contas sustenta que C\u00e2mara Municipal pode promover projetos de educa\u00e7\u00e3o cidad\u00e3 e de incentivo \u00e0 participa\u00e7\u00e3o pol\u00edtica","datePublished":"2018-01-24T18:36:19+00:00","mainEntityOfPage":{"@id":"https:\/\/www.mpc.pr.gov.br\/index.php\/mp-de-contas-sustenta-que-camara-municipal-pode-promover-projetos-de-educacao-cidada-e-de-incentivo-a-participacao-politica\/"},"wordCount":374,"commentCount":0,"publisher":{"@id":"https:\/\/www.mpc.pr.gov.br\/#organization"},"image":{"@id":"https:\/\/www.mpc.pr.gov.br\/index.php\/mp-de-contas-sustenta-que-camara-municipal-pode-promover-projetos-de-educacao-cidada-e-de-incentivo-a-participacao-politica\/#primaryimage"},"thumbnailUrl":"","articleSection":["Todas as not\u00edcias"],"inLanguage":"pt-BR","potentialAction":[{"@type":"CommentAction","name":"Comment","target":["https:\/\/www.mpc.pr.gov.br\/index.php\/mp-de-contas-sustenta-que-camara-municipal-pode-promover-projetos-de-educacao-cidada-e-de-incentivo-a-participacao-politica\/#respond"]}]},{"@type":"WebPage","@id":"https:\/\/www.mpc.pr.gov.br\/index.php\/mp-de-contas-sustenta-que-camara-municipal-pode-promover-projetos-de-educacao-cidada-e-de-incentivo-a-participacao-politica\/","url":"https:\/\/www.mpc.pr.gov.br\/index.php\/mp-de-contas-sustenta-que-camara-municipal-pode-promover-projetos-de-educacao-cidada-e-de-incentivo-a-participacao-politica\/","name":"MP de Contas sustenta que C\u00e2mara Municipal pode promover projetos de educa\u00e7\u00e3o cidad\u00e3 e de incentivo \u00e0 participa\u00e7\u00e3o pol\u00edtica - Minist\u00e9rio P\u00fablico de Contas do Estado do Paran\u00e1","isPartOf":{"@id":"https:\/\/www.mpc.pr.gov.br\/#website"},"primaryImageOfPage":{"@id":"https:\/\/www.mpc.pr.gov.br\/index.php\/mp-de-contas-sustenta-que-camara-municipal-pode-promover-projetos-de-educacao-cidada-e-de-incentivo-a-participacao-politica\/#primaryimage"},"image":{"@id":"https:\/\/www.mpc.pr.gov.br\/index.php\/mp-de-contas-sustenta-que-camara-municipal-pode-promover-projetos-de-educacao-cidada-e-de-incentivo-a-participacao-politica\/#primaryimage"},"thumbnailUrl":"","datePublished":"2018-01-24T18:36:19+00:00","breadcrumb":{"@id":"https:\/\/www.mpc.pr.gov.br\/index.php\/mp-de-contas-sustenta-que-camara-municipal-pode-promover-projetos-de-educacao-cidada-e-de-incentivo-a-participacao-politica\/#breadcrumb"},"inLanguage":"pt-BR","potentialAction":[{"@type":"ReadAction","target":["https:\/\/www.mpc.pr.gov.br\/index.php\/mp-de-contas-sustenta-que-camara-municipal-pode-promover-projetos-de-educacao-cidada-e-de-incentivo-a-participacao-politica\/"]}]},{"@type":"ImageObject","inLanguage":"pt-BR","@id":"https:\/\/www.mpc.pr.gov.br\/index.php\/mp-de-contas-sustenta-que-camara-municipal-pode-promover-projetos-de-educacao-cidada-e-de-incentivo-a-participacao-politica\/#primaryimage","url":"","contentUrl":""},{"@type":"BreadcrumbList","@id":"https:\/\/www.mpc.pr.gov.br\/index.php\/mp-de-contas-sustenta-que-camara-municipal-pode-promover-projetos-de-educacao-cidada-e-de-incentivo-a-participacao-politica\/#breadcrumb","itemListElement":[{"@type":"ListItem","position":1,"name":"In\u00edcio","item":"https:\/\/www.mpc.pr.gov.br\/"},{"@type":"ListItem","position":2,"name":"MP de Contas sustenta que C\u00e2mara Municipal pode promover projetos de educa\u00e7\u00e3o cidad\u00e3 e de incentivo \u00e0 participa\u00e7\u00e3o pol\u00edtica"}]},{"@type":"WebSite","@id":"https:\/\/www.mpc.pr.gov.br\/#website","url":"https:\/\/www.mpc.pr.gov.br\/","name":"Minist\u00e9rio P\u00fablico de Contas do Estado do Paran\u00e1","description":"","publisher":{"@id":"https:\/\/www.mpc.pr.gov.br\/#organization"},"potentialAction":[{"@type":"SearchAction","target":{"@type":"EntryPoint","urlTemplate":"https:\/\/www.mpc.pr.gov.br\/?s={search_term_string}"},"query-input":{"@type":"PropertyValueSpecification","valueRequired":true,"valueName":"search_term_string"}}],"inLanguage":"pt-BR"},{"@type":"Organization","@id":"https:\/\/www.mpc.pr.gov.br\/#organization","name":"Minist\u00e9rio P\u00fablico de Contas do Estado do Paran\u00e1","url":"https:\/\/www.mpc.pr.gov.br\/","logo":{"@type":"ImageObject","inLanguage":"pt-BR","@id":"https:\/\/www.mpc.pr.gov.br\/#\/schema\/logo\/image\/","url":"https:\/\/www.mpc.pr.gov.br\/wp-content\/uploads\/2020\/06\/99423647_1593460364143890_6706793420720963584_n-1-e1591387983167.png","contentUrl":"https:\/\/www.mpc.pr.gov.br\/wp-content\/uploads\/2020\/06\/99423647_1593460364143890_6706793420720963584_n-1-e1591387983167.png","width":243,"height":73,"caption":"Minist\u00e9rio P\u00fablico de Contas do Estado do Paran\u00e1"},"image":{"@id":"https:\/\/www.mpc.pr.gov.br\/#\/schema\/logo\/image\/"},"sameAs":["https:\/\/www.facebook.com\/mpc.pr","https:\/\/www.instagram.com\/mpc.pr\/?hl=pt-br","https:\/\/www.youtube.com\/channel\/UCHri5oEM8DV0ztX57E0sBSw"]},{"@type":"Person","@id":"https:\/\/www.mpc.pr.gov.br\/#\/schema\/person\/9403b33fe345ff50fefc7930f6994ba1","name":"saulo.pivetta","image":{"@type":"ImageObject","inLanguage":"pt-BR","@id":"https:\/\/secure.gravatar.com\/avatar\/?s=96&d=mm&r=g","url":"https:\/\/secure.gravatar.com\/avatar\/?s=96&d=mm&r=g","contentUrl":"https:\/\/secure.gravatar.com\/avatar\/?s=96&d=mm&r=g","caption":"saulo.pivetta"}}]}},"rttpg_featured_image_url":null,"rttpg_author":{"display_name":"saulo.pivetta","author_link":"https:\/\/www.mpc.pr.gov.br\/index.php\/author\/saulo-pivetta\/"},"rttpg_comment":0,"rttpg_category":"<a href=\"https:\/\/www.mpc.pr.gov.br\/index.php\/category\/todas-as-noticias\/\" rel=\"category tag\">Todas as not\u00edcias<\/a>","rttpg_excerpt":"Em processo de Consulta iniciado pela C\u00e2mara Municipal de Palmeira, MP de Contas defende que o Poder Legislativo possui compet\u00eancia para o desenvolvimento de projetos sociais que estimulem a participa\u00e7\u00e3o pol\u00edtica e a educa\u00e7\u00e3o cidad\u00e3. Em sua indaga\u00e7\u00e3o, o Legislativo municipal esclarece que pretende instituir projeto que incentive a politiza\u00e7\u00e3o da sociedade e a educa\u00e7\u00e3o&hellip;","_links":{"self":[{"href":"https:\/\/www.mpc.pr.gov.br\/index.php\/wp-json\/wp\/v2\/posts\/5608","targetHints":{"allow":["GET"]}}],"collection":[{"href":"https:\/\/www.mpc.pr.gov.br\/index.php\/wp-json\/wp\/v2\/posts"}],"about":[{"href":"https:\/\/www.mpc.pr.gov.br\/index.php\/wp-json\/wp\/v2\/types\/post"}],"author":[{"embeddable":true,"href":"https:\/\/www.mpc.pr.gov.br\/index.php\/wp-json\/wp\/v2\/users\/2"}],"replies":[{"embeddable":true,"href":"https:\/\/www.mpc.pr.gov.br\/index.php\/wp-json\/wp\/v2\/comments?post=5608"}],"version-history":[{"count":0,"href":"https:\/\/www.mpc.pr.gov.br\/index.php\/wp-json\/wp\/v2\/posts\/5608\/revisions"}],"wp:featuredmedia":[{"embeddable":true,"href":"https:\/\/www.mpc.pr.gov.br\/index.php\/wp-json\/"}],"wp:attachment":[{"href":"https:\/\/www.mpc.pr.gov.br\/index.php\/wp-json\/wp\/v2\/media?parent=5608"}],"wp:term":[{"taxonomy":"category","embeddable":true,"href":"https:\/\/www.mpc.pr.gov.br\/index.php\/wp-json\/wp\/v2\/categories?post=5608"},{"taxonomy":"post_tag","embeddable":true,"href":"https:\/\/www.mpc.pr.gov.br\/index.php\/wp-json\/wp\/v2\/tags?post=5608"}],"curies":[{"name":"wp","href":"https:\/\/api.w.org\/{rel}","templated":true}]}}