{"id":5614,"date":"2018-01-29T09:43:23","date_gmt":"2018-01-29T12:43:23","guid":{"rendered":"http:\/\/www.mpc.pr.gov.br\/?p=5614"},"modified":"2018-01-29T09:43:23","modified_gmt":"2018-01-29T12:43:23","slug":"apos-atuacao-do-mp-de-contas-tcepr-fiscalizara-veiculos-de-transporte-escolar","status":"publish","type":"post","link":"https:\/\/www.mpc.pr.gov.br\/index.php\/apos-atuacao-do-mp-de-contas-tcepr-fiscalizara-veiculos-de-transporte-escolar\/","title":{"rendered":"Ap\u00f3s atua\u00e7\u00e3o do MP de Contas, TCE\/PR fiscalizar\u00e1 ve\u00edculos de transporte escolar"},"content":{"rendered":"<p>Ap\u00f3s in\u00fameras manifesta\u00e7\u00f5es do MP de Contas, o Tribunal de Contas do Estado do Paran\u00e1 passar\u00e1 a exigir que os ve\u00edculos utilizados pelo Estado e Munic\u00edpios no transporte de estudantes observe as regras do C\u00f3digo de Tr\u00e2nsito Brasileiro (CTB).<\/p>\n<p>De acordo com o levantamento realizado pelo TCE\/PR em conjunto com o DETRAN\/PR, &#8220;dos 3.932 ve\u00edculos oficiais municipais e estaduais destinados \u00e0 condu\u00e7\u00e3o de alunos da rede p\u00fablica de ensino, 1.744 n\u00e3o possuem cadastro de inspe\u00e7\u00e3o veicular e 1.942 est\u00e3o com a inspe\u00e7\u00e3o veicula atrasada&#8221;.<\/p>\n<p>O C\u00f3digo de Tr\u00e2nsito Brasileiro prev\u00ea exig\u00eancias especiais para os ve\u00edculos utilizados no transporte de escolares, bem como para os respectivos condutores. Tais regras est\u00e3o nos artigos 136 a 138 do CTB, e preveem, por exemplo a necessidade de inspe\u00e7\u00e3o semestral para verifica\u00e7\u00e3o dos equipamentos obrigat\u00f3rios e de seguran\u00e7a. Ainda, exige a instala\u00e7\u00e3o de equipamento registrador de velocidade e tempo, bem como cintos de seguran\u00e7a em n\u00famero igual ao de estudantes transportados.<\/p>\n<p>Os motoristas, a seu turno, devem ter mais de 21 anos, possuir habilita\u00e7\u00e3o na categoria D,\u00a0n\u00e3o ter cometido nenhuma infra\u00e7\u00e3o grave ou grav\u00edssima ou ser reincidente em infra\u00e7\u00f5es m\u00e9dias durante os doze \u00faltimos meses, bem como ser aprovado em curso especializado.<\/p>\n<p style=\"padding-left: 30px;\" align=\"JUSTIFY\">\n<p>Segue a \u00edntegra da not\u00edcia veiculada no site do Tribunal de Contas do Estado do Paran\u00e1:<\/p>\n<p style=\"padding-left: 30px;\">O presidente do Tribunal de Contas, conselheiro Durval Amaral, determinou \u00e0s prefeituras do Paran\u00e1 que regularizem, at\u00e9 o in\u00edcio do ano letivo de 2018, a situa\u00e7\u00e3o dos ve\u00edculos oficiais que s\u00e3o usados no transporte de estudantes. Levantamento realizado pelo TCE-PR em conjunto com o Departamento de Tr\u00e2nsito do Paran\u00e1 (Detran-PR) mostrou que, dos 3.932 ve\u00edculos oficiais municipais e estaduais destinados \u00e0 condu\u00e7\u00e3o de alunos da rede p\u00fablica de ensino, 1.744 n\u00e3o possuem cadastro de inspe\u00e7\u00e3o veicular e 1.942 est\u00e3o com a inspe\u00e7\u00e3o veicula atrasada.<\/p>\n<p style=\"padding-left: 30px;\">&#8220;N\u00e3o se pode desrespeitar as regras do C\u00f3digo de Tr\u00e2nsito Brasileiro (CTB), colocando em risco a vida de milhares de estudantes em ve\u00edculos que podem apresentar falta de cinto de seguran\u00e7a, aus\u00eancia de sinaliza\u00e7\u00e3o adequada ou mesmo pneus sem condi\u00e7\u00f5es de uso, al\u00e9m de falta de registro nos organismos de tr\u00e2nsito&#8221;, afirma Durval.\u00a0O presidente destaca que essa a\u00e7\u00e3o integra a atua\u00e7\u00e3o preventiva executada pelo Tribunal com o objetivo de orientar e evitar irregularidades na gest\u00e3o p\u00fablica.<\/p>\n<p style=\"padding-left: 30px;\">O TCE-PR recomendou que sejam tomadas todas as provid\u00eancias estabelecidas no artigo 136, inciso II, do CTB, que determina a inspe\u00e7\u00e3o semestral para verifica\u00e7\u00e3o de equipamentos obrigat\u00f3rios e de seguran\u00e7a. Uma rela\u00e7\u00e3o com o n\u00famero de registro, placa e demais informa\u00e7\u00f5es dos ve\u00edculos pertencentes \u00e0 frota de cada munic\u00edpio paranaense foi elaborada pelo TCE-PR.<\/p>\n<p style=\"padding-left: 30px;\">\n<p style=\"padding-left: 30px;\"><strong>Regulariza\u00e7\u00e3o<\/strong><\/p>\n<p style=\"padding-left: 30px;\">O levantamento apontou que apenas 6,25% dos ve\u00edculos de propriedade p\u00fablica destinados ao transporte escolar est\u00e3o com inspe\u00e7\u00e3o semestral em dia, segundo os registros do Detran-PR. Assim, o TCE-PR orientou que, antes do in\u00edcio do ano letivo, as prefeituras agendem a regulariza\u00e7\u00e3o dos ve\u00edculos junto \u00e0s unidades de tr\u00e2nsito nos municipios e promovam o cadastramento dos dados necess\u00e1rios no sistema de controle do Detran-PR.<\/p>\n<p style=\"padding-left: 30px;\">As administra\u00e7\u00f5es municipais devem adotar controles para assegurar que os ve\u00edculos de transporte escolar terceirizados tamb\u00e9m obtenham termo de autoriza\u00e7\u00e3o para este fim, dentro do prazo de validade estipulado pela legisla\u00e7\u00e3o.<\/p>\n<p style=\"padding-left: 30px;\">No in\u00edcio das aulas &#8211; que na maioria dos municipios ocorrer\u00e1 em fevereiro, ap\u00f3s o Carnaval &#8211; o TCE-PR dever\u00e1 voltar a cruzar os dados do Detran-PR para verificar se houve o cumprimento das recomenda\u00e7\u00f5es pelos munic\u00edpios. Os resultados v\u00e3o orientar as a\u00e7\u00f5es a serem tomadas posteriormente pelo \u00f3rg\u00e3o de controle externo.<\/p>\n<p style=\"padding-left: 30px;\">As frotas de transporte escolar dos municipios tamb\u00e9m dever\u00e3o ser alvo de inspe\u00e7\u00e3o\u00a0<em>in loco<\/em>\u00a0durante a execu\u00e7\u00e3o do Plano Anual de Fiscaliza\u00e7\u00e3o (PAF) 2018 do Tribunal, cujo planejamento est\u00e1 est\u00e1 sendo conclu\u00eddo.<\/p>\n<p style=\"padding-left: 30px;\">\n<p style=\"padding-left: 30px;\"><strong>Regras do CTB<\/strong><\/p>\n<p style=\"padding-left: 30px;\">O C\u00f3digo de Tr\u00e2nsito Brasileiro determina que todo ve\u00edculo prestador de servi\u00e7o de transporte escolar deve estar registrado como tal junto ao Detran de seu Estado. Esses ve\u00edculos devem ser submetidos \u00e0 inspe\u00e7\u00e3o pelo menos duas vezes ao ano, quando ser\u00e3o verificados os itens obrigat\u00f3rios, como cintos de seguran\u00e7a e retrovisores, entre outros.<\/p>\n<p style=\"padding-left: 30px;\">Al\u00e9m disso, os ve\u00edculos dever\u00e3o exibir faixa amarela com a inscri\u00e7\u00e3o &#8220;Escolar&#8221; \u00e0 meia altura e em toda a extens\u00e3o das partes laterais e traseira de sua carroceria; possuir equipamento registrador instant\u00e2neo de velocidade e de tempo, inalter\u00e1vel e em perfeitas condi\u00e7\u00f5es de uso.<\/p>\n<p style=\"padding-left: 30px;\">E ainda: ter lanternas de luz branca, fosca ou amarela dispostas nas extremidades da parte superior dianteira e lanternas de luz vermelha, na extremidade superior da parte traseira; dispor de cintos de seguran\u00e7a independentes e em perfeitas condi\u00e7\u00f5es de uso em cada assento; ter documento de autoriza\u00e7\u00e3o do Detran afixado na parte interna do ve\u00edculo, em local vis\u00edvel, contendo o n\u00famero m\u00e1ximo de passageiros permitido pelo fabricante e respeitar esse limite.<\/p>\n<p>A not\u00edcia pode ser lida no site do TCE\/PR clicando <a href=\"http:\/\/www1.tce.pr.gov.br\/noticias\/tce-pr-determina-que-prefeituras-regularizarem-veiculos-de-transporte-escolar\/5708\/N\">aqui<\/a>.<\/p>\n<p>&nbsp;<\/p>\n","protected":false},"excerpt":{"rendered":"<p>Ap\u00f3s in\u00fameras manifesta\u00e7\u00f5es do MP de Contas, o Tribunal de Contas do Estado do Paran\u00e1 passar\u00e1 a exigir que os ve\u00edculos utilizados pelo Estado e Munic\u00edpios no transporte de estudantes observe as regras do C\u00f3digo de Tr\u00e2nsito Brasileiro (CTB). De acordo com o levantamento realizado pelo TCE\/PR em conjunto com o DETRAN\/PR, &#8220;dos 3.932 ve\u00edculos [&hellip;]<\/p>\n","protected":false},"author":2,"featured_media":5615,"comment_status":"open","ping_status":"open","sticky":false,"template":"","format":"standard","meta":{"_monsterinsights_skip_tracking":false,"_monsterinsights_sitenote_active":false,"_monsterinsights_sitenote_note":"","_monsterinsights_sitenote_category":0,"footnotes":""},"categories":[15,7],"tags":[],"class_list":["post-5614","post","type-post","status-publish","format-standard","has-post-thumbnail","hentry","category-noticias-de-interesse","category-todas-as-noticias","entry","has-media"],"yoast_head":"<!-- This site is optimized with the Yoast SEO plugin v27.3 - https:\/\/yoast.com\/product\/yoast-seo-wordpress\/ -->\n<title>Ap\u00f3s atua\u00e7\u00e3o do MP de Contas, TCE\/PR fiscalizar\u00e1 ve\u00edculos de transporte escolar - Minist\u00e9rio P\u00fablico de Contas do Estado do Paran\u00e1<\/title>\n<meta name=\"robots\" content=\"index, follow, max-snippet:-1, max-image-preview:large, max-video-preview:-1\" \/>\n<link rel=\"canonical\" href=\"https:\/\/www.mpc.pr.gov.br\/index.php\/apos-atuacao-do-mp-de-contas-tcepr-fiscalizara-veiculos-de-transporte-escolar\/\" \/>\n<meta property=\"og:locale\" content=\"pt_BR\" \/>\n<meta property=\"og:type\" content=\"article\" \/>\n<meta property=\"og:title\" content=\"Ap\u00f3s atua\u00e7\u00e3o do MP de Contas, TCE\/PR fiscalizar\u00e1 ve\u00edculos de transporte escolar - Minist\u00e9rio P\u00fablico de Contas do Estado do Paran\u00e1\" \/>\n<meta property=\"og:description\" content=\"Ap\u00f3s in\u00fameras manifesta\u00e7\u00f5es do MP de Contas, o Tribunal de Contas do Estado do Paran\u00e1 passar\u00e1 a exigir que os ve\u00edculos utilizados pelo Estado e Munic\u00edpios no transporte de estudantes observe as regras do C\u00f3digo de Tr\u00e2nsito Brasileiro (CTB). De acordo com o levantamento realizado pelo TCE\/PR em conjunto com o DETRAN\/PR, &#8220;dos 3.932 ve\u00edculos [&hellip;]\" \/>\n<meta property=\"og:url\" content=\"https:\/\/www.mpc.pr.gov.br\/index.php\/apos-atuacao-do-mp-de-contas-tcepr-fiscalizara-veiculos-de-transporte-escolar\/\" \/>\n<meta property=\"og:site_name\" content=\"Minist\u00e9rio P\u00fablico de Contas do Estado do Paran\u00e1\" \/>\n<meta property=\"article:publisher\" content=\"https:\/\/www.facebook.com\/mpc.pr\" \/>\n<meta property=\"article:published_time\" content=\"2018-01-29T12:43:23+00:00\" \/>\n<meta name=\"author\" content=\"saulo.pivetta\" \/>\n<meta name=\"twitter:card\" content=\"summary_large_image\" \/>\n<meta name=\"twitter:label1\" content=\"Escrito por\" \/>\n\t<meta name=\"twitter:data1\" content=\"saulo.pivetta\" \/>\n\t<meta name=\"twitter:label2\" content=\"Est. tempo de leitura\" \/>\n\t<meta name=\"twitter:data2\" content=\"5 minutos\" \/>\n<script type=\"application\/ld+json\" class=\"yoast-schema-graph\">{\"@context\":\"https:\\\/\\\/schema.org\",\"@graph\":[{\"@type\":\"Article\",\"@id\":\"https:\\\/\\\/www.mpc.pr.gov.br\\\/index.php\\\/apos-atuacao-do-mp-de-contas-tcepr-fiscalizara-veiculos-de-transporte-escolar\\\/#article\",\"isPartOf\":{\"@id\":\"https:\\\/\\\/www.mpc.pr.gov.br\\\/index.php\\\/apos-atuacao-do-mp-de-contas-tcepr-fiscalizara-veiculos-de-transporte-escolar\\\/\"},\"author\":{\"name\":\"saulo.pivetta\",\"@id\":\"https:\\\/\\\/www.mpc.pr.gov.br\\\/#\\\/schema\\\/person\\\/9403b33fe345ff50fefc7930f6994ba1\"},\"headline\":\"Ap\u00f3s atua\u00e7\u00e3o do MP de Contas, TCE\\\/PR fiscalizar\u00e1 ve\u00edculos de transporte escolar\",\"datePublished\":\"2018-01-29T12:43:23+00:00\",\"mainEntityOfPage\":{\"@id\":\"https:\\\/\\\/www.mpc.pr.gov.br\\\/index.php\\\/apos-atuacao-do-mp-de-contas-tcepr-fiscalizara-veiculos-de-transporte-escolar\\\/\"},\"wordCount\":916,\"commentCount\":0,\"publisher\":{\"@id\":\"https:\\\/\\\/www.mpc.pr.gov.br\\\/#organization\"},\"image\":{\"@id\":\"https:\\\/\\\/www.mpc.pr.gov.br\\\/index.php\\\/apos-atuacao-do-mp-de-contas-tcepr-fiscalizara-veiculos-de-transporte-escolar\\\/#primaryimage\"},\"thumbnailUrl\":\"\",\"articleSection\":[\"Not\u00edcias de Interesse\",\"Todas as not\u00edcias\"],\"inLanguage\":\"pt-BR\",\"potentialAction\":[{\"@type\":\"CommentAction\",\"name\":\"Comment\",\"target\":[\"https:\\\/\\\/www.mpc.pr.gov.br\\\/index.php\\\/apos-atuacao-do-mp-de-contas-tcepr-fiscalizara-veiculos-de-transporte-escolar\\\/#respond\"]}]},{\"@type\":\"WebPage\",\"@id\":\"https:\\\/\\\/www.mpc.pr.gov.br\\\/index.php\\\/apos-atuacao-do-mp-de-contas-tcepr-fiscalizara-veiculos-de-transporte-escolar\\\/\",\"url\":\"https:\\\/\\\/www.mpc.pr.gov.br\\\/index.php\\\/apos-atuacao-do-mp-de-contas-tcepr-fiscalizara-veiculos-de-transporte-escolar\\\/\",\"name\":\"Ap\u00f3s atua\u00e7\u00e3o do MP de Contas, TCE\\\/PR fiscalizar\u00e1 ve\u00edculos de transporte escolar - Minist\u00e9rio P\u00fablico de Contas do Estado do Paran\u00e1\",\"isPartOf\":{\"@id\":\"https:\\\/\\\/www.mpc.pr.gov.br\\\/#website\"},\"primaryImageOfPage\":{\"@id\":\"https:\\\/\\\/www.mpc.pr.gov.br\\\/index.php\\\/apos-atuacao-do-mp-de-contas-tcepr-fiscalizara-veiculos-de-transporte-escolar\\\/#primaryimage\"},\"image\":{\"@id\":\"https:\\\/\\\/www.mpc.pr.gov.br\\\/index.php\\\/apos-atuacao-do-mp-de-contas-tcepr-fiscalizara-veiculos-de-transporte-escolar\\\/#primaryimage\"},\"thumbnailUrl\":\"\",\"datePublished\":\"2018-01-29T12:43:23+00:00\",\"breadcrumb\":{\"@id\":\"https:\\\/\\\/www.mpc.pr.gov.br\\\/index.php\\\/apos-atuacao-do-mp-de-contas-tcepr-fiscalizara-veiculos-de-transporte-escolar\\\/#breadcrumb\"},\"inLanguage\":\"pt-BR\",\"potentialAction\":[{\"@type\":\"ReadAction\",\"target\":[\"https:\\\/\\\/www.mpc.pr.gov.br\\\/index.php\\\/apos-atuacao-do-mp-de-contas-tcepr-fiscalizara-veiculos-de-transporte-escolar\\\/\"]}]},{\"@type\":\"ImageObject\",\"inLanguage\":\"pt-BR\",\"@id\":\"https:\\\/\\\/www.mpc.pr.gov.br\\\/index.php\\\/apos-atuacao-do-mp-de-contas-tcepr-fiscalizara-veiculos-de-transporte-escolar\\\/#primaryimage\",\"url\":\"\",\"contentUrl\":\"\"},{\"@type\":\"BreadcrumbList\",\"@id\":\"https:\\\/\\\/www.mpc.pr.gov.br\\\/index.php\\\/apos-atuacao-do-mp-de-contas-tcepr-fiscalizara-veiculos-de-transporte-escolar\\\/#breadcrumb\",\"itemListElement\":[{\"@type\":\"ListItem\",\"position\":1,\"name\":\"In\u00edcio\",\"item\":\"https:\\\/\\\/www.mpc.pr.gov.br\\\/\"},{\"@type\":\"ListItem\",\"position\":2,\"name\":\"Ap\u00f3s atua\u00e7\u00e3o do MP de Contas, TCE\\\/PR fiscalizar\u00e1 ve\u00edculos de transporte escolar\"}]},{\"@type\":\"WebSite\",\"@id\":\"https:\\\/\\\/www.mpc.pr.gov.br\\\/#website\",\"url\":\"https:\\\/\\\/www.mpc.pr.gov.br\\\/\",\"name\":\"Minist\u00e9rio P\u00fablico de Contas do Estado do Paran\u00e1\",\"description\":\"\",\"publisher\":{\"@id\":\"https:\\\/\\\/www.mpc.pr.gov.br\\\/#organization\"},\"potentialAction\":[{\"@type\":\"SearchAction\",\"target\":{\"@type\":\"EntryPoint\",\"urlTemplate\":\"https:\\\/\\\/www.mpc.pr.gov.br\\\/?s={search_term_string}\"},\"query-input\":{\"@type\":\"PropertyValueSpecification\",\"valueRequired\":true,\"valueName\":\"search_term_string\"}}],\"inLanguage\":\"pt-BR\"},{\"@type\":\"Organization\",\"@id\":\"https:\\\/\\\/www.mpc.pr.gov.br\\\/#organization\",\"name\":\"Minist\u00e9rio P\u00fablico de Contas do Estado do Paran\u00e1\",\"url\":\"https:\\\/\\\/www.mpc.pr.gov.br\\\/\",\"logo\":{\"@type\":\"ImageObject\",\"inLanguage\":\"pt-BR\",\"@id\":\"https:\\\/\\\/www.mpc.pr.gov.br\\\/#\\\/schema\\\/logo\\\/image\\\/\",\"url\":\"https:\\\/\\\/www.mpc.pr.gov.br\\\/wp-content\\\/uploads\\\/2020\\\/06\\\/99423647_1593460364143890_6706793420720963584_n-1-e1591387983167.png\",\"contentUrl\":\"https:\\\/\\\/www.mpc.pr.gov.br\\\/wp-content\\\/uploads\\\/2020\\\/06\\\/99423647_1593460364143890_6706793420720963584_n-1-e1591387983167.png\",\"width\":243,\"height\":73,\"caption\":\"Minist\u00e9rio P\u00fablico de Contas do Estado do Paran\u00e1\"},\"image\":{\"@id\":\"https:\\\/\\\/www.mpc.pr.gov.br\\\/#\\\/schema\\\/logo\\\/image\\\/\"},\"sameAs\":[\"https:\\\/\\\/www.facebook.com\\\/mpc.pr\",\"https:\\\/\\\/www.instagram.com\\\/mpc.pr\\\/?hl=pt-br\",\"https:\\\/\\\/www.youtube.com\\\/channel\\\/UCHri5oEM8DV0ztX57E0sBSw\"]},{\"@type\":\"Person\",\"@id\":\"https:\\\/\\\/www.mpc.pr.gov.br\\\/#\\\/schema\\\/person\\\/9403b33fe345ff50fefc7930f6994ba1\",\"name\":\"saulo.pivetta\",\"image\":{\"@type\":\"ImageObject\",\"inLanguage\":\"pt-BR\",\"@id\":\"https:\\\/\\\/secure.gravatar.com\\\/avatar\\\/?s=96&d=mm&r=g\",\"url\":\"https:\\\/\\\/secure.gravatar.com\\\/avatar\\\/?s=96&d=mm&r=g\",\"contentUrl\":\"https:\\\/\\\/secure.gravatar.com\\\/avatar\\\/?s=96&d=mm&r=g\",\"caption\":\"saulo.pivetta\"}}]}<\/script>\n<!-- \/ Yoast SEO plugin. -->","yoast_head_json":{"title":"Ap\u00f3s atua\u00e7\u00e3o do MP de Contas, TCE\/PR fiscalizar\u00e1 ve\u00edculos de transporte escolar - Minist\u00e9rio P\u00fablico de Contas do Estado do Paran\u00e1","robots":{"index":"index","follow":"follow","max-snippet":"max-snippet:-1","max-image-preview":"max-image-preview:large","max-video-preview":"max-video-preview:-1"},"canonical":"https:\/\/www.mpc.pr.gov.br\/index.php\/apos-atuacao-do-mp-de-contas-tcepr-fiscalizara-veiculos-de-transporte-escolar\/","og_locale":"pt_BR","og_type":"article","og_title":"Ap\u00f3s atua\u00e7\u00e3o do MP de Contas, TCE\/PR fiscalizar\u00e1 ve\u00edculos de transporte escolar - Minist\u00e9rio P\u00fablico de Contas do Estado do Paran\u00e1","og_description":"Ap\u00f3s in\u00fameras manifesta\u00e7\u00f5es do MP de Contas, o Tribunal de Contas do Estado do Paran\u00e1 passar\u00e1 a exigir que os ve\u00edculos utilizados pelo Estado e Munic\u00edpios no transporte de estudantes observe as regras do C\u00f3digo de Tr\u00e2nsito Brasileiro (CTB). De acordo com o levantamento realizado pelo TCE\/PR em conjunto com o DETRAN\/PR, &#8220;dos 3.932 ve\u00edculos [&hellip;]","og_url":"https:\/\/www.mpc.pr.gov.br\/index.php\/apos-atuacao-do-mp-de-contas-tcepr-fiscalizara-veiculos-de-transporte-escolar\/","og_site_name":"Minist\u00e9rio P\u00fablico de Contas do Estado do Paran\u00e1","article_publisher":"https:\/\/www.facebook.com\/mpc.pr","article_published_time":"2018-01-29T12:43:23+00:00","author":"saulo.pivetta","twitter_card":"summary_large_image","twitter_misc":{"Escrito por":"saulo.pivetta","Est. tempo de leitura":"5 minutos"},"schema":{"@context":"https:\/\/schema.org","@graph":[{"@type":"Article","@id":"https:\/\/www.mpc.pr.gov.br\/index.php\/apos-atuacao-do-mp-de-contas-tcepr-fiscalizara-veiculos-de-transporte-escolar\/#article","isPartOf":{"@id":"https:\/\/www.mpc.pr.gov.br\/index.php\/apos-atuacao-do-mp-de-contas-tcepr-fiscalizara-veiculos-de-transporte-escolar\/"},"author":{"name":"saulo.pivetta","@id":"https:\/\/www.mpc.pr.gov.br\/#\/schema\/person\/9403b33fe345ff50fefc7930f6994ba1"},"headline":"Ap\u00f3s atua\u00e7\u00e3o do MP de Contas, TCE\/PR fiscalizar\u00e1 ve\u00edculos de transporte escolar","datePublished":"2018-01-29T12:43:23+00:00","mainEntityOfPage":{"@id":"https:\/\/www.mpc.pr.gov.br\/index.php\/apos-atuacao-do-mp-de-contas-tcepr-fiscalizara-veiculos-de-transporte-escolar\/"},"wordCount":916,"commentCount":0,"publisher":{"@id":"https:\/\/www.mpc.pr.gov.br\/#organization"},"image":{"@id":"https:\/\/www.mpc.pr.gov.br\/index.php\/apos-atuacao-do-mp-de-contas-tcepr-fiscalizara-veiculos-de-transporte-escolar\/#primaryimage"},"thumbnailUrl":"","articleSection":["Not\u00edcias de Interesse","Todas as not\u00edcias"],"inLanguage":"pt-BR","potentialAction":[{"@type":"CommentAction","name":"Comment","target":["https:\/\/www.mpc.pr.gov.br\/index.php\/apos-atuacao-do-mp-de-contas-tcepr-fiscalizara-veiculos-de-transporte-escolar\/#respond"]}]},{"@type":"WebPage","@id":"https:\/\/www.mpc.pr.gov.br\/index.php\/apos-atuacao-do-mp-de-contas-tcepr-fiscalizara-veiculos-de-transporte-escolar\/","url":"https:\/\/www.mpc.pr.gov.br\/index.php\/apos-atuacao-do-mp-de-contas-tcepr-fiscalizara-veiculos-de-transporte-escolar\/","name":"Ap\u00f3s atua\u00e7\u00e3o do MP de Contas, TCE\/PR fiscalizar\u00e1 ve\u00edculos de transporte escolar - Minist\u00e9rio P\u00fablico de Contas do Estado do Paran\u00e1","isPartOf":{"@id":"https:\/\/www.mpc.pr.gov.br\/#website"},"primaryImageOfPage":{"@id":"https:\/\/www.mpc.pr.gov.br\/index.php\/apos-atuacao-do-mp-de-contas-tcepr-fiscalizara-veiculos-de-transporte-escolar\/#primaryimage"},"image":{"@id":"https:\/\/www.mpc.pr.gov.br\/index.php\/apos-atuacao-do-mp-de-contas-tcepr-fiscalizara-veiculos-de-transporte-escolar\/#primaryimage"},"thumbnailUrl":"","datePublished":"2018-01-29T12:43:23+00:00","breadcrumb":{"@id":"https:\/\/www.mpc.pr.gov.br\/index.php\/apos-atuacao-do-mp-de-contas-tcepr-fiscalizara-veiculos-de-transporte-escolar\/#breadcrumb"},"inLanguage":"pt-BR","potentialAction":[{"@type":"ReadAction","target":["https:\/\/www.mpc.pr.gov.br\/index.php\/apos-atuacao-do-mp-de-contas-tcepr-fiscalizara-veiculos-de-transporte-escolar\/"]}]},{"@type":"ImageObject","inLanguage":"pt-BR","@id":"https:\/\/www.mpc.pr.gov.br\/index.php\/apos-atuacao-do-mp-de-contas-tcepr-fiscalizara-veiculos-de-transporte-escolar\/#primaryimage","url":"","contentUrl":""},{"@type":"BreadcrumbList","@id":"https:\/\/www.mpc.pr.gov.br\/index.php\/apos-atuacao-do-mp-de-contas-tcepr-fiscalizara-veiculos-de-transporte-escolar\/#breadcrumb","itemListElement":[{"@type":"ListItem","position":1,"name":"In\u00edcio","item":"https:\/\/www.mpc.pr.gov.br\/"},{"@type":"ListItem","position":2,"name":"Ap\u00f3s atua\u00e7\u00e3o do MP de Contas, TCE\/PR fiscalizar\u00e1 ve\u00edculos de transporte escolar"}]},{"@type":"WebSite","@id":"https:\/\/www.mpc.pr.gov.br\/#website","url":"https:\/\/www.mpc.pr.gov.br\/","name":"Minist\u00e9rio P\u00fablico de Contas do Estado do Paran\u00e1","description":"","publisher":{"@id":"https:\/\/www.mpc.pr.gov.br\/#organization"},"potentialAction":[{"@type":"SearchAction","target":{"@type":"EntryPoint","urlTemplate":"https:\/\/www.mpc.pr.gov.br\/?s={search_term_string}"},"query-input":{"@type":"PropertyValueSpecification","valueRequired":true,"valueName":"search_term_string"}}],"inLanguage":"pt-BR"},{"@type":"Organization","@id":"https:\/\/www.mpc.pr.gov.br\/#organization","name":"Minist\u00e9rio P\u00fablico de Contas do Estado do Paran\u00e1","url":"https:\/\/www.mpc.pr.gov.br\/","logo":{"@type":"ImageObject","inLanguage":"pt-BR","@id":"https:\/\/www.mpc.pr.gov.br\/#\/schema\/logo\/image\/","url":"https:\/\/www.mpc.pr.gov.br\/wp-content\/uploads\/2020\/06\/99423647_1593460364143890_6706793420720963584_n-1-e1591387983167.png","contentUrl":"https:\/\/www.mpc.pr.gov.br\/wp-content\/uploads\/2020\/06\/99423647_1593460364143890_6706793420720963584_n-1-e1591387983167.png","width":243,"height":73,"caption":"Minist\u00e9rio P\u00fablico de Contas do Estado do Paran\u00e1"},"image":{"@id":"https:\/\/www.mpc.pr.gov.br\/#\/schema\/logo\/image\/"},"sameAs":["https:\/\/www.facebook.com\/mpc.pr","https:\/\/www.instagram.com\/mpc.pr\/?hl=pt-br","https:\/\/www.youtube.com\/channel\/UCHri5oEM8DV0ztX57E0sBSw"]},{"@type":"Person","@id":"https:\/\/www.mpc.pr.gov.br\/#\/schema\/person\/9403b33fe345ff50fefc7930f6994ba1","name":"saulo.pivetta","image":{"@type":"ImageObject","inLanguage":"pt-BR","@id":"https:\/\/secure.gravatar.com\/avatar\/?s=96&d=mm&r=g","url":"https:\/\/secure.gravatar.com\/avatar\/?s=96&d=mm&r=g","contentUrl":"https:\/\/secure.gravatar.com\/avatar\/?s=96&d=mm&r=g","caption":"saulo.pivetta"}}]}},"rttpg_featured_image_url":null,"rttpg_author":{"display_name":"saulo.pivetta","author_link":"https:\/\/www.mpc.pr.gov.br\/index.php\/author\/saulo-pivetta\/"},"rttpg_comment":0,"rttpg_category":"<a href=\"https:\/\/www.mpc.pr.gov.br\/index.php\/category\/noticias-de-interesse\/\" rel=\"category tag\">Not\u00edcias de Interesse<\/a> <a href=\"https:\/\/www.mpc.pr.gov.br\/index.php\/category\/todas-as-noticias\/\" rel=\"category tag\">Todas as not\u00edcias<\/a>","rttpg_excerpt":"Ap\u00f3s in\u00fameras manifesta\u00e7\u00f5es do MP de Contas, o Tribunal de Contas do Estado do Paran\u00e1 passar\u00e1 a exigir que os ve\u00edculos utilizados pelo Estado e Munic\u00edpios no transporte de estudantes observe as regras do C\u00f3digo de Tr\u00e2nsito Brasileiro (CTB). De acordo com o levantamento realizado pelo TCE\/PR em conjunto com o DETRAN\/PR, &#8220;dos 3.932 ve\u00edculos&hellip;","_links":{"self":[{"href":"https:\/\/www.mpc.pr.gov.br\/index.php\/wp-json\/wp\/v2\/posts\/5614","targetHints":{"allow":["GET"]}}],"collection":[{"href":"https:\/\/www.mpc.pr.gov.br\/index.php\/wp-json\/wp\/v2\/posts"}],"about":[{"href":"https:\/\/www.mpc.pr.gov.br\/index.php\/wp-json\/wp\/v2\/types\/post"}],"author":[{"embeddable":true,"href":"https:\/\/www.mpc.pr.gov.br\/index.php\/wp-json\/wp\/v2\/users\/2"}],"replies":[{"embeddable":true,"href":"https:\/\/www.mpc.pr.gov.br\/index.php\/wp-json\/wp\/v2\/comments?post=5614"}],"version-history":[{"count":0,"href":"https:\/\/www.mpc.pr.gov.br\/index.php\/wp-json\/wp\/v2\/posts\/5614\/revisions"}],"wp:featuredmedia":[{"embeddable":true,"href":"https:\/\/www.mpc.pr.gov.br\/index.php\/wp-json\/"}],"wp:attachment":[{"href":"https:\/\/www.mpc.pr.gov.br\/index.php\/wp-json\/wp\/v2\/media?parent=5614"}],"wp:term":[{"taxonomy":"category","embeddable":true,"href":"https:\/\/www.mpc.pr.gov.br\/index.php\/wp-json\/wp\/v2\/categories?post=5614"},{"taxonomy":"post_tag","embeddable":true,"href":"https:\/\/www.mpc.pr.gov.br\/index.php\/wp-json\/wp\/v2\/tags?post=5614"}],"curies":[{"name":"wp","href":"https:\/\/api.w.org\/{rel}","templated":true}]}}