{"id":5631,"date":"2018-03-05T09:22:05","date_gmt":"2018-03-05T12:22:05","guid":{"rendered":"http:\/\/www.mpc.pr.gov.br\/?p=5631"},"modified":"2018-03-05T09:22:05","modified_gmt":"2018-03-05T12:22:05","slug":"atual-procurador-geral-e-eleito-para-mais-um-mandato-no-mp-de-contas","status":"publish","type":"post","link":"https:\/\/www.mpc.pr.gov.br\/index.php\/atual-procurador-geral-e-eleito-para-mais-um-mandato-no-mp-de-contas\/","title":{"rendered":"Atual Procurador-Geral \u00e9 eleito para mais um mandato no MP de Contas"},"content":{"rendered":"<p style=\"text-align: justify; line-height: 18.0pt; background: white; margin: 0cm 0cm 15.0pt 0cm;\"><span style=\"font-size: 9.5pt; font-family: 'Arial',sans-serif; color: #444444;\">O Procurador-Geral do MP de Contas, Dr. Fl\u00e1vio de Azambuja Berti, foi o \u00fanico candidato inscrito para a elei\u00e7\u00e3o que definiria a lista tr\u00edplice a ser encaminhada ao Governador de Estado para escolha do novo mandat\u00e1rio da institui\u00e7\u00e3o.<\/span><\/p>\n<p style=\"text-align: justify; line-height: 18.0pt; background: white; margin: 0cm 0cm 15.0pt 0cm;\"><span style=\"font-size: 9.5pt; font-family: 'Arial',sans-serif; color: #444444;\">O atual PG recebeu vota\u00e7\u00e3o un\u00e2nime na elei\u00e7\u00e3o interna ocorrida em 20 de fevereiro.<\/span><\/p>\n<p style=\"text-align: justify; line-height: 18.0pt; background: white; margin: 0cm 0cm 15.0pt 0cm;\"><span style=\"font-size: 9.5pt; font-family: 'Arial',sans-serif; color: #444444;\">O resultado da elei\u00e7\u00e3o foi encaminhado para ao Governador do Estado do Paran\u00e1, a quem compete a nomea\u00e7\u00e3o do Procurador-Geral de Contas.<\/span><\/p>\n<p style=\"text-align: justify; line-height: 18.0pt; background: white; margin: 0cm 0cm 15.0pt 0cm;\"><span style=\"font-size: 9.5pt; font-family: 'Arial',sans-serif; color: #444444;\">Com a nomea\u00e7\u00e3o, Fl\u00e1vio Berti ser\u00e1 reconduzido ao cargo de Procurador-Geral para o exerc\u00edcio de mais um mandato de dois anos, a partir de 1\u00ba de abril.<\/span><\/p>\n","protected":false},"excerpt":{"rendered":"<p>O Procurador-Geral do MP de Contas, Dr. Fl\u00e1vio de Azambuja Berti, foi o \u00fanico candidato inscrito para a elei\u00e7\u00e3o que definiria a lista tr\u00edplice a ser encaminhada ao Governador de Estado para escolha do novo mandat\u00e1rio da institui\u00e7\u00e3o. O atual PG recebeu vota\u00e7\u00e3o un\u00e2nime na elei\u00e7\u00e3o interna ocorrida em 20 de fevereiro. O resultado da [&hellip;]<\/p>\n","protected":false},"author":2,"featured_media":5391,"comment_status":"open","ping_status":"open","sticky":false,"template":"","format":"standard","meta":{"_monsterinsights_skip_tracking":false,"_monsterinsights_sitenote_active":false,"_monsterinsights_sitenote_note":"","_monsterinsights_sitenote_category":0,"footnotes":""},"categories":[7,14],"tags":[],"class_list":["post-5631","post","type-post","status-publish","format-standard","has-post-thumbnail","hentry","category-todas-as-noticias","category-ultimas-noticias","entry","has-media"],"yoast_head":"<!-- This site is optimized with the Yoast SEO plugin v27.3 - https:\/\/yoast.com\/product\/yoast-seo-wordpress\/ -->\n<title>Atual Procurador-Geral \u00e9 eleito para mais um mandato no MP de Contas - Minist\u00e9rio P\u00fablico de Contas do Estado do Paran\u00e1<\/title>\n<meta name=\"robots\" content=\"index, follow, max-snippet:-1, max-image-preview:large, max-video-preview:-1\" \/>\n<link rel=\"canonical\" href=\"https:\/\/www.mpc.pr.gov.br\/index.php\/atual-procurador-geral-e-eleito-para-mais-um-mandato-no-mp-de-contas\/\" \/>\n<meta property=\"og:locale\" content=\"pt_BR\" \/>\n<meta property=\"og:type\" content=\"article\" \/>\n<meta property=\"og:title\" content=\"Atual Procurador-Geral \u00e9 eleito para mais um mandato no MP de Contas - Minist\u00e9rio P\u00fablico de Contas do Estado do Paran\u00e1\" \/>\n<meta property=\"og:description\" content=\"O Procurador-Geral do MP de Contas, Dr. Fl\u00e1vio de Azambuja Berti, foi o \u00fanico candidato inscrito para a elei\u00e7\u00e3o que definiria a lista tr\u00edplice a ser encaminhada ao Governador de Estado para escolha do novo mandat\u00e1rio da institui\u00e7\u00e3o. O atual PG recebeu vota\u00e7\u00e3o un\u00e2nime na elei\u00e7\u00e3o interna ocorrida em 20 de fevereiro. O resultado da [&hellip;]\" \/>\n<meta property=\"og:url\" content=\"https:\/\/www.mpc.pr.gov.br\/index.php\/atual-procurador-geral-e-eleito-para-mais-um-mandato-no-mp-de-contas\/\" \/>\n<meta property=\"og:site_name\" content=\"Minist\u00e9rio P\u00fablico de Contas do Estado do Paran\u00e1\" \/>\n<meta property=\"article:publisher\" content=\"https:\/\/www.facebook.com\/mpc.pr\" \/>\n<meta property=\"article:published_time\" content=\"2018-03-05T12:22:05+00:00\" \/>\n<meta name=\"author\" content=\"saulo.pivetta\" \/>\n<meta name=\"twitter:card\" content=\"summary_large_image\" \/>\n<meta name=\"twitter:label1\" content=\"Escrito por\" \/>\n\t<meta name=\"twitter:data1\" content=\"saulo.pivetta\" \/>\n\t<meta name=\"twitter:label2\" content=\"Est. tempo de leitura\" \/>\n\t<meta name=\"twitter:data2\" content=\"1 minuto\" \/>\n<script type=\"application\/ld+json\" class=\"yoast-schema-graph\">{\"@context\":\"https:\\\/\\\/schema.org\",\"@graph\":[{\"@type\":\"Article\",\"@id\":\"https:\\\/\\\/www.mpc.pr.gov.br\\\/index.php\\\/atual-procurador-geral-e-eleito-para-mais-um-mandato-no-mp-de-contas\\\/#article\",\"isPartOf\":{\"@id\":\"https:\\\/\\\/www.mpc.pr.gov.br\\\/index.php\\\/atual-procurador-geral-e-eleito-para-mais-um-mandato-no-mp-de-contas\\\/\"},\"author\":{\"name\":\"saulo.pivetta\",\"@id\":\"https:\\\/\\\/www.mpc.pr.gov.br\\\/#\\\/schema\\\/person\\\/9403b33fe345ff50fefc7930f6994ba1\"},\"headline\":\"Atual Procurador-Geral \u00e9 eleito para mais um mandato no MP de Contas\",\"datePublished\":\"2018-03-05T12:22:05+00:00\",\"mainEntityOfPage\":{\"@id\":\"https:\\\/\\\/www.mpc.pr.gov.br\\\/index.php\\\/atual-procurador-geral-e-eleito-para-mais-um-mandato-no-mp-de-contas\\\/\"},\"wordCount\":123,\"commentCount\":0,\"publisher\":{\"@id\":\"https:\\\/\\\/www.mpc.pr.gov.br\\\/#organization\"},\"image\":{\"@id\":\"https:\\\/\\\/www.mpc.pr.gov.br\\\/index.php\\\/atual-procurador-geral-e-eleito-para-mais-um-mandato-no-mp-de-contas\\\/#primaryimage\"},\"thumbnailUrl\":\"\",\"articleSection\":[\"Todas as not\u00edcias\",\"\u00daltimas not\u00edcias\"],\"inLanguage\":\"pt-BR\",\"potentialAction\":[{\"@type\":\"CommentAction\",\"name\":\"Comment\",\"target\":[\"https:\\\/\\\/www.mpc.pr.gov.br\\\/index.php\\\/atual-procurador-geral-e-eleito-para-mais-um-mandato-no-mp-de-contas\\\/#respond\"]}]},{\"@type\":\"WebPage\",\"@id\":\"https:\\\/\\\/www.mpc.pr.gov.br\\\/index.php\\\/atual-procurador-geral-e-eleito-para-mais-um-mandato-no-mp-de-contas\\\/\",\"url\":\"https:\\\/\\\/www.mpc.pr.gov.br\\\/index.php\\\/atual-procurador-geral-e-eleito-para-mais-um-mandato-no-mp-de-contas\\\/\",\"name\":\"Atual Procurador-Geral \u00e9 eleito para mais um mandato no MP de Contas - Minist\u00e9rio P\u00fablico de Contas do Estado do Paran\u00e1\",\"isPartOf\":{\"@id\":\"https:\\\/\\\/www.mpc.pr.gov.br\\\/#website\"},\"primaryImageOfPage\":{\"@id\":\"https:\\\/\\\/www.mpc.pr.gov.br\\\/index.php\\\/atual-procurador-geral-e-eleito-para-mais-um-mandato-no-mp-de-contas\\\/#primaryimage\"},\"image\":{\"@id\":\"https:\\\/\\\/www.mpc.pr.gov.br\\\/index.php\\\/atual-procurador-geral-e-eleito-para-mais-um-mandato-no-mp-de-contas\\\/#primaryimage\"},\"thumbnailUrl\":\"\",\"datePublished\":\"2018-03-05T12:22:05+00:00\",\"breadcrumb\":{\"@id\":\"https:\\\/\\\/www.mpc.pr.gov.br\\\/index.php\\\/atual-procurador-geral-e-eleito-para-mais-um-mandato-no-mp-de-contas\\\/#breadcrumb\"},\"inLanguage\":\"pt-BR\",\"potentialAction\":[{\"@type\":\"ReadAction\",\"target\":[\"https:\\\/\\\/www.mpc.pr.gov.br\\\/index.php\\\/atual-procurador-geral-e-eleito-para-mais-um-mandato-no-mp-de-contas\\\/\"]}]},{\"@type\":\"ImageObject\",\"inLanguage\":\"pt-BR\",\"@id\":\"https:\\\/\\\/www.mpc.pr.gov.br\\\/index.php\\\/atual-procurador-geral-e-eleito-para-mais-um-mandato-no-mp-de-contas\\\/#primaryimage\",\"url\":\"\",\"contentUrl\":\"\"},{\"@type\":\"BreadcrumbList\",\"@id\":\"https:\\\/\\\/www.mpc.pr.gov.br\\\/index.php\\\/atual-procurador-geral-e-eleito-para-mais-um-mandato-no-mp-de-contas\\\/#breadcrumb\",\"itemListElement\":[{\"@type\":\"ListItem\",\"position\":1,\"name\":\"In\u00edcio\",\"item\":\"https:\\\/\\\/www.mpc.pr.gov.br\\\/\"},{\"@type\":\"ListItem\",\"position\":2,\"name\":\"Atual Procurador-Geral \u00e9 eleito para mais um mandato no MP de Contas\"}]},{\"@type\":\"WebSite\",\"@id\":\"https:\\\/\\\/www.mpc.pr.gov.br\\\/#website\",\"url\":\"https:\\\/\\\/www.mpc.pr.gov.br\\\/\",\"name\":\"Minist\u00e9rio P\u00fablico de Contas do Estado do Paran\u00e1\",\"description\":\"\",\"publisher\":{\"@id\":\"https:\\\/\\\/www.mpc.pr.gov.br\\\/#organization\"},\"potentialAction\":[{\"@type\":\"SearchAction\",\"target\":{\"@type\":\"EntryPoint\",\"urlTemplate\":\"https:\\\/\\\/www.mpc.pr.gov.br\\\/?s={search_term_string}\"},\"query-input\":{\"@type\":\"PropertyValueSpecification\",\"valueRequired\":true,\"valueName\":\"search_term_string\"}}],\"inLanguage\":\"pt-BR\"},{\"@type\":\"Organization\",\"@id\":\"https:\\\/\\\/www.mpc.pr.gov.br\\\/#organization\",\"name\":\"Minist\u00e9rio P\u00fablico de Contas do Estado do Paran\u00e1\",\"url\":\"https:\\\/\\\/www.mpc.pr.gov.br\\\/\",\"logo\":{\"@type\":\"ImageObject\",\"inLanguage\":\"pt-BR\",\"@id\":\"https:\\\/\\\/www.mpc.pr.gov.br\\\/#\\\/schema\\\/logo\\\/image\\\/\",\"url\":\"https:\\\/\\\/www.mpc.pr.gov.br\\\/wp-content\\\/uploads\\\/2020\\\/06\\\/99423647_1593460364143890_6706793420720963584_n-1-e1591387983167.png\",\"contentUrl\":\"https:\\\/\\\/www.mpc.pr.gov.br\\\/wp-content\\\/uploads\\\/2020\\\/06\\\/99423647_1593460364143890_6706793420720963584_n-1-e1591387983167.png\",\"width\":243,\"height\":73,\"caption\":\"Minist\u00e9rio P\u00fablico de Contas do Estado do Paran\u00e1\"},\"image\":{\"@id\":\"https:\\\/\\\/www.mpc.pr.gov.br\\\/#\\\/schema\\\/logo\\\/image\\\/\"},\"sameAs\":[\"https:\\\/\\\/www.facebook.com\\\/mpc.pr\",\"https:\\\/\\\/www.instagram.com\\\/mpc.pr\\\/?hl=pt-br\",\"https:\\\/\\\/www.youtube.com\\\/channel\\\/UCHri5oEM8DV0ztX57E0sBSw\"]},{\"@type\":\"Person\",\"@id\":\"https:\\\/\\\/www.mpc.pr.gov.br\\\/#\\\/schema\\\/person\\\/9403b33fe345ff50fefc7930f6994ba1\",\"name\":\"saulo.pivetta\",\"image\":{\"@type\":\"ImageObject\",\"inLanguage\":\"pt-BR\",\"@id\":\"https:\\\/\\\/secure.gravatar.com\\\/avatar\\\/?s=96&d=mm&r=g\",\"url\":\"https:\\\/\\\/secure.gravatar.com\\\/avatar\\\/?s=96&d=mm&r=g\",\"contentUrl\":\"https:\\\/\\\/secure.gravatar.com\\\/avatar\\\/?s=96&d=mm&r=g\",\"caption\":\"saulo.pivetta\"}}]}<\/script>\n<!-- \/ Yoast SEO plugin. -->","yoast_head_json":{"title":"Atual Procurador-Geral \u00e9 eleito para mais um mandato no MP de Contas - Minist\u00e9rio P\u00fablico de Contas do Estado do Paran\u00e1","robots":{"index":"index","follow":"follow","max-snippet":"max-snippet:-1","max-image-preview":"max-image-preview:large","max-video-preview":"max-video-preview:-1"},"canonical":"https:\/\/www.mpc.pr.gov.br\/index.php\/atual-procurador-geral-e-eleito-para-mais-um-mandato-no-mp-de-contas\/","og_locale":"pt_BR","og_type":"article","og_title":"Atual Procurador-Geral \u00e9 eleito para mais um mandato no MP de Contas - Minist\u00e9rio P\u00fablico de Contas do Estado do Paran\u00e1","og_description":"O Procurador-Geral do MP de Contas, Dr. Fl\u00e1vio de Azambuja Berti, foi o \u00fanico candidato inscrito para a elei\u00e7\u00e3o que definiria a lista tr\u00edplice a ser encaminhada ao Governador de Estado para escolha do novo mandat\u00e1rio da institui\u00e7\u00e3o. O atual PG recebeu vota\u00e7\u00e3o un\u00e2nime na elei\u00e7\u00e3o interna ocorrida em 20 de fevereiro. O resultado da [&hellip;]","og_url":"https:\/\/www.mpc.pr.gov.br\/index.php\/atual-procurador-geral-e-eleito-para-mais-um-mandato-no-mp-de-contas\/","og_site_name":"Minist\u00e9rio P\u00fablico de Contas do Estado do Paran\u00e1","article_publisher":"https:\/\/www.facebook.com\/mpc.pr","article_published_time":"2018-03-05T12:22:05+00:00","author":"saulo.pivetta","twitter_card":"summary_large_image","twitter_misc":{"Escrito por":"saulo.pivetta","Est. tempo de leitura":"1 minuto"},"schema":{"@context":"https:\/\/schema.org","@graph":[{"@type":"Article","@id":"https:\/\/www.mpc.pr.gov.br\/index.php\/atual-procurador-geral-e-eleito-para-mais-um-mandato-no-mp-de-contas\/#article","isPartOf":{"@id":"https:\/\/www.mpc.pr.gov.br\/index.php\/atual-procurador-geral-e-eleito-para-mais-um-mandato-no-mp-de-contas\/"},"author":{"name":"saulo.pivetta","@id":"https:\/\/www.mpc.pr.gov.br\/#\/schema\/person\/9403b33fe345ff50fefc7930f6994ba1"},"headline":"Atual Procurador-Geral \u00e9 eleito para mais um mandato no MP de Contas","datePublished":"2018-03-05T12:22:05+00:00","mainEntityOfPage":{"@id":"https:\/\/www.mpc.pr.gov.br\/index.php\/atual-procurador-geral-e-eleito-para-mais-um-mandato-no-mp-de-contas\/"},"wordCount":123,"commentCount":0,"publisher":{"@id":"https:\/\/www.mpc.pr.gov.br\/#organization"},"image":{"@id":"https:\/\/www.mpc.pr.gov.br\/index.php\/atual-procurador-geral-e-eleito-para-mais-um-mandato-no-mp-de-contas\/#primaryimage"},"thumbnailUrl":"","articleSection":["Todas as not\u00edcias","\u00daltimas not\u00edcias"],"inLanguage":"pt-BR","potentialAction":[{"@type":"CommentAction","name":"Comment","target":["https:\/\/www.mpc.pr.gov.br\/index.php\/atual-procurador-geral-e-eleito-para-mais-um-mandato-no-mp-de-contas\/#respond"]}]},{"@type":"WebPage","@id":"https:\/\/www.mpc.pr.gov.br\/index.php\/atual-procurador-geral-e-eleito-para-mais-um-mandato-no-mp-de-contas\/","url":"https:\/\/www.mpc.pr.gov.br\/index.php\/atual-procurador-geral-e-eleito-para-mais-um-mandato-no-mp-de-contas\/","name":"Atual Procurador-Geral \u00e9 eleito para mais um mandato no MP de Contas - Minist\u00e9rio P\u00fablico de Contas do Estado do Paran\u00e1","isPartOf":{"@id":"https:\/\/www.mpc.pr.gov.br\/#website"},"primaryImageOfPage":{"@id":"https:\/\/www.mpc.pr.gov.br\/index.php\/atual-procurador-geral-e-eleito-para-mais-um-mandato-no-mp-de-contas\/#primaryimage"},"image":{"@id":"https:\/\/www.mpc.pr.gov.br\/index.php\/atual-procurador-geral-e-eleito-para-mais-um-mandato-no-mp-de-contas\/#primaryimage"},"thumbnailUrl":"","datePublished":"2018-03-05T12:22:05+00:00","breadcrumb":{"@id":"https:\/\/www.mpc.pr.gov.br\/index.php\/atual-procurador-geral-e-eleito-para-mais-um-mandato-no-mp-de-contas\/#breadcrumb"},"inLanguage":"pt-BR","potentialAction":[{"@type":"ReadAction","target":["https:\/\/www.mpc.pr.gov.br\/index.php\/atual-procurador-geral-e-eleito-para-mais-um-mandato-no-mp-de-contas\/"]}]},{"@type":"ImageObject","inLanguage":"pt-BR","@id":"https:\/\/www.mpc.pr.gov.br\/index.php\/atual-procurador-geral-e-eleito-para-mais-um-mandato-no-mp-de-contas\/#primaryimage","url":"","contentUrl":""},{"@type":"BreadcrumbList","@id":"https:\/\/www.mpc.pr.gov.br\/index.php\/atual-procurador-geral-e-eleito-para-mais-um-mandato-no-mp-de-contas\/#breadcrumb","itemListElement":[{"@type":"ListItem","position":1,"name":"In\u00edcio","item":"https:\/\/www.mpc.pr.gov.br\/"},{"@type":"ListItem","position":2,"name":"Atual Procurador-Geral \u00e9 eleito para mais um mandato no MP de Contas"}]},{"@type":"WebSite","@id":"https:\/\/www.mpc.pr.gov.br\/#website","url":"https:\/\/www.mpc.pr.gov.br\/","name":"Minist\u00e9rio P\u00fablico de Contas do Estado do Paran\u00e1","description":"","publisher":{"@id":"https:\/\/www.mpc.pr.gov.br\/#organization"},"potentialAction":[{"@type":"SearchAction","target":{"@type":"EntryPoint","urlTemplate":"https:\/\/www.mpc.pr.gov.br\/?s={search_term_string}"},"query-input":{"@type":"PropertyValueSpecification","valueRequired":true,"valueName":"search_term_string"}}],"inLanguage":"pt-BR"},{"@type":"Organization","@id":"https:\/\/www.mpc.pr.gov.br\/#organization","name":"Minist\u00e9rio P\u00fablico de Contas do Estado do Paran\u00e1","url":"https:\/\/www.mpc.pr.gov.br\/","logo":{"@type":"ImageObject","inLanguage":"pt-BR","@id":"https:\/\/www.mpc.pr.gov.br\/#\/schema\/logo\/image\/","url":"https:\/\/www.mpc.pr.gov.br\/wp-content\/uploads\/2020\/06\/99423647_1593460364143890_6706793420720963584_n-1-e1591387983167.png","contentUrl":"https:\/\/www.mpc.pr.gov.br\/wp-content\/uploads\/2020\/06\/99423647_1593460364143890_6706793420720963584_n-1-e1591387983167.png","width":243,"height":73,"caption":"Minist\u00e9rio P\u00fablico de Contas do Estado do Paran\u00e1"},"image":{"@id":"https:\/\/www.mpc.pr.gov.br\/#\/schema\/logo\/image\/"},"sameAs":["https:\/\/www.facebook.com\/mpc.pr","https:\/\/www.instagram.com\/mpc.pr\/?hl=pt-br","https:\/\/www.youtube.com\/channel\/UCHri5oEM8DV0ztX57E0sBSw"]},{"@type":"Person","@id":"https:\/\/www.mpc.pr.gov.br\/#\/schema\/person\/9403b33fe345ff50fefc7930f6994ba1","name":"saulo.pivetta","image":{"@type":"ImageObject","inLanguage":"pt-BR","@id":"https:\/\/secure.gravatar.com\/avatar\/?s=96&d=mm&r=g","url":"https:\/\/secure.gravatar.com\/avatar\/?s=96&d=mm&r=g","contentUrl":"https:\/\/secure.gravatar.com\/avatar\/?s=96&d=mm&r=g","caption":"saulo.pivetta"}}]}},"rttpg_featured_image_url":null,"rttpg_author":{"display_name":"saulo.pivetta","author_link":"https:\/\/www.mpc.pr.gov.br\/index.php\/author\/saulo-pivetta\/"},"rttpg_comment":0,"rttpg_category":"<a href=\"https:\/\/www.mpc.pr.gov.br\/index.php\/category\/todas-as-noticias\/\" rel=\"category tag\">Todas as not\u00edcias<\/a> <a href=\"https:\/\/www.mpc.pr.gov.br\/index.php\/category\/ultimas-noticias\/\" rel=\"category tag\">\u00daltimas not\u00edcias<\/a>","rttpg_excerpt":"O Procurador-Geral do MP de Contas, Dr. Fl\u00e1vio de Azambuja Berti, foi o \u00fanico candidato inscrito para a elei\u00e7\u00e3o que definiria a lista tr\u00edplice a ser encaminhada ao Governador de Estado para escolha do novo mandat\u00e1rio da institui\u00e7\u00e3o. O atual PG recebeu vota\u00e7\u00e3o un\u00e2nime na elei\u00e7\u00e3o interna ocorrida em 20 de fevereiro. O resultado da&hellip;","_links":{"self":[{"href":"https:\/\/www.mpc.pr.gov.br\/index.php\/wp-json\/wp\/v2\/posts\/5631","targetHints":{"allow":["GET"]}}],"collection":[{"href":"https:\/\/www.mpc.pr.gov.br\/index.php\/wp-json\/wp\/v2\/posts"}],"about":[{"href":"https:\/\/www.mpc.pr.gov.br\/index.php\/wp-json\/wp\/v2\/types\/post"}],"author":[{"embeddable":true,"href":"https:\/\/www.mpc.pr.gov.br\/index.php\/wp-json\/wp\/v2\/users\/2"}],"replies":[{"embeddable":true,"href":"https:\/\/www.mpc.pr.gov.br\/index.php\/wp-json\/wp\/v2\/comments?post=5631"}],"version-history":[{"count":0,"href":"https:\/\/www.mpc.pr.gov.br\/index.php\/wp-json\/wp\/v2\/posts\/5631\/revisions"}],"wp:featuredmedia":[{"embeddable":true,"href":"https:\/\/www.mpc.pr.gov.br\/index.php\/wp-json\/"}],"wp:attachment":[{"href":"https:\/\/www.mpc.pr.gov.br\/index.php\/wp-json\/wp\/v2\/media?parent=5631"}],"wp:term":[{"taxonomy":"category","embeddable":true,"href":"https:\/\/www.mpc.pr.gov.br\/index.php\/wp-json\/wp\/v2\/categories?post=5631"},{"taxonomy":"post_tag","embeddable":true,"href":"https:\/\/www.mpc.pr.gov.br\/index.php\/wp-json\/wp\/v2\/tags?post=5631"}],"curies":[{"name":"wp","href":"https:\/\/api.w.org\/{rel}","templated":true}]}}