{"id":5659,"date":"2018-03-20T11:38:55","date_gmt":"2018-03-20T14:38:55","guid":{"rendered":"http:\/\/www.mpc.pr.gov.br\/?p=5659"},"modified":"2018-03-20T11:38:55","modified_gmt":"2018-03-20T14:38:55","slug":"reuniao-do-cnpgc-aconntece-hoje-no-tribunal-de-contas-do-parana","status":"publish","type":"post","link":"https:\/\/www.mpc.pr.gov.br\/index.php\/reuniao-do-cnpgc-aconntece-hoje-no-tribunal-de-contas-do-parana\/","title":{"rendered":"Reuni\u00e3o do CNPGC aconntece hoje no Tribunal de Contas do Paran\u00e1"},"content":{"rendered":"<p><img decoding=\"async\" class=\"size-medium wp-image-5407 alignleft\" src=\"http:\/\/www.mpc.pr.gov.br\/wp-content\/uploads\/2017\/10\/LOGO-CNPGC-564_white-300x149.png\" alt=\"\" width=\"300\" height=\"149\" \/>Hoje, \u00e0s 18 horas, acontecer\u00e1 no Tribunal de Contas do Paran\u00e1 (TCE-PR) uma reuni\u00e3o com os membros do Conselho Nacional de Procuradores-Gerais de Contas (CNPGC). O compromisso faz parte da programa\u00e7\u00e3o do 1\u00b0 Encontro Nacional do Minist\u00e9rio P\u00fablico de Contas (ENAMPCON), que come\u00e7ou nessa manh\u00e3 e vai at\u00e9 quinta-feira (22).<\/p>\n<p>A nova Diretoria do CNPGC foi eleita no dia 15 de mar\u00e7o, por meio de vota\u00e7\u00e3o eletr\u00f4nica, e ter\u00e1 um madato de um ano. A escohida foi a chapa Gest\u00e3o e Integra\u00e7\u00e3o, presidida pelo Procurador-Geral de Contas do MP de Contas do Rio Grande do Norte, Ricart C\u00e9sar.<\/p>\n<p>Amanh\u00e3 (21), \u00e0s 8 horas ser\u00e1 a cerim\u00f4nia de posse da nova diretoria, no hotel NH Curitiba The Five, onde acontece o evento da ENAMPCON.<\/p>\n<p>Confira abaixo todos os integrantes da chapa Gest\u00e3o e Integra\u00e7\u00e3o:<\/p>\n<p>Presidente:<strong> Ricart C\u00e9sar Coelho dos Santos, PGC\/RN.<\/strong><br \/>\nVice-Presidentes Regionais:<br \/>\nRegi\u00e3o Norte: <strong>Rachel Barbalho Ribeiro da Silva, PGC\/AP.<\/strong><br \/>\nRegi\u00e3o Nordeste: <strong>Enio Andrade Pimenta, PGC\/AL.<\/strong><br \/>\nRegi\u00e3o Sudeste: <strong>S\u00e9rgio Paulo de Abreu Martins Teixeira, PGC\/RJ.<\/strong><br \/>\nRegi\u00e3o Sul: <strong>Aderson Flores, PGC\/SC.<\/strong><br \/>\nRegi\u00e3o Centro-Oeste: <strong>Cl\u00e1udia Fernanda De Oliveira Pereira, PGC\/DF.<\/strong><br \/>\nSecret\u00e1rio Executivo: <strong>Rafael Neubern Demarchi Costa, PGC\/SP.<\/strong><br \/>\nTesoureiro: <strong>Luciano Andrade Farias, PGC\/PB.<\/strong><br \/>\nConselho Fiscal:<br \/>\nTitular:\u00a0<strong>Yvonete Fontinelle de Melo, PGC\/RO.<\/strong><br \/>\nSuplente,\u00a0<strong>S\u00e9rgio Cunha Mendon\u00e7a, PGC\/AC.<\/strong><br \/>\nTitular: <strong>Fl\u00e1vio De Azambuja Berti, PGC\/PR.<\/strong><br \/>\nSuplente,\u00a0<strong>Zailon Miranda Labre Rodrigues, PGC\/TO.<\/strong><br \/>\nTitular: <strong>Danilo Ferreira Andrade, PGC\/BA.<\/strong><br \/>\nSuplente, <strong>Daniel de Carvalho Guimar\u00e3es, PGC\/MG.<\/strong><\/p>\n","protected":false},"excerpt":{"rendered":"<p>Hoje, \u00e0s 18 horas, acontecer\u00e1 no Tribunal de Contas do Paran\u00e1 (TCE-PR) uma reuni\u00e3o com os membros do Conselho Nacional de Procuradores-Gerais de Contas (CNPGC). O compromisso faz parte da programa\u00e7\u00e3o do 1\u00b0 Encontro Nacional do Minist\u00e9rio P\u00fablico de Contas (ENAMPCON), que come\u00e7ou nessa manh\u00e3 e vai at\u00e9 quinta-feira (22). A nova Diretoria do CNPGC [&hellip;]<\/p>\n","protected":false},"author":5,"featured_media":5407,"comment_status":"open","ping_status":"open","sticky":false,"template":"","format":"standard","meta":{"_monsterinsights_skip_tracking":false,"_monsterinsights_sitenote_active":false,"_monsterinsights_sitenote_note":"","_monsterinsights_sitenote_category":0,"footnotes":""},"categories":[7,14],"tags":[],"class_list":["post-5659","post","type-post","status-publish","format-standard","has-post-thumbnail","hentry","category-todas-as-noticias","category-ultimas-noticias","entry","has-media"],"yoast_head":"<!-- This site is optimized with the Yoast SEO plugin v27.3 - https:\/\/yoast.com\/product\/yoast-seo-wordpress\/ -->\n<title>Reuni\u00e3o do CNPGC aconntece hoje no Tribunal de Contas do Paran\u00e1 - Minist\u00e9rio P\u00fablico de Contas do Estado do Paran\u00e1<\/title>\n<meta name=\"robots\" content=\"index, follow, max-snippet:-1, max-image-preview:large, max-video-preview:-1\" \/>\n<link rel=\"canonical\" href=\"https:\/\/www.mpc.pr.gov.br\/index.php\/reuniao-do-cnpgc-aconntece-hoje-no-tribunal-de-contas-do-parana\/\" \/>\n<meta property=\"og:locale\" content=\"pt_BR\" \/>\n<meta property=\"og:type\" content=\"article\" \/>\n<meta property=\"og:title\" content=\"Reuni\u00e3o do CNPGC aconntece hoje no Tribunal de Contas do Paran\u00e1 - Minist\u00e9rio P\u00fablico de Contas do Estado do Paran\u00e1\" \/>\n<meta property=\"og:description\" content=\"Hoje, \u00e0s 18 horas, acontecer\u00e1 no Tribunal de Contas do Paran\u00e1 (TCE-PR) uma reuni\u00e3o com os membros do Conselho Nacional de Procuradores-Gerais de Contas (CNPGC). O compromisso faz parte da programa\u00e7\u00e3o do 1\u00b0 Encontro Nacional do Minist\u00e9rio P\u00fablico de Contas (ENAMPCON), que come\u00e7ou nessa manh\u00e3 e vai at\u00e9 quinta-feira (22). A nova Diretoria do CNPGC [&hellip;]\" \/>\n<meta property=\"og:url\" content=\"https:\/\/www.mpc.pr.gov.br\/index.php\/reuniao-do-cnpgc-aconntece-hoje-no-tribunal-de-contas-do-parana\/\" \/>\n<meta property=\"og:site_name\" content=\"Minist\u00e9rio P\u00fablico de Contas do Estado do Paran\u00e1\" \/>\n<meta property=\"article:publisher\" content=\"https:\/\/www.facebook.com\/mpc.pr\" \/>\n<meta property=\"article:published_time\" content=\"2018-03-20T14:38:55+00:00\" \/>\n<meta name=\"author\" content=\"giovanna.faria\" \/>\n<meta name=\"twitter:card\" content=\"summary_large_image\" \/>\n<meta name=\"twitter:label1\" content=\"Escrito por\" \/>\n\t<meta name=\"twitter:data1\" content=\"giovanna.faria\" \/>\n\t<meta name=\"twitter:label2\" content=\"Est. tempo de leitura\" \/>\n\t<meta name=\"twitter:data2\" content=\"1 minuto\" \/>\n<script type=\"application\/ld+json\" class=\"yoast-schema-graph\">{\"@context\":\"https:\\\/\\\/schema.org\",\"@graph\":[{\"@type\":\"Article\",\"@id\":\"https:\\\/\\\/www.mpc.pr.gov.br\\\/index.php\\\/reuniao-do-cnpgc-aconntece-hoje-no-tribunal-de-contas-do-parana\\\/#article\",\"isPartOf\":{\"@id\":\"https:\\\/\\\/www.mpc.pr.gov.br\\\/index.php\\\/reuniao-do-cnpgc-aconntece-hoje-no-tribunal-de-contas-do-parana\\\/\"},\"author\":{\"name\":\"giovanna.faria\",\"@id\":\"https:\\\/\\\/www.mpc.pr.gov.br\\\/#\\\/schema\\\/person\\\/d0c5cf9ebb4d8be833c419f3538cf751\"},\"headline\":\"Reuni\u00e3o do CNPGC aconntece hoje no Tribunal de Contas do Paran\u00e1\",\"datePublished\":\"2018-03-20T14:38:55+00:00\",\"mainEntityOfPage\":{\"@id\":\"https:\\\/\\\/www.mpc.pr.gov.br\\\/index.php\\\/reuniao-do-cnpgc-aconntece-hoje-no-tribunal-de-contas-do-parana\\\/\"},\"wordCount\":273,\"commentCount\":0,\"publisher\":{\"@id\":\"https:\\\/\\\/www.mpc.pr.gov.br\\\/#organization\"},\"image\":{\"@id\":\"https:\\\/\\\/www.mpc.pr.gov.br\\\/index.php\\\/reuniao-do-cnpgc-aconntece-hoje-no-tribunal-de-contas-do-parana\\\/#primaryimage\"},\"thumbnailUrl\":\"\",\"articleSection\":[\"Todas as not\u00edcias\",\"\u00daltimas not\u00edcias\"],\"inLanguage\":\"pt-BR\",\"potentialAction\":[{\"@type\":\"CommentAction\",\"name\":\"Comment\",\"target\":[\"https:\\\/\\\/www.mpc.pr.gov.br\\\/index.php\\\/reuniao-do-cnpgc-aconntece-hoje-no-tribunal-de-contas-do-parana\\\/#respond\"]}]},{\"@type\":\"WebPage\",\"@id\":\"https:\\\/\\\/www.mpc.pr.gov.br\\\/index.php\\\/reuniao-do-cnpgc-aconntece-hoje-no-tribunal-de-contas-do-parana\\\/\",\"url\":\"https:\\\/\\\/www.mpc.pr.gov.br\\\/index.php\\\/reuniao-do-cnpgc-aconntece-hoje-no-tribunal-de-contas-do-parana\\\/\",\"name\":\"Reuni\u00e3o do CNPGC aconntece hoje no Tribunal de Contas do Paran\u00e1 - Minist\u00e9rio P\u00fablico de Contas do Estado do Paran\u00e1\",\"isPartOf\":{\"@id\":\"https:\\\/\\\/www.mpc.pr.gov.br\\\/#website\"},\"primaryImageOfPage\":{\"@id\":\"https:\\\/\\\/www.mpc.pr.gov.br\\\/index.php\\\/reuniao-do-cnpgc-aconntece-hoje-no-tribunal-de-contas-do-parana\\\/#primaryimage\"},\"image\":{\"@id\":\"https:\\\/\\\/www.mpc.pr.gov.br\\\/index.php\\\/reuniao-do-cnpgc-aconntece-hoje-no-tribunal-de-contas-do-parana\\\/#primaryimage\"},\"thumbnailUrl\":\"\",\"datePublished\":\"2018-03-20T14:38:55+00:00\",\"breadcrumb\":{\"@id\":\"https:\\\/\\\/www.mpc.pr.gov.br\\\/index.php\\\/reuniao-do-cnpgc-aconntece-hoje-no-tribunal-de-contas-do-parana\\\/#breadcrumb\"},\"inLanguage\":\"pt-BR\",\"potentialAction\":[{\"@type\":\"ReadAction\",\"target\":[\"https:\\\/\\\/www.mpc.pr.gov.br\\\/index.php\\\/reuniao-do-cnpgc-aconntece-hoje-no-tribunal-de-contas-do-parana\\\/\"]}]},{\"@type\":\"ImageObject\",\"inLanguage\":\"pt-BR\",\"@id\":\"https:\\\/\\\/www.mpc.pr.gov.br\\\/index.php\\\/reuniao-do-cnpgc-aconntece-hoje-no-tribunal-de-contas-do-parana\\\/#primaryimage\",\"url\":\"\",\"contentUrl\":\"\"},{\"@type\":\"BreadcrumbList\",\"@id\":\"https:\\\/\\\/www.mpc.pr.gov.br\\\/index.php\\\/reuniao-do-cnpgc-aconntece-hoje-no-tribunal-de-contas-do-parana\\\/#breadcrumb\",\"itemListElement\":[{\"@type\":\"ListItem\",\"position\":1,\"name\":\"In\u00edcio\",\"item\":\"https:\\\/\\\/www.mpc.pr.gov.br\\\/\"},{\"@type\":\"ListItem\",\"position\":2,\"name\":\"Reuni\u00e3o do CNPGC aconntece hoje no Tribunal de Contas do Paran\u00e1\"}]},{\"@type\":\"WebSite\",\"@id\":\"https:\\\/\\\/www.mpc.pr.gov.br\\\/#website\",\"url\":\"https:\\\/\\\/www.mpc.pr.gov.br\\\/\",\"name\":\"Minist\u00e9rio P\u00fablico de Contas do Estado do Paran\u00e1\",\"description\":\"\",\"publisher\":{\"@id\":\"https:\\\/\\\/www.mpc.pr.gov.br\\\/#organization\"},\"potentialAction\":[{\"@type\":\"SearchAction\",\"target\":{\"@type\":\"EntryPoint\",\"urlTemplate\":\"https:\\\/\\\/www.mpc.pr.gov.br\\\/?s={search_term_string}\"},\"query-input\":{\"@type\":\"PropertyValueSpecification\",\"valueRequired\":true,\"valueName\":\"search_term_string\"}}],\"inLanguage\":\"pt-BR\"},{\"@type\":\"Organization\",\"@id\":\"https:\\\/\\\/www.mpc.pr.gov.br\\\/#organization\",\"name\":\"Minist\u00e9rio P\u00fablico de Contas do Estado do Paran\u00e1\",\"url\":\"https:\\\/\\\/www.mpc.pr.gov.br\\\/\",\"logo\":{\"@type\":\"ImageObject\",\"inLanguage\":\"pt-BR\",\"@id\":\"https:\\\/\\\/www.mpc.pr.gov.br\\\/#\\\/schema\\\/logo\\\/image\\\/\",\"url\":\"https:\\\/\\\/www.mpc.pr.gov.br\\\/wp-content\\\/uploads\\\/2020\\\/06\\\/99423647_1593460364143890_6706793420720963584_n-1-e1591387983167.png\",\"contentUrl\":\"https:\\\/\\\/www.mpc.pr.gov.br\\\/wp-content\\\/uploads\\\/2020\\\/06\\\/99423647_1593460364143890_6706793420720963584_n-1-e1591387983167.png\",\"width\":243,\"height\":73,\"caption\":\"Minist\u00e9rio P\u00fablico de Contas do Estado do Paran\u00e1\"},\"image\":{\"@id\":\"https:\\\/\\\/www.mpc.pr.gov.br\\\/#\\\/schema\\\/logo\\\/image\\\/\"},\"sameAs\":[\"https:\\\/\\\/www.facebook.com\\\/mpc.pr\",\"https:\\\/\\\/www.instagram.com\\\/mpc.pr\\\/?hl=pt-br\",\"https:\\\/\\\/www.youtube.com\\\/channel\\\/UCHri5oEM8DV0ztX57E0sBSw\"]},{\"@type\":\"Person\",\"@id\":\"https:\\\/\\\/www.mpc.pr.gov.br\\\/#\\\/schema\\\/person\\\/d0c5cf9ebb4d8be833c419f3538cf751\",\"name\":\"giovanna.faria\",\"image\":{\"@type\":\"ImageObject\",\"inLanguage\":\"pt-BR\",\"@id\":\"https:\\\/\\\/secure.gravatar.com\\\/avatar\\\/?s=96&d=mm&r=g\",\"url\":\"https:\\\/\\\/secure.gravatar.com\\\/avatar\\\/?s=96&d=mm&r=g\",\"contentUrl\":\"https:\\\/\\\/secure.gravatar.com\\\/avatar\\\/?s=96&d=mm&r=g\",\"caption\":\"giovanna.faria\"}}]}<\/script>\n<!-- \/ Yoast SEO plugin. -->","yoast_head_json":{"title":"Reuni\u00e3o do CNPGC aconntece hoje no Tribunal de Contas do Paran\u00e1 - Minist\u00e9rio P\u00fablico de Contas do Estado do Paran\u00e1","robots":{"index":"index","follow":"follow","max-snippet":"max-snippet:-1","max-image-preview":"max-image-preview:large","max-video-preview":"max-video-preview:-1"},"canonical":"https:\/\/www.mpc.pr.gov.br\/index.php\/reuniao-do-cnpgc-aconntece-hoje-no-tribunal-de-contas-do-parana\/","og_locale":"pt_BR","og_type":"article","og_title":"Reuni\u00e3o do CNPGC aconntece hoje no Tribunal de Contas do Paran\u00e1 - Minist\u00e9rio P\u00fablico de Contas do Estado do Paran\u00e1","og_description":"Hoje, \u00e0s 18 horas, acontecer\u00e1 no Tribunal de Contas do Paran\u00e1 (TCE-PR) uma reuni\u00e3o com os membros do Conselho Nacional de Procuradores-Gerais de Contas (CNPGC). O compromisso faz parte da programa\u00e7\u00e3o do 1\u00b0 Encontro Nacional do Minist\u00e9rio P\u00fablico de Contas (ENAMPCON), que come\u00e7ou nessa manh\u00e3 e vai at\u00e9 quinta-feira (22). A nova Diretoria do CNPGC [&hellip;]","og_url":"https:\/\/www.mpc.pr.gov.br\/index.php\/reuniao-do-cnpgc-aconntece-hoje-no-tribunal-de-contas-do-parana\/","og_site_name":"Minist\u00e9rio P\u00fablico de Contas do Estado do Paran\u00e1","article_publisher":"https:\/\/www.facebook.com\/mpc.pr","article_published_time":"2018-03-20T14:38:55+00:00","author":"giovanna.faria","twitter_card":"summary_large_image","twitter_misc":{"Escrito por":"giovanna.faria","Est. tempo de leitura":"1 minuto"},"schema":{"@context":"https:\/\/schema.org","@graph":[{"@type":"Article","@id":"https:\/\/www.mpc.pr.gov.br\/index.php\/reuniao-do-cnpgc-aconntece-hoje-no-tribunal-de-contas-do-parana\/#article","isPartOf":{"@id":"https:\/\/www.mpc.pr.gov.br\/index.php\/reuniao-do-cnpgc-aconntece-hoje-no-tribunal-de-contas-do-parana\/"},"author":{"name":"giovanna.faria","@id":"https:\/\/www.mpc.pr.gov.br\/#\/schema\/person\/d0c5cf9ebb4d8be833c419f3538cf751"},"headline":"Reuni\u00e3o do CNPGC aconntece hoje no Tribunal de Contas do Paran\u00e1","datePublished":"2018-03-20T14:38:55+00:00","mainEntityOfPage":{"@id":"https:\/\/www.mpc.pr.gov.br\/index.php\/reuniao-do-cnpgc-aconntece-hoje-no-tribunal-de-contas-do-parana\/"},"wordCount":273,"commentCount":0,"publisher":{"@id":"https:\/\/www.mpc.pr.gov.br\/#organization"},"image":{"@id":"https:\/\/www.mpc.pr.gov.br\/index.php\/reuniao-do-cnpgc-aconntece-hoje-no-tribunal-de-contas-do-parana\/#primaryimage"},"thumbnailUrl":"","articleSection":["Todas as not\u00edcias","\u00daltimas not\u00edcias"],"inLanguage":"pt-BR","potentialAction":[{"@type":"CommentAction","name":"Comment","target":["https:\/\/www.mpc.pr.gov.br\/index.php\/reuniao-do-cnpgc-aconntece-hoje-no-tribunal-de-contas-do-parana\/#respond"]}]},{"@type":"WebPage","@id":"https:\/\/www.mpc.pr.gov.br\/index.php\/reuniao-do-cnpgc-aconntece-hoje-no-tribunal-de-contas-do-parana\/","url":"https:\/\/www.mpc.pr.gov.br\/index.php\/reuniao-do-cnpgc-aconntece-hoje-no-tribunal-de-contas-do-parana\/","name":"Reuni\u00e3o do CNPGC aconntece hoje no Tribunal de Contas do Paran\u00e1 - Minist\u00e9rio P\u00fablico de Contas do Estado do Paran\u00e1","isPartOf":{"@id":"https:\/\/www.mpc.pr.gov.br\/#website"},"primaryImageOfPage":{"@id":"https:\/\/www.mpc.pr.gov.br\/index.php\/reuniao-do-cnpgc-aconntece-hoje-no-tribunal-de-contas-do-parana\/#primaryimage"},"image":{"@id":"https:\/\/www.mpc.pr.gov.br\/index.php\/reuniao-do-cnpgc-aconntece-hoje-no-tribunal-de-contas-do-parana\/#primaryimage"},"thumbnailUrl":"","datePublished":"2018-03-20T14:38:55+00:00","breadcrumb":{"@id":"https:\/\/www.mpc.pr.gov.br\/index.php\/reuniao-do-cnpgc-aconntece-hoje-no-tribunal-de-contas-do-parana\/#breadcrumb"},"inLanguage":"pt-BR","potentialAction":[{"@type":"ReadAction","target":["https:\/\/www.mpc.pr.gov.br\/index.php\/reuniao-do-cnpgc-aconntece-hoje-no-tribunal-de-contas-do-parana\/"]}]},{"@type":"ImageObject","inLanguage":"pt-BR","@id":"https:\/\/www.mpc.pr.gov.br\/index.php\/reuniao-do-cnpgc-aconntece-hoje-no-tribunal-de-contas-do-parana\/#primaryimage","url":"","contentUrl":""},{"@type":"BreadcrumbList","@id":"https:\/\/www.mpc.pr.gov.br\/index.php\/reuniao-do-cnpgc-aconntece-hoje-no-tribunal-de-contas-do-parana\/#breadcrumb","itemListElement":[{"@type":"ListItem","position":1,"name":"In\u00edcio","item":"https:\/\/www.mpc.pr.gov.br\/"},{"@type":"ListItem","position":2,"name":"Reuni\u00e3o do CNPGC aconntece hoje no Tribunal de Contas do Paran\u00e1"}]},{"@type":"WebSite","@id":"https:\/\/www.mpc.pr.gov.br\/#website","url":"https:\/\/www.mpc.pr.gov.br\/","name":"Minist\u00e9rio P\u00fablico de Contas do Estado do Paran\u00e1","description":"","publisher":{"@id":"https:\/\/www.mpc.pr.gov.br\/#organization"},"potentialAction":[{"@type":"SearchAction","target":{"@type":"EntryPoint","urlTemplate":"https:\/\/www.mpc.pr.gov.br\/?s={search_term_string}"},"query-input":{"@type":"PropertyValueSpecification","valueRequired":true,"valueName":"search_term_string"}}],"inLanguage":"pt-BR"},{"@type":"Organization","@id":"https:\/\/www.mpc.pr.gov.br\/#organization","name":"Minist\u00e9rio P\u00fablico de Contas do Estado do Paran\u00e1","url":"https:\/\/www.mpc.pr.gov.br\/","logo":{"@type":"ImageObject","inLanguage":"pt-BR","@id":"https:\/\/www.mpc.pr.gov.br\/#\/schema\/logo\/image\/","url":"https:\/\/www.mpc.pr.gov.br\/wp-content\/uploads\/2020\/06\/99423647_1593460364143890_6706793420720963584_n-1-e1591387983167.png","contentUrl":"https:\/\/www.mpc.pr.gov.br\/wp-content\/uploads\/2020\/06\/99423647_1593460364143890_6706793420720963584_n-1-e1591387983167.png","width":243,"height":73,"caption":"Minist\u00e9rio P\u00fablico de Contas do Estado do Paran\u00e1"},"image":{"@id":"https:\/\/www.mpc.pr.gov.br\/#\/schema\/logo\/image\/"},"sameAs":["https:\/\/www.facebook.com\/mpc.pr","https:\/\/www.instagram.com\/mpc.pr\/?hl=pt-br","https:\/\/www.youtube.com\/channel\/UCHri5oEM8DV0ztX57E0sBSw"]},{"@type":"Person","@id":"https:\/\/www.mpc.pr.gov.br\/#\/schema\/person\/d0c5cf9ebb4d8be833c419f3538cf751","name":"giovanna.faria","image":{"@type":"ImageObject","inLanguage":"pt-BR","@id":"https:\/\/secure.gravatar.com\/avatar\/?s=96&d=mm&r=g","url":"https:\/\/secure.gravatar.com\/avatar\/?s=96&d=mm&r=g","contentUrl":"https:\/\/secure.gravatar.com\/avatar\/?s=96&d=mm&r=g","caption":"giovanna.faria"}}]}},"rttpg_featured_image_url":null,"rttpg_author":{"display_name":"giovanna.faria","author_link":"https:\/\/www.mpc.pr.gov.br\/index.php\/author\/giovanna-faria\/"},"rttpg_comment":0,"rttpg_category":"<a href=\"https:\/\/www.mpc.pr.gov.br\/index.php\/category\/todas-as-noticias\/\" rel=\"category tag\">Todas as not\u00edcias<\/a> <a href=\"https:\/\/www.mpc.pr.gov.br\/index.php\/category\/ultimas-noticias\/\" rel=\"category tag\">\u00daltimas not\u00edcias<\/a>","rttpg_excerpt":"Hoje, \u00e0s 18 horas, acontecer\u00e1 no Tribunal de Contas do Paran\u00e1 (TCE-PR) uma reuni\u00e3o com os membros do Conselho Nacional de Procuradores-Gerais de Contas (CNPGC). O compromisso faz parte da programa\u00e7\u00e3o do 1\u00b0 Encontro Nacional do Minist\u00e9rio P\u00fablico de Contas (ENAMPCON), que come\u00e7ou nessa manh\u00e3 e vai at\u00e9 quinta-feira (22). A nova Diretoria do CNPGC&hellip;","_links":{"self":[{"href":"https:\/\/www.mpc.pr.gov.br\/index.php\/wp-json\/wp\/v2\/posts\/5659","targetHints":{"allow":["GET"]}}],"collection":[{"href":"https:\/\/www.mpc.pr.gov.br\/index.php\/wp-json\/wp\/v2\/posts"}],"about":[{"href":"https:\/\/www.mpc.pr.gov.br\/index.php\/wp-json\/wp\/v2\/types\/post"}],"author":[{"embeddable":true,"href":"https:\/\/www.mpc.pr.gov.br\/index.php\/wp-json\/wp\/v2\/users\/5"}],"replies":[{"embeddable":true,"href":"https:\/\/www.mpc.pr.gov.br\/index.php\/wp-json\/wp\/v2\/comments?post=5659"}],"version-history":[{"count":0,"href":"https:\/\/www.mpc.pr.gov.br\/index.php\/wp-json\/wp\/v2\/posts\/5659\/revisions"}],"wp:featuredmedia":[{"embeddable":true,"href":"https:\/\/www.mpc.pr.gov.br\/index.php\/wp-json\/"}],"wp:attachment":[{"href":"https:\/\/www.mpc.pr.gov.br\/index.php\/wp-json\/wp\/v2\/media?parent=5659"}],"wp:term":[{"taxonomy":"category","embeddable":true,"href":"https:\/\/www.mpc.pr.gov.br\/index.php\/wp-json\/wp\/v2\/categories?post=5659"},{"taxonomy":"post_tag","embeddable":true,"href":"https:\/\/www.mpc.pr.gov.br\/index.php\/wp-json\/wp\/v2\/tags?post=5659"}],"curies":[{"name":"wp","href":"https:\/\/api.w.org\/{rel}","templated":true}]}}