{"id":5796,"date":"2018-04-18T07:59:20","date_gmt":"2018-04-18T10:59:20","guid":{"rendered":"http:\/\/www.mpc.pr.gov.br\/?p=5796"},"modified":"2018-04-18T07:59:20","modified_gmt":"2018-04-18T10:59:20","slug":"mp-de-contas-protocola-representacoes-que-apontam-irregularidades-na-area-da-saude","status":"publish","type":"post","link":"https:\/\/www.mpc.pr.gov.br\/index.php\/mp-de-contas-protocola-representacoes-que-apontam-irregularidades-na-area-da-saude\/","title":{"rendered":"MP de Contas protocola representa\u00e7\u00f5es que apontam irregularidades na \u00e1rea da sa\u00fade"},"content":{"rendered":"<p><img fetchpriority=\"high\" decoding=\"async\" class=\"size-medium wp-image-5502 alignleft\" src=\"http:\/\/www.mpc.pr.gov.br\/wp-content\/uploads\/2017\/11\/medical-563427_1920-300x200.jpg\" alt=\"\" width=\"300\" height=\"200\" \/>Nesta semana o MP de Contas do Paran\u00e1 come\u00e7ou a protocolar, junto ao Tribunal de Contas (TCE-PR), diversas representa\u00e7\u00f5es, que visam apurar poss\u00edveis irregularidades na compra de medicamentos e contrata\u00e7\u00e3o de m\u00e9dicos plantonistas, pelos munic\u00edpios do Estado. Os relat\u00f3rios tamb\u00e9m est\u00e3o sendo entregues aos Promotores de Justi\u00e7a do MP Estadual, para que sejam tomadas as devidas provid\u00eancias.<\/p>\n<p>Essas representa\u00e7\u00f5es s\u00e3o fruto dos projetos especiais desenvolvidos pelo \u00f3rg\u00e3o ministerial na \u00e1rea da sa\u00fade. Desde o ano passado o MP de Contas tem se dedicado ao desenvolvimento de projetos de atua\u00e7\u00e3o proativa, para uma fiscaliza\u00e7\u00e3o mais eficaz da Administra\u00e7\u00e3o P\u00fablica. De l\u00e1 para c\u00e1 foi poss\u00edvel identificar uma s\u00e9rie de irregularidades, inclusive com potencial de danos ao er\u00e1rio.<\/p>\n<p>No total, s\u00e3o cerca de 15 representa\u00e7\u00f5es que ser\u00e3o protocoladas junto ao TCE-PR. As an\u00e1lises apontam irregularidades nos procedimentos de contrata\u00e7\u00e3o de m\u00e9dicos plantonistas, como excesso de carga hor\u00e1ria supostamente desempenhada pelos profissionais; falta de controle de frequ\u00eancia; aus\u00eancia de informa\u00e7\u00f5es nos portais da transpar\u00eancia; e terceiriza\u00e7\u00e3o irregular dos servi\u00e7os p\u00fablicos de sa\u00fade.<\/p>\n<p>Quanto ao projeto que trata da compra de medicamentos, os relat\u00f3rios tamb\u00e9m apontaram irregularidades nas licita\u00e7\u00f5es, envolvendo compras de medicamentos por lote; sobrepre\u00e7o em diversos contratos; baixa competitividade do certame, utiliza\u00e7\u00e3o de tabelas de pre\u00e7os restritas; e aus\u00eancia de planejamento das compras.<\/p>\n<p>Dentro de suas a\u00e7\u00f5es, o MP de Contas vem tomando as medidas cab\u00edveis para que essas irregularidades sejam investigadas e sanadas. Al\u00e9m disso, o desenvolvimento desses projetos tem fortalecido o trabalho que j\u00e1 \u00e9 efeito pelo <em>Parquet<\/em>, e propicia novos meios de atua\u00e7\u00e3o no Controle Externo.<\/p>\n","protected":false},"excerpt":{"rendered":"<p>Nesta semana o MP de Contas do Paran\u00e1 come\u00e7ou a protocolar, junto ao Tribunal de Contas (TCE-PR), diversas representa\u00e7\u00f5es, que visam apurar poss\u00edveis irregularidades na compra de medicamentos e contrata\u00e7\u00e3o de m\u00e9dicos plantonistas, pelos munic\u00edpios do Estado. Os relat\u00f3rios tamb\u00e9m est\u00e3o sendo entregues aos Promotores de Justi\u00e7a do MP Estadual, para que sejam tomadas as [&hellip;]<\/p>\n","protected":false},"author":5,"featured_media":5502,"comment_status":"open","ping_status":"open","sticky":false,"template":"","format":"standard","meta":{"_monsterinsights_skip_tracking":false,"_monsterinsights_sitenote_active":false,"_monsterinsights_sitenote_note":"","_monsterinsights_sitenote_category":0,"footnotes":""},"categories":[7,14],"tags":[],"class_list":["post-5796","post","type-post","status-publish","format-standard","has-post-thumbnail","hentry","category-todas-as-noticias","category-ultimas-noticias","entry","has-media"],"yoast_head":"<!-- This site is optimized with the Yoast SEO plugin v27.3 - https:\/\/yoast.com\/product\/yoast-seo-wordpress\/ -->\n<title>MP de Contas protocola representa\u00e7\u00f5es que apontam irregularidades na \u00e1rea da sa\u00fade - Minist\u00e9rio P\u00fablico de Contas do Estado do Paran\u00e1<\/title>\n<meta name=\"robots\" content=\"index, follow, max-snippet:-1, max-image-preview:large, max-video-preview:-1\" \/>\n<link rel=\"canonical\" href=\"https:\/\/www.mpc.pr.gov.br\/index.php\/mp-de-contas-protocola-representacoes-que-apontam-irregularidades-na-area-da-saude\/\" \/>\n<meta property=\"og:locale\" content=\"pt_BR\" \/>\n<meta property=\"og:type\" content=\"article\" \/>\n<meta property=\"og:title\" content=\"MP de Contas protocola representa\u00e7\u00f5es que apontam irregularidades na \u00e1rea da sa\u00fade - Minist\u00e9rio P\u00fablico de Contas do Estado do Paran\u00e1\" \/>\n<meta property=\"og:description\" content=\"Nesta semana o MP de Contas do Paran\u00e1 come\u00e7ou a protocolar, junto ao Tribunal de Contas (TCE-PR), diversas representa\u00e7\u00f5es, que visam apurar poss\u00edveis irregularidades na compra de medicamentos e contrata\u00e7\u00e3o de m\u00e9dicos plantonistas, pelos munic\u00edpios do Estado. Os relat\u00f3rios tamb\u00e9m est\u00e3o sendo entregues aos Promotores de Justi\u00e7a do MP Estadual, para que sejam tomadas as [&hellip;]\" \/>\n<meta property=\"og:url\" content=\"https:\/\/www.mpc.pr.gov.br\/index.php\/mp-de-contas-protocola-representacoes-que-apontam-irregularidades-na-area-da-saude\/\" \/>\n<meta property=\"og:site_name\" content=\"Minist\u00e9rio P\u00fablico de Contas do Estado do Paran\u00e1\" \/>\n<meta property=\"article:publisher\" content=\"https:\/\/www.facebook.com\/mpc.pr\" \/>\n<meta property=\"article:published_time\" content=\"2018-04-18T10:59:20+00:00\" \/>\n<meta name=\"author\" content=\"giovanna.faria\" \/>\n<meta name=\"twitter:card\" content=\"summary_large_image\" \/>\n<meta name=\"twitter:label1\" content=\"Escrito por\" \/>\n\t<meta name=\"twitter:data1\" content=\"giovanna.faria\" \/>\n\t<meta name=\"twitter:label2\" content=\"Est. tempo de leitura\" \/>\n\t<meta name=\"twitter:data2\" content=\"2 minutos\" \/>\n<script type=\"application\/ld+json\" class=\"yoast-schema-graph\">{\"@context\":\"https:\\\/\\\/schema.org\",\"@graph\":[{\"@type\":\"Article\",\"@id\":\"https:\\\/\\\/www.mpc.pr.gov.br\\\/index.php\\\/mp-de-contas-protocola-representacoes-que-apontam-irregularidades-na-area-da-saude\\\/#article\",\"isPartOf\":{\"@id\":\"https:\\\/\\\/www.mpc.pr.gov.br\\\/index.php\\\/mp-de-contas-protocola-representacoes-que-apontam-irregularidades-na-area-da-saude\\\/\"},\"author\":{\"name\":\"giovanna.faria\",\"@id\":\"https:\\\/\\\/www.mpc.pr.gov.br\\\/#\\\/schema\\\/person\\\/d0c5cf9ebb4d8be833c419f3538cf751\"},\"headline\":\"MP de Contas protocola representa\u00e7\u00f5es que apontam irregularidades na \u00e1rea da sa\u00fade\",\"datePublished\":\"2018-04-18T10:59:20+00:00\",\"mainEntityOfPage\":{\"@id\":\"https:\\\/\\\/www.mpc.pr.gov.br\\\/index.php\\\/mp-de-contas-protocola-representacoes-que-apontam-irregularidades-na-area-da-saude\\\/\"},\"wordCount\":317,\"commentCount\":0,\"publisher\":{\"@id\":\"https:\\\/\\\/www.mpc.pr.gov.br\\\/#organization\"},\"image\":{\"@id\":\"https:\\\/\\\/www.mpc.pr.gov.br\\\/index.php\\\/mp-de-contas-protocola-representacoes-que-apontam-irregularidades-na-area-da-saude\\\/#primaryimage\"},\"thumbnailUrl\":\"\",\"articleSection\":[\"Todas as not\u00edcias\",\"\u00daltimas not\u00edcias\"],\"inLanguage\":\"pt-BR\",\"potentialAction\":[{\"@type\":\"CommentAction\",\"name\":\"Comment\",\"target\":[\"https:\\\/\\\/www.mpc.pr.gov.br\\\/index.php\\\/mp-de-contas-protocola-representacoes-que-apontam-irregularidades-na-area-da-saude\\\/#respond\"]}]},{\"@type\":\"WebPage\",\"@id\":\"https:\\\/\\\/www.mpc.pr.gov.br\\\/index.php\\\/mp-de-contas-protocola-representacoes-que-apontam-irregularidades-na-area-da-saude\\\/\",\"url\":\"https:\\\/\\\/www.mpc.pr.gov.br\\\/index.php\\\/mp-de-contas-protocola-representacoes-que-apontam-irregularidades-na-area-da-saude\\\/\",\"name\":\"MP de Contas protocola representa\u00e7\u00f5es que apontam irregularidades na \u00e1rea da sa\u00fade - Minist\u00e9rio P\u00fablico de Contas do Estado do Paran\u00e1\",\"isPartOf\":{\"@id\":\"https:\\\/\\\/www.mpc.pr.gov.br\\\/#website\"},\"primaryImageOfPage\":{\"@id\":\"https:\\\/\\\/www.mpc.pr.gov.br\\\/index.php\\\/mp-de-contas-protocola-representacoes-que-apontam-irregularidades-na-area-da-saude\\\/#primaryimage\"},\"image\":{\"@id\":\"https:\\\/\\\/www.mpc.pr.gov.br\\\/index.php\\\/mp-de-contas-protocola-representacoes-que-apontam-irregularidades-na-area-da-saude\\\/#primaryimage\"},\"thumbnailUrl\":\"\",\"datePublished\":\"2018-04-18T10:59:20+00:00\",\"breadcrumb\":{\"@id\":\"https:\\\/\\\/www.mpc.pr.gov.br\\\/index.php\\\/mp-de-contas-protocola-representacoes-que-apontam-irregularidades-na-area-da-saude\\\/#breadcrumb\"},\"inLanguage\":\"pt-BR\",\"potentialAction\":[{\"@type\":\"ReadAction\",\"target\":[\"https:\\\/\\\/www.mpc.pr.gov.br\\\/index.php\\\/mp-de-contas-protocola-representacoes-que-apontam-irregularidades-na-area-da-saude\\\/\"]}]},{\"@type\":\"ImageObject\",\"inLanguage\":\"pt-BR\",\"@id\":\"https:\\\/\\\/www.mpc.pr.gov.br\\\/index.php\\\/mp-de-contas-protocola-representacoes-que-apontam-irregularidades-na-area-da-saude\\\/#primaryimage\",\"url\":\"\",\"contentUrl\":\"\"},{\"@type\":\"BreadcrumbList\",\"@id\":\"https:\\\/\\\/www.mpc.pr.gov.br\\\/index.php\\\/mp-de-contas-protocola-representacoes-que-apontam-irregularidades-na-area-da-saude\\\/#breadcrumb\",\"itemListElement\":[{\"@type\":\"ListItem\",\"position\":1,\"name\":\"In\u00edcio\",\"item\":\"https:\\\/\\\/www.mpc.pr.gov.br\\\/\"},{\"@type\":\"ListItem\",\"position\":2,\"name\":\"MP de Contas protocola representa\u00e7\u00f5es que apontam irregularidades na \u00e1rea da sa\u00fade\"}]},{\"@type\":\"WebSite\",\"@id\":\"https:\\\/\\\/www.mpc.pr.gov.br\\\/#website\",\"url\":\"https:\\\/\\\/www.mpc.pr.gov.br\\\/\",\"name\":\"Minist\u00e9rio P\u00fablico de Contas do Estado do Paran\u00e1\",\"description\":\"\",\"publisher\":{\"@id\":\"https:\\\/\\\/www.mpc.pr.gov.br\\\/#organization\"},\"potentialAction\":[{\"@type\":\"SearchAction\",\"target\":{\"@type\":\"EntryPoint\",\"urlTemplate\":\"https:\\\/\\\/www.mpc.pr.gov.br\\\/?s={search_term_string}\"},\"query-input\":{\"@type\":\"PropertyValueSpecification\",\"valueRequired\":true,\"valueName\":\"search_term_string\"}}],\"inLanguage\":\"pt-BR\"},{\"@type\":\"Organization\",\"@id\":\"https:\\\/\\\/www.mpc.pr.gov.br\\\/#organization\",\"name\":\"Minist\u00e9rio P\u00fablico de Contas do Estado do Paran\u00e1\",\"url\":\"https:\\\/\\\/www.mpc.pr.gov.br\\\/\",\"logo\":{\"@type\":\"ImageObject\",\"inLanguage\":\"pt-BR\",\"@id\":\"https:\\\/\\\/www.mpc.pr.gov.br\\\/#\\\/schema\\\/logo\\\/image\\\/\",\"url\":\"https:\\\/\\\/www.mpc.pr.gov.br\\\/wp-content\\\/uploads\\\/2020\\\/06\\\/99423647_1593460364143890_6706793420720963584_n-1-e1591387983167.png\",\"contentUrl\":\"https:\\\/\\\/www.mpc.pr.gov.br\\\/wp-content\\\/uploads\\\/2020\\\/06\\\/99423647_1593460364143890_6706793420720963584_n-1-e1591387983167.png\",\"width\":243,\"height\":73,\"caption\":\"Minist\u00e9rio P\u00fablico de Contas do Estado do Paran\u00e1\"},\"image\":{\"@id\":\"https:\\\/\\\/www.mpc.pr.gov.br\\\/#\\\/schema\\\/logo\\\/image\\\/\"},\"sameAs\":[\"https:\\\/\\\/www.facebook.com\\\/mpc.pr\",\"https:\\\/\\\/www.instagram.com\\\/mpc.pr\\\/?hl=pt-br\",\"https:\\\/\\\/www.youtube.com\\\/channel\\\/UCHri5oEM8DV0ztX57E0sBSw\"]},{\"@type\":\"Person\",\"@id\":\"https:\\\/\\\/www.mpc.pr.gov.br\\\/#\\\/schema\\\/person\\\/d0c5cf9ebb4d8be833c419f3538cf751\",\"name\":\"giovanna.faria\",\"image\":{\"@type\":\"ImageObject\",\"inLanguage\":\"pt-BR\",\"@id\":\"https:\\\/\\\/secure.gravatar.com\\\/avatar\\\/?s=96&d=mm&r=g\",\"url\":\"https:\\\/\\\/secure.gravatar.com\\\/avatar\\\/?s=96&d=mm&r=g\",\"contentUrl\":\"https:\\\/\\\/secure.gravatar.com\\\/avatar\\\/?s=96&d=mm&r=g\",\"caption\":\"giovanna.faria\"}}]}<\/script>\n<!-- \/ Yoast SEO plugin. -->","yoast_head_json":{"title":"MP de Contas protocola representa\u00e7\u00f5es que apontam irregularidades na \u00e1rea da sa\u00fade - Minist\u00e9rio P\u00fablico de Contas do Estado do Paran\u00e1","robots":{"index":"index","follow":"follow","max-snippet":"max-snippet:-1","max-image-preview":"max-image-preview:large","max-video-preview":"max-video-preview:-1"},"canonical":"https:\/\/www.mpc.pr.gov.br\/index.php\/mp-de-contas-protocola-representacoes-que-apontam-irregularidades-na-area-da-saude\/","og_locale":"pt_BR","og_type":"article","og_title":"MP de Contas protocola representa\u00e7\u00f5es que apontam irregularidades na \u00e1rea da sa\u00fade - Minist\u00e9rio P\u00fablico de Contas do Estado do Paran\u00e1","og_description":"Nesta semana o MP de Contas do Paran\u00e1 come\u00e7ou a protocolar, junto ao Tribunal de Contas (TCE-PR), diversas representa\u00e7\u00f5es, que visam apurar poss\u00edveis irregularidades na compra de medicamentos e contrata\u00e7\u00e3o de m\u00e9dicos plantonistas, pelos munic\u00edpios do Estado. Os relat\u00f3rios tamb\u00e9m est\u00e3o sendo entregues aos Promotores de Justi\u00e7a do MP Estadual, para que sejam tomadas as [&hellip;]","og_url":"https:\/\/www.mpc.pr.gov.br\/index.php\/mp-de-contas-protocola-representacoes-que-apontam-irregularidades-na-area-da-saude\/","og_site_name":"Minist\u00e9rio P\u00fablico de Contas do Estado do Paran\u00e1","article_publisher":"https:\/\/www.facebook.com\/mpc.pr","article_published_time":"2018-04-18T10:59:20+00:00","author":"giovanna.faria","twitter_card":"summary_large_image","twitter_misc":{"Escrito por":"giovanna.faria","Est. tempo de leitura":"2 minutos"},"schema":{"@context":"https:\/\/schema.org","@graph":[{"@type":"Article","@id":"https:\/\/www.mpc.pr.gov.br\/index.php\/mp-de-contas-protocola-representacoes-que-apontam-irregularidades-na-area-da-saude\/#article","isPartOf":{"@id":"https:\/\/www.mpc.pr.gov.br\/index.php\/mp-de-contas-protocola-representacoes-que-apontam-irregularidades-na-area-da-saude\/"},"author":{"name":"giovanna.faria","@id":"https:\/\/www.mpc.pr.gov.br\/#\/schema\/person\/d0c5cf9ebb4d8be833c419f3538cf751"},"headline":"MP de Contas protocola representa\u00e7\u00f5es que apontam irregularidades na \u00e1rea da sa\u00fade","datePublished":"2018-04-18T10:59:20+00:00","mainEntityOfPage":{"@id":"https:\/\/www.mpc.pr.gov.br\/index.php\/mp-de-contas-protocola-representacoes-que-apontam-irregularidades-na-area-da-saude\/"},"wordCount":317,"commentCount":0,"publisher":{"@id":"https:\/\/www.mpc.pr.gov.br\/#organization"},"image":{"@id":"https:\/\/www.mpc.pr.gov.br\/index.php\/mp-de-contas-protocola-representacoes-que-apontam-irregularidades-na-area-da-saude\/#primaryimage"},"thumbnailUrl":"","articleSection":["Todas as not\u00edcias","\u00daltimas not\u00edcias"],"inLanguage":"pt-BR","potentialAction":[{"@type":"CommentAction","name":"Comment","target":["https:\/\/www.mpc.pr.gov.br\/index.php\/mp-de-contas-protocola-representacoes-que-apontam-irregularidades-na-area-da-saude\/#respond"]}]},{"@type":"WebPage","@id":"https:\/\/www.mpc.pr.gov.br\/index.php\/mp-de-contas-protocola-representacoes-que-apontam-irregularidades-na-area-da-saude\/","url":"https:\/\/www.mpc.pr.gov.br\/index.php\/mp-de-contas-protocola-representacoes-que-apontam-irregularidades-na-area-da-saude\/","name":"MP de Contas protocola representa\u00e7\u00f5es que apontam irregularidades na \u00e1rea da sa\u00fade - Minist\u00e9rio P\u00fablico de Contas do Estado do Paran\u00e1","isPartOf":{"@id":"https:\/\/www.mpc.pr.gov.br\/#website"},"primaryImageOfPage":{"@id":"https:\/\/www.mpc.pr.gov.br\/index.php\/mp-de-contas-protocola-representacoes-que-apontam-irregularidades-na-area-da-saude\/#primaryimage"},"image":{"@id":"https:\/\/www.mpc.pr.gov.br\/index.php\/mp-de-contas-protocola-representacoes-que-apontam-irregularidades-na-area-da-saude\/#primaryimage"},"thumbnailUrl":"","datePublished":"2018-04-18T10:59:20+00:00","breadcrumb":{"@id":"https:\/\/www.mpc.pr.gov.br\/index.php\/mp-de-contas-protocola-representacoes-que-apontam-irregularidades-na-area-da-saude\/#breadcrumb"},"inLanguage":"pt-BR","potentialAction":[{"@type":"ReadAction","target":["https:\/\/www.mpc.pr.gov.br\/index.php\/mp-de-contas-protocola-representacoes-que-apontam-irregularidades-na-area-da-saude\/"]}]},{"@type":"ImageObject","inLanguage":"pt-BR","@id":"https:\/\/www.mpc.pr.gov.br\/index.php\/mp-de-contas-protocola-representacoes-que-apontam-irregularidades-na-area-da-saude\/#primaryimage","url":"","contentUrl":""},{"@type":"BreadcrumbList","@id":"https:\/\/www.mpc.pr.gov.br\/index.php\/mp-de-contas-protocola-representacoes-que-apontam-irregularidades-na-area-da-saude\/#breadcrumb","itemListElement":[{"@type":"ListItem","position":1,"name":"In\u00edcio","item":"https:\/\/www.mpc.pr.gov.br\/"},{"@type":"ListItem","position":2,"name":"MP de Contas protocola representa\u00e7\u00f5es que apontam irregularidades na \u00e1rea da sa\u00fade"}]},{"@type":"WebSite","@id":"https:\/\/www.mpc.pr.gov.br\/#website","url":"https:\/\/www.mpc.pr.gov.br\/","name":"Minist\u00e9rio P\u00fablico de Contas do Estado do Paran\u00e1","description":"","publisher":{"@id":"https:\/\/www.mpc.pr.gov.br\/#organization"},"potentialAction":[{"@type":"SearchAction","target":{"@type":"EntryPoint","urlTemplate":"https:\/\/www.mpc.pr.gov.br\/?s={search_term_string}"},"query-input":{"@type":"PropertyValueSpecification","valueRequired":true,"valueName":"search_term_string"}}],"inLanguage":"pt-BR"},{"@type":"Organization","@id":"https:\/\/www.mpc.pr.gov.br\/#organization","name":"Minist\u00e9rio P\u00fablico de Contas do Estado do Paran\u00e1","url":"https:\/\/www.mpc.pr.gov.br\/","logo":{"@type":"ImageObject","inLanguage":"pt-BR","@id":"https:\/\/www.mpc.pr.gov.br\/#\/schema\/logo\/image\/","url":"https:\/\/www.mpc.pr.gov.br\/wp-content\/uploads\/2020\/06\/99423647_1593460364143890_6706793420720963584_n-1-e1591387983167.png","contentUrl":"https:\/\/www.mpc.pr.gov.br\/wp-content\/uploads\/2020\/06\/99423647_1593460364143890_6706793420720963584_n-1-e1591387983167.png","width":243,"height":73,"caption":"Minist\u00e9rio P\u00fablico de Contas do Estado do Paran\u00e1"},"image":{"@id":"https:\/\/www.mpc.pr.gov.br\/#\/schema\/logo\/image\/"},"sameAs":["https:\/\/www.facebook.com\/mpc.pr","https:\/\/www.instagram.com\/mpc.pr\/?hl=pt-br","https:\/\/www.youtube.com\/channel\/UCHri5oEM8DV0ztX57E0sBSw"]},{"@type":"Person","@id":"https:\/\/www.mpc.pr.gov.br\/#\/schema\/person\/d0c5cf9ebb4d8be833c419f3538cf751","name":"giovanna.faria","image":{"@type":"ImageObject","inLanguage":"pt-BR","@id":"https:\/\/secure.gravatar.com\/avatar\/?s=96&d=mm&r=g","url":"https:\/\/secure.gravatar.com\/avatar\/?s=96&d=mm&r=g","contentUrl":"https:\/\/secure.gravatar.com\/avatar\/?s=96&d=mm&r=g","caption":"giovanna.faria"}}]}},"rttpg_featured_image_url":null,"rttpg_author":{"display_name":"giovanna.faria","author_link":"https:\/\/www.mpc.pr.gov.br\/index.php\/author\/giovanna-faria\/"},"rttpg_comment":0,"rttpg_category":"<a href=\"https:\/\/www.mpc.pr.gov.br\/index.php\/category\/todas-as-noticias\/\" rel=\"category tag\">Todas as not\u00edcias<\/a> <a href=\"https:\/\/www.mpc.pr.gov.br\/index.php\/category\/ultimas-noticias\/\" rel=\"category tag\">\u00daltimas not\u00edcias<\/a>","rttpg_excerpt":"Nesta semana o MP de Contas do Paran\u00e1 come\u00e7ou a protocolar, junto ao Tribunal de Contas (TCE-PR), diversas representa\u00e7\u00f5es, que visam apurar poss\u00edveis irregularidades na compra de medicamentos e contrata\u00e7\u00e3o de m\u00e9dicos plantonistas, pelos munic\u00edpios do Estado. Os relat\u00f3rios tamb\u00e9m est\u00e3o sendo entregues aos Promotores de Justi\u00e7a do MP Estadual, para que sejam tomadas as&hellip;","_links":{"self":[{"href":"https:\/\/www.mpc.pr.gov.br\/index.php\/wp-json\/wp\/v2\/posts\/5796","targetHints":{"allow":["GET"]}}],"collection":[{"href":"https:\/\/www.mpc.pr.gov.br\/index.php\/wp-json\/wp\/v2\/posts"}],"about":[{"href":"https:\/\/www.mpc.pr.gov.br\/index.php\/wp-json\/wp\/v2\/types\/post"}],"author":[{"embeddable":true,"href":"https:\/\/www.mpc.pr.gov.br\/index.php\/wp-json\/wp\/v2\/users\/5"}],"replies":[{"embeddable":true,"href":"https:\/\/www.mpc.pr.gov.br\/index.php\/wp-json\/wp\/v2\/comments?post=5796"}],"version-history":[{"count":0,"href":"https:\/\/www.mpc.pr.gov.br\/index.php\/wp-json\/wp\/v2\/posts\/5796\/revisions"}],"wp:featuredmedia":[{"embeddable":true,"href":"https:\/\/www.mpc.pr.gov.br\/index.php\/wp-json\/"}],"wp:attachment":[{"href":"https:\/\/www.mpc.pr.gov.br\/index.php\/wp-json\/wp\/v2\/media?parent=5796"}],"wp:term":[{"taxonomy":"category","embeddable":true,"href":"https:\/\/www.mpc.pr.gov.br\/index.php\/wp-json\/wp\/v2\/categories?post=5796"},{"taxonomy":"post_tag","embeddable":true,"href":"https:\/\/www.mpc.pr.gov.br\/index.php\/wp-json\/wp\/v2\/tags?post=5796"}],"curies":[{"name":"wp","href":"https:\/\/api.w.org\/{rel}","templated":true}]}}