{"id":5912,"date":"2018-05-15T15:11:10","date_gmt":"2018-05-15T18:11:10","guid":{"rendered":"http:\/\/www.mpc.pr.gov.br\/?p=5912"},"modified":"2018-05-15T15:11:10","modified_gmt":"2018-05-15T18:11:10","slug":"mp-estadual-determina-abertura-de-inquerito-civil-em-sarandi-apos-mp-de-contas-apontar-irregularidades-na-saude","status":"publish","type":"post","link":"https:\/\/www.mpc.pr.gov.br\/index.php\/mp-estadual-determina-abertura-de-inquerito-civil-em-sarandi-apos-mp-de-contas-apontar-irregularidades-na-saude\/","title":{"rendered":"MP Estadual determina abertura de Inqu\u00e9rito Civil em Sarandi ap\u00f3s MP de Contas apontar irregularidades na sa\u00fade"},"content":{"rendered":"<p><img fetchpriority=\"high\" decoding=\"async\" class=\"alignleft wp-image-5523 size-medium\" src=\"http:\/\/www.mpc.pr.gov.br\/wp-content\/uploads\/2017\/11\/surgery-1822458_1920-300x200.jpg\" alt=\"\" width=\"300\" height=\"200\" \/>A Promotoria de Justi\u00e7a do MP Estadual determinou a abertura de Inqu\u00e9rito Civil \u00e0 Promotoria de Sarandi, ap\u00f3s receber o dossi\u00ea encaminhado pelo MP de Contas do Paran\u00e1. Os documentos apontam poss\u00edveis irregularidades na \u00e1rea da sa\u00fade, no que se refere \u00e0 presta\u00e7\u00e3o de servi\u00e7os e contrata\u00e7\u00e3o de m\u00e9dicos plantonistas e nos processos licitat\u00f3rios para compra de medicamentos, no per\u00edodo de 2017.<\/p>\n<p>Esse trabalho de coleta de dados \u00e9 desenvolvido pelo N\u00facleo de Intelig\u00eancia do MP de Contas, o qual resultou em diversas Representa\u00e7\u00f5es no \u00e2mbito do Tribunal de Contas (TCE-PR). O \u00f3rg\u00e3o ministerial em parceria com o MP Estadual tamb\u00e9m encaminhou os dossi\u00eas aos Promotores de Justi\u00e7a de cada comarca para que eles possam atuar na apura\u00e7\u00e3o das irregularidades apontadas.<\/p>\n<p><strong>Situa\u00e7\u00e3o de m\u00e9dicos plantonistas<\/strong><\/p>\n<p>Quanto aos m\u00e9dicos plantonistas, foi apurada a exist\u00eancia de terceiriza\u00e7\u00e3o de servi\u00e7os que deveriam ser prestados por funcion\u00e1rios efetivos, com o agravante de que desde 2013 a Procuradoria Jur\u00eddica de Sarandi j\u00e1 vinha alertando os gestores sobre a necessidade de abertura de concursos p\u00fablicos, o que aconteceu uma \u00fanica vez em 2016.<\/p>\n<p>Tamb\u00e9m n\u00e3o est\u00e3o sendo disponibilizados no portal da transpar\u00eancia do munic\u00edpio os procedimentos licitat\u00f3rios e contratos firmados. Al\u00e9m disso, muitas das contrata\u00e7\u00f5es efetivadas s\u00e3o feitas por meio de \u2018Dispensa de Licita\u00e7\u00e3o\u2019, n\u00e3o havendo nenhuma justificativa circunstancial apresentada para tal.<\/p>\n<p>H\u00e1 ainda casos de m\u00e9dicos com uma excessiva jornada de trabalho, chegando a mais de 100 horas semanais. Embora n\u00e3o haja legisla\u00e7\u00e3o que estipule a jornada m\u00e1xima de trabalho, o Superior Tribunal de Justi\u00e7a (STJ) estima um teto de 60 horas semanais para garantir que o tratamento e atendimento m\u00e9dico seja de qualidade.<\/p>\n<p>No Despacho a Promotoria al\u00e9m da Instaura\u00e7\u00e3o do Inqu\u00e9rito, determinou que o munic\u00edpio fosse oficiado e que os gestores esclare\u00e7am as situa\u00e7\u00f5es apontadas pelo dossi\u00ea.<\/p>\n<p><strong>Medicamentos<\/strong><\/p>\n<p>Ao analisar a compra de medicamentos pelo munic\u00edpio de Sarandi, a equipe do N\u00facleo de Intelig\u00eancia observou que as aquisi\u00e7\u00f5es eram feitas por meio de uma lista fechada de \u201cA\u201d a \u201cZ\u201d, na qual n\u00e3o constam especifica\u00e7\u00f5es e nem quantidades. Esse m\u00e9todo n\u00e3o privilegia a identifica\u00e7\u00e3o de uma melhor proposta para a Administra\u00e7\u00e3o P\u00fablica e favorece a aus\u00eancia de competitividade.<\/p>\n<p>Al\u00e9m disso, muitos dos medicamentos estavam sendo negociados com base na \u2018Tabela de Pre\u00e7os de F\u00e1brica\u2019, quando o correto seria usar a \u2018Tabela de Pre\u00e7os de Medicamentos para Compras P\u00fablicas\u2019. Tamb\u00e9m h\u00e1 um aparente superfaturamento nas compras por meio de processos licitat\u00f3rios, quando comprados os pre\u00e7os constantes nos portais do Minist\u00e9rio do Planejamento e do Minist\u00e9rio da Sa\u00fade.<\/p>\n<p>A Promotoria apontou ainda uma poss\u00edvel falta de conhecimento dos servidores que atuam no setor de licita\u00e7\u00f5es, quanto a fomentarem a competi\u00e7\u00e3o entre os licitantes e quanto atuarem sob o princ\u00edpio da efici\u00eancia e economicidade para garantir o interesse p\u00fablico.<\/p>\n<p>Al\u00e9m do Inqu\u00e9rito a Promotoria expediu uma s\u00e9rie de Recomenda\u00e7\u00f5es Administrativas aos gestores e demais servidores respons\u00e1veis pelas licita\u00e7\u00f5es e expediu um Termo de Ajustamento de Conduta (TAC) com o objetivo de instrumentalizar os processos licitat\u00f3rios, favorecendo assim a busca por propostas mais vantajosas ao munic\u00edpio.<\/p>\n","protected":false},"excerpt":{"rendered":"<p>A Promotoria de Justi\u00e7a do MP Estadual determinou a abertura de Inqu\u00e9rito Civil \u00e0 Promotoria de Sarandi, ap\u00f3s receber o dossi\u00ea encaminhado pelo MP de Contas do Paran\u00e1. Os documentos apontam poss\u00edveis irregularidades na \u00e1rea da sa\u00fade, no que se refere \u00e0 presta\u00e7\u00e3o de servi\u00e7os e contrata\u00e7\u00e3o de m\u00e9dicos plantonistas e nos processos licitat\u00f3rios para [&hellip;]<\/p>\n","protected":false},"author":5,"featured_media":5523,"comment_status":"open","ping_status":"open","sticky":false,"template":"","format":"standard","meta":{"_monsterinsights_skip_tracking":false,"_monsterinsights_sitenote_active":false,"_monsterinsights_sitenote_note":"","_monsterinsights_sitenote_category":0,"footnotes":""},"categories":[7,14],"tags":[],"class_list":["post-5912","post","type-post","status-publish","format-standard","has-post-thumbnail","hentry","category-todas-as-noticias","category-ultimas-noticias","entry","has-media"],"yoast_head":"<!-- This site is optimized with the Yoast SEO plugin v27.3 - https:\/\/yoast.com\/product\/yoast-seo-wordpress\/ -->\n<title>MP Estadual determina abertura de Inqu\u00e9rito Civil em Sarandi ap\u00f3s MP de Contas apontar irregularidades na sa\u00fade - Minist\u00e9rio P\u00fablico de Contas do Estado do Paran\u00e1<\/title>\n<meta name=\"robots\" content=\"index, follow, max-snippet:-1, max-image-preview:large, max-video-preview:-1\" \/>\n<link rel=\"canonical\" href=\"https:\/\/www.mpc.pr.gov.br\/index.php\/mp-estadual-determina-abertura-de-inquerito-civil-em-sarandi-apos-mp-de-contas-apontar-irregularidades-na-saude\/\" \/>\n<meta property=\"og:locale\" content=\"pt_BR\" \/>\n<meta property=\"og:type\" content=\"article\" \/>\n<meta property=\"og:title\" content=\"MP Estadual determina abertura de Inqu\u00e9rito Civil em Sarandi ap\u00f3s MP de Contas apontar irregularidades na sa\u00fade - Minist\u00e9rio P\u00fablico de Contas do Estado do Paran\u00e1\" \/>\n<meta property=\"og:description\" content=\"A Promotoria de Justi\u00e7a do MP Estadual determinou a abertura de Inqu\u00e9rito Civil \u00e0 Promotoria de Sarandi, ap\u00f3s receber o dossi\u00ea encaminhado pelo MP de Contas do Paran\u00e1. Os documentos apontam poss\u00edveis irregularidades na \u00e1rea da sa\u00fade, no que se refere \u00e0 presta\u00e7\u00e3o de servi\u00e7os e contrata\u00e7\u00e3o de m\u00e9dicos plantonistas e nos processos licitat\u00f3rios para [&hellip;]\" \/>\n<meta property=\"og:url\" content=\"https:\/\/www.mpc.pr.gov.br\/index.php\/mp-estadual-determina-abertura-de-inquerito-civil-em-sarandi-apos-mp-de-contas-apontar-irregularidades-na-saude\/\" \/>\n<meta property=\"og:site_name\" content=\"Minist\u00e9rio P\u00fablico de Contas do Estado do Paran\u00e1\" \/>\n<meta property=\"article:publisher\" content=\"https:\/\/www.facebook.com\/mpc.pr\" \/>\n<meta property=\"article:published_time\" content=\"2018-05-15T18:11:10+00:00\" \/>\n<meta name=\"author\" content=\"giovanna.faria\" \/>\n<meta name=\"twitter:card\" content=\"summary_large_image\" \/>\n<meta name=\"twitter:label1\" content=\"Escrito por\" \/>\n\t<meta name=\"twitter:data1\" content=\"giovanna.faria\" \/>\n\t<meta name=\"twitter:label2\" content=\"Est. tempo de leitura\" \/>\n\t<meta name=\"twitter:data2\" content=\"3 minutos\" \/>\n<script type=\"application\/ld+json\" class=\"yoast-schema-graph\">{\"@context\":\"https:\\\/\\\/schema.org\",\"@graph\":[{\"@type\":\"Article\",\"@id\":\"https:\\\/\\\/www.mpc.pr.gov.br\\\/index.php\\\/mp-estadual-determina-abertura-de-inquerito-civil-em-sarandi-apos-mp-de-contas-apontar-irregularidades-na-saude\\\/#article\",\"isPartOf\":{\"@id\":\"https:\\\/\\\/www.mpc.pr.gov.br\\\/index.php\\\/mp-estadual-determina-abertura-de-inquerito-civil-em-sarandi-apos-mp-de-contas-apontar-irregularidades-na-saude\\\/\"},\"author\":{\"name\":\"giovanna.faria\",\"@id\":\"https:\\\/\\\/www.mpc.pr.gov.br\\\/#\\\/schema\\\/person\\\/d0c5cf9ebb4d8be833c419f3538cf751\"},\"headline\":\"MP Estadual determina abertura de Inqu\u00e9rito Civil em Sarandi ap\u00f3s MP de Contas apontar irregularidades na sa\u00fade\",\"datePublished\":\"2018-05-15T18:11:10+00:00\",\"mainEntityOfPage\":{\"@id\":\"https:\\\/\\\/www.mpc.pr.gov.br\\\/index.php\\\/mp-estadual-determina-abertura-de-inquerito-civil-em-sarandi-apos-mp-de-contas-apontar-irregularidades-na-saude\\\/\"},\"wordCount\":599,\"commentCount\":0,\"publisher\":{\"@id\":\"https:\\\/\\\/www.mpc.pr.gov.br\\\/#organization\"},\"image\":{\"@id\":\"https:\\\/\\\/www.mpc.pr.gov.br\\\/index.php\\\/mp-estadual-determina-abertura-de-inquerito-civil-em-sarandi-apos-mp-de-contas-apontar-irregularidades-na-saude\\\/#primaryimage\"},\"thumbnailUrl\":\"\",\"articleSection\":[\"Todas as not\u00edcias\",\"\u00daltimas not\u00edcias\"],\"inLanguage\":\"pt-BR\",\"potentialAction\":[{\"@type\":\"CommentAction\",\"name\":\"Comment\",\"target\":[\"https:\\\/\\\/www.mpc.pr.gov.br\\\/index.php\\\/mp-estadual-determina-abertura-de-inquerito-civil-em-sarandi-apos-mp-de-contas-apontar-irregularidades-na-saude\\\/#respond\"]}]},{\"@type\":\"WebPage\",\"@id\":\"https:\\\/\\\/www.mpc.pr.gov.br\\\/index.php\\\/mp-estadual-determina-abertura-de-inquerito-civil-em-sarandi-apos-mp-de-contas-apontar-irregularidades-na-saude\\\/\",\"url\":\"https:\\\/\\\/www.mpc.pr.gov.br\\\/index.php\\\/mp-estadual-determina-abertura-de-inquerito-civil-em-sarandi-apos-mp-de-contas-apontar-irregularidades-na-saude\\\/\",\"name\":\"MP Estadual determina abertura de Inqu\u00e9rito Civil em Sarandi ap\u00f3s MP de Contas apontar irregularidades na sa\u00fade - Minist\u00e9rio P\u00fablico de Contas do Estado do Paran\u00e1\",\"isPartOf\":{\"@id\":\"https:\\\/\\\/www.mpc.pr.gov.br\\\/#website\"},\"primaryImageOfPage\":{\"@id\":\"https:\\\/\\\/www.mpc.pr.gov.br\\\/index.php\\\/mp-estadual-determina-abertura-de-inquerito-civil-em-sarandi-apos-mp-de-contas-apontar-irregularidades-na-saude\\\/#primaryimage\"},\"image\":{\"@id\":\"https:\\\/\\\/www.mpc.pr.gov.br\\\/index.php\\\/mp-estadual-determina-abertura-de-inquerito-civil-em-sarandi-apos-mp-de-contas-apontar-irregularidades-na-saude\\\/#primaryimage\"},\"thumbnailUrl\":\"\",\"datePublished\":\"2018-05-15T18:11:10+00:00\",\"breadcrumb\":{\"@id\":\"https:\\\/\\\/www.mpc.pr.gov.br\\\/index.php\\\/mp-estadual-determina-abertura-de-inquerito-civil-em-sarandi-apos-mp-de-contas-apontar-irregularidades-na-saude\\\/#breadcrumb\"},\"inLanguage\":\"pt-BR\",\"potentialAction\":[{\"@type\":\"ReadAction\",\"target\":[\"https:\\\/\\\/www.mpc.pr.gov.br\\\/index.php\\\/mp-estadual-determina-abertura-de-inquerito-civil-em-sarandi-apos-mp-de-contas-apontar-irregularidades-na-saude\\\/\"]}]},{\"@type\":\"ImageObject\",\"inLanguage\":\"pt-BR\",\"@id\":\"https:\\\/\\\/www.mpc.pr.gov.br\\\/index.php\\\/mp-estadual-determina-abertura-de-inquerito-civil-em-sarandi-apos-mp-de-contas-apontar-irregularidades-na-saude\\\/#primaryimage\",\"url\":\"\",\"contentUrl\":\"\"},{\"@type\":\"BreadcrumbList\",\"@id\":\"https:\\\/\\\/www.mpc.pr.gov.br\\\/index.php\\\/mp-estadual-determina-abertura-de-inquerito-civil-em-sarandi-apos-mp-de-contas-apontar-irregularidades-na-saude\\\/#breadcrumb\",\"itemListElement\":[{\"@type\":\"ListItem\",\"position\":1,\"name\":\"In\u00edcio\",\"item\":\"https:\\\/\\\/www.mpc.pr.gov.br\\\/\"},{\"@type\":\"ListItem\",\"position\":2,\"name\":\"MP Estadual determina abertura de Inqu\u00e9rito Civil em Sarandi ap\u00f3s MP de Contas apontar irregularidades na sa\u00fade\"}]},{\"@type\":\"WebSite\",\"@id\":\"https:\\\/\\\/www.mpc.pr.gov.br\\\/#website\",\"url\":\"https:\\\/\\\/www.mpc.pr.gov.br\\\/\",\"name\":\"Minist\u00e9rio P\u00fablico de Contas do Estado do Paran\u00e1\",\"description\":\"\",\"publisher\":{\"@id\":\"https:\\\/\\\/www.mpc.pr.gov.br\\\/#organization\"},\"potentialAction\":[{\"@type\":\"SearchAction\",\"target\":{\"@type\":\"EntryPoint\",\"urlTemplate\":\"https:\\\/\\\/www.mpc.pr.gov.br\\\/?s={search_term_string}\"},\"query-input\":{\"@type\":\"PropertyValueSpecification\",\"valueRequired\":true,\"valueName\":\"search_term_string\"}}],\"inLanguage\":\"pt-BR\"},{\"@type\":\"Organization\",\"@id\":\"https:\\\/\\\/www.mpc.pr.gov.br\\\/#organization\",\"name\":\"Minist\u00e9rio P\u00fablico de Contas do Estado do Paran\u00e1\",\"url\":\"https:\\\/\\\/www.mpc.pr.gov.br\\\/\",\"logo\":{\"@type\":\"ImageObject\",\"inLanguage\":\"pt-BR\",\"@id\":\"https:\\\/\\\/www.mpc.pr.gov.br\\\/#\\\/schema\\\/logo\\\/image\\\/\",\"url\":\"https:\\\/\\\/www.mpc.pr.gov.br\\\/wp-content\\\/uploads\\\/2020\\\/06\\\/99423647_1593460364143890_6706793420720963584_n-1-e1591387983167.png\",\"contentUrl\":\"https:\\\/\\\/www.mpc.pr.gov.br\\\/wp-content\\\/uploads\\\/2020\\\/06\\\/99423647_1593460364143890_6706793420720963584_n-1-e1591387983167.png\",\"width\":243,\"height\":73,\"caption\":\"Minist\u00e9rio P\u00fablico de Contas do Estado do Paran\u00e1\"},\"image\":{\"@id\":\"https:\\\/\\\/www.mpc.pr.gov.br\\\/#\\\/schema\\\/logo\\\/image\\\/\"},\"sameAs\":[\"https:\\\/\\\/www.facebook.com\\\/mpc.pr\",\"https:\\\/\\\/www.instagram.com\\\/mpc.pr\\\/?hl=pt-br\",\"https:\\\/\\\/www.youtube.com\\\/channel\\\/UCHri5oEM8DV0ztX57E0sBSw\"]},{\"@type\":\"Person\",\"@id\":\"https:\\\/\\\/www.mpc.pr.gov.br\\\/#\\\/schema\\\/person\\\/d0c5cf9ebb4d8be833c419f3538cf751\",\"name\":\"giovanna.faria\",\"image\":{\"@type\":\"ImageObject\",\"inLanguage\":\"pt-BR\",\"@id\":\"https:\\\/\\\/secure.gravatar.com\\\/avatar\\\/?s=96&d=mm&r=g\",\"url\":\"https:\\\/\\\/secure.gravatar.com\\\/avatar\\\/?s=96&d=mm&r=g\",\"contentUrl\":\"https:\\\/\\\/secure.gravatar.com\\\/avatar\\\/?s=96&d=mm&r=g\",\"caption\":\"giovanna.faria\"}}]}<\/script>\n<!-- \/ Yoast SEO plugin. -->","yoast_head_json":{"title":"MP Estadual determina abertura de Inqu\u00e9rito Civil em Sarandi ap\u00f3s MP de Contas apontar irregularidades na sa\u00fade - Minist\u00e9rio P\u00fablico de Contas do Estado do Paran\u00e1","robots":{"index":"index","follow":"follow","max-snippet":"max-snippet:-1","max-image-preview":"max-image-preview:large","max-video-preview":"max-video-preview:-1"},"canonical":"https:\/\/www.mpc.pr.gov.br\/index.php\/mp-estadual-determina-abertura-de-inquerito-civil-em-sarandi-apos-mp-de-contas-apontar-irregularidades-na-saude\/","og_locale":"pt_BR","og_type":"article","og_title":"MP Estadual determina abertura de Inqu\u00e9rito Civil em Sarandi ap\u00f3s MP de Contas apontar irregularidades na sa\u00fade - Minist\u00e9rio P\u00fablico de Contas do Estado do Paran\u00e1","og_description":"A Promotoria de Justi\u00e7a do MP Estadual determinou a abertura de Inqu\u00e9rito Civil \u00e0 Promotoria de Sarandi, ap\u00f3s receber o dossi\u00ea encaminhado pelo MP de Contas do Paran\u00e1. Os documentos apontam poss\u00edveis irregularidades na \u00e1rea da sa\u00fade, no que se refere \u00e0 presta\u00e7\u00e3o de servi\u00e7os e contrata\u00e7\u00e3o de m\u00e9dicos plantonistas e nos processos licitat\u00f3rios para [&hellip;]","og_url":"https:\/\/www.mpc.pr.gov.br\/index.php\/mp-estadual-determina-abertura-de-inquerito-civil-em-sarandi-apos-mp-de-contas-apontar-irregularidades-na-saude\/","og_site_name":"Minist\u00e9rio P\u00fablico de Contas do Estado do Paran\u00e1","article_publisher":"https:\/\/www.facebook.com\/mpc.pr","article_published_time":"2018-05-15T18:11:10+00:00","author":"giovanna.faria","twitter_card":"summary_large_image","twitter_misc":{"Escrito por":"giovanna.faria","Est. tempo de leitura":"3 minutos"},"schema":{"@context":"https:\/\/schema.org","@graph":[{"@type":"Article","@id":"https:\/\/www.mpc.pr.gov.br\/index.php\/mp-estadual-determina-abertura-de-inquerito-civil-em-sarandi-apos-mp-de-contas-apontar-irregularidades-na-saude\/#article","isPartOf":{"@id":"https:\/\/www.mpc.pr.gov.br\/index.php\/mp-estadual-determina-abertura-de-inquerito-civil-em-sarandi-apos-mp-de-contas-apontar-irregularidades-na-saude\/"},"author":{"name":"giovanna.faria","@id":"https:\/\/www.mpc.pr.gov.br\/#\/schema\/person\/d0c5cf9ebb4d8be833c419f3538cf751"},"headline":"MP Estadual determina abertura de Inqu\u00e9rito Civil em Sarandi ap\u00f3s MP de Contas apontar irregularidades na sa\u00fade","datePublished":"2018-05-15T18:11:10+00:00","mainEntityOfPage":{"@id":"https:\/\/www.mpc.pr.gov.br\/index.php\/mp-estadual-determina-abertura-de-inquerito-civil-em-sarandi-apos-mp-de-contas-apontar-irregularidades-na-saude\/"},"wordCount":599,"commentCount":0,"publisher":{"@id":"https:\/\/www.mpc.pr.gov.br\/#organization"},"image":{"@id":"https:\/\/www.mpc.pr.gov.br\/index.php\/mp-estadual-determina-abertura-de-inquerito-civil-em-sarandi-apos-mp-de-contas-apontar-irregularidades-na-saude\/#primaryimage"},"thumbnailUrl":"","articleSection":["Todas as not\u00edcias","\u00daltimas not\u00edcias"],"inLanguage":"pt-BR","potentialAction":[{"@type":"CommentAction","name":"Comment","target":["https:\/\/www.mpc.pr.gov.br\/index.php\/mp-estadual-determina-abertura-de-inquerito-civil-em-sarandi-apos-mp-de-contas-apontar-irregularidades-na-saude\/#respond"]}]},{"@type":"WebPage","@id":"https:\/\/www.mpc.pr.gov.br\/index.php\/mp-estadual-determina-abertura-de-inquerito-civil-em-sarandi-apos-mp-de-contas-apontar-irregularidades-na-saude\/","url":"https:\/\/www.mpc.pr.gov.br\/index.php\/mp-estadual-determina-abertura-de-inquerito-civil-em-sarandi-apos-mp-de-contas-apontar-irregularidades-na-saude\/","name":"MP Estadual determina abertura de Inqu\u00e9rito Civil em Sarandi ap\u00f3s MP de Contas apontar irregularidades na sa\u00fade - Minist\u00e9rio P\u00fablico de Contas do Estado do Paran\u00e1","isPartOf":{"@id":"https:\/\/www.mpc.pr.gov.br\/#website"},"primaryImageOfPage":{"@id":"https:\/\/www.mpc.pr.gov.br\/index.php\/mp-estadual-determina-abertura-de-inquerito-civil-em-sarandi-apos-mp-de-contas-apontar-irregularidades-na-saude\/#primaryimage"},"image":{"@id":"https:\/\/www.mpc.pr.gov.br\/index.php\/mp-estadual-determina-abertura-de-inquerito-civil-em-sarandi-apos-mp-de-contas-apontar-irregularidades-na-saude\/#primaryimage"},"thumbnailUrl":"","datePublished":"2018-05-15T18:11:10+00:00","breadcrumb":{"@id":"https:\/\/www.mpc.pr.gov.br\/index.php\/mp-estadual-determina-abertura-de-inquerito-civil-em-sarandi-apos-mp-de-contas-apontar-irregularidades-na-saude\/#breadcrumb"},"inLanguage":"pt-BR","potentialAction":[{"@type":"ReadAction","target":["https:\/\/www.mpc.pr.gov.br\/index.php\/mp-estadual-determina-abertura-de-inquerito-civil-em-sarandi-apos-mp-de-contas-apontar-irregularidades-na-saude\/"]}]},{"@type":"ImageObject","inLanguage":"pt-BR","@id":"https:\/\/www.mpc.pr.gov.br\/index.php\/mp-estadual-determina-abertura-de-inquerito-civil-em-sarandi-apos-mp-de-contas-apontar-irregularidades-na-saude\/#primaryimage","url":"","contentUrl":""},{"@type":"BreadcrumbList","@id":"https:\/\/www.mpc.pr.gov.br\/index.php\/mp-estadual-determina-abertura-de-inquerito-civil-em-sarandi-apos-mp-de-contas-apontar-irregularidades-na-saude\/#breadcrumb","itemListElement":[{"@type":"ListItem","position":1,"name":"In\u00edcio","item":"https:\/\/www.mpc.pr.gov.br\/"},{"@type":"ListItem","position":2,"name":"MP Estadual determina abertura de Inqu\u00e9rito Civil em Sarandi ap\u00f3s MP de Contas apontar irregularidades na sa\u00fade"}]},{"@type":"WebSite","@id":"https:\/\/www.mpc.pr.gov.br\/#website","url":"https:\/\/www.mpc.pr.gov.br\/","name":"Minist\u00e9rio P\u00fablico de Contas do Estado do Paran\u00e1","description":"","publisher":{"@id":"https:\/\/www.mpc.pr.gov.br\/#organization"},"potentialAction":[{"@type":"SearchAction","target":{"@type":"EntryPoint","urlTemplate":"https:\/\/www.mpc.pr.gov.br\/?s={search_term_string}"},"query-input":{"@type":"PropertyValueSpecification","valueRequired":true,"valueName":"search_term_string"}}],"inLanguage":"pt-BR"},{"@type":"Organization","@id":"https:\/\/www.mpc.pr.gov.br\/#organization","name":"Minist\u00e9rio P\u00fablico de Contas do Estado do Paran\u00e1","url":"https:\/\/www.mpc.pr.gov.br\/","logo":{"@type":"ImageObject","inLanguage":"pt-BR","@id":"https:\/\/www.mpc.pr.gov.br\/#\/schema\/logo\/image\/","url":"https:\/\/www.mpc.pr.gov.br\/wp-content\/uploads\/2020\/06\/99423647_1593460364143890_6706793420720963584_n-1-e1591387983167.png","contentUrl":"https:\/\/www.mpc.pr.gov.br\/wp-content\/uploads\/2020\/06\/99423647_1593460364143890_6706793420720963584_n-1-e1591387983167.png","width":243,"height":73,"caption":"Minist\u00e9rio P\u00fablico de Contas do Estado do Paran\u00e1"},"image":{"@id":"https:\/\/www.mpc.pr.gov.br\/#\/schema\/logo\/image\/"},"sameAs":["https:\/\/www.facebook.com\/mpc.pr","https:\/\/www.instagram.com\/mpc.pr\/?hl=pt-br","https:\/\/www.youtube.com\/channel\/UCHri5oEM8DV0ztX57E0sBSw"]},{"@type":"Person","@id":"https:\/\/www.mpc.pr.gov.br\/#\/schema\/person\/d0c5cf9ebb4d8be833c419f3538cf751","name":"giovanna.faria","image":{"@type":"ImageObject","inLanguage":"pt-BR","@id":"https:\/\/secure.gravatar.com\/avatar\/?s=96&d=mm&r=g","url":"https:\/\/secure.gravatar.com\/avatar\/?s=96&d=mm&r=g","contentUrl":"https:\/\/secure.gravatar.com\/avatar\/?s=96&d=mm&r=g","caption":"giovanna.faria"}}]}},"rttpg_featured_image_url":null,"rttpg_author":{"display_name":"giovanna.faria","author_link":"https:\/\/www.mpc.pr.gov.br\/index.php\/author\/giovanna-faria\/"},"rttpg_comment":0,"rttpg_category":"<a href=\"https:\/\/www.mpc.pr.gov.br\/index.php\/category\/todas-as-noticias\/\" rel=\"category tag\">Todas as not\u00edcias<\/a> <a href=\"https:\/\/www.mpc.pr.gov.br\/index.php\/category\/ultimas-noticias\/\" rel=\"category tag\">\u00daltimas not\u00edcias<\/a>","rttpg_excerpt":"A Promotoria de Justi\u00e7a do MP Estadual determinou a abertura de Inqu\u00e9rito Civil \u00e0 Promotoria de Sarandi, ap\u00f3s receber o dossi\u00ea encaminhado pelo MP de Contas do Paran\u00e1. Os documentos apontam poss\u00edveis irregularidades na \u00e1rea da sa\u00fade, no que se refere \u00e0 presta\u00e7\u00e3o de servi\u00e7os e contrata\u00e7\u00e3o de m\u00e9dicos plantonistas e nos processos licitat\u00f3rios para&hellip;","_links":{"self":[{"href":"https:\/\/www.mpc.pr.gov.br\/index.php\/wp-json\/wp\/v2\/posts\/5912","targetHints":{"allow":["GET"]}}],"collection":[{"href":"https:\/\/www.mpc.pr.gov.br\/index.php\/wp-json\/wp\/v2\/posts"}],"about":[{"href":"https:\/\/www.mpc.pr.gov.br\/index.php\/wp-json\/wp\/v2\/types\/post"}],"author":[{"embeddable":true,"href":"https:\/\/www.mpc.pr.gov.br\/index.php\/wp-json\/wp\/v2\/users\/5"}],"replies":[{"embeddable":true,"href":"https:\/\/www.mpc.pr.gov.br\/index.php\/wp-json\/wp\/v2\/comments?post=5912"}],"version-history":[{"count":0,"href":"https:\/\/www.mpc.pr.gov.br\/index.php\/wp-json\/wp\/v2\/posts\/5912\/revisions"}],"wp:featuredmedia":[{"embeddable":true,"href":"https:\/\/www.mpc.pr.gov.br\/index.php\/wp-json\/"}],"wp:attachment":[{"href":"https:\/\/www.mpc.pr.gov.br\/index.php\/wp-json\/wp\/v2\/media?parent=5912"}],"wp:term":[{"taxonomy":"category","embeddable":true,"href":"https:\/\/www.mpc.pr.gov.br\/index.php\/wp-json\/wp\/v2\/categories?post=5912"},{"taxonomy":"post_tag","embeddable":true,"href":"https:\/\/www.mpc.pr.gov.br\/index.php\/wp-json\/wp\/v2\/tags?post=5912"}],"curies":[{"name":"wp","href":"https:\/\/api.w.org\/{rel}","templated":true}]}}