{"id":6053,"date":"2018-06-26T08:45:07","date_gmt":"2018-06-26T11:45:07","guid":{"rendered":"http:\/\/www.mpc.pr.gov.br\/?p=6053"},"modified":"2018-06-26T08:45:07","modified_gmt":"2018-06-26T11:45:07","slug":"mp-de-contas-identifica-irregularidades-no-provimento-de-cargos-em-comissao-nos-municipios-do-parana","status":"publish","type":"post","link":"https:\/\/www.mpc.pr.gov.br\/index.php\/mp-de-contas-identifica-irregularidades-no-provimento-de-cargos-em-comissao-nos-municipios-do-parana\/","title":{"rendered":"MP de Contas identifica irregularidades no provimento de cargos em comiss\u00e3o nos munic\u00edpios do Paran\u00e1"},"content":{"rendered":"<p>O MP de Contas do Paran\u00e1 est\u00e1 notificando as C\u00e2maras de Vereadores dos 399 munic\u00edpios paranaenses, ap\u00f3s identificar diversas irregularidades quanto a contrata\u00e7\u00e3o e cria\u00e7\u00e3o de cargos em comiss\u00e3o, que est\u00e3o em desconformidade com o Prejulgado n\u00ba 25 do Tribunal de Contas do Paran\u00e1 (TCE-PR). Ap\u00f3s o recebimento do of\u00edcio os munic\u00edpios t\u00eam o prazo de 10 dias para prestar esclarecimentos.<\/p>\n<p><a href=\"http:\/\/www.mpc.pr.gov.br\/wp-content\/uploads\/2018\/06\/Prejulgado-25.jpg\"><img fetchpriority=\"high\" decoding=\"async\" class=\"alignleft wp-image-6054 size-large\" src=\"http:\/\/www.mpc.pr.gov.br\/wp-content\/uploads\/2018\/06\/Prejulgado-25-487x1024.jpg\" alt=\"\" width=\"487\" height=\"1024\" \/><\/a>O processo do prejulgado foi suscitado pelo MP de Contas em conjunto com o MP Estadual (MPE-PR) para que o TCE-PR manifestasse entendimento quanto \u00e0 interpreta\u00e7\u00e3o adequada do disposto no artigo 37, V, da Constitui\u00e7\u00e3o Federal (CF). Em vigor desde agosto de 2017, o Prejulgado 25 determina as atribui\u00e7\u00f5es, garantias e veda\u00e7\u00f5es aos cargos comissionados e de confian\u00e7a.<\/p>\n<p>Entre os pontos principais a normativa estipula que cargos em comiss\u00e3o sejam destinados apenas aos servidores que exer\u00e7am fun\u00e7\u00f5es de chefia, dire\u00e7\u00e3o e assessoramento; que haja quantitativo proporcional em rela\u00e7\u00e3o ao n\u00famero total de cargos; e que os cargos comissionados n\u00e3o supere a quantidade de efetivos, entre outas determina\u00e7\u00f5es.<\/p>\n<p>Dos 399 munic\u00edpios analisados, mais de 350 est\u00e3o com alguma situa\u00e7\u00e3o irregular. As irregularidades mais comuns s\u00e3o a cria\u00e7\u00e3o dos cargos por meio de resolu\u00e7\u00f5es, quando deveriam ser por leis, e a falta de qualifica\u00e7\u00e3o profissional dos servidores contratados, que \u00e9 incompat\u00edvel com a atividade desenvolvida.<\/p>\n<p>Diante dos problemas identificados o MP de Contas resolveu oficiar os munic\u00edpios solicitando esclarecimentos. Essa primeira dilig\u00eancia tem um vi\u00e9s mais educativo do que punitivo, por\u00e9m, caso as C\u00e2maras e Prefeituras n\u00e3o respondam ou n\u00e3o tomem nenhuma provid\u00eancia para reparar os erros, o \u00f3rg\u00e3o ministerial dar\u00e1 os encaminhamentos devidos para apurar e punir os respons\u00e1veis.<\/p>\n<p><strong>Projeto<\/strong><\/p>\n<p>A an\u00e1lise do provimento de cargos em comiss\u00e3o faz parte de mais um projeto especial de car\u00e1ter proativo do MP de Contas, que teve in\u00edcio neste ano. Com engajamento das seis procuradorias de contas, incluindo Procuradores e assessores, foi poss\u00edvel em poucos meses mapear todos os munic\u00edpios do estado e identificar diversas irregularidades que se n\u00e3o forem sanadas podem resultar em dano ao er\u00e1rio para a Administra\u00e7\u00e3o P\u00fablica.<\/p>\n<p>&nbsp;<\/p>\n<p>&nbsp;<\/p>\n<p>&nbsp;<\/p>\n<p>&nbsp;<\/p>\n<p>&nbsp;<\/p>\n<p>&nbsp;<\/p>\n<p>&nbsp;<\/p>\n<p>&nbsp;<\/p>\n<p>&nbsp;<\/p>\n<p>&nbsp;<\/p>\n<p>&nbsp;<\/p>\n<p>&nbsp;<\/p>\n<p>&nbsp;<\/p>\n","protected":false},"excerpt":{"rendered":"<p>O MP de Contas do Paran\u00e1 est\u00e1 notificando as C\u00e2maras de Vereadores dos 399 munic\u00edpios paranaenses, ap\u00f3s identificar diversas irregularidades quanto a contrata\u00e7\u00e3o e cria\u00e7\u00e3o de cargos em comiss\u00e3o, que est\u00e3o em desconformidade com o Prejulgado n\u00ba 25 do Tribunal de Contas do Paran\u00e1 (TCE-PR). Ap\u00f3s o recebimento do of\u00edcio os munic\u00edpios t\u00eam o prazo [&hellip;]<\/p>\n","protected":false},"author":5,"featured_media":6064,"comment_status":"open","ping_status":"open","sticky":false,"template":"","format":"standard","meta":{"_monsterinsights_skip_tracking":false,"_monsterinsights_sitenote_active":false,"_monsterinsights_sitenote_note":"","_monsterinsights_sitenote_category":0,"footnotes":""},"categories":[7,14],"tags":[],"class_list":["post-6053","post","type-post","status-publish","format-standard","has-post-thumbnail","hentry","category-todas-as-noticias","category-ultimas-noticias","entry","has-media"],"yoast_head":"<!-- This site is optimized with the Yoast SEO plugin v27.3 - https:\/\/yoast.com\/product\/yoast-seo-wordpress\/ -->\n<title>MP de Contas identifica irregularidades no provimento de cargos em comiss\u00e3o nos munic\u00edpios do Paran\u00e1 - Minist\u00e9rio P\u00fablico de Contas do Estado do Paran\u00e1<\/title>\n<meta name=\"robots\" content=\"index, follow, max-snippet:-1, max-image-preview:large, max-video-preview:-1\" \/>\n<link rel=\"canonical\" href=\"https:\/\/www.mpc.pr.gov.br\/index.php\/mp-de-contas-identifica-irregularidades-no-provimento-de-cargos-em-comissao-nos-municipios-do-parana\/\" \/>\n<meta property=\"og:locale\" content=\"pt_BR\" \/>\n<meta property=\"og:type\" content=\"article\" \/>\n<meta property=\"og:title\" content=\"MP de Contas identifica irregularidades no provimento de cargos em comiss\u00e3o nos munic\u00edpios do Paran\u00e1 - Minist\u00e9rio P\u00fablico de Contas do Estado do Paran\u00e1\" \/>\n<meta property=\"og:description\" content=\"O MP de Contas do Paran\u00e1 est\u00e1 notificando as C\u00e2maras de Vereadores dos 399 munic\u00edpios paranaenses, ap\u00f3s identificar diversas irregularidades quanto a contrata\u00e7\u00e3o e cria\u00e7\u00e3o de cargos em comiss\u00e3o, que est\u00e3o em desconformidade com o Prejulgado n\u00ba 25 do Tribunal de Contas do Paran\u00e1 (TCE-PR). Ap\u00f3s o recebimento do of\u00edcio os munic\u00edpios t\u00eam o prazo [&hellip;]\" \/>\n<meta property=\"og:url\" content=\"https:\/\/www.mpc.pr.gov.br\/index.php\/mp-de-contas-identifica-irregularidades-no-provimento-de-cargos-em-comissao-nos-municipios-do-parana\/\" \/>\n<meta property=\"og:site_name\" content=\"Minist\u00e9rio P\u00fablico de Contas do Estado do Paran\u00e1\" \/>\n<meta property=\"article:publisher\" content=\"https:\/\/www.facebook.com\/mpc.pr\" \/>\n<meta property=\"article:published_time\" content=\"2018-06-26T11:45:07+00:00\" \/>\n<meta name=\"author\" content=\"giovanna.faria\" \/>\n<meta name=\"twitter:card\" content=\"summary_large_image\" \/>\n<meta name=\"twitter:label1\" content=\"Escrito por\" \/>\n\t<meta name=\"twitter:data1\" content=\"giovanna.faria\" \/>\n\t<meta name=\"twitter:label2\" content=\"Est. tempo de leitura\" \/>\n\t<meta name=\"twitter:data2\" content=\"2 minutos\" \/>\n<script type=\"application\/ld+json\" class=\"yoast-schema-graph\">{\"@context\":\"https:\\\/\\\/schema.org\",\"@graph\":[{\"@type\":\"Article\",\"@id\":\"https:\\\/\\\/www.mpc.pr.gov.br\\\/index.php\\\/mp-de-contas-identifica-irregularidades-no-provimento-de-cargos-em-comissao-nos-municipios-do-parana\\\/#article\",\"isPartOf\":{\"@id\":\"https:\\\/\\\/www.mpc.pr.gov.br\\\/index.php\\\/mp-de-contas-identifica-irregularidades-no-provimento-de-cargos-em-comissao-nos-municipios-do-parana\\\/\"},\"author\":{\"name\":\"giovanna.faria\",\"@id\":\"https:\\\/\\\/www.mpc.pr.gov.br\\\/#\\\/schema\\\/person\\\/d0c5cf9ebb4d8be833c419f3538cf751\"},\"headline\":\"MP de Contas identifica irregularidades no provimento de cargos em comiss\u00e3o nos munic\u00edpios do Paran\u00e1\",\"datePublished\":\"2018-06-26T11:45:07+00:00\",\"mainEntityOfPage\":{\"@id\":\"https:\\\/\\\/www.mpc.pr.gov.br\\\/index.php\\\/mp-de-contas-identifica-irregularidades-no-provimento-de-cargos-em-comissao-nos-municipios-do-parana\\\/\"},\"wordCount\":410,\"commentCount\":0,\"publisher\":{\"@id\":\"https:\\\/\\\/www.mpc.pr.gov.br\\\/#organization\"},\"image\":{\"@id\":\"https:\\\/\\\/www.mpc.pr.gov.br\\\/index.php\\\/mp-de-contas-identifica-irregularidades-no-provimento-de-cargos-em-comissao-nos-municipios-do-parana\\\/#primaryimage\"},\"thumbnailUrl\":\"\",\"articleSection\":[\"Todas as not\u00edcias\",\"\u00daltimas not\u00edcias\"],\"inLanguage\":\"pt-BR\",\"potentialAction\":[{\"@type\":\"CommentAction\",\"name\":\"Comment\",\"target\":[\"https:\\\/\\\/www.mpc.pr.gov.br\\\/index.php\\\/mp-de-contas-identifica-irregularidades-no-provimento-de-cargos-em-comissao-nos-municipios-do-parana\\\/#respond\"]}]},{\"@type\":\"WebPage\",\"@id\":\"https:\\\/\\\/www.mpc.pr.gov.br\\\/index.php\\\/mp-de-contas-identifica-irregularidades-no-provimento-de-cargos-em-comissao-nos-municipios-do-parana\\\/\",\"url\":\"https:\\\/\\\/www.mpc.pr.gov.br\\\/index.php\\\/mp-de-contas-identifica-irregularidades-no-provimento-de-cargos-em-comissao-nos-municipios-do-parana\\\/\",\"name\":\"MP de Contas identifica irregularidades no provimento de cargos em comiss\u00e3o nos munic\u00edpios do Paran\u00e1 - Minist\u00e9rio P\u00fablico de Contas do Estado do Paran\u00e1\",\"isPartOf\":{\"@id\":\"https:\\\/\\\/www.mpc.pr.gov.br\\\/#website\"},\"primaryImageOfPage\":{\"@id\":\"https:\\\/\\\/www.mpc.pr.gov.br\\\/index.php\\\/mp-de-contas-identifica-irregularidades-no-provimento-de-cargos-em-comissao-nos-municipios-do-parana\\\/#primaryimage\"},\"image\":{\"@id\":\"https:\\\/\\\/www.mpc.pr.gov.br\\\/index.php\\\/mp-de-contas-identifica-irregularidades-no-provimento-de-cargos-em-comissao-nos-municipios-do-parana\\\/#primaryimage\"},\"thumbnailUrl\":\"\",\"datePublished\":\"2018-06-26T11:45:07+00:00\",\"breadcrumb\":{\"@id\":\"https:\\\/\\\/www.mpc.pr.gov.br\\\/index.php\\\/mp-de-contas-identifica-irregularidades-no-provimento-de-cargos-em-comissao-nos-municipios-do-parana\\\/#breadcrumb\"},\"inLanguage\":\"pt-BR\",\"potentialAction\":[{\"@type\":\"ReadAction\",\"target\":[\"https:\\\/\\\/www.mpc.pr.gov.br\\\/index.php\\\/mp-de-contas-identifica-irregularidades-no-provimento-de-cargos-em-comissao-nos-municipios-do-parana\\\/\"]}]},{\"@type\":\"ImageObject\",\"inLanguage\":\"pt-BR\",\"@id\":\"https:\\\/\\\/www.mpc.pr.gov.br\\\/index.php\\\/mp-de-contas-identifica-irregularidades-no-provimento-de-cargos-em-comissao-nos-municipios-do-parana\\\/#primaryimage\",\"url\":\"\",\"contentUrl\":\"\"},{\"@type\":\"BreadcrumbList\",\"@id\":\"https:\\\/\\\/www.mpc.pr.gov.br\\\/index.php\\\/mp-de-contas-identifica-irregularidades-no-provimento-de-cargos-em-comissao-nos-municipios-do-parana\\\/#breadcrumb\",\"itemListElement\":[{\"@type\":\"ListItem\",\"position\":1,\"name\":\"In\u00edcio\",\"item\":\"https:\\\/\\\/www.mpc.pr.gov.br\\\/\"},{\"@type\":\"ListItem\",\"position\":2,\"name\":\"MP de Contas identifica irregularidades no provimento de cargos em comiss\u00e3o nos munic\u00edpios do Paran\u00e1\"}]},{\"@type\":\"WebSite\",\"@id\":\"https:\\\/\\\/www.mpc.pr.gov.br\\\/#website\",\"url\":\"https:\\\/\\\/www.mpc.pr.gov.br\\\/\",\"name\":\"Minist\u00e9rio P\u00fablico de Contas do Estado do Paran\u00e1\",\"description\":\"\",\"publisher\":{\"@id\":\"https:\\\/\\\/www.mpc.pr.gov.br\\\/#organization\"},\"potentialAction\":[{\"@type\":\"SearchAction\",\"target\":{\"@type\":\"EntryPoint\",\"urlTemplate\":\"https:\\\/\\\/www.mpc.pr.gov.br\\\/?s={search_term_string}\"},\"query-input\":{\"@type\":\"PropertyValueSpecification\",\"valueRequired\":true,\"valueName\":\"search_term_string\"}}],\"inLanguage\":\"pt-BR\"},{\"@type\":\"Organization\",\"@id\":\"https:\\\/\\\/www.mpc.pr.gov.br\\\/#organization\",\"name\":\"Minist\u00e9rio P\u00fablico de Contas do Estado do Paran\u00e1\",\"url\":\"https:\\\/\\\/www.mpc.pr.gov.br\\\/\",\"logo\":{\"@type\":\"ImageObject\",\"inLanguage\":\"pt-BR\",\"@id\":\"https:\\\/\\\/www.mpc.pr.gov.br\\\/#\\\/schema\\\/logo\\\/image\\\/\",\"url\":\"https:\\\/\\\/www.mpc.pr.gov.br\\\/wp-content\\\/uploads\\\/2020\\\/06\\\/99423647_1593460364143890_6706793420720963584_n-1-e1591387983167.png\",\"contentUrl\":\"https:\\\/\\\/www.mpc.pr.gov.br\\\/wp-content\\\/uploads\\\/2020\\\/06\\\/99423647_1593460364143890_6706793420720963584_n-1-e1591387983167.png\",\"width\":243,\"height\":73,\"caption\":\"Minist\u00e9rio P\u00fablico de Contas do Estado do Paran\u00e1\"},\"image\":{\"@id\":\"https:\\\/\\\/www.mpc.pr.gov.br\\\/#\\\/schema\\\/logo\\\/image\\\/\"},\"sameAs\":[\"https:\\\/\\\/www.facebook.com\\\/mpc.pr\",\"https:\\\/\\\/www.instagram.com\\\/mpc.pr\\\/?hl=pt-br\",\"https:\\\/\\\/www.youtube.com\\\/channel\\\/UCHri5oEM8DV0ztX57E0sBSw\"]},{\"@type\":\"Person\",\"@id\":\"https:\\\/\\\/www.mpc.pr.gov.br\\\/#\\\/schema\\\/person\\\/d0c5cf9ebb4d8be833c419f3538cf751\",\"name\":\"giovanna.faria\",\"image\":{\"@type\":\"ImageObject\",\"inLanguage\":\"pt-BR\",\"@id\":\"https:\\\/\\\/secure.gravatar.com\\\/avatar\\\/?s=96&d=mm&r=g\",\"url\":\"https:\\\/\\\/secure.gravatar.com\\\/avatar\\\/?s=96&d=mm&r=g\",\"contentUrl\":\"https:\\\/\\\/secure.gravatar.com\\\/avatar\\\/?s=96&d=mm&r=g\",\"caption\":\"giovanna.faria\"}}]}<\/script>\n<!-- \/ Yoast SEO plugin. -->","yoast_head_json":{"title":"MP de Contas identifica irregularidades no provimento de cargos em comiss\u00e3o nos munic\u00edpios do Paran\u00e1 - Minist\u00e9rio P\u00fablico de Contas do Estado do Paran\u00e1","robots":{"index":"index","follow":"follow","max-snippet":"max-snippet:-1","max-image-preview":"max-image-preview:large","max-video-preview":"max-video-preview:-1"},"canonical":"https:\/\/www.mpc.pr.gov.br\/index.php\/mp-de-contas-identifica-irregularidades-no-provimento-de-cargos-em-comissao-nos-municipios-do-parana\/","og_locale":"pt_BR","og_type":"article","og_title":"MP de Contas identifica irregularidades no provimento de cargos em comiss\u00e3o nos munic\u00edpios do Paran\u00e1 - Minist\u00e9rio P\u00fablico de Contas do Estado do Paran\u00e1","og_description":"O MP de Contas do Paran\u00e1 est\u00e1 notificando as C\u00e2maras de Vereadores dos 399 munic\u00edpios paranaenses, ap\u00f3s identificar diversas irregularidades quanto a contrata\u00e7\u00e3o e cria\u00e7\u00e3o de cargos em comiss\u00e3o, que est\u00e3o em desconformidade com o Prejulgado n\u00ba 25 do Tribunal de Contas do Paran\u00e1 (TCE-PR). Ap\u00f3s o recebimento do of\u00edcio os munic\u00edpios t\u00eam o prazo [&hellip;]","og_url":"https:\/\/www.mpc.pr.gov.br\/index.php\/mp-de-contas-identifica-irregularidades-no-provimento-de-cargos-em-comissao-nos-municipios-do-parana\/","og_site_name":"Minist\u00e9rio P\u00fablico de Contas do Estado do Paran\u00e1","article_publisher":"https:\/\/www.facebook.com\/mpc.pr","article_published_time":"2018-06-26T11:45:07+00:00","author":"giovanna.faria","twitter_card":"summary_large_image","twitter_misc":{"Escrito por":"giovanna.faria","Est. tempo de leitura":"2 minutos"},"schema":{"@context":"https:\/\/schema.org","@graph":[{"@type":"Article","@id":"https:\/\/www.mpc.pr.gov.br\/index.php\/mp-de-contas-identifica-irregularidades-no-provimento-de-cargos-em-comissao-nos-municipios-do-parana\/#article","isPartOf":{"@id":"https:\/\/www.mpc.pr.gov.br\/index.php\/mp-de-contas-identifica-irregularidades-no-provimento-de-cargos-em-comissao-nos-municipios-do-parana\/"},"author":{"name":"giovanna.faria","@id":"https:\/\/www.mpc.pr.gov.br\/#\/schema\/person\/d0c5cf9ebb4d8be833c419f3538cf751"},"headline":"MP de Contas identifica irregularidades no provimento de cargos em comiss\u00e3o nos munic\u00edpios do Paran\u00e1","datePublished":"2018-06-26T11:45:07+00:00","mainEntityOfPage":{"@id":"https:\/\/www.mpc.pr.gov.br\/index.php\/mp-de-contas-identifica-irregularidades-no-provimento-de-cargos-em-comissao-nos-municipios-do-parana\/"},"wordCount":410,"commentCount":0,"publisher":{"@id":"https:\/\/www.mpc.pr.gov.br\/#organization"},"image":{"@id":"https:\/\/www.mpc.pr.gov.br\/index.php\/mp-de-contas-identifica-irregularidades-no-provimento-de-cargos-em-comissao-nos-municipios-do-parana\/#primaryimage"},"thumbnailUrl":"","articleSection":["Todas as not\u00edcias","\u00daltimas not\u00edcias"],"inLanguage":"pt-BR","potentialAction":[{"@type":"CommentAction","name":"Comment","target":["https:\/\/www.mpc.pr.gov.br\/index.php\/mp-de-contas-identifica-irregularidades-no-provimento-de-cargos-em-comissao-nos-municipios-do-parana\/#respond"]}]},{"@type":"WebPage","@id":"https:\/\/www.mpc.pr.gov.br\/index.php\/mp-de-contas-identifica-irregularidades-no-provimento-de-cargos-em-comissao-nos-municipios-do-parana\/","url":"https:\/\/www.mpc.pr.gov.br\/index.php\/mp-de-contas-identifica-irregularidades-no-provimento-de-cargos-em-comissao-nos-municipios-do-parana\/","name":"MP de Contas identifica irregularidades no provimento de cargos em comiss\u00e3o nos munic\u00edpios do Paran\u00e1 - Minist\u00e9rio P\u00fablico de Contas do Estado do Paran\u00e1","isPartOf":{"@id":"https:\/\/www.mpc.pr.gov.br\/#website"},"primaryImageOfPage":{"@id":"https:\/\/www.mpc.pr.gov.br\/index.php\/mp-de-contas-identifica-irregularidades-no-provimento-de-cargos-em-comissao-nos-municipios-do-parana\/#primaryimage"},"image":{"@id":"https:\/\/www.mpc.pr.gov.br\/index.php\/mp-de-contas-identifica-irregularidades-no-provimento-de-cargos-em-comissao-nos-municipios-do-parana\/#primaryimage"},"thumbnailUrl":"","datePublished":"2018-06-26T11:45:07+00:00","breadcrumb":{"@id":"https:\/\/www.mpc.pr.gov.br\/index.php\/mp-de-contas-identifica-irregularidades-no-provimento-de-cargos-em-comissao-nos-municipios-do-parana\/#breadcrumb"},"inLanguage":"pt-BR","potentialAction":[{"@type":"ReadAction","target":["https:\/\/www.mpc.pr.gov.br\/index.php\/mp-de-contas-identifica-irregularidades-no-provimento-de-cargos-em-comissao-nos-municipios-do-parana\/"]}]},{"@type":"ImageObject","inLanguage":"pt-BR","@id":"https:\/\/www.mpc.pr.gov.br\/index.php\/mp-de-contas-identifica-irregularidades-no-provimento-de-cargos-em-comissao-nos-municipios-do-parana\/#primaryimage","url":"","contentUrl":""},{"@type":"BreadcrumbList","@id":"https:\/\/www.mpc.pr.gov.br\/index.php\/mp-de-contas-identifica-irregularidades-no-provimento-de-cargos-em-comissao-nos-municipios-do-parana\/#breadcrumb","itemListElement":[{"@type":"ListItem","position":1,"name":"In\u00edcio","item":"https:\/\/www.mpc.pr.gov.br\/"},{"@type":"ListItem","position":2,"name":"MP de Contas identifica irregularidades no provimento de cargos em comiss\u00e3o nos munic\u00edpios do Paran\u00e1"}]},{"@type":"WebSite","@id":"https:\/\/www.mpc.pr.gov.br\/#website","url":"https:\/\/www.mpc.pr.gov.br\/","name":"Minist\u00e9rio P\u00fablico de Contas do Estado do Paran\u00e1","description":"","publisher":{"@id":"https:\/\/www.mpc.pr.gov.br\/#organization"},"potentialAction":[{"@type":"SearchAction","target":{"@type":"EntryPoint","urlTemplate":"https:\/\/www.mpc.pr.gov.br\/?s={search_term_string}"},"query-input":{"@type":"PropertyValueSpecification","valueRequired":true,"valueName":"search_term_string"}}],"inLanguage":"pt-BR"},{"@type":"Organization","@id":"https:\/\/www.mpc.pr.gov.br\/#organization","name":"Minist\u00e9rio P\u00fablico de Contas do Estado do Paran\u00e1","url":"https:\/\/www.mpc.pr.gov.br\/","logo":{"@type":"ImageObject","inLanguage":"pt-BR","@id":"https:\/\/www.mpc.pr.gov.br\/#\/schema\/logo\/image\/","url":"https:\/\/www.mpc.pr.gov.br\/wp-content\/uploads\/2020\/06\/99423647_1593460364143890_6706793420720963584_n-1-e1591387983167.png","contentUrl":"https:\/\/www.mpc.pr.gov.br\/wp-content\/uploads\/2020\/06\/99423647_1593460364143890_6706793420720963584_n-1-e1591387983167.png","width":243,"height":73,"caption":"Minist\u00e9rio P\u00fablico de Contas do Estado do Paran\u00e1"},"image":{"@id":"https:\/\/www.mpc.pr.gov.br\/#\/schema\/logo\/image\/"},"sameAs":["https:\/\/www.facebook.com\/mpc.pr","https:\/\/www.instagram.com\/mpc.pr\/?hl=pt-br","https:\/\/www.youtube.com\/channel\/UCHri5oEM8DV0ztX57E0sBSw"]},{"@type":"Person","@id":"https:\/\/www.mpc.pr.gov.br\/#\/schema\/person\/d0c5cf9ebb4d8be833c419f3538cf751","name":"giovanna.faria","image":{"@type":"ImageObject","inLanguage":"pt-BR","@id":"https:\/\/secure.gravatar.com\/avatar\/?s=96&d=mm&r=g","url":"https:\/\/secure.gravatar.com\/avatar\/?s=96&d=mm&r=g","contentUrl":"https:\/\/secure.gravatar.com\/avatar\/?s=96&d=mm&r=g","caption":"giovanna.faria"}}]}},"rttpg_featured_image_url":null,"rttpg_author":{"display_name":"giovanna.faria","author_link":"https:\/\/www.mpc.pr.gov.br\/index.php\/author\/giovanna-faria\/"},"rttpg_comment":0,"rttpg_category":"<a href=\"https:\/\/www.mpc.pr.gov.br\/index.php\/category\/todas-as-noticias\/\" rel=\"category tag\">Todas as not\u00edcias<\/a> <a href=\"https:\/\/www.mpc.pr.gov.br\/index.php\/category\/ultimas-noticias\/\" rel=\"category tag\">\u00daltimas not\u00edcias<\/a>","rttpg_excerpt":"O MP de Contas do Paran\u00e1 est\u00e1 notificando as C\u00e2maras de Vereadores dos 399 munic\u00edpios paranaenses, ap\u00f3s identificar diversas irregularidades quanto a contrata\u00e7\u00e3o e cria\u00e7\u00e3o de cargos em comiss\u00e3o, que est\u00e3o em desconformidade com o Prejulgado n\u00ba 25 do Tribunal de Contas do Paran\u00e1 (TCE-PR). Ap\u00f3s o recebimento do of\u00edcio os munic\u00edpios t\u00eam o prazo&hellip;","_links":{"self":[{"href":"https:\/\/www.mpc.pr.gov.br\/index.php\/wp-json\/wp\/v2\/posts\/6053","targetHints":{"allow":["GET"]}}],"collection":[{"href":"https:\/\/www.mpc.pr.gov.br\/index.php\/wp-json\/wp\/v2\/posts"}],"about":[{"href":"https:\/\/www.mpc.pr.gov.br\/index.php\/wp-json\/wp\/v2\/types\/post"}],"author":[{"embeddable":true,"href":"https:\/\/www.mpc.pr.gov.br\/index.php\/wp-json\/wp\/v2\/users\/5"}],"replies":[{"embeddable":true,"href":"https:\/\/www.mpc.pr.gov.br\/index.php\/wp-json\/wp\/v2\/comments?post=6053"}],"version-history":[{"count":0,"href":"https:\/\/www.mpc.pr.gov.br\/index.php\/wp-json\/wp\/v2\/posts\/6053\/revisions"}],"wp:featuredmedia":[{"embeddable":true,"href":"https:\/\/www.mpc.pr.gov.br\/index.php\/wp-json\/"}],"wp:attachment":[{"href":"https:\/\/www.mpc.pr.gov.br\/index.php\/wp-json\/wp\/v2\/media?parent=6053"}],"wp:term":[{"taxonomy":"category","embeddable":true,"href":"https:\/\/www.mpc.pr.gov.br\/index.php\/wp-json\/wp\/v2\/categories?post=6053"},{"taxonomy":"post_tag","embeddable":true,"href":"https:\/\/www.mpc.pr.gov.br\/index.php\/wp-json\/wp\/v2\/tags?post=6053"}],"curies":[{"name":"wp","href":"https:\/\/api.w.org\/{rel}","templated":true}]}}