{"id":6110,"date":"2018-07-16T11:24:32","date_gmt":"2018-07-16T14:24:32","guid":{"rendered":"http:\/\/www.mpc.pr.gov.br\/?p=6110"},"modified":"2018-07-16T11:24:32","modified_gmt":"2018-07-16T14:24:32","slug":"conselheiro-acolhe-representacoes-do-mp-de-contas","status":"publish","type":"post","link":"https:\/\/www.mpc.pr.gov.br\/index.php\/conselheiro-acolhe-representacoes-do-mp-de-contas\/","title":{"rendered":"Conselheiro acolhe Representa\u00e7\u00f5es do MP de Contas"},"content":{"rendered":"<p><img fetchpriority=\"high\" decoding=\"async\" class=\"alignleft wp-image-4665 size-medium\" src=\"http:\/\/www.mpc.pr.gov.br\/wp-content\/uploads\/2017\/03\/marca_MPC_01a-01-300x212.png\" alt=\"\" width=\"300\" height=\"212\" \/>Na \u00faltima quinta-feira (12) durante a sess\u00e3o do Tribunal Pleno do Tribunal de Contas do Paran\u00e1 (TCE-PR), o Conselheiro Ivens Zschoerper Linhares se manifestou pelo deferimento de quatro Representa\u00e7\u00f5es do MP de Contas do Paran\u00e1, referentes \u00e0s irregularidades na \u00e1rea da sa\u00fade nos munic\u00edpios de Apucarana, Arapongas e Rol\u00e2ndia.<\/p>\n<p>Desde o in\u00edcio do ano o N\u00facleo de Intelig\u00eancia (NI) do \u00f3rg\u00e3o ministerial tem analisado as contrata\u00e7\u00f5es de m\u00e9dicos plantonistas e compra de medicamentos nos munic\u00edpios paranaenses. Os ind\u00edcios de irregularidades s\u00e3o protocolados junto ao TCE-PR para que os gestores sejam intimados a prestarem esclarecimentos e, tamb\u00e9m, o MP de Contas tem mantido um di\u00e1logo permanente com as Promotorias de Justi\u00e7a para que elas executem investiga\u00e7\u00f5es junto ao munic\u00edpio.<\/p>\n<p><strong>Despacho <a href=\"http:\/\/www.mpc.pr.gov.br\/wp-content\/uploads\/2018\/07\/Representa\u00e7\u00e3o-472708-18.pdf\">1014\/18<\/a><\/strong><\/p>\n<p>O MP de Contas identificou no munic\u00edpio de Apucarana situa\u00e7\u00f5es de terceiriza\u00e7\u00f5es irregulares; contrata\u00e7\u00e3o de empresas de propriedades de servidores; suposto excesso de carga hor\u00e1ria de trabalho; n\u00e3o disponibiliza\u00e7\u00e3o de informa\u00e7\u00f5es no Portal da Transpar\u00eancia; e sobreposi\u00e7\u00e3o de v\u00ednculos contratuais.<\/p>\n<p>Com base nas informa\u00e7\u00f5es apuradas pelo \u00f3rg\u00e3o ministerial, o Conselheiro Linhares expediu medidas cautelares com diversas determina\u00e7\u00e3o para o munic\u00edpio. Tamb\u00e9m, de imediato, solicita que sejam inclu\u00eddos nos empenhos informa\u00e7\u00f5es contendo o nome dos m\u00e9dicos, n\u00famero de horas prestadas e valores pagos por plant\u00e3o; que a frequ\u00eancia dos m\u00e9dicos passe a ser disponibilizada no Portal da Transpar\u00eancia; e que o munic\u00edpio se abstenha de renovar v\u00ednculos contratuais com empresa cujo s\u00f3cio \u00e9 servidor.<\/p>\n<p><strong>Despacho<\/strong><a href=\"http:\/\/www.mpc.pr.gov.br\/wp-content\/uploads\/2018\/07\/Representa\u00e7\u00e3o-472257-18.pdf\"><strong>\u00a01029\/18<\/strong><\/a><\/p>\n<p>O Conselheiro Linhares tamb\u00e9m acolheu os pedidos de expedi\u00e7\u00e3o das medidas cautelares, referentes ao munic\u00edpio de Arapongas. Foram identificadas irregularidades em procedimentos licitat\u00f3rios, similares \u00e0s impropriedades verificadas em rela\u00e7\u00e3o ao munic\u00edpio de Apucarana.<\/p>\n<p>Ap\u00f3s o recebimento da cita\u00e7\u00e3o o munic\u00edpio e o atual gestor t\u00eam o prazo de 15 dias para se manifestarem acerca do imediato cumprimento das medidas cautelares e prestarem os demais esclarecimentos.<\/p>\n<p><strong>Despachos\u00a0<a href=\"http:\/\/www.mpc.pr.gov.br\/wp-content\/uploads\/2018\/07\/Representa\u00e7\u00e3o-473164-18.pdf\">1022\/18<\/a> e <a href=\"http:\/\/www.mpc.pr.gov.br\/wp-content\/uploads\/2018\/07\/Representa\u00e7\u00e3o-479367-18.pdf\">1025\/18<\/a><\/strong><\/p>\n<p>No caso do munic\u00edpio de Rol\u00e2ndia, o MP de Contas protocolou duas Representa\u00e7\u00f5es, uma tratando de compra de medicamentos e a outro referente \u00e0 contrata\u00e7\u00e3o de m\u00e9dicos plantonistas. No primeiro caso foram identificadas pr\u00e1ticas de sobre-pre\u00e7o, tanto na forma\u00e7\u00e3o dos pre\u00e7os para or\u00e7amento, quanto nas ofertas dos licitantes e aus\u00eancia dos procedimentos licitat\u00f3rios no Portal da Transpar\u00eancia do munic\u00edpio.<\/p>\n<p>Quanto \u00e0 contrata\u00e7\u00e3o dos m\u00e9dicos plantonistas, as irregularidades j\u00e1 apontadas nos munic\u00edpios de Apucarana e Arapongas se repetem em Rol\u00e2ndia. Neste caso, o Conselheiro Linhares acolheu parcialmente o pedido de expedi\u00e7\u00e3o de medida cautelar, uma vez que considerou que a suspens\u00e3o de chamamento, proibindo a contrata\u00e7\u00e3o de m\u00e9dicos, poderia acarretar preju\u00edzos \u00e0 popula\u00e7\u00e3o, devido a possibilidade de paralisa\u00e7\u00e3o de alguns servi\u00e7os de sa\u00fade no munic\u00edpio.<\/p>\n<p>Da mesma forma que nos demais expedientes, o gestor municipal est\u00e1 sendo citado para prestar os esclarecimentos solicitados e comprovar o cumprimento imediato das outras medidas cautelares.<\/p>\n","protected":false},"excerpt":{"rendered":"<p>Na \u00faltima quinta-feira (12) durante a sess\u00e3o do Tribunal Pleno do Tribunal de Contas do Paran\u00e1 (TCE-PR), o Conselheiro Ivens Zschoerper Linhares se manifestou pelo deferimento de quatro Representa\u00e7\u00f5es do MP de Contas do Paran\u00e1, referentes \u00e0s irregularidades na \u00e1rea da sa\u00fade nos munic\u00edpios de Apucarana, Arapongas e Rol\u00e2ndia. Desde o in\u00edcio do ano o [&hellip;]<\/p>\n","protected":false},"author":5,"featured_media":5391,"comment_status":"open","ping_status":"open","sticky":false,"template":"","format":"standard","meta":{"_monsterinsights_skip_tracking":false,"_monsterinsights_sitenote_active":false,"_monsterinsights_sitenote_note":"","_monsterinsights_sitenote_category":0,"footnotes":""},"categories":[7,14],"tags":[],"class_list":["post-6110","post","type-post","status-publish","format-standard","has-post-thumbnail","hentry","category-todas-as-noticias","category-ultimas-noticias","entry","has-media"],"yoast_head":"<!-- This site is optimized with the Yoast SEO plugin v27.3 - https:\/\/yoast.com\/product\/yoast-seo-wordpress\/ -->\n<title>Conselheiro acolhe Representa\u00e7\u00f5es do MP de Contas - Minist\u00e9rio P\u00fablico de Contas do Estado do Paran\u00e1<\/title>\n<meta name=\"robots\" content=\"index, follow, max-snippet:-1, max-image-preview:large, max-video-preview:-1\" \/>\n<link rel=\"canonical\" href=\"https:\/\/www.mpc.pr.gov.br\/index.php\/conselheiro-acolhe-representacoes-do-mp-de-contas\/\" \/>\n<meta property=\"og:locale\" content=\"pt_BR\" \/>\n<meta property=\"og:type\" content=\"article\" \/>\n<meta property=\"og:title\" content=\"Conselheiro acolhe Representa\u00e7\u00f5es do MP de Contas - Minist\u00e9rio P\u00fablico de Contas do Estado do Paran\u00e1\" \/>\n<meta property=\"og:description\" content=\"Na \u00faltima quinta-feira (12) durante a sess\u00e3o do Tribunal Pleno do Tribunal de Contas do Paran\u00e1 (TCE-PR), o Conselheiro Ivens Zschoerper Linhares se manifestou pelo deferimento de quatro Representa\u00e7\u00f5es do MP de Contas do Paran\u00e1, referentes \u00e0s irregularidades na \u00e1rea da sa\u00fade nos munic\u00edpios de Apucarana, Arapongas e Rol\u00e2ndia. Desde o in\u00edcio do ano o [&hellip;]\" \/>\n<meta property=\"og:url\" content=\"https:\/\/www.mpc.pr.gov.br\/index.php\/conselheiro-acolhe-representacoes-do-mp-de-contas\/\" \/>\n<meta property=\"og:site_name\" content=\"Minist\u00e9rio P\u00fablico de Contas do Estado do Paran\u00e1\" \/>\n<meta property=\"article:publisher\" content=\"https:\/\/www.facebook.com\/mpc.pr\" \/>\n<meta property=\"article:published_time\" content=\"2018-07-16T14:24:32+00:00\" \/>\n<meta name=\"author\" content=\"giovanna.faria\" \/>\n<meta name=\"twitter:card\" content=\"summary_large_image\" \/>\n<meta name=\"twitter:label1\" content=\"Escrito por\" \/>\n\t<meta name=\"twitter:data1\" content=\"giovanna.faria\" \/>\n\t<meta name=\"twitter:label2\" content=\"Est. tempo de leitura\" \/>\n\t<meta name=\"twitter:data2\" content=\"3 minutos\" \/>\n<script type=\"application\/ld+json\" class=\"yoast-schema-graph\">{\"@context\":\"https:\\\/\\\/schema.org\",\"@graph\":[{\"@type\":\"Article\",\"@id\":\"https:\\\/\\\/www.mpc.pr.gov.br\\\/index.php\\\/conselheiro-acolhe-representacoes-do-mp-de-contas\\\/#article\",\"isPartOf\":{\"@id\":\"https:\\\/\\\/www.mpc.pr.gov.br\\\/index.php\\\/conselheiro-acolhe-representacoes-do-mp-de-contas\\\/\"},\"author\":{\"name\":\"giovanna.faria\",\"@id\":\"https:\\\/\\\/www.mpc.pr.gov.br\\\/#\\\/schema\\\/person\\\/d0c5cf9ebb4d8be833c419f3538cf751\"},\"headline\":\"Conselheiro acolhe Representa\u00e7\u00f5es do MP de Contas\",\"datePublished\":\"2018-07-16T14:24:32+00:00\",\"mainEntityOfPage\":{\"@id\":\"https:\\\/\\\/www.mpc.pr.gov.br\\\/index.php\\\/conselheiro-acolhe-representacoes-do-mp-de-contas\\\/\"},\"wordCount\":537,\"commentCount\":0,\"publisher\":{\"@id\":\"https:\\\/\\\/www.mpc.pr.gov.br\\\/#organization\"},\"image\":{\"@id\":\"https:\\\/\\\/www.mpc.pr.gov.br\\\/index.php\\\/conselheiro-acolhe-representacoes-do-mp-de-contas\\\/#primaryimage\"},\"thumbnailUrl\":\"\",\"articleSection\":[\"Todas as not\u00edcias\",\"\u00daltimas not\u00edcias\"],\"inLanguage\":\"pt-BR\",\"potentialAction\":[{\"@type\":\"CommentAction\",\"name\":\"Comment\",\"target\":[\"https:\\\/\\\/www.mpc.pr.gov.br\\\/index.php\\\/conselheiro-acolhe-representacoes-do-mp-de-contas\\\/#respond\"]}]},{\"@type\":\"WebPage\",\"@id\":\"https:\\\/\\\/www.mpc.pr.gov.br\\\/index.php\\\/conselheiro-acolhe-representacoes-do-mp-de-contas\\\/\",\"url\":\"https:\\\/\\\/www.mpc.pr.gov.br\\\/index.php\\\/conselheiro-acolhe-representacoes-do-mp-de-contas\\\/\",\"name\":\"Conselheiro acolhe Representa\u00e7\u00f5es do MP de Contas - Minist\u00e9rio P\u00fablico de Contas do Estado do Paran\u00e1\",\"isPartOf\":{\"@id\":\"https:\\\/\\\/www.mpc.pr.gov.br\\\/#website\"},\"primaryImageOfPage\":{\"@id\":\"https:\\\/\\\/www.mpc.pr.gov.br\\\/index.php\\\/conselheiro-acolhe-representacoes-do-mp-de-contas\\\/#primaryimage\"},\"image\":{\"@id\":\"https:\\\/\\\/www.mpc.pr.gov.br\\\/index.php\\\/conselheiro-acolhe-representacoes-do-mp-de-contas\\\/#primaryimage\"},\"thumbnailUrl\":\"\",\"datePublished\":\"2018-07-16T14:24:32+00:00\",\"breadcrumb\":{\"@id\":\"https:\\\/\\\/www.mpc.pr.gov.br\\\/index.php\\\/conselheiro-acolhe-representacoes-do-mp-de-contas\\\/#breadcrumb\"},\"inLanguage\":\"pt-BR\",\"potentialAction\":[{\"@type\":\"ReadAction\",\"target\":[\"https:\\\/\\\/www.mpc.pr.gov.br\\\/index.php\\\/conselheiro-acolhe-representacoes-do-mp-de-contas\\\/\"]}]},{\"@type\":\"ImageObject\",\"inLanguage\":\"pt-BR\",\"@id\":\"https:\\\/\\\/www.mpc.pr.gov.br\\\/index.php\\\/conselheiro-acolhe-representacoes-do-mp-de-contas\\\/#primaryimage\",\"url\":\"\",\"contentUrl\":\"\"},{\"@type\":\"BreadcrumbList\",\"@id\":\"https:\\\/\\\/www.mpc.pr.gov.br\\\/index.php\\\/conselheiro-acolhe-representacoes-do-mp-de-contas\\\/#breadcrumb\",\"itemListElement\":[{\"@type\":\"ListItem\",\"position\":1,\"name\":\"In\u00edcio\",\"item\":\"https:\\\/\\\/www.mpc.pr.gov.br\\\/\"},{\"@type\":\"ListItem\",\"position\":2,\"name\":\"Conselheiro acolhe Representa\u00e7\u00f5es do MP de Contas\"}]},{\"@type\":\"WebSite\",\"@id\":\"https:\\\/\\\/www.mpc.pr.gov.br\\\/#website\",\"url\":\"https:\\\/\\\/www.mpc.pr.gov.br\\\/\",\"name\":\"Minist\u00e9rio P\u00fablico de Contas do Estado do Paran\u00e1\",\"description\":\"\",\"publisher\":{\"@id\":\"https:\\\/\\\/www.mpc.pr.gov.br\\\/#organization\"},\"potentialAction\":[{\"@type\":\"SearchAction\",\"target\":{\"@type\":\"EntryPoint\",\"urlTemplate\":\"https:\\\/\\\/www.mpc.pr.gov.br\\\/?s={search_term_string}\"},\"query-input\":{\"@type\":\"PropertyValueSpecification\",\"valueRequired\":true,\"valueName\":\"search_term_string\"}}],\"inLanguage\":\"pt-BR\"},{\"@type\":\"Organization\",\"@id\":\"https:\\\/\\\/www.mpc.pr.gov.br\\\/#organization\",\"name\":\"Minist\u00e9rio P\u00fablico de Contas do Estado do Paran\u00e1\",\"url\":\"https:\\\/\\\/www.mpc.pr.gov.br\\\/\",\"logo\":{\"@type\":\"ImageObject\",\"inLanguage\":\"pt-BR\",\"@id\":\"https:\\\/\\\/www.mpc.pr.gov.br\\\/#\\\/schema\\\/logo\\\/image\\\/\",\"url\":\"https:\\\/\\\/www.mpc.pr.gov.br\\\/wp-content\\\/uploads\\\/2020\\\/06\\\/99423647_1593460364143890_6706793420720963584_n-1-e1591387983167.png\",\"contentUrl\":\"https:\\\/\\\/www.mpc.pr.gov.br\\\/wp-content\\\/uploads\\\/2020\\\/06\\\/99423647_1593460364143890_6706793420720963584_n-1-e1591387983167.png\",\"width\":243,\"height\":73,\"caption\":\"Minist\u00e9rio P\u00fablico de Contas do Estado do Paran\u00e1\"},\"image\":{\"@id\":\"https:\\\/\\\/www.mpc.pr.gov.br\\\/#\\\/schema\\\/logo\\\/image\\\/\"},\"sameAs\":[\"https:\\\/\\\/www.facebook.com\\\/mpc.pr\",\"https:\\\/\\\/www.instagram.com\\\/mpc.pr\\\/?hl=pt-br\",\"https:\\\/\\\/www.youtube.com\\\/channel\\\/UCHri5oEM8DV0ztX57E0sBSw\"]},{\"@type\":\"Person\",\"@id\":\"https:\\\/\\\/www.mpc.pr.gov.br\\\/#\\\/schema\\\/person\\\/d0c5cf9ebb4d8be833c419f3538cf751\",\"name\":\"giovanna.faria\",\"image\":{\"@type\":\"ImageObject\",\"inLanguage\":\"pt-BR\",\"@id\":\"https:\\\/\\\/secure.gravatar.com\\\/avatar\\\/?s=96&d=mm&r=g\",\"url\":\"https:\\\/\\\/secure.gravatar.com\\\/avatar\\\/?s=96&d=mm&r=g\",\"contentUrl\":\"https:\\\/\\\/secure.gravatar.com\\\/avatar\\\/?s=96&d=mm&r=g\",\"caption\":\"giovanna.faria\"}}]}<\/script>\n<!-- \/ Yoast SEO plugin. -->","yoast_head_json":{"title":"Conselheiro acolhe Representa\u00e7\u00f5es do MP de Contas - Minist\u00e9rio P\u00fablico de Contas do Estado do Paran\u00e1","robots":{"index":"index","follow":"follow","max-snippet":"max-snippet:-1","max-image-preview":"max-image-preview:large","max-video-preview":"max-video-preview:-1"},"canonical":"https:\/\/www.mpc.pr.gov.br\/index.php\/conselheiro-acolhe-representacoes-do-mp-de-contas\/","og_locale":"pt_BR","og_type":"article","og_title":"Conselheiro acolhe Representa\u00e7\u00f5es do MP de Contas - Minist\u00e9rio P\u00fablico de Contas do Estado do Paran\u00e1","og_description":"Na \u00faltima quinta-feira (12) durante a sess\u00e3o do Tribunal Pleno do Tribunal de Contas do Paran\u00e1 (TCE-PR), o Conselheiro Ivens Zschoerper Linhares se manifestou pelo deferimento de quatro Representa\u00e7\u00f5es do MP de Contas do Paran\u00e1, referentes \u00e0s irregularidades na \u00e1rea da sa\u00fade nos munic\u00edpios de Apucarana, Arapongas e Rol\u00e2ndia. Desde o in\u00edcio do ano o [&hellip;]","og_url":"https:\/\/www.mpc.pr.gov.br\/index.php\/conselheiro-acolhe-representacoes-do-mp-de-contas\/","og_site_name":"Minist\u00e9rio P\u00fablico de Contas do Estado do Paran\u00e1","article_publisher":"https:\/\/www.facebook.com\/mpc.pr","article_published_time":"2018-07-16T14:24:32+00:00","author":"giovanna.faria","twitter_card":"summary_large_image","twitter_misc":{"Escrito por":"giovanna.faria","Est. tempo de leitura":"3 minutos"},"schema":{"@context":"https:\/\/schema.org","@graph":[{"@type":"Article","@id":"https:\/\/www.mpc.pr.gov.br\/index.php\/conselheiro-acolhe-representacoes-do-mp-de-contas\/#article","isPartOf":{"@id":"https:\/\/www.mpc.pr.gov.br\/index.php\/conselheiro-acolhe-representacoes-do-mp-de-contas\/"},"author":{"name":"giovanna.faria","@id":"https:\/\/www.mpc.pr.gov.br\/#\/schema\/person\/d0c5cf9ebb4d8be833c419f3538cf751"},"headline":"Conselheiro acolhe Representa\u00e7\u00f5es do MP de Contas","datePublished":"2018-07-16T14:24:32+00:00","mainEntityOfPage":{"@id":"https:\/\/www.mpc.pr.gov.br\/index.php\/conselheiro-acolhe-representacoes-do-mp-de-contas\/"},"wordCount":537,"commentCount":0,"publisher":{"@id":"https:\/\/www.mpc.pr.gov.br\/#organization"},"image":{"@id":"https:\/\/www.mpc.pr.gov.br\/index.php\/conselheiro-acolhe-representacoes-do-mp-de-contas\/#primaryimage"},"thumbnailUrl":"","articleSection":["Todas as not\u00edcias","\u00daltimas not\u00edcias"],"inLanguage":"pt-BR","potentialAction":[{"@type":"CommentAction","name":"Comment","target":["https:\/\/www.mpc.pr.gov.br\/index.php\/conselheiro-acolhe-representacoes-do-mp-de-contas\/#respond"]}]},{"@type":"WebPage","@id":"https:\/\/www.mpc.pr.gov.br\/index.php\/conselheiro-acolhe-representacoes-do-mp-de-contas\/","url":"https:\/\/www.mpc.pr.gov.br\/index.php\/conselheiro-acolhe-representacoes-do-mp-de-contas\/","name":"Conselheiro acolhe Representa\u00e7\u00f5es do MP de Contas - Minist\u00e9rio P\u00fablico de Contas do Estado do Paran\u00e1","isPartOf":{"@id":"https:\/\/www.mpc.pr.gov.br\/#website"},"primaryImageOfPage":{"@id":"https:\/\/www.mpc.pr.gov.br\/index.php\/conselheiro-acolhe-representacoes-do-mp-de-contas\/#primaryimage"},"image":{"@id":"https:\/\/www.mpc.pr.gov.br\/index.php\/conselheiro-acolhe-representacoes-do-mp-de-contas\/#primaryimage"},"thumbnailUrl":"","datePublished":"2018-07-16T14:24:32+00:00","breadcrumb":{"@id":"https:\/\/www.mpc.pr.gov.br\/index.php\/conselheiro-acolhe-representacoes-do-mp-de-contas\/#breadcrumb"},"inLanguage":"pt-BR","potentialAction":[{"@type":"ReadAction","target":["https:\/\/www.mpc.pr.gov.br\/index.php\/conselheiro-acolhe-representacoes-do-mp-de-contas\/"]}]},{"@type":"ImageObject","inLanguage":"pt-BR","@id":"https:\/\/www.mpc.pr.gov.br\/index.php\/conselheiro-acolhe-representacoes-do-mp-de-contas\/#primaryimage","url":"","contentUrl":""},{"@type":"BreadcrumbList","@id":"https:\/\/www.mpc.pr.gov.br\/index.php\/conselheiro-acolhe-representacoes-do-mp-de-contas\/#breadcrumb","itemListElement":[{"@type":"ListItem","position":1,"name":"In\u00edcio","item":"https:\/\/www.mpc.pr.gov.br\/"},{"@type":"ListItem","position":2,"name":"Conselheiro acolhe Representa\u00e7\u00f5es do MP de Contas"}]},{"@type":"WebSite","@id":"https:\/\/www.mpc.pr.gov.br\/#website","url":"https:\/\/www.mpc.pr.gov.br\/","name":"Minist\u00e9rio P\u00fablico de Contas do Estado do Paran\u00e1","description":"","publisher":{"@id":"https:\/\/www.mpc.pr.gov.br\/#organization"},"potentialAction":[{"@type":"SearchAction","target":{"@type":"EntryPoint","urlTemplate":"https:\/\/www.mpc.pr.gov.br\/?s={search_term_string}"},"query-input":{"@type":"PropertyValueSpecification","valueRequired":true,"valueName":"search_term_string"}}],"inLanguage":"pt-BR"},{"@type":"Organization","@id":"https:\/\/www.mpc.pr.gov.br\/#organization","name":"Minist\u00e9rio P\u00fablico de Contas do Estado do Paran\u00e1","url":"https:\/\/www.mpc.pr.gov.br\/","logo":{"@type":"ImageObject","inLanguage":"pt-BR","@id":"https:\/\/www.mpc.pr.gov.br\/#\/schema\/logo\/image\/","url":"https:\/\/www.mpc.pr.gov.br\/wp-content\/uploads\/2020\/06\/99423647_1593460364143890_6706793420720963584_n-1-e1591387983167.png","contentUrl":"https:\/\/www.mpc.pr.gov.br\/wp-content\/uploads\/2020\/06\/99423647_1593460364143890_6706793420720963584_n-1-e1591387983167.png","width":243,"height":73,"caption":"Minist\u00e9rio P\u00fablico de Contas do Estado do Paran\u00e1"},"image":{"@id":"https:\/\/www.mpc.pr.gov.br\/#\/schema\/logo\/image\/"},"sameAs":["https:\/\/www.facebook.com\/mpc.pr","https:\/\/www.instagram.com\/mpc.pr\/?hl=pt-br","https:\/\/www.youtube.com\/channel\/UCHri5oEM8DV0ztX57E0sBSw"]},{"@type":"Person","@id":"https:\/\/www.mpc.pr.gov.br\/#\/schema\/person\/d0c5cf9ebb4d8be833c419f3538cf751","name":"giovanna.faria","image":{"@type":"ImageObject","inLanguage":"pt-BR","@id":"https:\/\/secure.gravatar.com\/avatar\/?s=96&d=mm&r=g","url":"https:\/\/secure.gravatar.com\/avatar\/?s=96&d=mm&r=g","contentUrl":"https:\/\/secure.gravatar.com\/avatar\/?s=96&d=mm&r=g","caption":"giovanna.faria"}}]}},"rttpg_featured_image_url":null,"rttpg_author":{"display_name":"giovanna.faria","author_link":"https:\/\/www.mpc.pr.gov.br\/index.php\/author\/giovanna-faria\/"},"rttpg_comment":0,"rttpg_category":"<a href=\"https:\/\/www.mpc.pr.gov.br\/index.php\/category\/todas-as-noticias\/\" rel=\"category tag\">Todas as not\u00edcias<\/a> <a href=\"https:\/\/www.mpc.pr.gov.br\/index.php\/category\/ultimas-noticias\/\" rel=\"category tag\">\u00daltimas not\u00edcias<\/a>","rttpg_excerpt":"Na \u00faltima quinta-feira (12) durante a sess\u00e3o do Tribunal Pleno do Tribunal de Contas do Paran\u00e1 (TCE-PR), o Conselheiro Ivens Zschoerper Linhares se manifestou pelo deferimento de quatro Representa\u00e7\u00f5es do MP de Contas do Paran\u00e1, referentes \u00e0s irregularidades na \u00e1rea da sa\u00fade nos munic\u00edpios de Apucarana, Arapongas e Rol\u00e2ndia. Desde o in\u00edcio do ano o&hellip;","_links":{"self":[{"href":"https:\/\/www.mpc.pr.gov.br\/index.php\/wp-json\/wp\/v2\/posts\/6110","targetHints":{"allow":["GET"]}}],"collection":[{"href":"https:\/\/www.mpc.pr.gov.br\/index.php\/wp-json\/wp\/v2\/posts"}],"about":[{"href":"https:\/\/www.mpc.pr.gov.br\/index.php\/wp-json\/wp\/v2\/types\/post"}],"author":[{"embeddable":true,"href":"https:\/\/www.mpc.pr.gov.br\/index.php\/wp-json\/wp\/v2\/users\/5"}],"replies":[{"embeddable":true,"href":"https:\/\/www.mpc.pr.gov.br\/index.php\/wp-json\/wp\/v2\/comments?post=6110"}],"version-history":[{"count":0,"href":"https:\/\/www.mpc.pr.gov.br\/index.php\/wp-json\/wp\/v2\/posts\/6110\/revisions"}],"wp:featuredmedia":[{"embeddable":true,"href":"https:\/\/www.mpc.pr.gov.br\/index.php\/wp-json\/"}],"wp:attachment":[{"href":"https:\/\/www.mpc.pr.gov.br\/index.php\/wp-json\/wp\/v2\/media?parent=6110"}],"wp:term":[{"taxonomy":"category","embeddable":true,"href":"https:\/\/www.mpc.pr.gov.br\/index.php\/wp-json\/wp\/v2\/categories?post=6110"},{"taxonomy":"post_tag","embeddable":true,"href":"https:\/\/www.mpc.pr.gov.br\/index.php\/wp-json\/wp\/v2\/tags?post=6110"}],"curies":[{"name":"wp","href":"https:\/\/api.w.org\/{rel}","templated":true}]}}