{"id":6214,"date":"2018-08-13T14:44:57","date_gmt":"2018-08-13T17:44:57","guid":{"rendered":"http:\/\/www.mpc.pr.gov.br\/?p=6214"},"modified":"2018-08-13T14:44:57","modified_gmt":"2018-08-13T17:44:57","slug":"inscricoes-abertas-para-o-2-congresso-pacto-pelo-brasil","status":"publish","type":"post","link":"https:\/\/www.mpc.pr.gov.br\/index.php\/inscricoes-abertas-para-o-2-congresso-pacto-pelo-brasil\/","title":{"rendered":"Inscri\u00e7\u00f5es abertas para o 2\u00b0 Congresso Pacto Pelo Brasil"},"content":{"rendered":"<p><a href=\"http:\/\/www.mpc.pr.gov.br\/wp-content\/uploads\/2018\/08\/OSB_-2\u00ba-CPPB_convite-email.png\"><img fetchpriority=\"high\" decoding=\"async\" class=\"alignleft wp-image-6216 size-medium\" src=\"http:\/\/www.mpc.pr.gov.br\/wp-content\/uploads\/2018\/08\/OSB_-2\u00ba-CPPB_convite-email-215x300.png\" alt=\"\" width=\"215\" height=\"300\" \/><\/a>O Observat\u00f3rio Social do Brasil (OBS) promover\u00e1 em Curitiba a segunda edi\u00e7\u00e3o do Congresso Pacto Pelo Brasil, entre os dias 20 e 23 de agosto, no Centro de Eventos da Federa\u00e7\u00e3o das Ind\u00fastrias do Estado do Paran\u00e1 (Fiep). O evento traz a tem\u00e1tica \u201cIntegridade, Tecnologia e Governan\u00e7a\u201d para discutir boas pr\u00e1ticas e solu\u00e7\u00f5es para a efici\u00eancia do setor p\u00fablico.<\/p>\n<p>O primeiro dia do Congresso ser\u00e1 o \u201cDia da Governan\u00e7a\u201d com foco nas Novas Medidas Contra a Corrup\u00e7\u00e3o. Participar\u00e3o do evento Bruno Brand\u00e3o, representante no Brasil da ONG Transparency Internacional; Michael Mohallem, Coordenador do Centro de Justi\u00e7a e Sociedade (CJUS) da Funda\u00e7\u00e3o Get\u00falio Vargas (FGV); e Delton Dallagnol, Procurador da Rep\u00fablica e Coordenador da Lava Jato no Paran\u00e1.<\/p>\n<p>O painel de abertura oficial do Congresso ser\u00e1 Lideran\u00e7as Femininas no Enfrentamento \u00e0 Corrup\u00e7\u00e3,o com a presen\u00e7a da Dra. Raquel Dodge, Procuradora Geral da Rep\u00fablica; Cl\u00e1udia Taya, Secret\u00e1ria de Transpar\u00eancia e Preven\u00e7\u00e3o da Corrup\u00e7\u00e3o; Neha Das, Gerente de Governan\u00e7a e Anticorrup\u00e7\u00e3o do Escrit\u00f3rio NY do Pacto Global; e Patr\u00edcia Moreira, Diretora Executiva do Secretariado Geral da Transpar\u00eancia Internacional.<\/p>\n<p>A programa\u00e7\u00e3o continua no dia 21 com o \u201cDia da Integridade\u201d com foco na preven\u00e7\u00e3o \u00e0 corrup\u00e7\u00e3o na iniciativa privada e a\u00e7\u00f5es coletivas para alavancagem do Pacto pela Integridade no meio empresarial. No dia 22, o \u201cDia da Tecnologia\u201d, acontecer\u00e1 o lan\u00e7amento do Escrit\u00f3rio de Projetos de TI e do Banco internacional de Apps C\u00edvicos, al\u00e9m da proposta de cria\u00e7\u00e3o da Central de intelig\u00eancia de Dados P\u00fablicos.<\/p>\n<p>No \u00faltimo dia do Congresso ser\u00e1 realizado o 9\u00ba Encontro Nacional dos Observat\u00f3rios Sociais (ENOS), com o tema \u201cTeoria da Mudan\u00e7a e Impacto Social\u201d. \u00c0 noite, na cerim\u00f4nia de encerramento ser\u00e1 comemorado o 10\u00b0 anivers\u00e1rio do OBS.<\/p>\n<p>As inscri\u00e7\u00f5es para o evento s\u00e3o gratuitas e podem ser feitas no site: <a href=\"http:\/\/www.pactopelobrasil.org.br\">www.pactopelobrasil.org.br<\/a>. A programa\u00e7\u00e3o completa tamb\u00e9m est\u00e1 dispon\u00edvel na <em>fanpage <\/em>do <em>Facebook <\/em>do Observat\u00f3rio Social do Brasil.<\/p>\n","protected":false},"excerpt":{"rendered":"<p>O Observat\u00f3rio Social do Brasil (OBS) promover\u00e1 em Curitiba a segunda edi\u00e7\u00e3o do Congresso Pacto Pelo Brasil, entre os dias 20 e 23 de agosto, no Centro de Eventos da Federa\u00e7\u00e3o das Ind\u00fastrias do Estado do Paran\u00e1 (Fiep). O evento traz a tem\u00e1tica \u201cIntegridade, Tecnologia e Governan\u00e7a\u201d para discutir boas pr\u00e1ticas e solu\u00e7\u00f5es para a [&hellip;]<\/p>\n","protected":false},"author":5,"featured_media":6217,"comment_status":"open","ping_status":"open","sticky":false,"template":"","format":"standard","meta":{"_monsterinsights_skip_tracking":false,"_monsterinsights_sitenote_active":false,"_monsterinsights_sitenote_note":"","_monsterinsights_sitenote_category":0,"footnotes":""},"categories":[15,7],"tags":[],"class_list":["post-6214","post","type-post","status-publish","format-standard","has-post-thumbnail","hentry","category-noticias-de-interesse","category-todas-as-noticias","entry","has-media"],"yoast_head":"<!-- This site is optimized with the Yoast SEO plugin v27.3 - https:\/\/yoast.com\/product\/yoast-seo-wordpress\/ -->\n<title>Inscri\u00e7\u00f5es abertas para o 2\u00b0 Congresso Pacto Pelo Brasil - Minist\u00e9rio P\u00fablico de Contas do Estado do Paran\u00e1<\/title>\n<meta name=\"robots\" content=\"index, follow, max-snippet:-1, max-image-preview:large, max-video-preview:-1\" \/>\n<link rel=\"canonical\" href=\"https:\/\/www.mpc.pr.gov.br\/index.php\/inscricoes-abertas-para-o-2-congresso-pacto-pelo-brasil\/\" \/>\n<meta property=\"og:locale\" content=\"pt_BR\" \/>\n<meta property=\"og:type\" content=\"article\" \/>\n<meta property=\"og:title\" content=\"Inscri\u00e7\u00f5es abertas para o 2\u00b0 Congresso Pacto Pelo Brasil - Minist\u00e9rio P\u00fablico de Contas do Estado do Paran\u00e1\" \/>\n<meta property=\"og:description\" content=\"O Observat\u00f3rio Social do Brasil (OBS) promover\u00e1 em Curitiba a segunda edi\u00e7\u00e3o do Congresso Pacto Pelo Brasil, entre os dias 20 e 23 de agosto, no Centro de Eventos da Federa\u00e7\u00e3o das Ind\u00fastrias do Estado do Paran\u00e1 (Fiep). O evento traz a tem\u00e1tica \u201cIntegridade, Tecnologia e Governan\u00e7a\u201d para discutir boas pr\u00e1ticas e solu\u00e7\u00f5es para a [&hellip;]\" \/>\n<meta property=\"og:url\" content=\"https:\/\/www.mpc.pr.gov.br\/index.php\/inscricoes-abertas-para-o-2-congresso-pacto-pelo-brasil\/\" \/>\n<meta property=\"og:site_name\" content=\"Minist\u00e9rio P\u00fablico de Contas do Estado do Paran\u00e1\" \/>\n<meta property=\"article:publisher\" content=\"https:\/\/www.facebook.com\/mpc.pr\" \/>\n<meta property=\"article:published_time\" content=\"2018-08-13T17:44:57+00:00\" \/>\n<meta name=\"author\" content=\"giovanna.faria\" \/>\n<meta name=\"twitter:card\" content=\"summary_large_image\" \/>\n<meta name=\"twitter:label1\" content=\"Escrito por\" \/>\n\t<meta name=\"twitter:data1\" content=\"giovanna.faria\" \/>\n\t<meta name=\"twitter:label2\" content=\"Est. tempo de leitura\" \/>\n\t<meta name=\"twitter:data2\" content=\"2 minutos\" \/>\n<script type=\"application\/ld+json\" class=\"yoast-schema-graph\">{\"@context\":\"https:\\\/\\\/schema.org\",\"@graph\":[{\"@type\":\"Article\",\"@id\":\"https:\\\/\\\/www.mpc.pr.gov.br\\\/index.php\\\/inscricoes-abertas-para-o-2-congresso-pacto-pelo-brasil\\\/#article\",\"isPartOf\":{\"@id\":\"https:\\\/\\\/www.mpc.pr.gov.br\\\/index.php\\\/inscricoes-abertas-para-o-2-congresso-pacto-pelo-brasil\\\/\"},\"author\":{\"name\":\"giovanna.faria\",\"@id\":\"https:\\\/\\\/www.mpc.pr.gov.br\\\/#\\\/schema\\\/person\\\/d0c5cf9ebb4d8be833c419f3538cf751\"},\"headline\":\"Inscri\u00e7\u00f5es abertas para o 2\u00b0 Congresso Pacto Pelo Brasil\",\"datePublished\":\"2018-08-13T17:44:57+00:00\",\"mainEntityOfPage\":{\"@id\":\"https:\\\/\\\/www.mpc.pr.gov.br\\\/index.php\\\/inscricoes-abertas-para-o-2-congresso-pacto-pelo-brasil\\\/\"},\"wordCount\":364,\"commentCount\":0,\"publisher\":{\"@id\":\"https:\\\/\\\/www.mpc.pr.gov.br\\\/#organization\"},\"image\":{\"@id\":\"https:\\\/\\\/www.mpc.pr.gov.br\\\/index.php\\\/inscricoes-abertas-para-o-2-congresso-pacto-pelo-brasil\\\/#primaryimage\"},\"thumbnailUrl\":\"\",\"articleSection\":[\"Not\u00edcias de Interesse\",\"Todas as not\u00edcias\"],\"inLanguage\":\"pt-BR\",\"potentialAction\":[{\"@type\":\"CommentAction\",\"name\":\"Comment\",\"target\":[\"https:\\\/\\\/www.mpc.pr.gov.br\\\/index.php\\\/inscricoes-abertas-para-o-2-congresso-pacto-pelo-brasil\\\/#respond\"]}]},{\"@type\":\"WebPage\",\"@id\":\"https:\\\/\\\/www.mpc.pr.gov.br\\\/index.php\\\/inscricoes-abertas-para-o-2-congresso-pacto-pelo-brasil\\\/\",\"url\":\"https:\\\/\\\/www.mpc.pr.gov.br\\\/index.php\\\/inscricoes-abertas-para-o-2-congresso-pacto-pelo-brasil\\\/\",\"name\":\"Inscri\u00e7\u00f5es abertas para o 2\u00b0 Congresso Pacto Pelo Brasil - Minist\u00e9rio P\u00fablico de Contas do Estado do Paran\u00e1\",\"isPartOf\":{\"@id\":\"https:\\\/\\\/www.mpc.pr.gov.br\\\/#website\"},\"primaryImageOfPage\":{\"@id\":\"https:\\\/\\\/www.mpc.pr.gov.br\\\/index.php\\\/inscricoes-abertas-para-o-2-congresso-pacto-pelo-brasil\\\/#primaryimage\"},\"image\":{\"@id\":\"https:\\\/\\\/www.mpc.pr.gov.br\\\/index.php\\\/inscricoes-abertas-para-o-2-congresso-pacto-pelo-brasil\\\/#primaryimage\"},\"thumbnailUrl\":\"\",\"datePublished\":\"2018-08-13T17:44:57+00:00\",\"breadcrumb\":{\"@id\":\"https:\\\/\\\/www.mpc.pr.gov.br\\\/index.php\\\/inscricoes-abertas-para-o-2-congresso-pacto-pelo-brasil\\\/#breadcrumb\"},\"inLanguage\":\"pt-BR\",\"potentialAction\":[{\"@type\":\"ReadAction\",\"target\":[\"https:\\\/\\\/www.mpc.pr.gov.br\\\/index.php\\\/inscricoes-abertas-para-o-2-congresso-pacto-pelo-brasil\\\/\"]}]},{\"@type\":\"ImageObject\",\"inLanguage\":\"pt-BR\",\"@id\":\"https:\\\/\\\/www.mpc.pr.gov.br\\\/index.php\\\/inscricoes-abertas-para-o-2-congresso-pacto-pelo-brasil\\\/#primaryimage\",\"url\":\"\",\"contentUrl\":\"\"},{\"@type\":\"BreadcrumbList\",\"@id\":\"https:\\\/\\\/www.mpc.pr.gov.br\\\/index.php\\\/inscricoes-abertas-para-o-2-congresso-pacto-pelo-brasil\\\/#breadcrumb\",\"itemListElement\":[{\"@type\":\"ListItem\",\"position\":1,\"name\":\"In\u00edcio\",\"item\":\"https:\\\/\\\/www.mpc.pr.gov.br\\\/\"},{\"@type\":\"ListItem\",\"position\":2,\"name\":\"Inscri\u00e7\u00f5es abertas para o 2\u00b0 Congresso Pacto Pelo Brasil\"}]},{\"@type\":\"WebSite\",\"@id\":\"https:\\\/\\\/www.mpc.pr.gov.br\\\/#website\",\"url\":\"https:\\\/\\\/www.mpc.pr.gov.br\\\/\",\"name\":\"Minist\u00e9rio P\u00fablico de Contas do Estado do Paran\u00e1\",\"description\":\"\",\"publisher\":{\"@id\":\"https:\\\/\\\/www.mpc.pr.gov.br\\\/#organization\"},\"potentialAction\":[{\"@type\":\"SearchAction\",\"target\":{\"@type\":\"EntryPoint\",\"urlTemplate\":\"https:\\\/\\\/www.mpc.pr.gov.br\\\/?s={search_term_string}\"},\"query-input\":{\"@type\":\"PropertyValueSpecification\",\"valueRequired\":true,\"valueName\":\"search_term_string\"}}],\"inLanguage\":\"pt-BR\"},{\"@type\":\"Organization\",\"@id\":\"https:\\\/\\\/www.mpc.pr.gov.br\\\/#organization\",\"name\":\"Minist\u00e9rio P\u00fablico de Contas do Estado do Paran\u00e1\",\"url\":\"https:\\\/\\\/www.mpc.pr.gov.br\\\/\",\"logo\":{\"@type\":\"ImageObject\",\"inLanguage\":\"pt-BR\",\"@id\":\"https:\\\/\\\/www.mpc.pr.gov.br\\\/#\\\/schema\\\/logo\\\/image\\\/\",\"url\":\"https:\\\/\\\/www.mpc.pr.gov.br\\\/wp-content\\\/uploads\\\/2020\\\/06\\\/99423647_1593460364143890_6706793420720963584_n-1-e1591387983167.png\",\"contentUrl\":\"https:\\\/\\\/www.mpc.pr.gov.br\\\/wp-content\\\/uploads\\\/2020\\\/06\\\/99423647_1593460364143890_6706793420720963584_n-1-e1591387983167.png\",\"width\":243,\"height\":73,\"caption\":\"Minist\u00e9rio P\u00fablico de Contas do Estado do Paran\u00e1\"},\"image\":{\"@id\":\"https:\\\/\\\/www.mpc.pr.gov.br\\\/#\\\/schema\\\/logo\\\/image\\\/\"},\"sameAs\":[\"https:\\\/\\\/www.facebook.com\\\/mpc.pr\",\"https:\\\/\\\/www.instagram.com\\\/mpc.pr\\\/?hl=pt-br\",\"https:\\\/\\\/www.youtube.com\\\/channel\\\/UCHri5oEM8DV0ztX57E0sBSw\"]},{\"@type\":\"Person\",\"@id\":\"https:\\\/\\\/www.mpc.pr.gov.br\\\/#\\\/schema\\\/person\\\/d0c5cf9ebb4d8be833c419f3538cf751\",\"name\":\"giovanna.faria\",\"image\":{\"@type\":\"ImageObject\",\"inLanguage\":\"pt-BR\",\"@id\":\"https:\\\/\\\/secure.gravatar.com\\\/avatar\\\/?s=96&d=mm&r=g\",\"url\":\"https:\\\/\\\/secure.gravatar.com\\\/avatar\\\/?s=96&d=mm&r=g\",\"contentUrl\":\"https:\\\/\\\/secure.gravatar.com\\\/avatar\\\/?s=96&d=mm&r=g\",\"caption\":\"giovanna.faria\"}}]}<\/script>\n<!-- \/ Yoast SEO plugin. -->","yoast_head_json":{"title":"Inscri\u00e7\u00f5es abertas para o 2\u00b0 Congresso Pacto Pelo Brasil - Minist\u00e9rio P\u00fablico de Contas do Estado do Paran\u00e1","robots":{"index":"index","follow":"follow","max-snippet":"max-snippet:-1","max-image-preview":"max-image-preview:large","max-video-preview":"max-video-preview:-1"},"canonical":"https:\/\/www.mpc.pr.gov.br\/index.php\/inscricoes-abertas-para-o-2-congresso-pacto-pelo-brasil\/","og_locale":"pt_BR","og_type":"article","og_title":"Inscri\u00e7\u00f5es abertas para o 2\u00b0 Congresso Pacto Pelo Brasil - Minist\u00e9rio P\u00fablico de Contas do Estado do Paran\u00e1","og_description":"O Observat\u00f3rio Social do Brasil (OBS) promover\u00e1 em Curitiba a segunda edi\u00e7\u00e3o do Congresso Pacto Pelo Brasil, entre os dias 20 e 23 de agosto, no Centro de Eventos da Federa\u00e7\u00e3o das Ind\u00fastrias do Estado do Paran\u00e1 (Fiep). O evento traz a tem\u00e1tica \u201cIntegridade, Tecnologia e Governan\u00e7a\u201d para discutir boas pr\u00e1ticas e solu\u00e7\u00f5es para a [&hellip;]","og_url":"https:\/\/www.mpc.pr.gov.br\/index.php\/inscricoes-abertas-para-o-2-congresso-pacto-pelo-brasil\/","og_site_name":"Minist\u00e9rio P\u00fablico de Contas do Estado do Paran\u00e1","article_publisher":"https:\/\/www.facebook.com\/mpc.pr","article_published_time":"2018-08-13T17:44:57+00:00","author":"giovanna.faria","twitter_card":"summary_large_image","twitter_misc":{"Escrito por":"giovanna.faria","Est. tempo de leitura":"2 minutos"},"schema":{"@context":"https:\/\/schema.org","@graph":[{"@type":"Article","@id":"https:\/\/www.mpc.pr.gov.br\/index.php\/inscricoes-abertas-para-o-2-congresso-pacto-pelo-brasil\/#article","isPartOf":{"@id":"https:\/\/www.mpc.pr.gov.br\/index.php\/inscricoes-abertas-para-o-2-congresso-pacto-pelo-brasil\/"},"author":{"name":"giovanna.faria","@id":"https:\/\/www.mpc.pr.gov.br\/#\/schema\/person\/d0c5cf9ebb4d8be833c419f3538cf751"},"headline":"Inscri\u00e7\u00f5es abertas para o 2\u00b0 Congresso Pacto Pelo Brasil","datePublished":"2018-08-13T17:44:57+00:00","mainEntityOfPage":{"@id":"https:\/\/www.mpc.pr.gov.br\/index.php\/inscricoes-abertas-para-o-2-congresso-pacto-pelo-brasil\/"},"wordCount":364,"commentCount":0,"publisher":{"@id":"https:\/\/www.mpc.pr.gov.br\/#organization"},"image":{"@id":"https:\/\/www.mpc.pr.gov.br\/index.php\/inscricoes-abertas-para-o-2-congresso-pacto-pelo-brasil\/#primaryimage"},"thumbnailUrl":"","articleSection":["Not\u00edcias de Interesse","Todas as not\u00edcias"],"inLanguage":"pt-BR","potentialAction":[{"@type":"CommentAction","name":"Comment","target":["https:\/\/www.mpc.pr.gov.br\/index.php\/inscricoes-abertas-para-o-2-congresso-pacto-pelo-brasil\/#respond"]}]},{"@type":"WebPage","@id":"https:\/\/www.mpc.pr.gov.br\/index.php\/inscricoes-abertas-para-o-2-congresso-pacto-pelo-brasil\/","url":"https:\/\/www.mpc.pr.gov.br\/index.php\/inscricoes-abertas-para-o-2-congresso-pacto-pelo-brasil\/","name":"Inscri\u00e7\u00f5es abertas para o 2\u00b0 Congresso Pacto Pelo Brasil - Minist\u00e9rio P\u00fablico de Contas do Estado do Paran\u00e1","isPartOf":{"@id":"https:\/\/www.mpc.pr.gov.br\/#website"},"primaryImageOfPage":{"@id":"https:\/\/www.mpc.pr.gov.br\/index.php\/inscricoes-abertas-para-o-2-congresso-pacto-pelo-brasil\/#primaryimage"},"image":{"@id":"https:\/\/www.mpc.pr.gov.br\/index.php\/inscricoes-abertas-para-o-2-congresso-pacto-pelo-brasil\/#primaryimage"},"thumbnailUrl":"","datePublished":"2018-08-13T17:44:57+00:00","breadcrumb":{"@id":"https:\/\/www.mpc.pr.gov.br\/index.php\/inscricoes-abertas-para-o-2-congresso-pacto-pelo-brasil\/#breadcrumb"},"inLanguage":"pt-BR","potentialAction":[{"@type":"ReadAction","target":["https:\/\/www.mpc.pr.gov.br\/index.php\/inscricoes-abertas-para-o-2-congresso-pacto-pelo-brasil\/"]}]},{"@type":"ImageObject","inLanguage":"pt-BR","@id":"https:\/\/www.mpc.pr.gov.br\/index.php\/inscricoes-abertas-para-o-2-congresso-pacto-pelo-brasil\/#primaryimage","url":"","contentUrl":""},{"@type":"BreadcrumbList","@id":"https:\/\/www.mpc.pr.gov.br\/index.php\/inscricoes-abertas-para-o-2-congresso-pacto-pelo-brasil\/#breadcrumb","itemListElement":[{"@type":"ListItem","position":1,"name":"In\u00edcio","item":"https:\/\/www.mpc.pr.gov.br\/"},{"@type":"ListItem","position":2,"name":"Inscri\u00e7\u00f5es abertas para o 2\u00b0 Congresso Pacto Pelo Brasil"}]},{"@type":"WebSite","@id":"https:\/\/www.mpc.pr.gov.br\/#website","url":"https:\/\/www.mpc.pr.gov.br\/","name":"Minist\u00e9rio P\u00fablico de Contas do Estado do Paran\u00e1","description":"","publisher":{"@id":"https:\/\/www.mpc.pr.gov.br\/#organization"},"potentialAction":[{"@type":"SearchAction","target":{"@type":"EntryPoint","urlTemplate":"https:\/\/www.mpc.pr.gov.br\/?s={search_term_string}"},"query-input":{"@type":"PropertyValueSpecification","valueRequired":true,"valueName":"search_term_string"}}],"inLanguage":"pt-BR"},{"@type":"Organization","@id":"https:\/\/www.mpc.pr.gov.br\/#organization","name":"Minist\u00e9rio P\u00fablico de Contas do Estado do Paran\u00e1","url":"https:\/\/www.mpc.pr.gov.br\/","logo":{"@type":"ImageObject","inLanguage":"pt-BR","@id":"https:\/\/www.mpc.pr.gov.br\/#\/schema\/logo\/image\/","url":"https:\/\/www.mpc.pr.gov.br\/wp-content\/uploads\/2020\/06\/99423647_1593460364143890_6706793420720963584_n-1-e1591387983167.png","contentUrl":"https:\/\/www.mpc.pr.gov.br\/wp-content\/uploads\/2020\/06\/99423647_1593460364143890_6706793420720963584_n-1-e1591387983167.png","width":243,"height":73,"caption":"Minist\u00e9rio P\u00fablico de Contas do Estado do Paran\u00e1"},"image":{"@id":"https:\/\/www.mpc.pr.gov.br\/#\/schema\/logo\/image\/"},"sameAs":["https:\/\/www.facebook.com\/mpc.pr","https:\/\/www.instagram.com\/mpc.pr\/?hl=pt-br","https:\/\/www.youtube.com\/channel\/UCHri5oEM8DV0ztX57E0sBSw"]},{"@type":"Person","@id":"https:\/\/www.mpc.pr.gov.br\/#\/schema\/person\/d0c5cf9ebb4d8be833c419f3538cf751","name":"giovanna.faria","image":{"@type":"ImageObject","inLanguage":"pt-BR","@id":"https:\/\/secure.gravatar.com\/avatar\/?s=96&d=mm&r=g","url":"https:\/\/secure.gravatar.com\/avatar\/?s=96&d=mm&r=g","contentUrl":"https:\/\/secure.gravatar.com\/avatar\/?s=96&d=mm&r=g","caption":"giovanna.faria"}}]}},"rttpg_featured_image_url":null,"rttpg_author":{"display_name":"giovanna.faria","author_link":"https:\/\/www.mpc.pr.gov.br\/index.php\/author\/giovanna-faria\/"},"rttpg_comment":0,"rttpg_category":"<a href=\"https:\/\/www.mpc.pr.gov.br\/index.php\/category\/noticias-de-interesse\/\" rel=\"category tag\">Not\u00edcias de Interesse<\/a> <a href=\"https:\/\/www.mpc.pr.gov.br\/index.php\/category\/todas-as-noticias\/\" rel=\"category tag\">Todas as not\u00edcias<\/a>","rttpg_excerpt":"O Observat\u00f3rio Social do Brasil (OBS) promover\u00e1 em Curitiba a segunda edi\u00e7\u00e3o do Congresso Pacto Pelo Brasil, entre os dias 20 e 23 de agosto, no Centro de Eventos da Federa\u00e7\u00e3o das Ind\u00fastrias do Estado do Paran\u00e1 (Fiep). O evento traz a tem\u00e1tica \u201cIntegridade, Tecnologia e Governan\u00e7a\u201d para discutir boas pr\u00e1ticas e solu\u00e7\u00f5es para a&hellip;","_links":{"self":[{"href":"https:\/\/www.mpc.pr.gov.br\/index.php\/wp-json\/wp\/v2\/posts\/6214","targetHints":{"allow":["GET"]}}],"collection":[{"href":"https:\/\/www.mpc.pr.gov.br\/index.php\/wp-json\/wp\/v2\/posts"}],"about":[{"href":"https:\/\/www.mpc.pr.gov.br\/index.php\/wp-json\/wp\/v2\/types\/post"}],"author":[{"embeddable":true,"href":"https:\/\/www.mpc.pr.gov.br\/index.php\/wp-json\/wp\/v2\/users\/5"}],"replies":[{"embeddable":true,"href":"https:\/\/www.mpc.pr.gov.br\/index.php\/wp-json\/wp\/v2\/comments?post=6214"}],"version-history":[{"count":0,"href":"https:\/\/www.mpc.pr.gov.br\/index.php\/wp-json\/wp\/v2\/posts\/6214\/revisions"}],"wp:featuredmedia":[{"embeddable":true,"href":"https:\/\/www.mpc.pr.gov.br\/index.php\/wp-json\/"}],"wp:attachment":[{"href":"https:\/\/www.mpc.pr.gov.br\/index.php\/wp-json\/wp\/v2\/media?parent=6214"}],"wp:term":[{"taxonomy":"category","embeddable":true,"href":"https:\/\/www.mpc.pr.gov.br\/index.php\/wp-json\/wp\/v2\/categories?post=6214"},{"taxonomy":"post_tag","embeddable":true,"href":"https:\/\/www.mpc.pr.gov.br\/index.php\/wp-json\/wp\/v2\/tags?post=6214"}],"curies":[{"name":"wp","href":"https:\/\/api.w.org\/{rel}","templated":true}]}}