{"id":6319,"date":"2018-09-20T12:38:59","date_gmt":"2018-09-20T15:38:59","guid":{"rendered":"http:\/\/www.mpc.pr.gov.br\/?p=6319"},"modified":"2018-09-20T12:38:59","modified_gmt":"2018-09-20T15:38:59","slug":"palmeira-deve-disponibilizar-informacoes-de-medicos-no-portal-da-transparencia","status":"publish","type":"post","link":"https:\/\/www.mpc.pr.gov.br\/index.php\/palmeira-deve-disponibilizar-informacoes-de-medicos-no-portal-da-transparencia\/","title":{"rendered":"Palmeira deve disponibilizar informa\u00e7\u00f5es de m\u00e9dicos no portal da transpar\u00eancia"},"content":{"rendered":"<p><img decoding=\"async\" class=\"alignleft wp-image-6039 size-medium\" src=\"http:\/\/www.mpc.pr.gov.br\/wp-content\/uploads\/2018\/06\/acesso-300x130.png\" alt=\"\" width=\"300\" height=\"130\" \/>O Tribunal de Contas do Estado do Paran\u00e1 (TCE-PR) emitiu medida cautelar que determina ao Munic\u00edpio de Palmeira (Regi\u00e3o dos Campos Gerais) que disponibilize em seu portal da transpar\u00eancia, imediatamente, as informa\u00e7\u00f5es relativas \u00e0 execu\u00e7\u00e3o e fiscaliza\u00e7\u00e3o dos servi\u00e7os m\u00e9dicos, com a indica\u00e7\u00e3o da descri\u00e7\u00e3o de todos os empenhos e das informa\u00e7\u00f5es relativas ao n\u00famero de horas remuneradas e ao m\u00e9dico que efetivamente prestou os servi\u00e7os.<\/p>\n<p>O munic\u00edpio tamb\u00e9m deve encaminhar ao Tribunal, no prazo de 15 dias, os comprovantes do controle de frequ\u00eancia dos servidores m\u00e9dicos, em especial dos que possuem excesso de carga hor\u00e1ria, assim como a escala de plant\u00f5es, com indica\u00e7\u00e3o do registro do n\u00famero de horas efetivamente trabalhadas em plant\u00f5es realizados; e as informa\u00e7\u00f5es sobre os dias, hor\u00e1rios e locais de atendimento da empresa contratada.<\/p>\n<p>A medida cautelar foi concedida pelo conselheiro Fabio Camargo em 3 de setembro; e homologada na sess\u00e3o do Tribunal Pleno realizada no dia 12. O TCE-PR acatou Representa\u00e7\u00e3o proposta pelo Minist\u00e9rio P\u00fablico de Contas (MPC-PR), em raz\u00e3o de supostas irregularidades na \u00e1rea da presta\u00e7\u00e3o de servi\u00e7os p\u00fablicos de sa\u00fade.<\/p>\n<p>O MPC-PR apresentou extenso estudo sobre a estrutura de sa\u00fade do Munic\u00edpio de Palmeira, com base em informa\u00e7\u00f5es coletadas e em fontes p\u00fablicas, como o Cadastro Nacional de Pessoas Jur\u00eddicas (CNPJ), o Cadastro Nacional de Estabelecimentos de Sa\u00fade (CNES) e o Portal de Informa\u00e7\u00e3o para Todos (PIT) do TCE-PR.<\/p>\n<p>O \u00f3rg\u00e3o ministerial afirmou que teriam ocorrido no munic\u00edpio terceiriza\u00e7\u00e3o irregular do servi\u00e7o p\u00fablico de sa\u00fade, irregularidades nos procedimentos licitat\u00f3rios, incorreta contabiliza\u00e7\u00e3o das despesas, excessiva jornada di\u00e1ria de trabalho de alguns m\u00e9dicos, e falta de comprova\u00e7\u00e3o do cumprimento da carga hor\u00e1ria dos m\u00e9dicos efetivos.<\/p>\n<p>A representa\u00e7\u00e3o tamb\u00e9m apontou que n\u00e3o est\u00e1 sendo respeitada a Lei n\u00ba 12.527\/2011 (Lei da Transpar\u00eancia), pois o Munic\u00edpio de Palmeira n\u00e3o vem cumprindo as disposi\u00e7\u00f5es legais, especialmente em rela\u00e7\u00e3o aos empenhos que s\u00e3o disponibilizados no Portal de Transpar\u00eancia sem a discrimina\u00e7\u00e3o dos valores pagos e sem a indica\u00e7\u00e3o do m\u00e9dico que prestou o servi\u00e7o.<\/p>\n<p>O conselheiro do TCE-PR afirmou que \u00e9 preciso garantir a publicidade dos dados no Portal de Transpar\u00eancia, em atendimento ao comando da Lei Federal n\u00ba 12.527\/2011. Ele lembrou que em casos semelhantes, recentemente, o Tribunal determinou que as prefeituras de Apucarana, Arapongas, Camb\u00e9, Ibipor\u00e3, Londrina e Rol\u00e2ndia disponibilizassem em seus portais a \u00edntegra dos procedimentos licitat\u00f3rios e contratos, al\u00e9m de informa\u00e7\u00f5es relativas aos m\u00e9dicos que efetivamente prestaram os servi\u00e7os, como o n\u00famero de horas trabalhadas e o valor pago por hora.<\/p>\n<p>Assim, o conselheiro concluiu que os dados relacionados \u00e0 execu\u00e7\u00e3o dos servi\u00e7os m\u00e9dicos de Palmeira devem ser p\u00fablicos, para fins de fiscaliza\u00e7\u00e3o e controle social.<\/p>\n<p>O Tribunal determinou a intima\u00e7\u00e3o do munic\u00edpio para ci\u00eancia e cumprimento da decis\u00e3o; e a sua cita\u00e7\u00e3o, do prefeito e da pregoeira municipal para que apresentem defesa no prazo de 15 dias.<\/p>\n<p align=\"left\"><strong><u>Servi\u00e7o<\/u><\/strong><\/p>\n<table border=\"0\" width=\"629\" cellspacing=\"0\" cellpadding=\"0\">\n<tbody>\n<tr>\n<td><strong>Processo<\/strong>\u00a0<strong>n\u00ba<\/strong>:<\/td>\n<td>607969\/18<\/td>\n<\/tr>\n<tr>\n<td><strong>Ac\u00f3rd\u00e3o n\u00ba<\/strong><\/td>\n<td>2493\/18 &#8211; Tribunal Pleno<\/td>\n<\/tr>\n<tr>\n<td><strong>Assunto<\/strong>:<\/td>\n<td>Representa\u00e7\u00e3o<\/td>\n<\/tr>\n<tr>\n<td><strong>Entidade<\/strong>:<\/td>\n<td>Munic\u00edpio de Palmeira<\/td>\n<\/tr>\n<tr>\n<td><strong>Interessado<\/strong>:<\/td>\n<td>Minist\u00e9rio P\u00fablico de Contas do Estado do Paran\u00e1<\/td>\n<\/tr>\n<tr>\n<td><strong>Relator<\/strong>:<\/td>\n<td>Conselheiro Fabio de Souza Camargo<\/td>\n<\/tr>\n<\/tbody>\n<\/table>\n<div id=\"post-6236\" class=\"post\">\n<div id=\"mycontent2\">\n<div id=\"post-6182\" class=\"post\">\n<div id=\"mycontent2\">\n<p><strong><em><cite><span id=\"cphMasterPortal_lblInicioAutor\">Fonte:\u00a0<\/span><span id=\"cphMasterPortal_lblAutor\">Diretoria de Comunica\u00e7\u00e3o Social \u2013\u00a0<\/span><\/cite><span id=\"cphMasterPortal_lblFonte\">TCE\/PR.<\/span><\/em><\/strong><\/p>\n<\/div>\n<\/div>\n<\/div>\n<div class=\"clear\"><\/div>\n<\/div>\n","protected":false},"excerpt":{"rendered":"<p>O Tribunal de Contas do Estado do Paran\u00e1 (TCE-PR) emitiu medida cautelar que determina ao Munic\u00edpio de Palmeira (Regi\u00e3o dos Campos Gerais) que disponibilize em seu portal da transpar\u00eancia, imediatamente, as informa\u00e7\u00f5es relativas \u00e0 execu\u00e7\u00e3o e fiscaliza\u00e7\u00e3o dos servi\u00e7os m\u00e9dicos, com a indica\u00e7\u00e3o da descri\u00e7\u00e3o de todos os empenhos e das informa\u00e7\u00f5es relativas ao n\u00famero [&hellip;]<\/p>\n","protected":false},"author":5,"featured_media":6039,"comment_status":"open","ping_status":"open","sticky":false,"template":"","format":"standard","meta":{"_monsterinsights_skip_tracking":false,"_monsterinsights_sitenote_active":false,"_monsterinsights_sitenote_note":"","_monsterinsights_sitenote_category":0,"footnotes":""},"categories":[15,7],"tags":[],"class_list":["post-6319","post","type-post","status-publish","format-standard","has-post-thumbnail","hentry","category-noticias-de-interesse","category-todas-as-noticias","entry","has-media"],"yoast_head":"<!-- This site is optimized with the Yoast SEO plugin v27.3 - https:\/\/yoast.com\/product\/yoast-seo-wordpress\/ -->\n<title>Palmeira deve disponibilizar informa\u00e7\u00f5es de m\u00e9dicos no portal da transpar\u00eancia - Minist\u00e9rio P\u00fablico de Contas do Estado do Paran\u00e1<\/title>\n<meta name=\"robots\" content=\"index, follow, max-snippet:-1, max-image-preview:large, max-video-preview:-1\" \/>\n<link rel=\"canonical\" href=\"https:\/\/www.mpc.pr.gov.br\/index.php\/palmeira-deve-disponibilizar-informacoes-de-medicos-no-portal-da-transparencia\/\" \/>\n<meta property=\"og:locale\" content=\"pt_BR\" \/>\n<meta property=\"og:type\" content=\"article\" \/>\n<meta property=\"og:title\" content=\"Palmeira deve disponibilizar informa\u00e7\u00f5es de m\u00e9dicos no portal da transpar\u00eancia - Minist\u00e9rio P\u00fablico de Contas do Estado do Paran\u00e1\" \/>\n<meta property=\"og:description\" content=\"O Tribunal de Contas do Estado do Paran\u00e1 (TCE-PR) emitiu medida cautelar que determina ao Munic\u00edpio de Palmeira (Regi\u00e3o dos Campos Gerais) que disponibilize em seu portal da transpar\u00eancia, imediatamente, as informa\u00e7\u00f5es relativas \u00e0 execu\u00e7\u00e3o e fiscaliza\u00e7\u00e3o dos servi\u00e7os m\u00e9dicos, com a indica\u00e7\u00e3o da descri\u00e7\u00e3o de todos os empenhos e das informa\u00e7\u00f5es relativas ao n\u00famero [&hellip;]\" \/>\n<meta property=\"og:url\" content=\"https:\/\/www.mpc.pr.gov.br\/index.php\/palmeira-deve-disponibilizar-informacoes-de-medicos-no-portal-da-transparencia\/\" \/>\n<meta property=\"og:site_name\" content=\"Minist\u00e9rio P\u00fablico de Contas do Estado do Paran\u00e1\" \/>\n<meta property=\"article:publisher\" content=\"https:\/\/www.facebook.com\/mpc.pr\" \/>\n<meta property=\"article:published_time\" content=\"2018-09-20T15:38:59+00:00\" \/>\n<meta name=\"author\" content=\"giovanna.faria\" \/>\n<meta name=\"twitter:card\" content=\"summary_large_image\" \/>\n<meta name=\"twitter:label1\" content=\"Escrito por\" \/>\n\t<meta name=\"twitter:data1\" content=\"giovanna.faria\" \/>\n\t<meta name=\"twitter:label2\" content=\"Est. tempo de leitura\" \/>\n\t<meta name=\"twitter:data2\" content=\"3 minutos\" \/>\n<script type=\"application\/ld+json\" class=\"yoast-schema-graph\">{\"@context\":\"https:\\\/\\\/schema.org\",\"@graph\":[{\"@type\":\"Article\",\"@id\":\"https:\\\/\\\/www.mpc.pr.gov.br\\\/index.php\\\/palmeira-deve-disponibilizar-informacoes-de-medicos-no-portal-da-transparencia\\\/#article\",\"isPartOf\":{\"@id\":\"https:\\\/\\\/www.mpc.pr.gov.br\\\/index.php\\\/palmeira-deve-disponibilizar-informacoes-de-medicos-no-portal-da-transparencia\\\/\"},\"author\":{\"name\":\"giovanna.faria\",\"@id\":\"https:\\\/\\\/www.mpc.pr.gov.br\\\/#\\\/schema\\\/person\\\/d0c5cf9ebb4d8be833c419f3538cf751\"},\"headline\":\"Palmeira deve disponibilizar informa\u00e7\u00f5es de m\u00e9dicos no portal da transpar\u00eancia\",\"datePublished\":\"2018-09-20T15:38:59+00:00\",\"mainEntityOfPage\":{\"@id\":\"https:\\\/\\\/www.mpc.pr.gov.br\\\/index.php\\\/palmeira-deve-disponibilizar-informacoes-de-medicos-no-portal-da-transparencia\\\/\"},\"wordCount\":598,\"commentCount\":0,\"publisher\":{\"@id\":\"https:\\\/\\\/www.mpc.pr.gov.br\\\/#organization\"},\"image\":{\"@id\":\"https:\\\/\\\/www.mpc.pr.gov.br\\\/index.php\\\/palmeira-deve-disponibilizar-informacoes-de-medicos-no-portal-da-transparencia\\\/#primaryimage\"},\"thumbnailUrl\":\"\",\"articleSection\":[\"Not\u00edcias de Interesse\",\"Todas as not\u00edcias\"],\"inLanguage\":\"pt-BR\",\"potentialAction\":[{\"@type\":\"CommentAction\",\"name\":\"Comment\",\"target\":[\"https:\\\/\\\/www.mpc.pr.gov.br\\\/index.php\\\/palmeira-deve-disponibilizar-informacoes-de-medicos-no-portal-da-transparencia\\\/#respond\"]}]},{\"@type\":\"WebPage\",\"@id\":\"https:\\\/\\\/www.mpc.pr.gov.br\\\/index.php\\\/palmeira-deve-disponibilizar-informacoes-de-medicos-no-portal-da-transparencia\\\/\",\"url\":\"https:\\\/\\\/www.mpc.pr.gov.br\\\/index.php\\\/palmeira-deve-disponibilizar-informacoes-de-medicos-no-portal-da-transparencia\\\/\",\"name\":\"Palmeira deve disponibilizar informa\u00e7\u00f5es de m\u00e9dicos no portal da transpar\u00eancia - Minist\u00e9rio P\u00fablico de Contas do Estado do Paran\u00e1\",\"isPartOf\":{\"@id\":\"https:\\\/\\\/www.mpc.pr.gov.br\\\/#website\"},\"primaryImageOfPage\":{\"@id\":\"https:\\\/\\\/www.mpc.pr.gov.br\\\/index.php\\\/palmeira-deve-disponibilizar-informacoes-de-medicos-no-portal-da-transparencia\\\/#primaryimage\"},\"image\":{\"@id\":\"https:\\\/\\\/www.mpc.pr.gov.br\\\/index.php\\\/palmeira-deve-disponibilizar-informacoes-de-medicos-no-portal-da-transparencia\\\/#primaryimage\"},\"thumbnailUrl\":\"\",\"datePublished\":\"2018-09-20T15:38:59+00:00\",\"breadcrumb\":{\"@id\":\"https:\\\/\\\/www.mpc.pr.gov.br\\\/index.php\\\/palmeira-deve-disponibilizar-informacoes-de-medicos-no-portal-da-transparencia\\\/#breadcrumb\"},\"inLanguage\":\"pt-BR\",\"potentialAction\":[{\"@type\":\"ReadAction\",\"target\":[\"https:\\\/\\\/www.mpc.pr.gov.br\\\/index.php\\\/palmeira-deve-disponibilizar-informacoes-de-medicos-no-portal-da-transparencia\\\/\"]}]},{\"@type\":\"ImageObject\",\"inLanguage\":\"pt-BR\",\"@id\":\"https:\\\/\\\/www.mpc.pr.gov.br\\\/index.php\\\/palmeira-deve-disponibilizar-informacoes-de-medicos-no-portal-da-transparencia\\\/#primaryimage\",\"url\":\"\",\"contentUrl\":\"\"},{\"@type\":\"BreadcrumbList\",\"@id\":\"https:\\\/\\\/www.mpc.pr.gov.br\\\/index.php\\\/palmeira-deve-disponibilizar-informacoes-de-medicos-no-portal-da-transparencia\\\/#breadcrumb\",\"itemListElement\":[{\"@type\":\"ListItem\",\"position\":1,\"name\":\"In\u00edcio\",\"item\":\"https:\\\/\\\/www.mpc.pr.gov.br\\\/\"},{\"@type\":\"ListItem\",\"position\":2,\"name\":\"Palmeira deve disponibilizar informa\u00e7\u00f5es de m\u00e9dicos no portal da transpar\u00eancia\"}]},{\"@type\":\"WebSite\",\"@id\":\"https:\\\/\\\/www.mpc.pr.gov.br\\\/#website\",\"url\":\"https:\\\/\\\/www.mpc.pr.gov.br\\\/\",\"name\":\"Minist\u00e9rio P\u00fablico de Contas do Estado do Paran\u00e1\",\"description\":\"\",\"publisher\":{\"@id\":\"https:\\\/\\\/www.mpc.pr.gov.br\\\/#organization\"},\"potentialAction\":[{\"@type\":\"SearchAction\",\"target\":{\"@type\":\"EntryPoint\",\"urlTemplate\":\"https:\\\/\\\/www.mpc.pr.gov.br\\\/?s={search_term_string}\"},\"query-input\":{\"@type\":\"PropertyValueSpecification\",\"valueRequired\":true,\"valueName\":\"search_term_string\"}}],\"inLanguage\":\"pt-BR\"},{\"@type\":\"Organization\",\"@id\":\"https:\\\/\\\/www.mpc.pr.gov.br\\\/#organization\",\"name\":\"Minist\u00e9rio P\u00fablico de Contas do Estado do Paran\u00e1\",\"url\":\"https:\\\/\\\/www.mpc.pr.gov.br\\\/\",\"logo\":{\"@type\":\"ImageObject\",\"inLanguage\":\"pt-BR\",\"@id\":\"https:\\\/\\\/www.mpc.pr.gov.br\\\/#\\\/schema\\\/logo\\\/image\\\/\",\"url\":\"https:\\\/\\\/www.mpc.pr.gov.br\\\/wp-content\\\/uploads\\\/2020\\\/06\\\/99423647_1593460364143890_6706793420720963584_n-1-e1591387983167.png\",\"contentUrl\":\"https:\\\/\\\/www.mpc.pr.gov.br\\\/wp-content\\\/uploads\\\/2020\\\/06\\\/99423647_1593460364143890_6706793420720963584_n-1-e1591387983167.png\",\"width\":243,\"height\":73,\"caption\":\"Minist\u00e9rio P\u00fablico de Contas do Estado do Paran\u00e1\"},\"image\":{\"@id\":\"https:\\\/\\\/www.mpc.pr.gov.br\\\/#\\\/schema\\\/logo\\\/image\\\/\"},\"sameAs\":[\"https:\\\/\\\/www.facebook.com\\\/mpc.pr\",\"https:\\\/\\\/www.instagram.com\\\/mpc.pr\\\/?hl=pt-br\",\"https:\\\/\\\/www.youtube.com\\\/channel\\\/UCHri5oEM8DV0ztX57E0sBSw\"]},{\"@type\":\"Person\",\"@id\":\"https:\\\/\\\/www.mpc.pr.gov.br\\\/#\\\/schema\\\/person\\\/d0c5cf9ebb4d8be833c419f3538cf751\",\"name\":\"giovanna.faria\",\"image\":{\"@type\":\"ImageObject\",\"inLanguage\":\"pt-BR\",\"@id\":\"https:\\\/\\\/secure.gravatar.com\\\/avatar\\\/?s=96&d=mm&r=g\",\"url\":\"https:\\\/\\\/secure.gravatar.com\\\/avatar\\\/?s=96&d=mm&r=g\",\"contentUrl\":\"https:\\\/\\\/secure.gravatar.com\\\/avatar\\\/?s=96&d=mm&r=g\",\"caption\":\"giovanna.faria\"}}]}<\/script>\n<!-- \/ Yoast SEO plugin. -->","yoast_head_json":{"title":"Palmeira deve disponibilizar informa\u00e7\u00f5es de m\u00e9dicos no portal da transpar\u00eancia - Minist\u00e9rio P\u00fablico de Contas do Estado do Paran\u00e1","robots":{"index":"index","follow":"follow","max-snippet":"max-snippet:-1","max-image-preview":"max-image-preview:large","max-video-preview":"max-video-preview:-1"},"canonical":"https:\/\/www.mpc.pr.gov.br\/index.php\/palmeira-deve-disponibilizar-informacoes-de-medicos-no-portal-da-transparencia\/","og_locale":"pt_BR","og_type":"article","og_title":"Palmeira deve disponibilizar informa\u00e7\u00f5es de m\u00e9dicos no portal da transpar\u00eancia - Minist\u00e9rio P\u00fablico de Contas do Estado do Paran\u00e1","og_description":"O Tribunal de Contas do Estado do Paran\u00e1 (TCE-PR) emitiu medida cautelar que determina ao Munic\u00edpio de Palmeira (Regi\u00e3o dos Campos Gerais) que disponibilize em seu portal da transpar\u00eancia, imediatamente, as informa\u00e7\u00f5es relativas \u00e0 execu\u00e7\u00e3o e fiscaliza\u00e7\u00e3o dos servi\u00e7os m\u00e9dicos, com a indica\u00e7\u00e3o da descri\u00e7\u00e3o de todos os empenhos e das informa\u00e7\u00f5es relativas ao n\u00famero [&hellip;]","og_url":"https:\/\/www.mpc.pr.gov.br\/index.php\/palmeira-deve-disponibilizar-informacoes-de-medicos-no-portal-da-transparencia\/","og_site_name":"Minist\u00e9rio P\u00fablico de Contas do Estado do Paran\u00e1","article_publisher":"https:\/\/www.facebook.com\/mpc.pr","article_published_time":"2018-09-20T15:38:59+00:00","author":"giovanna.faria","twitter_card":"summary_large_image","twitter_misc":{"Escrito por":"giovanna.faria","Est. tempo de leitura":"3 minutos"},"schema":{"@context":"https:\/\/schema.org","@graph":[{"@type":"Article","@id":"https:\/\/www.mpc.pr.gov.br\/index.php\/palmeira-deve-disponibilizar-informacoes-de-medicos-no-portal-da-transparencia\/#article","isPartOf":{"@id":"https:\/\/www.mpc.pr.gov.br\/index.php\/palmeira-deve-disponibilizar-informacoes-de-medicos-no-portal-da-transparencia\/"},"author":{"name":"giovanna.faria","@id":"https:\/\/www.mpc.pr.gov.br\/#\/schema\/person\/d0c5cf9ebb4d8be833c419f3538cf751"},"headline":"Palmeira deve disponibilizar informa\u00e7\u00f5es de m\u00e9dicos no portal da transpar\u00eancia","datePublished":"2018-09-20T15:38:59+00:00","mainEntityOfPage":{"@id":"https:\/\/www.mpc.pr.gov.br\/index.php\/palmeira-deve-disponibilizar-informacoes-de-medicos-no-portal-da-transparencia\/"},"wordCount":598,"commentCount":0,"publisher":{"@id":"https:\/\/www.mpc.pr.gov.br\/#organization"},"image":{"@id":"https:\/\/www.mpc.pr.gov.br\/index.php\/palmeira-deve-disponibilizar-informacoes-de-medicos-no-portal-da-transparencia\/#primaryimage"},"thumbnailUrl":"","articleSection":["Not\u00edcias de Interesse","Todas as not\u00edcias"],"inLanguage":"pt-BR","potentialAction":[{"@type":"CommentAction","name":"Comment","target":["https:\/\/www.mpc.pr.gov.br\/index.php\/palmeira-deve-disponibilizar-informacoes-de-medicos-no-portal-da-transparencia\/#respond"]}]},{"@type":"WebPage","@id":"https:\/\/www.mpc.pr.gov.br\/index.php\/palmeira-deve-disponibilizar-informacoes-de-medicos-no-portal-da-transparencia\/","url":"https:\/\/www.mpc.pr.gov.br\/index.php\/palmeira-deve-disponibilizar-informacoes-de-medicos-no-portal-da-transparencia\/","name":"Palmeira deve disponibilizar informa\u00e7\u00f5es de m\u00e9dicos no portal da transpar\u00eancia - Minist\u00e9rio P\u00fablico de Contas do Estado do Paran\u00e1","isPartOf":{"@id":"https:\/\/www.mpc.pr.gov.br\/#website"},"primaryImageOfPage":{"@id":"https:\/\/www.mpc.pr.gov.br\/index.php\/palmeira-deve-disponibilizar-informacoes-de-medicos-no-portal-da-transparencia\/#primaryimage"},"image":{"@id":"https:\/\/www.mpc.pr.gov.br\/index.php\/palmeira-deve-disponibilizar-informacoes-de-medicos-no-portal-da-transparencia\/#primaryimage"},"thumbnailUrl":"","datePublished":"2018-09-20T15:38:59+00:00","breadcrumb":{"@id":"https:\/\/www.mpc.pr.gov.br\/index.php\/palmeira-deve-disponibilizar-informacoes-de-medicos-no-portal-da-transparencia\/#breadcrumb"},"inLanguage":"pt-BR","potentialAction":[{"@type":"ReadAction","target":["https:\/\/www.mpc.pr.gov.br\/index.php\/palmeira-deve-disponibilizar-informacoes-de-medicos-no-portal-da-transparencia\/"]}]},{"@type":"ImageObject","inLanguage":"pt-BR","@id":"https:\/\/www.mpc.pr.gov.br\/index.php\/palmeira-deve-disponibilizar-informacoes-de-medicos-no-portal-da-transparencia\/#primaryimage","url":"","contentUrl":""},{"@type":"BreadcrumbList","@id":"https:\/\/www.mpc.pr.gov.br\/index.php\/palmeira-deve-disponibilizar-informacoes-de-medicos-no-portal-da-transparencia\/#breadcrumb","itemListElement":[{"@type":"ListItem","position":1,"name":"In\u00edcio","item":"https:\/\/www.mpc.pr.gov.br\/"},{"@type":"ListItem","position":2,"name":"Palmeira deve disponibilizar informa\u00e7\u00f5es de m\u00e9dicos no portal da transpar\u00eancia"}]},{"@type":"WebSite","@id":"https:\/\/www.mpc.pr.gov.br\/#website","url":"https:\/\/www.mpc.pr.gov.br\/","name":"Minist\u00e9rio P\u00fablico de Contas do Estado do Paran\u00e1","description":"","publisher":{"@id":"https:\/\/www.mpc.pr.gov.br\/#organization"},"potentialAction":[{"@type":"SearchAction","target":{"@type":"EntryPoint","urlTemplate":"https:\/\/www.mpc.pr.gov.br\/?s={search_term_string}"},"query-input":{"@type":"PropertyValueSpecification","valueRequired":true,"valueName":"search_term_string"}}],"inLanguage":"pt-BR"},{"@type":"Organization","@id":"https:\/\/www.mpc.pr.gov.br\/#organization","name":"Minist\u00e9rio P\u00fablico de Contas do Estado do Paran\u00e1","url":"https:\/\/www.mpc.pr.gov.br\/","logo":{"@type":"ImageObject","inLanguage":"pt-BR","@id":"https:\/\/www.mpc.pr.gov.br\/#\/schema\/logo\/image\/","url":"https:\/\/www.mpc.pr.gov.br\/wp-content\/uploads\/2020\/06\/99423647_1593460364143890_6706793420720963584_n-1-e1591387983167.png","contentUrl":"https:\/\/www.mpc.pr.gov.br\/wp-content\/uploads\/2020\/06\/99423647_1593460364143890_6706793420720963584_n-1-e1591387983167.png","width":243,"height":73,"caption":"Minist\u00e9rio P\u00fablico de Contas do Estado do Paran\u00e1"},"image":{"@id":"https:\/\/www.mpc.pr.gov.br\/#\/schema\/logo\/image\/"},"sameAs":["https:\/\/www.facebook.com\/mpc.pr","https:\/\/www.instagram.com\/mpc.pr\/?hl=pt-br","https:\/\/www.youtube.com\/channel\/UCHri5oEM8DV0ztX57E0sBSw"]},{"@type":"Person","@id":"https:\/\/www.mpc.pr.gov.br\/#\/schema\/person\/d0c5cf9ebb4d8be833c419f3538cf751","name":"giovanna.faria","image":{"@type":"ImageObject","inLanguage":"pt-BR","@id":"https:\/\/secure.gravatar.com\/avatar\/?s=96&d=mm&r=g","url":"https:\/\/secure.gravatar.com\/avatar\/?s=96&d=mm&r=g","contentUrl":"https:\/\/secure.gravatar.com\/avatar\/?s=96&d=mm&r=g","caption":"giovanna.faria"}}]}},"rttpg_featured_image_url":null,"rttpg_author":{"display_name":"giovanna.faria","author_link":"https:\/\/www.mpc.pr.gov.br\/index.php\/author\/giovanna-faria\/"},"rttpg_comment":0,"rttpg_category":"<a href=\"https:\/\/www.mpc.pr.gov.br\/index.php\/category\/noticias-de-interesse\/\" rel=\"category tag\">Not\u00edcias de Interesse<\/a> <a href=\"https:\/\/www.mpc.pr.gov.br\/index.php\/category\/todas-as-noticias\/\" rel=\"category tag\">Todas as not\u00edcias<\/a>","rttpg_excerpt":"O Tribunal de Contas do Estado do Paran\u00e1 (TCE-PR) emitiu medida cautelar que determina ao Munic\u00edpio de Palmeira (Regi\u00e3o dos Campos Gerais) que disponibilize em seu portal da transpar\u00eancia, imediatamente, as informa\u00e7\u00f5es relativas \u00e0 execu\u00e7\u00e3o e fiscaliza\u00e7\u00e3o dos servi\u00e7os m\u00e9dicos, com a indica\u00e7\u00e3o da descri\u00e7\u00e3o de todos os empenhos e das informa\u00e7\u00f5es relativas ao n\u00famero&hellip;","_links":{"self":[{"href":"https:\/\/www.mpc.pr.gov.br\/index.php\/wp-json\/wp\/v2\/posts\/6319","targetHints":{"allow":["GET"]}}],"collection":[{"href":"https:\/\/www.mpc.pr.gov.br\/index.php\/wp-json\/wp\/v2\/posts"}],"about":[{"href":"https:\/\/www.mpc.pr.gov.br\/index.php\/wp-json\/wp\/v2\/types\/post"}],"author":[{"embeddable":true,"href":"https:\/\/www.mpc.pr.gov.br\/index.php\/wp-json\/wp\/v2\/users\/5"}],"replies":[{"embeddable":true,"href":"https:\/\/www.mpc.pr.gov.br\/index.php\/wp-json\/wp\/v2\/comments?post=6319"}],"version-history":[{"count":0,"href":"https:\/\/www.mpc.pr.gov.br\/index.php\/wp-json\/wp\/v2\/posts\/6319\/revisions"}],"wp:featuredmedia":[{"embeddable":true,"href":"https:\/\/www.mpc.pr.gov.br\/index.php\/wp-json\/"}],"wp:attachment":[{"href":"https:\/\/www.mpc.pr.gov.br\/index.php\/wp-json\/wp\/v2\/media?parent=6319"}],"wp:term":[{"taxonomy":"category","embeddable":true,"href":"https:\/\/www.mpc.pr.gov.br\/index.php\/wp-json\/wp\/v2\/categories?post=6319"},{"taxonomy":"post_tag","embeddable":true,"href":"https:\/\/www.mpc.pr.gov.br\/index.php\/wp-json\/wp\/v2\/tags?post=6319"}],"curies":[{"name":"wp","href":"https:\/\/api.w.org\/{rel}","templated":true}]}}