{"id":6321,"date":"2018-09-20T14:46:26","date_gmt":"2018-09-20T17:46:26","guid":{"rendered":"http:\/\/www.mpc.pr.gov.br\/?p=6321"},"modified":"2018-09-20T14:46:26","modified_gmt":"2018-09-20T17:46:26","slug":"tce-pr-julga-contas-do-governo-do-estado-na-proxima-semana","status":"publish","type":"post","link":"https:\/\/www.mpc.pr.gov.br\/index.php\/tce-pr-julga-contas-do-governo-do-estado-na-proxima-semana\/","title":{"rendered":"TCE-PR julga contas do Governo do Estado na pr\u00f3xima semana"},"content":{"rendered":"<p><img fetchpriority=\"high\" decoding=\"async\" class=\"alignleft wp-image-5313 size-medium\" src=\"http:\/\/www.mpc.pr.gov.br\/wp-content\/uploads\/2017\/09\/Parana_bandeiras_050512-300x213.jpg\" alt=\"\" width=\"300\" height=\"213\" \/>Na pr\u00f3xima quarta-feira (26) em sess\u00e3o extraordin\u00e1ria, o Tribunal Pleno do Tribunal de Contas do Paran\u00e1 (TCE-PR) julgar\u00e1 as contas do Governo do Paran\u00e1, referentes ao exerc\u00edcio de 2017. Em seu parecer pr\u00e9vio o MP de Contas do Paran\u00e1 se manifestou pela irregularidade das contas que s\u00e3o de responsabilidade do ex-Governador Carlos Alberto Richa.<\/p>\n<p>Em sua an\u00e1lise o \u00f3rg\u00e3o ministerial pontua que h\u00e1 evidentes viola\u00e7\u00f5es a ordem jur\u00eddica e, apesar de se notar alguns esfor\u00e7os para sanar as irregularidades constatadas nos exerc\u00edcios anteriores, estas tem perpetuado. J\u00e1 a Coordenadoria de Gest\u00e3o Estadual (CGE) conclui pela regularidade das contas, com a aplica\u00e7\u00e3o de 24 ressalvas, 18 determina\u00e7\u00f5es e 6 recomenda\u00e7\u00f5es. Para o MP de Contas tais medidas n\u00e3o s\u00e3o eficazes, frente a gravidade das irregularidades identificadas.<\/p>\n<p>\u00c9 o caso da aus\u00eancia de demonstrativos determinados pela Lei de Responsabilidade Fiscal (LRF) para o projeto da Lei Or\u00e7ament\u00e1ria Anual (LOA) e a insufici\u00eancia do demonstrativo de estimativa e compensa\u00e7\u00e3o da ren\u00fancia de receita, o que demonstra a falta de planejamento or\u00e7ament\u00e1rio e financeiro do Poder Executivo. Al\u00e9m de propor a irregularidade, o \u00f3rg\u00e3o ministerial concorda com a unidade t\u00e9cnica pela necessidade da realiza\u00e7\u00e3o de uma auditoria espec\u00edfica pelo Tribunal de contas do Paran\u00e1 (TCE-PR).<\/p>\n<p>Tamb\u00e9m foram observados a falta de repasse integral da receita arrecadada \u00e0 conta do Fundo especial da Procuradoria-Geral do Estado (FPGE). Tal falta evidencia o descomprometimento do poder p\u00fablico com a recupera\u00e7\u00e3o da d\u00edvida ativa, pois uma das finalidades do FPGER \u00e9 justamente fomentar a arrecada\u00e7\u00e3o da d\u00edvida p\u00fablica.<\/p>\n<p>O mesmo foi identificado em rela\u00e7\u00e3o as cotas or\u00e7ament\u00e1rias autorizadas pela Lei de Diretrizes Or\u00e7ament\u00e1rias (LDO) aos Poderes Legislativo e Judici\u00e1rio. O n\u00e3o repasse desses recursos compromete a autonomia financeira dos poderes e \u00f3rg\u00e3os constitucionais, em afronta ao art. 2\u00b0 da Constitui\u00e7\u00e3o Federal de 1988 (CF\/88).<\/p>\n<p>Outra irregularidade que tem preocupado o MP de Contas e que tem sido motivo pela reprova\u00e7\u00e3o das contas pelos \u00faltimos tr\u00eas exerc\u00edcios consecutivos, \u00e9 \u00e0 gest\u00e3o previdenci\u00e1ria promovida pelo Estado. Nota-se que persiste a absoluta aus\u00eancia de repasse da contribui\u00e7\u00e3o patronal sobre a folha de inativos e pensionistas, al\u00e9m de outras parcelas referentes \u00e0 contribui\u00e7\u00e3o dos pr\u00f3prios inativos e pensionistas, que j\u00e1 alcan\u00e7a a cifra de R$ 729 milh\u00f5es. Al\u00e9m de ilegal, tal atitude compromete o equil\u00edbrio financeiro-atuarial do sistema, ao descapitalizar as reservas j\u00e1 constitu\u00eddas.<\/p>\n<p>A Procuradoria-Geral do MP de Contas ainda ressalta que <em>\u201ccontrariamente ao senso comum, no caso, o rombo previdenci\u00e1rio n\u00e3o \u00e9 provocado pelo plano de benef\u00edcios do regime ou pelo volume de benefici\u00e1rios, mas pela pura e simples des\u00eddia dos gestores incumbidos de cumprir a correspondente obriga\u00e7\u00e3o estatal. \u201d<\/em><\/p>\n<p>H\u00e1 tamb\u00e9m o descumprimento de \u00edndices constitucionais em rela\u00e7\u00e3o aos gastos com sa\u00fade. O MP de Contas discorda dos crit\u00e9rios de c\u00e1lculos usados pela CGE e que s\u00e3o admitidos pela Corte do TCE, pois s\u00e3o contabilizados para fins de apura\u00e7\u00e3o do m\u00ednimo constitucional, os gastos com a gest\u00e3o da sa\u00fade dos servidores e seus dependentes (SAS) e com a gest\u00e3o do Hospital da Pol\u00edcia Militar. Apesar da relev\u00e2ncia social desses servi\u00e7os, eles n\u00e3o constituem a pol\u00edtica de acesso universal e, portanto, n\u00e3o devem ser computados para fins de atingimento do m\u00ednimo previsto na CF\/88.<\/p>\n<p>Como destacado pelo \u00f3rg\u00e3o ministerial em seu parecer pr\u00e9vio, as irregularidades apontadas s\u00e3o reincidentes dos exerc\u00edcios anteriores, o que demonstra o descomprometimento do referido Gestor em reparar e sanar os preju\u00edzos perpetrados em face da Administra\u00e7\u00e3o P\u00fablica. E, a despeito de tais apontamentos o TCE-PR tem, pelos \u00faltimos tr\u00eas anos consecutivos, desconsiderado o posicionamento do MP de Contas e aprovado as contas do Governo, com meras ressalvas, determina\u00e7\u00f5es e recomenda\u00e7\u00f5es.<\/p>\n<p>O Parecer ministerial n\u00b0 789\/18 pode ser acessado <a href=\"http:\/\/www.mpc.pr.gov.br\/wp-content\/uploads\/2018\/08\/Parecer-789-18.pdf\">aqui<\/a>.<\/p>\n","protected":false},"excerpt":{"rendered":"<p>Na pr\u00f3xima quarta-feira (26) em sess\u00e3o extraordin\u00e1ria, o Tribunal Pleno do Tribunal de Contas do Paran\u00e1 (TCE-PR) julgar\u00e1 as contas do Governo do Paran\u00e1, referentes ao exerc\u00edcio de 2017. Em seu parecer pr\u00e9vio o MP de Contas do Paran\u00e1 se manifestou pela irregularidade das contas que s\u00e3o de responsabilidade do ex-Governador Carlos Alberto Richa. Em [&hellip;]<\/p>\n","protected":false},"author":5,"featured_media":5313,"comment_status":"open","ping_status":"open","sticky":false,"template":"","format":"standard","meta":{"_monsterinsights_skip_tracking":false,"_monsterinsights_sitenote_active":false,"_monsterinsights_sitenote_note":"","_monsterinsights_sitenote_category":0,"footnotes":""},"categories":[7],"tags":[],"class_list":["post-6321","post","type-post","status-publish","format-standard","has-post-thumbnail","hentry","category-todas-as-noticias","entry","has-media"],"yoast_head":"<!-- This site is optimized with the Yoast SEO plugin v27.3 - https:\/\/yoast.com\/product\/yoast-seo-wordpress\/ -->\n<title>TCE-PR julga contas do Governo do Estado na pr\u00f3xima semana - Minist\u00e9rio P\u00fablico de Contas do Estado do Paran\u00e1<\/title>\n<meta name=\"robots\" content=\"index, follow, max-snippet:-1, max-image-preview:large, max-video-preview:-1\" \/>\n<link rel=\"canonical\" href=\"https:\/\/www.mpc.pr.gov.br\/index.php\/tce-pr-julga-contas-do-governo-do-estado-na-proxima-semana\/\" \/>\n<meta property=\"og:locale\" content=\"pt_BR\" \/>\n<meta property=\"og:type\" content=\"article\" \/>\n<meta property=\"og:title\" content=\"TCE-PR julga contas do Governo do Estado na pr\u00f3xima semana - Minist\u00e9rio P\u00fablico de Contas do Estado do Paran\u00e1\" \/>\n<meta property=\"og:description\" content=\"Na pr\u00f3xima quarta-feira (26) em sess\u00e3o extraordin\u00e1ria, o Tribunal Pleno do Tribunal de Contas do Paran\u00e1 (TCE-PR) julgar\u00e1 as contas do Governo do Paran\u00e1, referentes ao exerc\u00edcio de 2017. Em seu parecer pr\u00e9vio o MP de Contas do Paran\u00e1 se manifestou pela irregularidade das contas que s\u00e3o de responsabilidade do ex-Governador Carlos Alberto Richa. Em [&hellip;]\" \/>\n<meta property=\"og:url\" content=\"https:\/\/www.mpc.pr.gov.br\/index.php\/tce-pr-julga-contas-do-governo-do-estado-na-proxima-semana\/\" \/>\n<meta property=\"og:site_name\" content=\"Minist\u00e9rio P\u00fablico de Contas do Estado do Paran\u00e1\" \/>\n<meta property=\"article:publisher\" content=\"https:\/\/www.facebook.com\/mpc.pr\" \/>\n<meta property=\"article:published_time\" content=\"2018-09-20T17:46:26+00:00\" \/>\n<meta name=\"author\" content=\"giovanna.faria\" \/>\n<meta name=\"twitter:card\" content=\"summary_large_image\" \/>\n<meta name=\"twitter:label1\" content=\"Escrito por\" \/>\n\t<meta name=\"twitter:data1\" content=\"giovanna.faria\" \/>\n\t<meta name=\"twitter:label2\" content=\"Est. tempo de leitura\" \/>\n\t<meta name=\"twitter:data2\" content=\"3 minutos\" \/>\n<script type=\"application\/ld+json\" class=\"yoast-schema-graph\">{\"@context\":\"https:\\\/\\\/schema.org\",\"@graph\":[{\"@type\":\"Article\",\"@id\":\"https:\\\/\\\/www.mpc.pr.gov.br\\\/index.php\\\/tce-pr-julga-contas-do-governo-do-estado-na-proxima-semana\\\/#article\",\"isPartOf\":{\"@id\":\"https:\\\/\\\/www.mpc.pr.gov.br\\\/index.php\\\/tce-pr-julga-contas-do-governo-do-estado-na-proxima-semana\\\/\"},\"author\":{\"name\":\"giovanna.faria\",\"@id\":\"https:\\\/\\\/www.mpc.pr.gov.br\\\/#\\\/schema\\\/person\\\/d0c5cf9ebb4d8be833c419f3538cf751\"},\"headline\":\"TCE-PR julga contas do Governo do Estado na pr\u00f3xima semana\",\"datePublished\":\"2018-09-20T17:46:26+00:00\",\"mainEntityOfPage\":{\"@id\":\"https:\\\/\\\/www.mpc.pr.gov.br\\\/index.php\\\/tce-pr-julga-contas-do-governo-do-estado-na-proxima-semana\\\/\"},\"wordCount\":694,\"commentCount\":0,\"publisher\":{\"@id\":\"https:\\\/\\\/www.mpc.pr.gov.br\\\/#organization\"},\"image\":{\"@id\":\"https:\\\/\\\/www.mpc.pr.gov.br\\\/index.php\\\/tce-pr-julga-contas-do-governo-do-estado-na-proxima-semana\\\/#primaryimage\"},\"thumbnailUrl\":\"\",\"articleSection\":[\"Todas as not\u00edcias\"],\"inLanguage\":\"pt-BR\",\"potentialAction\":[{\"@type\":\"CommentAction\",\"name\":\"Comment\",\"target\":[\"https:\\\/\\\/www.mpc.pr.gov.br\\\/index.php\\\/tce-pr-julga-contas-do-governo-do-estado-na-proxima-semana\\\/#respond\"]}]},{\"@type\":\"WebPage\",\"@id\":\"https:\\\/\\\/www.mpc.pr.gov.br\\\/index.php\\\/tce-pr-julga-contas-do-governo-do-estado-na-proxima-semana\\\/\",\"url\":\"https:\\\/\\\/www.mpc.pr.gov.br\\\/index.php\\\/tce-pr-julga-contas-do-governo-do-estado-na-proxima-semana\\\/\",\"name\":\"TCE-PR julga contas do Governo do Estado na pr\u00f3xima semana - Minist\u00e9rio P\u00fablico de Contas do Estado do Paran\u00e1\",\"isPartOf\":{\"@id\":\"https:\\\/\\\/www.mpc.pr.gov.br\\\/#website\"},\"primaryImageOfPage\":{\"@id\":\"https:\\\/\\\/www.mpc.pr.gov.br\\\/index.php\\\/tce-pr-julga-contas-do-governo-do-estado-na-proxima-semana\\\/#primaryimage\"},\"image\":{\"@id\":\"https:\\\/\\\/www.mpc.pr.gov.br\\\/index.php\\\/tce-pr-julga-contas-do-governo-do-estado-na-proxima-semana\\\/#primaryimage\"},\"thumbnailUrl\":\"\",\"datePublished\":\"2018-09-20T17:46:26+00:00\",\"breadcrumb\":{\"@id\":\"https:\\\/\\\/www.mpc.pr.gov.br\\\/index.php\\\/tce-pr-julga-contas-do-governo-do-estado-na-proxima-semana\\\/#breadcrumb\"},\"inLanguage\":\"pt-BR\",\"potentialAction\":[{\"@type\":\"ReadAction\",\"target\":[\"https:\\\/\\\/www.mpc.pr.gov.br\\\/index.php\\\/tce-pr-julga-contas-do-governo-do-estado-na-proxima-semana\\\/\"]}]},{\"@type\":\"ImageObject\",\"inLanguage\":\"pt-BR\",\"@id\":\"https:\\\/\\\/www.mpc.pr.gov.br\\\/index.php\\\/tce-pr-julga-contas-do-governo-do-estado-na-proxima-semana\\\/#primaryimage\",\"url\":\"\",\"contentUrl\":\"\"},{\"@type\":\"BreadcrumbList\",\"@id\":\"https:\\\/\\\/www.mpc.pr.gov.br\\\/index.php\\\/tce-pr-julga-contas-do-governo-do-estado-na-proxima-semana\\\/#breadcrumb\",\"itemListElement\":[{\"@type\":\"ListItem\",\"position\":1,\"name\":\"In\u00edcio\",\"item\":\"https:\\\/\\\/www.mpc.pr.gov.br\\\/\"},{\"@type\":\"ListItem\",\"position\":2,\"name\":\"TCE-PR julga contas do Governo do Estado na pr\u00f3xima semana\"}]},{\"@type\":\"WebSite\",\"@id\":\"https:\\\/\\\/www.mpc.pr.gov.br\\\/#website\",\"url\":\"https:\\\/\\\/www.mpc.pr.gov.br\\\/\",\"name\":\"Minist\u00e9rio P\u00fablico de Contas do Estado do Paran\u00e1\",\"description\":\"\",\"publisher\":{\"@id\":\"https:\\\/\\\/www.mpc.pr.gov.br\\\/#organization\"},\"potentialAction\":[{\"@type\":\"SearchAction\",\"target\":{\"@type\":\"EntryPoint\",\"urlTemplate\":\"https:\\\/\\\/www.mpc.pr.gov.br\\\/?s={search_term_string}\"},\"query-input\":{\"@type\":\"PropertyValueSpecification\",\"valueRequired\":true,\"valueName\":\"search_term_string\"}}],\"inLanguage\":\"pt-BR\"},{\"@type\":\"Organization\",\"@id\":\"https:\\\/\\\/www.mpc.pr.gov.br\\\/#organization\",\"name\":\"Minist\u00e9rio P\u00fablico de Contas do Estado do Paran\u00e1\",\"url\":\"https:\\\/\\\/www.mpc.pr.gov.br\\\/\",\"logo\":{\"@type\":\"ImageObject\",\"inLanguage\":\"pt-BR\",\"@id\":\"https:\\\/\\\/www.mpc.pr.gov.br\\\/#\\\/schema\\\/logo\\\/image\\\/\",\"url\":\"https:\\\/\\\/www.mpc.pr.gov.br\\\/wp-content\\\/uploads\\\/2020\\\/06\\\/99423647_1593460364143890_6706793420720963584_n-1-e1591387983167.png\",\"contentUrl\":\"https:\\\/\\\/www.mpc.pr.gov.br\\\/wp-content\\\/uploads\\\/2020\\\/06\\\/99423647_1593460364143890_6706793420720963584_n-1-e1591387983167.png\",\"width\":243,\"height\":73,\"caption\":\"Minist\u00e9rio P\u00fablico de Contas do Estado do Paran\u00e1\"},\"image\":{\"@id\":\"https:\\\/\\\/www.mpc.pr.gov.br\\\/#\\\/schema\\\/logo\\\/image\\\/\"},\"sameAs\":[\"https:\\\/\\\/www.facebook.com\\\/mpc.pr\",\"https:\\\/\\\/www.instagram.com\\\/mpc.pr\\\/?hl=pt-br\",\"https:\\\/\\\/www.youtube.com\\\/channel\\\/UCHri5oEM8DV0ztX57E0sBSw\"]},{\"@type\":\"Person\",\"@id\":\"https:\\\/\\\/www.mpc.pr.gov.br\\\/#\\\/schema\\\/person\\\/d0c5cf9ebb4d8be833c419f3538cf751\",\"name\":\"giovanna.faria\",\"image\":{\"@type\":\"ImageObject\",\"inLanguage\":\"pt-BR\",\"@id\":\"https:\\\/\\\/secure.gravatar.com\\\/avatar\\\/?s=96&d=mm&r=g\",\"url\":\"https:\\\/\\\/secure.gravatar.com\\\/avatar\\\/?s=96&d=mm&r=g\",\"contentUrl\":\"https:\\\/\\\/secure.gravatar.com\\\/avatar\\\/?s=96&d=mm&r=g\",\"caption\":\"giovanna.faria\"}}]}<\/script>\n<!-- \/ Yoast SEO plugin. -->","yoast_head_json":{"title":"TCE-PR julga contas do Governo do Estado na pr\u00f3xima semana - Minist\u00e9rio P\u00fablico de Contas do Estado do Paran\u00e1","robots":{"index":"index","follow":"follow","max-snippet":"max-snippet:-1","max-image-preview":"max-image-preview:large","max-video-preview":"max-video-preview:-1"},"canonical":"https:\/\/www.mpc.pr.gov.br\/index.php\/tce-pr-julga-contas-do-governo-do-estado-na-proxima-semana\/","og_locale":"pt_BR","og_type":"article","og_title":"TCE-PR julga contas do Governo do Estado na pr\u00f3xima semana - Minist\u00e9rio P\u00fablico de Contas do Estado do Paran\u00e1","og_description":"Na pr\u00f3xima quarta-feira (26) em sess\u00e3o extraordin\u00e1ria, o Tribunal Pleno do Tribunal de Contas do Paran\u00e1 (TCE-PR) julgar\u00e1 as contas do Governo do Paran\u00e1, referentes ao exerc\u00edcio de 2017. Em seu parecer pr\u00e9vio o MP de Contas do Paran\u00e1 se manifestou pela irregularidade das contas que s\u00e3o de responsabilidade do ex-Governador Carlos Alberto Richa. Em [&hellip;]","og_url":"https:\/\/www.mpc.pr.gov.br\/index.php\/tce-pr-julga-contas-do-governo-do-estado-na-proxima-semana\/","og_site_name":"Minist\u00e9rio P\u00fablico de Contas do Estado do Paran\u00e1","article_publisher":"https:\/\/www.facebook.com\/mpc.pr","article_published_time":"2018-09-20T17:46:26+00:00","author":"giovanna.faria","twitter_card":"summary_large_image","twitter_misc":{"Escrito por":"giovanna.faria","Est. tempo de leitura":"3 minutos"},"schema":{"@context":"https:\/\/schema.org","@graph":[{"@type":"Article","@id":"https:\/\/www.mpc.pr.gov.br\/index.php\/tce-pr-julga-contas-do-governo-do-estado-na-proxima-semana\/#article","isPartOf":{"@id":"https:\/\/www.mpc.pr.gov.br\/index.php\/tce-pr-julga-contas-do-governo-do-estado-na-proxima-semana\/"},"author":{"name":"giovanna.faria","@id":"https:\/\/www.mpc.pr.gov.br\/#\/schema\/person\/d0c5cf9ebb4d8be833c419f3538cf751"},"headline":"TCE-PR julga contas do Governo do Estado na pr\u00f3xima semana","datePublished":"2018-09-20T17:46:26+00:00","mainEntityOfPage":{"@id":"https:\/\/www.mpc.pr.gov.br\/index.php\/tce-pr-julga-contas-do-governo-do-estado-na-proxima-semana\/"},"wordCount":694,"commentCount":0,"publisher":{"@id":"https:\/\/www.mpc.pr.gov.br\/#organization"},"image":{"@id":"https:\/\/www.mpc.pr.gov.br\/index.php\/tce-pr-julga-contas-do-governo-do-estado-na-proxima-semana\/#primaryimage"},"thumbnailUrl":"","articleSection":["Todas as not\u00edcias"],"inLanguage":"pt-BR","potentialAction":[{"@type":"CommentAction","name":"Comment","target":["https:\/\/www.mpc.pr.gov.br\/index.php\/tce-pr-julga-contas-do-governo-do-estado-na-proxima-semana\/#respond"]}]},{"@type":"WebPage","@id":"https:\/\/www.mpc.pr.gov.br\/index.php\/tce-pr-julga-contas-do-governo-do-estado-na-proxima-semana\/","url":"https:\/\/www.mpc.pr.gov.br\/index.php\/tce-pr-julga-contas-do-governo-do-estado-na-proxima-semana\/","name":"TCE-PR julga contas do Governo do Estado na pr\u00f3xima semana - Minist\u00e9rio P\u00fablico de Contas do Estado do Paran\u00e1","isPartOf":{"@id":"https:\/\/www.mpc.pr.gov.br\/#website"},"primaryImageOfPage":{"@id":"https:\/\/www.mpc.pr.gov.br\/index.php\/tce-pr-julga-contas-do-governo-do-estado-na-proxima-semana\/#primaryimage"},"image":{"@id":"https:\/\/www.mpc.pr.gov.br\/index.php\/tce-pr-julga-contas-do-governo-do-estado-na-proxima-semana\/#primaryimage"},"thumbnailUrl":"","datePublished":"2018-09-20T17:46:26+00:00","breadcrumb":{"@id":"https:\/\/www.mpc.pr.gov.br\/index.php\/tce-pr-julga-contas-do-governo-do-estado-na-proxima-semana\/#breadcrumb"},"inLanguage":"pt-BR","potentialAction":[{"@type":"ReadAction","target":["https:\/\/www.mpc.pr.gov.br\/index.php\/tce-pr-julga-contas-do-governo-do-estado-na-proxima-semana\/"]}]},{"@type":"ImageObject","inLanguage":"pt-BR","@id":"https:\/\/www.mpc.pr.gov.br\/index.php\/tce-pr-julga-contas-do-governo-do-estado-na-proxima-semana\/#primaryimage","url":"","contentUrl":""},{"@type":"BreadcrumbList","@id":"https:\/\/www.mpc.pr.gov.br\/index.php\/tce-pr-julga-contas-do-governo-do-estado-na-proxima-semana\/#breadcrumb","itemListElement":[{"@type":"ListItem","position":1,"name":"In\u00edcio","item":"https:\/\/www.mpc.pr.gov.br\/"},{"@type":"ListItem","position":2,"name":"TCE-PR julga contas do Governo do Estado na pr\u00f3xima semana"}]},{"@type":"WebSite","@id":"https:\/\/www.mpc.pr.gov.br\/#website","url":"https:\/\/www.mpc.pr.gov.br\/","name":"Minist\u00e9rio P\u00fablico de Contas do Estado do Paran\u00e1","description":"","publisher":{"@id":"https:\/\/www.mpc.pr.gov.br\/#organization"},"potentialAction":[{"@type":"SearchAction","target":{"@type":"EntryPoint","urlTemplate":"https:\/\/www.mpc.pr.gov.br\/?s={search_term_string}"},"query-input":{"@type":"PropertyValueSpecification","valueRequired":true,"valueName":"search_term_string"}}],"inLanguage":"pt-BR"},{"@type":"Organization","@id":"https:\/\/www.mpc.pr.gov.br\/#organization","name":"Minist\u00e9rio P\u00fablico de Contas do Estado do Paran\u00e1","url":"https:\/\/www.mpc.pr.gov.br\/","logo":{"@type":"ImageObject","inLanguage":"pt-BR","@id":"https:\/\/www.mpc.pr.gov.br\/#\/schema\/logo\/image\/","url":"https:\/\/www.mpc.pr.gov.br\/wp-content\/uploads\/2020\/06\/99423647_1593460364143890_6706793420720963584_n-1-e1591387983167.png","contentUrl":"https:\/\/www.mpc.pr.gov.br\/wp-content\/uploads\/2020\/06\/99423647_1593460364143890_6706793420720963584_n-1-e1591387983167.png","width":243,"height":73,"caption":"Minist\u00e9rio P\u00fablico de Contas do Estado do Paran\u00e1"},"image":{"@id":"https:\/\/www.mpc.pr.gov.br\/#\/schema\/logo\/image\/"},"sameAs":["https:\/\/www.facebook.com\/mpc.pr","https:\/\/www.instagram.com\/mpc.pr\/?hl=pt-br","https:\/\/www.youtube.com\/channel\/UCHri5oEM8DV0ztX57E0sBSw"]},{"@type":"Person","@id":"https:\/\/www.mpc.pr.gov.br\/#\/schema\/person\/d0c5cf9ebb4d8be833c419f3538cf751","name":"giovanna.faria","image":{"@type":"ImageObject","inLanguage":"pt-BR","@id":"https:\/\/secure.gravatar.com\/avatar\/?s=96&d=mm&r=g","url":"https:\/\/secure.gravatar.com\/avatar\/?s=96&d=mm&r=g","contentUrl":"https:\/\/secure.gravatar.com\/avatar\/?s=96&d=mm&r=g","caption":"giovanna.faria"}}]}},"rttpg_featured_image_url":null,"rttpg_author":{"display_name":"giovanna.faria","author_link":"https:\/\/www.mpc.pr.gov.br\/index.php\/author\/giovanna-faria\/"},"rttpg_comment":0,"rttpg_category":"<a href=\"https:\/\/www.mpc.pr.gov.br\/index.php\/category\/todas-as-noticias\/\" rel=\"category tag\">Todas as not\u00edcias<\/a>","rttpg_excerpt":"Na pr\u00f3xima quarta-feira (26) em sess\u00e3o extraordin\u00e1ria, o Tribunal Pleno do Tribunal de Contas do Paran\u00e1 (TCE-PR) julgar\u00e1 as contas do Governo do Paran\u00e1, referentes ao exerc\u00edcio de 2017. Em seu parecer pr\u00e9vio o MP de Contas do Paran\u00e1 se manifestou pela irregularidade das contas que s\u00e3o de responsabilidade do ex-Governador Carlos Alberto Richa. Em&hellip;","_links":{"self":[{"href":"https:\/\/www.mpc.pr.gov.br\/index.php\/wp-json\/wp\/v2\/posts\/6321","targetHints":{"allow":["GET"]}}],"collection":[{"href":"https:\/\/www.mpc.pr.gov.br\/index.php\/wp-json\/wp\/v2\/posts"}],"about":[{"href":"https:\/\/www.mpc.pr.gov.br\/index.php\/wp-json\/wp\/v2\/types\/post"}],"author":[{"embeddable":true,"href":"https:\/\/www.mpc.pr.gov.br\/index.php\/wp-json\/wp\/v2\/users\/5"}],"replies":[{"embeddable":true,"href":"https:\/\/www.mpc.pr.gov.br\/index.php\/wp-json\/wp\/v2\/comments?post=6321"}],"version-history":[{"count":0,"href":"https:\/\/www.mpc.pr.gov.br\/index.php\/wp-json\/wp\/v2\/posts\/6321\/revisions"}],"wp:featuredmedia":[{"embeddable":true,"href":"https:\/\/www.mpc.pr.gov.br\/index.php\/wp-json\/"}],"wp:attachment":[{"href":"https:\/\/www.mpc.pr.gov.br\/index.php\/wp-json\/wp\/v2\/media?parent=6321"}],"wp:term":[{"taxonomy":"category","embeddable":true,"href":"https:\/\/www.mpc.pr.gov.br\/index.php\/wp-json\/wp\/v2\/categories?post=6321"},{"taxonomy":"post_tag","embeddable":true,"href":"https:\/\/www.mpc.pr.gov.br\/index.php\/wp-json\/wp\/v2\/tags?post=6321"}],"curies":[{"name":"wp","href":"https:\/\/api.w.org\/{rel}","templated":true}]}}