{"id":6347,"date":"2018-10-04T13:32:22","date_gmt":"2018-10-04T16:32:22","guid":{"rendered":"http:\/\/www.mpc.pr.gov.br\/?p=6347"},"modified":"2018-10-04T13:32:22","modified_gmt":"2018-10-04T16:32:22","slug":"governo-do-parana-decreta-intervencao-administrativa-feita-por-militares-nos-pedagios-investigados-pela-lava-jato","status":"publish","type":"post","link":"https:\/\/www.mpc.pr.gov.br\/index.php\/governo-do-parana-decreta-intervencao-administrativa-feita-por-militares-nos-pedagios-investigados-pela-lava-jato\/","title":{"rendered":"Governo do Paran\u00e1 decreta interven\u00e7\u00e3o administrativa feita por militares nos ped\u00e1gios investigados pela Lava Jato"},"content":{"rendered":"<div class=\"row content-head non-featured\">\n<div class=\"medium-centered subtitle\">\n<h4 class=\"content-head__subtitle\"><em><strong>An\u00fancio foi feito na manh\u00e3 desta quinta-feira (4), em Curitiba. Interventores s\u00e3o coron\u00e9is da reserva da PM, conforme o secret\u00e1rio de Infraestrutura e Log\u00edstica, Abelardo Lupion.<\/strong><\/em><\/h4>\n<\/div>\n<\/div>\n<div class=\"content__signa-share\">\n<figure id=\"attachment_6348\" aria-describedby=\"caption-attachment-6348\" style=\"width: 710px\" class=\"wp-caption aligncenter\"><img fetchpriority=\"high\" decoding=\"async\" class=\"wp-image-6348\" src=\"http:\/\/www.mpc.pr.gov.br\/wp-content\/uploads\/2018\/10\/intervencao-foi-anunciada-nesta-quinta-feira-4-pelo-secretario-de-infraestrutura-e-logistica-do-parana-abelardo-lupion-1024x576.jpg\" alt=\"\" width=\"710\" height=\"386\" \/><figcaption id=\"caption-attachment-6348\" class=\"wp-caption-text\">Interven\u00e7\u00e3o foi anunciada nesta quinta-feira (4) pelo secret\u00e1rio de Infraestrutura e Log\u00edstica do Paran\u00e1, Abelardo Lupion. Foto: Ricardo Mui\u00f1os\/RPC.<\/figcaption><\/figure>\n<p>&nbsp;<\/p>\n<p>O governo estadual decretou interven\u00e7\u00e3o administrativa, que ser\u00e1 exercida por militares reformados, nos ped\u00e1gios do Paran\u00e1 que s\u00e3o investigados na Opera\u00e7\u00e3o Lava Jato.<\/p>\n<div class=\"wall\">\n<div class=\"mc-column content-text active-extra-styles \" data-block-type=\"unstyled\" data-block-weight=\"19\" data-block-id=\"3\">\n<p class=\"content-text__container \" data-track-category=\"Link no Texto\" data-track-links=\"\">O an\u00fancio foi feito pelo secret\u00e1rio de Infraestrutura e Log\u00edstica, Abelardo Lupion, na manh\u00e3 desta quinta-feira (4), em Curitiba.<\/p>\n<\/div>\n<div class=\"mc-column content-text active-extra-styles \" data-block-type=\"unstyled\" data-block-weight=\"24\" data-block-id=\"4\">\n<p class=\"content-text__container \" data-track-category=\"Link no Texto\" data-track-links=\"\">Os interventores s\u00e3o coron\u00e9is da reserva da Pol\u00edcia Militar (PM), de acordo com o secret\u00e1rio. Os nomes deles devem ser divulgados na sexta-feira (5).<\/p>\n<\/div>\n<div class=\"mc-column content-text active-extra-styles \" data-block-type=\"unstyled\" data-block-weight=\"16\" data-block-id=\"5\">\n<p class=\"content-text__container \" data-track-category=\"Link no Texto\" data-track-links=\"\">Lupion explicou que os interventores ter\u00e3o a obriga\u00e7\u00e3o de buscar informa\u00e7\u00f5es nas seis sedes das concession\u00e1rias.<\/p>\n<\/div>\n<div class=\"mc-column content-text active-extra-styles \" data-block-type=\"unstyled\" data-block-weight=\"55\" data-block-id=\"6\">\n<p class=\"content-text__container \" data-track-category=\"Link no Texto\" data-track-links=\"\">&#8220;Todos os interventores ser\u00e3o coron\u00e9is reformados com prest\u00edgio dentro da sociedade que se apresentar\u00e3o amanh\u00e3. Eles ser\u00e3o o olho do Estado e o olho da Justi\u00e7a dentro das pra\u00e7as. O Minist\u00e9rio P\u00fablico poder\u00e1 recorrer a eles para qualquer informa\u00e7\u00e3o porque n\u00f3s entramos na a\u00e7\u00e3o. N\u00f3s hoje, o Estado, fazemos parte dessa opera\u00e7\u00e3o&#8221;, disse o secret\u00e1rio.<\/p>\n<\/div>\n<div class=\"mc-column content-text active-extra-styles \" data-block-type=\"unstyled\" data-block-weight=\"15\" data-block-id=\"7\">\n<p class=\"content-text__container \" data-track-category=\"Link no Texto\" data-track-links=\"\">A medida foi adotada por decreto da governadora Cida Borghetti (Progressistas). Ela concorre \u00e0 reelei\u00e7\u00e3o.<\/p>\n<\/div>\n<div class=\"mc-column content-text active-extra-styles \" data-block-type=\"unstyled\" data-block-weight=\"20\" data-block-id=\"8\">\n<p class=\"content-text__container \" data-track-category=\"Link no Texto\" data-track-links=\"\">Conforme o governo estadual, a interven\u00e7\u00e3o foi recomendada pela Controladoria Geral do Estado (CGE) e pela Procuradoria-Geral do Estado (PGE).<\/p>\n<\/div>\n<div class=\"mc-column content-text active-extra-styles \" data-block-type=\"unstyled\" data-block-weight=\"13\" data-block-id=\"9\">\n<p class=\"content-text__container \" data-track-category=\"Link no Texto\" data-track-links=\"\">A interven\u00e7\u00e3o ter\u00e1 prazo de 180 dias, podendo ser prorrogada pelo mesmo per\u00edodo.<\/p>\n<\/div>\n<div class=\"mc-column content-text active-extra-styles \" data-block-type=\"unstyled\" data-block-weight=\"15\" data-block-id=\"10\">\n<p class=\"content-text__container \" data-track-category=\"Link no Texto\" data-track-links=\"\">O<strong>\u00a0G1<\/strong>\u00a0espera o retorno da Associa\u00e7\u00e3o Brasileira de Rodovias (ABCR) para comentar o assunto.<\/p>\n<\/div>\n<div class=\"mc-column content-text active-extra-styles\" data-block-type=\"raw\" data-block-weight=\"4\" data-block-id=\"11\">\n<div class=\"content-intertitle\">\n<p><strong>O papel dos interventores<\/strong><\/p>\n<\/div>\n<\/div>\n<div class=\"mc-column content-text active-extra-styles \" data-block-type=\"unstyled\" data-block-weight=\"20\" data-block-id=\"12\">\n<p class=\"content-text__container \" data-track-category=\"Link no Texto\" data-track-links=\"\">Os seis oficiais trabalhar\u00e3o dentro das concession\u00e1rias para impedir a continuidade dos atos ilegais e irregulares, segundo o governo estadual.<\/p>\n<\/div>\n<div class=\"mc-column content-text active-extra-styles \" data-block-type=\"unstyled\" data-block-weight=\"28\" data-block-id=\"13\">\n<p class=\"content-text__container \" data-track-category=\"Link no Texto\" data-track-links=\"\">Ainda de acordo com o Governo do Paran\u00e1, os interventores v\u00e3o facilitar o acesso das autoridades aos documentos das empresas e garantir respostas \u00e0 Justi\u00e7a dentro dos prazos.<\/p>\n<\/div>\n<div class=\"mc-column content-text active-extra-styles \" data-block-type=\"unstyled\" data-block-weight=\"27\" data-block-id=\"14\">\n<p class=\"content-text__container \" data-track-category=\"Link no Texto\" data-track-links=\"\">Os interventores tamb\u00e9m v\u00e3o, conforme o governo estadual, aprimorar a aferi\u00e7\u00e3o do fluxo de ve\u00edculo. Outra fun\u00e7\u00e3o deles ser\u00e1 a instala\u00e7\u00e3o de um conselho local de usu\u00e1rios.<\/p>\n<\/div>\n<div class=\"mc-column content-text active-extra-styles \" data-block-type=\"unstyled\" data-block-weight=\"25\" data-block-id=\"15\">\n<p class=\"content-text__container \" data-track-category=\"Link no Texto\" data-track-links=\"\">O Governo do Paran\u00e1 informou que a determina\u00e7\u00e3o de Cida Borghetti visa garantir transpar\u00eancia e colabora\u00e7\u00e3o com a apura\u00e7\u00e3o dos fatos e com a Justi\u00e7a.<\/p>\n<div class=\"mc-column content-text active-extra-styles\" data-block-type=\"raw\" data-block-weight=\"2\" data-block-id=\"17\">\n<div class=\"content-intertitle\">\n<p><strong>Quest\u00e3o eleitoreira<\/strong><\/p>\n<\/div>\n<\/div>\n<div class=\"mc-column content-text active-extra-styles \" data-block-type=\"unstyled\" data-block-weight=\"26\" data-block-id=\"18\">\n<p class=\"content-text__container \" data-track-category=\"Link no Texto\" data-track-links=\"\">Ao ser questionado, durante a coletiva de imprensa em que houve o an\u00fancio da interven\u00e7ao, se a atitide estava relacionada \u00e0s elei\u00e7\u00f5es, Lupion garantiu que n\u00e3o.<\/p>\n<\/div>\n<div class=\"mc-column content-text active-extra-styles \" data-block-type=\"unstyled\" data-block-weight=\"15\" data-block-id=\"19\">\n<p class=\"content-text__container \" data-track-category=\"Link no Texto\" data-track-links=\"\">&#8220;Esse \u00e9 um ato que n\u00e3o tem nenhum tipo de atitude eleitoreira&#8221;, afirmou o secret\u00e1rio.<\/p>\n<\/div>\n<div class=\"mc-column content-text active-extra-styles \" data-block-type=\"unstyled\" data-block-weight=\"30\" data-block-id=\"20\">\n<p class=\"content-text__container \" data-track-category=\"Link no Texto\" data-track-links=\"\">Ele ainda disse que a governadora teve um &#8220;ato de grandeza&#8221; ao n\u00e3o estar presente na coletiva, justamente porque o governo estadual n\u00e3o querer que o decreto se torne eleitorerio.<\/p>\n<\/div>\n<div class=\"mc-column content-text active-extra-styles \" data-block-type=\"unstyled\" data-block-weight=\"16\" data-block-id=\"21\">\n<p class=\"content-text__container \" data-track-category=\"Link no Texto\" data-track-links=\"\">Lupion tamb\u00e9m ressaltou que o Estado n\u00e3o pode e nem tem o direito de ficar parado.<\/p>\n<\/div>\n<div class=\"mc-column content-text active-extra-styles \" data-block-type=\"unstyled\" data-block-weight=\"48\" data-block-id=\"22\">\n<p class=\"content-text__container \" data-track-category=\"Link no Texto\" data-track-links=\"\">&#8220;Qual for o governador ou governadora que assumir, ter\u00e1 180 dias para poder fazer esse papel. N\u00f3s vamos estar aqui para cumprir exatamente a legisla\u00e7\u00e3o, a constitui\u00e7\u00e3o e a leis que n\u00f3s, quando assumimos as secretarias e os agentes de controle, fizemos o juramento de poder respeitar&#8221;, disse.<\/p>\n<\/div>\n<div class=\"mc-column content-text active-extra-styles\" data-block-type=\"raw\" data-block-weight=\"2\" data-block-id=\"23\">\n<div class=\"content-intertitle\">\n<p><strong>Lava Jato<\/strong><\/p>\n<\/div>\n<\/div>\n<div class=\"mc-column content-text active-extra-styles \" data-block-type=\"unstyled\" data-block-weight=\"24\" data-block-id=\"24\">\n<p class=\"content-text__container \" data-track-category=\"Link no Texto\" data-track-links=\"\">A Opera\u00e7\u00e3o Integra\u00e7\u00e3o II, como foi batizada a\u00a0<a href=\"https:\/\/g1.globo.com\/pr\/norte-noroeste\/noticia\/2018\/09\/26\/policia-federal-cumpre-mandados-judiciais-em-desdobramento-da-operacao-lava-jato.ghtml\">55\u00aa fase da Opera\u00e7\u00e3o Lava Jato<\/a>, foi deflagrada pela Pol\u00edcia Federal (PF) em 26 de setembro.<\/p>\n<\/div>\n<div class=\"mc-column content-text active-extra-styles \" data-block-type=\"unstyled\" data-block-weight=\"31\" data-block-id=\"25\">\n<p class=\"content-text__container \" data-track-category=\"Link no Texto\" data-track-links=\"\">Pepe Richa, irm\u00e3o do ex-governador do Paran\u00e1 Beto Richa (PSDB), est\u00e1 entre os presos. A pris\u00e3o dele, inclusive, foi<a href=\"https:\/\/g1.globo.com\/pr\/parana\/noticia\/2018\/09\/29\/irmao-de-beto-richa-e-outros-quatro-tem-prisao-convertida-em-preventiva-pela-justica.ghtml\">\u00a0convertida para preventiva<\/a>\u2013 que \u00e9 por indeterminado \u2013 no s\u00e1bado (29).<\/p>\n<\/div>\n<div class=\"mc-column content-text active-extra-styles \" data-block-type=\"unstyled\" data-block-weight=\"24\" data-block-id=\"26\">\n<p class=\"content-text__container \" data-track-category=\"Link no Texto\" data-track-links=\"\">Outras quatro pessoas tamb\u00e9m tiveram a pris\u00e3o convertida para preventiva. S\u00e3o elas: Ivano Abdo, Elias Abdo, Evandro Couto Vianna e Cl\u00e1udio Jos\u00e9 Machado Soares.<\/p>\n<\/div>\n<div class=\"mc-column content-text active-extra-styles \" data-block-type=\"unstyled\" data-block-weight=\"14\" data-block-id=\"27\">\n<p class=\"content-text__container \" data-track-category=\"Link no Texto\" data-track-links=\"\">Esta etapa da Lava Jato investiga irregularidades na concess\u00e3o de rodovias pegadiadas do Paran\u00e1.<\/p>\n<\/div>\n<div class=\"mc-column content-text active-extra-styles \" data-block-type=\"unstyled\" data-block-weight=\"29\" data-block-id=\"28\">\n<p class=\"content-text__container \" data-track-category=\"Link no Texto\" data-track-links=\"\">S\u00e3o investigados crimes de corrup\u00e7\u00e3o, lavagem de dinheiro, sonega\u00e7\u00e3o fiscal, estelionato e peculato em um esquema relacionado \u00e0 administra\u00e7\u00e3o das rodovias federais no Paran\u00e1, no chamado Anel da Integra\u00e7\u00e3o.<\/p>\n<\/div>\n<div class=\"mc-column content-text active-extra-styles \" data-block-type=\"unstyled\" data-block-weight=\"21\" data-block-id=\"29\">\n<p class=\"content-text__container \" data-track-category=\"Link no Texto\" data-track-links=\"\">Um dos esquemas, intermediado pela ABCR, movimentou R$ 240 mil mensais em 2010 em propina, segundo o Minist\u00e9rio P\u00fablico Federal (MPF).<\/p>\n<\/div>\n<div class=\"mc-column content-text active-extra-styles \" data-block-type=\"unstyled\" data-block-weight=\"25\" data-block-id=\"30\">\n<p class=\"content-text__container \" data-track-category=\"Link no Texto\" data-track-links=\"\">Para a deflagra\u00e7\u00e3o da opera\u00e7\u00e3o, foram tr\u00eas mandados de pris\u00e3o preventiva e 16 de pris\u00e3o tempor\u00e1ria expedidos, al\u00e9m de 73 mandados de busca e apreens\u00e3o.<\/p>\n<\/div>\n<\/div>\n<div class=\"content-ads content-ads--reveal\" data-block-type=\"ads\" data-block-id=\"16\">\n<div class=\"mc-column content-text active-extra-styles \" data-block-type=\"unstyled\" data-block-weight=\"31\" data-block-id=\"32\">\n<p class=\"content-text__container \" data-track-category=\"Link no Texto\" data-track-links=\"\">Entre os materiais apreendidos pela PF na opera\u00e7\u00e3o h\u00e1 documentos, contratos, celulares e computadores. Em algumas empresas e \u00f3rg\u00e3os p\u00fablicos, houve extra\u00e7\u00e3o de dados do sistema, de acordo com a pol\u00edcia.<\/p>\n<p class=\"content-text__container \" data-track-category=\"Link no Texto\" data-track-links=\"\"><em><strong>Fonte:<a href=\"https:\/\/g1.globo.com\/pr\/parana\/noticia\/2018\/10\/04\/governo-do-parana-decreta-intervencao-dos-pedagios-investigados-pela-lava-jato.ghtml\"> Thais Kaniak, G1 PR &#8211; Curitiba.<\/a>\u00a0<\/strong><\/em><\/p>\n<\/div>\n<\/div>\n<\/div>\n<\/div>\n","protected":false},"excerpt":{"rendered":"<p>An\u00fancio foi feito na manh\u00e3 desta quinta-feira (4), em Curitiba. Interventores s\u00e3o coron\u00e9is da reserva da PM, conforme o secret\u00e1rio de Infraestrutura e Log\u00edstica, Abelardo Lupion. &nbsp; O governo estadual decretou interven\u00e7\u00e3o administrativa, que ser\u00e1 exercida por militares reformados, nos ped\u00e1gios do Paran\u00e1 que s\u00e3o investigados na Opera\u00e7\u00e3o Lava Jato. O an\u00fancio foi feito pelo [&hellip;]<\/p>\n","protected":false},"author":5,"featured_media":6348,"comment_status":"open","ping_status":"open","sticky":false,"template":"","format":"standard","meta":{"_monsterinsights_skip_tracking":false,"_monsterinsights_sitenote_active":false,"_monsterinsights_sitenote_note":"","_monsterinsights_sitenote_category":0,"footnotes":""},"categories":[15,7],"tags":[],"class_list":["post-6347","post","type-post","status-publish","format-standard","has-post-thumbnail","hentry","category-noticias-de-interesse","category-todas-as-noticias","entry","has-media"],"yoast_head":"<!-- This site is optimized with the Yoast SEO plugin v27.3 - https:\/\/yoast.com\/product\/yoast-seo-wordpress\/ -->\n<title>Governo do Paran\u00e1 decreta interven\u00e7\u00e3o administrativa feita por militares nos ped\u00e1gios investigados pela Lava Jato - Minist\u00e9rio P\u00fablico de Contas do Estado do Paran\u00e1<\/title>\n<meta name=\"robots\" content=\"index, follow, max-snippet:-1, max-image-preview:large, max-video-preview:-1\" \/>\n<link rel=\"canonical\" href=\"https:\/\/www.mpc.pr.gov.br\/index.php\/governo-do-parana-decreta-intervencao-administrativa-feita-por-militares-nos-pedagios-investigados-pela-lava-jato\/\" \/>\n<meta property=\"og:locale\" content=\"pt_BR\" \/>\n<meta property=\"og:type\" content=\"article\" \/>\n<meta property=\"og:title\" content=\"Governo do Paran\u00e1 decreta interven\u00e7\u00e3o administrativa feita por militares nos ped\u00e1gios investigados pela Lava Jato - Minist\u00e9rio P\u00fablico de Contas do Estado do Paran\u00e1\" \/>\n<meta property=\"og:description\" content=\"An\u00fancio foi feito na manh\u00e3 desta quinta-feira (4), em Curitiba. Interventores s\u00e3o coron\u00e9is da reserva da PM, conforme o secret\u00e1rio de Infraestrutura e Log\u00edstica, Abelardo Lupion. &nbsp; O governo estadual decretou interven\u00e7\u00e3o administrativa, que ser\u00e1 exercida por militares reformados, nos ped\u00e1gios do Paran\u00e1 que s\u00e3o investigados na Opera\u00e7\u00e3o Lava Jato. O an\u00fancio foi feito pelo [&hellip;]\" \/>\n<meta property=\"og:url\" content=\"https:\/\/www.mpc.pr.gov.br\/index.php\/governo-do-parana-decreta-intervencao-administrativa-feita-por-militares-nos-pedagios-investigados-pela-lava-jato\/\" \/>\n<meta property=\"og:site_name\" content=\"Minist\u00e9rio P\u00fablico de Contas do Estado do Paran\u00e1\" \/>\n<meta property=\"article:publisher\" content=\"https:\/\/www.facebook.com\/mpc.pr\" \/>\n<meta property=\"article:published_time\" content=\"2018-10-04T16:32:22+00:00\" \/>\n<meta name=\"author\" content=\"giovanna.faria\" \/>\n<meta name=\"twitter:card\" content=\"summary_large_image\" \/>\n<meta name=\"twitter:label1\" content=\"Escrito por\" \/>\n\t<meta name=\"twitter:data1\" content=\"giovanna.faria\" \/>\n\t<meta name=\"twitter:label2\" content=\"Est. tempo de leitura\" \/>\n\t<meta name=\"twitter:data2\" content=\"4 minutos\" \/>\n<script type=\"application\/ld+json\" class=\"yoast-schema-graph\">{\"@context\":\"https:\\\/\\\/schema.org\",\"@graph\":[{\"@type\":\"Article\",\"@id\":\"https:\\\/\\\/www.mpc.pr.gov.br\\\/index.php\\\/governo-do-parana-decreta-intervencao-administrativa-feita-por-militares-nos-pedagios-investigados-pela-lava-jato\\\/#article\",\"isPartOf\":{\"@id\":\"https:\\\/\\\/www.mpc.pr.gov.br\\\/index.php\\\/governo-do-parana-decreta-intervencao-administrativa-feita-por-militares-nos-pedagios-investigados-pela-lava-jato\\\/\"},\"author\":{\"name\":\"giovanna.faria\",\"@id\":\"https:\\\/\\\/www.mpc.pr.gov.br\\\/#\\\/schema\\\/person\\\/d0c5cf9ebb4d8be833c419f3538cf751\"},\"headline\":\"Governo do Paran\u00e1 decreta interven\u00e7\u00e3o administrativa feita por militares nos ped\u00e1gios investigados pela Lava Jato\",\"datePublished\":\"2018-10-04T16:32:22+00:00\",\"mainEntityOfPage\":{\"@id\":\"https:\\\/\\\/www.mpc.pr.gov.br\\\/index.php\\\/governo-do-parana-decreta-intervencao-administrativa-feita-por-militares-nos-pedagios-investigados-pela-lava-jato\\\/\"},\"wordCount\":807,\"commentCount\":0,\"publisher\":{\"@id\":\"https:\\\/\\\/www.mpc.pr.gov.br\\\/#organization\"},\"image\":{\"@id\":\"https:\\\/\\\/www.mpc.pr.gov.br\\\/index.php\\\/governo-do-parana-decreta-intervencao-administrativa-feita-por-militares-nos-pedagios-investigados-pela-lava-jato\\\/#primaryimage\"},\"thumbnailUrl\":\"\",\"articleSection\":[\"Not\u00edcias de Interesse\",\"Todas as not\u00edcias\"],\"inLanguage\":\"pt-BR\",\"potentialAction\":[{\"@type\":\"CommentAction\",\"name\":\"Comment\",\"target\":[\"https:\\\/\\\/www.mpc.pr.gov.br\\\/index.php\\\/governo-do-parana-decreta-intervencao-administrativa-feita-por-militares-nos-pedagios-investigados-pela-lava-jato\\\/#respond\"]}]},{\"@type\":\"WebPage\",\"@id\":\"https:\\\/\\\/www.mpc.pr.gov.br\\\/index.php\\\/governo-do-parana-decreta-intervencao-administrativa-feita-por-militares-nos-pedagios-investigados-pela-lava-jato\\\/\",\"url\":\"https:\\\/\\\/www.mpc.pr.gov.br\\\/index.php\\\/governo-do-parana-decreta-intervencao-administrativa-feita-por-militares-nos-pedagios-investigados-pela-lava-jato\\\/\",\"name\":\"Governo do Paran\u00e1 decreta interven\u00e7\u00e3o administrativa feita por militares nos ped\u00e1gios investigados pela Lava Jato - Minist\u00e9rio P\u00fablico de Contas do Estado do Paran\u00e1\",\"isPartOf\":{\"@id\":\"https:\\\/\\\/www.mpc.pr.gov.br\\\/#website\"},\"primaryImageOfPage\":{\"@id\":\"https:\\\/\\\/www.mpc.pr.gov.br\\\/index.php\\\/governo-do-parana-decreta-intervencao-administrativa-feita-por-militares-nos-pedagios-investigados-pela-lava-jato\\\/#primaryimage\"},\"image\":{\"@id\":\"https:\\\/\\\/www.mpc.pr.gov.br\\\/index.php\\\/governo-do-parana-decreta-intervencao-administrativa-feita-por-militares-nos-pedagios-investigados-pela-lava-jato\\\/#primaryimage\"},\"thumbnailUrl\":\"\",\"datePublished\":\"2018-10-04T16:32:22+00:00\",\"breadcrumb\":{\"@id\":\"https:\\\/\\\/www.mpc.pr.gov.br\\\/index.php\\\/governo-do-parana-decreta-intervencao-administrativa-feita-por-militares-nos-pedagios-investigados-pela-lava-jato\\\/#breadcrumb\"},\"inLanguage\":\"pt-BR\",\"potentialAction\":[{\"@type\":\"ReadAction\",\"target\":[\"https:\\\/\\\/www.mpc.pr.gov.br\\\/index.php\\\/governo-do-parana-decreta-intervencao-administrativa-feita-por-militares-nos-pedagios-investigados-pela-lava-jato\\\/\"]}]},{\"@type\":\"ImageObject\",\"inLanguage\":\"pt-BR\",\"@id\":\"https:\\\/\\\/www.mpc.pr.gov.br\\\/index.php\\\/governo-do-parana-decreta-intervencao-administrativa-feita-por-militares-nos-pedagios-investigados-pela-lava-jato\\\/#primaryimage\",\"url\":\"\",\"contentUrl\":\"\"},{\"@type\":\"BreadcrumbList\",\"@id\":\"https:\\\/\\\/www.mpc.pr.gov.br\\\/index.php\\\/governo-do-parana-decreta-intervencao-administrativa-feita-por-militares-nos-pedagios-investigados-pela-lava-jato\\\/#breadcrumb\",\"itemListElement\":[{\"@type\":\"ListItem\",\"position\":1,\"name\":\"In\u00edcio\",\"item\":\"https:\\\/\\\/www.mpc.pr.gov.br\\\/\"},{\"@type\":\"ListItem\",\"position\":2,\"name\":\"Governo do Paran\u00e1 decreta interven\u00e7\u00e3o administrativa feita por militares nos ped\u00e1gios investigados pela Lava Jato\"}]},{\"@type\":\"WebSite\",\"@id\":\"https:\\\/\\\/www.mpc.pr.gov.br\\\/#website\",\"url\":\"https:\\\/\\\/www.mpc.pr.gov.br\\\/\",\"name\":\"Minist\u00e9rio P\u00fablico de Contas do Estado do Paran\u00e1\",\"description\":\"\",\"publisher\":{\"@id\":\"https:\\\/\\\/www.mpc.pr.gov.br\\\/#organization\"},\"potentialAction\":[{\"@type\":\"SearchAction\",\"target\":{\"@type\":\"EntryPoint\",\"urlTemplate\":\"https:\\\/\\\/www.mpc.pr.gov.br\\\/?s={search_term_string}\"},\"query-input\":{\"@type\":\"PropertyValueSpecification\",\"valueRequired\":true,\"valueName\":\"search_term_string\"}}],\"inLanguage\":\"pt-BR\"},{\"@type\":\"Organization\",\"@id\":\"https:\\\/\\\/www.mpc.pr.gov.br\\\/#organization\",\"name\":\"Minist\u00e9rio P\u00fablico de Contas do Estado do Paran\u00e1\",\"url\":\"https:\\\/\\\/www.mpc.pr.gov.br\\\/\",\"logo\":{\"@type\":\"ImageObject\",\"inLanguage\":\"pt-BR\",\"@id\":\"https:\\\/\\\/www.mpc.pr.gov.br\\\/#\\\/schema\\\/logo\\\/image\\\/\",\"url\":\"https:\\\/\\\/www.mpc.pr.gov.br\\\/wp-content\\\/uploads\\\/2020\\\/06\\\/99423647_1593460364143890_6706793420720963584_n-1-e1591387983167.png\",\"contentUrl\":\"https:\\\/\\\/www.mpc.pr.gov.br\\\/wp-content\\\/uploads\\\/2020\\\/06\\\/99423647_1593460364143890_6706793420720963584_n-1-e1591387983167.png\",\"width\":243,\"height\":73,\"caption\":\"Minist\u00e9rio P\u00fablico de Contas do Estado do Paran\u00e1\"},\"image\":{\"@id\":\"https:\\\/\\\/www.mpc.pr.gov.br\\\/#\\\/schema\\\/logo\\\/image\\\/\"},\"sameAs\":[\"https:\\\/\\\/www.facebook.com\\\/mpc.pr\",\"https:\\\/\\\/www.instagram.com\\\/mpc.pr\\\/?hl=pt-br\",\"https:\\\/\\\/www.youtube.com\\\/channel\\\/UCHri5oEM8DV0ztX57E0sBSw\"]},{\"@type\":\"Person\",\"@id\":\"https:\\\/\\\/www.mpc.pr.gov.br\\\/#\\\/schema\\\/person\\\/d0c5cf9ebb4d8be833c419f3538cf751\",\"name\":\"giovanna.faria\",\"image\":{\"@type\":\"ImageObject\",\"inLanguage\":\"pt-BR\",\"@id\":\"https:\\\/\\\/secure.gravatar.com\\\/avatar\\\/?s=96&d=mm&r=g\",\"url\":\"https:\\\/\\\/secure.gravatar.com\\\/avatar\\\/?s=96&d=mm&r=g\",\"contentUrl\":\"https:\\\/\\\/secure.gravatar.com\\\/avatar\\\/?s=96&d=mm&r=g\",\"caption\":\"giovanna.faria\"}}]}<\/script>\n<!-- \/ Yoast SEO plugin. -->","yoast_head_json":{"title":"Governo do Paran\u00e1 decreta interven\u00e7\u00e3o administrativa feita por militares nos ped\u00e1gios investigados pela Lava Jato - Minist\u00e9rio P\u00fablico de Contas do Estado do Paran\u00e1","robots":{"index":"index","follow":"follow","max-snippet":"max-snippet:-1","max-image-preview":"max-image-preview:large","max-video-preview":"max-video-preview:-1"},"canonical":"https:\/\/www.mpc.pr.gov.br\/index.php\/governo-do-parana-decreta-intervencao-administrativa-feita-por-militares-nos-pedagios-investigados-pela-lava-jato\/","og_locale":"pt_BR","og_type":"article","og_title":"Governo do Paran\u00e1 decreta interven\u00e7\u00e3o administrativa feita por militares nos ped\u00e1gios investigados pela Lava Jato - Minist\u00e9rio P\u00fablico de Contas do Estado do Paran\u00e1","og_description":"An\u00fancio foi feito na manh\u00e3 desta quinta-feira (4), em Curitiba. Interventores s\u00e3o coron\u00e9is da reserva da PM, conforme o secret\u00e1rio de Infraestrutura e Log\u00edstica, Abelardo Lupion. &nbsp; O governo estadual decretou interven\u00e7\u00e3o administrativa, que ser\u00e1 exercida por militares reformados, nos ped\u00e1gios do Paran\u00e1 que s\u00e3o investigados na Opera\u00e7\u00e3o Lava Jato. O an\u00fancio foi feito pelo [&hellip;]","og_url":"https:\/\/www.mpc.pr.gov.br\/index.php\/governo-do-parana-decreta-intervencao-administrativa-feita-por-militares-nos-pedagios-investigados-pela-lava-jato\/","og_site_name":"Minist\u00e9rio P\u00fablico de Contas do Estado do Paran\u00e1","article_publisher":"https:\/\/www.facebook.com\/mpc.pr","article_published_time":"2018-10-04T16:32:22+00:00","author":"giovanna.faria","twitter_card":"summary_large_image","twitter_misc":{"Escrito por":"giovanna.faria","Est. tempo de leitura":"4 minutos"},"schema":{"@context":"https:\/\/schema.org","@graph":[{"@type":"Article","@id":"https:\/\/www.mpc.pr.gov.br\/index.php\/governo-do-parana-decreta-intervencao-administrativa-feita-por-militares-nos-pedagios-investigados-pela-lava-jato\/#article","isPartOf":{"@id":"https:\/\/www.mpc.pr.gov.br\/index.php\/governo-do-parana-decreta-intervencao-administrativa-feita-por-militares-nos-pedagios-investigados-pela-lava-jato\/"},"author":{"name":"giovanna.faria","@id":"https:\/\/www.mpc.pr.gov.br\/#\/schema\/person\/d0c5cf9ebb4d8be833c419f3538cf751"},"headline":"Governo do Paran\u00e1 decreta interven\u00e7\u00e3o administrativa feita por militares nos ped\u00e1gios investigados pela Lava Jato","datePublished":"2018-10-04T16:32:22+00:00","mainEntityOfPage":{"@id":"https:\/\/www.mpc.pr.gov.br\/index.php\/governo-do-parana-decreta-intervencao-administrativa-feita-por-militares-nos-pedagios-investigados-pela-lava-jato\/"},"wordCount":807,"commentCount":0,"publisher":{"@id":"https:\/\/www.mpc.pr.gov.br\/#organization"},"image":{"@id":"https:\/\/www.mpc.pr.gov.br\/index.php\/governo-do-parana-decreta-intervencao-administrativa-feita-por-militares-nos-pedagios-investigados-pela-lava-jato\/#primaryimage"},"thumbnailUrl":"","articleSection":["Not\u00edcias de Interesse","Todas as not\u00edcias"],"inLanguage":"pt-BR","potentialAction":[{"@type":"CommentAction","name":"Comment","target":["https:\/\/www.mpc.pr.gov.br\/index.php\/governo-do-parana-decreta-intervencao-administrativa-feita-por-militares-nos-pedagios-investigados-pela-lava-jato\/#respond"]}]},{"@type":"WebPage","@id":"https:\/\/www.mpc.pr.gov.br\/index.php\/governo-do-parana-decreta-intervencao-administrativa-feita-por-militares-nos-pedagios-investigados-pela-lava-jato\/","url":"https:\/\/www.mpc.pr.gov.br\/index.php\/governo-do-parana-decreta-intervencao-administrativa-feita-por-militares-nos-pedagios-investigados-pela-lava-jato\/","name":"Governo do Paran\u00e1 decreta interven\u00e7\u00e3o administrativa feita por militares nos ped\u00e1gios investigados pela Lava Jato - Minist\u00e9rio P\u00fablico de Contas do Estado do Paran\u00e1","isPartOf":{"@id":"https:\/\/www.mpc.pr.gov.br\/#website"},"primaryImageOfPage":{"@id":"https:\/\/www.mpc.pr.gov.br\/index.php\/governo-do-parana-decreta-intervencao-administrativa-feita-por-militares-nos-pedagios-investigados-pela-lava-jato\/#primaryimage"},"image":{"@id":"https:\/\/www.mpc.pr.gov.br\/index.php\/governo-do-parana-decreta-intervencao-administrativa-feita-por-militares-nos-pedagios-investigados-pela-lava-jato\/#primaryimage"},"thumbnailUrl":"","datePublished":"2018-10-04T16:32:22+00:00","breadcrumb":{"@id":"https:\/\/www.mpc.pr.gov.br\/index.php\/governo-do-parana-decreta-intervencao-administrativa-feita-por-militares-nos-pedagios-investigados-pela-lava-jato\/#breadcrumb"},"inLanguage":"pt-BR","potentialAction":[{"@type":"ReadAction","target":["https:\/\/www.mpc.pr.gov.br\/index.php\/governo-do-parana-decreta-intervencao-administrativa-feita-por-militares-nos-pedagios-investigados-pela-lava-jato\/"]}]},{"@type":"ImageObject","inLanguage":"pt-BR","@id":"https:\/\/www.mpc.pr.gov.br\/index.php\/governo-do-parana-decreta-intervencao-administrativa-feita-por-militares-nos-pedagios-investigados-pela-lava-jato\/#primaryimage","url":"","contentUrl":""},{"@type":"BreadcrumbList","@id":"https:\/\/www.mpc.pr.gov.br\/index.php\/governo-do-parana-decreta-intervencao-administrativa-feita-por-militares-nos-pedagios-investigados-pela-lava-jato\/#breadcrumb","itemListElement":[{"@type":"ListItem","position":1,"name":"In\u00edcio","item":"https:\/\/www.mpc.pr.gov.br\/"},{"@type":"ListItem","position":2,"name":"Governo do Paran\u00e1 decreta interven\u00e7\u00e3o administrativa feita por militares nos ped\u00e1gios investigados pela Lava Jato"}]},{"@type":"WebSite","@id":"https:\/\/www.mpc.pr.gov.br\/#website","url":"https:\/\/www.mpc.pr.gov.br\/","name":"Minist\u00e9rio P\u00fablico de Contas do Estado do Paran\u00e1","description":"","publisher":{"@id":"https:\/\/www.mpc.pr.gov.br\/#organization"},"potentialAction":[{"@type":"SearchAction","target":{"@type":"EntryPoint","urlTemplate":"https:\/\/www.mpc.pr.gov.br\/?s={search_term_string}"},"query-input":{"@type":"PropertyValueSpecification","valueRequired":true,"valueName":"search_term_string"}}],"inLanguage":"pt-BR"},{"@type":"Organization","@id":"https:\/\/www.mpc.pr.gov.br\/#organization","name":"Minist\u00e9rio P\u00fablico de Contas do Estado do Paran\u00e1","url":"https:\/\/www.mpc.pr.gov.br\/","logo":{"@type":"ImageObject","inLanguage":"pt-BR","@id":"https:\/\/www.mpc.pr.gov.br\/#\/schema\/logo\/image\/","url":"https:\/\/www.mpc.pr.gov.br\/wp-content\/uploads\/2020\/06\/99423647_1593460364143890_6706793420720963584_n-1-e1591387983167.png","contentUrl":"https:\/\/www.mpc.pr.gov.br\/wp-content\/uploads\/2020\/06\/99423647_1593460364143890_6706793420720963584_n-1-e1591387983167.png","width":243,"height":73,"caption":"Minist\u00e9rio P\u00fablico de Contas do Estado do Paran\u00e1"},"image":{"@id":"https:\/\/www.mpc.pr.gov.br\/#\/schema\/logo\/image\/"},"sameAs":["https:\/\/www.facebook.com\/mpc.pr","https:\/\/www.instagram.com\/mpc.pr\/?hl=pt-br","https:\/\/www.youtube.com\/channel\/UCHri5oEM8DV0ztX57E0sBSw"]},{"@type":"Person","@id":"https:\/\/www.mpc.pr.gov.br\/#\/schema\/person\/d0c5cf9ebb4d8be833c419f3538cf751","name":"giovanna.faria","image":{"@type":"ImageObject","inLanguage":"pt-BR","@id":"https:\/\/secure.gravatar.com\/avatar\/?s=96&d=mm&r=g","url":"https:\/\/secure.gravatar.com\/avatar\/?s=96&d=mm&r=g","contentUrl":"https:\/\/secure.gravatar.com\/avatar\/?s=96&d=mm&r=g","caption":"giovanna.faria"}}]}},"rttpg_featured_image_url":null,"rttpg_author":{"display_name":"giovanna.faria","author_link":"https:\/\/www.mpc.pr.gov.br\/index.php\/author\/giovanna-faria\/"},"rttpg_comment":0,"rttpg_category":"<a href=\"https:\/\/www.mpc.pr.gov.br\/index.php\/category\/noticias-de-interesse\/\" rel=\"category tag\">Not\u00edcias de Interesse<\/a> <a href=\"https:\/\/www.mpc.pr.gov.br\/index.php\/category\/todas-as-noticias\/\" rel=\"category tag\">Todas as not\u00edcias<\/a>","rttpg_excerpt":"An\u00fancio foi feito na manh\u00e3 desta quinta-feira (4), em Curitiba. Interventores s\u00e3o coron\u00e9is da reserva da PM, conforme o secret\u00e1rio de Infraestrutura e Log\u00edstica, Abelardo Lupion. &nbsp; O governo estadual decretou interven\u00e7\u00e3o administrativa, que ser\u00e1 exercida por militares reformados, nos ped\u00e1gios do Paran\u00e1 que s\u00e3o investigados na Opera\u00e7\u00e3o Lava Jato. O an\u00fancio foi feito pelo&hellip;","_links":{"self":[{"href":"https:\/\/www.mpc.pr.gov.br\/index.php\/wp-json\/wp\/v2\/posts\/6347","targetHints":{"allow":["GET"]}}],"collection":[{"href":"https:\/\/www.mpc.pr.gov.br\/index.php\/wp-json\/wp\/v2\/posts"}],"about":[{"href":"https:\/\/www.mpc.pr.gov.br\/index.php\/wp-json\/wp\/v2\/types\/post"}],"author":[{"embeddable":true,"href":"https:\/\/www.mpc.pr.gov.br\/index.php\/wp-json\/wp\/v2\/users\/5"}],"replies":[{"embeddable":true,"href":"https:\/\/www.mpc.pr.gov.br\/index.php\/wp-json\/wp\/v2\/comments?post=6347"}],"version-history":[{"count":0,"href":"https:\/\/www.mpc.pr.gov.br\/index.php\/wp-json\/wp\/v2\/posts\/6347\/revisions"}],"wp:featuredmedia":[{"embeddable":true,"href":"https:\/\/www.mpc.pr.gov.br\/index.php\/wp-json\/"}],"wp:attachment":[{"href":"https:\/\/www.mpc.pr.gov.br\/index.php\/wp-json\/wp\/v2\/media?parent=6347"}],"wp:term":[{"taxonomy":"category","embeddable":true,"href":"https:\/\/www.mpc.pr.gov.br\/index.php\/wp-json\/wp\/v2\/categories?post=6347"},{"taxonomy":"post_tag","embeddable":true,"href":"https:\/\/www.mpc.pr.gov.br\/index.php\/wp-json\/wp\/v2\/tags?post=6347"}],"curies":[{"name":"wp","href":"https:\/\/api.w.org\/{rel}","templated":true}]}}