{"id":6502,"date":"2018-11-27T13:02:52","date_gmt":"2018-11-27T16:02:52","guid":{"rendered":"http:\/\/www.mpc.pr.gov.br\/?p=6502"},"modified":"2018-11-27T13:02:52","modified_gmt":"2018-11-27T16:02:52","slug":"6502-2","status":"publish","type":"post","link":"https:\/\/www.mpc.pr.gov.br\/index.php\/6502-2\/","title":{"rendered":"Procurador-Geral do MP de Contas participa da comemora\u00e7\u00e3o do Dia Internacional Contra a Corrup\u00e7\u00e3o"},"content":{"rendered":"<p><a href=\"http:\/\/www.mpc.pr.gov.br\/wp-content\/uploads\/2018\/11\/0001.jpg\"><img fetchpriority=\"high\" decoding=\"async\" class=\"alignleft wp-image-6500\" src=\"http:\/\/www.mpc.pr.gov.br\/wp-content\/uploads\/2018\/11\/0001-724x1024.jpg\" alt=\"\" width=\"470\" height=\"776\" \/><\/a>O Procurador-Geral do MP de Contas do Paran\u00e1, Fl\u00e1vio de Azambuja Berti, compor\u00e1 a mesa de autoridades do evento em comemora\u00e7\u00e3o ao \u201cDia Internacional Contra a Corrup\u00e7\u00e3o\u201d, que acontecer\u00e1 no dia 4 de dezembro, no Sal\u00e3o de Atos do Parque Barigui. O evento \u00e9 organizado pela Controladoria Regional da Uni\u00e3o no Estado do Paran\u00e1 e faz alus\u00e3o \u00e0 data em que o Brasil e mais 101 pa\u00edses assinaram a Conven\u00e7\u00e3o das Na\u00e7\u00f5es Unidas contra a Corrup\u00e7\u00e3o, em 2003, com o objetivo de fortalecer a coopera\u00e7\u00e3o internacional na mat\u00e9ria.<\/p>\n<p>O evento tem in\u00edcio \u00e0s 13h e ao longo do dia ser\u00e3o realizadas quatro palestras de dura\u00e7\u00e3o de cerca de 30 minutos cada, al\u00e9m de uma apresenta\u00e7\u00e3o da pe\u00e7a teatral \u201cO Auto da Banca do Fisco\u201d, produzida pela Companhia de Teatro da Universidade Estadual de Maring\u00e1 (UEM).<\/p>\n<p>A rodada de palestras tem in\u00edcio \u00e0s14h com o Procurador de Justi\u00e7a do MP do Estado do Paran\u00e1, Fabio Andr\u00e9 Guarani, que discutir\u00e1 o tema \u201cCorrup\u00e7\u00e3o e Seguran\u00e7a P\u00fablica\u201d. Meia hora depois a Diretora Executiva do Observat\u00f3rio Social do Brasil, Roni Enara, apresentar\u00e1 \u201cA Experi\u00eancia do Observat\u00f3rio Social do Brasil no Combate \u00e0 Corrup\u00e7\u00e3o\u201d. Em seguida haver\u00e1 a apresenta\u00e7\u00e3o teatral com um breve intervalo.<\/p>\n<p>As atividades ser\u00e3o retomadas \u00e0s 16h com a apresenta\u00e7\u00e3o do Superintendente da Controladoria da Uni\u00e3o no Estado do Paran\u00e1, Jos\u00e9 William Gomes da Silva, sobre as \u201cPrincipais Realiza\u00e7\u00f5es da Controladoria-Geral da Uni\u00e3o em 2018\u201d. Por fim \u00e0s 16h30 o Procurador Regional da Rep\u00fablica em S\u00e3o Paulo, Carlos Fernandes dos Santos Lima, palestrar\u00e1 a respeito das \u201cPerspectivas de Combate \u00e0 Corrup\u00e7\u00e3o p\u00f3s-Lava Jato\u201d.<\/p>\n<p>As inscri\u00e7\u00f5es para o evento s\u00e3o gratuitas e podem ser feitas pelo e-mail <a href=\"mailto:cgupr-nap@cgu.gov.br\">cgupr-nap@cgu.gov.br<\/a>. Para d\u00favidas e informa\u00e7\u00f5es, entrar em contato pelo telefone (41) 3320-8386.<\/p>\n<p>&nbsp;<\/p>\n<p>&nbsp;<\/p>\n<p>&nbsp;<\/p>\n<p>&nbsp;<\/p>\n<p>&nbsp;<\/p>\n<p>&nbsp;<\/p>\n","protected":false},"excerpt":{"rendered":"<p>O Procurador-Geral do MP de Contas do Paran\u00e1, Fl\u00e1vio de Azambuja Berti, compor\u00e1 a mesa de autoridades do evento em comemora\u00e7\u00e3o ao \u201cDia Internacional Contra a Corrup\u00e7\u00e3o\u201d, que acontecer\u00e1 no dia 4 de dezembro, no Sal\u00e3o de Atos do Parque Barigui. O evento \u00e9 organizado pela Controladoria Regional da Uni\u00e3o no Estado do Paran\u00e1 e [&hellip;]<\/p>\n","protected":false},"author":5,"featured_media":6501,"comment_status":"open","ping_status":"open","sticky":false,"template":"","format":"standard","meta":{"_monsterinsights_skip_tracking":false,"_monsterinsights_sitenote_active":false,"_monsterinsights_sitenote_note":"","_monsterinsights_sitenote_category":0,"footnotes":""},"categories":[7,14],"tags":[],"class_list":["post-6502","post","type-post","status-publish","format-standard","has-post-thumbnail","hentry","category-todas-as-noticias","category-ultimas-noticias","entry","has-media"],"yoast_head":"<!-- This site is optimized with the Yoast SEO plugin v27.3 - https:\/\/yoast.com\/product\/yoast-seo-wordpress\/ -->\n<title>Procurador-Geral do MP de Contas participa da comemora\u00e7\u00e3o do Dia Internacional Contra a Corrup\u00e7\u00e3o - Minist\u00e9rio P\u00fablico de Contas do Estado do Paran\u00e1<\/title>\n<meta name=\"robots\" content=\"index, follow, max-snippet:-1, max-image-preview:large, max-video-preview:-1\" \/>\n<link rel=\"canonical\" href=\"https:\/\/www.mpc.pr.gov.br\/index.php\/6502-2\/\" \/>\n<meta property=\"og:locale\" content=\"pt_BR\" \/>\n<meta property=\"og:type\" content=\"article\" \/>\n<meta property=\"og:title\" content=\"Procurador-Geral do MP de Contas participa da comemora\u00e7\u00e3o do Dia Internacional Contra a Corrup\u00e7\u00e3o - Minist\u00e9rio P\u00fablico de Contas do Estado do Paran\u00e1\" \/>\n<meta property=\"og:description\" content=\"O Procurador-Geral do MP de Contas do Paran\u00e1, Fl\u00e1vio de Azambuja Berti, compor\u00e1 a mesa de autoridades do evento em comemora\u00e7\u00e3o ao \u201cDia Internacional Contra a Corrup\u00e7\u00e3o\u201d, que acontecer\u00e1 no dia 4 de dezembro, no Sal\u00e3o de Atos do Parque Barigui. O evento \u00e9 organizado pela Controladoria Regional da Uni\u00e3o no Estado do Paran\u00e1 e [&hellip;]\" \/>\n<meta property=\"og:url\" content=\"https:\/\/www.mpc.pr.gov.br\/index.php\/6502-2\/\" \/>\n<meta property=\"og:site_name\" content=\"Minist\u00e9rio P\u00fablico de Contas do Estado do Paran\u00e1\" \/>\n<meta property=\"article:publisher\" content=\"https:\/\/www.facebook.com\/mpc.pr\" \/>\n<meta property=\"article:published_time\" content=\"2018-11-27T16:02:52+00:00\" \/>\n<meta name=\"author\" content=\"giovanna.faria\" \/>\n<meta name=\"twitter:card\" content=\"summary_large_image\" \/>\n<meta name=\"twitter:label1\" content=\"Escrito por\" \/>\n\t<meta name=\"twitter:data1\" content=\"giovanna.faria\" \/>\n\t<meta name=\"twitter:label2\" content=\"Est. tempo de leitura\" \/>\n\t<meta name=\"twitter:data2\" content=\"2 minutos\" \/>\n<script type=\"application\/ld+json\" class=\"yoast-schema-graph\">{\"@context\":\"https:\\\/\\\/schema.org\",\"@graph\":[{\"@type\":\"Article\",\"@id\":\"https:\\\/\\\/www.mpc.pr.gov.br\\\/index.php\\\/6502-2\\\/#article\",\"isPartOf\":{\"@id\":\"https:\\\/\\\/www.mpc.pr.gov.br\\\/index.php\\\/6502-2\\\/\"},\"author\":{\"name\":\"giovanna.faria\",\"@id\":\"https:\\\/\\\/www.mpc.pr.gov.br\\\/#\\\/schema\\\/person\\\/d0c5cf9ebb4d8be833c419f3538cf751\"},\"headline\":\"Procurador-Geral do MP de Contas participa da comemora\u00e7\u00e3o do Dia Internacional Contra a Corrup\u00e7\u00e3o\",\"datePublished\":\"2018-11-27T16:02:52+00:00\",\"mainEntityOfPage\":{\"@id\":\"https:\\\/\\\/www.mpc.pr.gov.br\\\/index.php\\\/6502-2\\\/\"},\"wordCount\":343,\"commentCount\":0,\"publisher\":{\"@id\":\"https:\\\/\\\/www.mpc.pr.gov.br\\\/#organization\"},\"image\":{\"@id\":\"https:\\\/\\\/www.mpc.pr.gov.br\\\/index.php\\\/6502-2\\\/#primaryimage\"},\"thumbnailUrl\":\"\",\"articleSection\":[\"Todas as not\u00edcias\",\"\u00daltimas not\u00edcias\"],\"inLanguage\":\"pt-BR\",\"potentialAction\":[{\"@type\":\"CommentAction\",\"name\":\"Comment\",\"target\":[\"https:\\\/\\\/www.mpc.pr.gov.br\\\/index.php\\\/6502-2\\\/#respond\"]}]},{\"@type\":\"WebPage\",\"@id\":\"https:\\\/\\\/www.mpc.pr.gov.br\\\/index.php\\\/6502-2\\\/\",\"url\":\"https:\\\/\\\/www.mpc.pr.gov.br\\\/index.php\\\/6502-2\\\/\",\"name\":\"Procurador-Geral do MP de Contas participa da comemora\u00e7\u00e3o do Dia Internacional Contra a Corrup\u00e7\u00e3o - Minist\u00e9rio P\u00fablico de Contas do Estado do Paran\u00e1\",\"isPartOf\":{\"@id\":\"https:\\\/\\\/www.mpc.pr.gov.br\\\/#website\"},\"primaryImageOfPage\":{\"@id\":\"https:\\\/\\\/www.mpc.pr.gov.br\\\/index.php\\\/6502-2\\\/#primaryimage\"},\"image\":{\"@id\":\"https:\\\/\\\/www.mpc.pr.gov.br\\\/index.php\\\/6502-2\\\/#primaryimage\"},\"thumbnailUrl\":\"\",\"datePublished\":\"2018-11-27T16:02:52+00:00\",\"breadcrumb\":{\"@id\":\"https:\\\/\\\/www.mpc.pr.gov.br\\\/index.php\\\/6502-2\\\/#breadcrumb\"},\"inLanguage\":\"pt-BR\",\"potentialAction\":[{\"@type\":\"ReadAction\",\"target\":[\"https:\\\/\\\/www.mpc.pr.gov.br\\\/index.php\\\/6502-2\\\/\"]}]},{\"@type\":\"ImageObject\",\"inLanguage\":\"pt-BR\",\"@id\":\"https:\\\/\\\/www.mpc.pr.gov.br\\\/index.php\\\/6502-2\\\/#primaryimage\",\"url\":\"\",\"contentUrl\":\"\"},{\"@type\":\"BreadcrumbList\",\"@id\":\"https:\\\/\\\/www.mpc.pr.gov.br\\\/index.php\\\/6502-2\\\/#breadcrumb\",\"itemListElement\":[{\"@type\":\"ListItem\",\"position\":1,\"name\":\"In\u00edcio\",\"item\":\"https:\\\/\\\/www.mpc.pr.gov.br\\\/\"},{\"@type\":\"ListItem\",\"position\":2,\"name\":\"Procurador-Geral do MP de Contas participa da comemora\u00e7\u00e3o do Dia Internacional Contra a Corrup\u00e7\u00e3o\"}]},{\"@type\":\"WebSite\",\"@id\":\"https:\\\/\\\/www.mpc.pr.gov.br\\\/#website\",\"url\":\"https:\\\/\\\/www.mpc.pr.gov.br\\\/\",\"name\":\"Minist\u00e9rio P\u00fablico de Contas do Estado do Paran\u00e1\",\"description\":\"\",\"publisher\":{\"@id\":\"https:\\\/\\\/www.mpc.pr.gov.br\\\/#organization\"},\"potentialAction\":[{\"@type\":\"SearchAction\",\"target\":{\"@type\":\"EntryPoint\",\"urlTemplate\":\"https:\\\/\\\/www.mpc.pr.gov.br\\\/?s={search_term_string}\"},\"query-input\":{\"@type\":\"PropertyValueSpecification\",\"valueRequired\":true,\"valueName\":\"search_term_string\"}}],\"inLanguage\":\"pt-BR\"},{\"@type\":\"Organization\",\"@id\":\"https:\\\/\\\/www.mpc.pr.gov.br\\\/#organization\",\"name\":\"Minist\u00e9rio P\u00fablico de Contas do Estado do Paran\u00e1\",\"url\":\"https:\\\/\\\/www.mpc.pr.gov.br\\\/\",\"logo\":{\"@type\":\"ImageObject\",\"inLanguage\":\"pt-BR\",\"@id\":\"https:\\\/\\\/www.mpc.pr.gov.br\\\/#\\\/schema\\\/logo\\\/image\\\/\",\"url\":\"https:\\\/\\\/www.mpc.pr.gov.br\\\/wp-content\\\/uploads\\\/2020\\\/06\\\/99423647_1593460364143890_6706793420720963584_n-1-e1591387983167.png\",\"contentUrl\":\"https:\\\/\\\/www.mpc.pr.gov.br\\\/wp-content\\\/uploads\\\/2020\\\/06\\\/99423647_1593460364143890_6706793420720963584_n-1-e1591387983167.png\",\"width\":243,\"height\":73,\"caption\":\"Minist\u00e9rio P\u00fablico de Contas do Estado do Paran\u00e1\"},\"image\":{\"@id\":\"https:\\\/\\\/www.mpc.pr.gov.br\\\/#\\\/schema\\\/logo\\\/image\\\/\"},\"sameAs\":[\"https:\\\/\\\/www.facebook.com\\\/mpc.pr\",\"https:\\\/\\\/www.instagram.com\\\/mpc.pr\\\/?hl=pt-br\",\"https:\\\/\\\/www.youtube.com\\\/channel\\\/UCHri5oEM8DV0ztX57E0sBSw\"]},{\"@type\":\"Person\",\"@id\":\"https:\\\/\\\/www.mpc.pr.gov.br\\\/#\\\/schema\\\/person\\\/d0c5cf9ebb4d8be833c419f3538cf751\",\"name\":\"giovanna.faria\",\"image\":{\"@type\":\"ImageObject\",\"inLanguage\":\"pt-BR\",\"@id\":\"https:\\\/\\\/secure.gravatar.com\\\/avatar\\\/?s=96&d=mm&r=g\",\"url\":\"https:\\\/\\\/secure.gravatar.com\\\/avatar\\\/?s=96&d=mm&r=g\",\"contentUrl\":\"https:\\\/\\\/secure.gravatar.com\\\/avatar\\\/?s=96&d=mm&r=g\",\"caption\":\"giovanna.faria\"}}]}<\/script>\n<!-- \/ Yoast SEO plugin. -->","yoast_head_json":{"title":"Procurador-Geral do MP de Contas participa da comemora\u00e7\u00e3o do Dia Internacional Contra a Corrup\u00e7\u00e3o - Minist\u00e9rio P\u00fablico de Contas do Estado do Paran\u00e1","robots":{"index":"index","follow":"follow","max-snippet":"max-snippet:-1","max-image-preview":"max-image-preview:large","max-video-preview":"max-video-preview:-1"},"canonical":"https:\/\/www.mpc.pr.gov.br\/index.php\/6502-2\/","og_locale":"pt_BR","og_type":"article","og_title":"Procurador-Geral do MP de Contas participa da comemora\u00e7\u00e3o do Dia Internacional Contra a Corrup\u00e7\u00e3o - Minist\u00e9rio P\u00fablico de Contas do Estado do Paran\u00e1","og_description":"O Procurador-Geral do MP de Contas do Paran\u00e1, Fl\u00e1vio de Azambuja Berti, compor\u00e1 a mesa de autoridades do evento em comemora\u00e7\u00e3o ao \u201cDia Internacional Contra a Corrup\u00e7\u00e3o\u201d, que acontecer\u00e1 no dia 4 de dezembro, no Sal\u00e3o de Atos do Parque Barigui. O evento \u00e9 organizado pela Controladoria Regional da Uni\u00e3o no Estado do Paran\u00e1 e [&hellip;]","og_url":"https:\/\/www.mpc.pr.gov.br\/index.php\/6502-2\/","og_site_name":"Minist\u00e9rio P\u00fablico de Contas do Estado do Paran\u00e1","article_publisher":"https:\/\/www.facebook.com\/mpc.pr","article_published_time":"2018-11-27T16:02:52+00:00","author":"giovanna.faria","twitter_card":"summary_large_image","twitter_misc":{"Escrito por":"giovanna.faria","Est. tempo de leitura":"2 minutos"},"schema":{"@context":"https:\/\/schema.org","@graph":[{"@type":"Article","@id":"https:\/\/www.mpc.pr.gov.br\/index.php\/6502-2\/#article","isPartOf":{"@id":"https:\/\/www.mpc.pr.gov.br\/index.php\/6502-2\/"},"author":{"name":"giovanna.faria","@id":"https:\/\/www.mpc.pr.gov.br\/#\/schema\/person\/d0c5cf9ebb4d8be833c419f3538cf751"},"headline":"Procurador-Geral do MP de Contas participa da comemora\u00e7\u00e3o do Dia Internacional Contra a Corrup\u00e7\u00e3o","datePublished":"2018-11-27T16:02:52+00:00","mainEntityOfPage":{"@id":"https:\/\/www.mpc.pr.gov.br\/index.php\/6502-2\/"},"wordCount":343,"commentCount":0,"publisher":{"@id":"https:\/\/www.mpc.pr.gov.br\/#organization"},"image":{"@id":"https:\/\/www.mpc.pr.gov.br\/index.php\/6502-2\/#primaryimage"},"thumbnailUrl":"","articleSection":["Todas as not\u00edcias","\u00daltimas not\u00edcias"],"inLanguage":"pt-BR","potentialAction":[{"@type":"CommentAction","name":"Comment","target":["https:\/\/www.mpc.pr.gov.br\/index.php\/6502-2\/#respond"]}]},{"@type":"WebPage","@id":"https:\/\/www.mpc.pr.gov.br\/index.php\/6502-2\/","url":"https:\/\/www.mpc.pr.gov.br\/index.php\/6502-2\/","name":"Procurador-Geral do MP de Contas participa da comemora\u00e7\u00e3o do Dia Internacional Contra a Corrup\u00e7\u00e3o - Minist\u00e9rio P\u00fablico de Contas do Estado do Paran\u00e1","isPartOf":{"@id":"https:\/\/www.mpc.pr.gov.br\/#website"},"primaryImageOfPage":{"@id":"https:\/\/www.mpc.pr.gov.br\/index.php\/6502-2\/#primaryimage"},"image":{"@id":"https:\/\/www.mpc.pr.gov.br\/index.php\/6502-2\/#primaryimage"},"thumbnailUrl":"","datePublished":"2018-11-27T16:02:52+00:00","breadcrumb":{"@id":"https:\/\/www.mpc.pr.gov.br\/index.php\/6502-2\/#breadcrumb"},"inLanguage":"pt-BR","potentialAction":[{"@type":"ReadAction","target":["https:\/\/www.mpc.pr.gov.br\/index.php\/6502-2\/"]}]},{"@type":"ImageObject","inLanguage":"pt-BR","@id":"https:\/\/www.mpc.pr.gov.br\/index.php\/6502-2\/#primaryimage","url":"","contentUrl":""},{"@type":"BreadcrumbList","@id":"https:\/\/www.mpc.pr.gov.br\/index.php\/6502-2\/#breadcrumb","itemListElement":[{"@type":"ListItem","position":1,"name":"In\u00edcio","item":"https:\/\/www.mpc.pr.gov.br\/"},{"@type":"ListItem","position":2,"name":"Procurador-Geral do MP de Contas participa da comemora\u00e7\u00e3o do Dia Internacional Contra a Corrup\u00e7\u00e3o"}]},{"@type":"WebSite","@id":"https:\/\/www.mpc.pr.gov.br\/#website","url":"https:\/\/www.mpc.pr.gov.br\/","name":"Minist\u00e9rio P\u00fablico de Contas do Estado do Paran\u00e1","description":"","publisher":{"@id":"https:\/\/www.mpc.pr.gov.br\/#organization"},"potentialAction":[{"@type":"SearchAction","target":{"@type":"EntryPoint","urlTemplate":"https:\/\/www.mpc.pr.gov.br\/?s={search_term_string}"},"query-input":{"@type":"PropertyValueSpecification","valueRequired":true,"valueName":"search_term_string"}}],"inLanguage":"pt-BR"},{"@type":"Organization","@id":"https:\/\/www.mpc.pr.gov.br\/#organization","name":"Minist\u00e9rio P\u00fablico de Contas do Estado do Paran\u00e1","url":"https:\/\/www.mpc.pr.gov.br\/","logo":{"@type":"ImageObject","inLanguage":"pt-BR","@id":"https:\/\/www.mpc.pr.gov.br\/#\/schema\/logo\/image\/","url":"https:\/\/www.mpc.pr.gov.br\/wp-content\/uploads\/2020\/06\/99423647_1593460364143890_6706793420720963584_n-1-e1591387983167.png","contentUrl":"https:\/\/www.mpc.pr.gov.br\/wp-content\/uploads\/2020\/06\/99423647_1593460364143890_6706793420720963584_n-1-e1591387983167.png","width":243,"height":73,"caption":"Minist\u00e9rio P\u00fablico de Contas do Estado do Paran\u00e1"},"image":{"@id":"https:\/\/www.mpc.pr.gov.br\/#\/schema\/logo\/image\/"},"sameAs":["https:\/\/www.facebook.com\/mpc.pr","https:\/\/www.instagram.com\/mpc.pr\/?hl=pt-br","https:\/\/www.youtube.com\/channel\/UCHri5oEM8DV0ztX57E0sBSw"]},{"@type":"Person","@id":"https:\/\/www.mpc.pr.gov.br\/#\/schema\/person\/d0c5cf9ebb4d8be833c419f3538cf751","name":"giovanna.faria","image":{"@type":"ImageObject","inLanguage":"pt-BR","@id":"https:\/\/secure.gravatar.com\/avatar\/?s=96&d=mm&r=g","url":"https:\/\/secure.gravatar.com\/avatar\/?s=96&d=mm&r=g","contentUrl":"https:\/\/secure.gravatar.com\/avatar\/?s=96&d=mm&r=g","caption":"giovanna.faria"}}]}},"rttpg_featured_image_url":null,"rttpg_author":{"display_name":"giovanna.faria","author_link":"https:\/\/www.mpc.pr.gov.br\/index.php\/author\/giovanna-faria\/"},"rttpg_comment":0,"rttpg_category":"<a href=\"https:\/\/www.mpc.pr.gov.br\/index.php\/category\/todas-as-noticias\/\" rel=\"category tag\">Todas as not\u00edcias<\/a> <a href=\"https:\/\/www.mpc.pr.gov.br\/index.php\/category\/ultimas-noticias\/\" rel=\"category tag\">\u00daltimas not\u00edcias<\/a>","rttpg_excerpt":"O Procurador-Geral do MP de Contas do Paran\u00e1, Fl\u00e1vio de Azambuja Berti, compor\u00e1 a mesa de autoridades do evento em comemora\u00e7\u00e3o ao \u201cDia Internacional Contra a Corrup\u00e7\u00e3o\u201d, que acontecer\u00e1 no dia 4 de dezembro, no Sal\u00e3o de Atos do Parque Barigui. O evento \u00e9 organizado pela Controladoria Regional da Uni\u00e3o no Estado do Paran\u00e1 e&hellip;","_links":{"self":[{"href":"https:\/\/www.mpc.pr.gov.br\/index.php\/wp-json\/wp\/v2\/posts\/6502","targetHints":{"allow":["GET"]}}],"collection":[{"href":"https:\/\/www.mpc.pr.gov.br\/index.php\/wp-json\/wp\/v2\/posts"}],"about":[{"href":"https:\/\/www.mpc.pr.gov.br\/index.php\/wp-json\/wp\/v2\/types\/post"}],"author":[{"embeddable":true,"href":"https:\/\/www.mpc.pr.gov.br\/index.php\/wp-json\/wp\/v2\/users\/5"}],"replies":[{"embeddable":true,"href":"https:\/\/www.mpc.pr.gov.br\/index.php\/wp-json\/wp\/v2\/comments?post=6502"}],"version-history":[{"count":0,"href":"https:\/\/www.mpc.pr.gov.br\/index.php\/wp-json\/wp\/v2\/posts\/6502\/revisions"}],"wp:featuredmedia":[{"embeddable":true,"href":"https:\/\/www.mpc.pr.gov.br\/index.php\/wp-json\/"}],"wp:attachment":[{"href":"https:\/\/www.mpc.pr.gov.br\/index.php\/wp-json\/wp\/v2\/media?parent=6502"}],"wp:term":[{"taxonomy":"category","embeddable":true,"href":"https:\/\/www.mpc.pr.gov.br\/index.php\/wp-json\/wp\/v2\/categories?post=6502"},{"taxonomy":"post_tag","embeddable":true,"href":"https:\/\/www.mpc.pr.gov.br\/index.php\/wp-json\/wp\/v2\/tags?post=6502"}],"curies":[{"name":"wp","href":"https:\/\/api.w.org\/{rel}","templated":true}]}}