{"id":6508,"date":"2018-11-29T12:49:15","date_gmt":"2018-11-29T15:49:15","guid":{"rendered":"http:\/\/www.mpc.pr.gov.br\/?p=6508"},"modified":"2018-11-29T12:49:15","modified_gmt":"2018-11-29T15:49:15","slug":"cnpgc-encerra-o-ano-de-2018-com-todos-os-objetivos-de-gestao-cumpridos","status":"publish","type":"post","link":"https:\/\/www.mpc.pr.gov.br\/index.php\/cnpgc-encerra-o-ano-de-2018-com-todos-os-objetivos-de-gestao-cumpridos\/","title":{"rendered":"CNPGC encerra o ano de 2018 com todos os objetivos de gest\u00e3o cumpridos"},"content":{"rendered":"<figure id=\"attachment_6509\" aria-describedby=\"caption-attachment-6509\" style=\"width: 300px\" class=\"wp-caption alignleft\"><img fetchpriority=\"high\" decoding=\"async\" class=\"wp-image-6509 size-medium\" src=\"http:\/\/www.mpc.pr.gov.br\/wp-content\/uploads\/2018\/11\/Foto-Gisiela-Hasse-Klein-MPC-SC-300x180.jpeg\" alt=\"\" width=\"300\" height=\"180\" \/><figcaption id=\"caption-attachment-6509\" class=\"wp-caption-text\">Durante a reuni\u00e3o o Presidente do CNPGC, Ricart C\u00e9sar Coelho dos Santos, fez um balan\u00e7o da gest\u00e3o em 2018. Foto: Gisiela Hasse Klein\/MPC-SC.<\/figcaption><\/figure>\n<p>O Conselho Nacional de Procuradores-Gerais de Contas (CNPGC) reuniu 22 procuradores nesta quarta-feira, dia 28, em Florian\u00f3polis (SC), no \u00faltimo encontro da institui\u00e7\u00e3o em 2018. Conduzida pelo Presidente do CNPGC, Ricart C\u00e9sar Coelho dos Santos, a reuni\u00e3o ocorreu durante toda a manh\u00e3 e os procuradores-gerais tiveram a oportunidade de debater temas relacionados \u00e0 carreira, o papel dos Minist\u00e9rios P\u00fablicos de Contas no Controle Externo, as campanhas institucionais que ser\u00e3o conduzidas pelos \u00f3rg\u00e3os em 2019, al\u00e9m de fazer um balan\u00e7o do que foi realizado em 2018.<\/p>\n<p>\u201cConseguimos avan\u00e7ar bastante em algumas \u00e1reas, mas temos muito trabalho pela frente. Precisamos ampliar nossas a\u00e7\u00f5es no Controle Externo, articular nossos recursos f\u00edsicos e humanos para aumentar a produtividade e apresentar os resultados \u00e0 sociedade. \u00c9 o cidad\u00e3o que vai nos respaldar na busca por autonomia plena\u201d, explica o Presidente do CNPGC.<\/p>\n<p>O presidente Ricart apresentou, ainda, o balan\u00e7o da gest\u00e3o em 2018. A Chapa Gest\u00e3o e Integra\u00e7\u00e3o encerra sua gest\u00e3o em mar\u00e7o de 2019. Entretanto, o dr. Ricart deixar\u00e1 a Procuradoria-Geral e, consequentemente, a presid\u00eancia do CNPGC. Quem assumir\u00e1 o comando do CNPGC nos pr\u00f3ximos meses ser\u00e1 o Dr. Thiago Martins Guterres.<\/p>\n<p>No balan\u00e7o de 2018, foram resgatados os objetivos iniciais da gest\u00e3o e seu est\u00e1gio de execu\u00e7\u00e3o.<\/p>\n<p><strong>Objetivo 1 &#8211; Incentivar a cultura do Planejamento no MPC<\/strong><\/p>\n<p>Objetivo alcan\u00e7ado: durante o evento ENAMPCON, realizado no per\u00edodo de 20 a 22 de mar\u00e7o de 2018, os membros do Minist\u00e9rio P\u00fablico de Contas juntamente com a empresa Cogni MGR elaboraram Plano Estrat\u00e9gico do Minist\u00e9rio P\u00fablico de Contas com o intuito de construir a vis\u00e3o futura do MPC brasileiro. O CNPGC permanece em contato com a empresa Cogni MGR visando \u00e0 elabora\u00e7\u00e3o do planejamento (ou gest\u00e3o) estrat\u00e9gico(a) do pr\u00f3prio Conselho, em que ser\u00e3o definidas a miss\u00e3o e a vis\u00e3o do CNPGC.<\/p>\n<p><strong>Objetivo 2 &#8211; Elaborar o Regimento Interno do CNPGC<\/strong><\/p>\n<p>Objetivo alcan\u00e7ado: o CNPGC aprovou o Regimento Interno no dia 11\/06\/2018, dando um importante passo para complementar o ciclo de sua exist\u00eancia legal. O arquivo est\u00e1 dispon\u00edvel no site.<\/p>\n<p><strong>Objetivo 3 &#8211; Incrementar a gest\u00e3o nas Procuradorias-Gerais<\/strong><\/p>\n<p>Objetivo alcan\u00e7ado: o CNPGC busca incentivar a gest\u00e3o em suas Procuradorias-Gerais atrav\u00e9s de a\u00e7\u00f5es cont\u00ednuas e cotidianas. Associado ao Objetivo 01, o trabalho realizado pela Cogni tem feito com que os MPCs brasileiros desenvolvam e aperfei\u00e7oem as suas gest\u00f5es. Assim aprimoram as atividades desempenhadas em prol da sociedade e em busca de um novo posicionamento do Minist\u00e9rio P\u00fablico de Contas no \u00e2mbito jur\u00eddico do pa\u00eds.<\/p>\n<p><strong>Objetivo 4 &#8211; Mapear o grau de ader\u00eancia aos Enunciados do CNPGC<\/strong><\/p>\n<p>Objetivo alcan\u00e7ado: foi produzido um question\u00e1rio, o qual foi respondido por 25 estados, o Distrito Federal e dois Minist\u00e9rios P\u00fablicos dos munic\u00edpios. Foram 28 question\u00e1rios respondidos ao todo para mapear o grau de ader\u00eancia dos Enunciados estabelecidos pelo CNPGC. Apresentou-se o relat\u00f3rio com as respostas consolidadas.<\/p>\n<p><strong>Objetivo 5 &#8211; Elaborar campanhas nacionais e\/ou regionais para 2018 divulgando a atua\u00e7\u00e3o do MPC brasileiro<\/strong><\/p>\n<p>Objetivo alcan\u00e7ado: o CNPGC participou de importantes campanhas de amplo alcance nacional, relacionadas com temas da mais alta relev\u00e2ncia. Al\u00e9m das campanhas realizadas tamb\u00e9m foram firmados acordos de coopera\u00e7\u00e3o.<\/p>\n<p>O Minist\u00e9rio P\u00fablico de Contas do Munic\u00edpio do Rio de Janeiro trouxe para a reuni\u00e3o outro tema para ser discutido pelos Procuradores: a possibilidade de seus procuradores exercerem a advocacia. O MPC-RJ \u00e9 contr\u00e1rio a tal pr\u00e1tica e colocou a discuss\u00e3o para o CNPGC.<\/p>\n<p>Por fim, o Minist\u00e9rio P\u00fablico de Contas de Santa Catarina apresentou a proposta de articula\u00e7\u00e3o da \u201cRede de Enfrentamento \u00e0 Viol\u00eancia contra as mulheres\u201d. O projeto \u00e9 que o Minist\u00e9rio P\u00fablico de Contas seja o articulador dessa rede. Existe previs\u00e3o legal para as redes existirem e atuarem, mas h\u00e1 uma s\u00e9rie de dificuldades em todos os Estados brasileiros. Santa Catarina apresentou um roteiro para iniciar o levantamento da situa\u00e7\u00e3o em cada Estado, bem como sugest\u00f5es para realizar vistorias e iniciar o processo de articula\u00e7\u00e3o entre os diversos \u00f3rg\u00e3os p\u00fablicos e privados envolvidos na tem\u00e1tica.<\/p>\n<p><em><strong>Fonte:\u00a0Gisiela Hasse Klein, assessora de comunica\u00e7\u00e3o do MP de Contas de Santa Catarina.<\/strong><\/em><\/p>\n","protected":false},"excerpt":{"rendered":"<p>O Conselho Nacional de Procuradores-Gerais de Contas (CNPGC) reuniu 22 procuradores nesta quarta-feira, dia 28, em Florian\u00f3polis (SC), no \u00faltimo encontro da institui\u00e7\u00e3o em 2018. Conduzida pelo Presidente do CNPGC, Ricart C\u00e9sar Coelho dos Santos, a reuni\u00e3o ocorreu durante toda a manh\u00e3 e os procuradores-gerais tiveram a oportunidade de debater temas relacionados \u00e0 carreira, o [&hellip;]<\/p>\n","protected":false},"author":5,"featured_media":6509,"comment_status":"open","ping_status":"open","sticky":false,"template":"","format":"standard","meta":{"_monsterinsights_skip_tracking":false,"_monsterinsights_sitenote_active":false,"_monsterinsights_sitenote_note":"","_monsterinsights_sitenote_category":0,"footnotes":""},"categories":[15,7],"tags":[],"class_list":["post-6508","post","type-post","status-publish","format-standard","has-post-thumbnail","hentry","category-noticias-de-interesse","category-todas-as-noticias","entry","has-media"],"yoast_head":"<!-- This site is optimized with the Yoast SEO plugin v27.3 - https:\/\/yoast.com\/product\/yoast-seo-wordpress\/ -->\n<title>CNPGC encerra o ano de 2018 com todos os objetivos de gest\u00e3o cumpridos - Minist\u00e9rio P\u00fablico de Contas do Estado do Paran\u00e1<\/title>\n<meta name=\"robots\" content=\"index, follow, max-snippet:-1, max-image-preview:large, max-video-preview:-1\" \/>\n<link rel=\"canonical\" href=\"https:\/\/www.mpc.pr.gov.br\/index.php\/cnpgc-encerra-o-ano-de-2018-com-todos-os-objetivos-de-gestao-cumpridos\/\" \/>\n<meta property=\"og:locale\" content=\"pt_BR\" \/>\n<meta property=\"og:type\" content=\"article\" \/>\n<meta property=\"og:title\" content=\"CNPGC encerra o ano de 2018 com todos os objetivos de gest\u00e3o cumpridos - Minist\u00e9rio P\u00fablico de Contas do Estado do Paran\u00e1\" \/>\n<meta property=\"og:description\" content=\"O Conselho Nacional de Procuradores-Gerais de Contas (CNPGC) reuniu 22 procuradores nesta quarta-feira, dia 28, em Florian\u00f3polis (SC), no \u00faltimo encontro da institui\u00e7\u00e3o em 2018. Conduzida pelo Presidente do CNPGC, Ricart C\u00e9sar Coelho dos Santos, a reuni\u00e3o ocorreu durante toda a manh\u00e3 e os procuradores-gerais tiveram a oportunidade de debater temas relacionados \u00e0 carreira, o [&hellip;]\" \/>\n<meta property=\"og:url\" content=\"https:\/\/www.mpc.pr.gov.br\/index.php\/cnpgc-encerra-o-ano-de-2018-com-todos-os-objetivos-de-gestao-cumpridos\/\" \/>\n<meta property=\"og:site_name\" content=\"Minist\u00e9rio P\u00fablico de Contas do Estado do Paran\u00e1\" \/>\n<meta property=\"article:publisher\" content=\"https:\/\/www.facebook.com\/mpc.pr\" \/>\n<meta property=\"article:published_time\" content=\"2018-11-29T15:49:15+00:00\" \/>\n<meta name=\"author\" content=\"giovanna.faria\" \/>\n<meta name=\"twitter:card\" content=\"summary_large_image\" \/>\n<meta name=\"twitter:label1\" content=\"Escrito por\" \/>\n\t<meta name=\"twitter:data1\" content=\"giovanna.faria\" \/>\n\t<meta name=\"twitter:label2\" content=\"Est. tempo de leitura\" \/>\n\t<meta name=\"twitter:data2\" content=\"4 minutos\" \/>\n<script type=\"application\/ld+json\" class=\"yoast-schema-graph\">{\"@context\":\"https:\\\/\\\/schema.org\",\"@graph\":[{\"@type\":\"Article\",\"@id\":\"https:\\\/\\\/www.mpc.pr.gov.br\\\/index.php\\\/cnpgc-encerra-o-ano-de-2018-com-todos-os-objetivos-de-gestao-cumpridos\\\/#article\",\"isPartOf\":{\"@id\":\"https:\\\/\\\/www.mpc.pr.gov.br\\\/index.php\\\/cnpgc-encerra-o-ano-de-2018-com-todos-os-objetivos-de-gestao-cumpridos\\\/\"},\"author\":{\"name\":\"giovanna.faria\",\"@id\":\"https:\\\/\\\/www.mpc.pr.gov.br\\\/#\\\/schema\\\/person\\\/d0c5cf9ebb4d8be833c419f3538cf751\"},\"headline\":\"CNPGC encerra o ano de 2018 com todos os objetivos de gest\u00e3o cumpridos\",\"datePublished\":\"2018-11-29T15:49:15+00:00\",\"mainEntityOfPage\":{\"@id\":\"https:\\\/\\\/www.mpc.pr.gov.br\\\/index.php\\\/cnpgc-encerra-o-ano-de-2018-com-todos-os-objetivos-de-gestao-cumpridos\\\/\"},\"wordCount\":776,\"commentCount\":0,\"publisher\":{\"@id\":\"https:\\\/\\\/www.mpc.pr.gov.br\\\/#organization\"},\"image\":{\"@id\":\"https:\\\/\\\/www.mpc.pr.gov.br\\\/index.php\\\/cnpgc-encerra-o-ano-de-2018-com-todos-os-objetivos-de-gestao-cumpridos\\\/#primaryimage\"},\"thumbnailUrl\":\"\",\"articleSection\":[\"Not\u00edcias de Interesse\",\"Todas as not\u00edcias\"],\"inLanguage\":\"pt-BR\",\"potentialAction\":[{\"@type\":\"CommentAction\",\"name\":\"Comment\",\"target\":[\"https:\\\/\\\/www.mpc.pr.gov.br\\\/index.php\\\/cnpgc-encerra-o-ano-de-2018-com-todos-os-objetivos-de-gestao-cumpridos\\\/#respond\"]}]},{\"@type\":\"WebPage\",\"@id\":\"https:\\\/\\\/www.mpc.pr.gov.br\\\/index.php\\\/cnpgc-encerra-o-ano-de-2018-com-todos-os-objetivos-de-gestao-cumpridos\\\/\",\"url\":\"https:\\\/\\\/www.mpc.pr.gov.br\\\/index.php\\\/cnpgc-encerra-o-ano-de-2018-com-todos-os-objetivos-de-gestao-cumpridos\\\/\",\"name\":\"CNPGC encerra o ano de 2018 com todos os objetivos de gest\u00e3o cumpridos - Minist\u00e9rio P\u00fablico de Contas do Estado do Paran\u00e1\",\"isPartOf\":{\"@id\":\"https:\\\/\\\/www.mpc.pr.gov.br\\\/#website\"},\"primaryImageOfPage\":{\"@id\":\"https:\\\/\\\/www.mpc.pr.gov.br\\\/index.php\\\/cnpgc-encerra-o-ano-de-2018-com-todos-os-objetivos-de-gestao-cumpridos\\\/#primaryimage\"},\"image\":{\"@id\":\"https:\\\/\\\/www.mpc.pr.gov.br\\\/index.php\\\/cnpgc-encerra-o-ano-de-2018-com-todos-os-objetivos-de-gestao-cumpridos\\\/#primaryimage\"},\"thumbnailUrl\":\"\",\"datePublished\":\"2018-11-29T15:49:15+00:00\",\"breadcrumb\":{\"@id\":\"https:\\\/\\\/www.mpc.pr.gov.br\\\/index.php\\\/cnpgc-encerra-o-ano-de-2018-com-todos-os-objetivos-de-gestao-cumpridos\\\/#breadcrumb\"},\"inLanguage\":\"pt-BR\",\"potentialAction\":[{\"@type\":\"ReadAction\",\"target\":[\"https:\\\/\\\/www.mpc.pr.gov.br\\\/index.php\\\/cnpgc-encerra-o-ano-de-2018-com-todos-os-objetivos-de-gestao-cumpridos\\\/\"]}]},{\"@type\":\"ImageObject\",\"inLanguage\":\"pt-BR\",\"@id\":\"https:\\\/\\\/www.mpc.pr.gov.br\\\/index.php\\\/cnpgc-encerra-o-ano-de-2018-com-todos-os-objetivos-de-gestao-cumpridos\\\/#primaryimage\",\"url\":\"\",\"contentUrl\":\"\"},{\"@type\":\"BreadcrumbList\",\"@id\":\"https:\\\/\\\/www.mpc.pr.gov.br\\\/index.php\\\/cnpgc-encerra-o-ano-de-2018-com-todos-os-objetivos-de-gestao-cumpridos\\\/#breadcrumb\",\"itemListElement\":[{\"@type\":\"ListItem\",\"position\":1,\"name\":\"In\u00edcio\",\"item\":\"https:\\\/\\\/www.mpc.pr.gov.br\\\/\"},{\"@type\":\"ListItem\",\"position\":2,\"name\":\"CNPGC encerra o ano de 2018 com todos os objetivos de gest\u00e3o cumpridos\"}]},{\"@type\":\"WebSite\",\"@id\":\"https:\\\/\\\/www.mpc.pr.gov.br\\\/#website\",\"url\":\"https:\\\/\\\/www.mpc.pr.gov.br\\\/\",\"name\":\"Minist\u00e9rio P\u00fablico de Contas do Estado do Paran\u00e1\",\"description\":\"\",\"publisher\":{\"@id\":\"https:\\\/\\\/www.mpc.pr.gov.br\\\/#organization\"},\"potentialAction\":[{\"@type\":\"SearchAction\",\"target\":{\"@type\":\"EntryPoint\",\"urlTemplate\":\"https:\\\/\\\/www.mpc.pr.gov.br\\\/?s={search_term_string}\"},\"query-input\":{\"@type\":\"PropertyValueSpecification\",\"valueRequired\":true,\"valueName\":\"search_term_string\"}}],\"inLanguage\":\"pt-BR\"},{\"@type\":\"Organization\",\"@id\":\"https:\\\/\\\/www.mpc.pr.gov.br\\\/#organization\",\"name\":\"Minist\u00e9rio P\u00fablico de Contas do Estado do Paran\u00e1\",\"url\":\"https:\\\/\\\/www.mpc.pr.gov.br\\\/\",\"logo\":{\"@type\":\"ImageObject\",\"inLanguage\":\"pt-BR\",\"@id\":\"https:\\\/\\\/www.mpc.pr.gov.br\\\/#\\\/schema\\\/logo\\\/image\\\/\",\"url\":\"https:\\\/\\\/www.mpc.pr.gov.br\\\/wp-content\\\/uploads\\\/2020\\\/06\\\/99423647_1593460364143890_6706793420720963584_n-1-e1591387983167.png\",\"contentUrl\":\"https:\\\/\\\/www.mpc.pr.gov.br\\\/wp-content\\\/uploads\\\/2020\\\/06\\\/99423647_1593460364143890_6706793420720963584_n-1-e1591387983167.png\",\"width\":243,\"height\":73,\"caption\":\"Minist\u00e9rio P\u00fablico de Contas do Estado do Paran\u00e1\"},\"image\":{\"@id\":\"https:\\\/\\\/www.mpc.pr.gov.br\\\/#\\\/schema\\\/logo\\\/image\\\/\"},\"sameAs\":[\"https:\\\/\\\/www.facebook.com\\\/mpc.pr\",\"https:\\\/\\\/www.instagram.com\\\/mpc.pr\\\/?hl=pt-br\",\"https:\\\/\\\/www.youtube.com\\\/channel\\\/UCHri5oEM8DV0ztX57E0sBSw\"]},{\"@type\":\"Person\",\"@id\":\"https:\\\/\\\/www.mpc.pr.gov.br\\\/#\\\/schema\\\/person\\\/d0c5cf9ebb4d8be833c419f3538cf751\",\"name\":\"giovanna.faria\",\"image\":{\"@type\":\"ImageObject\",\"inLanguage\":\"pt-BR\",\"@id\":\"https:\\\/\\\/secure.gravatar.com\\\/avatar\\\/?s=96&d=mm&r=g\",\"url\":\"https:\\\/\\\/secure.gravatar.com\\\/avatar\\\/?s=96&d=mm&r=g\",\"contentUrl\":\"https:\\\/\\\/secure.gravatar.com\\\/avatar\\\/?s=96&d=mm&r=g\",\"caption\":\"giovanna.faria\"}}]}<\/script>\n<!-- \/ Yoast SEO plugin. -->","yoast_head_json":{"title":"CNPGC encerra o ano de 2018 com todos os objetivos de gest\u00e3o cumpridos - Minist\u00e9rio P\u00fablico de Contas do Estado do Paran\u00e1","robots":{"index":"index","follow":"follow","max-snippet":"max-snippet:-1","max-image-preview":"max-image-preview:large","max-video-preview":"max-video-preview:-1"},"canonical":"https:\/\/www.mpc.pr.gov.br\/index.php\/cnpgc-encerra-o-ano-de-2018-com-todos-os-objetivos-de-gestao-cumpridos\/","og_locale":"pt_BR","og_type":"article","og_title":"CNPGC encerra o ano de 2018 com todos os objetivos de gest\u00e3o cumpridos - Minist\u00e9rio P\u00fablico de Contas do Estado do Paran\u00e1","og_description":"O Conselho Nacional de Procuradores-Gerais de Contas (CNPGC) reuniu 22 procuradores nesta quarta-feira, dia 28, em Florian\u00f3polis (SC), no \u00faltimo encontro da institui\u00e7\u00e3o em 2018. Conduzida pelo Presidente do CNPGC, Ricart C\u00e9sar Coelho dos Santos, a reuni\u00e3o ocorreu durante toda a manh\u00e3 e os procuradores-gerais tiveram a oportunidade de debater temas relacionados \u00e0 carreira, o [&hellip;]","og_url":"https:\/\/www.mpc.pr.gov.br\/index.php\/cnpgc-encerra-o-ano-de-2018-com-todos-os-objetivos-de-gestao-cumpridos\/","og_site_name":"Minist\u00e9rio P\u00fablico de Contas do Estado do Paran\u00e1","article_publisher":"https:\/\/www.facebook.com\/mpc.pr","article_published_time":"2018-11-29T15:49:15+00:00","author":"giovanna.faria","twitter_card":"summary_large_image","twitter_misc":{"Escrito por":"giovanna.faria","Est. tempo de leitura":"4 minutos"},"schema":{"@context":"https:\/\/schema.org","@graph":[{"@type":"Article","@id":"https:\/\/www.mpc.pr.gov.br\/index.php\/cnpgc-encerra-o-ano-de-2018-com-todos-os-objetivos-de-gestao-cumpridos\/#article","isPartOf":{"@id":"https:\/\/www.mpc.pr.gov.br\/index.php\/cnpgc-encerra-o-ano-de-2018-com-todos-os-objetivos-de-gestao-cumpridos\/"},"author":{"name":"giovanna.faria","@id":"https:\/\/www.mpc.pr.gov.br\/#\/schema\/person\/d0c5cf9ebb4d8be833c419f3538cf751"},"headline":"CNPGC encerra o ano de 2018 com todos os objetivos de gest\u00e3o cumpridos","datePublished":"2018-11-29T15:49:15+00:00","mainEntityOfPage":{"@id":"https:\/\/www.mpc.pr.gov.br\/index.php\/cnpgc-encerra-o-ano-de-2018-com-todos-os-objetivos-de-gestao-cumpridos\/"},"wordCount":776,"commentCount":0,"publisher":{"@id":"https:\/\/www.mpc.pr.gov.br\/#organization"},"image":{"@id":"https:\/\/www.mpc.pr.gov.br\/index.php\/cnpgc-encerra-o-ano-de-2018-com-todos-os-objetivos-de-gestao-cumpridos\/#primaryimage"},"thumbnailUrl":"","articleSection":["Not\u00edcias de Interesse","Todas as not\u00edcias"],"inLanguage":"pt-BR","potentialAction":[{"@type":"CommentAction","name":"Comment","target":["https:\/\/www.mpc.pr.gov.br\/index.php\/cnpgc-encerra-o-ano-de-2018-com-todos-os-objetivos-de-gestao-cumpridos\/#respond"]}]},{"@type":"WebPage","@id":"https:\/\/www.mpc.pr.gov.br\/index.php\/cnpgc-encerra-o-ano-de-2018-com-todos-os-objetivos-de-gestao-cumpridos\/","url":"https:\/\/www.mpc.pr.gov.br\/index.php\/cnpgc-encerra-o-ano-de-2018-com-todos-os-objetivos-de-gestao-cumpridos\/","name":"CNPGC encerra o ano de 2018 com todos os objetivos de gest\u00e3o cumpridos - Minist\u00e9rio P\u00fablico de Contas do Estado do Paran\u00e1","isPartOf":{"@id":"https:\/\/www.mpc.pr.gov.br\/#website"},"primaryImageOfPage":{"@id":"https:\/\/www.mpc.pr.gov.br\/index.php\/cnpgc-encerra-o-ano-de-2018-com-todos-os-objetivos-de-gestao-cumpridos\/#primaryimage"},"image":{"@id":"https:\/\/www.mpc.pr.gov.br\/index.php\/cnpgc-encerra-o-ano-de-2018-com-todos-os-objetivos-de-gestao-cumpridos\/#primaryimage"},"thumbnailUrl":"","datePublished":"2018-11-29T15:49:15+00:00","breadcrumb":{"@id":"https:\/\/www.mpc.pr.gov.br\/index.php\/cnpgc-encerra-o-ano-de-2018-com-todos-os-objetivos-de-gestao-cumpridos\/#breadcrumb"},"inLanguage":"pt-BR","potentialAction":[{"@type":"ReadAction","target":["https:\/\/www.mpc.pr.gov.br\/index.php\/cnpgc-encerra-o-ano-de-2018-com-todos-os-objetivos-de-gestao-cumpridos\/"]}]},{"@type":"ImageObject","inLanguage":"pt-BR","@id":"https:\/\/www.mpc.pr.gov.br\/index.php\/cnpgc-encerra-o-ano-de-2018-com-todos-os-objetivos-de-gestao-cumpridos\/#primaryimage","url":"","contentUrl":""},{"@type":"BreadcrumbList","@id":"https:\/\/www.mpc.pr.gov.br\/index.php\/cnpgc-encerra-o-ano-de-2018-com-todos-os-objetivos-de-gestao-cumpridos\/#breadcrumb","itemListElement":[{"@type":"ListItem","position":1,"name":"In\u00edcio","item":"https:\/\/www.mpc.pr.gov.br\/"},{"@type":"ListItem","position":2,"name":"CNPGC encerra o ano de 2018 com todos os objetivos de gest\u00e3o cumpridos"}]},{"@type":"WebSite","@id":"https:\/\/www.mpc.pr.gov.br\/#website","url":"https:\/\/www.mpc.pr.gov.br\/","name":"Minist\u00e9rio P\u00fablico de Contas do Estado do Paran\u00e1","description":"","publisher":{"@id":"https:\/\/www.mpc.pr.gov.br\/#organization"},"potentialAction":[{"@type":"SearchAction","target":{"@type":"EntryPoint","urlTemplate":"https:\/\/www.mpc.pr.gov.br\/?s={search_term_string}"},"query-input":{"@type":"PropertyValueSpecification","valueRequired":true,"valueName":"search_term_string"}}],"inLanguage":"pt-BR"},{"@type":"Organization","@id":"https:\/\/www.mpc.pr.gov.br\/#organization","name":"Minist\u00e9rio P\u00fablico de Contas do Estado do Paran\u00e1","url":"https:\/\/www.mpc.pr.gov.br\/","logo":{"@type":"ImageObject","inLanguage":"pt-BR","@id":"https:\/\/www.mpc.pr.gov.br\/#\/schema\/logo\/image\/","url":"https:\/\/www.mpc.pr.gov.br\/wp-content\/uploads\/2020\/06\/99423647_1593460364143890_6706793420720963584_n-1-e1591387983167.png","contentUrl":"https:\/\/www.mpc.pr.gov.br\/wp-content\/uploads\/2020\/06\/99423647_1593460364143890_6706793420720963584_n-1-e1591387983167.png","width":243,"height":73,"caption":"Minist\u00e9rio P\u00fablico de Contas do Estado do Paran\u00e1"},"image":{"@id":"https:\/\/www.mpc.pr.gov.br\/#\/schema\/logo\/image\/"},"sameAs":["https:\/\/www.facebook.com\/mpc.pr","https:\/\/www.instagram.com\/mpc.pr\/?hl=pt-br","https:\/\/www.youtube.com\/channel\/UCHri5oEM8DV0ztX57E0sBSw"]},{"@type":"Person","@id":"https:\/\/www.mpc.pr.gov.br\/#\/schema\/person\/d0c5cf9ebb4d8be833c419f3538cf751","name":"giovanna.faria","image":{"@type":"ImageObject","inLanguage":"pt-BR","@id":"https:\/\/secure.gravatar.com\/avatar\/?s=96&d=mm&r=g","url":"https:\/\/secure.gravatar.com\/avatar\/?s=96&d=mm&r=g","contentUrl":"https:\/\/secure.gravatar.com\/avatar\/?s=96&d=mm&r=g","caption":"giovanna.faria"}}]}},"rttpg_featured_image_url":null,"rttpg_author":{"display_name":"giovanna.faria","author_link":"https:\/\/www.mpc.pr.gov.br\/index.php\/author\/giovanna-faria\/"},"rttpg_comment":0,"rttpg_category":"<a href=\"https:\/\/www.mpc.pr.gov.br\/index.php\/category\/noticias-de-interesse\/\" rel=\"category tag\">Not\u00edcias de Interesse<\/a> <a href=\"https:\/\/www.mpc.pr.gov.br\/index.php\/category\/todas-as-noticias\/\" rel=\"category tag\">Todas as not\u00edcias<\/a>","rttpg_excerpt":"O Conselho Nacional de Procuradores-Gerais de Contas (CNPGC) reuniu 22 procuradores nesta quarta-feira, dia 28, em Florian\u00f3polis (SC), no \u00faltimo encontro da institui\u00e7\u00e3o em 2018. Conduzida pelo Presidente do CNPGC, Ricart C\u00e9sar Coelho dos Santos, a reuni\u00e3o ocorreu durante toda a manh\u00e3 e os procuradores-gerais tiveram a oportunidade de debater temas relacionados \u00e0 carreira, o&hellip;","_links":{"self":[{"href":"https:\/\/www.mpc.pr.gov.br\/index.php\/wp-json\/wp\/v2\/posts\/6508","targetHints":{"allow":["GET"]}}],"collection":[{"href":"https:\/\/www.mpc.pr.gov.br\/index.php\/wp-json\/wp\/v2\/posts"}],"about":[{"href":"https:\/\/www.mpc.pr.gov.br\/index.php\/wp-json\/wp\/v2\/types\/post"}],"author":[{"embeddable":true,"href":"https:\/\/www.mpc.pr.gov.br\/index.php\/wp-json\/wp\/v2\/users\/5"}],"replies":[{"embeddable":true,"href":"https:\/\/www.mpc.pr.gov.br\/index.php\/wp-json\/wp\/v2\/comments?post=6508"}],"version-history":[{"count":0,"href":"https:\/\/www.mpc.pr.gov.br\/index.php\/wp-json\/wp\/v2\/posts\/6508\/revisions"}],"wp:featuredmedia":[{"embeddable":true,"href":"https:\/\/www.mpc.pr.gov.br\/index.php\/wp-json\/"}],"wp:attachment":[{"href":"https:\/\/www.mpc.pr.gov.br\/index.php\/wp-json\/wp\/v2\/media?parent=6508"}],"wp:term":[{"taxonomy":"category","embeddable":true,"href":"https:\/\/www.mpc.pr.gov.br\/index.php\/wp-json\/wp\/v2\/categories?post=6508"},{"taxonomy":"post_tag","embeddable":true,"href":"https:\/\/www.mpc.pr.gov.br\/index.php\/wp-json\/wp\/v2\/tags?post=6508"}],"curies":[{"name":"wp","href":"https:\/\/api.w.org\/{rel}","templated":true}]}}