{"id":6777,"date":"2019-02-14T13:16:54","date_gmt":"2019-02-14T16:16:54","guid":{"rendered":"http:\/\/www.mpc.pr.gov.br\/?p=6777"},"modified":"2019-02-14T13:16:54","modified_gmt":"2019-02-14T16:16:54","slug":"apos-representacao-do-mp-de-contas-paicandu-tera-que-incluir-codigo-de-identificacao-nas-licitacoes-para-compra-de-medicamentos","status":"publish","type":"post","link":"https:\/\/www.mpc.pr.gov.br\/index.php\/apos-representacao-do-mp-de-contas-paicandu-tera-que-incluir-codigo-de-identificacao-nas-licitacoes-para-compra-de-medicamentos\/","title":{"rendered":"Ap\u00f3s Representa\u00e7\u00e3o do MP de Contas Pai\u00e7andu ter\u00e1 que incluir c\u00f3digo de identifica\u00e7\u00e3o nas licita\u00e7\u00f5es para compra de medicamentos"},"content":{"rendered":"<p><img fetchpriority=\"high\" decoding=\"async\" class=\"alignleft size-medium wp-image-6015\" src=\"http:\/\/www.mpc.pr.gov.br\/wp-content\/uploads\/2018\/06\/close-up-1853400_1920-300x200.jpg\" alt=\"\" width=\"300\" height=\"200\" \/>Ontem (13), durante a sess\u00e3o do Tribunal Pleno do Tribunal de Contas do Paran\u00e1 (TCE-PR), o Conselheiro relator Fernando Augusto de Mello Guimar\u00e3es acolheu parcialmente a Representa\u00e7\u00e3o do MP de Contas do Paran\u00e1 em face do munic\u00edpio de Pai\u00e7andu, por irregularidades encontradas no Preg\u00e3o 33\/2017 destinado a aquisi\u00e7\u00e3o de medicamentos.<\/p>\n<p>De acordo com o N\u00facleo de Intelig\u00eancia (NI) do \u00f3rg\u00e3o ministerial, foi observado que havia aus\u00eancia de descri\u00e7\u00e3o detalhada do objeto da licita\u00e7\u00e3o, dificultando a identifica\u00e7\u00e3o do medicamento; baixo est\u00edmulo \u00e0 competi\u00e7\u00e3o no certame, uma vez que foram realizadas poucas rodadas de lances, indicando uma omiss\u00e3o por parte do pregoeiro respons\u00e1vel; previs\u00e3o em Edital de pre\u00e7os muito acima do valor de mercado, indicando falha na pesquisa pr\u00e9via a respeito dos pre\u00e7os, podendo acarretar em dano ao er\u00e1rio; e ofensa ao princ\u00edpio da publicidade, pela aus\u00eancia de documentos referente ao procedimento licitat\u00f3rio no Portal da Transpar\u00eancia de Pai\u00e7andu.<\/p>\n<p>Ap\u00f3s a presta\u00e7\u00e3o dos esclarecimentos pelo munic\u00edpio, solicitadas por meio do Despacho 607\/18, o relator do processo concluiu que apesar de n\u00e3o ficar demonstrado efetivamente o preju\u00edzo ao er\u00e1rio, isso n\u00e3o afasta a necessidade do munic\u00edpio de alterar sua metodologia de pesquisa de pre\u00e7o, ampliando suas fontes de buscas e, por consequ\u00eancia, tendo propostas mais vantajosas.<\/p>\n<p>O Conselheiro Guimar\u00e3es tamb\u00e9m acatou as sugest\u00f5es do MP de Contas referentes a aus\u00eancia de especifica\u00e7\u00e3o do objeto de forma detalhada, uma vez que a falta de clareza dificulta a compara\u00e7\u00e3o das propostas ofertas. Quanto a omiss\u00e3o do pregoeiro, o Relator n\u00e3o identificou nenhuma irregularidade, pois somente a falta de lances n\u00e3o \u00e9 indicativo de que houve baixo est\u00edmulo de concorr\u00eancia no certame.<\/p>\n<p>Ainda durante a sess\u00e3o, o Procurador-Geral Fl\u00e1vio de Azambuja Berti defendeu que a Representa\u00e7\u00e3o fosse aprovada integralmente e que o TCE-PR passe a adotar desde j\u00e1 mecanismos para aperfei\u00e7oar a fiscaliza\u00e7\u00e3o nessas situa\u00e7\u00f5es. Nesse sentido, Berti destacou o uso do C\u00f3digo BR do Cat\u00e1logo de Material do Comprasnet, tanto nas fases internas quanto externas das licita\u00e7\u00f5es, pois ele permite fazer pesquisas de pre\u00e7os mais precisas e identificar com mais clareza o medicamento que se pretende adquirir.<\/p>\n<p>Ap\u00f3s a delibera\u00e7\u00e3o, o Pleno homologou a decis\u00e3o do Relator pela proced\u00eancia parcial da Representa\u00e7\u00e3o e decidiu exigir que o munic\u00edpio de Pai\u00e7andu inclua o C\u00f3digo BR para os pr\u00f3ximos editais de aquisi\u00e7\u00e3o de medicamentos.<\/p>\n<p>O Ac\u00f3rd\u00e3o com a decis\u00e3o deve ser publicado no Di\u00e1rio Eletr\u00f4nico do TCE-PR nos pr\u00f3ximos dias.<\/p>\n","protected":false},"excerpt":{"rendered":"<p>Ontem (13), durante a sess\u00e3o do Tribunal Pleno do Tribunal de Contas do Paran\u00e1 (TCE-PR), o Conselheiro relator Fernando Augusto de Mello Guimar\u00e3es acolheu parcialmente a Representa\u00e7\u00e3o do MP de Contas do Paran\u00e1 em face do munic\u00edpio de Pai\u00e7andu, por irregularidades encontradas no Preg\u00e3o 33\/2017 destinado a aquisi\u00e7\u00e3o de medicamentos. De acordo com o N\u00facleo [&hellip;]<\/p>\n","protected":false},"author":5,"featured_media":6015,"comment_status":"open","ping_status":"open","sticky":false,"template":"","format":"standard","meta":{"_monsterinsights_skip_tracking":false,"_monsterinsights_sitenote_active":false,"_monsterinsights_sitenote_note":"","_monsterinsights_sitenote_category":0,"footnotes":""},"categories":[7,14],"tags":[],"class_list":["post-6777","post","type-post","status-publish","format-standard","has-post-thumbnail","hentry","category-todas-as-noticias","category-ultimas-noticias","entry","has-media"],"yoast_head":"<!-- This site is optimized with the Yoast SEO plugin v27.3 - https:\/\/yoast.com\/product\/yoast-seo-wordpress\/ -->\n<title>Ap\u00f3s Representa\u00e7\u00e3o do MP de Contas Pai\u00e7andu ter\u00e1 que incluir c\u00f3digo de identifica\u00e7\u00e3o nas licita\u00e7\u00f5es para compra de medicamentos - Minist\u00e9rio P\u00fablico de Contas do Estado do Paran\u00e1<\/title>\n<meta name=\"robots\" content=\"index, follow, max-snippet:-1, max-image-preview:large, max-video-preview:-1\" \/>\n<link rel=\"canonical\" href=\"https:\/\/www.mpc.pr.gov.br\/index.php\/apos-representacao-do-mp-de-contas-paicandu-tera-que-incluir-codigo-de-identificacao-nas-licitacoes-para-compra-de-medicamentos\/\" \/>\n<meta property=\"og:locale\" content=\"pt_BR\" \/>\n<meta property=\"og:type\" content=\"article\" \/>\n<meta property=\"og:title\" content=\"Ap\u00f3s Representa\u00e7\u00e3o do MP de Contas Pai\u00e7andu ter\u00e1 que incluir c\u00f3digo de identifica\u00e7\u00e3o nas licita\u00e7\u00f5es para compra de medicamentos - Minist\u00e9rio P\u00fablico de Contas do Estado do Paran\u00e1\" \/>\n<meta property=\"og:description\" content=\"Ontem (13), durante a sess\u00e3o do Tribunal Pleno do Tribunal de Contas do Paran\u00e1 (TCE-PR), o Conselheiro relator Fernando Augusto de Mello Guimar\u00e3es acolheu parcialmente a Representa\u00e7\u00e3o do MP de Contas do Paran\u00e1 em face do munic\u00edpio de Pai\u00e7andu, por irregularidades encontradas no Preg\u00e3o 33\/2017 destinado a aquisi\u00e7\u00e3o de medicamentos. De acordo com o N\u00facleo [&hellip;]\" \/>\n<meta property=\"og:url\" content=\"https:\/\/www.mpc.pr.gov.br\/index.php\/apos-representacao-do-mp-de-contas-paicandu-tera-que-incluir-codigo-de-identificacao-nas-licitacoes-para-compra-de-medicamentos\/\" \/>\n<meta property=\"og:site_name\" content=\"Minist\u00e9rio P\u00fablico de Contas do Estado do Paran\u00e1\" \/>\n<meta property=\"article:publisher\" content=\"https:\/\/www.facebook.com\/mpc.pr\" \/>\n<meta property=\"article:published_time\" content=\"2019-02-14T16:16:54+00:00\" \/>\n<meta name=\"author\" content=\"giovanna.faria\" \/>\n<meta name=\"twitter:card\" content=\"summary_large_image\" \/>\n<meta name=\"twitter:label1\" content=\"Escrito por\" \/>\n\t<meta name=\"twitter:data1\" content=\"giovanna.faria\" \/>\n\t<meta name=\"twitter:label2\" content=\"Est. tempo de leitura\" \/>\n\t<meta name=\"twitter:data2\" content=\"2 minutos\" \/>\n<script type=\"application\/ld+json\" class=\"yoast-schema-graph\">{\"@context\":\"https:\\\/\\\/schema.org\",\"@graph\":[{\"@type\":\"Article\",\"@id\":\"https:\\\/\\\/www.mpc.pr.gov.br\\\/index.php\\\/apos-representacao-do-mp-de-contas-paicandu-tera-que-incluir-codigo-de-identificacao-nas-licitacoes-para-compra-de-medicamentos\\\/#article\",\"isPartOf\":{\"@id\":\"https:\\\/\\\/www.mpc.pr.gov.br\\\/index.php\\\/apos-representacao-do-mp-de-contas-paicandu-tera-que-incluir-codigo-de-identificacao-nas-licitacoes-para-compra-de-medicamentos\\\/\"},\"author\":{\"name\":\"giovanna.faria\",\"@id\":\"https:\\\/\\\/www.mpc.pr.gov.br\\\/#\\\/schema\\\/person\\\/d0c5cf9ebb4d8be833c419f3538cf751\"},\"headline\":\"Ap\u00f3s Representa\u00e7\u00e3o do MP de Contas Pai\u00e7andu ter\u00e1 que incluir c\u00f3digo de identifica\u00e7\u00e3o nas licita\u00e7\u00f5es para compra de medicamentos\",\"datePublished\":\"2019-02-14T16:16:54+00:00\",\"mainEntityOfPage\":{\"@id\":\"https:\\\/\\\/www.mpc.pr.gov.br\\\/index.php\\\/apos-representacao-do-mp-de-contas-paicandu-tera-que-incluir-codigo-de-identificacao-nas-licitacoes-para-compra-de-medicamentos\\\/\"},\"wordCount\":488,\"commentCount\":0,\"publisher\":{\"@id\":\"https:\\\/\\\/www.mpc.pr.gov.br\\\/#organization\"},\"image\":{\"@id\":\"https:\\\/\\\/www.mpc.pr.gov.br\\\/index.php\\\/apos-representacao-do-mp-de-contas-paicandu-tera-que-incluir-codigo-de-identificacao-nas-licitacoes-para-compra-de-medicamentos\\\/#primaryimage\"},\"thumbnailUrl\":\"\",\"articleSection\":[\"Todas as not\u00edcias\",\"\u00daltimas not\u00edcias\"],\"inLanguage\":\"pt-BR\",\"potentialAction\":[{\"@type\":\"CommentAction\",\"name\":\"Comment\",\"target\":[\"https:\\\/\\\/www.mpc.pr.gov.br\\\/index.php\\\/apos-representacao-do-mp-de-contas-paicandu-tera-que-incluir-codigo-de-identificacao-nas-licitacoes-para-compra-de-medicamentos\\\/#respond\"]}]},{\"@type\":\"WebPage\",\"@id\":\"https:\\\/\\\/www.mpc.pr.gov.br\\\/index.php\\\/apos-representacao-do-mp-de-contas-paicandu-tera-que-incluir-codigo-de-identificacao-nas-licitacoes-para-compra-de-medicamentos\\\/\",\"url\":\"https:\\\/\\\/www.mpc.pr.gov.br\\\/index.php\\\/apos-representacao-do-mp-de-contas-paicandu-tera-que-incluir-codigo-de-identificacao-nas-licitacoes-para-compra-de-medicamentos\\\/\",\"name\":\"Ap\u00f3s Representa\u00e7\u00e3o do MP de Contas Pai\u00e7andu ter\u00e1 que incluir c\u00f3digo de identifica\u00e7\u00e3o nas licita\u00e7\u00f5es para compra de medicamentos - Minist\u00e9rio P\u00fablico de Contas do Estado do Paran\u00e1\",\"isPartOf\":{\"@id\":\"https:\\\/\\\/www.mpc.pr.gov.br\\\/#website\"},\"primaryImageOfPage\":{\"@id\":\"https:\\\/\\\/www.mpc.pr.gov.br\\\/index.php\\\/apos-representacao-do-mp-de-contas-paicandu-tera-que-incluir-codigo-de-identificacao-nas-licitacoes-para-compra-de-medicamentos\\\/#primaryimage\"},\"image\":{\"@id\":\"https:\\\/\\\/www.mpc.pr.gov.br\\\/index.php\\\/apos-representacao-do-mp-de-contas-paicandu-tera-que-incluir-codigo-de-identificacao-nas-licitacoes-para-compra-de-medicamentos\\\/#primaryimage\"},\"thumbnailUrl\":\"\",\"datePublished\":\"2019-02-14T16:16:54+00:00\",\"breadcrumb\":{\"@id\":\"https:\\\/\\\/www.mpc.pr.gov.br\\\/index.php\\\/apos-representacao-do-mp-de-contas-paicandu-tera-que-incluir-codigo-de-identificacao-nas-licitacoes-para-compra-de-medicamentos\\\/#breadcrumb\"},\"inLanguage\":\"pt-BR\",\"potentialAction\":[{\"@type\":\"ReadAction\",\"target\":[\"https:\\\/\\\/www.mpc.pr.gov.br\\\/index.php\\\/apos-representacao-do-mp-de-contas-paicandu-tera-que-incluir-codigo-de-identificacao-nas-licitacoes-para-compra-de-medicamentos\\\/\"]}]},{\"@type\":\"ImageObject\",\"inLanguage\":\"pt-BR\",\"@id\":\"https:\\\/\\\/www.mpc.pr.gov.br\\\/index.php\\\/apos-representacao-do-mp-de-contas-paicandu-tera-que-incluir-codigo-de-identificacao-nas-licitacoes-para-compra-de-medicamentos\\\/#primaryimage\",\"url\":\"\",\"contentUrl\":\"\"},{\"@type\":\"BreadcrumbList\",\"@id\":\"https:\\\/\\\/www.mpc.pr.gov.br\\\/index.php\\\/apos-representacao-do-mp-de-contas-paicandu-tera-que-incluir-codigo-de-identificacao-nas-licitacoes-para-compra-de-medicamentos\\\/#breadcrumb\",\"itemListElement\":[{\"@type\":\"ListItem\",\"position\":1,\"name\":\"In\u00edcio\",\"item\":\"https:\\\/\\\/www.mpc.pr.gov.br\\\/\"},{\"@type\":\"ListItem\",\"position\":2,\"name\":\"Ap\u00f3s Representa\u00e7\u00e3o do MP de Contas Pai\u00e7andu ter\u00e1 que incluir c\u00f3digo de identifica\u00e7\u00e3o nas licita\u00e7\u00f5es para compra de medicamentos\"}]},{\"@type\":\"WebSite\",\"@id\":\"https:\\\/\\\/www.mpc.pr.gov.br\\\/#website\",\"url\":\"https:\\\/\\\/www.mpc.pr.gov.br\\\/\",\"name\":\"Minist\u00e9rio P\u00fablico de Contas do Estado do Paran\u00e1\",\"description\":\"\",\"publisher\":{\"@id\":\"https:\\\/\\\/www.mpc.pr.gov.br\\\/#organization\"},\"potentialAction\":[{\"@type\":\"SearchAction\",\"target\":{\"@type\":\"EntryPoint\",\"urlTemplate\":\"https:\\\/\\\/www.mpc.pr.gov.br\\\/?s={search_term_string}\"},\"query-input\":{\"@type\":\"PropertyValueSpecification\",\"valueRequired\":true,\"valueName\":\"search_term_string\"}}],\"inLanguage\":\"pt-BR\"},{\"@type\":\"Organization\",\"@id\":\"https:\\\/\\\/www.mpc.pr.gov.br\\\/#organization\",\"name\":\"Minist\u00e9rio P\u00fablico de Contas do Estado do Paran\u00e1\",\"url\":\"https:\\\/\\\/www.mpc.pr.gov.br\\\/\",\"logo\":{\"@type\":\"ImageObject\",\"inLanguage\":\"pt-BR\",\"@id\":\"https:\\\/\\\/www.mpc.pr.gov.br\\\/#\\\/schema\\\/logo\\\/image\\\/\",\"url\":\"https:\\\/\\\/www.mpc.pr.gov.br\\\/wp-content\\\/uploads\\\/2020\\\/06\\\/99423647_1593460364143890_6706793420720963584_n-1-e1591387983167.png\",\"contentUrl\":\"https:\\\/\\\/www.mpc.pr.gov.br\\\/wp-content\\\/uploads\\\/2020\\\/06\\\/99423647_1593460364143890_6706793420720963584_n-1-e1591387983167.png\",\"width\":243,\"height\":73,\"caption\":\"Minist\u00e9rio P\u00fablico de Contas do Estado do Paran\u00e1\"},\"image\":{\"@id\":\"https:\\\/\\\/www.mpc.pr.gov.br\\\/#\\\/schema\\\/logo\\\/image\\\/\"},\"sameAs\":[\"https:\\\/\\\/www.facebook.com\\\/mpc.pr\",\"https:\\\/\\\/www.instagram.com\\\/mpc.pr\\\/?hl=pt-br\",\"https:\\\/\\\/www.youtube.com\\\/channel\\\/UCHri5oEM8DV0ztX57E0sBSw\"]},{\"@type\":\"Person\",\"@id\":\"https:\\\/\\\/www.mpc.pr.gov.br\\\/#\\\/schema\\\/person\\\/d0c5cf9ebb4d8be833c419f3538cf751\",\"name\":\"giovanna.faria\",\"image\":{\"@type\":\"ImageObject\",\"inLanguage\":\"pt-BR\",\"@id\":\"https:\\\/\\\/secure.gravatar.com\\\/avatar\\\/?s=96&d=mm&r=g\",\"url\":\"https:\\\/\\\/secure.gravatar.com\\\/avatar\\\/?s=96&d=mm&r=g\",\"contentUrl\":\"https:\\\/\\\/secure.gravatar.com\\\/avatar\\\/?s=96&d=mm&r=g\",\"caption\":\"giovanna.faria\"}}]}<\/script>\n<!-- \/ Yoast SEO plugin. -->","yoast_head_json":{"title":"Ap\u00f3s Representa\u00e7\u00e3o do MP de Contas Pai\u00e7andu ter\u00e1 que incluir c\u00f3digo de identifica\u00e7\u00e3o nas licita\u00e7\u00f5es para compra de medicamentos - Minist\u00e9rio P\u00fablico de Contas do Estado do Paran\u00e1","robots":{"index":"index","follow":"follow","max-snippet":"max-snippet:-1","max-image-preview":"max-image-preview:large","max-video-preview":"max-video-preview:-1"},"canonical":"https:\/\/www.mpc.pr.gov.br\/index.php\/apos-representacao-do-mp-de-contas-paicandu-tera-que-incluir-codigo-de-identificacao-nas-licitacoes-para-compra-de-medicamentos\/","og_locale":"pt_BR","og_type":"article","og_title":"Ap\u00f3s Representa\u00e7\u00e3o do MP de Contas Pai\u00e7andu ter\u00e1 que incluir c\u00f3digo de identifica\u00e7\u00e3o nas licita\u00e7\u00f5es para compra de medicamentos - Minist\u00e9rio P\u00fablico de Contas do Estado do Paran\u00e1","og_description":"Ontem (13), durante a sess\u00e3o do Tribunal Pleno do Tribunal de Contas do Paran\u00e1 (TCE-PR), o Conselheiro relator Fernando Augusto de Mello Guimar\u00e3es acolheu parcialmente a Representa\u00e7\u00e3o do MP de Contas do Paran\u00e1 em face do munic\u00edpio de Pai\u00e7andu, por irregularidades encontradas no Preg\u00e3o 33\/2017 destinado a aquisi\u00e7\u00e3o de medicamentos. De acordo com o N\u00facleo [&hellip;]","og_url":"https:\/\/www.mpc.pr.gov.br\/index.php\/apos-representacao-do-mp-de-contas-paicandu-tera-que-incluir-codigo-de-identificacao-nas-licitacoes-para-compra-de-medicamentos\/","og_site_name":"Minist\u00e9rio P\u00fablico de Contas do Estado do Paran\u00e1","article_publisher":"https:\/\/www.facebook.com\/mpc.pr","article_published_time":"2019-02-14T16:16:54+00:00","author":"giovanna.faria","twitter_card":"summary_large_image","twitter_misc":{"Escrito por":"giovanna.faria","Est. tempo de leitura":"2 minutos"},"schema":{"@context":"https:\/\/schema.org","@graph":[{"@type":"Article","@id":"https:\/\/www.mpc.pr.gov.br\/index.php\/apos-representacao-do-mp-de-contas-paicandu-tera-que-incluir-codigo-de-identificacao-nas-licitacoes-para-compra-de-medicamentos\/#article","isPartOf":{"@id":"https:\/\/www.mpc.pr.gov.br\/index.php\/apos-representacao-do-mp-de-contas-paicandu-tera-que-incluir-codigo-de-identificacao-nas-licitacoes-para-compra-de-medicamentos\/"},"author":{"name":"giovanna.faria","@id":"https:\/\/www.mpc.pr.gov.br\/#\/schema\/person\/d0c5cf9ebb4d8be833c419f3538cf751"},"headline":"Ap\u00f3s Representa\u00e7\u00e3o do MP de Contas Pai\u00e7andu ter\u00e1 que incluir c\u00f3digo de identifica\u00e7\u00e3o nas licita\u00e7\u00f5es para compra de medicamentos","datePublished":"2019-02-14T16:16:54+00:00","mainEntityOfPage":{"@id":"https:\/\/www.mpc.pr.gov.br\/index.php\/apos-representacao-do-mp-de-contas-paicandu-tera-que-incluir-codigo-de-identificacao-nas-licitacoes-para-compra-de-medicamentos\/"},"wordCount":488,"commentCount":0,"publisher":{"@id":"https:\/\/www.mpc.pr.gov.br\/#organization"},"image":{"@id":"https:\/\/www.mpc.pr.gov.br\/index.php\/apos-representacao-do-mp-de-contas-paicandu-tera-que-incluir-codigo-de-identificacao-nas-licitacoes-para-compra-de-medicamentos\/#primaryimage"},"thumbnailUrl":"","articleSection":["Todas as not\u00edcias","\u00daltimas not\u00edcias"],"inLanguage":"pt-BR","potentialAction":[{"@type":"CommentAction","name":"Comment","target":["https:\/\/www.mpc.pr.gov.br\/index.php\/apos-representacao-do-mp-de-contas-paicandu-tera-que-incluir-codigo-de-identificacao-nas-licitacoes-para-compra-de-medicamentos\/#respond"]}]},{"@type":"WebPage","@id":"https:\/\/www.mpc.pr.gov.br\/index.php\/apos-representacao-do-mp-de-contas-paicandu-tera-que-incluir-codigo-de-identificacao-nas-licitacoes-para-compra-de-medicamentos\/","url":"https:\/\/www.mpc.pr.gov.br\/index.php\/apos-representacao-do-mp-de-contas-paicandu-tera-que-incluir-codigo-de-identificacao-nas-licitacoes-para-compra-de-medicamentos\/","name":"Ap\u00f3s Representa\u00e7\u00e3o do MP de Contas Pai\u00e7andu ter\u00e1 que incluir c\u00f3digo de identifica\u00e7\u00e3o nas licita\u00e7\u00f5es para compra de medicamentos - Minist\u00e9rio P\u00fablico de Contas do Estado do Paran\u00e1","isPartOf":{"@id":"https:\/\/www.mpc.pr.gov.br\/#website"},"primaryImageOfPage":{"@id":"https:\/\/www.mpc.pr.gov.br\/index.php\/apos-representacao-do-mp-de-contas-paicandu-tera-que-incluir-codigo-de-identificacao-nas-licitacoes-para-compra-de-medicamentos\/#primaryimage"},"image":{"@id":"https:\/\/www.mpc.pr.gov.br\/index.php\/apos-representacao-do-mp-de-contas-paicandu-tera-que-incluir-codigo-de-identificacao-nas-licitacoes-para-compra-de-medicamentos\/#primaryimage"},"thumbnailUrl":"","datePublished":"2019-02-14T16:16:54+00:00","breadcrumb":{"@id":"https:\/\/www.mpc.pr.gov.br\/index.php\/apos-representacao-do-mp-de-contas-paicandu-tera-que-incluir-codigo-de-identificacao-nas-licitacoes-para-compra-de-medicamentos\/#breadcrumb"},"inLanguage":"pt-BR","potentialAction":[{"@type":"ReadAction","target":["https:\/\/www.mpc.pr.gov.br\/index.php\/apos-representacao-do-mp-de-contas-paicandu-tera-que-incluir-codigo-de-identificacao-nas-licitacoes-para-compra-de-medicamentos\/"]}]},{"@type":"ImageObject","inLanguage":"pt-BR","@id":"https:\/\/www.mpc.pr.gov.br\/index.php\/apos-representacao-do-mp-de-contas-paicandu-tera-que-incluir-codigo-de-identificacao-nas-licitacoes-para-compra-de-medicamentos\/#primaryimage","url":"","contentUrl":""},{"@type":"BreadcrumbList","@id":"https:\/\/www.mpc.pr.gov.br\/index.php\/apos-representacao-do-mp-de-contas-paicandu-tera-que-incluir-codigo-de-identificacao-nas-licitacoes-para-compra-de-medicamentos\/#breadcrumb","itemListElement":[{"@type":"ListItem","position":1,"name":"In\u00edcio","item":"https:\/\/www.mpc.pr.gov.br\/"},{"@type":"ListItem","position":2,"name":"Ap\u00f3s Representa\u00e7\u00e3o do MP de Contas Pai\u00e7andu ter\u00e1 que incluir c\u00f3digo de identifica\u00e7\u00e3o nas licita\u00e7\u00f5es para compra de medicamentos"}]},{"@type":"WebSite","@id":"https:\/\/www.mpc.pr.gov.br\/#website","url":"https:\/\/www.mpc.pr.gov.br\/","name":"Minist\u00e9rio P\u00fablico de Contas do Estado do Paran\u00e1","description":"","publisher":{"@id":"https:\/\/www.mpc.pr.gov.br\/#organization"},"potentialAction":[{"@type":"SearchAction","target":{"@type":"EntryPoint","urlTemplate":"https:\/\/www.mpc.pr.gov.br\/?s={search_term_string}"},"query-input":{"@type":"PropertyValueSpecification","valueRequired":true,"valueName":"search_term_string"}}],"inLanguage":"pt-BR"},{"@type":"Organization","@id":"https:\/\/www.mpc.pr.gov.br\/#organization","name":"Minist\u00e9rio P\u00fablico de Contas do Estado do Paran\u00e1","url":"https:\/\/www.mpc.pr.gov.br\/","logo":{"@type":"ImageObject","inLanguage":"pt-BR","@id":"https:\/\/www.mpc.pr.gov.br\/#\/schema\/logo\/image\/","url":"https:\/\/www.mpc.pr.gov.br\/wp-content\/uploads\/2020\/06\/99423647_1593460364143890_6706793420720963584_n-1-e1591387983167.png","contentUrl":"https:\/\/www.mpc.pr.gov.br\/wp-content\/uploads\/2020\/06\/99423647_1593460364143890_6706793420720963584_n-1-e1591387983167.png","width":243,"height":73,"caption":"Minist\u00e9rio P\u00fablico de Contas do Estado do Paran\u00e1"},"image":{"@id":"https:\/\/www.mpc.pr.gov.br\/#\/schema\/logo\/image\/"},"sameAs":["https:\/\/www.facebook.com\/mpc.pr","https:\/\/www.instagram.com\/mpc.pr\/?hl=pt-br","https:\/\/www.youtube.com\/channel\/UCHri5oEM8DV0ztX57E0sBSw"]},{"@type":"Person","@id":"https:\/\/www.mpc.pr.gov.br\/#\/schema\/person\/d0c5cf9ebb4d8be833c419f3538cf751","name":"giovanna.faria","image":{"@type":"ImageObject","inLanguage":"pt-BR","@id":"https:\/\/secure.gravatar.com\/avatar\/?s=96&d=mm&r=g","url":"https:\/\/secure.gravatar.com\/avatar\/?s=96&d=mm&r=g","contentUrl":"https:\/\/secure.gravatar.com\/avatar\/?s=96&d=mm&r=g","caption":"giovanna.faria"}}]}},"rttpg_featured_image_url":null,"rttpg_author":{"display_name":"giovanna.faria","author_link":"https:\/\/www.mpc.pr.gov.br\/index.php\/author\/giovanna-faria\/"},"rttpg_comment":0,"rttpg_category":"<a href=\"https:\/\/www.mpc.pr.gov.br\/index.php\/category\/todas-as-noticias\/\" rel=\"category tag\">Todas as not\u00edcias<\/a> <a href=\"https:\/\/www.mpc.pr.gov.br\/index.php\/category\/ultimas-noticias\/\" rel=\"category tag\">\u00daltimas not\u00edcias<\/a>","rttpg_excerpt":"Ontem (13), durante a sess\u00e3o do Tribunal Pleno do Tribunal de Contas do Paran\u00e1 (TCE-PR), o Conselheiro relator Fernando Augusto de Mello Guimar\u00e3es acolheu parcialmente a Representa\u00e7\u00e3o do MP de Contas do Paran\u00e1 em face do munic\u00edpio de Pai\u00e7andu, por irregularidades encontradas no Preg\u00e3o 33\/2017 destinado a aquisi\u00e7\u00e3o de medicamentos. De acordo com o N\u00facleo&hellip;","_links":{"self":[{"href":"https:\/\/www.mpc.pr.gov.br\/index.php\/wp-json\/wp\/v2\/posts\/6777","targetHints":{"allow":["GET"]}}],"collection":[{"href":"https:\/\/www.mpc.pr.gov.br\/index.php\/wp-json\/wp\/v2\/posts"}],"about":[{"href":"https:\/\/www.mpc.pr.gov.br\/index.php\/wp-json\/wp\/v2\/types\/post"}],"author":[{"embeddable":true,"href":"https:\/\/www.mpc.pr.gov.br\/index.php\/wp-json\/wp\/v2\/users\/5"}],"replies":[{"embeddable":true,"href":"https:\/\/www.mpc.pr.gov.br\/index.php\/wp-json\/wp\/v2\/comments?post=6777"}],"version-history":[{"count":0,"href":"https:\/\/www.mpc.pr.gov.br\/index.php\/wp-json\/wp\/v2\/posts\/6777\/revisions"}],"wp:featuredmedia":[{"embeddable":true,"href":"https:\/\/www.mpc.pr.gov.br\/index.php\/wp-json\/"}],"wp:attachment":[{"href":"https:\/\/www.mpc.pr.gov.br\/index.php\/wp-json\/wp\/v2\/media?parent=6777"}],"wp:term":[{"taxonomy":"category","embeddable":true,"href":"https:\/\/www.mpc.pr.gov.br\/index.php\/wp-json\/wp\/v2\/categories?post=6777"},{"taxonomy":"post_tag","embeddable":true,"href":"https:\/\/www.mpc.pr.gov.br\/index.php\/wp-json\/wp\/v2\/tags?post=6777"}],"curies":[{"name":"wp","href":"https:\/\/api.w.org\/{rel}","templated":true}]}}