{"id":6796,"date":"2019-02-21T11:03:02","date_gmt":"2019-02-21T14:03:02","guid":{"rendered":"http:\/\/www.mpc.pr.gov.br\/?p=6796"},"modified":"2019-02-21T11:03:02","modified_gmt":"2019-02-21T14:03:02","slug":"procurador-geral-do-mp-de-contas-participa-da-2a-edicao-do-curso-plano-anual-de-fiscalizacao-paf-de-2019","status":"publish","type":"post","link":"https:\/\/www.mpc.pr.gov.br\/index.php\/procurador-geral-do-mp-de-contas-participa-da-2a-edicao-do-curso-plano-anual-de-fiscalizacao-paf-de-2019\/","title":{"rendered":"Procurador-Geral do MP de Contas participa da 2\u00aa edi\u00e7\u00e3o do curso Plano Anual de Fiscaliza\u00e7\u00e3o (PAF) de 2019\u201d"},"content":{"rendered":"<figure id=\"attachment_6797\" aria-describedby=\"caption-attachment-6797\" style=\"width: 300px\" class=\"wp-caption alignleft\"><img fetchpriority=\"high\" decoding=\"async\" class=\"size-medium wp-image-6797\" src=\"http:\/\/www.mpc.pr.gov.br\/wp-content\/uploads\/2019\/02\/1\u00aa-edi\u00e7\u00e3o-PAF-wagner-ara\u00fajo-300x221.jpg\" alt=\"\" width=\"300\" height=\"221\" \/><figcaption id=\"caption-attachment-6797\" class=\"wp-caption-text\">A 1\u00aa edi\u00e7\u00e3o do curso sobre o Plano Anual de Fiscaliza\u00e7\u00e3o e as Presta\u00e7\u00f5es de Contas Anuais, realizado pelo TCE-PR em Foz do Igua\u00e7u, em 14 de fevereiro, reuniu mais de 500 participantes. Foto: Wagner Ara\u00fajo\/Divulga\u00e7\u00e3o TCE-PR.<\/figcaption><\/figure>\n<p>Na sexta-feira (22) o Procurador-Geral do MP de Contas do Paran\u00e1, Fl\u00e1vio de Azambuja Berti, discutir\u00e1 a terceiriza\u00e7\u00e3o de contrata\u00e7\u00f5es no setor p\u00fablico na \u00e1rea da sa\u00fade durante a 2\u00aa edi\u00e7\u00e3o do curso \u201cPlano Anual de Fiscaliza\u00e7\u00e3o (PAF) de 2019\u201d, que acontecer\u00e1 em Londrina. O evento \u00e9 organizado pela Escola de Gest\u00e3o P\u00fablica (EGP) do Tribunal de Contas do Paran\u00e1 (TCE-PR) e tem por objetivo capacitar os jurisdicionados acerca do tema.<\/p>\n<p>Desde o in\u00edcio de 2018 o N\u00facleo de Intelig\u00eancia do \u00f3rg\u00e3o ministerial tem conduzido um projeto de fiscaliza\u00e7\u00e3o das contrata\u00e7\u00f5es de m\u00e9dicos plantonistas pelos munic\u00edpios paranaenses, que j\u00e1 resultaram em 23 Representa\u00e7\u00f5es protocoladas junto ao TCE-PR, al\u00e9m de uma s\u00e9rie de dossi\u00eas encaminhados aos Promotores de Justi\u00e7a do MP Estadual para que realizassem dilig\u00eancias junto aos munic\u00edpios.<\/p>\n<p>Al\u00e9m da fala do Procurador-Geral, durante o curso ser\u00e1 apresentado o PAF de 2019 que, neste ano, fiscalizar\u00e1 seis \u00e1reas-fim da administra\u00e7\u00e3o municipal &#8211; educa\u00e7\u00e3o, habita\u00e7\u00e3o, saneamento, sa\u00fade, transporte e urbanismo -, al\u00e9m de atividades-meio, como gest\u00e3o de pessoas e gest\u00e3o or\u00e7ament\u00e1ria, financeira e patrimonial.<\/p>\n<p>Tamb\u00e9m participar\u00e3o do evento servidores da Coordenadoria de Gest\u00e3o Municipal (CGM) que discutir\u00e3o os principais aspectos da Presta\u00e7\u00e3o de Contas Anual (PCA) de 2018. Entre os t\u00f3picos est\u00e3o a normatiza\u00e7\u00e3o, o escopo de an\u00e1lise, a composi\u00e7\u00e3o e a estrutura\u00e7\u00e3o da PCA, al\u00e9m dos prazos de remessas de dados ao Sistema de Informa\u00e7\u00f5es Municipais &#8211; Acompanhamento Mensal (SIM-AM).<\/p>\n<p>O p\u00fablico-alvo do evento s\u00e3o gestores e servidores dos entes municipais que anualmente devem prestar contas ao TCE-PR, entre eles prefeituras, c\u00e2maras, autarquias, fundos com contabilidade descentralizada; funda\u00e7\u00f5es de Direito P\u00fablico; regimes pr\u00f3prios de previd\u00eancia social, cons\u00f3rcios intermunicipais, empresas p\u00fablicas, sociedades de economia mista e funda\u00e7\u00f5es p\u00fablicas de Direito Privado. A documenta\u00e7\u00e3o que comp\u00f5em a PCA deve ser enviada em meio digital, via Portal e-Contas Paran\u00e1.<\/p>\n<p>As inscri\u00e7\u00f5es para o evento s\u00e3o gratuitas e podem ser feitas por meio do portal da EGP no link <a href=\"http:\/\/www1.tce.pr.gov.br\/egp\/cursospresenciais\/6142\">http:\/\/www1.tce.pr.gov.br\/egp\/cursospresenciais\/6142<\/a>. O curso ter\u00e1 ainda mais tr\u00eas edi\u00e7\u00f5es que ser\u00e3o realizadas em \u00a0Pato Branco (14 de mar\u00e7o), Guarapuava (15 de mar\u00e7o) e Curitiba (21 de mar\u00e7o).<\/p>\n<p><strong>Servi\u00e7o<\/strong><\/p>\n<p>2\u00aa edi\u00e7\u00e3o do curso \u201cPlano Anual de Fiscaliza\u00e7\u00e3o 2019\u201d<\/p>\n<p>Dia 22\/02 das 8h30 \u00e0s 17h.<\/p>\n<p>Local: Senai \u2013 Rua Bel\u00e9m, 844 &#8211; Centro, Londrina-PR.<\/p>\n<p><em><strong>Fonte: Com informa\u00e7\u00f5es da\u00a0<cite><span id=\"cphMasterPortal_lblAutor\">Diretoria de Comunica\u00e7\u00e3o Social \u2013\u00a0<\/span><\/cite><span id=\"cphMasterPortal_lblFonte\">TCE\/PR.<\/span><\/strong><\/em><\/p>\n","protected":false},"excerpt":{"rendered":"<p>Na sexta-feira (22) o Procurador-Geral do MP de Contas do Paran\u00e1, Fl\u00e1vio de Azambuja Berti, discutir\u00e1 a terceiriza\u00e7\u00e3o de contrata\u00e7\u00f5es no setor p\u00fablico na \u00e1rea da sa\u00fade durante a 2\u00aa edi\u00e7\u00e3o do curso \u201cPlano Anual de Fiscaliza\u00e7\u00e3o (PAF) de 2019\u201d, que acontecer\u00e1 em Londrina. O evento \u00e9 organizado pela Escola de Gest\u00e3o P\u00fablica (EGP) do [&hellip;]<\/p>\n","protected":false},"author":5,"featured_media":6797,"comment_status":"open","ping_status":"open","sticky":false,"template":"","format":"standard","meta":{"_monsterinsights_skip_tracking":false,"_monsterinsights_sitenote_active":false,"_monsterinsights_sitenote_note":"","_monsterinsights_sitenote_category":0,"footnotes":""},"categories":[7,14],"tags":[],"class_list":["post-6796","post","type-post","status-publish","format-standard","has-post-thumbnail","hentry","category-todas-as-noticias","category-ultimas-noticias","entry","has-media"],"yoast_head":"<!-- This site is optimized with the Yoast SEO plugin v27.3 - https:\/\/yoast.com\/product\/yoast-seo-wordpress\/ -->\n<title>Procurador-Geral do MP de Contas participa da 2\u00aa edi\u00e7\u00e3o do curso Plano Anual de Fiscaliza\u00e7\u00e3o (PAF) de 2019\u201d - Minist\u00e9rio P\u00fablico de Contas do Estado do Paran\u00e1<\/title>\n<meta name=\"robots\" content=\"index, follow, max-snippet:-1, max-image-preview:large, max-video-preview:-1\" \/>\n<link rel=\"canonical\" href=\"https:\/\/www.mpc.pr.gov.br\/index.php\/procurador-geral-do-mp-de-contas-participa-da-2a-edicao-do-curso-plano-anual-de-fiscalizacao-paf-de-2019\/\" \/>\n<meta property=\"og:locale\" content=\"pt_BR\" \/>\n<meta property=\"og:type\" content=\"article\" \/>\n<meta property=\"og:title\" content=\"Procurador-Geral do MP de Contas participa da 2\u00aa edi\u00e7\u00e3o do curso Plano Anual de Fiscaliza\u00e7\u00e3o (PAF) de 2019\u201d - Minist\u00e9rio P\u00fablico de Contas do Estado do Paran\u00e1\" \/>\n<meta property=\"og:description\" content=\"Na sexta-feira (22) o Procurador-Geral do MP de Contas do Paran\u00e1, Fl\u00e1vio de Azambuja Berti, discutir\u00e1 a terceiriza\u00e7\u00e3o de contrata\u00e7\u00f5es no setor p\u00fablico na \u00e1rea da sa\u00fade durante a 2\u00aa edi\u00e7\u00e3o do curso \u201cPlano Anual de Fiscaliza\u00e7\u00e3o (PAF) de 2019\u201d, que acontecer\u00e1 em Londrina. O evento \u00e9 organizado pela Escola de Gest\u00e3o P\u00fablica (EGP) do [&hellip;]\" \/>\n<meta property=\"og:url\" content=\"https:\/\/www.mpc.pr.gov.br\/index.php\/procurador-geral-do-mp-de-contas-participa-da-2a-edicao-do-curso-plano-anual-de-fiscalizacao-paf-de-2019\/\" \/>\n<meta property=\"og:site_name\" content=\"Minist\u00e9rio P\u00fablico de Contas do Estado do Paran\u00e1\" \/>\n<meta property=\"article:publisher\" content=\"https:\/\/www.facebook.com\/mpc.pr\" \/>\n<meta property=\"article:published_time\" content=\"2019-02-21T14:03:02+00:00\" \/>\n<meta name=\"author\" content=\"giovanna.faria\" \/>\n<meta name=\"twitter:card\" content=\"summary_large_image\" \/>\n<meta name=\"twitter:label1\" content=\"Escrito por\" \/>\n\t<meta name=\"twitter:data1\" content=\"giovanna.faria\" \/>\n\t<meta name=\"twitter:label2\" content=\"Est. tempo de leitura\" \/>\n\t<meta name=\"twitter:data2\" content=\"2 minutos\" \/>\n<script type=\"application\/ld+json\" class=\"yoast-schema-graph\">{\"@context\":\"https:\\\/\\\/schema.org\",\"@graph\":[{\"@type\":\"Article\",\"@id\":\"https:\\\/\\\/www.mpc.pr.gov.br\\\/index.php\\\/procurador-geral-do-mp-de-contas-participa-da-2a-edicao-do-curso-plano-anual-de-fiscalizacao-paf-de-2019\\\/#article\",\"isPartOf\":{\"@id\":\"https:\\\/\\\/www.mpc.pr.gov.br\\\/index.php\\\/procurador-geral-do-mp-de-contas-participa-da-2a-edicao-do-curso-plano-anual-de-fiscalizacao-paf-de-2019\\\/\"},\"author\":{\"name\":\"giovanna.faria\",\"@id\":\"https:\\\/\\\/www.mpc.pr.gov.br\\\/#\\\/schema\\\/person\\\/d0c5cf9ebb4d8be833c419f3538cf751\"},\"headline\":\"Procurador-Geral do MP de Contas participa da 2\u00aa edi\u00e7\u00e3o do curso Plano Anual de Fiscaliza\u00e7\u00e3o (PAF) de 2019\u201d\",\"datePublished\":\"2019-02-21T14:03:02+00:00\",\"mainEntityOfPage\":{\"@id\":\"https:\\\/\\\/www.mpc.pr.gov.br\\\/index.php\\\/procurador-geral-do-mp-de-contas-participa-da-2a-edicao-do-curso-plano-anual-de-fiscalizacao-paf-de-2019\\\/\"},\"wordCount\":507,\"commentCount\":0,\"publisher\":{\"@id\":\"https:\\\/\\\/www.mpc.pr.gov.br\\\/#organization\"},\"image\":{\"@id\":\"https:\\\/\\\/www.mpc.pr.gov.br\\\/index.php\\\/procurador-geral-do-mp-de-contas-participa-da-2a-edicao-do-curso-plano-anual-de-fiscalizacao-paf-de-2019\\\/#primaryimage\"},\"thumbnailUrl\":\"\",\"articleSection\":[\"Todas as not\u00edcias\",\"\u00daltimas not\u00edcias\"],\"inLanguage\":\"pt-BR\",\"potentialAction\":[{\"@type\":\"CommentAction\",\"name\":\"Comment\",\"target\":[\"https:\\\/\\\/www.mpc.pr.gov.br\\\/index.php\\\/procurador-geral-do-mp-de-contas-participa-da-2a-edicao-do-curso-plano-anual-de-fiscalizacao-paf-de-2019\\\/#respond\"]}]},{\"@type\":\"WebPage\",\"@id\":\"https:\\\/\\\/www.mpc.pr.gov.br\\\/index.php\\\/procurador-geral-do-mp-de-contas-participa-da-2a-edicao-do-curso-plano-anual-de-fiscalizacao-paf-de-2019\\\/\",\"url\":\"https:\\\/\\\/www.mpc.pr.gov.br\\\/index.php\\\/procurador-geral-do-mp-de-contas-participa-da-2a-edicao-do-curso-plano-anual-de-fiscalizacao-paf-de-2019\\\/\",\"name\":\"Procurador-Geral do MP de Contas participa da 2\u00aa edi\u00e7\u00e3o do curso Plano Anual de Fiscaliza\u00e7\u00e3o (PAF) de 2019\u201d - Minist\u00e9rio P\u00fablico de Contas do Estado do Paran\u00e1\",\"isPartOf\":{\"@id\":\"https:\\\/\\\/www.mpc.pr.gov.br\\\/#website\"},\"primaryImageOfPage\":{\"@id\":\"https:\\\/\\\/www.mpc.pr.gov.br\\\/index.php\\\/procurador-geral-do-mp-de-contas-participa-da-2a-edicao-do-curso-plano-anual-de-fiscalizacao-paf-de-2019\\\/#primaryimage\"},\"image\":{\"@id\":\"https:\\\/\\\/www.mpc.pr.gov.br\\\/index.php\\\/procurador-geral-do-mp-de-contas-participa-da-2a-edicao-do-curso-plano-anual-de-fiscalizacao-paf-de-2019\\\/#primaryimage\"},\"thumbnailUrl\":\"\",\"datePublished\":\"2019-02-21T14:03:02+00:00\",\"breadcrumb\":{\"@id\":\"https:\\\/\\\/www.mpc.pr.gov.br\\\/index.php\\\/procurador-geral-do-mp-de-contas-participa-da-2a-edicao-do-curso-plano-anual-de-fiscalizacao-paf-de-2019\\\/#breadcrumb\"},\"inLanguage\":\"pt-BR\",\"potentialAction\":[{\"@type\":\"ReadAction\",\"target\":[\"https:\\\/\\\/www.mpc.pr.gov.br\\\/index.php\\\/procurador-geral-do-mp-de-contas-participa-da-2a-edicao-do-curso-plano-anual-de-fiscalizacao-paf-de-2019\\\/\"]}]},{\"@type\":\"ImageObject\",\"inLanguage\":\"pt-BR\",\"@id\":\"https:\\\/\\\/www.mpc.pr.gov.br\\\/index.php\\\/procurador-geral-do-mp-de-contas-participa-da-2a-edicao-do-curso-plano-anual-de-fiscalizacao-paf-de-2019\\\/#primaryimage\",\"url\":\"\",\"contentUrl\":\"\"},{\"@type\":\"BreadcrumbList\",\"@id\":\"https:\\\/\\\/www.mpc.pr.gov.br\\\/index.php\\\/procurador-geral-do-mp-de-contas-participa-da-2a-edicao-do-curso-plano-anual-de-fiscalizacao-paf-de-2019\\\/#breadcrumb\",\"itemListElement\":[{\"@type\":\"ListItem\",\"position\":1,\"name\":\"In\u00edcio\",\"item\":\"https:\\\/\\\/www.mpc.pr.gov.br\\\/\"},{\"@type\":\"ListItem\",\"position\":2,\"name\":\"Procurador-Geral do MP de Contas participa da 2\u00aa edi\u00e7\u00e3o do curso Plano Anual de Fiscaliza\u00e7\u00e3o (PAF) de 2019\u201d\"}]},{\"@type\":\"WebSite\",\"@id\":\"https:\\\/\\\/www.mpc.pr.gov.br\\\/#website\",\"url\":\"https:\\\/\\\/www.mpc.pr.gov.br\\\/\",\"name\":\"Minist\u00e9rio P\u00fablico de Contas do Estado do Paran\u00e1\",\"description\":\"\",\"publisher\":{\"@id\":\"https:\\\/\\\/www.mpc.pr.gov.br\\\/#organization\"},\"potentialAction\":[{\"@type\":\"SearchAction\",\"target\":{\"@type\":\"EntryPoint\",\"urlTemplate\":\"https:\\\/\\\/www.mpc.pr.gov.br\\\/?s={search_term_string}\"},\"query-input\":{\"@type\":\"PropertyValueSpecification\",\"valueRequired\":true,\"valueName\":\"search_term_string\"}}],\"inLanguage\":\"pt-BR\"},{\"@type\":\"Organization\",\"@id\":\"https:\\\/\\\/www.mpc.pr.gov.br\\\/#organization\",\"name\":\"Minist\u00e9rio P\u00fablico de Contas do Estado do Paran\u00e1\",\"url\":\"https:\\\/\\\/www.mpc.pr.gov.br\\\/\",\"logo\":{\"@type\":\"ImageObject\",\"inLanguage\":\"pt-BR\",\"@id\":\"https:\\\/\\\/www.mpc.pr.gov.br\\\/#\\\/schema\\\/logo\\\/image\\\/\",\"url\":\"https:\\\/\\\/www.mpc.pr.gov.br\\\/wp-content\\\/uploads\\\/2020\\\/06\\\/99423647_1593460364143890_6706793420720963584_n-1-e1591387983167.png\",\"contentUrl\":\"https:\\\/\\\/www.mpc.pr.gov.br\\\/wp-content\\\/uploads\\\/2020\\\/06\\\/99423647_1593460364143890_6706793420720963584_n-1-e1591387983167.png\",\"width\":243,\"height\":73,\"caption\":\"Minist\u00e9rio P\u00fablico de Contas do Estado do Paran\u00e1\"},\"image\":{\"@id\":\"https:\\\/\\\/www.mpc.pr.gov.br\\\/#\\\/schema\\\/logo\\\/image\\\/\"},\"sameAs\":[\"https:\\\/\\\/www.facebook.com\\\/mpc.pr\",\"https:\\\/\\\/www.instagram.com\\\/mpc.pr\\\/?hl=pt-br\",\"https:\\\/\\\/www.youtube.com\\\/channel\\\/UCHri5oEM8DV0ztX57E0sBSw\"]},{\"@type\":\"Person\",\"@id\":\"https:\\\/\\\/www.mpc.pr.gov.br\\\/#\\\/schema\\\/person\\\/d0c5cf9ebb4d8be833c419f3538cf751\",\"name\":\"giovanna.faria\",\"image\":{\"@type\":\"ImageObject\",\"inLanguage\":\"pt-BR\",\"@id\":\"https:\\\/\\\/secure.gravatar.com\\\/avatar\\\/?s=96&d=mm&r=g\",\"url\":\"https:\\\/\\\/secure.gravatar.com\\\/avatar\\\/?s=96&d=mm&r=g\",\"contentUrl\":\"https:\\\/\\\/secure.gravatar.com\\\/avatar\\\/?s=96&d=mm&r=g\",\"caption\":\"giovanna.faria\"}}]}<\/script>\n<!-- \/ Yoast SEO plugin. -->","yoast_head_json":{"title":"Procurador-Geral do MP de Contas participa da 2\u00aa edi\u00e7\u00e3o do curso Plano Anual de Fiscaliza\u00e7\u00e3o (PAF) de 2019\u201d - Minist\u00e9rio P\u00fablico de Contas do Estado do Paran\u00e1","robots":{"index":"index","follow":"follow","max-snippet":"max-snippet:-1","max-image-preview":"max-image-preview:large","max-video-preview":"max-video-preview:-1"},"canonical":"https:\/\/www.mpc.pr.gov.br\/index.php\/procurador-geral-do-mp-de-contas-participa-da-2a-edicao-do-curso-plano-anual-de-fiscalizacao-paf-de-2019\/","og_locale":"pt_BR","og_type":"article","og_title":"Procurador-Geral do MP de Contas participa da 2\u00aa edi\u00e7\u00e3o do curso Plano Anual de Fiscaliza\u00e7\u00e3o (PAF) de 2019\u201d - Minist\u00e9rio P\u00fablico de Contas do Estado do Paran\u00e1","og_description":"Na sexta-feira (22) o Procurador-Geral do MP de Contas do Paran\u00e1, Fl\u00e1vio de Azambuja Berti, discutir\u00e1 a terceiriza\u00e7\u00e3o de contrata\u00e7\u00f5es no setor p\u00fablico na \u00e1rea da sa\u00fade durante a 2\u00aa edi\u00e7\u00e3o do curso \u201cPlano Anual de Fiscaliza\u00e7\u00e3o (PAF) de 2019\u201d, que acontecer\u00e1 em Londrina. O evento \u00e9 organizado pela Escola de Gest\u00e3o P\u00fablica (EGP) do [&hellip;]","og_url":"https:\/\/www.mpc.pr.gov.br\/index.php\/procurador-geral-do-mp-de-contas-participa-da-2a-edicao-do-curso-plano-anual-de-fiscalizacao-paf-de-2019\/","og_site_name":"Minist\u00e9rio P\u00fablico de Contas do Estado do Paran\u00e1","article_publisher":"https:\/\/www.facebook.com\/mpc.pr","article_published_time":"2019-02-21T14:03:02+00:00","author":"giovanna.faria","twitter_card":"summary_large_image","twitter_misc":{"Escrito por":"giovanna.faria","Est. tempo de leitura":"2 minutos"},"schema":{"@context":"https:\/\/schema.org","@graph":[{"@type":"Article","@id":"https:\/\/www.mpc.pr.gov.br\/index.php\/procurador-geral-do-mp-de-contas-participa-da-2a-edicao-do-curso-plano-anual-de-fiscalizacao-paf-de-2019\/#article","isPartOf":{"@id":"https:\/\/www.mpc.pr.gov.br\/index.php\/procurador-geral-do-mp-de-contas-participa-da-2a-edicao-do-curso-plano-anual-de-fiscalizacao-paf-de-2019\/"},"author":{"name":"giovanna.faria","@id":"https:\/\/www.mpc.pr.gov.br\/#\/schema\/person\/d0c5cf9ebb4d8be833c419f3538cf751"},"headline":"Procurador-Geral do MP de Contas participa da 2\u00aa edi\u00e7\u00e3o do curso Plano Anual de Fiscaliza\u00e7\u00e3o (PAF) de 2019\u201d","datePublished":"2019-02-21T14:03:02+00:00","mainEntityOfPage":{"@id":"https:\/\/www.mpc.pr.gov.br\/index.php\/procurador-geral-do-mp-de-contas-participa-da-2a-edicao-do-curso-plano-anual-de-fiscalizacao-paf-de-2019\/"},"wordCount":507,"commentCount":0,"publisher":{"@id":"https:\/\/www.mpc.pr.gov.br\/#organization"},"image":{"@id":"https:\/\/www.mpc.pr.gov.br\/index.php\/procurador-geral-do-mp-de-contas-participa-da-2a-edicao-do-curso-plano-anual-de-fiscalizacao-paf-de-2019\/#primaryimage"},"thumbnailUrl":"","articleSection":["Todas as not\u00edcias","\u00daltimas not\u00edcias"],"inLanguage":"pt-BR","potentialAction":[{"@type":"CommentAction","name":"Comment","target":["https:\/\/www.mpc.pr.gov.br\/index.php\/procurador-geral-do-mp-de-contas-participa-da-2a-edicao-do-curso-plano-anual-de-fiscalizacao-paf-de-2019\/#respond"]}]},{"@type":"WebPage","@id":"https:\/\/www.mpc.pr.gov.br\/index.php\/procurador-geral-do-mp-de-contas-participa-da-2a-edicao-do-curso-plano-anual-de-fiscalizacao-paf-de-2019\/","url":"https:\/\/www.mpc.pr.gov.br\/index.php\/procurador-geral-do-mp-de-contas-participa-da-2a-edicao-do-curso-plano-anual-de-fiscalizacao-paf-de-2019\/","name":"Procurador-Geral do MP de Contas participa da 2\u00aa edi\u00e7\u00e3o do curso Plano Anual de Fiscaliza\u00e7\u00e3o (PAF) de 2019\u201d - Minist\u00e9rio P\u00fablico de Contas do Estado do Paran\u00e1","isPartOf":{"@id":"https:\/\/www.mpc.pr.gov.br\/#website"},"primaryImageOfPage":{"@id":"https:\/\/www.mpc.pr.gov.br\/index.php\/procurador-geral-do-mp-de-contas-participa-da-2a-edicao-do-curso-plano-anual-de-fiscalizacao-paf-de-2019\/#primaryimage"},"image":{"@id":"https:\/\/www.mpc.pr.gov.br\/index.php\/procurador-geral-do-mp-de-contas-participa-da-2a-edicao-do-curso-plano-anual-de-fiscalizacao-paf-de-2019\/#primaryimage"},"thumbnailUrl":"","datePublished":"2019-02-21T14:03:02+00:00","breadcrumb":{"@id":"https:\/\/www.mpc.pr.gov.br\/index.php\/procurador-geral-do-mp-de-contas-participa-da-2a-edicao-do-curso-plano-anual-de-fiscalizacao-paf-de-2019\/#breadcrumb"},"inLanguage":"pt-BR","potentialAction":[{"@type":"ReadAction","target":["https:\/\/www.mpc.pr.gov.br\/index.php\/procurador-geral-do-mp-de-contas-participa-da-2a-edicao-do-curso-plano-anual-de-fiscalizacao-paf-de-2019\/"]}]},{"@type":"ImageObject","inLanguage":"pt-BR","@id":"https:\/\/www.mpc.pr.gov.br\/index.php\/procurador-geral-do-mp-de-contas-participa-da-2a-edicao-do-curso-plano-anual-de-fiscalizacao-paf-de-2019\/#primaryimage","url":"","contentUrl":""},{"@type":"BreadcrumbList","@id":"https:\/\/www.mpc.pr.gov.br\/index.php\/procurador-geral-do-mp-de-contas-participa-da-2a-edicao-do-curso-plano-anual-de-fiscalizacao-paf-de-2019\/#breadcrumb","itemListElement":[{"@type":"ListItem","position":1,"name":"In\u00edcio","item":"https:\/\/www.mpc.pr.gov.br\/"},{"@type":"ListItem","position":2,"name":"Procurador-Geral do MP de Contas participa da 2\u00aa edi\u00e7\u00e3o do curso Plano Anual de Fiscaliza\u00e7\u00e3o (PAF) de 2019\u201d"}]},{"@type":"WebSite","@id":"https:\/\/www.mpc.pr.gov.br\/#website","url":"https:\/\/www.mpc.pr.gov.br\/","name":"Minist\u00e9rio P\u00fablico de Contas do Estado do Paran\u00e1","description":"","publisher":{"@id":"https:\/\/www.mpc.pr.gov.br\/#organization"},"potentialAction":[{"@type":"SearchAction","target":{"@type":"EntryPoint","urlTemplate":"https:\/\/www.mpc.pr.gov.br\/?s={search_term_string}"},"query-input":{"@type":"PropertyValueSpecification","valueRequired":true,"valueName":"search_term_string"}}],"inLanguage":"pt-BR"},{"@type":"Organization","@id":"https:\/\/www.mpc.pr.gov.br\/#organization","name":"Minist\u00e9rio P\u00fablico de Contas do Estado do Paran\u00e1","url":"https:\/\/www.mpc.pr.gov.br\/","logo":{"@type":"ImageObject","inLanguage":"pt-BR","@id":"https:\/\/www.mpc.pr.gov.br\/#\/schema\/logo\/image\/","url":"https:\/\/www.mpc.pr.gov.br\/wp-content\/uploads\/2020\/06\/99423647_1593460364143890_6706793420720963584_n-1-e1591387983167.png","contentUrl":"https:\/\/www.mpc.pr.gov.br\/wp-content\/uploads\/2020\/06\/99423647_1593460364143890_6706793420720963584_n-1-e1591387983167.png","width":243,"height":73,"caption":"Minist\u00e9rio P\u00fablico de Contas do Estado do Paran\u00e1"},"image":{"@id":"https:\/\/www.mpc.pr.gov.br\/#\/schema\/logo\/image\/"},"sameAs":["https:\/\/www.facebook.com\/mpc.pr","https:\/\/www.instagram.com\/mpc.pr\/?hl=pt-br","https:\/\/www.youtube.com\/channel\/UCHri5oEM8DV0ztX57E0sBSw"]},{"@type":"Person","@id":"https:\/\/www.mpc.pr.gov.br\/#\/schema\/person\/d0c5cf9ebb4d8be833c419f3538cf751","name":"giovanna.faria","image":{"@type":"ImageObject","inLanguage":"pt-BR","@id":"https:\/\/secure.gravatar.com\/avatar\/?s=96&d=mm&r=g","url":"https:\/\/secure.gravatar.com\/avatar\/?s=96&d=mm&r=g","contentUrl":"https:\/\/secure.gravatar.com\/avatar\/?s=96&d=mm&r=g","caption":"giovanna.faria"}}]}},"rttpg_featured_image_url":null,"rttpg_author":{"display_name":"giovanna.faria","author_link":"https:\/\/www.mpc.pr.gov.br\/index.php\/author\/giovanna-faria\/"},"rttpg_comment":0,"rttpg_category":"<a href=\"https:\/\/www.mpc.pr.gov.br\/index.php\/category\/todas-as-noticias\/\" rel=\"category tag\">Todas as not\u00edcias<\/a> <a href=\"https:\/\/www.mpc.pr.gov.br\/index.php\/category\/ultimas-noticias\/\" rel=\"category tag\">\u00daltimas not\u00edcias<\/a>","rttpg_excerpt":"Na sexta-feira (22) o Procurador-Geral do MP de Contas do Paran\u00e1, Fl\u00e1vio de Azambuja Berti, discutir\u00e1 a terceiriza\u00e7\u00e3o de contrata\u00e7\u00f5es no setor p\u00fablico na \u00e1rea da sa\u00fade durante a 2\u00aa edi\u00e7\u00e3o do curso \u201cPlano Anual de Fiscaliza\u00e7\u00e3o (PAF) de 2019\u201d, que acontecer\u00e1 em Londrina. O evento \u00e9 organizado pela Escola de Gest\u00e3o P\u00fablica (EGP) do&hellip;","_links":{"self":[{"href":"https:\/\/www.mpc.pr.gov.br\/index.php\/wp-json\/wp\/v2\/posts\/6796","targetHints":{"allow":["GET"]}}],"collection":[{"href":"https:\/\/www.mpc.pr.gov.br\/index.php\/wp-json\/wp\/v2\/posts"}],"about":[{"href":"https:\/\/www.mpc.pr.gov.br\/index.php\/wp-json\/wp\/v2\/types\/post"}],"author":[{"embeddable":true,"href":"https:\/\/www.mpc.pr.gov.br\/index.php\/wp-json\/wp\/v2\/users\/5"}],"replies":[{"embeddable":true,"href":"https:\/\/www.mpc.pr.gov.br\/index.php\/wp-json\/wp\/v2\/comments?post=6796"}],"version-history":[{"count":0,"href":"https:\/\/www.mpc.pr.gov.br\/index.php\/wp-json\/wp\/v2\/posts\/6796\/revisions"}],"wp:featuredmedia":[{"embeddable":true,"href":"https:\/\/www.mpc.pr.gov.br\/index.php\/wp-json\/"}],"wp:attachment":[{"href":"https:\/\/www.mpc.pr.gov.br\/index.php\/wp-json\/wp\/v2\/media?parent=6796"}],"wp:term":[{"taxonomy":"category","embeddable":true,"href":"https:\/\/www.mpc.pr.gov.br\/index.php\/wp-json\/wp\/v2\/categories?post=6796"},{"taxonomy":"post_tag","embeddable":true,"href":"https:\/\/www.mpc.pr.gov.br\/index.php\/wp-json\/wp\/v2\/tags?post=6796"}],"curies":[{"name":"wp","href":"https:\/\/api.w.org\/{rel}","templated":true}]}}