{"id":6908,"date":"2019-03-21T14:54:28","date_gmt":"2019-03-21T17:54:28","guid":{"rendered":"http:\/\/www.mpc.pr.gov.br\/?p=6908"},"modified":"2019-03-21T14:54:28","modified_gmt":"2019-03-21T17:54:28","slug":"mp-de-contas-pede-cautelar-para-que-o-municipio-de-campo-largo-disponibilize-documentos-no-portal-da-transparencia","status":"publish","type":"post","link":"https:\/\/www.mpc.pr.gov.br\/index.php\/mp-de-contas-pede-cautelar-para-que-o-municipio-de-campo-largo-disponibilize-documentos-no-portal-da-transparencia\/","title":{"rendered":"MP de Contas pede cautelar para que o munic\u00edpio de Campo Largo disponibilize documentos no Portal da Transpar\u00eancia"},"content":{"rendered":"<figure id=\"attachment_6909\" aria-describedby=\"caption-attachment-6909\" style=\"width: 300px\" class=\"wp-caption alignleft\"><img fetchpriority=\"high\" decoding=\"async\" class=\"size-medium wp-image-6909\" src=\"http:\/\/www.mpc.pr.gov.br\/wp-content\/uploads\/2019\/03\/Campo-Largo-300x229.jpg\" alt=\"\" width=\"300\" height=\"229\" \/><figcaption id=\"caption-attachment-6909\" class=\"wp-caption-text\">Vista a\u00e9rea de Campo Largo, munic\u00edpio da Regi\u00e3o Metropolitana de Curitiba. Foto: Divulga\u00e7\u00e3o.<\/figcaption><\/figure>\n<p>O MP de Contas do Paran\u00e1 protocolou Representa\u00e7\u00e3o junto ao Tribunal de Contas do Paran\u00e1 (TCE-PR) em face do munic\u00edpio de Campo Largo com dois pedidos de medida cautelar. As solicita\u00e7\u00f5es foram feitas ap\u00f3s o N\u00facleo de Intelig\u00eancia (NI) do \u00f3rg\u00e3o ministerial apurar ind\u00edcios de irregularidades em processos licitat\u00f3rios para aquisi\u00e7\u00e3o de medicamentos no ano de 2017 e falha na disponibiliza\u00e7\u00e3o de documentos no Portal da Transpar\u00eancia municipal.<\/p>\n<p>O NI verificou que os Preg\u00f5es n\u00b0 26 e 108\/2017 violaram os princ\u00edpios da publicidade, transpar\u00eancia e economicidade. Entre as irregularidades identificadas, al\u00e9m da aus\u00eancia de documentos no Portal da Transpar\u00eancia, foram verificados sobrepre\u00e7o nos pre\u00e7os de refer\u00eancia constantes nos editais e nos pre\u00e7os finais contratados.<\/p>\n<p>Verificou-se que no Preg\u00e3o n\u00b0 26\/2017, a licita\u00e7\u00e3o foi or\u00e7ada em R$ 1.726.268,90 e ao seu final foi conclu\u00edda com um pre\u00e7o total de R$ 922.896,70, cerca de 46,54% a menos. J\u00e1 o Preg\u00e3o 108\/2017 foi or\u00e7ado inicialmente em R$ 11.878.724,38 e conclu\u00eddo por R$ 5.677.516,30, gerando uma economia de 52,20%. Essa grande diferen\u00e7a entre o pre\u00e7o or\u00e7ado e o valor licitado revela que os or\u00e7amentos de refer\u00eancia n\u00e3o foram elaborados de forma coerente com os valores de mercado, gerando uma falsa impress\u00e3o de economia, quando na verdade o fato revela que os gestores n\u00e3o realizam a adequada pesquisa de pre\u00e7os.<\/p>\n<p>Al\u00e9m disso, apesar dessa virtual economia, se comparados os valores pagos nas licita\u00e7\u00f5es com os pre\u00e7os praticados no Banco de Pre\u00e7os em Sa\u00fade (BPS) do Minist\u00e9rio da Sa\u00fade, ser\u00e1 poss\u00edvel notar um sobrepre\u00e7o total de R$ 661,972,51. Tal fato demonstra que o munic\u00edpio falhou em buscar a melhor proposta para a Administra\u00e7\u00e3o P\u00fablica, ao n\u00e3o realizar uma ampla pesquisa de pre\u00e7os de forma eficaz.<\/p>\n<p>Por esses motivos que o MP de Contas pediu pela expedi\u00e7\u00e3o de medida cautelar para que o munic\u00edpio de Campo Largo passe a adotar o C\u00f3digo BR tanto na fase interna, quanto externa do processo licitat\u00f3rio. O C\u00f3digo \u00e9 um identificador de cada medicamento adquirido pelo Poder Executivo Federal, que faz parte do Cat\u00e1logo de Materiais do Comprasnet. Por meio dele \u00e9 poss\u00edvel realizar pesquisas de pre\u00e7os mais precisos e identificar com mais clareza o medicamento que se pretende adquirir.<\/p>\n<p>O \u00f3rg\u00e3o ministerial tamb\u00e9m pediu por uma segunda medida cautelar, est\u00e1 em raz\u00e3o da aus\u00eancia da disponibiliza\u00e7\u00e3o de informa\u00e7\u00f5es e documentos referentes a procedimentos licitat\u00f3rios no Portal da Transpar\u00eancia municipal. A cautelar solicita que sejam divulgados na \u00edntegra todas as licita\u00e7\u00f5es, sob pena de se julgar os Preg\u00f5es irregulares e aplica\u00e7\u00e3o de san\u00e7\u00f5es aos gestores.<\/p>\n<p>Para o MP de Contas \u00e9 importante que a cautelar seja acolhida de imediato pois, reconhecer o direito \u00e0 disponibiliza\u00e7\u00e3o da informa\u00e7\u00e3o apenas no provimento final da Representa\u00e7\u00e3o ou, at\u00e9 mesmo n\u00e3o reconhecer que h\u00e1 uma viola\u00e7\u00e3o \u00e0s leis e \u00e0 Constitui\u00e7\u00e3o ao disponibilizar as informa\u00e7\u00f5es parcialmente, seria desacreditar a legisla\u00e7\u00e3o em vigor, avalizar o descumprimento \u00e0 lei, sonegar um direito da sociedade e desautorizar um dever dos agentes p\u00fablicos.<\/p>\n<p>A Representa\u00e7\u00e3o n\u00b0 161433\/19 interposta pelo MP de Contas j\u00e1 foi protocolada e pode ser acessada na \u00edntegra <a href=\"http:\/\/www.mpc.pr.gov.br\/wp-content\/uploads\/2019\/03\/representa%C3%A7%C3%A3o-161433-19.pdf\">aqui<\/a>.<\/p>\n<p>&nbsp;<\/p>\n","protected":false},"excerpt":{"rendered":"<p>O MP de Contas do Paran\u00e1 protocolou Representa\u00e7\u00e3o junto ao Tribunal de Contas do Paran\u00e1 (TCE-PR) em face do munic\u00edpio de Campo Largo com dois pedidos de medida cautelar. As solicita\u00e7\u00f5es foram feitas ap\u00f3s o N\u00facleo de Intelig\u00eancia (NI) do \u00f3rg\u00e3o ministerial apurar ind\u00edcios de irregularidades em processos licitat\u00f3rios para aquisi\u00e7\u00e3o de medicamentos no ano [&hellip;]<\/p>\n","protected":false},"author":5,"featured_media":6909,"comment_status":"open","ping_status":"open","sticky":false,"template":"","format":"standard","meta":{"_monsterinsights_skip_tracking":false,"_monsterinsights_sitenote_active":false,"_monsterinsights_sitenote_note":"","_monsterinsights_sitenote_category":0,"footnotes":""},"categories":[7,14],"tags":[],"class_list":["post-6908","post","type-post","status-publish","format-standard","has-post-thumbnail","hentry","category-todas-as-noticias","category-ultimas-noticias","entry","has-media"],"yoast_head":"<!-- This site is optimized with the Yoast SEO plugin v27.3 - https:\/\/yoast.com\/product\/yoast-seo-wordpress\/ -->\n<title>MP de Contas pede cautelar para que o munic\u00edpio de Campo Largo disponibilize documentos no Portal da Transpar\u00eancia - Minist\u00e9rio P\u00fablico de Contas do Estado do Paran\u00e1<\/title>\n<meta name=\"robots\" content=\"index, follow, max-snippet:-1, max-image-preview:large, max-video-preview:-1\" \/>\n<link rel=\"canonical\" href=\"https:\/\/www.mpc.pr.gov.br\/index.php\/mp-de-contas-pede-cautelar-para-que-o-municipio-de-campo-largo-disponibilize-documentos-no-portal-da-transparencia\/\" \/>\n<meta property=\"og:locale\" content=\"pt_BR\" \/>\n<meta property=\"og:type\" content=\"article\" \/>\n<meta property=\"og:title\" content=\"MP de Contas pede cautelar para que o munic\u00edpio de Campo Largo disponibilize documentos no Portal da Transpar\u00eancia - Minist\u00e9rio P\u00fablico de Contas do Estado do Paran\u00e1\" \/>\n<meta property=\"og:description\" content=\"O MP de Contas do Paran\u00e1 protocolou Representa\u00e7\u00e3o junto ao Tribunal de Contas do Paran\u00e1 (TCE-PR) em face do munic\u00edpio de Campo Largo com dois pedidos de medida cautelar. As solicita\u00e7\u00f5es foram feitas ap\u00f3s o N\u00facleo de Intelig\u00eancia (NI) do \u00f3rg\u00e3o ministerial apurar ind\u00edcios de irregularidades em processos licitat\u00f3rios para aquisi\u00e7\u00e3o de medicamentos no ano [&hellip;]\" \/>\n<meta property=\"og:url\" content=\"https:\/\/www.mpc.pr.gov.br\/index.php\/mp-de-contas-pede-cautelar-para-que-o-municipio-de-campo-largo-disponibilize-documentos-no-portal-da-transparencia\/\" \/>\n<meta property=\"og:site_name\" content=\"Minist\u00e9rio P\u00fablico de Contas do Estado do Paran\u00e1\" \/>\n<meta property=\"article:publisher\" content=\"https:\/\/www.facebook.com\/mpc.pr\" \/>\n<meta property=\"article:published_time\" content=\"2019-03-21T17:54:28+00:00\" \/>\n<meta name=\"author\" content=\"giovanna.faria\" \/>\n<meta name=\"twitter:card\" content=\"summary_large_image\" \/>\n<meta name=\"twitter:label1\" content=\"Escrito por\" \/>\n\t<meta name=\"twitter:data1\" content=\"giovanna.faria\" \/>\n\t<meta name=\"twitter:label2\" content=\"Est. tempo de leitura\" \/>\n\t<meta name=\"twitter:data2\" content=\"3 minutos\" \/>\n<script type=\"application\/ld+json\" class=\"yoast-schema-graph\">{\"@context\":\"https:\\\/\\\/schema.org\",\"@graph\":[{\"@type\":\"Article\",\"@id\":\"https:\\\/\\\/www.mpc.pr.gov.br\\\/index.php\\\/mp-de-contas-pede-cautelar-para-que-o-municipio-de-campo-largo-disponibilize-documentos-no-portal-da-transparencia\\\/#article\",\"isPartOf\":{\"@id\":\"https:\\\/\\\/www.mpc.pr.gov.br\\\/index.php\\\/mp-de-contas-pede-cautelar-para-que-o-municipio-de-campo-largo-disponibilize-documentos-no-portal-da-transparencia\\\/\"},\"author\":{\"name\":\"giovanna.faria\",\"@id\":\"https:\\\/\\\/www.mpc.pr.gov.br\\\/#\\\/schema\\\/person\\\/d0c5cf9ebb4d8be833c419f3538cf751\"},\"headline\":\"MP de Contas pede cautelar para que o munic\u00edpio de Campo Largo disponibilize documentos no Portal da Transpar\u00eancia\",\"datePublished\":\"2019-03-21T17:54:28+00:00\",\"mainEntityOfPage\":{\"@id\":\"https:\\\/\\\/www.mpc.pr.gov.br\\\/index.php\\\/mp-de-contas-pede-cautelar-para-que-o-municipio-de-campo-largo-disponibilize-documentos-no-portal-da-transparencia\\\/\"},\"wordCount\":612,\"commentCount\":0,\"publisher\":{\"@id\":\"https:\\\/\\\/www.mpc.pr.gov.br\\\/#organization\"},\"image\":{\"@id\":\"https:\\\/\\\/www.mpc.pr.gov.br\\\/index.php\\\/mp-de-contas-pede-cautelar-para-que-o-municipio-de-campo-largo-disponibilize-documentos-no-portal-da-transparencia\\\/#primaryimage\"},\"thumbnailUrl\":\"\",\"articleSection\":[\"Todas as not\u00edcias\",\"\u00daltimas not\u00edcias\"],\"inLanguage\":\"pt-BR\",\"potentialAction\":[{\"@type\":\"CommentAction\",\"name\":\"Comment\",\"target\":[\"https:\\\/\\\/www.mpc.pr.gov.br\\\/index.php\\\/mp-de-contas-pede-cautelar-para-que-o-municipio-de-campo-largo-disponibilize-documentos-no-portal-da-transparencia\\\/#respond\"]}]},{\"@type\":\"WebPage\",\"@id\":\"https:\\\/\\\/www.mpc.pr.gov.br\\\/index.php\\\/mp-de-contas-pede-cautelar-para-que-o-municipio-de-campo-largo-disponibilize-documentos-no-portal-da-transparencia\\\/\",\"url\":\"https:\\\/\\\/www.mpc.pr.gov.br\\\/index.php\\\/mp-de-contas-pede-cautelar-para-que-o-municipio-de-campo-largo-disponibilize-documentos-no-portal-da-transparencia\\\/\",\"name\":\"MP de Contas pede cautelar para que o munic\u00edpio de Campo Largo disponibilize documentos no Portal da Transpar\u00eancia - Minist\u00e9rio P\u00fablico de Contas do Estado do Paran\u00e1\",\"isPartOf\":{\"@id\":\"https:\\\/\\\/www.mpc.pr.gov.br\\\/#website\"},\"primaryImageOfPage\":{\"@id\":\"https:\\\/\\\/www.mpc.pr.gov.br\\\/index.php\\\/mp-de-contas-pede-cautelar-para-que-o-municipio-de-campo-largo-disponibilize-documentos-no-portal-da-transparencia\\\/#primaryimage\"},\"image\":{\"@id\":\"https:\\\/\\\/www.mpc.pr.gov.br\\\/index.php\\\/mp-de-contas-pede-cautelar-para-que-o-municipio-de-campo-largo-disponibilize-documentos-no-portal-da-transparencia\\\/#primaryimage\"},\"thumbnailUrl\":\"\",\"datePublished\":\"2019-03-21T17:54:28+00:00\",\"breadcrumb\":{\"@id\":\"https:\\\/\\\/www.mpc.pr.gov.br\\\/index.php\\\/mp-de-contas-pede-cautelar-para-que-o-municipio-de-campo-largo-disponibilize-documentos-no-portal-da-transparencia\\\/#breadcrumb\"},\"inLanguage\":\"pt-BR\",\"potentialAction\":[{\"@type\":\"ReadAction\",\"target\":[\"https:\\\/\\\/www.mpc.pr.gov.br\\\/index.php\\\/mp-de-contas-pede-cautelar-para-que-o-municipio-de-campo-largo-disponibilize-documentos-no-portal-da-transparencia\\\/\"]}]},{\"@type\":\"ImageObject\",\"inLanguage\":\"pt-BR\",\"@id\":\"https:\\\/\\\/www.mpc.pr.gov.br\\\/index.php\\\/mp-de-contas-pede-cautelar-para-que-o-municipio-de-campo-largo-disponibilize-documentos-no-portal-da-transparencia\\\/#primaryimage\",\"url\":\"\",\"contentUrl\":\"\"},{\"@type\":\"BreadcrumbList\",\"@id\":\"https:\\\/\\\/www.mpc.pr.gov.br\\\/index.php\\\/mp-de-contas-pede-cautelar-para-que-o-municipio-de-campo-largo-disponibilize-documentos-no-portal-da-transparencia\\\/#breadcrumb\",\"itemListElement\":[{\"@type\":\"ListItem\",\"position\":1,\"name\":\"In\u00edcio\",\"item\":\"https:\\\/\\\/www.mpc.pr.gov.br\\\/\"},{\"@type\":\"ListItem\",\"position\":2,\"name\":\"MP de Contas pede cautelar para que o munic\u00edpio de Campo Largo disponibilize documentos no Portal da Transpar\u00eancia\"}]},{\"@type\":\"WebSite\",\"@id\":\"https:\\\/\\\/www.mpc.pr.gov.br\\\/#website\",\"url\":\"https:\\\/\\\/www.mpc.pr.gov.br\\\/\",\"name\":\"Minist\u00e9rio P\u00fablico de Contas do Estado do Paran\u00e1\",\"description\":\"\",\"publisher\":{\"@id\":\"https:\\\/\\\/www.mpc.pr.gov.br\\\/#organization\"},\"potentialAction\":[{\"@type\":\"SearchAction\",\"target\":{\"@type\":\"EntryPoint\",\"urlTemplate\":\"https:\\\/\\\/www.mpc.pr.gov.br\\\/?s={search_term_string}\"},\"query-input\":{\"@type\":\"PropertyValueSpecification\",\"valueRequired\":true,\"valueName\":\"search_term_string\"}}],\"inLanguage\":\"pt-BR\"},{\"@type\":\"Organization\",\"@id\":\"https:\\\/\\\/www.mpc.pr.gov.br\\\/#organization\",\"name\":\"Minist\u00e9rio P\u00fablico de Contas do Estado do Paran\u00e1\",\"url\":\"https:\\\/\\\/www.mpc.pr.gov.br\\\/\",\"logo\":{\"@type\":\"ImageObject\",\"inLanguage\":\"pt-BR\",\"@id\":\"https:\\\/\\\/www.mpc.pr.gov.br\\\/#\\\/schema\\\/logo\\\/image\\\/\",\"url\":\"https:\\\/\\\/www.mpc.pr.gov.br\\\/wp-content\\\/uploads\\\/2020\\\/06\\\/99423647_1593460364143890_6706793420720963584_n-1-e1591387983167.png\",\"contentUrl\":\"https:\\\/\\\/www.mpc.pr.gov.br\\\/wp-content\\\/uploads\\\/2020\\\/06\\\/99423647_1593460364143890_6706793420720963584_n-1-e1591387983167.png\",\"width\":243,\"height\":73,\"caption\":\"Minist\u00e9rio P\u00fablico de Contas do Estado do Paran\u00e1\"},\"image\":{\"@id\":\"https:\\\/\\\/www.mpc.pr.gov.br\\\/#\\\/schema\\\/logo\\\/image\\\/\"},\"sameAs\":[\"https:\\\/\\\/www.facebook.com\\\/mpc.pr\",\"https:\\\/\\\/www.instagram.com\\\/mpc.pr\\\/?hl=pt-br\",\"https:\\\/\\\/www.youtube.com\\\/channel\\\/UCHri5oEM8DV0ztX57E0sBSw\"]},{\"@type\":\"Person\",\"@id\":\"https:\\\/\\\/www.mpc.pr.gov.br\\\/#\\\/schema\\\/person\\\/d0c5cf9ebb4d8be833c419f3538cf751\",\"name\":\"giovanna.faria\",\"image\":{\"@type\":\"ImageObject\",\"inLanguage\":\"pt-BR\",\"@id\":\"https:\\\/\\\/secure.gravatar.com\\\/avatar\\\/?s=96&d=mm&r=g\",\"url\":\"https:\\\/\\\/secure.gravatar.com\\\/avatar\\\/?s=96&d=mm&r=g\",\"contentUrl\":\"https:\\\/\\\/secure.gravatar.com\\\/avatar\\\/?s=96&d=mm&r=g\",\"caption\":\"giovanna.faria\"}}]}<\/script>\n<!-- \/ Yoast SEO plugin. -->","yoast_head_json":{"title":"MP de Contas pede cautelar para que o munic\u00edpio de Campo Largo disponibilize documentos no Portal da Transpar\u00eancia - Minist\u00e9rio P\u00fablico de Contas do Estado do Paran\u00e1","robots":{"index":"index","follow":"follow","max-snippet":"max-snippet:-1","max-image-preview":"max-image-preview:large","max-video-preview":"max-video-preview:-1"},"canonical":"https:\/\/www.mpc.pr.gov.br\/index.php\/mp-de-contas-pede-cautelar-para-que-o-municipio-de-campo-largo-disponibilize-documentos-no-portal-da-transparencia\/","og_locale":"pt_BR","og_type":"article","og_title":"MP de Contas pede cautelar para que o munic\u00edpio de Campo Largo disponibilize documentos no Portal da Transpar\u00eancia - Minist\u00e9rio P\u00fablico de Contas do Estado do Paran\u00e1","og_description":"O MP de Contas do Paran\u00e1 protocolou Representa\u00e7\u00e3o junto ao Tribunal de Contas do Paran\u00e1 (TCE-PR) em face do munic\u00edpio de Campo Largo com dois pedidos de medida cautelar. As solicita\u00e7\u00f5es foram feitas ap\u00f3s o N\u00facleo de Intelig\u00eancia (NI) do \u00f3rg\u00e3o ministerial apurar ind\u00edcios de irregularidades em processos licitat\u00f3rios para aquisi\u00e7\u00e3o de medicamentos no ano [&hellip;]","og_url":"https:\/\/www.mpc.pr.gov.br\/index.php\/mp-de-contas-pede-cautelar-para-que-o-municipio-de-campo-largo-disponibilize-documentos-no-portal-da-transparencia\/","og_site_name":"Minist\u00e9rio P\u00fablico de Contas do Estado do Paran\u00e1","article_publisher":"https:\/\/www.facebook.com\/mpc.pr","article_published_time":"2019-03-21T17:54:28+00:00","author":"giovanna.faria","twitter_card":"summary_large_image","twitter_misc":{"Escrito por":"giovanna.faria","Est. tempo de leitura":"3 minutos"},"schema":{"@context":"https:\/\/schema.org","@graph":[{"@type":"Article","@id":"https:\/\/www.mpc.pr.gov.br\/index.php\/mp-de-contas-pede-cautelar-para-que-o-municipio-de-campo-largo-disponibilize-documentos-no-portal-da-transparencia\/#article","isPartOf":{"@id":"https:\/\/www.mpc.pr.gov.br\/index.php\/mp-de-contas-pede-cautelar-para-que-o-municipio-de-campo-largo-disponibilize-documentos-no-portal-da-transparencia\/"},"author":{"name":"giovanna.faria","@id":"https:\/\/www.mpc.pr.gov.br\/#\/schema\/person\/d0c5cf9ebb4d8be833c419f3538cf751"},"headline":"MP de Contas pede cautelar para que o munic\u00edpio de Campo Largo disponibilize documentos no Portal da Transpar\u00eancia","datePublished":"2019-03-21T17:54:28+00:00","mainEntityOfPage":{"@id":"https:\/\/www.mpc.pr.gov.br\/index.php\/mp-de-contas-pede-cautelar-para-que-o-municipio-de-campo-largo-disponibilize-documentos-no-portal-da-transparencia\/"},"wordCount":612,"commentCount":0,"publisher":{"@id":"https:\/\/www.mpc.pr.gov.br\/#organization"},"image":{"@id":"https:\/\/www.mpc.pr.gov.br\/index.php\/mp-de-contas-pede-cautelar-para-que-o-municipio-de-campo-largo-disponibilize-documentos-no-portal-da-transparencia\/#primaryimage"},"thumbnailUrl":"","articleSection":["Todas as not\u00edcias","\u00daltimas not\u00edcias"],"inLanguage":"pt-BR","potentialAction":[{"@type":"CommentAction","name":"Comment","target":["https:\/\/www.mpc.pr.gov.br\/index.php\/mp-de-contas-pede-cautelar-para-que-o-municipio-de-campo-largo-disponibilize-documentos-no-portal-da-transparencia\/#respond"]}]},{"@type":"WebPage","@id":"https:\/\/www.mpc.pr.gov.br\/index.php\/mp-de-contas-pede-cautelar-para-que-o-municipio-de-campo-largo-disponibilize-documentos-no-portal-da-transparencia\/","url":"https:\/\/www.mpc.pr.gov.br\/index.php\/mp-de-contas-pede-cautelar-para-que-o-municipio-de-campo-largo-disponibilize-documentos-no-portal-da-transparencia\/","name":"MP de Contas pede cautelar para que o munic\u00edpio de Campo Largo disponibilize documentos no Portal da Transpar\u00eancia - Minist\u00e9rio P\u00fablico de Contas do Estado do Paran\u00e1","isPartOf":{"@id":"https:\/\/www.mpc.pr.gov.br\/#website"},"primaryImageOfPage":{"@id":"https:\/\/www.mpc.pr.gov.br\/index.php\/mp-de-contas-pede-cautelar-para-que-o-municipio-de-campo-largo-disponibilize-documentos-no-portal-da-transparencia\/#primaryimage"},"image":{"@id":"https:\/\/www.mpc.pr.gov.br\/index.php\/mp-de-contas-pede-cautelar-para-que-o-municipio-de-campo-largo-disponibilize-documentos-no-portal-da-transparencia\/#primaryimage"},"thumbnailUrl":"","datePublished":"2019-03-21T17:54:28+00:00","breadcrumb":{"@id":"https:\/\/www.mpc.pr.gov.br\/index.php\/mp-de-contas-pede-cautelar-para-que-o-municipio-de-campo-largo-disponibilize-documentos-no-portal-da-transparencia\/#breadcrumb"},"inLanguage":"pt-BR","potentialAction":[{"@type":"ReadAction","target":["https:\/\/www.mpc.pr.gov.br\/index.php\/mp-de-contas-pede-cautelar-para-que-o-municipio-de-campo-largo-disponibilize-documentos-no-portal-da-transparencia\/"]}]},{"@type":"ImageObject","inLanguage":"pt-BR","@id":"https:\/\/www.mpc.pr.gov.br\/index.php\/mp-de-contas-pede-cautelar-para-que-o-municipio-de-campo-largo-disponibilize-documentos-no-portal-da-transparencia\/#primaryimage","url":"","contentUrl":""},{"@type":"BreadcrumbList","@id":"https:\/\/www.mpc.pr.gov.br\/index.php\/mp-de-contas-pede-cautelar-para-que-o-municipio-de-campo-largo-disponibilize-documentos-no-portal-da-transparencia\/#breadcrumb","itemListElement":[{"@type":"ListItem","position":1,"name":"In\u00edcio","item":"https:\/\/www.mpc.pr.gov.br\/"},{"@type":"ListItem","position":2,"name":"MP de Contas pede cautelar para que o munic\u00edpio de Campo Largo disponibilize documentos no Portal da Transpar\u00eancia"}]},{"@type":"WebSite","@id":"https:\/\/www.mpc.pr.gov.br\/#website","url":"https:\/\/www.mpc.pr.gov.br\/","name":"Minist\u00e9rio P\u00fablico de Contas do Estado do Paran\u00e1","description":"","publisher":{"@id":"https:\/\/www.mpc.pr.gov.br\/#organization"},"potentialAction":[{"@type":"SearchAction","target":{"@type":"EntryPoint","urlTemplate":"https:\/\/www.mpc.pr.gov.br\/?s={search_term_string}"},"query-input":{"@type":"PropertyValueSpecification","valueRequired":true,"valueName":"search_term_string"}}],"inLanguage":"pt-BR"},{"@type":"Organization","@id":"https:\/\/www.mpc.pr.gov.br\/#organization","name":"Minist\u00e9rio P\u00fablico de Contas do Estado do Paran\u00e1","url":"https:\/\/www.mpc.pr.gov.br\/","logo":{"@type":"ImageObject","inLanguage":"pt-BR","@id":"https:\/\/www.mpc.pr.gov.br\/#\/schema\/logo\/image\/","url":"https:\/\/www.mpc.pr.gov.br\/wp-content\/uploads\/2020\/06\/99423647_1593460364143890_6706793420720963584_n-1-e1591387983167.png","contentUrl":"https:\/\/www.mpc.pr.gov.br\/wp-content\/uploads\/2020\/06\/99423647_1593460364143890_6706793420720963584_n-1-e1591387983167.png","width":243,"height":73,"caption":"Minist\u00e9rio P\u00fablico de Contas do Estado do Paran\u00e1"},"image":{"@id":"https:\/\/www.mpc.pr.gov.br\/#\/schema\/logo\/image\/"},"sameAs":["https:\/\/www.facebook.com\/mpc.pr","https:\/\/www.instagram.com\/mpc.pr\/?hl=pt-br","https:\/\/www.youtube.com\/channel\/UCHri5oEM8DV0ztX57E0sBSw"]},{"@type":"Person","@id":"https:\/\/www.mpc.pr.gov.br\/#\/schema\/person\/d0c5cf9ebb4d8be833c419f3538cf751","name":"giovanna.faria","image":{"@type":"ImageObject","inLanguage":"pt-BR","@id":"https:\/\/secure.gravatar.com\/avatar\/?s=96&d=mm&r=g","url":"https:\/\/secure.gravatar.com\/avatar\/?s=96&d=mm&r=g","contentUrl":"https:\/\/secure.gravatar.com\/avatar\/?s=96&d=mm&r=g","caption":"giovanna.faria"}}]}},"rttpg_featured_image_url":null,"rttpg_author":{"display_name":"giovanna.faria","author_link":"https:\/\/www.mpc.pr.gov.br\/index.php\/author\/giovanna-faria\/"},"rttpg_comment":0,"rttpg_category":"<a href=\"https:\/\/www.mpc.pr.gov.br\/index.php\/category\/todas-as-noticias\/\" rel=\"category tag\">Todas as not\u00edcias<\/a> <a href=\"https:\/\/www.mpc.pr.gov.br\/index.php\/category\/ultimas-noticias\/\" rel=\"category tag\">\u00daltimas not\u00edcias<\/a>","rttpg_excerpt":"O MP de Contas do Paran\u00e1 protocolou Representa\u00e7\u00e3o junto ao Tribunal de Contas do Paran\u00e1 (TCE-PR) em face do munic\u00edpio de Campo Largo com dois pedidos de medida cautelar. As solicita\u00e7\u00f5es foram feitas ap\u00f3s o N\u00facleo de Intelig\u00eancia (NI) do \u00f3rg\u00e3o ministerial apurar ind\u00edcios de irregularidades em processos licitat\u00f3rios para aquisi\u00e7\u00e3o de medicamentos no ano&hellip;","_links":{"self":[{"href":"https:\/\/www.mpc.pr.gov.br\/index.php\/wp-json\/wp\/v2\/posts\/6908","targetHints":{"allow":["GET"]}}],"collection":[{"href":"https:\/\/www.mpc.pr.gov.br\/index.php\/wp-json\/wp\/v2\/posts"}],"about":[{"href":"https:\/\/www.mpc.pr.gov.br\/index.php\/wp-json\/wp\/v2\/types\/post"}],"author":[{"embeddable":true,"href":"https:\/\/www.mpc.pr.gov.br\/index.php\/wp-json\/wp\/v2\/users\/5"}],"replies":[{"embeddable":true,"href":"https:\/\/www.mpc.pr.gov.br\/index.php\/wp-json\/wp\/v2\/comments?post=6908"}],"version-history":[{"count":0,"href":"https:\/\/www.mpc.pr.gov.br\/index.php\/wp-json\/wp\/v2\/posts\/6908\/revisions"}],"wp:featuredmedia":[{"embeddable":true,"href":"https:\/\/www.mpc.pr.gov.br\/index.php\/wp-json\/"}],"wp:attachment":[{"href":"https:\/\/www.mpc.pr.gov.br\/index.php\/wp-json\/wp\/v2\/media?parent=6908"}],"wp:term":[{"taxonomy":"category","embeddable":true,"href":"https:\/\/www.mpc.pr.gov.br\/index.php\/wp-json\/wp\/v2\/categories?post=6908"},{"taxonomy":"post_tag","embeddable":true,"href":"https:\/\/www.mpc.pr.gov.br\/index.php\/wp-json\/wp\/v2\/tags?post=6908"}],"curies":[{"name":"wp","href":"https:\/\/api.w.org\/{rel}","templated":true}]}}