{"id":6919,"date":"2019-03-27T14:32:03","date_gmt":"2019-03-27T17:32:03","guid":{"rendered":"http:\/\/www.mpc.pr.gov.br\/?p=6919"},"modified":"2019-03-27T14:32:03","modified_gmt":"2019-03-27T17:32:03","slug":"amanha-acontece-a-abertura-da-5a-edicao-do-observatorio-do-executivo-e-legislativo-transparencia-publica-e-controle-social","status":"publish","type":"post","link":"https:\/\/www.mpc.pr.gov.br\/index.php\/amanha-acontece-a-abertura-da-5a-edicao-do-observatorio-do-executivo-e-legislativo-transparencia-publica-e-controle-social\/","title":{"rendered":"Amanh\u00e3 acontece a abertura da 5\u00aa edi\u00e7\u00e3o do \u201cObservat\u00f3rio do Executivo e Legislativo \u2013 Transpar\u00eancia P\u00fablica e Controle Social\u201d"},"content":{"rendered":"<figure id=\"attachment_6569\" aria-describedby=\"caption-attachment-6569\" style=\"width: 300px\" class=\"wp-caption alignleft\"><img fetchpriority=\"high\" decoding=\"async\" class=\"size-medium wp-image-6569\" src=\"http:\/\/www.mpc.pr.gov.br\/wp-content\/uploads\/2018\/12\/10-Foto-Ag\u00eancia-de-Not\u00edcias-do-Paran\u00e1-300x200.jpg\" alt=\"\" width=\"300\" height=\"200\" \/><figcaption id=\"caption-attachment-6569\" class=\"wp-caption-text\">21 alunos do curso de Direito da UP receberam certificado pela participa\u00e7\u00e3o na a 4\u00aa edi\u00e7\u00e3o do projeto de extens\u00e3o. Foto: Ag\u00eancia de Not\u00edcias do Paran\u00e1.<\/figcaption><\/figure>\n<p>O MP de Contas do Paran\u00e1 convida a todos para participar da cerim\u00f4nia de abertura da quinta edi\u00e7\u00e3o do projeto de extens\u00e3o \u201cObservat\u00f3rio do Executivo e Legislativo \u2013 Transpar\u00eancia P\u00fablica e Controle Social\u201d, desenvolvido pela Universidade Positivo (UP) e institui\u00e7\u00f5es parceiras. O evento ser\u00e1 realizado amanh\u00e3 (28), das 19h \u00e0s 21h, no audit\u00f3rio 1 do Bloco Amarelo, localizado no Campus Ecoville da UP.<\/p>\n<p>O programa de extens\u00e3o come\u00e7ou em 2016 e \u00e9 resultado de uma parceria entre a Controladoria Geral do Estado (CGE), MP Estadual (MPE-PR), MP de Contas e a UP. O objetivo do programa \u00e9 fomentar o controle social e a transpar\u00eancia p\u00fablica, por meio da troca de conhecimento entre estudantes e institui\u00e7\u00f5es de controle.<\/p>\n<p>Durante a cerim\u00f4nia ser\u00e3o apresentadas tr\u00eas palestras com os seguintes convidados:<\/p>\n<p><strong>\u00c0s 19h20 \u2013<\/strong> &#8220;Controles internos, transpar\u00eancia e integra\u00e7\u00e3o. O caso da Opera\u00e7\u00e3o Research. Da concep\u00e7\u00e3o do il\u00edcito \u00e0 puni\u00e7\u00e3o&#8221;, com Marcos Josegrei da Silva, Juiz titular da 14\u00aa Vara Federal de Curitiba.<\/p>\n<p><strong>\u00c0s 19h50 \u2013<\/strong> \u201cVoc\u00ea tamb\u00e9m pode ser um investigador de gastos p\u00fablicos. Saiba como\u201d, com Katia Brembatti, Professora da Escola de Comunica\u00e7\u00e3o da Universidade Positivo e Jornalista da Gazeta do Povo.<\/p>\n<p><strong>20h20 \u2013<\/strong> \u201cDados Abertos Como Instrumento de Controle Social\u201d, com Alzira Ester Angeli, Auditora Federal de Finan\u00e7as e Controle, Doutoranda em Ci\u00eancia Pol\u00edtica na UFPR, pesquisadora vinculada ao grupo de pesquisa Institui\u00e7\u00f5es, Comportamento Pol\u00edtico e Novas M\u00eddias \u2013 GEIST\/UFPR e ao Instituto Nacional de Ci\u00eancia e Tecnologia em Democracia Digital \u2013 INCT-DD.<\/p>\n<p>Participar\u00e3o tamb\u00e9m do evento a professora de Direito Constitucional da Escola de Direito da UP e respons\u00e1vel pelo programa de extens\u00e3o, <strong>Adriana Inomata<\/strong>; o Coordenador Geral da Escola de Direito e professor da Gradua\u00e7\u00e3o e do Mestrado em Direito da UP, <strong>Eduardo Faria Silva<\/strong>; o Promotor de Justi\u00e7a e Chefe do N\u00facleo de Apoio T\u00e9cnico Especializado do Centro de Apoio T\u00e9cnico \u00e0 Execu\u00e7\u00e3o \u2013 CAEx, <strong>Joelson Luis Pereira<\/strong>; o Auditor Federal de Finan\u00e7as e Controle \u00a0e servidor do N\u00facleo de A\u00e7\u00f5es de Ouvidoria e Preven\u00e7\u00e3o da Corrup\u00e7\u00e3o da Controladoria Geral da Uni\u00e3o (CGU-PR), <strong>Herbert Etges Zandomeneco<\/strong>; o Procurador do MP de Contas do Paran\u00e1, <strong>Gabriel Guy L\u00e9ger<\/strong>; e o Coordenador- Geral de Fiscaliza\u00e7\u00e3o do Tribunal de Contas do Paran\u00e1 (TCE-PR), <strong>Rafael Morais Gon\u00e7alves Ayres<\/strong>.<\/p>\n","protected":false},"excerpt":{"rendered":"<p>O MP de Contas do Paran\u00e1 convida a todos para participar da cerim\u00f4nia de abertura da quinta edi\u00e7\u00e3o do projeto de extens\u00e3o \u201cObservat\u00f3rio do Executivo e Legislativo \u2013 Transpar\u00eancia P\u00fablica e Controle Social\u201d, desenvolvido pela Universidade Positivo (UP) e institui\u00e7\u00f5es parceiras. O evento ser\u00e1 realizado amanh\u00e3 (28), das 19h \u00e0s 21h, no audit\u00f3rio 1 do [&hellip;]<\/p>\n","protected":false},"author":5,"featured_media":6569,"comment_status":"open","ping_status":"open","sticky":false,"template":"","format":"standard","meta":{"_monsterinsights_skip_tracking":false,"_monsterinsights_sitenote_active":false,"_monsterinsights_sitenote_note":"","_monsterinsights_sitenote_category":0,"footnotes":""},"categories":[7,14],"tags":[],"class_list":["post-6919","post","type-post","status-publish","format-standard","has-post-thumbnail","hentry","category-todas-as-noticias","category-ultimas-noticias","entry","has-media"],"yoast_head":"<!-- This site is optimized with the Yoast SEO plugin v27.3 - https:\/\/yoast.com\/product\/yoast-seo-wordpress\/ -->\n<title>Amanh\u00e3 acontece a abertura da 5\u00aa edi\u00e7\u00e3o do \u201cObservat\u00f3rio do Executivo e Legislativo \u2013 Transpar\u00eancia P\u00fablica e Controle Social\u201d - Minist\u00e9rio P\u00fablico de Contas do Estado do Paran\u00e1<\/title>\n<meta name=\"robots\" content=\"index, follow, max-snippet:-1, max-image-preview:large, max-video-preview:-1\" \/>\n<link rel=\"canonical\" href=\"https:\/\/www.mpc.pr.gov.br\/index.php\/amanha-acontece-a-abertura-da-5a-edicao-do-observatorio-do-executivo-e-legislativo-transparencia-publica-e-controle-social\/\" \/>\n<meta property=\"og:locale\" content=\"pt_BR\" \/>\n<meta property=\"og:type\" content=\"article\" \/>\n<meta property=\"og:title\" content=\"Amanh\u00e3 acontece a abertura da 5\u00aa edi\u00e7\u00e3o do \u201cObservat\u00f3rio do Executivo e Legislativo \u2013 Transpar\u00eancia P\u00fablica e Controle Social\u201d - Minist\u00e9rio P\u00fablico de Contas do Estado do Paran\u00e1\" \/>\n<meta property=\"og:description\" content=\"O MP de Contas do Paran\u00e1 convida a todos para participar da cerim\u00f4nia de abertura da quinta edi\u00e7\u00e3o do projeto de extens\u00e3o \u201cObservat\u00f3rio do Executivo e Legislativo \u2013 Transpar\u00eancia P\u00fablica e Controle Social\u201d, desenvolvido pela Universidade Positivo (UP) e institui\u00e7\u00f5es parceiras. O evento ser\u00e1 realizado amanh\u00e3 (28), das 19h \u00e0s 21h, no audit\u00f3rio 1 do [&hellip;]\" \/>\n<meta property=\"og:url\" content=\"https:\/\/www.mpc.pr.gov.br\/index.php\/amanha-acontece-a-abertura-da-5a-edicao-do-observatorio-do-executivo-e-legislativo-transparencia-publica-e-controle-social\/\" \/>\n<meta property=\"og:site_name\" content=\"Minist\u00e9rio P\u00fablico de Contas do Estado do Paran\u00e1\" \/>\n<meta property=\"article:publisher\" content=\"https:\/\/www.facebook.com\/mpc.pr\" \/>\n<meta property=\"article:published_time\" content=\"2019-03-27T17:32:03+00:00\" \/>\n<meta name=\"author\" content=\"giovanna.faria\" \/>\n<meta name=\"twitter:card\" content=\"summary_large_image\" \/>\n<meta name=\"twitter:label1\" content=\"Escrito por\" \/>\n\t<meta name=\"twitter:data1\" content=\"giovanna.faria\" \/>\n\t<meta name=\"twitter:label2\" content=\"Est. tempo de leitura\" \/>\n\t<meta name=\"twitter:data2\" content=\"2 minutos\" \/>\n<script type=\"application\/ld+json\" class=\"yoast-schema-graph\">{\"@context\":\"https:\\\/\\\/schema.org\",\"@graph\":[{\"@type\":\"Article\",\"@id\":\"https:\\\/\\\/www.mpc.pr.gov.br\\\/index.php\\\/amanha-acontece-a-abertura-da-5a-edicao-do-observatorio-do-executivo-e-legislativo-transparencia-publica-e-controle-social\\\/#article\",\"isPartOf\":{\"@id\":\"https:\\\/\\\/www.mpc.pr.gov.br\\\/index.php\\\/amanha-acontece-a-abertura-da-5a-edicao-do-observatorio-do-executivo-e-legislativo-transparencia-publica-e-controle-social\\\/\"},\"author\":{\"name\":\"giovanna.faria\",\"@id\":\"https:\\\/\\\/www.mpc.pr.gov.br\\\/#\\\/schema\\\/person\\\/d0c5cf9ebb4d8be833c419f3538cf751\"},\"headline\":\"Amanh\u00e3 acontece a abertura da 5\u00aa edi\u00e7\u00e3o do \u201cObservat\u00f3rio do Executivo e Legislativo \u2013 Transpar\u00eancia P\u00fablica e Controle Social\u201d\",\"datePublished\":\"2019-03-27T17:32:03+00:00\",\"mainEntityOfPage\":{\"@id\":\"https:\\\/\\\/www.mpc.pr.gov.br\\\/index.php\\\/amanha-acontece-a-abertura-da-5a-edicao-do-observatorio-do-executivo-e-legislativo-transparencia-publica-e-controle-social\\\/\"},\"wordCount\":461,\"commentCount\":0,\"publisher\":{\"@id\":\"https:\\\/\\\/www.mpc.pr.gov.br\\\/#organization\"},\"image\":{\"@id\":\"https:\\\/\\\/www.mpc.pr.gov.br\\\/index.php\\\/amanha-acontece-a-abertura-da-5a-edicao-do-observatorio-do-executivo-e-legislativo-transparencia-publica-e-controle-social\\\/#primaryimage\"},\"thumbnailUrl\":\"\",\"articleSection\":[\"Todas as not\u00edcias\",\"\u00daltimas not\u00edcias\"],\"inLanguage\":\"pt-BR\",\"potentialAction\":[{\"@type\":\"CommentAction\",\"name\":\"Comment\",\"target\":[\"https:\\\/\\\/www.mpc.pr.gov.br\\\/index.php\\\/amanha-acontece-a-abertura-da-5a-edicao-do-observatorio-do-executivo-e-legislativo-transparencia-publica-e-controle-social\\\/#respond\"]}]},{\"@type\":\"WebPage\",\"@id\":\"https:\\\/\\\/www.mpc.pr.gov.br\\\/index.php\\\/amanha-acontece-a-abertura-da-5a-edicao-do-observatorio-do-executivo-e-legislativo-transparencia-publica-e-controle-social\\\/\",\"url\":\"https:\\\/\\\/www.mpc.pr.gov.br\\\/index.php\\\/amanha-acontece-a-abertura-da-5a-edicao-do-observatorio-do-executivo-e-legislativo-transparencia-publica-e-controle-social\\\/\",\"name\":\"Amanh\u00e3 acontece a abertura da 5\u00aa edi\u00e7\u00e3o do \u201cObservat\u00f3rio do Executivo e Legislativo \u2013 Transpar\u00eancia P\u00fablica e Controle Social\u201d - Minist\u00e9rio P\u00fablico de Contas do Estado do Paran\u00e1\",\"isPartOf\":{\"@id\":\"https:\\\/\\\/www.mpc.pr.gov.br\\\/#website\"},\"primaryImageOfPage\":{\"@id\":\"https:\\\/\\\/www.mpc.pr.gov.br\\\/index.php\\\/amanha-acontece-a-abertura-da-5a-edicao-do-observatorio-do-executivo-e-legislativo-transparencia-publica-e-controle-social\\\/#primaryimage\"},\"image\":{\"@id\":\"https:\\\/\\\/www.mpc.pr.gov.br\\\/index.php\\\/amanha-acontece-a-abertura-da-5a-edicao-do-observatorio-do-executivo-e-legislativo-transparencia-publica-e-controle-social\\\/#primaryimage\"},\"thumbnailUrl\":\"\",\"datePublished\":\"2019-03-27T17:32:03+00:00\",\"breadcrumb\":{\"@id\":\"https:\\\/\\\/www.mpc.pr.gov.br\\\/index.php\\\/amanha-acontece-a-abertura-da-5a-edicao-do-observatorio-do-executivo-e-legislativo-transparencia-publica-e-controle-social\\\/#breadcrumb\"},\"inLanguage\":\"pt-BR\",\"potentialAction\":[{\"@type\":\"ReadAction\",\"target\":[\"https:\\\/\\\/www.mpc.pr.gov.br\\\/index.php\\\/amanha-acontece-a-abertura-da-5a-edicao-do-observatorio-do-executivo-e-legislativo-transparencia-publica-e-controle-social\\\/\"]}]},{\"@type\":\"ImageObject\",\"inLanguage\":\"pt-BR\",\"@id\":\"https:\\\/\\\/www.mpc.pr.gov.br\\\/index.php\\\/amanha-acontece-a-abertura-da-5a-edicao-do-observatorio-do-executivo-e-legislativo-transparencia-publica-e-controle-social\\\/#primaryimage\",\"url\":\"\",\"contentUrl\":\"\"},{\"@type\":\"BreadcrumbList\",\"@id\":\"https:\\\/\\\/www.mpc.pr.gov.br\\\/index.php\\\/amanha-acontece-a-abertura-da-5a-edicao-do-observatorio-do-executivo-e-legislativo-transparencia-publica-e-controle-social\\\/#breadcrumb\",\"itemListElement\":[{\"@type\":\"ListItem\",\"position\":1,\"name\":\"In\u00edcio\",\"item\":\"https:\\\/\\\/www.mpc.pr.gov.br\\\/\"},{\"@type\":\"ListItem\",\"position\":2,\"name\":\"Amanh\u00e3 acontece a abertura da 5\u00aa edi\u00e7\u00e3o do \u201cObservat\u00f3rio do Executivo e Legislativo \u2013 Transpar\u00eancia P\u00fablica e Controle Social\u201d\"}]},{\"@type\":\"WebSite\",\"@id\":\"https:\\\/\\\/www.mpc.pr.gov.br\\\/#website\",\"url\":\"https:\\\/\\\/www.mpc.pr.gov.br\\\/\",\"name\":\"Minist\u00e9rio P\u00fablico de Contas do Estado do Paran\u00e1\",\"description\":\"\",\"publisher\":{\"@id\":\"https:\\\/\\\/www.mpc.pr.gov.br\\\/#organization\"},\"potentialAction\":[{\"@type\":\"SearchAction\",\"target\":{\"@type\":\"EntryPoint\",\"urlTemplate\":\"https:\\\/\\\/www.mpc.pr.gov.br\\\/?s={search_term_string}\"},\"query-input\":{\"@type\":\"PropertyValueSpecification\",\"valueRequired\":true,\"valueName\":\"search_term_string\"}}],\"inLanguage\":\"pt-BR\"},{\"@type\":\"Organization\",\"@id\":\"https:\\\/\\\/www.mpc.pr.gov.br\\\/#organization\",\"name\":\"Minist\u00e9rio P\u00fablico de Contas do Estado do Paran\u00e1\",\"url\":\"https:\\\/\\\/www.mpc.pr.gov.br\\\/\",\"logo\":{\"@type\":\"ImageObject\",\"inLanguage\":\"pt-BR\",\"@id\":\"https:\\\/\\\/www.mpc.pr.gov.br\\\/#\\\/schema\\\/logo\\\/image\\\/\",\"url\":\"https:\\\/\\\/www.mpc.pr.gov.br\\\/wp-content\\\/uploads\\\/2020\\\/06\\\/99423647_1593460364143890_6706793420720963584_n-1-e1591387983167.png\",\"contentUrl\":\"https:\\\/\\\/www.mpc.pr.gov.br\\\/wp-content\\\/uploads\\\/2020\\\/06\\\/99423647_1593460364143890_6706793420720963584_n-1-e1591387983167.png\",\"width\":243,\"height\":73,\"caption\":\"Minist\u00e9rio P\u00fablico de Contas do Estado do Paran\u00e1\"},\"image\":{\"@id\":\"https:\\\/\\\/www.mpc.pr.gov.br\\\/#\\\/schema\\\/logo\\\/image\\\/\"},\"sameAs\":[\"https:\\\/\\\/www.facebook.com\\\/mpc.pr\",\"https:\\\/\\\/www.instagram.com\\\/mpc.pr\\\/?hl=pt-br\",\"https:\\\/\\\/www.youtube.com\\\/channel\\\/UCHri5oEM8DV0ztX57E0sBSw\"]},{\"@type\":\"Person\",\"@id\":\"https:\\\/\\\/www.mpc.pr.gov.br\\\/#\\\/schema\\\/person\\\/d0c5cf9ebb4d8be833c419f3538cf751\",\"name\":\"giovanna.faria\",\"image\":{\"@type\":\"ImageObject\",\"inLanguage\":\"pt-BR\",\"@id\":\"https:\\\/\\\/secure.gravatar.com\\\/avatar\\\/?s=96&d=mm&r=g\",\"url\":\"https:\\\/\\\/secure.gravatar.com\\\/avatar\\\/?s=96&d=mm&r=g\",\"contentUrl\":\"https:\\\/\\\/secure.gravatar.com\\\/avatar\\\/?s=96&d=mm&r=g\",\"caption\":\"giovanna.faria\"}}]}<\/script>\n<!-- \/ Yoast SEO plugin. -->","yoast_head_json":{"title":"Amanh\u00e3 acontece a abertura da 5\u00aa edi\u00e7\u00e3o do \u201cObservat\u00f3rio do Executivo e Legislativo \u2013 Transpar\u00eancia P\u00fablica e Controle Social\u201d - Minist\u00e9rio P\u00fablico de Contas do Estado do Paran\u00e1","robots":{"index":"index","follow":"follow","max-snippet":"max-snippet:-1","max-image-preview":"max-image-preview:large","max-video-preview":"max-video-preview:-1"},"canonical":"https:\/\/www.mpc.pr.gov.br\/index.php\/amanha-acontece-a-abertura-da-5a-edicao-do-observatorio-do-executivo-e-legislativo-transparencia-publica-e-controle-social\/","og_locale":"pt_BR","og_type":"article","og_title":"Amanh\u00e3 acontece a abertura da 5\u00aa edi\u00e7\u00e3o do \u201cObservat\u00f3rio do Executivo e Legislativo \u2013 Transpar\u00eancia P\u00fablica e Controle Social\u201d - Minist\u00e9rio P\u00fablico de Contas do Estado do Paran\u00e1","og_description":"O MP de Contas do Paran\u00e1 convida a todos para participar da cerim\u00f4nia de abertura da quinta edi\u00e7\u00e3o do projeto de extens\u00e3o \u201cObservat\u00f3rio do Executivo e Legislativo \u2013 Transpar\u00eancia P\u00fablica e Controle Social\u201d, desenvolvido pela Universidade Positivo (UP) e institui\u00e7\u00f5es parceiras. O evento ser\u00e1 realizado amanh\u00e3 (28), das 19h \u00e0s 21h, no audit\u00f3rio 1 do [&hellip;]","og_url":"https:\/\/www.mpc.pr.gov.br\/index.php\/amanha-acontece-a-abertura-da-5a-edicao-do-observatorio-do-executivo-e-legislativo-transparencia-publica-e-controle-social\/","og_site_name":"Minist\u00e9rio P\u00fablico de Contas do Estado do Paran\u00e1","article_publisher":"https:\/\/www.facebook.com\/mpc.pr","article_published_time":"2019-03-27T17:32:03+00:00","author":"giovanna.faria","twitter_card":"summary_large_image","twitter_misc":{"Escrito por":"giovanna.faria","Est. tempo de leitura":"2 minutos"},"schema":{"@context":"https:\/\/schema.org","@graph":[{"@type":"Article","@id":"https:\/\/www.mpc.pr.gov.br\/index.php\/amanha-acontece-a-abertura-da-5a-edicao-do-observatorio-do-executivo-e-legislativo-transparencia-publica-e-controle-social\/#article","isPartOf":{"@id":"https:\/\/www.mpc.pr.gov.br\/index.php\/amanha-acontece-a-abertura-da-5a-edicao-do-observatorio-do-executivo-e-legislativo-transparencia-publica-e-controle-social\/"},"author":{"name":"giovanna.faria","@id":"https:\/\/www.mpc.pr.gov.br\/#\/schema\/person\/d0c5cf9ebb4d8be833c419f3538cf751"},"headline":"Amanh\u00e3 acontece a abertura da 5\u00aa edi\u00e7\u00e3o do \u201cObservat\u00f3rio do Executivo e Legislativo \u2013 Transpar\u00eancia P\u00fablica e Controle Social\u201d","datePublished":"2019-03-27T17:32:03+00:00","mainEntityOfPage":{"@id":"https:\/\/www.mpc.pr.gov.br\/index.php\/amanha-acontece-a-abertura-da-5a-edicao-do-observatorio-do-executivo-e-legislativo-transparencia-publica-e-controle-social\/"},"wordCount":461,"commentCount":0,"publisher":{"@id":"https:\/\/www.mpc.pr.gov.br\/#organization"},"image":{"@id":"https:\/\/www.mpc.pr.gov.br\/index.php\/amanha-acontece-a-abertura-da-5a-edicao-do-observatorio-do-executivo-e-legislativo-transparencia-publica-e-controle-social\/#primaryimage"},"thumbnailUrl":"","articleSection":["Todas as not\u00edcias","\u00daltimas not\u00edcias"],"inLanguage":"pt-BR","potentialAction":[{"@type":"CommentAction","name":"Comment","target":["https:\/\/www.mpc.pr.gov.br\/index.php\/amanha-acontece-a-abertura-da-5a-edicao-do-observatorio-do-executivo-e-legislativo-transparencia-publica-e-controle-social\/#respond"]}]},{"@type":"WebPage","@id":"https:\/\/www.mpc.pr.gov.br\/index.php\/amanha-acontece-a-abertura-da-5a-edicao-do-observatorio-do-executivo-e-legislativo-transparencia-publica-e-controle-social\/","url":"https:\/\/www.mpc.pr.gov.br\/index.php\/amanha-acontece-a-abertura-da-5a-edicao-do-observatorio-do-executivo-e-legislativo-transparencia-publica-e-controle-social\/","name":"Amanh\u00e3 acontece a abertura da 5\u00aa edi\u00e7\u00e3o do \u201cObservat\u00f3rio do Executivo e Legislativo \u2013 Transpar\u00eancia P\u00fablica e Controle Social\u201d - Minist\u00e9rio P\u00fablico de Contas do Estado do Paran\u00e1","isPartOf":{"@id":"https:\/\/www.mpc.pr.gov.br\/#website"},"primaryImageOfPage":{"@id":"https:\/\/www.mpc.pr.gov.br\/index.php\/amanha-acontece-a-abertura-da-5a-edicao-do-observatorio-do-executivo-e-legislativo-transparencia-publica-e-controle-social\/#primaryimage"},"image":{"@id":"https:\/\/www.mpc.pr.gov.br\/index.php\/amanha-acontece-a-abertura-da-5a-edicao-do-observatorio-do-executivo-e-legislativo-transparencia-publica-e-controle-social\/#primaryimage"},"thumbnailUrl":"","datePublished":"2019-03-27T17:32:03+00:00","breadcrumb":{"@id":"https:\/\/www.mpc.pr.gov.br\/index.php\/amanha-acontece-a-abertura-da-5a-edicao-do-observatorio-do-executivo-e-legislativo-transparencia-publica-e-controle-social\/#breadcrumb"},"inLanguage":"pt-BR","potentialAction":[{"@type":"ReadAction","target":["https:\/\/www.mpc.pr.gov.br\/index.php\/amanha-acontece-a-abertura-da-5a-edicao-do-observatorio-do-executivo-e-legislativo-transparencia-publica-e-controle-social\/"]}]},{"@type":"ImageObject","inLanguage":"pt-BR","@id":"https:\/\/www.mpc.pr.gov.br\/index.php\/amanha-acontece-a-abertura-da-5a-edicao-do-observatorio-do-executivo-e-legislativo-transparencia-publica-e-controle-social\/#primaryimage","url":"","contentUrl":""},{"@type":"BreadcrumbList","@id":"https:\/\/www.mpc.pr.gov.br\/index.php\/amanha-acontece-a-abertura-da-5a-edicao-do-observatorio-do-executivo-e-legislativo-transparencia-publica-e-controle-social\/#breadcrumb","itemListElement":[{"@type":"ListItem","position":1,"name":"In\u00edcio","item":"https:\/\/www.mpc.pr.gov.br\/"},{"@type":"ListItem","position":2,"name":"Amanh\u00e3 acontece a abertura da 5\u00aa edi\u00e7\u00e3o do \u201cObservat\u00f3rio do Executivo e Legislativo \u2013 Transpar\u00eancia P\u00fablica e Controle Social\u201d"}]},{"@type":"WebSite","@id":"https:\/\/www.mpc.pr.gov.br\/#website","url":"https:\/\/www.mpc.pr.gov.br\/","name":"Minist\u00e9rio P\u00fablico de Contas do Estado do Paran\u00e1","description":"","publisher":{"@id":"https:\/\/www.mpc.pr.gov.br\/#organization"},"potentialAction":[{"@type":"SearchAction","target":{"@type":"EntryPoint","urlTemplate":"https:\/\/www.mpc.pr.gov.br\/?s={search_term_string}"},"query-input":{"@type":"PropertyValueSpecification","valueRequired":true,"valueName":"search_term_string"}}],"inLanguage":"pt-BR"},{"@type":"Organization","@id":"https:\/\/www.mpc.pr.gov.br\/#organization","name":"Minist\u00e9rio P\u00fablico de Contas do Estado do Paran\u00e1","url":"https:\/\/www.mpc.pr.gov.br\/","logo":{"@type":"ImageObject","inLanguage":"pt-BR","@id":"https:\/\/www.mpc.pr.gov.br\/#\/schema\/logo\/image\/","url":"https:\/\/www.mpc.pr.gov.br\/wp-content\/uploads\/2020\/06\/99423647_1593460364143890_6706793420720963584_n-1-e1591387983167.png","contentUrl":"https:\/\/www.mpc.pr.gov.br\/wp-content\/uploads\/2020\/06\/99423647_1593460364143890_6706793420720963584_n-1-e1591387983167.png","width":243,"height":73,"caption":"Minist\u00e9rio P\u00fablico de Contas do Estado do Paran\u00e1"},"image":{"@id":"https:\/\/www.mpc.pr.gov.br\/#\/schema\/logo\/image\/"},"sameAs":["https:\/\/www.facebook.com\/mpc.pr","https:\/\/www.instagram.com\/mpc.pr\/?hl=pt-br","https:\/\/www.youtube.com\/channel\/UCHri5oEM8DV0ztX57E0sBSw"]},{"@type":"Person","@id":"https:\/\/www.mpc.pr.gov.br\/#\/schema\/person\/d0c5cf9ebb4d8be833c419f3538cf751","name":"giovanna.faria","image":{"@type":"ImageObject","inLanguage":"pt-BR","@id":"https:\/\/secure.gravatar.com\/avatar\/?s=96&d=mm&r=g","url":"https:\/\/secure.gravatar.com\/avatar\/?s=96&d=mm&r=g","contentUrl":"https:\/\/secure.gravatar.com\/avatar\/?s=96&d=mm&r=g","caption":"giovanna.faria"}}]}},"rttpg_featured_image_url":null,"rttpg_author":{"display_name":"giovanna.faria","author_link":"https:\/\/www.mpc.pr.gov.br\/index.php\/author\/giovanna-faria\/"},"rttpg_comment":0,"rttpg_category":"<a href=\"https:\/\/www.mpc.pr.gov.br\/index.php\/category\/todas-as-noticias\/\" rel=\"category tag\">Todas as not\u00edcias<\/a> <a href=\"https:\/\/www.mpc.pr.gov.br\/index.php\/category\/ultimas-noticias\/\" rel=\"category tag\">\u00daltimas not\u00edcias<\/a>","rttpg_excerpt":"O MP de Contas do Paran\u00e1 convida a todos para participar da cerim\u00f4nia de abertura da quinta edi\u00e7\u00e3o do projeto de extens\u00e3o \u201cObservat\u00f3rio do Executivo e Legislativo \u2013 Transpar\u00eancia P\u00fablica e Controle Social\u201d, desenvolvido pela Universidade Positivo (UP) e institui\u00e7\u00f5es parceiras. O evento ser\u00e1 realizado amanh\u00e3 (28), das 19h \u00e0s 21h, no audit\u00f3rio 1 do&hellip;","_links":{"self":[{"href":"https:\/\/www.mpc.pr.gov.br\/index.php\/wp-json\/wp\/v2\/posts\/6919","targetHints":{"allow":["GET"]}}],"collection":[{"href":"https:\/\/www.mpc.pr.gov.br\/index.php\/wp-json\/wp\/v2\/posts"}],"about":[{"href":"https:\/\/www.mpc.pr.gov.br\/index.php\/wp-json\/wp\/v2\/types\/post"}],"author":[{"embeddable":true,"href":"https:\/\/www.mpc.pr.gov.br\/index.php\/wp-json\/wp\/v2\/users\/5"}],"replies":[{"embeddable":true,"href":"https:\/\/www.mpc.pr.gov.br\/index.php\/wp-json\/wp\/v2\/comments?post=6919"}],"version-history":[{"count":0,"href":"https:\/\/www.mpc.pr.gov.br\/index.php\/wp-json\/wp\/v2\/posts\/6919\/revisions"}],"wp:featuredmedia":[{"embeddable":true,"href":"https:\/\/www.mpc.pr.gov.br\/index.php\/wp-json\/"}],"wp:attachment":[{"href":"https:\/\/www.mpc.pr.gov.br\/index.php\/wp-json\/wp\/v2\/media?parent=6919"}],"wp:term":[{"taxonomy":"category","embeddable":true,"href":"https:\/\/www.mpc.pr.gov.br\/index.php\/wp-json\/wp\/v2\/categories?post=6919"},{"taxonomy":"post_tag","embeddable":true,"href":"https:\/\/www.mpc.pr.gov.br\/index.php\/wp-json\/wp\/v2\/tags?post=6919"}],"curies":[{"name":"wp","href":"https:\/\/api.w.org\/{rel}","templated":true}]}}