{"id":7014,"date":"2019-04-22T09:57:49","date_gmt":"2019-04-22T12:57:49","guid":{"rendered":"http:\/\/www.mpc.pr.gov.br\/?p=7014"},"modified":"2019-04-22T09:57:49","modified_gmt":"2019-04-22T12:57:49","slug":"mp-de-contas-identifica-irregularidades-em-licitacoes-para-compra-de-medicamentos-em-santo-antonio-da-platina","status":"publish","type":"post","link":"https:\/\/www.mpc.pr.gov.br\/index.php\/mp-de-contas-identifica-irregularidades-em-licitacoes-para-compra-de-medicamentos-em-santo-antonio-da-platina\/","title":{"rendered":"MP de Contas identifica irregularidades em licita\u00e7\u00f5es para compra de medicamentos em Santo Ant\u00f4nio da Platina"},"content":{"rendered":"<figure id=\"attachment_7015\" aria-describedby=\"caption-attachment-7015\" style=\"width: 300px\" class=\"wp-caption alignleft\"><img fetchpriority=\"high\" decoding=\"async\" class=\"size-medium wp-image-7015\" src=\"http:\/\/www.mpc.pr.gov.br\/wp-content\/uploads\/2019\/04\/00259880-300x231.jpg\" alt=\"\" width=\"300\" height=\"231\" \/><figcaption id=\"caption-attachment-7015\" class=\"wp-caption-text\">Vista a\u00e9rea da sede urbana de Santo Ant\u00f4nio da Platina, munic\u00edpio do Norte Pioneiro do Paran\u00e1. Foto: Divulga\u00e7\u00e3o.<\/figcaption><\/figure>\n<p>O MP de Contas do Paran\u00e1 protocolou junto ao Tribunal de Contas do Paran\u00e1 (TCE-PR) uma Representa\u00e7\u00e3o em face do munic\u00edpio de Santo Ant\u00f4nio da Platina, ap\u00f3s identificar uma s\u00e9rie de irregularidades nos Preg\u00f5es n\u00b0 102\/2017 e 118\/2018 destinados a aquisi\u00e7\u00e3o de medicamentos. O \u00f3rg\u00e3o ministerial tamb\u00e9m solicitou a expedi\u00e7\u00e3o de duas medidas cautelares, por\u00e9m, essas n\u00e3o foram acolhidas pelo Conselheiro Relator Jos\u00e9 Durval Mattos do Amaral.<\/p>\n<p>De acordo com a an\u00e1lise do N\u00facleo de Intelig\u00eancia, em ambos os Preg\u00f5es foram adotados os crit\u00e9rios de compra de medicamentos por lotes fechados de \u201cA\u201d a \u201cZ\u201d. Esse modo de aquisi\u00e7\u00e3o licita a totalidade dos itens constantes da referida Tabela, desde os iniciados com a letra \u201cA\u201d at\u00e9 os terminados com a letra \u201cZ\u201d.<\/p>\n<p>No caso do Preg\u00e3o n\u00b0 102\/2017 utilizou-se a rela\u00e7\u00e3o de medicamentos da Tabela Anvisa-CMED e\/ou da ABCFARMA, empresa especializada na disponibiliza\u00e7\u00e3o de pre\u00e7os de medicamentos para farm\u00e1cias e distribuidoras, a qual somente os associados tem acesso a tabela. J\u00e1 o Preg\u00e3o 118\/2018 \u00a0usou apenas a Tabela Anvisa-CMED, a qual possui mais de 25 mil tipos de medicamentos.<\/p>\n<p>Para o MP de Contas tal modelo de compra n\u00e3o \u00e9 adequado a legisla\u00e7\u00e3o vigente, tendo em conta que cabe a Administra\u00e7\u00e3o P\u00fablica planejar, dirigir e controlar os eventos que s\u00e3o se sua compet\u00eancia. Ao optar pela lista fechada, n\u00e3o h\u00e1 qualquer orienta\u00e7\u00e3o quanto a necessidade da aquisi\u00e7\u00e3o dos itens, nem a quantifica\u00e7\u00e3o correta do objeto a ser licitado. O \u00fanico limitador do certame \u00e9 o valor m\u00e1ximo global da licita\u00e7\u00e3o que no caso do Preg\u00e3o n\u00ba 102\/2017 \u00e9 de R$ 1.265.000,00; e no Preg\u00e3o n\u00ba 118\/2018 \u00e9 R$ 1.200.000,00.<\/p>\n<p>Al\u00e9m disso, a escolha de compra por lote afasta os licitantes que n\u00e3o podem habilitar-se a fornecer a totalidade dos itens, reduzindo assim a competitividade no certame, o que pode vir a gerar preju\u00edzo a Administra\u00e7\u00e3o P\u00fablica.<\/p>\n<p>Outra irregularidade identificada na licita\u00e7\u00e3o de 2017 foi a exig\u00eancia da Certid\u00e3o de Registro Profissional (CRP) do Contador que assinou o Balan\u00e7o Patrimonial. Nesse caso, tal exig\u00eancia somente seria leg\u00edtima se os servi\u00e7os licitados fossem aqueles executados pelo profissional contabilista. Uma vez que o presente edital objetiva a aquisi\u00e7\u00e3o de medicamentos, tal imposi\u00e7\u00e3o n\u00e3o possui amparo legal.<\/p>\n<p>Nos dois Preg\u00f5es o MP de Contras tamb\u00e9m verificou a aus\u00eancia de documentos no Portal da Transpar\u00eancia. Por esse motivo foi solicitada na Representa\u00e7\u00e3o a expedi\u00e7\u00e3o de medida cautelar para que o munic\u00edpio passe a disponibilizar na \u00edntegra os procedimentos licitat\u00f3rios e contratos. Tamb\u00e9m foi pedida uma segunda cautelar para que nos pr\u00f3ximos certames o munic\u00edpio passe a adotar o C\u00f3digo BR do Cat\u00e1logo de Compras do Comprasnet desde a fase interna do processo licitat\u00f3rio. O C\u00f3digo \u00e9 um identificador de cada medicamento adquirido pelo Poder Executivo Federal, que facilita a pesquisa de pre\u00e7os.<\/p>\n<p>A Representa\u00e7\u00e3o foi acolhida pelo Conselheiro Relator Jos\u00e9 Durval Mattos do Amaral, contudo o mesmo deixou de acolher os pedidos de cautelar. A decis\u00e3o foi proferida por meio do Despacho n\u00b0 385\/19.<\/p>\n<p>A Representa\u00e7\u00e3o n\u00b0 220162\/19 est\u00e1 dispon\u00edvel <a href=\"http:\/\/www.mpc.pr.gov.br\/wp-content\/uploads\/2019\/04\/Representa%C3%A7%C3%A3o-220162-19.pdf\">aqui<\/a>.<\/p>\n","protected":false},"excerpt":{"rendered":"<p>O MP de Contas do Paran\u00e1 protocolou junto ao Tribunal de Contas do Paran\u00e1 (TCE-PR) uma Representa\u00e7\u00e3o em face do munic\u00edpio de Santo Ant\u00f4nio da Platina, ap\u00f3s identificar uma s\u00e9rie de irregularidades nos Preg\u00f5es n\u00b0 102\/2017 e 118\/2018 destinados a aquisi\u00e7\u00e3o de medicamentos. O \u00f3rg\u00e3o ministerial tamb\u00e9m solicitou a expedi\u00e7\u00e3o de duas medidas cautelares, por\u00e9m, [&hellip;]<\/p>\n","protected":false},"author":5,"featured_media":7015,"comment_status":"open","ping_status":"open","sticky":false,"template":"","format":"standard","meta":{"_monsterinsights_skip_tracking":false,"_monsterinsights_sitenote_active":false,"_monsterinsights_sitenote_note":"","_monsterinsights_sitenote_category":0,"footnotes":""},"categories":[7,14],"tags":[],"class_list":["post-7014","post","type-post","status-publish","format-standard","has-post-thumbnail","hentry","category-todas-as-noticias","category-ultimas-noticias","entry","has-media"],"yoast_head":"<!-- This site is optimized with the Yoast SEO plugin v27.3 - https:\/\/yoast.com\/product\/yoast-seo-wordpress\/ -->\n<title>MP de Contas identifica irregularidades em licita\u00e7\u00f5es para compra de medicamentos em Santo Ant\u00f4nio da Platina - Minist\u00e9rio P\u00fablico de Contas do Estado do Paran\u00e1<\/title>\n<meta name=\"robots\" content=\"index, follow, max-snippet:-1, max-image-preview:large, max-video-preview:-1\" \/>\n<link rel=\"canonical\" href=\"https:\/\/www.mpc.pr.gov.br\/index.php\/mp-de-contas-identifica-irregularidades-em-licitacoes-para-compra-de-medicamentos-em-santo-antonio-da-platina\/\" \/>\n<meta property=\"og:locale\" content=\"pt_BR\" \/>\n<meta property=\"og:type\" content=\"article\" \/>\n<meta property=\"og:title\" content=\"MP de Contas identifica irregularidades em licita\u00e7\u00f5es para compra de medicamentos em Santo Ant\u00f4nio da Platina - Minist\u00e9rio P\u00fablico de Contas do Estado do Paran\u00e1\" \/>\n<meta property=\"og:description\" content=\"O MP de Contas do Paran\u00e1 protocolou junto ao Tribunal de Contas do Paran\u00e1 (TCE-PR) uma Representa\u00e7\u00e3o em face do munic\u00edpio de Santo Ant\u00f4nio da Platina, ap\u00f3s identificar uma s\u00e9rie de irregularidades nos Preg\u00f5es n\u00b0 102\/2017 e 118\/2018 destinados a aquisi\u00e7\u00e3o de medicamentos. O \u00f3rg\u00e3o ministerial tamb\u00e9m solicitou a expedi\u00e7\u00e3o de duas medidas cautelares, por\u00e9m, [&hellip;]\" \/>\n<meta property=\"og:url\" content=\"https:\/\/www.mpc.pr.gov.br\/index.php\/mp-de-contas-identifica-irregularidades-em-licitacoes-para-compra-de-medicamentos-em-santo-antonio-da-platina\/\" \/>\n<meta property=\"og:site_name\" content=\"Minist\u00e9rio P\u00fablico de Contas do Estado do Paran\u00e1\" \/>\n<meta property=\"article:publisher\" content=\"https:\/\/www.facebook.com\/mpc.pr\" \/>\n<meta property=\"article:published_time\" content=\"2019-04-22T12:57:49+00:00\" \/>\n<meta name=\"author\" content=\"giovanna.faria\" \/>\n<meta name=\"twitter:card\" content=\"summary_large_image\" \/>\n<meta name=\"twitter:label1\" content=\"Escrito por\" \/>\n\t<meta name=\"twitter:data1\" content=\"giovanna.faria\" \/>\n\t<meta name=\"twitter:label2\" content=\"Est. tempo de leitura\" \/>\n\t<meta name=\"twitter:data2\" content=\"3 minutos\" \/>\n<script type=\"application\/ld+json\" class=\"yoast-schema-graph\">{\"@context\":\"https:\\\/\\\/schema.org\",\"@graph\":[{\"@type\":\"Article\",\"@id\":\"https:\\\/\\\/www.mpc.pr.gov.br\\\/index.php\\\/mp-de-contas-identifica-irregularidades-em-licitacoes-para-compra-de-medicamentos-em-santo-antonio-da-platina\\\/#article\",\"isPartOf\":{\"@id\":\"https:\\\/\\\/www.mpc.pr.gov.br\\\/index.php\\\/mp-de-contas-identifica-irregularidades-em-licitacoes-para-compra-de-medicamentos-em-santo-antonio-da-platina\\\/\"},\"author\":{\"name\":\"giovanna.faria\",\"@id\":\"https:\\\/\\\/www.mpc.pr.gov.br\\\/#\\\/schema\\\/person\\\/d0c5cf9ebb4d8be833c419f3538cf751\"},\"headline\":\"MP de Contas identifica irregularidades em licita\u00e7\u00f5es para compra de medicamentos em Santo Ant\u00f4nio da Platina\",\"datePublished\":\"2019-04-22T12:57:49+00:00\",\"mainEntityOfPage\":{\"@id\":\"https:\\\/\\\/www.mpc.pr.gov.br\\\/index.php\\\/mp-de-contas-identifica-irregularidades-em-licitacoes-para-compra-de-medicamentos-em-santo-antonio-da-platina\\\/\"},\"wordCount\":600,\"commentCount\":0,\"publisher\":{\"@id\":\"https:\\\/\\\/www.mpc.pr.gov.br\\\/#organization\"},\"image\":{\"@id\":\"https:\\\/\\\/www.mpc.pr.gov.br\\\/index.php\\\/mp-de-contas-identifica-irregularidades-em-licitacoes-para-compra-de-medicamentos-em-santo-antonio-da-platina\\\/#primaryimage\"},\"thumbnailUrl\":\"\",\"articleSection\":[\"Todas as not\u00edcias\",\"\u00daltimas not\u00edcias\"],\"inLanguage\":\"pt-BR\",\"potentialAction\":[{\"@type\":\"CommentAction\",\"name\":\"Comment\",\"target\":[\"https:\\\/\\\/www.mpc.pr.gov.br\\\/index.php\\\/mp-de-contas-identifica-irregularidades-em-licitacoes-para-compra-de-medicamentos-em-santo-antonio-da-platina\\\/#respond\"]}]},{\"@type\":\"WebPage\",\"@id\":\"https:\\\/\\\/www.mpc.pr.gov.br\\\/index.php\\\/mp-de-contas-identifica-irregularidades-em-licitacoes-para-compra-de-medicamentos-em-santo-antonio-da-platina\\\/\",\"url\":\"https:\\\/\\\/www.mpc.pr.gov.br\\\/index.php\\\/mp-de-contas-identifica-irregularidades-em-licitacoes-para-compra-de-medicamentos-em-santo-antonio-da-platina\\\/\",\"name\":\"MP de Contas identifica irregularidades em licita\u00e7\u00f5es para compra de medicamentos em Santo Ant\u00f4nio da Platina - Minist\u00e9rio P\u00fablico de Contas do Estado do Paran\u00e1\",\"isPartOf\":{\"@id\":\"https:\\\/\\\/www.mpc.pr.gov.br\\\/#website\"},\"primaryImageOfPage\":{\"@id\":\"https:\\\/\\\/www.mpc.pr.gov.br\\\/index.php\\\/mp-de-contas-identifica-irregularidades-em-licitacoes-para-compra-de-medicamentos-em-santo-antonio-da-platina\\\/#primaryimage\"},\"image\":{\"@id\":\"https:\\\/\\\/www.mpc.pr.gov.br\\\/index.php\\\/mp-de-contas-identifica-irregularidades-em-licitacoes-para-compra-de-medicamentos-em-santo-antonio-da-platina\\\/#primaryimage\"},\"thumbnailUrl\":\"\",\"datePublished\":\"2019-04-22T12:57:49+00:00\",\"breadcrumb\":{\"@id\":\"https:\\\/\\\/www.mpc.pr.gov.br\\\/index.php\\\/mp-de-contas-identifica-irregularidades-em-licitacoes-para-compra-de-medicamentos-em-santo-antonio-da-platina\\\/#breadcrumb\"},\"inLanguage\":\"pt-BR\",\"potentialAction\":[{\"@type\":\"ReadAction\",\"target\":[\"https:\\\/\\\/www.mpc.pr.gov.br\\\/index.php\\\/mp-de-contas-identifica-irregularidades-em-licitacoes-para-compra-de-medicamentos-em-santo-antonio-da-platina\\\/\"]}]},{\"@type\":\"ImageObject\",\"inLanguage\":\"pt-BR\",\"@id\":\"https:\\\/\\\/www.mpc.pr.gov.br\\\/index.php\\\/mp-de-contas-identifica-irregularidades-em-licitacoes-para-compra-de-medicamentos-em-santo-antonio-da-platina\\\/#primaryimage\",\"url\":\"\",\"contentUrl\":\"\"},{\"@type\":\"BreadcrumbList\",\"@id\":\"https:\\\/\\\/www.mpc.pr.gov.br\\\/index.php\\\/mp-de-contas-identifica-irregularidades-em-licitacoes-para-compra-de-medicamentos-em-santo-antonio-da-platina\\\/#breadcrumb\",\"itemListElement\":[{\"@type\":\"ListItem\",\"position\":1,\"name\":\"In\u00edcio\",\"item\":\"https:\\\/\\\/www.mpc.pr.gov.br\\\/\"},{\"@type\":\"ListItem\",\"position\":2,\"name\":\"MP de Contas identifica irregularidades em licita\u00e7\u00f5es para compra de medicamentos em Santo Ant\u00f4nio da Platina\"}]},{\"@type\":\"WebSite\",\"@id\":\"https:\\\/\\\/www.mpc.pr.gov.br\\\/#website\",\"url\":\"https:\\\/\\\/www.mpc.pr.gov.br\\\/\",\"name\":\"Minist\u00e9rio P\u00fablico de Contas do Estado do Paran\u00e1\",\"description\":\"\",\"publisher\":{\"@id\":\"https:\\\/\\\/www.mpc.pr.gov.br\\\/#organization\"},\"potentialAction\":[{\"@type\":\"SearchAction\",\"target\":{\"@type\":\"EntryPoint\",\"urlTemplate\":\"https:\\\/\\\/www.mpc.pr.gov.br\\\/?s={search_term_string}\"},\"query-input\":{\"@type\":\"PropertyValueSpecification\",\"valueRequired\":true,\"valueName\":\"search_term_string\"}}],\"inLanguage\":\"pt-BR\"},{\"@type\":\"Organization\",\"@id\":\"https:\\\/\\\/www.mpc.pr.gov.br\\\/#organization\",\"name\":\"Minist\u00e9rio P\u00fablico de Contas do Estado do Paran\u00e1\",\"url\":\"https:\\\/\\\/www.mpc.pr.gov.br\\\/\",\"logo\":{\"@type\":\"ImageObject\",\"inLanguage\":\"pt-BR\",\"@id\":\"https:\\\/\\\/www.mpc.pr.gov.br\\\/#\\\/schema\\\/logo\\\/image\\\/\",\"url\":\"https:\\\/\\\/www.mpc.pr.gov.br\\\/wp-content\\\/uploads\\\/2020\\\/06\\\/99423647_1593460364143890_6706793420720963584_n-1-e1591387983167.png\",\"contentUrl\":\"https:\\\/\\\/www.mpc.pr.gov.br\\\/wp-content\\\/uploads\\\/2020\\\/06\\\/99423647_1593460364143890_6706793420720963584_n-1-e1591387983167.png\",\"width\":243,\"height\":73,\"caption\":\"Minist\u00e9rio P\u00fablico de Contas do Estado do Paran\u00e1\"},\"image\":{\"@id\":\"https:\\\/\\\/www.mpc.pr.gov.br\\\/#\\\/schema\\\/logo\\\/image\\\/\"},\"sameAs\":[\"https:\\\/\\\/www.facebook.com\\\/mpc.pr\",\"https:\\\/\\\/www.instagram.com\\\/mpc.pr\\\/?hl=pt-br\",\"https:\\\/\\\/www.youtube.com\\\/channel\\\/UCHri5oEM8DV0ztX57E0sBSw\"]},{\"@type\":\"Person\",\"@id\":\"https:\\\/\\\/www.mpc.pr.gov.br\\\/#\\\/schema\\\/person\\\/d0c5cf9ebb4d8be833c419f3538cf751\",\"name\":\"giovanna.faria\",\"image\":{\"@type\":\"ImageObject\",\"inLanguage\":\"pt-BR\",\"@id\":\"https:\\\/\\\/secure.gravatar.com\\\/avatar\\\/?s=96&d=mm&r=g\",\"url\":\"https:\\\/\\\/secure.gravatar.com\\\/avatar\\\/?s=96&d=mm&r=g\",\"contentUrl\":\"https:\\\/\\\/secure.gravatar.com\\\/avatar\\\/?s=96&d=mm&r=g\",\"caption\":\"giovanna.faria\"}}]}<\/script>\n<!-- \/ Yoast SEO plugin. -->","yoast_head_json":{"title":"MP de Contas identifica irregularidades em licita\u00e7\u00f5es para compra de medicamentos em Santo Ant\u00f4nio da Platina - Minist\u00e9rio P\u00fablico de Contas do Estado do Paran\u00e1","robots":{"index":"index","follow":"follow","max-snippet":"max-snippet:-1","max-image-preview":"max-image-preview:large","max-video-preview":"max-video-preview:-1"},"canonical":"https:\/\/www.mpc.pr.gov.br\/index.php\/mp-de-contas-identifica-irregularidades-em-licitacoes-para-compra-de-medicamentos-em-santo-antonio-da-platina\/","og_locale":"pt_BR","og_type":"article","og_title":"MP de Contas identifica irregularidades em licita\u00e7\u00f5es para compra de medicamentos em Santo Ant\u00f4nio da Platina - Minist\u00e9rio P\u00fablico de Contas do Estado do Paran\u00e1","og_description":"O MP de Contas do Paran\u00e1 protocolou junto ao Tribunal de Contas do Paran\u00e1 (TCE-PR) uma Representa\u00e7\u00e3o em face do munic\u00edpio de Santo Ant\u00f4nio da Platina, ap\u00f3s identificar uma s\u00e9rie de irregularidades nos Preg\u00f5es n\u00b0 102\/2017 e 118\/2018 destinados a aquisi\u00e7\u00e3o de medicamentos. O \u00f3rg\u00e3o ministerial tamb\u00e9m solicitou a expedi\u00e7\u00e3o de duas medidas cautelares, por\u00e9m, [&hellip;]","og_url":"https:\/\/www.mpc.pr.gov.br\/index.php\/mp-de-contas-identifica-irregularidades-em-licitacoes-para-compra-de-medicamentos-em-santo-antonio-da-platina\/","og_site_name":"Minist\u00e9rio P\u00fablico de Contas do Estado do Paran\u00e1","article_publisher":"https:\/\/www.facebook.com\/mpc.pr","article_published_time":"2019-04-22T12:57:49+00:00","author":"giovanna.faria","twitter_card":"summary_large_image","twitter_misc":{"Escrito por":"giovanna.faria","Est. tempo de leitura":"3 minutos"},"schema":{"@context":"https:\/\/schema.org","@graph":[{"@type":"Article","@id":"https:\/\/www.mpc.pr.gov.br\/index.php\/mp-de-contas-identifica-irregularidades-em-licitacoes-para-compra-de-medicamentos-em-santo-antonio-da-platina\/#article","isPartOf":{"@id":"https:\/\/www.mpc.pr.gov.br\/index.php\/mp-de-contas-identifica-irregularidades-em-licitacoes-para-compra-de-medicamentos-em-santo-antonio-da-platina\/"},"author":{"name":"giovanna.faria","@id":"https:\/\/www.mpc.pr.gov.br\/#\/schema\/person\/d0c5cf9ebb4d8be833c419f3538cf751"},"headline":"MP de Contas identifica irregularidades em licita\u00e7\u00f5es para compra de medicamentos em Santo Ant\u00f4nio da Platina","datePublished":"2019-04-22T12:57:49+00:00","mainEntityOfPage":{"@id":"https:\/\/www.mpc.pr.gov.br\/index.php\/mp-de-contas-identifica-irregularidades-em-licitacoes-para-compra-de-medicamentos-em-santo-antonio-da-platina\/"},"wordCount":600,"commentCount":0,"publisher":{"@id":"https:\/\/www.mpc.pr.gov.br\/#organization"},"image":{"@id":"https:\/\/www.mpc.pr.gov.br\/index.php\/mp-de-contas-identifica-irregularidades-em-licitacoes-para-compra-de-medicamentos-em-santo-antonio-da-platina\/#primaryimage"},"thumbnailUrl":"","articleSection":["Todas as not\u00edcias","\u00daltimas not\u00edcias"],"inLanguage":"pt-BR","potentialAction":[{"@type":"CommentAction","name":"Comment","target":["https:\/\/www.mpc.pr.gov.br\/index.php\/mp-de-contas-identifica-irregularidades-em-licitacoes-para-compra-de-medicamentos-em-santo-antonio-da-platina\/#respond"]}]},{"@type":"WebPage","@id":"https:\/\/www.mpc.pr.gov.br\/index.php\/mp-de-contas-identifica-irregularidades-em-licitacoes-para-compra-de-medicamentos-em-santo-antonio-da-platina\/","url":"https:\/\/www.mpc.pr.gov.br\/index.php\/mp-de-contas-identifica-irregularidades-em-licitacoes-para-compra-de-medicamentos-em-santo-antonio-da-platina\/","name":"MP de Contas identifica irregularidades em licita\u00e7\u00f5es para compra de medicamentos em Santo Ant\u00f4nio da Platina - Minist\u00e9rio P\u00fablico de Contas do Estado do Paran\u00e1","isPartOf":{"@id":"https:\/\/www.mpc.pr.gov.br\/#website"},"primaryImageOfPage":{"@id":"https:\/\/www.mpc.pr.gov.br\/index.php\/mp-de-contas-identifica-irregularidades-em-licitacoes-para-compra-de-medicamentos-em-santo-antonio-da-platina\/#primaryimage"},"image":{"@id":"https:\/\/www.mpc.pr.gov.br\/index.php\/mp-de-contas-identifica-irregularidades-em-licitacoes-para-compra-de-medicamentos-em-santo-antonio-da-platina\/#primaryimage"},"thumbnailUrl":"","datePublished":"2019-04-22T12:57:49+00:00","breadcrumb":{"@id":"https:\/\/www.mpc.pr.gov.br\/index.php\/mp-de-contas-identifica-irregularidades-em-licitacoes-para-compra-de-medicamentos-em-santo-antonio-da-platina\/#breadcrumb"},"inLanguage":"pt-BR","potentialAction":[{"@type":"ReadAction","target":["https:\/\/www.mpc.pr.gov.br\/index.php\/mp-de-contas-identifica-irregularidades-em-licitacoes-para-compra-de-medicamentos-em-santo-antonio-da-platina\/"]}]},{"@type":"ImageObject","inLanguage":"pt-BR","@id":"https:\/\/www.mpc.pr.gov.br\/index.php\/mp-de-contas-identifica-irregularidades-em-licitacoes-para-compra-de-medicamentos-em-santo-antonio-da-platina\/#primaryimage","url":"","contentUrl":""},{"@type":"BreadcrumbList","@id":"https:\/\/www.mpc.pr.gov.br\/index.php\/mp-de-contas-identifica-irregularidades-em-licitacoes-para-compra-de-medicamentos-em-santo-antonio-da-platina\/#breadcrumb","itemListElement":[{"@type":"ListItem","position":1,"name":"In\u00edcio","item":"https:\/\/www.mpc.pr.gov.br\/"},{"@type":"ListItem","position":2,"name":"MP de Contas identifica irregularidades em licita\u00e7\u00f5es para compra de medicamentos em Santo Ant\u00f4nio da Platina"}]},{"@type":"WebSite","@id":"https:\/\/www.mpc.pr.gov.br\/#website","url":"https:\/\/www.mpc.pr.gov.br\/","name":"Minist\u00e9rio P\u00fablico de Contas do Estado do Paran\u00e1","description":"","publisher":{"@id":"https:\/\/www.mpc.pr.gov.br\/#organization"},"potentialAction":[{"@type":"SearchAction","target":{"@type":"EntryPoint","urlTemplate":"https:\/\/www.mpc.pr.gov.br\/?s={search_term_string}"},"query-input":{"@type":"PropertyValueSpecification","valueRequired":true,"valueName":"search_term_string"}}],"inLanguage":"pt-BR"},{"@type":"Organization","@id":"https:\/\/www.mpc.pr.gov.br\/#organization","name":"Minist\u00e9rio P\u00fablico de Contas do Estado do Paran\u00e1","url":"https:\/\/www.mpc.pr.gov.br\/","logo":{"@type":"ImageObject","inLanguage":"pt-BR","@id":"https:\/\/www.mpc.pr.gov.br\/#\/schema\/logo\/image\/","url":"https:\/\/www.mpc.pr.gov.br\/wp-content\/uploads\/2020\/06\/99423647_1593460364143890_6706793420720963584_n-1-e1591387983167.png","contentUrl":"https:\/\/www.mpc.pr.gov.br\/wp-content\/uploads\/2020\/06\/99423647_1593460364143890_6706793420720963584_n-1-e1591387983167.png","width":243,"height":73,"caption":"Minist\u00e9rio P\u00fablico de Contas do Estado do Paran\u00e1"},"image":{"@id":"https:\/\/www.mpc.pr.gov.br\/#\/schema\/logo\/image\/"},"sameAs":["https:\/\/www.facebook.com\/mpc.pr","https:\/\/www.instagram.com\/mpc.pr\/?hl=pt-br","https:\/\/www.youtube.com\/channel\/UCHri5oEM8DV0ztX57E0sBSw"]},{"@type":"Person","@id":"https:\/\/www.mpc.pr.gov.br\/#\/schema\/person\/d0c5cf9ebb4d8be833c419f3538cf751","name":"giovanna.faria","image":{"@type":"ImageObject","inLanguage":"pt-BR","@id":"https:\/\/secure.gravatar.com\/avatar\/?s=96&d=mm&r=g","url":"https:\/\/secure.gravatar.com\/avatar\/?s=96&d=mm&r=g","contentUrl":"https:\/\/secure.gravatar.com\/avatar\/?s=96&d=mm&r=g","caption":"giovanna.faria"}}]}},"rttpg_featured_image_url":null,"rttpg_author":{"display_name":"giovanna.faria","author_link":"https:\/\/www.mpc.pr.gov.br\/index.php\/author\/giovanna-faria\/"},"rttpg_comment":0,"rttpg_category":"<a href=\"https:\/\/www.mpc.pr.gov.br\/index.php\/category\/todas-as-noticias\/\" rel=\"category tag\">Todas as not\u00edcias<\/a> <a href=\"https:\/\/www.mpc.pr.gov.br\/index.php\/category\/ultimas-noticias\/\" rel=\"category tag\">\u00daltimas not\u00edcias<\/a>","rttpg_excerpt":"O MP de Contas do Paran\u00e1 protocolou junto ao Tribunal de Contas do Paran\u00e1 (TCE-PR) uma Representa\u00e7\u00e3o em face do munic\u00edpio de Santo Ant\u00f4nio da Platina, ap\u00f3s identificar uma s\u00e9rie de irregularidades nos Preg\u00f5es n\u00b0 102\/2017 e 118\/2018 destinados a aquisi\u00e7\u00e3o de medicamentos. O \u00f3rg\u00e3o ministerial tamb\u00e9m solicitou a expedi\u00e7\u00e3o de duas medidas cautelares, por\u00e9m,&hellip;","_links":{"self":[{"href":"https:\/\/www.mpc.pr.gov.br\/index.php\/wp-json\/wp\/v2\/posts\/7014","targetHints":{"allow":["GET"]}}],"collection":[{"href":"https:\/\/www.mpc.pr.gov.br\/index.php\/wp-json\/wp\/v2\/posts"}],"about":[{"href":"https:\/\/www.mpc.pr.gov.br\/index.php\/wp-json\/wp\/v2\/types\/post"}],"author":[{"embeddable":true,"href":"https:\/\/www.mpc.pr.gov.br\/index.php\/wp-json\/wp\/v2\/users\/5"}],"replies":[{"embeddable":true,"href":"https:\/\/www.mpc.pr.gov.br\/index.php\/wp-json\/wp\/v2\/comments?post=7014"}],"version-history":[{"count":0,"href":"https:\/\/www.mpc.pr.gov.br\/index.php\/wp-json\/wp\/v2\/posts\/7014\/revisions"}],"wp:featuredmedia":[{"embeddable":true,"href":"https:\/\/www.mpc.pr.gov.br\/index.php\/wp-json\/"}],"wp:attachment":[{"href":"https:\/\/www.mpc.pr.gov.br\/index.php\/wp-json\/wp\/v2\/media?parent=7014"}],"wp:term":[{"taxonomy":"category","embeddable":true,"href":"https:\/\/www.mpc.pr.gov.br\/index.php\/wp-json\/wp\/v2\/categories?post=7014"},{"taxonomy":"post_tag","embeddable":true,"href":"https:\/\/www.mpc.pr.gov.br\/index.php\/wp-json\/wp\/v2\/tags?post=7014"}],"curies":[{"name":"wp","href":"https:\/\/api.w.org\/{rel}","templated":true}]}}