{"id":7055,"date":"2019-05-03T12:48:13","date_gmt":"2019-05-03T15:48:13","guid":{"rendered":"http:\/\/www.mpc.pr.gov.br\/?p=7055"},"modified":"2019-05-03T12:48:13","modified_gmt":"2019-05-03T15:48:13","slug":"mp-de-contas-recomenda-que-municipios-adotem-novas-praticas-para-compra-de-medicamentos","status":"publish","type":"post","link":"https:\/\/www.mpc.pr.gov.br\/index.php\/mp-de-contas-recomenda-que-municipios-adotem-novas-praticas-para-compra-de-medicamentos\/","title":{"rendered":"MP de Contas recomenda que munic\u00edpios adotem novas pr\u00e1ticas para compra de medicamentos"},"content":{"rendered":"<figure id=\"attachment_6944\" aria-describedby=\"caption-attachment-6944\" style=\"width: 300px\" class=\"wp-caption alignleft\"><img fetchpriority=\"high\" decoding=\"async\" class=\"size-medium wp-image-6944\" src=\"http:\/\/www.mpc.pr.gov.br\/wp-content\/uploads\/2019\/03\/00327715-300x261.jpg\" alt=\"\" width=\"300\" height=\"261\" \/><figcaption id=\"caption-attachment-6944\" class=\"wp-caption-text\">Medicamentos: oferecer bons servi\u00e7os de sa\u00fade \u00e0 popula\u00e7\u00e3o \u00e9 uma das atribui\u00e7\u00f5es do poder p\u00fablico. Foto: Divulga\u00e7\u00e3o<\/figcaption><\/figure>\n<p>O MP de Contas do Paran\u00e1 est\u00e1 encaminhando Recomenda\u00e7\u00f5es Administrativas para diversos munic\u00edpios do interior do Estado, com sugest\u00f5es aos gestores municipais para que aperfei\u00e7oem os processos de aquisi\u00e7\u00e3o de medicamentos. Tal medida faz parte de um conjunto de a\u00e7\u00f5es do \u00f3rg\u00e3o ministerial, que objetivam garantir a efic\u00e1cia da Administra\u00e7\u00e3o P\u00fablica e a correta aplica\u00e7\u00e3o dos recursos financeiros na \u00e1rea da sa\u00fade.<\/p>\n<p>Entre as recomenda\u00e7\u00f5es destaca-se a que diz respeito a ado\u00e7\u00e3o do C\u00f3digo BR do Cat\u00e1logo de Materiais do Comprasnet, tanto na fase interna quanto externa dos certames. O C\u00f3digo \u00e9 um identificador de cada medicamento adquirido pelo Poder Executivo Federal, dispon\u00edvel no portal de compras do Governo Federal e administrado pelo Minist\u00e9rio do Planejamento, Or\u00e7amento e Gest\u00e3o.<\/p>\n<p>O uso dessa ferramenta auxilia a pesquisa de pre\u00e7os, tornando-as mais precisas, e facilita a identifica\u00e7\u00e3o dos medicamentos que se pretende adquirir, uma vez que existem infind\u00e1veis descri\u00e7\u00f5es, posologias e at\u00e9 mesmo apresenta\u00e7\u00f5es (comprimido, l\u00edquido, p\u00f3 e etc.) de um mesmo medicamento no mercado, o que dificulta a comparabilidade de pre\u00e7os.<\/p>\n<p>Al\u00e9m disso, ao utilizar a descri\u00e7\u00e3o prevista no Cat\u00e1logo de Materiais do Comprasnet, os medicamentos ali constantes tamb\u00e9m s\u00e3o os adotados pelo Banco de Pre\u00e7os em Sa\u00fade (BPS) do Minist\u00e9rio da Sa\u00fade, a qual todos os entes federados est\u00e3o obrigados a alimentar por for\u00e7a da Resolu\u00e7\u00e3o n\u00ba 18\/2017 da Comiss\u00e3o Intergestores Tripartite.<\/p>\n<p>Essa obriga\u00e7\u00e3o foi alvo de uma das recomenda\u00e7\u00f5es aos munic\u00edpios pelo MP de Contas, que tamb\u00e9m solicita que os gestores estabele\u00e7am uma metodologia de composi\u00e7\u00e3o de pre\u00e7os de refer\u00eancia para as licita\u00e7\u00f5es, por meio da conjuga\u00e7\u00e3o dos valores dispon\u00edveis no BPS, dos pre\u00e7os praticados pela administra\u00e7\u00e3o p\u00fablica na regi\u00e3o do munic\u00edpio e dos pre\u00e7os praticados no mercado regional.<\/p>\n<p>Outro ponto destacado pelo \u00f3rg\u00e3o ministerial \u00e9 para que os munic\u00edpios deixem de promover licita\u00e7\u00f5es no formato de lista fechada, de \u201cA\u201d a \u201cZ\u201d, e com o crit\u00e9rio de maior desconto sobre tal lista, observando-se o que disp\u00f5e o artigo 15, \u00a7 7\u00b0, inciso II da Lei n\u00b0 8.666\/93. O MP de Contas tem verificado que diversos munic\u00edpios t\u00eam optado por esse modelo de compra, o qual n\u00e3o \u00e9 adequado a legisla\u00e7\u00e3o vigente, tendo em conta que cabe a Administra\u00e7\u00e3o P\u00fablica planejar, dirigir e controlar os eventos que s\u00e3o se sua compet\u00eancia.<\/p>\n<p>Conforme observado em in\u00fameros Preg\u00f5es, ao optar pela lista fechada n\u00e3o h\u00e1 qualquer orienta\u00e7\u00e3o quanto a necessidade da aquisi\u00e7\u00e3o dos itens, nem a quantifica\u00e7\u00e3o correta do objeto a ser licitado, sendo que o \u00fanico limitador dos certames \u00e9 o valor m\u00e1ximo global da licita\u00e7\u00e3o. Al\u00e9m disso, a escolha de compra por lote afasta os licitantes que n\u00e3o podem habilitar-se a fornecer a totalidade dos itens, reduzindo assim a competitividade no certame, o que pode vir a gerar preju\u00edzo ao munic\u00edpio.<\/p>\n<p>O teor dessas recomenda\u00e7\u00f5es se baseia nas irregularidades que t\u00eam sido identificadas frequentemente pelo N\u00facleo de Intelig\u00eancia (NI) do MP de Contas, quando da fiscaliza\u00e7\u00e3o das aquisi\u00e7\u00f5es de medicamentos pelos munic\u00edpios do Estado. H\u00e1 ainda algumas recomenda\u00e7\u00f5es espec\u00edficas para cada munic\u00edpio, dependendo do que foi verificado.<\/p>\n<p>As Recomenda\u00e7\u00f5es Administrativas est\u00e3o sendo encaminhados aos Prefeitos, Secret\u00e1rios de Sa\u00fade e Administra\u00e7\u00e3o, Pregoeiros e demais gestores municipais respons\u00e1veis pelas licita\u00e7\u00f5es de compras de medicamentos nos munic\u00edpios de Campina Grande do Sul, Guarapuava, Tel\u00eamaco Borba, Jaguaria\u00edva, Cianorte, Marechal C\u00e2ndido Rondon e Assis Chateaubriand. Os gestores t\u00eam o prazo de 60 dias \u00fateis para comprovarem a ado\u00e7\u00e3o das medidas.<\/p>\n<p>Assim que publicadas no Di\u00e1rio Eletr\u00f4nico do Tribunal de Consta do Paran\u00e1 (TCE-PR), as Recomenda\u00e7\u00f5es Administrativas estar\u00e3o dispon\u00edveis <a href=\"http:\/\/www.mpc.pr.gov.br\/recomendacoes\/\">aqui<\/a>.<\/p>\n","protected":false},"excerpt":{"rendered":"<p>O MP de Contas do Paran\u00e1 est\u00e1 encaminhando Recomenda\u00e7\u00f5es Administrativas para diversos munic\u00edpios do interior do Estado, com sugest\u00f5es aos gestores municipais para que aperfei\u00e7oem os processos de aquisi\u00e7\u00e3o de medicamentos. Tal medida faz parte de um conjunto de a\u00e7\u00f5es do \u00f3rg\u00e3o ministerial, que objetivam garantir a efic\u00e1cia da Administra\u00e7\u00e3o P\u00fablica e a correta aplica\u00e7\u00e3o [&hellip;]<\/p>\n","protected":false},"author":5,"featured_media":6944,"comment_status":"open","ping_status":"open","sticky":false,"template":"","format":"standard","meta":{"_monsterinsights_skip_tracking":false,"_monsterinsights_sitenote_active":false,"_monsterinsights_sitenote_note":"","_monsterinsights_sitenote_category":0,"footnotes":""},"categories":[7,14],"tags":[],"class_list":["post-7055","post","type-post","status-publish","format-standard","has-post-thumbnail","hentry","category-todas-as-noticias","category-ultimas-noticias","entry","has-media"],"yoast_head":"<!-- This site is optimized with the Yoast SEO plugin v27.3 - https:\/\/yoast.com\/product\/yoast-seo-wordpress\/ -->\n<title>MP de Contas recomenda que munic\u00edpios adotem novas pr\u00e1ticas para compra de medicamentos - Minist\u00e9rio P\u00fablico de Contas do Estado do Paran\u00e1<\/title>\n<meta name=\"robots\" content=\"index, follow, max-snippet:-1, max-image-preview:large, max-video-preview:-1\" \/>\n<link rel=\"canonical\" href=\"https:\/\/www.mpc.pr.gov.br\/index.php\/mp-de-contas-recomenda-que-municipios-adotem-novas-praticas-para-compra-de-medicamentos\/\" \/>\n<meta property=\"og:locale\" content=\"pt_BR\" \/>\n<meta property=\"og:type\" content=\"article\" \/>\n<meta property=\"og:title\" content=\"MP de Contas recomenda que munic\u00edpios adotem novas pr\u00e1ticas para compra de medicamentos - Minist\u00e9rio P\u00fablico de Contas do Estado do Paran\u00e1\" \/>\n<meta property=\"og:description\" content=\"O MP de Contas do Paran\u00e1 est\u00e1 encaminhando Recomenda\u00e7\u00f5es Administrativas para diversos munic\u00edpios do interior do Estado, com sugest\u00f5es aos gestores municipais para que aperfei\u00e7oem os processos de aquisi\u00e7\u00e3o de medicamentos. Tal medida faz parte de um conjunto de a\u00e7\u00f5es do \u00f3rg\u00e3o ministerial, que objetivam garantir a efic\u00e1cia da Administra\u00e7\u00e3o P\u00fablica e a correta aplica\u00e7\u00e3o [&hellip;]\" \/>\n<meta property=\"og:url\" content=\"https:\/\/www.mpc.pr.gov.br\/index.php\/mp-de-contas-recomenda-que-municipios-adotem-novas-praticas-para-compra-de-medicamentos\/\" \/>\n<meta property=\"og:site_name\" content=\"Minist\u00e9rio P\u00fablico de Contas do Estado do Paran\u00e1\" \/>\n<meta property=\"article:publisher\" content=\"https:\/\/www.facebook.com\/mpc.pr\" \/>\n<meta property=\"article:published_time\" content=\"2019-05-03T15:48:13+00:00\" \/>\n<meta name=\"author\" content=\"giovanna.faria\" \/>\n<meta name=\"twitter:card\" content=\"summary_large_image\" \/>\n<meta name=\"twitter:label1\" content=\"Escrito por\" \/>\n\t<meta name=\"twitter:data1\" content=\"giovanna.faria\" \/>\n\t<meta name=\"twitter:label2\" content=\"Est. tempo de leitura\" \/>\n\t<meta name=\"twitter:data2\" content=\"4 minutos\" \/>\n<script type=\"application\/ld+json\" class=\"yoast-schema-graph\">{\"@context\":\"https:\\\/\\\/schema.org\",\"@graph\":[{\"@type\":\"Article\",\"@id\":\"https:\\\/\\\/www.mpc.pr.gov.br\\\/index.php\\\/mp-de-contas-recomenda-que-municipios-adotem-novas-praticas-para-compra-de-medicamentos\\\/#article\",\"isPartOf\":{\"@id\":\"https:\\\/\\\/www.mpc.pr.gov.br\\\/index.php\\\/mp-de-contas-recomenda-que-municipios-adotem-novas-praticas-para-compra-de-medicamentos\\\/\"},\"author\":{\"name\":\"giovanna.faria\",\"@id\":\"https:\\\/\\\/www.mpc.pr.gov.br\\\/#\\\/schema\\\/person\\\/d0c5cf9ebb4d8be833c419f3538cf751\"},\"headline\":\"MP de Contas recomenda que munic\u00edpios adotem novas pr\u00e1ticas para compra de medicamentos\",\"datePublished\":\"2019-05-03T15:48:13+00:00\",\"mainEntityOfPage\":{\"@id\":\"https:\\\/\\\/www.mpc.pr.gov.br\\\/index.php\\\/mp-de-contas-recomenda-que-municipios-adotem-novas-praticas-para-compra-de-medicamentos\\\/\"},\"wordCount\":719,\"commentCount\":0,\"publisher\":{\"@id\":\"https:\\\/\\\/www.mpc.pr.gov.br\\\/#organization\"},\"image\":{\"@id\":\"https:\\\/\\\/www.mpc.pr.gov.br\\\/index.php\\\/mp-de-contas-recomenda-que-municipios-adotem-novas-praticas-para-compra-de-medicamentos\\\/#primaryimage\"},\"thumbnailUrl\":\"\",\"articleSection\":[\"Todas as not\u00edcias\",\"\u00daltimas not\u00edcias\"],\"inLanguage\":\"pt-BR\",\"potentialAction\":[{\"@type\":\"CommentAction\",\"name\":\"Comment\",\"target\":[\"https:\\\/\\\/www.mpc.pr.gov.br\\\/index.php\\\/mp-de-contas-recomenda-que-municipios-adotem-novas-praticas-para-compra-de-medicamentos\\\/#respond\"]}]},{\"@type\":\"WebPage\",\"@id\":\"https:\\\/\\\/www.mpc.pr.gov.br\\\/index.php\\\/mp-de-contas-recomenda-que-municipios-adotem-novas-praticas-para-compra-de-medicamentos\\\/\",\"url\":\"https:\\\/\\\/www.mpc.pr.gov.br\\\/index.php\\\/mp-de-contas-recomenda-que-municipios-adotem-novas-praticas-para-compra-de-medicamentos\\\/\",\"name\":\"MP de Contas recomenda que munic\u00edpios adotem novas pr\u00e1ticas para compra de medicamentos - Minist\u00e9rio P\u00fablico de Contas do Estado do Paran\u00e1\",\"isPartOf\":{\"@id\":\"https:\\\/\\\/www.mpc.pr.gov.br\\\/#website\"},\"primaryImageOfPage\":{\"@id\":\"https:\\\/\\\/www.mpc.pr.gov.br\\\/index.php\\\/mp-de-contas-recomenda-que-municipios-adotem-novas-praticas-para-compra-de-medicamentos\\\/#primaryimage\"},\"image\":{\"@id\":\"https:\\\/\\\/www.mpc.pr.gov.br\\\/index.php\\\/mp-de-contas-recomenda-que-municipios-adotem-novas-praticas-para-compra-de-medicamentos\\\/#primaryimage\"},\"thumbnailUrl\":\"\",\"datePublished\":\"2019-05-03T15:48:13+00:00\",\"breadcrumb\":{\"@id\":\"https:\\\/\\\/www.mpc.pr.gov.br\\\/index.php\\\/mp-de-contas-recomenda-que-municipios-adotem-novas-praticas-para-compra-de-medicamentos\\\/#breadcrumb\"},\"inLanguage\":\"pt-BR\",\"potentialAction\":[{\"@type\":\"ReadAction\",\"target\":[\"https:\\\/\\\/www.mpc.pr.gov.br\\\/index.php\\\/mp-de-contas-recomenda-que-municipios-adotem-novas-praticas-para-compra-de-medicamentos\\\/\"]}]},{\"@type\":\"ImageObject\",\"inLanguage\":\"pt-BR\",\"@id\":\"https:\\\/\\\/www.mpc.pr.gov.br\\\/index.php\\\/mp-de-contas-recomenda-que-municipios-adotem-novas-praticas-para-compra-de-medicamentos\\\/#primaryimage\",\"url\":\"\",\"contentUrl\":\"\"},{\"@type\":\"BreadcrumbList\",\"@id\":\"https:\\\/\\\/www.mpc.pr.gov.br\\\/index.php\\\/mp-de-contas-recomenda-que-municipios-adotem-novas-praticas-para-compra-de-medicamentos\\\/#breadcrumb\",\"itemListElement\":[{\"@type\":\"ListItem\",\"position\":1,\"name\":\"In\u00edcio\",\"item\":\"https:\\\/\\\/www.mpc.pr.gov.br\\\/\"},{\"@type\":\"ListItem\",\"position\":2,\"name\":\"MP de Contas recomenda que munic\u00edpios adotem novas pr\u00e1ticas para compra de medicamentos\"}]},{\"@type\":\"WebSite\",\"@id\":\"https:\\\/\\\/www.mpc.pr.gov.br\\\/#website\",\"url\":\"https:\\\/\\\/www.mpc.pr.gov.br\\\/\",\"name\":\"Minist\u00e9rio P\u00fablico de Contas do Estado do Paran\u00e1\",\"description\":\"\",\"publisher\":{\"@id\":\"https:\\\/\\\/www.mpc.pr.gov.br\\\/#organization\"},\"potentialAction\":[{\"@type\":\"SearchAction\",\"target\":{\"@type\":\"EntryPoint\",\"urlTemplate\":\"https:\\\/\\\/www.mpc.pr.gov.br\\\/?s={search_term_string}\"},\"query-input\":{\"@type\":\"PropertyValueSpecification\",\"valueRequired\":true,\"valueName\":\"search_term_string\"}}],\"inLanguage\":\"pt-BR\"},{\"@type\":\"Organization\",\"@id\":\"https:\\\/\\\/www.mpc.pr.gov.br\\\/#organization\",\"name\":\"Minist\u00e9rio P\u00fablico de Contas do Estado do Paran\u00e1\",\"url\":\"https:\\\/\\\/www.mpc.pr.gov.br\\\/\",\"logo\":{\"@type\":\"ImageObject\",\"inLanguage\":\"pt-BR\",\"@id\":\"https:\\\/\\\/www.mpc.pr.gov.br\\\/#\\\/schema\\\/logo\\\/image\\\/\",\"url\":\"https:\\\/\\\/www.mpc.pr.gov.br\\\/wp-content\\\/uploads\\\/2020\\\/06\\\/99423647_1593460364143890_6706793420720963584_n-1-e1591387983167.png\",\"contentUrl\":\"https:\\\/\\\/www.mpc.pr.gov.br\\\/wp-content\\\/uploads\\\/2020\\\/06\\\/99423647_1593460364143890_6706793420720963584_n-1-e1591387983167.png\",\"width\":243,\"height\":73,\"caption\":\"Minist\u00e9rio P\u00fablico de Contas do Estado do Paran\u00e1\"},\"image\":{\"@id\":\"https:\\\/\\\/www.mpc.pr.gov.br\\\/#\\\/schema\\\/logo\\\/image\\\/\"},\"sameAs\":[\"https:\\\/\\\/www.facebook.com\\\/mpc.pr\",\"https:\\\/\\\/www.instagram.com\\\/mpc.pr\\\/?hl=pt-br\",\"https:\\\/\\\/www.youtube.com\\\/channel\\\/UCHri5oEM8DV0ztX57E0sBSw\"]},{\"@type\":\"Person\",\"@id\":\"https:\\\/\\\/www.mpc.pr.gov.br\\\/#\\\/schema\\\/person\\\/d0c5cf9ebb4d8be833c419f3538cf751\",\"name\":\"giovanna.faria\",\"image\":{\"@type\":\"ImageObject\",\"inLanguage\":\"pt-BR\",\"@id\":\"https:\\\/\\\/secure.gravatar.com\\\/avatar\\\/?s=96&d=mm&r=g\",\"url\":\"https:\\\/\\\/secure.gravatar.com\\\/avatar\\\/?s=96&d=mm&r=g\",\"contentUrl\":\"https:\\\/\\\/secure.gravatar.com\\\/avatar\\\/?s=96&d=mm&r=g\",\"caption\":\"giovanna.faria\"}}]}<\/script>\n<!-- \/ Yoast SEO plugin. -->","yoast_head_json":{"title":"MP de Contas recomenda que munic\u00edpios adotem novas pr\u00e1ticas para compra de medicamentos - Minist\u00e9rio P\u00fablico de Contas do Estado do Paran\u00e1","robots":{"index":"index","follow":"follow","max-snippet":"max-snippet:-1","max-image-preview":"max-image-preview:large","max-video-preview":"max-video-preview:-1"},"canonical":"https:\/\/www.mpc.pr.gov.br\/index.php\/mp-de-contas-recomenda-que-municipios-adotem-novas-praticas-para-compra-de-medicamentos\/","og_locale":"pt_BR","og_type":"article","og_title":"MP de Contas recomenda que munic\u00edpios adotem novas pr\u00e1ticas para compra de medicamentos - Minist\u00e9rio P\u00fablico de Contas do Estado do Paran\u00e1","og_description":"O MP de Contas do Paran\u00e1 est\u00e1 encaminhando Recomenda\u00e7\u00f5es Administrativas para diversos munic\u00edpios do interior do Estado, com sugest\u00f5es aos gestores municipais para que aperfei\u00e7oem os processos de aquisi\u00e7\u00e3o de medicamentos. Tal medida faz parte de um conjunto de a\u00e7\u00f5es do \u00f3rg\u00e3o ministerial, que objetivam garantir a efic\u00e1cia da Administra\u00e7\u00e3o P\u00fablica e a correta aplica\u00e7\u00e3o [&hellip;]","og_url":"https:\/\/www.mpc.pr.gov.br\/index.php\/mp-de-contas-recomenda-que-municipios-adotem-novas-praticas-para-compra-de-medicamentos\/","og_site_name":"Minist\u00e9rio P\u00fablico de Contas do Estado do Paran\u00e1","article_publisher":"https:\/\/www.facebook.com\/mpc.pr","article_published_time":"2019-05-03T15:48:13+00:00","author":"giovanna.faria","twitter_card":"summary_large_image","twitter_misc":{"Escrito por":"giovanna.faria","Est. tempo de leitura":"4 minutos"},"schema":{"@context":"https:\/\/schema.org","@graph":[{"@type":"Article","@id":"https:\/\/www.mpc.pr.gov.br\/index.php\/mp-de-contas-recomenda-que-municipios-adotem-novas-praticas-para-compra-de-medicamentos\/#article","isPartOf":{"@id":"https:\/\/www.mpc.pr.gov.br\/index.php\/mp-de-contas-recomenda-que-municipios-adotem-novas-praticas-para-compra-de-medicamentos\/"},"author":{"name":"giovanna.faria","@id":"https:\/\/www.mpc.pr.gov.br\/#\/schema\/person\/d0c5cf9ebb4d8be833c419f3538cf751"},"headline":"MP de Contas recomenda que munic\u00edpios adotem novas pr\u00e1ticas para compra de medicamentos","datePublished":"2019-05-03T15:48:13+00:00","mainEntityOfPage":{"@id":"https:\/\/www.mpc.pr.gov.br\/index.php\/mp-de-contas-recomenda-que-municipios-adotem-novas-praticas-para-compra-de-medicamentos\/"},"wordCount":719,"commentCount":0,"publisher":{"@id":"https:\/\/www.mpc.pr.gov.br\/#organization"},"image":{"@id":"https:\/\/www.mpc.pr.gov.br\/index.php\/mp-de-contas-recomenda-que-municipios-adotem-novas-praticas-para-compra-de-medicamentos\/#primaryimage"},"thumbnailUrl":"","articleSection":["Todas as not\u00edcias","\u00daltimas not\u00edcias"],"inLanguage":"pt-BR","potentialAction":[{"@type":"CommentAction","name":"Comment","target":["https:\/\/www.mpc.pr.gov.br\/index.php\/mp-de-contas-recomenda-que-municipios-adotem-novas-praticas-para-compra-de-medicamentos\/#respond"]}]},{"@type":"WebPage","@id":"https:\/\/www.mpc.pr.gov.br\/index.php\/mp-de-contas-recomenda-que-municipios-adotem-novas-praticas-para-compra-de-medicamentos\/","url":"https:\/\/www.mpc.pr.gov.br\/index.php\/mp-de-contas-recomenda-que-municipios-adotem-novas-praticas-para-compra-de-medicamentos\/","name":"MP de Contas recomenda que munic\u00edpios adotem novas pr\u00e1ticas para compra de medicamentos - Minist\u00e9rio P\u00fablico de Contas do Estado do Paran\u00e1","isPartOf":{"@id":"https:\/\/www.mpc.pr.gov.br\/#website"},"primaryImageOfPage":{"@id":"https:\/\/www.mpc.pr.gov.br\/index.php\/mp-de-contas-recomenda-que-municipios-adotem-novas-praticas-para-compra-de-medicamentos\/#primaryimage"},"image":{"@id":"https:\/\/www.mpc.pr.gov.br\/index.php\/mp-de-contas-recomenda-que-municipios-adotem-novas-praticas-para-compra-de-medicamentos\/#primaryimage"},"thumbnailUrl":"","datePublished":"2019-05-03T15:48:13+00:00","breadcrumb":{"@id":"https:\/\/www.mpc.pr.gov.br\/index.php\/mp-de-contas-recomenda-que-municipios-adotem-novas-praticas-para-compra-de-medicamentos\/#breadcrumb"},"inLanguage":"pt-BR","potentialAction":[{"@type":"ReadAction","target":["https:\/\/www.mpc.pr.gov.br\/index.php\/mp-de-contas-recomenda-que-municipios-adotem-novas-praticas-para-compra-de-medicamentos\/"]}]},{"@type":"ImageObject","inLanguage":"pt-BR","@id":"https:\/\/www.mpc.pr.gov.br\/index.php\/mp-de-contas-recomenda-que-municipios-adotem-novas-praticas-para-compra-de-medicamentos\/#primaryimage","url":"","contentUrl":""},{"@type":"BreadcrumbList","@id":"https:\/\/www.mpc.pr.gov.br\/index.php\/mp-de-contas-recomenda-que-municipios-adotem-novas-praticas-para-compra-de-medicamentos\/#breadcrumb","itemListElement":[{"@type":"ListItem","position":1,"name":"In\u00edcio","item":"https:\/\/www.mpc.pr.gov.br\/"},{"@type":"ListItem","position":2,"name":"MP de Contas recomenda que munic\u00edpios adotem novas pr\u00e1ticas para compra de medicamentos"}]},{"@type":"WebSite","@id":"https:\/\/www.mpc.pr.gov.br\/#website","url":"https:\/\/www.mpc.pr.gov.br\/","name":"Minist\u00e9rio P\u00fablico de Contas do Estado do Paran\u00e1","description":"","publisher":{"@id":"https:\/\/www.mpc.pr.gov.br\/#organization"},"potentialAction":[{"@type":"SearchAction","target":{"@type":"EntryPoint","urlTemplate":"https:\/\/www.mpc.pr.gov.br\/?s={search_term_string}"},"query-input":{"@type":"PropertyValueSpecification","valueRequired":true,"valueName":"search_term_string"}}],"inLanguage":"pt-BR"},{"@type":"Organization","@id":"https:\/\/www.mpc.pr.gov.br\/#organization","name":"Minist\u00e9rio P\u00fablico de Contas do Estado do Paran\u00e1","url":"https:\/\/www.mpc.pr.gov.br\/","logo":{"@type":"ImageObject","inLanguage":"pt-BR","@id":"https:\/\/www.mpc.pr.gov.br\/#\/schema\/logo\/image\/","url":"https:\/\/www.mpc.pr.gov.br\/wp-content\/uploads\/2020\/06\/99423647_1593460364143890_6706793420720963584_n-1-e1591387983167.png","contentUrl":"https:\/\/www.mpc.pr.gov.br\/wp-content\/uploads\/2020\/06\/99423647_1593460364143890_6706793420720963584_n-1-e1591387983167.png","width":243,"height":73,"caption":"Minist\u00e9rio P\u00fablico de Contas do Estado do Paran\u00e1"},"image":{"@id":"https:\/\/www.mpc.pr.gov.br\/#\/schema\/logo\/image\/"},"sameAs":["https:\/\/www.facebook.com\/mpc.pr","https:\/\/www.instagram.com\/mpc.pr\/?hl=pt-br","https:\/\/www.youtube.com\/channel\/UCHri5oEM8DV0ztX57E0sBSw"]},{"@type":"Person","@id":"https:\/\/www.mpc.pr.gov.br\/#\/schema\/person\/d0c5cf9ebb4d8be833c419f3538cf751","name":"giovanna.faria","image":{"@type":"ImageObject","inLanguage":"pt-BR","@id":"https:\/\/secure.gravatar.com\/avatar\/?s=96&d=mm&r=g","url":"https:\/\/secure.gravatar.com\/avatar\/?s=96&d=mm&r=g","contentUrl":"https:\/\/secure.gravatar.com\/avatar\/?s=96&d=mm&r=g","caption":"giovanna.faria"}}]}},"rttpg_featured_image_url":null,"rttpg_author":{"display_name":"giovanna.faria","author_link":"https:\/\/www.mpc.pr.gov.br\/index.php\/author\/giovanna-faria\/"},"rttpg_comment":0,"rttpg_category":"<a href=\"https:\/\/www.mpc.pr.gov.br\/index.php\/category\/todas-as-noticias\/\" rel=\"category tag\">Todas as not\u00edcias<\/a> <a href=\"https:\/\/www.mpc.pr.gov.br\/index.php\/category\/ultimas-noticias\/\" rel=\"category tag\">\u00daltimas not\u00edcias<\/a>","rttpg_excerpt":"O MP de Contas do Paran\u00e1 est\u00e1 encaminhando Recomenda\u00e7\u00f5es Administrativas para diversos munic\u00edpios do interior do Estado, com sugest\u00f5es aos gestores municipais para que aperfei\u00e7oem os processos de aquisi\u00e7\u00e3o de medicamentos. Tal medida faz parte de um conjunto de a\u00e7\u00f5es do \u00f3rg\u00e3o ministerial, que objetivam garantir a efic\u00e1cia da Administra\u00e7\u00e3o P\u00fablica e a correta aplica\u00e7\u00e3o&hellip;","_links":{"self":[{"href":"https:\/\/www.mpc.pr.gov.br\/index.php\/wp-json\/wp\/v2\/posts\/7055","targetHints":{"allow":["GET"]}}],"collection":[{"href":"https:\/\/www.mpc.pr.gov.br\/index.php\/wp-json\/wp\/v2\/posts"}],"about":[{"href":"https:\/\/www.mpc.pr.gov.br\/index.php\/wp-json\/wp\/v2\/types\/post"}],"author":[{"embeddable":true,"href":"https:\/\/www.mpc.pr.gov.br\/index.php\/wp-json\/wp\/v2\/users\/5"}],"replies":[{"embeddable":true,"href":"https:\/\/www.mpc.pr.gov.br\/index.php\/wp-json\/wp\/v2\/comments?post=7055"}],"version-history":[{"count":0,"href":"https:\/\/www.mpc.pr.gov.br\/index.php\/wp-json\/wp\/v2\/posts\/7055\/revisions"}],"wp:featuredmedia":[{"embeddable":true,"href":"https:\/\/www.mpc.pr.gov.br\/index.php\/wp-json\/"}],"wp:attachment":[{"href":"https:\/\/www.mpc.pr.gov.br\/index.php\/wp-json\/wp\/v2\/media?parent=7055"}],"wp:term":[{"taxonomy":"category","embeddable":true,"href":"https:\/\/www.mpc.pr.gov.br\/index.php\/wp-json\/wp\/v2\/categories?post=7055"},{"taxonomy":"post_tag","embeddable":true,"href":"https:\/\/www.mpc.pr.gov.br\/index.php\/wp-json\/wp\/v2\/tags?post=7055"}],"curies":[{"name":"wp","href":"https:\/\/api.w.org\/{rel}","templated":true}]}}