{"id":7156,"date":"2019-05-27T09:59:22","date_gmt":"2019-05-27T12:59:22","guid":{"rendered":"http:\/\/www.mpc.pr.gov.br\/?p=7156"},"modified":"2019-05-27T09:59:22","modified_gmt":"2019-05-27T12:59:22","slug":"em-recurso-do-mpc-pr-pleno-muda-decisao-sobre-contas-de-campina-do-simao","status":"publish","type":"post","link":"https:\/\/www.mpc.pr.gov.br\/index.php\/em-recurso-do-mpc-pr-pleno-muda-decisao-sobre-contas-de-campina-do-simao\/","title":{"rendered":"Em recurso do MPC-PR, Pleno muda decis\u00e3o sobre contas de Campina do Sim\u00e3o"},"content":{"rendered":"<figure id=\"attachment_7159\" aria-describedby=\"caption-attachment-7159\" style=\"width: 300px\" class=\"wp-caption alignleft\"><img fetchpriority=\"high\" decoding=\"async\" class=\"size-medium wp-image-7159\" src=\"http:\/\/www.mpc.pr.gov.br\/wp-content\/uploads\/2019\/05\/Wagner-Ara\u00fajoDivulga\u00e7\u00e3o-TCE-PR-300x228.jpg\" alt=\"\" width=\"300\" height=\"228\" \/><figcaption id=\"caption-attachment-7159\" class=\"wp-caption-text\">O presidente do TCE-PR, conselheiro Nestor Baptista, comanda sess\u00e3o, ao lado do procurador-geral do Minist\u00e9rio P\u00fablico de Contas, Fl\u00e1vio Berti, e da secret\u00e1ria do Tribunal Pleno, Maria Augusta de Oliveira Franco. Foto: Wagner Ara\u00fajo\/Divulga\u00e7\u00e3o TCE-PR.<\/figcaption><\/figure>\n<p>O Tribunal de Contas do Estado do Paran\u00e1 (TCE-PR) acatou Recurso de Revista do Minist\u00e9rio P\u00fablico de Contas (MPC-PR) contra o Ac\u00f3rd\u00e3o n\u00ba 4977\/16 da Segunda C\u00e2mara de julgamentos da corte. O ac\u00f3rd\u00e3o recorrido havia negado provimento ao recurso que contestara a decis\u00e3o pela regularidade com ressalva das contas de 2012 de Campina do Sim\u00e3o, expressa no Ac\u00f3rd\u00e3o de Parecer Pr\u00e9vio n\u00ba 203\/16 &#8211; Segunda C\u00e2mara. Assim, as contas de 2012 desse munic\u00edpio da Regi\u00e3o Centro-Sul, de responsabilidade do ex-prefeito Em\u00edlio Altemiro Lazzaretti, receberam novo Parecer Pr\u00e9vio, pela desaprova\u00e7\u00e3o.<\/p>\n<p>A nova decis\u00e3o foi tomada em raz\u00e3o do provimento do cargo de contador da Prefeitura de Campina do Sim\u00e3o ter afrontado o disposto nos prejulgados n\u00fameros 6 e 9 do TCE-PR, que tratam de terceiriza\u00e7\u00e3o de servi\u00e7os e nepotismo, respectivamente. Em raz\u00e3o da desaprova\u00e7\u00e3o, o Tribunal multou Lazzareti em R$ 725,48.<\/p>\n<p>Na primeira decis\u00e3o, os conselheiros haviam ressalvado a terceiriza\u00e7\u00e3o indevida dos servi\u00e7os de contabilidade, em ofensa ao Prejulgado n\u00ba 6 do TCE-PR, em raz\u00e3o dos princ\u00edpios da razoabilidade, da boa-f\u00e9 e da proporcionalidade; da posterior nomea\u00e7\u00e3o de servidor efetivo aprovado em concurso p\u00fablico; e da aus\u00eancia de ind\u00edcios de que os servi\u00e7os cont\u00e1beis n\u00e3o tivessem sido efetivamente prestados pelo contador terceirizado.<\/p>\n<p>O MPC-PR argumentou que o contador terceirizado contratado era irm\u00e3o do prefeito respons\u00e1vel pelas contas; sua remunera\u00e7\u00e3o era superior \u00e0 de contador efetivo; e ele ocupava outro cargo p\u00fablico, al\u00e9m de ter permanecido com o contrato ativo mesmo ap\u00f3s a nomea\u00e7\u00e3o de servidora efetiva no cargo de contador. Assim, o \u00f3rg\u00e3o ministerial sugeriu que as contas fossem julgadas irregulares, com aplica\u00e7\u00e3o de multa ao ex-prefeito.<\/p>\n<p><strong>Prejulgados n\u00fameros 6 e 9 do TCE-PR<\/strong><\/p>\n<p>O\u00a0<a href=\"http:\/\/www1.tce.pr.gov.br\/conteudo\/prejulgado-n%C2%BA-6\/82361\/area\/242\">Prejulgado n\u00ba 6 do TCE-PR<\/a>\u00a0estabelece que as contrata\u00e7\u00f5es de consultorias jur\u00eddica e cont\u00e1bil s\u00e3o admitidas para a presta\u00e7\u00e3o de servi\u00e7os que exijam not\u00f3ria especializa\u00e7\u00e3o, desde que seja demonstrada a singularidade do objeto ou envolva demanda de alta complexidade.<\/p>\n<p>De acordo com o Prejulgado 6, esse tipo de contrata\u00e7\u00e3o pode ser realizado apenas quando tenha sido realizado previamente concurso p\u00fablico sem aprovados, mediante procedimento licitat\u00f3rio e por prazo determinado, sendo que o valor m\u00e1ximo a ser pago \u00e0 empresa contratada dever\u00e1 ser o mesmo que seria pago a servidor efetivo pela execu\u00e7\u00e3o das atividades; e o gestor \u00e9 respons\u00e1vel pela fiscaliza\u00e7\u00e3o do contrato.<\/p>\n<p>O\u00a0<a href=\"http:\/\/www1.tce.pr.gov.br\/conteudo\/prejulgado-n%C2%BA-9\/82358\/area\/242\">Prejulgado n\u00ba 9 do TCE-PR<\/a>\u00a0tratou da extens\u00e3o e aplicabilidade da S\u00famula n\u00ba 13 do Supremo Tribunal Federal, relativa ao nepotismo. Ele fixou que as mesmas regras s\u00e3o aplic\u00e1veis \u00e0 contrata\u00e7\u00e3o de empresa cujos empregados tenham incompatibilidades com as autoridades contratantes ou com ocupantes de cargos de dire\u00e7\u00e3o ou assessoria na administra\u00e7\u00e3o p\u00fablica; e que essas condi\u00e7\u00f5es devem constar em edital de licita\u00e7\u00e3o.<\/p>\n<p><strong>Decis\u00e3o<\/strong><\/p>\n<p>Ao fundamentar seu voto, o relator do processo, conselheiro Ivan Bonilha, lembrou que o Prejulgado n\u00ba 9 consolidou o entendimento de que as veda\u00e7\u00f5es de nepotismo devem alcan\u00e7ar as licita\u00e7\u00f5es. Bonilha ressaltou que houve favorecimento do terceirizado, cujo contrato manteve-se no exerc\u00edcio de 2012, apesar de o munic\u00edpio ter nomeado contadora efetiva em maio daquele ano. Al\u00e9m disso, ele frisou que a contrata\u00e7\u00e3o n\u00e3o tinha car\u00e1ter tempor\u00e1rio, pois sua vig\u00eancia era de 48 meses.<\/p>\n<p>O conselheiro destacou, ainda, que embora o pagamento mensal de R$ 3.392,30 ao contador terceirizado Valdir Lazzaretti pudesse ser considerado razo\u00e1vel, dentro dos padr\u00f5es de mercado, esse valor era 60% superior ao definido para o cargo efetivo de contador. Ele acrescentou que a remunera\u00e7\u00e3o havia sido alterada para R$ 6.779,30, por meio de termo aditivo ao contrato, para presta\u00e7\u00e3o de servi\u00e7os de 16 horas semanais, carga hor\u00e1ria muito inferior \u00e0 exigida no exerc\u00edcio do cargo efetivo.<\/p>\n<p>Assim, ele votou pela reforma da decis\u00e3o original, conforme pleiteado pelo MPC-PR, e aplicou ao ex-prefeito a san\u00e7\u00e3o prevista no artigo 87, III, da Lei Org\u00e2nica do TCE-PR (Lei Complementar n\u00b0 113\/2005).<\/p>\n<p>O processo foi julgado pelo Pleno do TCE-PR na sess\u00e3o de 24 de abril, na qual os conselheiros acompanharam o voto do relator por unanimidade. Cabe recurso contra a decis\u00e3o, que est\u00e1 expressa no Ac\u00f3rd\u00e3o de Parecer Pr\u00e9vio n\u00ba 111\/19 &#8211; Tribunal Pleno, publicado na\u00a0<a href=\"http:\/\/www1.tce.pr.gov.br\/conteudo\/diario-eletronico-2052-2019-de-07-05-2019\/321722\/area\/10\">edi\u00e7\u00e3o n\u00ba 2.052 do<em>\u00a0Di\u00e1rio Eletr\u00f4nico<\/em><\/a>\u00a0do TCE-PR (DETC), em 7 de maio.<\/p>\n<p>Ap\u00f3s o tr\u00e2nsito em julgado do processo, o Parecer Pr\u00e9vio do TCE ser\u00e1 encaminhado \u00e0 C\u00e2mara de Campina do Sim\u00e3o. A legisla\u00e7\u00e3o determina que cabe aos vereadores o julgamento das contas do chefe do Executivo municipal. Para desconsiderar a decis\u00e3o do Tribunal expressa no parecer s\u00e3o necess\u00e1rios dois ter\u00e7os dos votos dos vereadores.<\/p>\n<p><strong><u>Servi\u00e7o<\/u><\/strong><\/p>\n<table border=\"0\" width=\"629\" cellspacing=\"0\" cellpadding=\"0\">\n<tbody>\n<tr>\n<td><strong>Processo<\/strong>\u00a0<strong>n\u00ba<\/strong>:<\/td>\n<td>921542\/16<\/td>\n<\/tr>\n<tr>\n<td><strong>Ac\u00f3rd\u00e3o n\u00ba<\/strong><\/td>\n<td>111\/19 &#8211; Tribunal Pleno<\/td>\n<\/tr>\n<tr>\n<td><strong>Assunto<\/strong>:<\/td>\n<td>Recurso de Revista<\/td>\n<\/tr>\n<tr>\n<td><strong>Entidade<\/strong>:<\/td>\n<td>Munic\u00edpio de Campina do Sim\u00e3o<\/td>\n<\/tr>\n<tr>\n<td><strong>Interessados<\/strong>:<\/td>\n<td>Em\u00edlio Altemiro Lazzaretti, Minist\u00e9rio P\u00fablico de Contas do Estado do Paran\u00e1, Valdir Lazzaretti e outros<\/td>\n<\/tr>\n<tr>\n<td><strong>Relator<\/strong>:<\/td>\n<td>Conselheiro Ivan Lelis Bonilha<\/td>\n<\/tr>\n<\/tbody>\n<\/table>\n<div id=\"post-7041\" class=\"post\">\n<div id=\"mycontent2\">\n<div id=\"post-6894\" class=\"post\">\n<div id=\"mycontent2\">\n<div id=\"post-6637\" class=\"post\">\n<div id=\"mycontent2\">\n<div id=\"post-6630\" class=\"post\">\n<div id=\"mycontent2\">\n<div id=\"post-6623\" class=\"post\">\n<div id=\"mycontent2\">\n<p><strong><em><cite><span id=\"cphMasterPortal_lblInicioAutor\">Fonte:\u00a0<\/span><span id=\"cphMasterPortal_lblAutor\">Diretoria de Comunica\u00e7\u00e3o Social \u2013\u00a0<\/span><\/cite><span id=\"cphMasterPortal_lblFonte\">TCE\/PR.<\/span><\/em><\/strong><\/p>\n<\/div>\n<\/div>\n<\/div>\n<\/div>\n<\/div>\n<\/div>\n<\/div>\n<\/div>\n<\/div>\n<\/div>\n","protected":false},"excerpt":{"rendered":"<p>O Tribunal de Contas do Estado do Paran\u00e1 (TCE-PR) acatou Recurso de Revista do Minist\u00e9rio P\u00fablico de Contas (MPC-PR) contra o Ac\u00f3rd\u00e3o n\u00ba 4977\/16 da Segunda C\u00e2mara de julgamentos da corte. O ac\u00f3rd\u00e3o recorrido havia negado provimento ao recurso que contestara a decis\u00e3o pela regularidade com ressalva das contas de 2012 de Campina do Sim\u00e3o, [&hellip;]<\/p>\n","protected":false},"author":5,"featured_media":7159,"comment_status":"open","ping_status":"open","sticky":false,"template":"","format":"standard","meta":{"_monsterinsights_skip_tracking":false,"_monsterinsights_sitenote_active":false,"_monsterinsights_sitenote_note":"","_monsterinsights_sitenote_category":0,"footnotes":""},"categories":[15,7],"tags":[],"class_list":["post-7156","post","type-post","status-publish","format-standard","has-post-thumbnail","hentry","category-noticias-de-interesse","category-todas-as-noticias","entry","has-media"],"yoast_head":"<!-- This site is optimized with the Yoast SEO plugin v27.3 - https:\/\/yoast.com\/product\/yoast-seo-wordpress\/ -->\n<title>Em recurso do MPC-PR, Pleno muda decis\u00e3o sobre contas de Campina do Sim\u00e3o - Minist\u00e9rio P\u00fablico de Contas do Estado do Paran\u00e1<\/title>\n<meta name=\"robots\" content=\"index, follow, max-snippet:-1, max-image-preview:large, max-video-preview:-1\" \/>\n<link rel=\"canonical\" href=\"https:\/\/www.mpc.pr.gov.br\/index.php\/em-recurso-do-mpc-pr-pleno-muda-decisao-sobre-contas-de-campina-do-simao\/\" \/>\n<meta property=\"og:locale\" content=\"pt_BR\" \/>\n<meta property=\"og:type\" content=\"article\" \/>\n<meta property=\"og:title\" content=\"Em recurso do MPC-PR, Pleno muda decis\u00e3o sobre contas de Campina do Sim\u00e3o - Minist\u00e9rio P\u00fablico de Contas do Estado do Paran\u00e1\" \/>\n<meta property=\"og:description\" content=\"O Tribunal de Contas do Estado do Paran\u00e1 (TCE-PR) acatou Recurso de Revista do Minist\u00e9rio P\u00fablico de Contas (MPC-PR) contra o Ac\u00f3rd\u00e3o n\u00ba 4977\/16 da Segunda C\u00e2mara de julgamentos da corte. O ac\u00f3rd\u00e3o recorrido havia negado provimento ao recurso que contestara a decis\u00e3o pela regularidade com ressalva das contas de 2012 de Campina do Sim\u00e3o, [&hellip;]\" \/>\n<meta property=\"og:url\" content=\"https:\/\/www.mpc.pr.gov.br\/index.php\/em-recurso-do-mpc-pr-pleno-muda-decisao-sobre-contas-de-campina-do-simao\/\" \/>\n<meta property=\"og:site_name\" content=\"Minist\u00e9rio P\u00fablico de Contas do Estado do Paran\u00e1\" \/>\n<meta property=\"article:publisher\" content=\"https:\/\/www.facebook.com\/mpc.pr\" \/>\n<meta property=\"article:published_time\" content=\"2019-05-27T12:59:22+00:00\" \/>\n<meta name=\"author\" content=\"giovanna.faria\" \/>\n<meta name=\"twitter:card\" content=\"summary_large_image\" \/>\n<meta name=\"twitter:label1\" content=\"Escrito por\" \/>\n\t<meta name=\"twitter:data1\" content=\"giovanna.faria\" \/>\n\t<meta name=\"twitter:label2\" content=\"Est. tempo de leitura\" \/>\n\t<meta name=\"twitter:data2\" content=\"5 minutos\" \/>\n<script type=\"application\/ld+json\" class=\"yoast-schema-graph\">{\"@context\":\"https:\\\/\\\/schema.org\",\"@graph\":[{\"@type\":\"Article\",\"@id\":\"https:\\\/\\\/www.mpc.pr.gov.br\\\/index.php\\\/em-recurso-do-mpc-pr-pleno-muda-decisao-sobre-contas-de-campina-do-simao\\\/#article\",\"isPartOf\":{\"@id\":\"https:\\\/\\\/www.mpc.pr.gov.br\\\/index.php\\\/em-recurso-do-mpc-pr-pleno-muda-decisao-sobre-contas-de-campina-do-simao\\\/\"},\"author\":{\"name\":\"giovanna.faria\",\"@id\":\"https:\\\/\\\/www.mpc.pr.gov.br\\\/#\\\/schema\\\/person\\\/d0c5cf9ebb4d8be833c419f3538cf751\"},\"headline\":\"Em recurso do MPC-PR, Pleno muda decis\u00e3o sobre contas de Campina do Sim\u00e3o\",\"datePublished\":\"2019-05-27T12:59:22+00:00\",\"mainEntityOfPage\":{\"@id\":\"https:\\\/\\\/www.mpc.pr.gov.br\\\/index.php\\\/em-recurso-do-mpc-pr-pleno-muda-decisao-sobre-contas-de-campina-do-simao\\\/\"},\"wordCount\":935,\"commentCount\":0,\"publisher\":{\"@id\":\"https:\\\/\\\/www.mpc.pr.gov.br\\\/#organization\"},\"image\":{\"@id\":\"https:\\\/\\\/www.mpc.pr.gov.br\\\/index.php\\\/em-recurso-do-mpc-pr-pleno-muda-decisao-sobre-contas-de-campina-do-simao\\\/#primaryimage\"},\"thumbnailUrl\":\"\",\"articleSection\":[\"Not\u00edcias de Interesse\",\"Todas as not\u00edcias\"],\"inLanguage\":\"pt-BR\",\"potentialAction\":[{\"@type\":\"CommentAction\",\"name\":\"Comment\",\"target\":[\"https:\\\/\\\/www.mpc.pr.gov.br\\\/index.php\\\/em-recurso-do-mpc-pr-pleno-muda-decisao-sobre-contas-de-campina-do-simao\\\/#respond\"]}]},{\"@type\":\"WebPage\",\"@id\":\"https:\\\/\\\/www.mpc.pr.gov.br\\\/index.php\\\/em-recurso-do-mpc-pr-pleno-muda-decisao-sobre-contas-de-campina-do-simao\\\/\",\"url\":\"https:\\\/\\\/www.mpc.pr.gov.br\\\/index.php\\\/em-recurso-do-mpc-pr-pleno-muda-decisao-sobre-contas-de-campina-do-simao\\\/\",\"name\":\"Em recurso do MPC-PR, Pleno muda decis\u00e3o sobre contas de Campina do Sim\u00e3o - Minist\u00e9rio P\u00fablico de Contas do Estado do Paran\u00e1\",\"isPartOf\":{\"@id\":\"https:\\\/\\\/www.mpc.pr.gov.br\\\/#website\"},\"primaryImageOfPage\":{\"@id\":\"https:\\\/\\\/www.mpc.pr.gov.br\\\/index.php\\\/em-recurso-do-mpc-pr-pleno-muda-decisao-sobre-contas-de-campina-do-simao\\\/#primaryimage\"},\"image\":{\"@id\":\"https:\\\/\\\/www.mpc.pr.gov.br\\\/index.php\\\/em-recurso-do-mpc-pr-pleno-muda-decisao-sobre-contas-de-campina-do-simao\\\/#primaryimage\"},\"thumbnailUrl\":\"\",\"datePublished\":\"2019-05-27T12:59:22+00:00\",\"breadcrumb\":{\"@id\":\"https:\\\/\\\/www.mpc.pr.gov.br\\\/index.php\\\/em-recurso-do-mpc-pr-pleno-muda-decisao-sobre-contas-de-campina-do-simao\\\/#breadcrumb\"},\"inLanguage\":\"pt-BR\",\"potentialAction\":[{\"@type\":\"ReadAction\",\"target\":[\"https:\\\/\\\/www.mpc.pr.gov.br\\\/index.php\\\/em-recurso-do-mpc-pr-pleno-muda-decisao-sobre-contas-de-campina-do-simao\\\/\"]}]},{\"@type\":\"ImageObject\",\"inLanguage\":\"pt-BR\",\"@id\":\"https:\\\/\\\/www.mpc.pr.gov.br\\\/index.php\\\/em-recurso-do-mpc-pr-pleno-muda-decisao-sobre-contas-de-campina-do-simao\\\/#primaryimage\",\"url\":\"\",\"contentUrl\":\"\"},{\"@type\":\"BreadcrumbList\",\"@id\":\"https:\\\/\\\/www.mpc.pr.gov.br\\\/index.php\\\/em-recurso-do-mpc-pr-pleno-muda-decisao-sobre-contas-de-campina-do-simao\\\/#breadcrumb\",\"itemListElement\":[{\"@type\":\"ListItem\",\"position\":1,\"name\":\"In\u00edcio\",\"item\":\"https:\\\/\\\/www.mpc.pr.gov.br\\\/\"},{\"@type\":\"ListItem\",\"position\":2,\"name\":\"Em recurso do MPC-PR, Pleno muda decis\u00e3o sobre contas de Campina do Sim\u00e3o\"}]},{\"@type\":\"WebSite\",\"@id\":\"https:\\\/\\\/www.mpc.pr.gov.br\\\/#website\",\"url\":\"https:\\\/\\\/www.mpc.pr.gov.br\\\/\",\"name\":\"Minist\u00e9rio P\u00fablico de Contas do Estado do Paran\u00e1\",\"description\":\"\",\"publisher\":{\"@id\":\"https:\\\/\\\/www.mpc.pr.gov.br\\\/#organization\"},\"potentialAction\":[{\"@type\":\"SearchAction\",\"target\":{\"@type\":\"EntryPoint\",\"urlTemplate\":\"https:\\\/\\\/www.mpc.pr.gov.br\\\/?s={search_term_string}\"},\"query-input\":{\"@type\":\"PropertyValueSpecification\",\"valueRequired\":true,\"valueName\":\"search_term_string\"}}],\"inLanguage\":\"pt-BR\"},{\"@type\":\"Organization\",\"@id\":\"https:\\\/\\\/www.mpc.pr.gov.br\\\/#organization\",\"name\":\"Minist\u00e9rio P\u00fablico de Contas do Estado do Paran\u00e1\",\"url\":\"https:\\\/\\\/www.mpc.pr.gov.br\\\/\",\"logo\":{\"@type\":\"ImageObject\",\"inLanguage\":\"pt-BR\",\"@id\":\"https:\\\/\\\/www.mpc.pr.gov.br\\\/#\\\/schema\\\/logo\\\/image\\\/\",\"url\":\"https:\\\/\\\/www.mpc.pr.gov.br\\\/wp-content\\\/uploads\\\/2020\\\/06\\\/99423647_1593460364143890_6706793420720963584_n-1-e1591387983167.png\",\"contentUrl\":\"https:\\\/\\\/www.mpc.pr.gov.br\\\/wp-content\\\/uploads\\\/2020\\\/06\\\/99423647_1593460364143890_6706793420720963584_n-1-e1591387983167.png\",\"width\":243,\"height\":73,\"caption\":\"Minist\u00e9rio P\u00fablico de Contas do Estado do Paran\u00e1\"},\"image\":{\"@id\":\"https:\\\/\\\/www.mpc.pr.gov.br\\\/#\\\/schema\\\/logo\\\/image\\\/\"},\"sameAs\":[\"https:\\\/\\\/www.facebook.com\\\/mpc.pr\",\"https:\\\/\\\/www.instagram.com\\\/mpc.pr\\\/?hl=pt-br\",\"https:\\\/\\\/www.youtube.com\\\/channel\\\/UCHri5oEM8DV0ztX57E0sBSw\"]},{\"@type\":\"Person\",\"@id\":\"https:\\\/\\\/www.mpc.pr.gov.br\\\/#\\\/schema\\\/person\\\/d0c5cf9ebb4d8be833c419f3538cf751\",\"name\":\"giovanna.faria\",\"image\":{\"@type\":\"ImageObject\",\"inLanguage\":\"pt-BR\",\"@id\":\"https:\\\/\\\/secure.gravatar.com\\\/avatar\\\/?s=96&d=mm&r=g\",\"url\":\"https:\\\/\\\/secure.gravatar.com\\\/avatar\\\/?s=96&d=mm&r=g\",\"contentUrl\":\"https:\\\/\\\/secure.gravatar.com\\\/avatar\\\/?s=96&d=mm&r=g\",\"caption\":\"giovanna.faria\"}}]}<\/script>\n<!-- \/ Yoast SEO plugin. -->","yoast_head_json":{"title":"Em recurso do MPC-PR, Pleno muda decis\u00e3o sobre contas de Campina do Sim\u00e3o - Minist\u00e9rio P\u00fablico de Contas do Estado do Paran\u00e1","robots":{"index":"index","follow":"follow","max-snippet":"max-snippet:-1","max-image-preview":"max-image-preview:large","max-video-preview":"max-video-preview:-1"},"canonical":"https:\/\/www.mpc.pr.gov.br\/index.php\/em-recurso-do-mpc-pr-pleno-muda-decisao-sobre-contas-de-campina-do-simao\/","og_locale":"pt_BR","og_type":"article","og_title":"Em recurso do MPC-PR, Pleno muda decis\u00e3o sobre contas de Campina do Sim\u00e3o - Minist\u00e9rio P\u00fablico de Contas do Estado do Paran\u00e1","og_description":"O Tribunal de Contas do Estado do Paran\u00e1 (TCE-PR) acatou Recurso de Revista do Minist\u00e9rio P\u00fablico de Contas (MPC-PR) contra o Ac\u00f3rd\u00e3o n\u00ba 4977\/16 da Segunda C\u00e2mara de julgamentos da corte. O ac\u00f3rd\u00e3o recorrido havia negado provimento ao recurso que contestara a decis\u00e3o pela regularidade com ressalva das contas de 2012 de Campina do Sim\u00e3o, [&hellip;]","og_url":"https:\/\/www.mpc.pr.gov.br\/index.php\/em-recurso-do-mpc-pr-pleno-muda-decisao-sobre-contas-de-campina-do-simao\/","og_site_name":"Minist\u00e9rio P\u00fablico de Contas do Estado do Paran\u00e1","article_publisher":"https:\/\/www.facebook.com\/mpc.pr","article_published_time":"2019-05-27T12:59:22+00:00","author":"giovanna.faria","twitter_card":"summary_large_image","twitter_misc":{"Escrito por":"giovanna.faria","Est. tempo de leitura":"5 minutos"},"schema":{"@context":"https:\/\/schema.org","@graph":[{"@type":"Article","@id":"https:\/\/www.mpc.pr.gov.br\/index.php\/em-recurso-do-mpc-pr-pleno-muda-decisao-sobre-contas-de-campina-do-simao\/#article","isPartOf":{"@id":"https:\/\/www.mpc.pr.gov.br\/index.php\/em-recurso-do-mpc-pr-pleno-muda-decisao-sobre-contas-de-campina-do-simao\/"},"author":{"name":"giovanna.faria","@id":"https:\/\/www.mpc.pr.gov.br\/#\/schema\/person\/d0c5cf9ebb4d8be833c419f3538cf751"},"headline":"Em recurso do MPC-PR, Pleno muda decis\u00e3o sobre contas de Campina do Sim\u00e3o","datePublished":"2019-05-27T12:59:22+00:00","mainEntityOfPage":{"@id":"https:\/\/www.mpc.pr.gov.br\/index.php\/em-recurso-do-mpc-pr-pleno-muda-decisao-sobre-contas-de-campina-do-simao\/"},"wordCount":935,"commentCount":0,"publisher":{"@id":"https:\/\/www.mpc.pr.gov.br\/#organization"},"image":{"@id":"https:\/\/www.mpc.pr.gov.br\/index.php\/em-recurso-do-mpc-pr-pleno-muda-decisao-sobre-contas-de-campina-do-simao\/#primaryimage"},"thumbnailUrl":"","articleSection":["Not\u00edcias de Interesse","Todas as not\u00edcias"],"inLanguage":"pt-BR","potentialAction":[{"@type":"CommentAction","name":"Comment","target":["https:\/\/www.mpc.pr.gov.br\/index.php\/em-recurso-do-mpc-pr-pleno-muda-decisao-sobre-contas-de-campina-do-simao\/#respond"]}]},{"@type":"WebPage","@id":"https:\/\/www.mpc.pr.gov.br\/index.php\/em-recurso-do-mpc-pr-pleno-muda-decisao-sobre-contas-de-campina-do-simao\/","url":"https:\/\/www.mpc.pr.gov.br\/index.php\/em-recurso-do-mpc-pr-pleno-muda-decisao-sobre-contas-de-campina-do-simao\/","name":"Em recurso do MPC-PR, Pleno muda decis\u00e3o sobre contas de Campina do Sim\u00e3o - Minist\u00e9rio P\u00fablico de Contas do Estado do Paran\u00e1","isPartOf":{"@id":"https:\/\/www.mpc.pr.gov.br\/#website"},"primaryImageOfPage":{"@id":"https:\/\/www.mpc.pr.gov.br\/index.php\/em-recurso-do-mpc-pr-pleno-muda-decisao-sobre-contas-de-campina-do-simao\/#primaryimage"},"image":{"@id":"https:\/\/www.mpc.pr.gov.br\/index.php\/em-recurso-do-mpc-pr-pleno-muda-decisao-sobre-contas-de-campina-do-simao\/#primaryimage"},"thumbnailUrl":"","datePublished":"2019-05-27T12:59:22+00:00","breadcrumb":{"@id":"https:\/\/www.mpc.pr.gov.br\/index.php\/em-recurso-do-mpc-pr-pleno-muda-decisao-sobre-contas-de-campina-do-simao\/#breadcrumb"},"inLanguage":"pt-BR","potentialAction":[{"@type":"ReadAction","target":["https:\/\/www.mpc.pr.gov.br\/index.php\/em-recurso-do-mpc-pr-pleno-muda-decisao-sobre-contas-de-campina-do-simao\/"]}]},{"@type":"ImageObject","inLanguage":"pt-BR","@id":"https:\/\/www.mpc.pr.gov.br\/index.php\/em-recurso-do-mpc-pr-pleno-muda-decisao-sobre-contas-de-campina-do-simao\/#primaryimage","url":"","contentUrl":""},{"@type":"BreadcrumbList","@id":"https:\/\/www.mpc.pr.gov.br\/index.php\/em-recurso-do-mpc-pr-pleno-muda-decisao-sobre-contas-de-campina-do-simao\/#breadcrumb","itemListElement":[{"@type":"ListItem","position":1,"name":"In\u00edcio","item":"https:\/\/www.mpc.pr.gov.br\/"},{"@type":"ListItem","position":2,"name":"Em recurso do MPC-PR, Pleno muda decis\u00e3o sobre contas de Campina do Sim\u00e3o"}]},{"@type":"WebSite","@id":"https:\/\/www.mpc.pr.gov.br\/#website","url":"https:\/\/www.mpc.pr.gov.br\/","name":"Minist\u00e9rio P\u00fablico de Contas do Estado do Paran\u00e1","description":"","publisher":{"@id":"https:\/\/www.mpc.pr.gov.br\/#organization"},"potentialAction":[{"@type":"SearchAction","target":{"@type":"EntryPoint","urlTemplate":"https:\/\/www.mpc.pr.gov.br\/?s={search_term_string}"},"query-input":{"@type":"PropertyValueSpecification","valueRequired":true,"valueName":"search_term_string"}}],"inLanguage":"pt-BR"},{"@type":"Organization","@id":"https:\/\/www.mpc.pr.gov.br\/#organization","name":"Minist\u00e9rio P\u00fablico de Contas do Estado do Paran\u00e1","url":"https:\/\/www.mpc.pr.gov.br\/","logo":{"@type":"ImageObject","inLanguage":"pt-BR","@id":"https:\/\/www.mpc.pr.gov.br\/#\/schema\/logo\/image\/","url":"https:\/\/www.mpc.pr.gov.br\/wp-content\/uploads\/2020\/06\/99423647_1593460364143890_6706793420720963584_n-1-e1591387983167.png","contentUrl":"https:\/\/www.mpc.pr.gov.br\/wp-content\/uploads\/2020\/06\/99423647_1593460364143890_6706793420720963584_n-1-e1591387983167.png","width":243,"height":73,"caption":"Minist\u00e9rio P\u00fablico de Contas do Estado do Paran\u00e1"},"image":{"@id":"https:\/\/www.mpc.pr.gov.br\/#\/schema\/logo\/image\/"},"sameAs":["https:\/\/www.facebook.com\/mpc.pr","https:\/\/www.instagram.com\/mpc.pr\/?hl=pt-br","https:\/\/www.youtube.com\/channel\/UCHri5oEM8DV0ztX57E0sBSw"]},{"@type":"Person","@id":"https:\/\/www.mpc.pr.gov.br\/#\/schema\/person\/d0c5cf9ebb4d8be833c419f3538cf751","name":"giovanna.faria","image":{"@type":"ImageObject","inLanguage":"pt-BR","@id":"https:\/\/secure.gravatar.com\/avatar\/?s=96&d=mm&r=g","url":"https:\/\/secure.gravatar.com\/avatar\/?s=96&d=mm&r=g","contentUrl":"https:\/\/secure.gravatar.com\/avatar\/?s=96&d=mm&r=g","caption":"giovanna.faria"}}]}},"rttpg_featured_image_url":null,"rttpg_author":{"display_name":"giovanna.faria","author_link":"https:\/\/www.mpc.pr.gov.br\/index.php\/author\/giovanna-faria\/"},"rttpg_comment":0,"rttpg_category":"<a href=\"https:\/\/www.mpc.pr.gov.br\/index.php\/category\/noticias-de-interesse\/\" rel=\"category tag\">Not\u00edcias de Interesse<\/a> <a href=\"https:\/\/www.mpc.pr.gov.br\/index.php\/category\/todas-as-noticias\/\" rel=\"category tag\">Todas as not\u00edcias<\/a>","rttpg_excerpt":"O Tribunal de Contas do Estado do Paran\u00e1 (TCE-PR) acatou Recurso de Revista do Minist\u00e9rio P\u00fablico de Contas (MPC-PR) contra o Ac\u00f3rd\u00e3o n\u00ba 4977\/16 da Segunda C\u00e2mara de julgamentos da corte. O ac\u00f3rd\u00e3o recorrido havia negado provimento ao recurso que contestara a decis\u00e3o pela regularidade com ressalva das contas de 2012 de Campina do Sim\u00e3o,&hellip;","_links":{"self":[{"href":"https:\/\/www.mpc.pr.gov.br\/index.php\/wp-json\/wp\/v2\/posts\/7156","targetHints":{"allow":["GET"]}}],"collection":[{"href":"https:\/\/www.mpc.pr.gov.br\/index.php\/wp-json\/wp\/v2\/posts"}],"about":[{"href":"https:\/\/www.mpc.pr.gov.br\/index.php\/wp-json\/wp\/v2\/types\/post"}],"author":[{"embeddable":true,"href":"https:\/\/www.mpc.pr.gov.br\/index.php\/wp-json\/wp\/v2\/users\/5"}],"replies":[{"embeddable":true,"href":"https:\/\/www.mpc.pr.gov.br\/index.php\/wp-json\/wp\/v2\/comments?post=7156"}],"version-history":[{"count":0,"href":"https:\/\/www.mpc.pr.gov.br\/index.php\/wp-json\/wp\/v2\/posts\/7156\/revisions"}],"wp:featuredmedia":[{"embeddable":true,"href":"https:\/\/www.mpc.pr.gov.br\/index.php\/wp-json\/"}],"wp:attachment":[{"href":"https:\/\/www.mpc.pr.gov.br\/index.php\/wp-json\/wp\/v2\/media?parent=7156"}],"wp:term":[{"taxonomy":"category","embeddable":true,"href":"https:\/\/www.mpc.pr.gov.br\/index.php\/wp-json\/wp\/v2\/categories?post=7156"},{"taxonomy":"post_tag","embeddable":true,"href":"https:\/\/www.mpc.pr.gov.br\/index.php\/wp-json\/wp\/v2\/tags?post=7156"}],"curies":[{"name":"wp","href":"https:\/\/api.w.org\/{rel}","templated":true}]}}