{"id":7161,"date":"2019-05-29T09:59:03","date_gmt":"2019-05-29T12:59:03","guid":{"rendered":"http:\/\/www.mpc.pr.gov.br\/?p=7161"},"modified":"2019-05-29T09:59:03","modified_gmt":"2019-05-29T12:59:03","slug":"prefeito-de-guaraquecaba-e-multado-por-nao-prestar-informacoes-sobre-pessoal","status":"publish","type":"post","link":"https:\/\/www.mpc.pr.gov.br\/index.php\/prefeito-de-guaraquecaba-e-multado-por-nao-prestar-informacoes-sobre-pessoal\/","title":{"rendered":"Prefeito de Guaraque\u00e7aba \u00e9 multado por n\u00e3o prestar informa\u00e7\u00f5es sobre pessoal"},"content":{"rendered":"<p><img fetchpriority=\"high\" decoding=\"async\" class=\"alignleft size-medium wp-image-5391\" src=\"http:\/\/www.mpc.pr.gov.br\/wp-content\/uploads\/2017\/10\/mpc-pr-300x212.jpg\" alt=\"\" width=\"300\" height=\"212\" \/>O Pleno do Tribunal de Contas do Estado do Paran\u00e1 deu prazo de 30 dias para que o Munic\u00edpio de Guaraque\u00e7aba (Litoral) comprove o cumprimento da determina\u00e7\u00e3o de alimenta\u00e7\u00e3o correta do Sistema de Informa\u00e7\u00f5es Municipais &#8211; Atos de Pessoal (SIM-AP) do TCE-PR. O atual prefeito, Hayssan Colombes Zahoui (gest\u00e3o 2017-2020), havia sido intimado tr\u00eas vezes para regularizar a situa\u00e7\u00e3o abordada no Ac\u00f3rd\u00e3o 396\/18 &#8211; Tribunal Pleno e n\u00e3o se manifestou.<\/p>\n<p>Devido \u00e0 falta de cumprimento da determina\u00e7\u00e3o prevista na decis\u00e3o anterior, Hayssan Zahoui foi multado em R$ 3.097,80, em valores para pagamento neste m\u00eas. O prazo de 30 dias para comprimento da nova decis\u00e3o passar\u00e1 a contar a partir do tr\u00e2nsito em julgado do processo, no qual cabe recurso. Caso o gestor n\u00e3o cumpra a nova determina\u00e7\u00e3o no prazo, poder\u00e1 sofrer novas san\u00e7\u00f5es.<\/p>\n<p>A decis\u00e3o ocorreu ap\u00f3s a Representa\u00e7\u00e3o formulada pelo Minist\u00e9rio P\u00fablico de Contas (MPC-PR), cujo objetivo era regularizar o quadro de pessoal do Poder Executivo do Munic\u00edpio de Guaraque\u00e7aba, em raz\u00e3o da utiliza\u00e7\u00e3o de cargos em comiss\u00e3o em desacordo com o artigo 37, incisos II e V da Constitui\u00e7\u00e3o Federal (CF\/88). Esses cargos devem ser utilizados unicamente para as fun\u00e7\u00f5es de dire\u00e7\u00e3o, chefia e assessoramento.<\/p>\n<p>A multa aplicada ao prefeito est\u00e1 prevista no artigo 87, inciso III, da Lei Org\u00e2nica do TCE-PR (Lei Complementar Estadual n\u00ba 113\/2005) e corresponde a 30 vezes o valor da Unidade Padr\u00e3o Fiscal do Estado do Paran\u00e1. A UPF-PR tem atualiza\u00e7\u00e3o mensal e, em maio, vale R$ 103,26. A san\u00e7\u00e3o totaliza R$ 3.097,80 para pagamento neste m\u00eas.<\/p>\n<p>Os demais membros do Tribunal Pleno do TCE-PR acompanharam, por unanimidade, o voto do relator do processo, conselheiro Fernando Guimar\u00e3es, na sess\u00e3o de 24 de abril. Cabe recurso contra a decis\u00e3o contida no Ac\u00f3rd\u00e3o n\u00ba 1105\/19 &#8211; Tribunal do Pleno, veiculado na\u00a0<a href=\"http:\/\/www1.tce.pr.gov.br\/multimidia\/2019\/5\/pdf\/00336190.pdf\">edi\u00e7\u00e3o n\u00ba 2.049 do\u00a0<em>Di\u00e1rio Eletr\u00f4nico\u00a0<\/em>do TCE-PR (DETC)<\/a>.<\/p>\n<p><strong><u>Servi\u00e7o<\/u><\/strong><\/p>\n<table border=\"0\" width=\"629\" cellspacing=\"0\" cellpadding=\"0\">\n<tbody>\n<tr>\n<td><strong>Processo<\/strong>\u00a0<strong>n\u00ba<\/strong>:<\/td>\n<td>249414\/06<\/td>\n<\/tr>\n<tr>\n<td><strong>Ac\u00f3rd\u00e3o n\u00ba<\/strong><\/td>\n<td>1105\/19 &#8211; Tribunal Pleno<\/td>\n<\/tr>\n<tr>\n<td><strong>Assunto<\/strong>:<\/td>\n<td>Representa\u00e7\u00e3o<\/td>\n<\/tr>\n<tr>\n<td><strong>Entidade<\/strong>:<\/td>\n<td>Munic\u00edpio de Guaraque\u00e7aba<\/td>\n<\/tr>\n<tr>\n<td><strong>Interessado<\/strong>:<\/td>\n<td>Hayssan Colombes Zahoui e Minist\u00e9rio P\u00fablico de Contas do Estado do Paran\u00e1<\/td>\n<\/tr>\n<tr>\n<td><strong>Relator<\/strong>:<\/td>\n<td>Conselheiro Fernando Augusto Mello Guimar\u00e3es<\/td>\n<\/tr>\n<\/tbody>\n<\/table>\n<div id=\"post-7156\" class=\"post\">\n<div id=\"mycontent2\">\n<div id=\"post-7041\" class=\"post\">\n<div id=\"mycontent2\">\n<div id=\"post-6894\" class=\"post\">\n<div id=\"mycontent2\">\n<div id=\"post-6637\" class=\"post\">\n<div id=\"mycontent2\">\n<div id=\"post-6630\" class=\"post\">\n<div id=\"mycontent2\">\n<div id=\"post-6623\" class=\"post\">\n<div id=\"mycontent2\">\n<p><strong><em><cite><span id=\"cphMasterPortal_lblInicioAutor\">Fonte:\u00a0<\/span><span id=\"cphMasterPortal_lblAutor\">Diretoria de Comunica\u00e7\u00e3o Social \u2013\u00a0<\/span><\/cite><span id=\"cphMasterPortal_lblFonte\">TCE\/PR.<\/span><\/em><\/strong><\/p>\n<\/div>\n<\/div>\n<\/div>\n<\/div>\n<\/div>\n<\/div>\n<\/div>\n<\/div>\n<\/div>\n<\/div>\n<\/div>\n<\/div>\n","protected":false},"excerpt":{"rendered":"<p>O Pleno do Tribunal de Contas do Estado do Paran\u00e1 deu prazo de 30 dias para que o Munic\u00edpio de Guaraque\u00e7aba (Litoral) comprove o cumprimento da determina\u00e7\u00e3o de alimenta\u00e7\u00e3o correta do Sistema de Informa\u00e7\u00f5es Municipais &#8211; Atos de Pessoal (SIM-AP) do TCE-PR. O atual prefeito, Hayssan Colombes Zahoui (gest\u00e3o 2017-2020), havia sido intimado tr\u00eas vezes [&hellip;]<\/p>\n","protected":false},"author":5,"featured_media":5391,"comment_status":"open","ping_status":"open","sticky":false,"template":"","format":"standard","meta":{"_monsterinsights_skip_tracking":false,"_monsterinsights_sitenote_active":false,"_monsterinsights_sitenote_note":"","_monsterinsights_sitenote_category":0,"footnotes":""},"categories":[15,7],"tags":[],"class_list":["post-7161","post","type-post","status-publish","format-standard","has-post-thumbnail","hentry","category-noticias-de-interesse","category-todas-as-noticias","entry","has-media"],"yoast_head":"<!-- This site is optimized with the Yoast SEO plugin v27.3 - https:\/\/yoast.com\/product\/yoast-seo-wordpress\/ -->\n<title>Prefeito de Guaraque\u00e7aba \u00e9 multado por n\u00e3o prestar informa\u00e7\u00f5es sobre pessoal - Minist\u00e9rio P\u00fablico de Contas do Estado do Paran\u00e1<\/title>\n<meta name=\"robots\" content=\"index, follow, max-snippet:-1, max-image-preview:large, max-video-preview:-1\" \/>\n<link rel=\"canonical\" href=\"https:\/\/www.mpc.pr.gov.br\/index.php\/prefeito-de-guaraquecaba-e-multado-por-nao-prestar-informacoes-sobre-pessoal\/\" \/>\n<meta property=\"og:locale\" content=\"pt_BR\" \/>\n<meta property=\"og:type\" content=\"article\" \/>\n<meta property=\"og:title\" content=\"Prefeito de Guaraque\u00e7aba \u00e9 multado por n\u00e3o prestar informa\u00e7\u00f5es sobre pessoal - Minist\u00e9rio P\u00fablico de Contas do Estado do Paran\u00e1\" \/>\n<meta property=\"og:description\" content=\"O Pleno do Tribunal de Contas do Estado do Paran\u00e1 deu prazo de 30 dias para que o Munic\u00edpio de Guaraque\u00e7aba (Litoral) comprove o cumprimento da determina\u00e7\u00e3o de alimenta\u00e7\u00e3o correta do Sistema de Informa\u00e7\u00f5es Municipais &#8211; Atos de Pessoal (SIM-AP) do TCE-PR. O atual prefeito, Hayssan Colombes Zahoui (gest\u00e3o 2017-2020), havia sido intimado tr\u00eas vezes [&hellip;]\" \/>\n<meta property=\"og:url\" content=\"https:\/\/www.mpc.pr.gov.br\/index.php\/prefeito-de-guaraquecaba-e-multado-por-nao-prestar-informacoes-sobre-pessoal\/\" \/>\n<meta property=\"og:site_name\" content=\"Minist\u00e9rio P\u00fablico de Contas do Estado do Paran\u00e1\" \/>\n<meta property=\"article:publisher\" content=\"https:\/\/www.facebook.com\/mpc.pr\" \/>\n<meta property=\"article:published_time\" content=\"2019-05-29T12:59:03+00:00\" \/>\n<meta name=\"author\" content=\"giovanna.faria\" \/>\n<meta name=\"twitter:card\" content=\"summary_large_image\" \/>\n<meta name=\"twitter:label1\" content=\"Escrito por\" \/>\n\t<meta name=\"twitter:data1\" content=\"giovanna.faria\" \/>\n\t<meta name=\"twitter:label2\" content=\"Est. tempo de leitura\" \/>\n\t<meta name=\"twitter:data2\" content=\"2 minutos\" \/>\n<script type=\"application\/ld+json\" class=\"yoast-schema-graph\">{\"@context\":\"https:\\\/\\\/schema.org\",\"@graph\":[{\"@type\":\"Article\",\"@id\":\"https:\\\/\\\/www.mpc.pr.gov.br\\\/index.php\\\/prefeito-de-guaraquecaba-e-multado-por-nao-prestar-informacoes-sobre-pessoal\\\/#article\",\"isPartOf\":{\"@id\":\"https:\\\/\\\/www.mpc.pr.gov.br\\\/index.php\\\/prefeito-de-guaraquecaba-e-multado-por-nao-prestar-informacoes-sobre-pessoal\\\/\"},\"author\":{\"name\":\"giovanna.faria\",\"@id\":\"https:\\\/\\\/www.mpc.pr.gov.br\\\/#\\\/schema\\\/person\\\/d0c5cf9ebb4d8be833c419f3538cf751\"},\"headline\":\"Prefeito de Guaraque\u00e7aba \u00e9 multado por n\u00e3o prestar informa\u00e7\u00f5es sobre pessoal\",\"datePublished\":\"2019-05-29T12:59:03+00:00\",\"mainEntityOfPage\":{\"@id\":\"https:\\\/\\\/www.mpc.pr.gov.br\\\/index.php\\\/prefeito-de-guaraquecaba-e-multado-por-nao-prestar-informacoes-sobre-pessoal\\\/\"},\"wordCount\":399,\"commentCount\":0,\"publisher\":{\"@id\":\"https:\\\/\\\/www.mpc.pr.gov.br\\\/#organization\"},\"image\":{\"@id\":\"https:\\\/\\\/www.mpc.pr.gov.br\\\/index.php\\\/prefeito-de-guaraquecaba-e-multado-por-nao-prestar-informacoes-sobre-pessoal\\\/#primaryimage\"},\"thumbnailUrl\":\"\",\"articleSection\":[\"Not\u00edcias de Interesse\",\"Todas as not\u00edcias\"],\"inLanguage\":\"pt-BR\",\"potentialAction\":[{\"@type\":\"CommentAction\",\"name\":\"Comment\",\"target\":[\"https:\\\/\\\/www.mpc.pr.gov.br\\\/index.php\\\/prefeito-de-guaraquecaba-e-multado-por-nao-prestar-informacoes-sobre-pessoal\\\/#respond\"]}]},{\"@type\":\"WebPage\",\"@id\":\"https:\\\/\\\/www.mpc.pr.gov.br\\\/index.php\\\/prefeito-de-guaraquecaba-e-multado-por-nao-prestar-informacoes-sobre-pessoal\\\/\",\"url\":\"https:\\\/\\\/www.mpc.pr.gov.br\\\/index.php\\\/prefeito-de-guaraquecaba-e-multado-por-nao-prestar-informacoes-sobre-pessoal\\\/\",\"name\":\"Prefeito de Guaraque\u00e7aba \u00e9 multado por n\u00e3o prestar informa\u00e7\u00f5es sobre pessoal - Minist\u00e9rio P\u00fablico de Contas do Estado do Paran\u00e1\",\"isPartOf\":{\"@id\":\"https:\\\/\\\/www.mpc.pr.gov.br\\\/#website\"},\"primaryImageOfPage\":{\"@id\":\"https:\\\/\\\/www.mpc.pr.gov.br\\\/index.php\\\/prefeito-de-guaraquecaba-e-multado-por-nao-prestar-informacoes-sobre-pessoal\\\/#primaryimage\"},\"image\":{\"@id\":\"https:\\\/\\\/www.mpc.pr.gov.br\\\/index.php\\\/prefeito-de-guaraquecaba-e-multado-por-nao-prestar-informacoes-sobre-pessoal\\\/#primaryimage\"},\"thumbnailUrl\":\"\",\"datePublished\":\"2019-05-29T12:59:03+00:00\",\"breadcrumb\":{\"@id\":\"https:\\\/\\\/www.mpc.pr.gov.br\\\/index.php\\\/prefeito-de-guaraquecaba-e-multado-por-nao-prestar-informacoes-sobre-pessoal\\\/#breadcrumb\"},\"inLanguage\":\"pt-BR\",\"potentialAction\":[{\"@type\":\"ReadAction\",\"target\":[\"https:\\\/\\\/www.mpc.pr.gov.br\\\/index.php\\\/prefeito-de-guaraquecaba-e-multado-por-nao-prestar-informacoes-sobre-pessoal\\\/\"]}]},{\"@type\":\"ImageObject\",\"inLanguage\":\"pt-BR\",\"@id\":\"https:\\\/\\\/www.mpc.pr.gov.br\\\/index.php\\\/prefeito-de-guaraquecaba-e-multado-por-nao-prestar-informacoes-sobre-pessoal\\\/#primaryimage\",\"url\":\"\",\"contentUrl\":\"\"},{\"@type\":\"BreadcrumbList\",\"@id\":\"https:\\\/\\\/www.mpc.pr.gov.br\\\/index.php\\\/prefeito-de-guaraquecaba-e-multado-por-nao-prestar-informacoes-sobre-pessoal\\\/#breadcrumb\",\"itemListElement\":[{\"@type\":\"ListItem\",\"position\":1,\"name\":\"In\u00edcio\",\"item\":\"https:\\\/\\\/www.mpc.pr.gov.br\\\/\"},{\"@type\":\"ListItem\",\"position\":2,\"name\":\"Prefeito de Guaraque\u00e7aba \u00e9 multado por n\u00e3o prestar informa\u00e7\u00f5es sobre pessoal\"}]},{\"@type\":\"WebSite\",\"@id\":\"https:\\\/\\\/www.mpc.pr.gov.br\\\/#website\",\"url\":\"https:\\\/\\\/www.mpc.pr.gov.br\\\/\",\"name\":\"Minist\u00e9rio P\u00fablico de Contas do Estado do Paran\u00e1\",\"description\":\"\",\"publisher\":{\"@id\":\"https:\\\/\\\/www.mpc.pr.gov.br\\\/#organization\"},\"potentialAction\":[{\"@type\":\"SearchAction\",\"target\":{\"@type\":\"EntryPoint\",\"urlTemplate\":\"https:\\\/\\\/www.mpc.pr.gov.br\\\/?s={search_term_string}\"},\"query-input\":{\"@type\":\"PropertyValueSpecification\",\"valueRequired\":true,\"valueName\":\"search_term_string\"}}],\"inLanguage\":\"pt-BR\"},{\"@type\":\"Organization\",\"@id\":\"https:\\\/\\\/www.mpc.pr.gov.br\\\/#organization\",\"name\":\"Minist\u00e9rio P\u00fablico de Contas do Estado do Paran\u00e1\",\"url\":\"https:\\\/\\\/www.mpc.pr.gov.br\\\/\",\"logo\":{\"@type\":\"ImageObject\",\"inLanguage\":\"pt-BR\",\"@id\":\"https:\\\/\\\/www.mpc.pr.gov.br\\\/#\\\/schema\\\/logo\\\/image\\\/\",\"url\":\"https:\\\/\\\/www.mpc.pr.gov.br\\\/wp-content\\\/uploads\\\/2020\\\/06\\\/99423647_1593460364143890_6706793420720963584_n-1-e1591387983167.png\",\"contentUrl\":\"https:\\\/\\\/www.mpc.pr.gov.br\\\/wp-content\\\/uploads\\\/2020\\\/06\\\/99423647_1593460364143890_6706793420720963584_n-1-e1591387983167.png\",\"width\":243,\"height\":73,\"caption\":\"Minist\u00e9rio P\u00fablico de Contas do Estado do Paran\u00e1\"},\"image\":{\"@id\":\"https:\\\/\\\/www.mpc.pr.gov.br\\\/#\\\/schema\\\/logo\\\/image\\\/\"},\"sameAs\":[\"https:\\\/\\\/www.facebook.com\\\/mpc.pr\",\"https:\\\/\\\/www.instagram.com\\\/mpc.pr\\\/?hl=pt-br\",\"https:\\\/\\\/www.youtube.com\\\/channel\\\/UCHri5oEM8DV0ztX57E0sBSw\"]},{\"@type\":\"Person\",\"@id\":\"https:\\\/\\\/www.mpc.pr.gov.br\\\/#\\\/schema\\\/person\\\/d0c5cf9ebb4d8be833c419f3538cf751\",\"name\":\"giovanna.faria\",\"image\":{\"@type\":\"ImageObject\",\"inLanguage\":\"pt-BR\",\"@id\":\"https:\\\/\\\/secure.gravatar.com\\\/avatar\\\/?s=96&d=mm&r=g\",\"url\":\"https:\\\/\\\/secure.gravatar.com\\\/avatar\\\/?s=96&d=mm&r=g\",\"contentUrl\":\"https:\\\/\\\/secure.gravatar.com\\\/avatar\\\/?s=96&d=mm&r=g\",\"caption\":\"giovanna.faria\"}}]}<\/script>\n<!-- \/ Yoast SEO plugin. -->","yoast_head_json":{"title":"Prefeito de Guaraque\u00e7aba \u00e9 multado por n\u00e3o prestar informa\u00e7\u00f5es sobre pessoal - Minist\u00e9rio P\u00fablico de Contas do Estado do Paran\u00e1","robots":{"index":"index","follow":"follow","max-snippet":"max-snippet:-1","max-image-preview":"max-image-preview:large","max-video-preview":"max-video-preview:-1"},"canonical":"https:\/\/www.mpc.pr.gov.br\/index.php\/prefeito-de-guaraquecaba-e-multado-por-nao-prestar-informacoes-sobre-pessoal\/","og_locale":"pt_BR","og_type":"article","og_title":"Prefeito de Guaraque\u00e7aba \u00e9 multado por n\u00e3o prestar informa\u00e7\u00f5es sobre pessoal - Minist\u00e9rio P\u00fablico de Contas do Estado do Paran\u00e1","og_description":"O Pleno do Tribunal de Contas do Estado do Paran\u00e1 deu prazo de 30 dias para que o Munic\u00edpio de Guaraque\u00e7aba (Litoral) comprove o cumprimento da determina\u00e7\u00e3o de alimenta\u00e7\u00e3o correta do Sistema de Informa\u00e7\u00f5es Municipais &#8211; Atos de Pessoal (SIM-AP) do TCE-PR. O atual prefeito, Hayssan Colombes Zahoui (gest\u00e3o 2017-2020), havia sido intimado tr\u00eas vezes [&hellip;]","og_url":"https:\/\/www.mpc.pr.gov.br\/index.php\/prefeito-de-guaraquecaba-e-multado-por-nao-prestar-informacoes-sobre-pessoal\/","og_site_name":"Minist\u00e9rio P\u00fablico de Contas do Estado do Paran\u00e1","article_publisher":"https:\/\/www.facebook.com\/mpc.pr","article_published_time":"2019-05-29T12:59:03+00:00","author":"giovanna.faria","twitter_card":"summary_large_image","twitter_misc":{"Escrito por":"giovanna.faria","Est. tempo de leitura":"2 minutos"},"schema":{"@context":"https:\/\/schema.org","@graph":[{"@type":"Article","@id":"https:\/\/www.mpc.pr.gov.br\/index.php\/prefeito-de-guaraquecaba-e-multado-por-nao-prestar-informacoes-sobre-pessoal\/#article","isPartOf":{"@id":"https:\/\/www.mpc.pr.gov.br\/index.php\/prefeito-de-guaraquecaba-e-multado-por-nao-prestar-informacoes-sobre-pessoal\/"},"author":{"name":"giovanna.faria","@id":"https:\/\/www.mpc.pr.gov.br\/#\/schema\/person\/d0c5cf9ebb4d8be833c419f3538cf751"},"headline":"Prefeito de Guaraque\u00e7aba \u00e9 multado por n\u00e3o prestar informa\u00e7\u00f5es sobre pessoal","datePublished":"2019-05-29T12:59:03+00:00","mainEntityOfPage":{"@id":"https:\/\/www.mpc.pr.gov.br\/index.php\/prefeito-de-guaraquecaba-e-multado-por-nao-prestar-informacoes-sobre-pessoal\/"},"wordCount":399,"commentCount":0,"publisher":{"@id":"https:\/\/www.mpc.pr.gov.br\/#organization"},"image":{"@id":"https:\/\/www.mpc.pr.gov.br\/index.php\/prefeito-de-guaraquecaba-e-multado-por-nao-prestar-informacoes-sobre-pessoal\/#primaryimage"},"thumbnailUrl":"","articleSection":["Not\u00edcias de Interesse","Todas as not\u00edcias"],"inLanguage":"pt-BR","potentialAction":[{"@type":"CommentAction","name":"Comment","target":["https:\/\/www.mpc.pr.gov.br\/index.php\/prefeito-de-guaraquecaba-e-multado-por-nao-prestar-informacoes-sobre-pessoal\/#respond"]}]},{"@type":"WebPage","@id":"https:\/\/www.mpc.pr.gov.br\/index.php\/prefeito-de-guaraquecaba-e-multado-por-nao-prestar-informacoes-sobre-pessoal\/","url":"https:\/\/www.mpc.pr.gov.br\/index.php\/prefeito-de-guaraquecaba-e-multado-por-nao-prestar-informacoes-sobre-pessoal\/","name":"Prefeito de Guaraque\u00e7aba \u00e9 multado por n\u00e3o prestar informa\u00e7\u00f5es sobre pessoal - Minist\u00e9rio P\u00fablico de Contas do Estado do Paran\u00e1","isPartOf":{"@id":"https:\/\/www.mpc.pr.gov.br\/#website"},"primaryImageOfPage":{"@id":"https:\/\/www.mpc.pr.gov.br\/index.php\/prefeito-de-guaraquecaba-e-multado-por-nao-prestar-informacoes-sobre-pessoal\/#primaryimage"},"image":{"@id":"https:\/\/www.mpc.pr.gov.br\/index.php\/prefeito-de-guaraquecaba-e-multado-por-nao-prestar-informacoes-sobre-pessoal\/#primaryimage"},"thumbnailUrl":"","datePublished":"2019-05-29T12:59:03+00:00","breadcrumb":{"@id":"https:\/\/www.mpc.pr.gov.br\/index.php\/prefeito-de-guaraquecaba-e-multado-por-nao-prestar-informacoes-sobre-pessoal\/#breadcrumb"},"inLanguage":"pt-BR","potentialAction":[{"@type":"ReadAction","target":["https:\/\/www.mpc.pr.gov.br\/index.php\/prefeito-de-guaraquecaba-e-multado-por-nao-prestar-informacoes-sobre-pessoal\/"]}]},{"@type":"ImageObject","inLanguage":"pt-BR","@id":"https:\/\/www.mpc.pr.gov.br\/index.php\/prefeito-de-guaraquecaba-e-multado-por-nao-prestar-informacoes-sobre-pessoal\/#primaryimage","url":"","contentUrl":""},{"@type":"BreadcrumbList","@id":"https:\/\/www.mpc.pr.gov.br\/index.php\/prefeito-de-guaraquecaba-e-multado-por-nao-prestar-informacoes-sobre-pessoal\/#breadcrumb","itemListElement":[{"@type":"ListItem","position":1,"name":"In\u00edcio","item":"https:\/\/www.mpc.pr.gov.br\/"},{"@type":"ListItem","position":2,"name":"Prefeito de Guaraque\u00e7aba \u00e9 multado por n\u00e3o prestar informa\u00e7\u00f5es sobre pessoal"}]},{"@type":"WebSite","@id":"https:\/\/www.mpc.pr.gov.br\/#website","url":"https:\/\/www.mpc.pr.gov.br\/","name":"Minist\u00e9rio P\u00fablico de Contas do Estado do Paran\u00e1","description":"","publisher":{"@id":"https:\/\/www.mpc.pr.gov.br\/#organization"},"potentialAction":[{"@type":"SearchAction","target":{"@type":"EntryPoint","urlTemplate":"https:\/\/www.mpc.pr.gov.br\/?s={search_term_string}"},"query-input":{"@type":"PropertyValueSpecification","valueRequired":true,"valueName":"search_term_string"}}],"inLanguage":"pt-BR"},{"@type":"Organization","@id":"https:\/\/www.mpc.pr.gov.br\/#organization","name":"Minist\u00e9rio P\u00fablico de Contas do Estado do Paran\u00e1","url":"https:\/\/www.mpc.pr.gov.br\/","logo":{"@type":"ImageObject","inLanguage":"pt-BR","@id":"https:\/\/www.mpc.pr.gov.br\/#\/schema\/logo\/image\/","url":"https:\/\/www.mpc.pr.gov.br\/wp-content\/uploads\/2020\/06\/99423647_1593460364143890_6706793420720963584_n-1-e1591387983167.png","contentUrl":"https:\/\/www.mpc.pr.gov.br\/wp-content\/uploads\/2020\/06\/99423647_1593460364143890_6706793420720963584_n-1-e1591387983167.png","width":243,"height":73,"caption":"Minist\u00e9rio P\u00fablico de Contas do Estado do Paran\u00e1"},"image":{"@id":"https:\/\/www.mpc.pr.gov.br\/#\/schema\/logo\/image\/"},"sameAs":["https:\/\/www.facebook.com\/mpc.pr","https:\/\/www.instagram.com\/mpc.pr\/?hl=pt-br","https:\/\/www.youtube.com\/channel\/UCHri5oEM8DV0ztX57E0sBSw"]},{"@type":"Person","@id":"https:\/\/www.mpc.pr.gov.br\/#\/schema\/person\/d0c5cf9ebb4d8be833c419f3538cf751","name":"giovanna.faria","image":{"@type":"ImageObject","inLanguage":"pt-BR","@id":"https:\/\/secure.gravatar.com\/avatar\/?s=96&d=mm&r=g","url":"https:\/\/secure.gravatar.com\/avatar\/?s=96&d=mm&r=g","contentUrl":"https:\/\/secure.gravatar.com\/avatar\/?s=96&d=mm&r=g","caption":"giovanna.faria"}}]}},"rttpg_featured_image_url":null,"rttpg_author":{"display_name":"giovanna.faria","author_link":"https:\/\/www.mpc.pr.gov.br\/index.php\/author\/giovanna-faria\/"},"rttpg_comment":0,"rttpg_category":"<a href=\"https:\/\/www.mpc.pr.gov.br\/index.php\/category\/noticias-de-interesse\/\" rel=\"category tag\">Not\u00edcias de Interesse<\/a> <a href=\"https:\/\/www.mpc.pr.gov.br\/index.php\/category\/todas-as-noticias\/\" rel=\"category tag\">Todas as not\u00edcias<\/a>","rttpg_excerpt":"O Pleno do Tribunal de Contas do Estado do Paran\u00e1 deu prazo de 30 dias para que o Munic\u00edpio de Guaraque\u00e7aba (Litoral) comprove o cumprimento da determina\u00e7\u00e3o de alimenta\u00e7\u00e3o correta do Sistema de Informa\u00e7\u00f5es Municipais &#8211; Atos de Pessoal (SIM-AP) do TCE-PR. O atual prefeito, Hayssan Colombes Zahoui (gest\u00e3o 2017-2020), havia sido intimado tr\u00eas vezes&hellip;","_links":{"self":[{"href":"https:\/\/www.mpc.pr.gov.br\/index.php\/wp-json\/wp\/v2\/posts\/7161","targetHints":{"allow":["GET"]}}],"collection":[{"href":"https:\/\/www.mpc.pr.gov.br\/index.php\/wp-json\/wp\/v2\/posts"}],"about":[{"href":"https:\/\/www.mpc.pr.gov.br\/index.php\/wp-json\/wp\/v2\/types\/post"}],"author":[{"embeddable":true,"href":"https:\/\/www.mpc.pr.gov.br\/index.php\/wp-json\/wp\/v2\/users\/5"}],"replies":[{"embeddable":true,"href":"https:\/\/www.mpc.pr.gov.br\/index.php\/wp-json\/wp\/v2\/comments?post=7161"}],"version-history":[{"count":0,"href":"https:\/\/www.mpc.pr.gov.br\/index.php\/wp-json\/wp\/v2\/posts\/7161\/revisions"}],"wp:featuredmedia":[{"embeddable":true,"href":"https:\/\/www.mpc.pr.gov.br\/index.php\/wp-json\/"}],"wp:attachment":[{"href":"https:\/\/www.mpc.pr.gov.br\/index.php\/wp-json\/wp\/v2\/media?parent=7161"}],"wp:term":[{"taxonomy":"category","embeddable":true,"href":"https:\/\/www.mpc.pr.gov.br\/index.php\/wp-json\/wp\/v2\/categories?post=7161"},{"taxonomy":"post_tag","embeddable":true,"href":"https:\/\/www.mpc.pr.gov.br\/index.php\/wp-json\/wp\/v2\/tags?post=7161"}],"curies":[{"name":"wp","href":"https:\/\/api.w.org\/{rel}","templated":true}]}}