{"id":7254,"date":"2019-06-18T16:01:55","date_gmt":"2019-06-18T19:01:55","guid":{"rendered":"http:\/\/www.mpc.pr.gov.br\/?p=7254"},"modified":"2019-06-18T16:01:55","modified_gmt":"2019-06-18T19:01:55","slug":"mp-de-contas-recebe-consultores-do-premio-innovare","status":"publish","type":"post","link":"https:\/\/www.mpc.pr.gov.br\/index.php\/mp-de-contas-recebe-consultores-do-premio-innovare\/","title":{"rendered":"MP de Contas recebe consultores do Pr\u00eamio Innovare"},"content":{"rendered":"<p><img decoding=\"async\" class=\"alignleft size-medium wp-image-6983\" src=\"http:\/\/www.mpc.pr.gov.br\/wp-content\/uploads\/2019\/04\/INNOVARE-300x152.png\" alt=\"\" width=\"300\" height=\"152\" \/>Na tarde de hoje (18), o MP de Contas recebeu a visita de dois consultores da 16\u00aa edi\u00e7\u00e3o do Pr\u00eamio Innovare, que tem como objetivo identificar, divulgar e difundir pr\u00e1ticas que contribuam para o aprimoramento da Justi\u00e7a no Brasil. O \u00f3rg\u00e3o ministerial inscreveu dois dos projetos de atua\u00e7\u00e3o especial da institui\u00e7\u00e3o, que visam a fiscaliza\u00e7\u00e3o das aquisi\u00e7\u00f5es de medicamentos e terceiriza\u00e7\u00e3o da presta\u00e7\u00e3o de servi\u00e7os m\u00e9dicos pelos munic\u00edpios do Estado.<\/p>\n<p>Desde 2018 o N\u00facleo de Intelig\u00eancia (NI) do \u00f3rg\u00e3o ministerial identificou uma s\u00e9rie de irregularidades nos contratos de terceiriza\u00e7\u00e3o e nos procedimentos licitat\u00f3rios para compra de medicamentos. Tais improbidades s\u00e3o informadas ao Tribunal de Contas do Paran\u00e1 (TCE-PR), chegando a mais de 65 Representa\u00e7\u00f5es protocoladas.<\/p>\n<p>Durante a reuni\u00e3o os consultores realizaram uma entrevista com o Procurador-Geral, Fl\u00e1vio de Azambuja Berti, e com representantes do NI, e receberam c\u00f3pias dos documentos expedidos em raz\u00e3o dos projetos, como as Representa\u00e7\u00f5es protocoladas junto ao TCE-PR; dossi\u00eas encaminhados ao MP Estadual; e recomenda\u00e7\u00f5es administrativas expedidas aos munic\u00edpios. Ap\u00f3s a an\u00e1lise dos documentos os consultores produzir\u00e3o um relat\u00f3rio, que \u00e9 encaminhado a comiss\u00e3o julgadora do Pr\u00eamio.<\/p>\n<p><strong>Projeto medicamentos<\/strong><\/p>\n<p>As principais irregularidades encontradas nos Preg\u00f5es para aquisi\u00e7\u00e3o de medicamentos foram sobrepre\u00e7o, baixa competitividade nos certames, falta de padroniza\u00e7\u00e3o, falha nas pesquisas de pre\u00e7o e aus\u00eancia de documentos nos Portais da Transpar\u00eancia.<\/p>\n<p>Nesse sentido, o MP de Contas tem buscado por meio de pedido de medidas cautelares ao TCE-PR e de parcerias com o MP Estadual, que os munic\u00edpios passem a disponibilizar na \u00edntegra os procedimentos licitat\u00f3rios e que adotem ferramentas para realiza\u00e7\u00e3o de ampla pesquisa de pre\u00e7os.<\/p>\n<p>Um exemplo \u00e9 a recomenda\u00e7\u00e3o para que os munic\u00edpios passem a inserir o C\u00f3digo BR nas licita\u00e7\u00f5es, que \u00e9 um identificador \u00fanico de medicamentos catalogado pelo Minist\u00e9rio da Economia, o qual permite comparar os pre\u00e7os praticados em outras compras governamentais registradas no Banco de Pre\u00e7os em Sa\u00fade (BPS) do Minist\u00e9rio da Sa\u00fade.<\/p>\n<p><strong>Projeto terceiriza\u00e7\u00e3o<\/strong><\/p>\n<p>Quanto a fiscaliza\u00e7\u00e3o das contrata\u00e7\u00f5es de empresas e\/ou pessoas f\u00edsicas para presta\u00e7\u00e3o de servi\u00e7os m\u00e9dicos nos munic\u00edpios, o MP de Contas identificou irregularidades na presta\u00e7\u00e3o dos plant\u00f5es m\u00e9dicos, na contabiliza\u00e7\u00e3o desses servi\u00e7os e novamente na aus\u00eancia de documentos nos Portais da Transpar\u00eancia.<\/p>\n<p>A notifica\u00e7\u00e3o dos gestores busca mais do que punir, a regulariza\u00e7\u00e3o e aprimoramento da Administra\u00e7\u00e3o P\u00fablica. Dessa forma \u00e9 poss\u00edvel garantir uma presta\u00e7\u00e3o de servi\u00e7o mais eficiente e de qualidade a popula\u00e7\u00e3o, al\u00e9m de estimular o controle social.<\/p>\n<p><strong>O Pr\u00eamio<\/strong><\/p>\n<p>A premia\u00e7\u00e3o \u00e9 mantida pelo Instituto Innovare, uma associa\u00e7\u00e3o sem fins lucrativos e desde 2004 j\u00e1 passaram pelo Pr\u00eamio mais de cinco mil pr\u00e1ticas, vindas de todos os estados do pa\u00eds.<\/p>\n<p>O Instituto tamb\u00e9m conta com a parceria do Minist\u00e9rio da Justi\u00e7a e Seguran\u00e7a P\u00fablica, da Associa\u00e7\u00e3o dos Magistrados Brasileiros (AMB), da Associa\u00e7\u00e3o Nacional dos Membros do Minist\u00e9rio P\u00fablico (CONAMP), da Associa\u00e7\u00e3o Nacional dos Defensores P\u00fablicos (ANADEP), da Associa\u00e7\u00e3o dos Ju\u00edzes Federais do Brasil (AJUFE), do Conselho Federal da Ordem dos Advogados do Brasil (OAB), da Associa\u00e7\u00e3o Nacional dos Procuradores da Rep\u00fablica (ANPR), da Associa\u00e7\u00e3o Nacional dos Magistrados da Justi\u00e7a do Trabalho (ANAMATRA), Conselho Nacional do Minist\u00e9rio P\u00fablico (CNMP), Conselho Nacional de Justi\u00e7a (CNJ) e Minist\u00e9rio da Justi\u00e7a e Seguran\u00e7a P\u00fablica, com o apoio do Grupo Globo.<\/p>\n","protected":false},"excerpt":{"rendered":"<p>Na tarde de hoje (18), o MP de Contas recebeu a visita de dois consultores da 16\u00aa edi\u00e7\u00e3o do Pr\u00eamio Innovare, que tem como objetivo identificar, divulgar e difundir pr\u00e1ticas que contribuam para o aprimoramento da Justi\u00e7a no Brasil. O \u00f3rg\u00e3o ministerial inscreveu dois dos projetos de atua\u00e7\u00e3o especial da institui\u00e7\u00e3o, que visam a fiscaliza\u00e7\u00e3o [&hellip;]<\/p>\n","protected":false},"author":5,"featured_media":6983,"comment_status":"open","ping_status":"open","sticky":false,"template":"","format":"standard","meta":{"_monsterinsights_skip_tracking":false,"_monsterinsights_sitenote_active":false,"_monsterinsights_sitenote_note":"","_monsterinsights_sitenote_category":0,"footnotes":""},"categories":[7,14],"tags":[],"class_list":["post-7254","post","type-post","status-publish","format-standard","has-post-thumbnail","hentry","category-todas-as-noticias","category-ultimas-noticias","entry","has-media"],"yoast_head":"<!-- This site is optimized with the Yoast SEO plugin v27.3 - https:\/\/yoast.com\/product\/yoast-seo-wordpress\/ -->\n<title>MP de Contas recebe consultores do Pr\u00eamio Innovare - Minist\u00e9rio P\u00fablico de Contas do Estado do Paran\u00e1<\/title>\n<meta name=\"robots\" content=\"index, follow, max-snippet:-1, max-image-preview:large, max-video-preview:-1\" \/>\n<link rel=\"canonical\" href=\"https:\/\/www.mpc.pr.gov.br\/index.php\/mp-de-contas-recebe-consultores-do-premio-innovare\/\" \/>\n<meta property=\"og:locale\" content=\"pt_BR\" \/>\n<meta property=\"og:type\" content=\"article\" \/>\n<meta property=\"og:title\" content=\"MP de Contas recebe consultores do Pr\u00eamio Innovare - Minist\u00e9rio P\u00fablico de Contas do Estado do Paran\u00e1\" \/>\n<meta property=\"og:description\" content=\"Na tarde de hoje (18), o MP de Contas recebeu a visita de dois consultores da 16\u00aa edi\u00e7\u00e3o do Pr\u00eamio Innovare, que tem como objetivo identificar, divulgar e difundir pr\u00e1ticas que contribuam para o aprimoramento da Justi\u00e7a no Brasil. O \u00f3rg\u00e3o ministerial inscreveu dois dos projetos de atua\u00e7\u00e3o especial da institui\u00e7\u00e3o, que visam a fiscaliza\u00e7\u00e3o [&hellip;]\" \/>\n<meta property=\"og:url\" content=\"https:\/\/www.mpc.pr.gov.br\/index.php\/mp-de-contas-recebe-consultores-do-premio-innovare\/\" \/>\n<meta property=\"og:site_name\" content=\"Minist\u00e9rio P\u00fablico de Contas do Estado do Paran\u00e1\" \/>\n<meta property=\"article:publisher\" content=\"https:\/\/www.facebook.com\/mpc.pr\" \/>\n<meta property=\"article:published_time\" content=\"2019-06-18T19:01:55+00:00\" \/>\n<meta name=\"author\" content=\"giovanna.faria\" \/>\n<meta name=\"twitter:card\" content=\"summary_large_image\" \/>\n<meta name=\"twitter:label1\" content=\"Escrito por\" \/>\n\t<meta name=\"twitter:data1\" content=\"giovanna.faria\" \/>\n\t<meta name=\"twitter:label2\" content=\"Est. tempo de leitura\" \/>\n\t<meta name=\"twitter:data2\" content=\"3 minutos\" \/>\n<script type=\"application\/ld+json\" class=\"yoast-schema-graph\">{\"@context\":\"https:\\\/\\\/schema.org\",\"@graph\":[{\"@type\":\"Article\",\"@id\":\"https:\\\/\\\/www.mpc.pr.gov.br\\\/index.php\\\/mp-de-contas-recebe-consultores-do-premio-innovare\\\/#article\",\"isPartOf\":{\"@id\":\"https:\\\/\\\/www.mpc.pr.gov.br\\\/index.php\\\/mp-de-contas-recebe-consultores-do-premio-innovare\\\/\"},\"author\":{\"name\":\"giovanna.faria\",\"@id\":\"https:\\\/\\\/www.mpc.pr.gov.br\\\/#\\\/schema\\\/person\\\/d0c5cf9ebb4d8be833c419f3538cf751\"},\"headline\":\"MP de Contas recebe consultores do Pr\u00eamio Innovare\",\"datePublished\":\"2019-06-18T19:01:55+00:00\",\"mainEntityOfPage\":{\"@id\":\"https:\\\/\\\/www.mpc.pr.gov.br\\\/index.php\\\/mp-de-contas-recebe-consultores-do-premio-innovare\\\/\"},\"wordCount\":635,\"commentCount\":0,\"publisher\":{\"@id\":\"https:\\\/\\\/www.mpc.pr.gov.br\\\/#organization\"},\"image\":{\"@id\":\"https:\\\/\\\/www.mpc.pr.gov.br\\\/index.php\\\/mp-de-contas-recebe-consultores-do-premio-innovare\\\/#primaryimage\"},\"thumbnailUrl\":\"\",\"articleSection\":[\"Todas as not\u00edcias\",\"\u00daltimas not\u00edcias\"],\"inLanguage\":\"pt-BR\",\"potentialAction\":[{\"@type\":\"CommentAction\",\"name\":\"Comment\",\"target\":[\"https:\\\/\\\/www.mpc.pr.gov.br\\\/index.php\\\/mp-de-contas-recebe-consultores-do-premio-innovare\\\/#respond\"]}]},{\"@type\":\"WebPage\",\"@id\":\"https:\\\/\\\/www.mpc.pr.gov.br\\\/index.php\\\/mp-de-contas-recebe-consultores-do-premio-innovare\\\/\",\"url\":\"https:\\\/\\\/www.mpc.pr.gov.br\\\/index.php\\\/mp-de-contas-recebe-consultores-do-premio-innovare\\\/\",\"name\":\"MP de Contas recebe consultores do Pr\u00eamio Innovare - Minist\u00e9rio P\u00fablico de Contas do Estado do Paran\u00e1\",\"isPartOf\":{\"@id\":\"https:\\\/\\\/www.mpc.pr.gov.br\\\/#website\"},\"primaryImageOfPage\":{\"@id\":\"https:\\\/\\\/www.mpc.pr.gov.br\\\/index.php\\\/mp-de-contas-recebe-consultores-do-premio-innovare\\\/#primaryimage\"},\"image\":{\"@id\":\"https:\\\/\\\/www.mpc.pr.gov.br\\\/index.php\\\/mp-de-contas-recebe-consultores-do-premio-innovare\\\/#primaryimage\"},\"thumbnailUrl\":\"\",\"datePublished\":\"2019-06-18T19:01:55+00:00\",\"breadcrumb\":{\"@id\":\"https:\\\/\\\/www.mpc.pr.gov.br\\\/index.php\\\/mp-de-contas-recebe-consultores-do-premio-innovare\\\/#breadcrumb\"},\"inLanguage\":\"pt-BR\",\"potentialAction\":[{\"@type\":\"ReadAction\",\"target\":[\"https:\\\/\\\/www.mpc.pr.gov.br\\\/index.php\\\/mp-de-contas-recebe-consultores-do-premio-innovare\\\/\"]}]},{\"@type\":\"ImageObject\",\"inLanguage\":\"pt-BR\",\"@id\":\"https:\\\/\\\/www.mpc.pr.gov.br\\\/index.php\\\/mp-de-contas-recebe-consultores-do-premio-innovare\\\/#primaryimage\",\"url\":\"\",\"contentUrl\":\"\"},{\"@type\":\"BreadcrumbList\",\"@id\":\"https:\\\/\\\/www.mpc.pr.gov.br\\\/index.php\\\/mp-de-contas-recebe-consultores-do-premio-innovare\\\/#breadcrumb\",\"itemListElement\":[{\"@type\":\"ListItem\",\"position\":1,\"name\":\"In\u00edcio\",\"item\":\"https:\\\/\\\/www.mpc.pr.gov.br\\\/\"},{\"@type\":\"ListItem\",\"position\":2,\"name\":\"MP de Contas recebe consultores do Pr\u00eamio Innovare\"}]},{\"@type\":\"WebSite\",\"@id\":\"https:\\\/\\\/www.mpc.pr.gov.br\\\/#website\",\"url\":\"https:\\\/\\\/www.mpc.pr.gov.br\\\/\",\"name\":\"Minist\u00e9rio P\u00fablico de Contas do Estado do Paran\u00e1\",\"description\":\"\",\"publisher\":{\"@id\":\"https:\\\/\\\/www.mpc.pr.gov.br\\\/#organization\"},\"potentialAction\":[{\"@type\":\"SearchAction\",\"target\":{\"@type\":\"EntryPoint\",\"urlTemplate\":\"https:\\\/\\\/www.mpc.pr.gov.br\\\/?s={search_term_string}\"},\"query-input\":{\"@type\":\"PropertyValueSpecification\",\"valueRequired\":true,\"valueName\":\"search_term_string\"}}],\"inLanguage\":\"pt-BR\"},{\"@type\":\"Organization\",\"@id\":\"https:\\\/\\\/www.mpc.pr.gov.br\\\/#organization\",\"name\":\"Minist\u00e9rio P\u00fablico de Contas do Estado do Paran\u00e1\",\"url\":\"https:\\\/\\\/www.mpc.pr.gov.br\\\/\",\"logo\":{\"@type\":\"ImageObject\",\"inLanguage\":\"pt-BR\",\"@id\":\"https:\\\/\\\/www.mpc.pr.gov.br\\\/#\\\/schema\\\/logo\\\/image\\\/\",\"url\":\"https:\\\/\\\/www.mpc.pr.gov.br\\\/wp-content\\\/uploads\\\/2020\\\/06\\\/99423647_1593460364143890_6706793420720963584_n-1-e1591387983167.png\",\"contentUrl\":\"https:\\\/\\\/www.mpc.pr.gov.br\\\/wp-content\\\/uploads\\\/2020\\\/06\\\/99423647_1593460364143890_6706793420720963584_n-1-e1591387983167.png\",\"width\":243,\"height\":73,\"caption\":\"Minist\u00e9rio P\u00fablico de Contas do Estado do Paran\u00e1\"},\"image\":{\"@id\":\"https:\\\/\\\/www.mpc.pr.gov.br\\\/#\\\/schema\\\/logo\\\/image\\\/\"},\"sameAs\":[\"https:\\\/\\\/www.facebook.com\\\/mpc.pr\",\"https:\\\/\\\/www.instagram.com\\\/mpc.pr\\\/?hl=pt-br\",\"https:\\\/\\\/www.youtube.com\\\/channel\\\/UCHri5oEM8DV0ztX57E0sBSw\"]},{\"@type\":\"Person\",\"@id\":\"https:\\\/\\\/www.mpc.pr.gov.br\\\/#\\\/schema\\\/person\\\/d0c5cf9ebb4d8be833c419f3538cf751\",\"name\":\"giovanna.faria\",\"image\":{\"@type\":\"ImageObject\",\"inLanguage\":\"pt-BR\",\"@id\":\"https:\\\/\\\/secure.gravatar.com\\\/avatar\\\/?s=96&d=mm&r=g\",\"url\":\"https:\\\/\\\/secure.gravatar.com\\\/avatar\\\/?s=96&d=mm&r=g\",\"contentUrl\":\"https:\\\/\\\/secure.gravatar.com\\\/avatar\\\/?s=96&d=mm&r=g\",\"caption\":\"giovanna.faria\"}}]}<\/script>\n<!-- \/ Yoast SEO plugin. -->","yoast_head_json":{"title":"MP de Contas recebe consultores do Pr\u00eamio Innovare - Minist\u00e9rio P\u00fablico de Contas do Estado do Paran\u00e1","robots":{"index":"index","follow":"follow","max-snippet":"max-snippet:-1","max-image-preview":"max-image-preview:large","max-video-preview":"max-video-preview:-1"},"canonical":"https:\/\/www.mpc.pr.gov.br\/index.php\/mp-de-contas-recebe-consultores-do-premio-innovare\/","og_locale":"pt_BR","og_type":"article","og_title":"MP de Contas recebe consultores do Pr\u00eamio Innovare - Minist\u00e9rio P\u00fablico de Contas do Estado do Paran\u00e1","og_description":"Na tarde de hoje (18), o MP de Contas recebeu a visita de dois consultores da 16\u00aa edi\u00e7\u00e3o do Pr\u00eamio Innovare, que tem como objetivo identificar, divulgar e difundir pr\u00e1ticas que contribuam para o aprimoramento da Justi\u00e7a no Brasil. O \u00f3rg\u00e3o ministerial inscreveu dois dos projetos de atua\u00e7\u00e3o especial da institui\u00e7\u00e3o, que visam a fiscaliza\u00e7\u00e3o [&hellip;]","og_url":"https:\/\/www.mpc.pr.gov.br\/index.php\/mp-de-contas-recebe-consultores-do-premio-innovare\/","og_site_name":"Minist\u00e9rio P\u00fablico de Contas do Estado do Paran\u00e1","article_publisher":"https:\/\/www.facebook.com\/mpc.pr","article_published_time":"2019-06-18T19:01:55+00:00","author":"giovanna.faria","twitter_card":"summary_large_image","twitter_misc":{"Escrito por":"giovanna.faria","Est. tempo de leitura":"3 minutos"},"schema":{"@context":"https:\/\/schema.org","@graph":[{"@type":"Article","@id":"https:\/\/www.mpc.pr.gov.br\/index.php\/mp-de-contas-recebe-consultores-do-premio-innovare\/#article","isPartOf":{"@id":"https:\/\/www.mpc.pr.gov.br\/index.php\/mp-de-contas-recebe-consultores-do-premio-innovare\/"},"author":{"name":"giovanna.faria","@id":"https:\/\/www.mpc.pr.gov.br\/#\/schema\/person\/d0c5cf9ebb4d8be833c419f3538cf751"},"headline":"MP de Contas recebe consultores do Pr\u00eamio Innovare","datePublished":"2019-06-18T19:01:55+00:00","mainEntityOfPage":{"@id":"https:\/\/www.mpc.pr.gov.br\/index.php\/mp-de-contas-recebe-consultores-do-premio-innovare\/"},"wordCount":635,"commentCount":0,"publisher":{"@id":"https:\/\/www.mpc.pr.gov.br\/#organization"},"image":{"@id":"https:\/\/www.mpc.pr.gov.br\/index.php\/mp-de-contas-recebe-consultores-do-premio-innovare\/#primaryimage"},"thumbnailUrl":"","articleSection":["Todas as not\u00edcias","\u00daltimas not\u00edcias"],"inLanguage":"pt-BR","potentialAction":[{"@type":"CommentAction","name":"Comment","target":["https:\/\/www.mpc.pr.gov.br\/index.php\/mp-de-contas-recebe-consultores-do-premio-innovare\/#respond"]}]},{"@type":"WebPage","@id":"https:\/\/www.mpc.pr.gov.br\/index.php\/mp-de-contas-recebe-consultores-do-premio-innovare\/","url":"https:\/\/www.mpc.pr.gov.br\/index.php\/mp-de-contas-recebe-consultores-do-premio-innovare\/","name":"MP de Contas recebe consultores do Pr\u00eamio Innovare - Minist\u00e9rio P\u00fablico de Contas do Estado do Paran\u00e1","isPartOf":{"@id":"https:\/\/www.mpc.pr.gov.br\/#website"},"primaryImageOfPage":{"@id":"https:\/\/www.mpc.pr.gov.br\/index.php\/mp-de-contas-recebe-consultores-do-premio-innovare\/#primaryimage"},"image":{"@id":"https:\/\/www.mpc.pr.gov.br\/index.php\/mp-de-contas-recebe-consultores-do-premio-innovare\/#primaryimage"},"thumbnailUrl":"","datePublished":"2019-06-18T19:01:55+00:00","breadcrumb":{"@id":"https:\/\/www.mpc.pr.gov.br\/index.php\/mp-de-contas-recebe-consultores-do-premio-innovare\/#breadcrumb"},"inLanguage":"pt-BR","potentialAction":[{"@type":"ReadAction","target":["https:\/\/www.mpc.pr.gov.br\/index.php\/mp-de-contas-recebe-consultores-do-premio-innovare\/"]}]},{"@type":"ImageObject","inLanguage":"pt-BR","@id":"https:\/\/www.mpc.pr.gov.br\/index.php\/mp-de-contas-recebe-consultores-do-premio-innovare\/#primaryimage","url":"","contentUrl":""},{"@type":"BreadcrumbList","@id":"https:\/\/www.mpc.pr.gov.br\/index.php\/mp-de-contas-recebe-consultores-do-premio-innovare\/#breadcrumb","itemListElement":[{"@type":"ListItem","position":1,"name":"In\u00edcio","item":"https:\/\/www.mpc.pr.gov.br\/"},{"@type":"ListItem","position":2,"name":"MP de Contas recebe consultores do Pr\u00eamio Innovare"}]},{"@type":"WebSite","@id":"https:\/\/www.mpc.pr.gov.br\/#website","url":"https:\/\/www.mpc.pr.gov.br\/","name":"Minist\u00e9rio P\u00fablico de Contas do Estado do Paran\u00e1","description":"","publisher":{"@id":"https:\/\/www.mpc.pr.gov.br\/#organization"},"potentialAction":[{"@type":"SearchAction","target":{"@type":"EntryPoint","urlTemplate":"https:\/\/www.mpc.pr.gov.br\/?s={search_term_string}"},"query-input":{"@type":"PropertyValueSpecification","valueRequired":true,"valueName":"search_term_string"}}],"inLanguage":"pt-BR"},{"@type":"Organization","@id":"https:\/\/www.mpc.pr.gov.br\/#organization","name":"Minist\u00e9rio P\u00fablico de Contas do Estado do Paran\u00e1","url":"https:\/\/www.mpc.pr.gov.br\/","logo":{"@type":"ImageObject","inLanguage":"pt-BR","@id":"https:\/\/www.mpc.pr.gov.br\/#\/schema\/logo\/image\/","url":"https:\/\/www.mpc.pr.gov.br\/wp-content\/uploads\/2020\/06\/99423647_1593460364143890_6706793420720963584_n-1-e1591387983167.png","contentUrl":"https:\/\/www.mpc.pr.gov.br\/wp-content\/uploads\/2020\/06\/99423647_1593460364143890_6706793420720963584_n-1-e1591387983167.png","width":243,"height":73,"caption":"Minist\u00e9rio P\u00fablico de Contas do Estado do Paran\u00e1"},"image":{"@id":"https:\/\/www.mpc.pr.gov.br\/#\/schema\/logo\/image\/"},"sameAs":["https:\/\/www.facebook.com\/mpc.pr","https:\/\/www.instagram.com\/mpc.pr\/?hl=pt-br","https:\/\/www.youtube.com\/channel\/UCHri5oEM8DV0ztX57E0sBSw"]},{"@type":"Person","@id":"https:\/\/www.mpc.pr.gov.br\/#\/schema\/person\/d0c5cf9ebb4d8be833c419f3538cf751","name":"giovanna.faria","image":{"@type":"ImageObject","inLanguage":"pt-BR","@id":"https:\/\/secure.gravatar.com\/avatar\/?s=96&d=mm&r=g","url":"https:\/\/secure.gravatar.com\/avatar\/?s=96&d=mm&r=g","contentUrl":"https:\/\/secure.gravatar.com\/avatar\/?s=96&d=mm&r=g","caption":"giovanna.faria"}}]}},"rttpg_featured_image_url":null,"rttpg_author":{"display_name":"giovanna.faria","author_link":"https:\/\/www.mpc.pr.gov.br\/index.php\/author\/giovanna-faria\/"},"rttpg_comment":0,"rttpg_category":"<a href=\"https:\/\/www.mpc.pr.gov.br\/index.php\/category\/todas-as-noticias\/\" rel=\"category tag\">Todas as not\u00edcias<\/a> <a href=\"https:\/\/www.mpc.pr.gov.br\/index.php\/category\/ultimas-noticias\/\" rel=\"category tag\">\u00daltimas not\u00edcias<\/a>","rttpg_excerpt":"Na tarde de hoje (18), o MP de Contas recebeu a visita de dois consultores da 16\u00aa edi\u00e7\u00e3o do Pr\u00eamio Innovare, que tem como objetivo identificar, divulgar e difundir pr\u00e1ticas que contribuam para o aprimoramento da Justi\u00e7a no Brasil. O \u00f3rg\u00e3o ministerial inscreveu dois dos projetos de atua\u00e7\u00e3o especial da institui\u00e7\u00e3o, que visam a fiscaliza\u00e7\u00e3o&hellip;","_links":{"self":[{"href":"https:\/\/www.mpc.pr.gov.br\/index.php\/wp-json\/wp\/v2\/posts\/7254","targetHints":{"allow":["GET"]}}],"collection":[{"href":"https:\/\/www.mpc.pr.gov.br\/index.php\/wp-json\/wp\/v2\/posts"}],"about":[{"href":"https:\/\/www.mpc.pr.gov.br\/index.php\/wp-json\/wp\/v2\/types\/post"}],"author":[{"embeddable":true,"href":"https:\/\/www.mpc.pr.gov.br\/index.php\/wp-json\/wp\/v2\/users\/5"}],"replies":[{"embeddable":true,"href":"https:\/\/www.mpc.pr.gov.br\/index.php\/wp-json\/wp\/v2\/comments?post=7254"}],"version-history":[{"count":0,"href":"https:\/\/www.mpc.pr.gov.br\/index.php\/wp-json\/wp\/v2\/posts\/7254\/revisions"}],"wp:featuredmedia":[{"embeddable":true,"href":"https:\/\/www.mpc.pr.gov.br\/index.php\/wp-json\/"}],"wp:attachment":[{"href":"https:\/\/www.mpc.pr.gov.br\/index.php\/wp-json\/wp\/v2\/media?parent=7254"}],"wp:term":[{"taxonomy":"category","embeddable":true,"href":"https:\/\/www.mpc.pr.gov.br\/index.php\/wp-json\/wp\/v2\/categories?post=7254"},{"taxonomy":"post_tag","embeddable":true,"href":"https:\/\/www.mpc.pr.gov.br\/index.php\/wp-json\/wp\/v2\/tags?post=7254"}],"curies":[{"name":"wp","href":"https:\/\/api.w.org\/{rel}","templated":true}]}}