{"id":7349,"date":"2019-07-12T14:05:40","date_gmt":"2019-07-12T17:05:40","guid":{"rendered":"http:\/\/www.mpc.pr.gov.br\/?p=7349"},"modified":"2019-07-12T14:05:40","modified_gmt":"2019-07-12T17:05:40","slug":"mp-de-contas-encaminha-recomendacao-para-que-prefeitos-disponibilizem-internet-nas-escolas","status":"publish","type":"post","link":"https:\/\/www.mpc.pr.gov.br\/index.php\/mp-de-contas-encaminha-recomendacao-para-que-prefeitos-disponibilizem-internet-nas-escolas\/","title":{"rendered":"MP de Contas encaminha recomenda\u00e7\u00e3o para que prefeitos disponibilizem internet nas escolas"},"content":{"rendered":"<p><img fetchpriority=\"high\" decoding=\"async\" class=\"alignleft wp-image-7350 size-medium\" src=\"http:\/\/www.mpc.pr.gov.br\/wp-content\/uploads\/2019\/07\/ipad-907577_960_720-300x200.jpg\" alt=\"\" width=\"300\" height=\"200\" \/>O MP de Contas do Paran\u00e1 est\u00e1 encaminhando Recomenda\u00e7\u00f5es Administrativas para 277 prefeituras do Estado, a fim de que passem a disponibilizar internet banda larga de alta velocidade em todas as unidades de ensino da educa\u00e7\u00e3o b\u00e1sica. Tal medida faz parte do Projeto de Atua\u00e7\u00e3o Especial do \u00f3rg\u00e3o ministerial, que visa fiscalizar o cumprimento das metas do Plano Nacional de Educa\u00e7\u00e3o (PNE).<\/p>\n<p>O acesso a internet nas escolas \u00e9 uma das estrat\u00e9gias da Lei Federal n\u00b0 13.005\/2014 para se atingir a meta 7 do PNE, a qual determina que seja \u00a0<em>\u201cfomentada a qualidade da educa\u00e7\u00e3o b\u00e1sica em todas as etapas e modalidades, com melhoria do fluxo escolar e de aprendizagem, de modo a atingir as m\u00e9dias nacionais para o \u00cdndice de Desenvolvimento da Educa\u00e7\u00e3o B\u00e1sica (Ideb)\u201d. <\/em><\/p>\n<p>Anteriormente o MP de Contas j\u00e1 havia oficiado as 399 prefeituras com o objetivo de apurar quantas institui\u00e7\u00f5es de ensino j\u00e1 disponibilizavam o acesso a internet. Contudo, apenas 113 prefeitos responderam os questionamentos.<\/p>\n<p>A aus\u00eancia de respostas motivou o \u00f3rg\u00e3o ministerial a encaminhar as recomenda\u00e7\u00f5es para esses 277 munic\u00edpios para que, no prazo de 120 dias, implementam o acesso \u00e0 internet banda larga de alta velocidade em todos os estabelecimentos de ensino da educa\u00e7\u00e3o b\u00e1sica; que realizem a manuten\u00e7\u00e3o do acesso \u00e0 internet em todos as escolas que j\u00e1 a possuem, com a consequente promo\u00e7\u00e3o da utiliza\u00e7\u00e3o pedag\u00f3gica das tecnologias da informa\u00e7\u00e3o e da comunica\u00e7\u00e3o; e que fixe metas e prazos para todo e qualquer estabelecimento municipal em que ainda n\u00e3o haja acesso \u00e0 internet banda larga, de modo que eventuais impedimentos ou dificuldades sejam solucionados e todos os estabelecimentos estejam de acordo com a Lei.<\/p>\n<p>O conte\u00fado da Recomenda\u00e7\u00e3o Administrativa n\u00b0 28\/2019 pode ser acessado <a href=\"http:\/\/www.mpc.pr.gov.br\/wp-content\/uploads\/2019\/07\/Recomenda%C3%A7%C3%A3o_Administrativa_28_2019.pdf\">aqui<\/a>.<\/p>\n","protected":false},"excerpt":{"rendered":"<p>O MP de Contas do Paran\u00e1 est\u00e1 encaminhando Recomenda\u00e7\u00f5es Administrativas para 277 prefeituras do Estado, a fim de que passem a disponibilizar internet banda larga de alta velocidade em todas as unidades de ensino da educa\u00e7\u00e3o b\u00e1sica. Tal medida faz parte do Projeto de Atua\u00e7\u00e3o Especial do \u00f3rg\u00e3o ministerial, que visa fiscalizar o cumprimento das [&hellip;]<\/p>\n","protected":false},"author":5,"featured_media":7350,"comment_status":"open","ping_status":"open","sticky":false,"template":"","format":"standard","meta":{"_monsterinsights_skip_tracking":false,"_monsterinsights_sitenote_active":false,"_monsterinsights_sitenote_note":"","_monsterinsights_sitenote_category":0,"footnotes":""},"categories":[7,14],"tags":[],"class_list":["post-7349","post","type-post","status-publish","format-standard","has-post-thumbnail","hentry","category-todas-as-noticias","category-ultimas-noticias","entry","has-media"],"yoast_head":"<!-- This site is optimized with the Yoast SEO plugin v27.3 - https:\/\/yoast.com\/product\/yoast-seo-wordpress\/ -->\n<title>MP de Contas encaminha recomenda\u00e7\u00e3o para que prefeitos disponibilizem internet nas escolas - Minist\u00e9rio P\u00fablico de Contas do Estado do Paran\u00e1<\/title>\n<meta name=\"robots\" content=\"index, follow, max-snippet:-1, max-image-preview:large, max-video-preview:-1\" \/>\n<link rel=\"canonical\" href=\"https:\/\/www.mpc.pr.gov.br\/index.php\/mp-de-contas-encaminha-recomendacao-para-que-prefeitos-disponibilizem-internet-nas-escolas\/\" \/>\n<meta property=\"og:locale\" content=\"pt_BR\" \/>\n<meta property=\"og:type\" content=\"article\" \/>\n<meta property=\"og:title\" content=\"MP de Contas encaminha recomenda\u00e7\u00e3o para que prefeitos disponibilizem internet nas escolas - Minist\u00e9rio P\u00fablico de Contas do Estado do Paran\u00e1\" \/>\n<meta property=\"og:description\" content=\"O MP de Contas do Paran\u00e1 est\u00e1 encaminhando Recomenda\u00e7\u00f5es Administrativas para 277 prefeituras do Estado, a fim de que passem a disponibilizar internet banda larga de alta velocidade em todas as unidades de ensino da educa\u00e7\u00e3o b\u00e1sica. Tal medida faz parte do Projeto de Atua\u00e7\u00e3o Especial do \u00f3rg\u00e3o ministerial, que visa fiscalizar o cumprimento das [&hellip;]\" \/>\n<meta property=\"og:url\" content=\"https:\/\/www.mpc.pr.gov.br\/index.php\/mp-de-contas-encaminha-recomendacao-para-que-prefeitos-disponibilizem-internet-nas-escolas\/\" \/>\n<meta property=\"og:site_name\" content=\"Minist\u00e9rio P\u00fablico de Contas do Estado do Paran\u00e1\" \/>\n<meta property=\"article:publisher\" content=\"https:\/\/www.facebook.com\/mpc.pr\" \/>\n<meta property=\"article:published_time\" content=\"2019-07-12T17:05:40+00:00\" \/>\n<meta name=\"author\" content=\"giovanna.faria\" \/>\n<meta name=\"twitter:card\" content=\"summary_large_image\" \/>\n<meta name=\"twitter:label1\" content=\"Escrito por\" \/>\n\t<meta name=\"twitter:data1\" content=\"giovanna.faria\" \/>\n\t<meta name=\"twitter:label2\" content=\"Est. tempo de leitura\" \/>\n\t<meta name=\"twitter:data2\" content=\"1 minuto\" \/>\n<script type=\"application\/ld+json\" class=\"yoast-schema-graph\">{\"@context\":\"https:\\\/\\\/schema.org\",\"@graph\":[{\"@type\":\"Article\",\"@id\":\"https:\\\/\\\/www.mpc.pr.gov.br\\\/index.php\\\/mp-de-contas-encaminha-recomendacao-para-que-prefeitos-disponibilizem-internet-nas-escolas\\\/#article\",\"isPartOf\":{\"@id\":\"https:\\\/\\\/www.mpc.pr.gov.br\\\/index.php\\\/mp-de-contas-encaminha-recomendacao-para-que-prefeitos-disponibilizem-internet-nas-escolas\\\/\"},\"author\":{\"name\":\"giovanna.faria\",\"@id\":\"https:\\\/\\\/www.mpc.pr.gov.br\\\/#\\\/schema\\\/person\\\/d0c5cf9ebb4d8be833c419f3538cf751\"},\"headline\":\"MP de Contas encaminha recomenda\u00e7\u00e3o para que prefeitos disponibilizem internet nas escolas\",\"datePublished\":\"2019-07-12T17:05:40+00:00\",\"mainEntityOfPage\":{\"@id\":\"https:\\\/\\\/www.mpc.pr.gov.br\\\/index.php\\\/mp-de-contas-encaminha-recomendacao-para-que-prefeitos-disponibilizem-internet-nas-escolas\\\/\"},\"wordCount\":312,\"commentCount\":0,\"publisher\":{\"@id\":\"https:\\\/\\\/www.mpc.pr.gov.br\\\/#organization\"},\"image\":{\"@id\":\"https:\\\/\\\/www.mpc.pr.gov.br\\\/index.php\\\/mp-de-contas-encaminha-recomendacao-para-que-prefeitos-disponibilizem-internet-nas-escolas\\\/#primaryimage\"},\"thumbnailUrl\":\"\",\"articleSection\":[\"Todas as not\u00edcias\",\"\u00daltimas not\u00edcias\"],\"inLanguage\":\"pt-BR\",\"potentialAction\":[{\"@type\":\"CommentAction\",\"name\":\"Comment\",\"target\":[\"https:\\\/\\\/www.mpc.pr.gov.br\\\/index.php\\\/mp-de-contas-encaminha-recomendacao-para-que-prefeitos-disponibilizem-internet-nas-escolas\\\/#respond\"]}]},{\"@type\":\"WebPage\",\"@id\":\"https:\\\/\\\/www.mpc.pr.gov.br\\\/index.php\\\/mp-de-contas-encaminha-recomendacao-para-que-prefeitos-disponibilizem-internet-nas-escolas\\\/\",\"url\":\"https:\\\/\\\/www.mpc.pr.gov.br\\\/index.php\\\/mp-de-contas-encaminha-recomendacao-para-que-prefeitos-disponibilizem-internet-nas-escolas\\\/\",\"name\":\"MP de Contas encaminha recomenda\u00e7\u00e3o para que prefeitos disponibilizem internet nas escolas - Minist\u00e9rio P\u00fablico de Contas do Estado do Paran\u00e1\",\"isPartOf\":{\"@id\":\"https:\\\/\\\/www.mpc.pr.gov.br\\\/#website\"},\"primaryImageOfPage\":{\"@id\":\"https:\\\/\\\/www.mpc.pr.gov.br\\\/index.php\\\/mp-de-contas-encaminha-recomendacao-para-que-prefeitos-disponibilizem-internet-nas-escolas\\\/#primaryimage\"},\"image\":{\"@id\":\"https:\\\/\\\/www.mpc.pr.gov.br\\\/index.php\\\/mp-de-contas-encaminha-recomendacao-para-que-prefeitos-disponibilizem-internet-nas-escolas\\\/#primaryimage\"},\"thumbnailUrl\":\"\",\"datePublished\":\"2019-07-12T17:05:40+00:00\",\"breadcrumb\":{\"@id\":\"https:\\\/\\\/www.mpc.pr.gov.br\\\/index.php\\\/mp-de-contas-encaminha-recomendacao-para-que-prefeitos-disponibilizem-internet-nas-escolas\\\/#breadcrumb\"},\"inLanguage\":\"pt-BR\",\"potentialAction\":[{\"@type\":\"ReadAction\",\"target\":[\"https:\\\/\\\/www.mpc.pr.gov.br\\\/index.php\\\/mp-de-contas-encaminha-recomendacao-para-que-prefeitos-disponibilizem-internet-nas-escolas\\\/\"]}]},{\"@type\":\"ImageObject\",\"inLanguage\":\"pt-BR\",\"@id\":\"https:\\\/\\\/www.mpc.pr.gov.br\\\/index.php\\\/mp-de-contas-encaminha-recomendacao-para-que-prefeitos-disponibilizem-internet-nas-escolas\\\/#primaryimage\",\"url\":\"\",\"contentUrl\":\"\"},{\"@type\":\"BreadcrumbList\",\"@id\":\"https:\\\/\\\/www.mpc.pr.gov.br\\\/index.php\\\/mp-de-contas-encaminha-recomendacao-para-que-prefeitos-disponibilizem-internet-nas-escolas\\\/#breadcrumb\",\"itemListElement\":[{\"@type\":\"ListItem\",\"position\":1,\"name\":\"In\u00edcio\",\"item\":\"https:\\\/\\\/www.mpc.pr.gov.br\\\/\"},{\"@type\":\"ListItem\",\"position\":2,\"name\":\"MP de Contas encaminha recomenda\u00e7\u00e3o para que prefeitos disponibilizem internet nas escolas\"}]},{\"@type\":\"WebSite\",\"@id\":\"https:\\\/\\\/www.mpc.pr.gov.br\\\/#website\",\"url\":\"https:\\\/\\\/www.mpc.pr.gov.br\\\/\",\"name\":\"Minist\u00e9rio P\u00fablico de Contas do Estado do Paran\u00e1\",\"description\":\"\",\"publisher\":{\"@id\":\"https:\\\/\\\/www.mpc.pr.gov.br\\\/#organization\"},\"potentialAction\":[{\"@type\":\"SearchAction\",\"target\":{\"@type\":\"EntryPoint\",\"urlTemplate\":\"https:\\\/\\\/www.mpc.pr.gov.br\\\/?s={search_term_string}\"},\"query-input\":{\"@type\":\"PropertyValueSpecification\",\"valueRequired\":true,\"valueName\":\"search_term_string\"}}],\"inLanguage\":\"pt-BR\"},{\"@type\":\"Organization\",\"@id\":\"https:\\\/\\\/www.mpc.pr.gov.br\\\/#organization\",\"name\":\"Minist\u00e9rio P\u00fablico de Contas do Estado do Paran\u00e1\",\"url\":\"https:\\\/\\\/www.mpc.pr.gov.br\\\/\",\"logo\":{\"@type\":\"ImageObject\",\"inLanguage\":\"pt-BR\",\"@id\":\"https:\\\/\\\/www.mpc.pr.gov.br\\\/#\\\/schema\\\/logo\\\/image\\\/\",\"url\":\"https:\\\/\\\/www.mpc.pr.gov.br\\\/wp-content\\\/uploads\\\/2020\\\/06\\\/99423647_1593460364143890_6706793420720963584_n-1-e1591387983167.png\",\"contentUrl\":\"https:\\\/\\\/www.mpc.pr.gov.br\\\/wp-content\\\/uploads\\\/2020\\\/06\\\/99423647_1593460364143890_6706793420720963584_n-1-e1591387983167.png\",\"width\":243,\"height\":73,\"caption\":\"Minist\u00e9rio P\u00fablico de Contas do Estado do Paran\u00e1\"},\"image\":{\"@id\":\"https:\\\/\\\/www.mpc.pr.gov.br\\\/#\\\/schema\\\/logo\\\/image\\\/\"},\"sameAs\":[\"https:\\\/\\\/www.facebook.com\\\/mpc.pr\",\"https:\\\/\\\/www.instagram.com\\\/mpc.pr\\\/?hl=pt-br\",\"https:\\\/\\\/www.youtube.com\\\/channel\\\/UCHri5oEM8DV0ztX57E0sBSw\"]},{\"@type\":\"Person\",\"@id\":\"https:\\\/\\\/www.mpc.pr.gov.br\\\/#\\\/schema\\\/person\\\/d0c5cf9ebb4d8be833c419f3538cf751\",\"name\":\"giovanna.faria\",\"image\":{\"@type\":\"ImageObject\",\"inLanguage\":\"pt-BR\",\"@id\":\"https:\\\/\\\/secure.gravatar.com\\\/avatar\\\/?s=96&d=mm&r=g\",\"url\":\"https:\\\/\\\/secure.gravatar.com\\\/avatar\\\/?s=96&d=mm&r=g\",\"contentUrl\":\"https:\\\/\\\/secure.gravatar.com\\\/avatar\\\/?s=96&d=mm&r=g\",\"caption\":\"giovanna.faria\"}}]}<\/script>\n<!-- \/ Yoast SEO plugin. -->","yoast_head_json":{"title":"MP de Contas encaminha recomenda\u00e7\u00e3o para que prefeitos disponibilizem internet nas escolas - Minist\u00e9rio P\u00fablico de Contas do Estado do Paran\u00e1","robots":{"index":"index","follow":"follow","max-snippet":"max-snippet:-1","max-image-preview":"max-image-preview:large","max-video-preview":"max-video-preview:-1"},"canonical":"https:\/\/www.mpc.pr.gov.br\/index.php\/mp-de-contas-encaminha-recomendacao-para-que-prefeitos-disponibilizem-internet-nas-escolas\/","og_locale":"pt_BR","og_type":"article","og_title":"MP de Contas encaminha recomenda\u00e7\u00e3o para que prefeitos disponibilizem internet nas escolas - Minist\u00e9rio P\u00fablico de Contas do Estado do Paran\u00e1","og_description":"O MP de Contas do Paran\u00e1 est\u00e1 encaminhando Recomenda\u00e7\u00f5es Administrativas para 277 prefeituras do Estado, a fim de que passem a disponibilizar internet banda larga de alta velocidade em todas as unidades de ensino da educa\u00e7\u00e3o b\u00e1sica. Tal medida faz parte do Projeto de Atua\u00e7\u00e3o Especial do \u00f3rg\u00e3o ministerial, que visa fiscalizar o cumprimento das [&hellip;]","og_url":"https:\/\/www.mpc.pr.gov.br\/index.php\/mp-de-contas-encaminha-recomendacao-para-que-prefeitos-disponibilizem-internet-nas-escolas\/","og_site_name":"Minist\u00e9rio P\u00fablico de Contas do Estado do Paran\u00e1","article_publisher":"https:\/\/www.facebook.com\/mpc.pr","article_published_time":"2019-07-12T17:05:40+00:00","author":"giovanna.faria","twitter_card":"summary_large_image","twitter_misc":{"Escrito por":"giovanna.faria","Est. tempo de leitura":"1 minuto"},"schema":{"@context":"https:\/\/schema.org","@graph":[{"@type":"Article","@id":"https:\/\/www.mpc.pr.gov.br\/index.php\/mp-de-contas-encaminha-recomendacao-para-que-prefeitos-disponibilizem-internet-nas-escolas\/#article","isPartOf":{"@id":"https:\/\/www.mpc.pr.gov.br\/index.php\/mp-de-contas-encaminha-recomendacao-para-que-prefeitos-disponibilizem-internet-nas-escolas\/"},"author":{"name":"giovanna.faria","@id":"https:\/\/www.mpc.pr.gov.br\/#\/schema\/person\/d0c5cf9ebb4d8be833c419f3538cf751"},"headline":"MP de Contas encaminha recomenda\u00e7\u00e3o para que prefeitos disponibilizem internet nas escolas","datePublished":"2019-07-12T17:05:40+00:00","mainEntityOfPage":{"@id":"https:\/\/www.mpc.pr.gov.br\/index.php\/mp-de-contas-encaminha-recomendacao-para-que-prefeitos-disponibilizem-internet-nas-escolas\/"},"wordCount":312,"commentCount":0,"publisher":{"@id":"https:\/\/www.mpc.pr.gov.br\/#organization"},"image":{"@id":"https:\/\/www.mpc.pr.gov.br\/index.php\/mp-de-contas-encaminha-recomendacao-para-que-prefeitos-disponibilizem-internet-nas-escolas\/#primaryimage"},"thumbnailUrl":"","articleSection":["Todas as not\u00edcias","\u00daltimas not\u00edcias"],"inLanguage":"pt-BR","potentialAction":[{"@type":"CommentAction","name":"Comment","target":["https:\/\/www.mpc.pr.gov.br\/index.php\/mp-de-contas-encaminha-recomendacao-para-que-prefeitos-disponibilizem-internet-nas-escolas\/#respond"]}]},{"@type":"WebPage","@id":"https:\/\/www.mpc.pr.gov.br\/index.php\/mp-de-contas-encaminha-recomendacao-para-que-prefeitos-disponibilizem-internet-nas-escolas\/","url":"https:\/\/www.mpc.pr.gov.br\/index.php\/mp-de-contas-encaminha-recomendacao-para-que-prefeitos-disponibilizem-internet-nas-escolas\/","name":"MP de Contas encaminha recomenda\u00e7\u00e3o para que prefeitos disponibilizem internet nas escolas - Minist\u00e9rio P\u00fablico de Contas do Estado do Paran\u00e1","isPartOf":{"@id":"https:\/\/www.mpc.pr.gov.br\/#website"},"primaryImageOfPage":{"@id":"https:\/\/www.mpc.pr.gov.br\/index.php\/mp-de-contas-encaminha-recomendacao-para-que-prefeitos-disponibilizem-internet-nas-escolas\/#primaryimage"},"image":{"@id":"https:\/\/www.mpc.pr.gov.br\/index.php\/mp-de-contas-encaminha-recomendacao-para-que-prefeitos-disponibilizem-internet-nas-escolas\/#primaryimage"},"thumbnailUrl":"","datePublished":"2019-07-12T17:05:40+00:00","breadcrumb":{"@id":"https:\/\/www.mpc.pr.gov.br\/index.php\/mp-de-contas-encaminha-recomendacao-para-que-prefeitos-disponibilizem-internet-nas-escolas\/#breadcrumb"},"inLanguage":"pt-BR","potentialAction":[{"@type":"ReadAction","target":["https:\/\/www.mpc.pr.gov.br\/index.php\/mp-de-contas-encaminha-recomendacao-para-que-prefeitos-disponibilizem-internet-nas-escolas\/"]}]},{"@type":"ImageObject","inLanguage":"pt-BR","@id":"https:\/\/www.mpc.pr.gov.br\/index.php\/mp-de-contas-encaminha-recomendacao-para-que-prefeitos-disponibilizem-internet-nas-escolas\/#primaryimage","url":"","contentUrl":""},{"@type":"BreadcrumbList","@id":"https:\/\/www.mpc.pr.gov.br\/index.php\/mp-de-contas-encaminha-recomendacao-para-que-prefeitos-disponibilizem-internet-nas-escolas\/#breadcrumb","itemListElement":[{"@type":"ListItem","position":1,"name":"In\u00edcio","item":"https:\/\/www.mpc.pr.gov.br\/"},{"@type":"ListItem","position":2,"name":"MP de Contas encaminha recomenda\u00e7\u00e3o para que prefeitos disponibilizem internet nas escolas"}]},{"@type":"WebSite","@id":"https:\/\/www.mpc.pr.gov.br\/#website","url":"https:\/\/www.mpc.pr.gov.br\/","name":"Minist\u00e9rio P\u00fablico de Contas do Estado do Paran\u00e1","description":"","publisher":{"@id":"https:\/\/www.mpc.pr.gov.br\/#organization"},"potentialAction":[{"@type":"SearchAction","target":{"@type":"EntryPoint","urlTemplate":"https:\/\/www.mpc.pr.gov.br\/?s={search_term_string}"},"query-input":{"@type":"PropertyValueSpecification","valueRequired":true,"valueName":"search_term_string"}}],"inLanguage":"pt-BR"},{"@type":"Organization","@id":"https:\/\/www.mpc.pr.gov.br\/#organization","name":"Minist\u00e9rio P\u00fablico de Contas do Estado do Paran\u00e1","url":"https:\/\/www.mpc.pr.gov.br\/","logo":{"@type":"ImageObject","inLanguage":"pt-BR","@id":"https:\/\/www.mpc.pr.gov.br\/#\/schema\/logo\/image\/","url":"https:\/\/www.mpc.pr.gov.br\/wp-content\/uploads\/2020\/06\/99423647_1593460364143890_6706793420720963584_n-1-e1591387983167.png","contentUrl":"https:\/\/www.mpc.pr.gov.br\/wp-content\/uploads\/2020\/06\/99423647_1593460364143890_6706793420720963584_n-1-e1591387983167.png","width":243,"height":73,"caption":"Minist\u00e9rio P\u00fablico de Contas do Estado do Paran\u00e1"},"image":{"@id":"https:\/\/www.mpc.pr.gov.br\/#\/schema\/logo\/image\/"},"sameAs":["https:\/\/www.facebook.com\/mpc.pr","https:\/\/www.instagram.com\/mpc.pr\/?hl=pt-br","https:\/\/www.youtube.com\/channel\/UCHri5oEM8DV0ztX57E0sBSw"]},{"@type":"Person","@id":"https:\/\/www.mpc.pr.gov.br\/#\/schema\/person\/d0c5cf9ebb4d8be833c419f3538cf751","name":"giovanna.faria","image":{"@type":"ImageObject","inLanguage":"pt-BR","@id":"https:\/\/secure.gravatar.com\/avatar\/?s=96&d=mm&r=g","url":"https:\/\/secure.gravatar.com\/avatar\/?s=96&d=mm&r=g","contentUrl":"https:\/\/secure.gravatar.com\/avatar\/?s=96&d=mm&r=g","caption":"giovanna.faria"}}]}},"rttpg_featured_image_url":null,"rttpg_author":{"display_name":"giovanna.faria","author_link":"https:\/\/www.mpc.pr.gov.br\/index.php\/author\/giovanna-faria\/"},"rttpg_comment":0,"rttpg_category":"<a href=\"https:\/\/www.mpc.pr.gov.br\/index.php\/category\/todas-as-noticias\/\" rel=\"category tag\">Todas as not\u00edcias<\/a> <a href=\"https:\/\/www.mpc.pr.gov.br\/index.php\/category\/ultimas-noticias\/\" rel=\"category tag\">\u00daltimas not\u00edcias<\/a>","rttpg_excerpt":"O MP de Contas do Paran\u00e1 est\u00e1 encaminhando Recomenda\u00e7\u00f5es Administrativas para 277 prefeituras do Estado, a fim de que passem a disponibilizar internet banda larga de alta velocidade em todas as unidades de ensino da educa\u00e7\u00e3o b\u00e1sica. Tal medida faz parte do Projeto de Atua\u00e7\u00e3o Especial do \u00f3rg\u00e3o ministerial, que visa fiscalizar o cumprimento das&hellip;","_links":{"self":[{"href":"https:\/\/www.mpc.pr.gov.br\/index.php\/wp-json\/wp\/v2\/posts\/7349","targetHints":{"allow":["GET"]}}],"collection":[{"href":"https:\/\/www.mpc.pr.gov.br\/index.php\/wp-json\/wp\/v2\/posts"}],"about":[{"href":"https:\/\/www.mpc.pr.gov.br\/index.php\/wp-json\/wp\/v2\/types\/post"}],"author":[{"embeddable":true,"href":"https:\/\/www.mpc.pr.gov.br\/index.php\/wp-json\/wp\/v2\/users\/5"}],"replies":[{"embeddable":true,"href":"https:\/\/www.mpc.pr.gov.br\/index.php\/wp-json\/wp\/v2\/comments?post=7349"}],"version-history":[{"count":0,"href":"https:\/\/www.mpc.pr.gov.br\/index.php\/wp-json\/wp\/v2\/posts\/7349\/revisions"}],"wp:featuredmedia":[{"embeddable":true,"href":"https:\/\/www.mpc.pr.gov.br\/index.php\/wp-json\/"}],"wp:attachment":[{"href":"https:\/\/www.mpc.pr.gov.br\/index.php\/wp-json\/wp\/v2\/media?parent=7349"}],"wp:term":[{"taxonomy":"category","embeddable":true,"href":"https:\/\/www.mpc.pr.gov.br\/index.php\/wp-json\/wp\/v2\/categories?post=7349"},{"taxonomy":"post_tag","embeddable":true,"href":"https:\/\/www.mpc.pr.gov.br\/index.php\/wp-json\/wp\/v2\/tags?post=7349"}],"curies":[{"name":"wp","href":"https:\/\/api.w.org\/{rel}","templated":true}]}}