{"id":7352,"date":"2019-07-15T13:52:42","date_gmt":"2019-07-15T16:52:42","guid":{"rendered":"http:\/\/www.mpc.pr.gov.br\/?p=7352"},"modified":"2019-07-15T13:52:42","modified_gmt":"2019-07-15T16:52:42","slug":"tce-pr-retifica-decisao-em-acordao-que-trata-sobre-metodologia-para-definicao-de-precos-de-medicamentos","status":"publish","type":"post","link":"https:\/\/www.mpc.pr.gov.br\/index.php\/tce-pr-retifica-decisao-em-acordao-que-trata-sobre-metodologia-para-definicao-de-precos-de-medicamentos\/","title":{"rendered":"TCE-PR retifica decis\u00e3o em Ac\u00f3rd\u00e3o que trata sobre metodologia para defini\u00e7\u00e3o de pre\u00e7os de medicamentos"},"content":{"rendered":"<p><img fetchpriority=\"high\" decoding=\"async\" class=\"alignleft size-medium wp-image-7354\" src=\"http:\/\/www.mpc.pr.gov.br\/wp-content\/uploads\/2019\/07\/medications-257344_1920-300x199.jpg\" alt=\"\" width=\"300\" height=\"199\" \/>O Conselheiro F\u00e1bio Camargo deu provimento ao recurso de <a href=\"http:\/\/www.mpc.pr.gov.br\/wp-content\/uploads\/2019\/07\/Embargos-de-Declara\u00e7\u00e3o-MPC-602061-18.pdf\">embargos de declara\u00e7\u00e3o<\/a> interposto pelo MP de Contas do Paran\u00e1, em face do Ac\u00f3rd\u00e3o n\u00b0 1393\/19, e retificou a resposta dada a consulta formulada pelo munic\u00edpio de Ortigueira sobre a utiliza\u00e7\u00e3o dos valores registrados no Banco de Pre\u00e7os em Sa\u00fade (BPS) como refer\u00eancia \u00fanica para forma\u00e7\u00e3o de pre\u00e7o m\u00e1ximo.<\/p>\n<p>Na instru\u00e7\u00e3o do processo, tanto a Coordenadoria de Gest\u00e3o Municipal (CGM) quanto o \u00f3rg\u00e3o ministerial apontaram que o munic\u00edpio deve se utilizar de m\u00faltiplas fontes de pesquisa para se aproximar dos pre\u00e7os praticados pelo mercado, n\u00e3o devendo ser utilizado os valores do BPS como crit\u00e9rio \u00fanico.<\/p>\n<p>O MP de Contas destacou em seu <a href=\"http:\/\/www.mpc.pr.gov.br\/wp-content\/uploads\/2019\/04\/Parecer-90-19.pdf\">Parecer n\u00b0 90\/19<\/a>, que a consulta ao BPS dever ser obrigat\u00f3ria, em conformidade com determina\u00e7\u00f5es em decis\u00f5es cautelares nos Ac\u00f3rd\u00e3os n\u00ba(s) 2.161\/2018, 2.162\/2018 e 2.934\/18, todos do Tribunal Pleno do Tribunal de Contas do Paran\u00e1 (TCE-PR), da relatoria do Conselheiro Ivens Zschoerper Linhares.<\/p>\n<p>O \u00f3rg\u00e3o ministerial ainda acrescentou, devido a pertin\u00eancia do tema, que tamb\u00e9m deve ser exigida a ado\u00e7\u00e3o do C\u00f3digo BR como ferramenta de identifica\u00e7\u00e3o dos medicamentos. Pois, a utiliza\u00e7\u00e3o desse c\u00f3digo n\u00e3o apenas garante a identifica\u00e7\u00e3o dos valores efetivamente praticados no mercado, como tamb\u00e9m viabiliza a adequada padroniza\u00e7\u00e3o das compras promovidas pelo poder P\u00fablico e a eficiente fiscaliza\u00e7\u00e3o pelo TCE-PR.<\/p>\n<p>O relator da Consulta, Conselheiro F\u00e1bio Camargo, havia acompanhado integralmente o entendimento da unidade t\u00e9cnica e do MP de Contas. Contudo, ao analisar a decis\u00e3o, o \u00f3rg\u00e3o ministerial entendeu que houve omiss\u00e3o do relator ao determinar a obriga\u00e7\u00e3o do uso do BPS, sem a fixa\u00e7\u00e3o do par\u00e2metro a ser utilizado, uma vez que a aus\u00eancia de defini\u00e7\u00e3o do crit\u00e9rio pode ocasionar uma varia\u00e7\u00e3o consider\u00e1vel de pre\u00e7os.<\/p>\n<p>Por esse motivo o MP de Constas protocolou um recurso de <a href=\"http:\/\/www.mpc.pr.gov.br\/wp-content\/uploads\/2019\/07\/Embargos-de-Declara\u00e7\u00e3o-MPC-602061-18.pdf\">embargos de declara\u00e7\u00e3o<\/a>, no qual recomendou a ado\u00e7\u00e3o da m\u00e9dia ponderada do BPS como crit\u00e9rio de pre\u00e7o, por esse valor melhor representar os pre\u00e7os que s\u00e3o praticados no mercado.<\/p>\n<p>O recurso foi recebido pelo relator, que retificou a decis\u00e3o, respondendo a Consulta nos seguintes termos: <em>\u201cAl\u00e9m da obrigat\u00f3ria consulta ao Banco de Pre\u00e7os em Sa\u00fade \u2013 BPS, <strong>cujo par\u00e2metro dever\u00e1 ser o da m\u00e9dia ponderada<\/strong>, e a ado\u00e7\u00e3o do C\u00f3digo BR como identificador dos medicamentos, devem ser consultadas outras fontes de pesquisa para forma\u00e7\u00e3o do pre\u00e7o de refer\u00eancia, como o COMPRASNET (\u00e2mbito federal) e o COMPRASPARANA (\u00e2mbito estadual) e a cota\u00e7\u00e3o direta a fornecedores. H\u00e1 que se estabelecer uma cesta de pre\u00e7os aceit\u00e1veis, que deve ser analisada de forma cr\u00edtica, em especial quando houver grande varia\u00e7\u00e3o entre os valores apresentados. Todas as consultas realizadas devem constar expressamente e de forma detalhada e justificada do procedimento administrativo utilizado para a defini\u00e7\u00e3o do pre\u00e7o de refer\u00eancia.\u201d<\/em><\/p>\n<p>Os demais membros do Tribunal Pleno acompanharam, por unanimidade, o voto do relator, na sess\u00e3o do dia 3 de julho.<\/p>\n","protected":false},"excerpt":{"rendered":"<p>O Conselheiro F\u00e1bio Camargo deu provimento ao recurso de embargos de declara\u00e7\u00e3o interposto pelo MP de Contas do Paran\u00e1, em face do Ac\u00f3rd\u00e3o n\u00b0 1393\/19, e retificou a resposta dada a consulta formulada pelo munic\u00edpio de Ortigueira sobre a utiliza\u00e7\u00e3o dos valores registrados no Banco de Pre\u00e7os em Sa\u00fade (BPS) como refer\u00eancia \u00fanica para forma\u00e7\u00e3o [&hellip;]<\/p>\n","protected":false},"author":5,"featured_media":7354,"comment_status":"open","ping_status":"open","sticky":false,"template":"","format":"standard","meta":{"_monsterinsights_skip_tracking":false,"_monsterinsights_sitenote_active":false,"_monsterinsights_sitenote_note":"","_monsterinsights_sitenote_category":0,"footnotes":""},"categories":[7,14],"tags":[],"class_list":["post-7352","post","type-post","status-publish","format-standard","has-post-thumbnail","hentry","category-todas-as-noticias","category-ultimas-noticias","entry","has-media"],"yoast_head":"<!-- This site is optimized with the Yoast SEO plugin v27.3 - https:\/\/yoast.com\/product\/yoast-seo-wordpress\/ -->\n<title>TCE-PR retifica decis\u00e3o em Ac\u00f3rd\u00e3o que trata sobre metodologia para defini\u00e7\u00e3o de pre\u00e7os de medicamentos - Minist\u00e9rio P\u00fablico de Contas do Estado do Paran\u00e1<\/title>\n<meta name=\"robots\" content=\"index, follow, max-snippet:-1, max-image-preview:large, max-video-preview:-1\" \/>\n<link rel=\"canonical\" href=\"https:\/\/www.mpc.pr.gov.br\/index.php\/tce-pr-retifica-decisao-em-acordao-que-trata-sobre-metodologia-para-definicao-de-precos-de-medicamentos\/\" \/>\n<meta property=\"og:locale\" content=\"pt_BR\" \/>\n<meta property=\"og:type\" content=\"article\" \/>\n<meta property=\"og:title\" content=\"TCE-PR retifica decis\u00e3o em Ac\u00f3rd\u00e3o que trata sobre metodologia para defini\u00e7\u00e3o de pre\u00e7os de medicamentos - Minist\u00e9rio P\u00fablico de Contas do Estado do Paran\u00e1\" \/>\n<meta property=\"og:description\" content=\"O Conselheiro F\u00e1bio Camargo deu provimento ao recurso de embargos de declara\u00e7\u00e3o interposto pelo MP de Contas do Paran\u00e1, em face do Ac\u00f3rd\u00e3o n\u00b0 1393\/19, e retificou a resposta dada a consulta formulada pelo munic\u00edpio de Ortigueira sobre a utiliza\u00e7\u00e3o dos valores registrados no Banco de Pre\u00e7os em Sa\u00fade (BPS) como refer\u00eancia \u00fanica para forma\u00e7\u00e3o [&hellip;]\" \/>\n<meta property=\"og:url\" content=\"https:\/\/www.mpc.pr.gov.br\/index.php\/tce-pr-retifica-decisao-em-acordao-que-trata-sobre-metodologia-para-definicao-de-precos-de-medicamentos\/\" \/>\n<meta property=\"og:site_name\" content=\"Minist\u00e9rio P\u00fablico de Contas do Estado do Paran\u00e1\" \/>\n<meta property=\"article:publisher\" content=\"https:\/\/www.facebook.com\/mpc.pr\" \/>\n<meta property=\"article:published_time\" content=\"2019-07-15T16:52:42+00:00\" \/>\n<meta name=\"author\" content=\"giovanna.faria\" \/>\n<meta name=\"twitter:card\" content=\"summary_large_image\" \/>\n<meta name=\"twitter:label1\" content=\"Escrito por\" \/>\n\t<meta name=\"twitter:data1\" content=\"giovanna.faria\" \/>\n\t<meta name=\"twitter:label2\" content=\"Est. tempo de leitura\" \/>\n\t<meta name=\"twitter:data2\" content=\"3 minutos\" \/>\n<script type=\"application\/ld+json\" class=\"yoast-schema-graph\">{\"@context\":\"https:\\\/\\\/schema.org\",\"@graph\":[{\"@type\":\"Article\",\"@id\":\"https:\\\/\\\/www.mpc.pr.gov.br\\\/index.php\\\/tce-pr-retifica-decisao-em-acordao-que-trata-sobre-metodologia-para-definicao-de-precos-de-medicamentos\\\/#article\",\"isPartOf\":{\"@id\":\"https:\\\/\\\/www.mpc.pr.gov.br\\\/index.php\\\/tce-pr-retifica-decisao-em-acordao-que-trata-sobre-metodologia-para-definicao-de-precos-de-medicamentos\\\/\"},\"author\":{\"name\":\"giovanna.faria\",\"@id\":\"https:\\\/\\\/www.mpc.pr.gov.br\\\/#\\\/schema\\\/person\\\/d0c5cf9ebb4d8be833c419f3538cf751\"},\"headline\":\"TCE-PR retifica decis\u00e3o em Ac\u00f3rd\u00e3o que trata sobre metodologia para defini\u00e7\u00e3o de pre\u00e7os de medicamentos\",\"datePublished\":\"2019-07-15T16:52:42+00:00\",\"mainEntityOfPage\":{\"@id\":\"https:\\\/\\\/www.mpc.pr.gov.br\\\/index.php\\\/tce-pr-retifica-decisao-em-acordao-que-trata-sobre-metodologia-para-definicao-de-precos-de-medicamentos\\\/\"},\"wordCount\":560,\"commentCount\":0,\"publisher\":{\"@id\":\"https:\\\/\\\/www.mpc.pr.gov.br\\\/#organization\"},\"image\":{\"@id\":\"https:\\\/\\\/www.mpc.pr.gov.br\\\/index.php\\\/tce-pr-retifica-decisao-em-acordao-que-trata-sobre-metodologia-para-definicao-de-precos-de-medicamentos\\\/#primaryimage\"},\"thumbnailUrl\":\"\",\"articleSection\":[\"Todas as not\u00edcias\",\"\u00daltimas not\u00edcias\"],\"inLanguage\":\"pt-BR\",\"potentialAction\":[{\"@type\":\"CommentAction\",\"name\":\"Comment\",\"target\":[\"https:\\\/\\\/www.mpc.pr.gov.br\\\/index.php\\\/tce-pr-retifica-decisao-em-acordao-que-trata-sobre-metodologia-para-definicao-de-precos-de-medicamentos\\\/#respond\"]}]},{\"@type\":\"WebPage\",\"@id\":\"https:\\\/\\\/www.mpc.pr.gov.br\\\/index.php\\\/tce-pr-retifica-decisao-em-acordao-que-trata-sobre-metodologia-para-definicao-de-precos-de-medicamentos\\\/\",\"url\":\"https:\\\/\\\/www.mpc.pr.gov.br\\\/index.php\\\/tce-pr-retifica-decisao-em-acordao-que-trata-sobre-metodologia-para-definicao-de-precos-de-medicamentos\\\/\",\"name\":\"TCE-PR retifica decis\u00e3o em Ac\u00f3rd\u00e3o que trata sobre metodologia para defini\u00e7\u00e3o de pre\u00e7os de medicamentos - Minist\u00e9rio P\u00fablico de Contas do Estado do Paran\u00e1\",\"isPartOf\":{\"@id\":\"https:\\\/\\\/www.mpc.pr.gov.br\\\/#website\"},\"primaryImageOfPage\":{\"@id\":\"https:\\\/\\\/www.mpc.pr.gov.br\\\/index.php\\\/tce-pr-retifica-decisao-em-acordao-que-trata-sobre-metodologia-para-definicao-de-precos-de-medicamentos\\\/#primaryimage\"},\"image\":{\"@id\":\"https:\\\/\\\/www.mpc.pr.gov.br\\\/index.php\\\/tce-pr-retifica-decisao-em-acordao-que-trata-sobre-metodologia-para-definicao-de-precos-de-medicamentos\\\/#primaryimage\"},\"thumbnailUrl\":\"\",\"datePublished\":\"2019-07-15T16:52:42+00:00\",\"breadcrumb\":{\"@id\":\"https:\\\/\\\/www.mpc.pr.gov.br\\\/index.php\\\/tce-pr-retifica-decisao-em-acordao-que-trata-sobre-metodologia-para-definicao-de-precos-de-medicamentos\\\/#breadcrumb\"},\"inLanguage\":\"pt-BR\",\"potentialAction\":[{\"@type\":\"ReadAction\",\"target\":[\"https:\\\/\\\/www.mpc.pr.gov.br\\\/index.php\\\/tce-pr-retifica-decisao-em-acordao-que-trata-sobre-metodologia-para-definicao-de-precos-de-medicamentos\\\/\"]}]},{\"@type\":\"ImageObject\",\"inLanguage\":\"pt-BR\",\"@id\":\"https:\\\/\\\/www.mpc.pr.gov.br\\\/index.php\\\/tce-pr-retifica-decisao-em-acordao-que-trata-sobre-metodologia-para-definicao-de-precos-de-medicamentos\\\/#primaryimage\",\"url\":\"\",\"contentUrl\":\"\"},{\"@type\":\"BreadcrumbList\",\"@id\":\"https:\\\/\\\/www.mpc.pr.gov.br\\\/index.php\\\/tce-pr-retifica-decisao-em-acordao-que-trata-sobre-metodologia-para-definicao-de-precos-de-medicamentos\\\/#breadcrumb\",\"itemListElement\":[{\"@type\":\"ListItem\",\"position\":1,\"name\":\"In\u00edcio\",\"item\":\"https:\\\/\\\/www.mpc.pr.gov.br\\\/\"},{\"@type\":\"ListItem\",\"position\":2,\"name\":\"TCE-PR retifica decis\u00e3o em Ac\u00f3rd\u00e3o que trata sobre metodologia para defini\u00e7\u00e3o de pre\u00e7os de medicamentos\"}]},{\"@type\":\"WebSite\",\"@id\":\"https:\\\/\\\/www.mpc.pr.gov.br\\\/#website\",\"url\":\"https:\\\/\\\/www.mpc.pr.gov.br\\\/\",\"name\":\"Minist\u00e9rio P\u00fablico de Contas do Estado do Paran\u00e1\",\"description\":\"\",\"publisher\":{\"@id\":\"https:\\\/\\\/www.mpc.pr.gov.br\\\/#organization\"},\"potentialAction\":[{\"@type\":\"SearchAction\",\"target\":{\"@type\":\"EntryPoint\",\"urlTemplate\":\"https:\\\/\\\/www.mpc.pr.gov.br\\\/?s={search_term_string}\"},\"query-input\":{\"@type\":\"PropertyValueSpecification\",\"valueRequired\":true,\"valueName\":\"search_term_string\"}}],\"inLanguage\":\"pt-BR\"},{\"@type\":\"Organization\",\"@id\":\"https:\\\/\\\/www.mpc.pr.gov.br\\\/#organization\",\"name\":\"Minist\u00e9rio P\u00fablico de Contas do Estado do Paran\u00e1\",\"url\":\"https:\\\/\\\/www.mpc.pr.gov.br\\\/\",\"logo\":{\"@type\":\"ImageObject\",\"inLanguage\":\"pt-BR\",\"@id\":\"https:\\\/\\\/www.mpc.pr.gov.br\\\/#\\\/schema\\\/logo\\\/image\\\/\",\"url\":\"https:\\\/\\\/www.mpc.pr.gov.br\\\/wp-content\\\/uploads\\\/2020\\\/06\\\/99423647_1593460364143890_6706793420720963584_n-1-e1591387983167.png\",\"contentUrl\":\"https:\\\/\\\/www.mpc.pr.gov.br\\\/wp-content\\\/uploads\\\/2020\\\/06\\\/99423647_1593460364143890_6706793420720963584_n-1-e1591387983167.png\",\"width\":243,\"height\":73,\"caption\":\"Minist\u00e9rio P\u00fablico de Contas do Estado do Paran\u00e1\"},\"image\":{\"@id\":\"https:\\\/\\\/www.mpc.pr.gov.br\\\/#\\\/schema\\\/logo\\\/image\\\/\"},\"sameAs\":[\"https:\\\/\\\/www.facebook.com\\\/mpc.pr\",\"https:\\\/\\\/www.instagram.com\\\/mpc.pr\\\/?hl=pt-br\",\"https:\\\/\\\/www.youtube.com\\\/channel\\\/UCHri5oEM8DV0ztX57E0sBSw\"]},{\"@type\":\"Person\",\"@id\":\"https:\\\/\\\/www.mpc.pr.gov.br\\\/#\\\/schema\\\/person\\\/d0c5cf9ebb4d8be833c419f3538cf751\",\"name\":\"giovanna.faria\",\"image\":{\"@type\":\"ImageObject\",\"inLanguage\":\"pt-BR\",\"@id\":\"https:\\\/\\\/secure.gravatar.com\\\/avatar\\\/?s=96&d=mm&r=g\",\"url\":\"https:\\\/\\\/secure.gravatar.com\\\/avatar\\\/?s=96&d=mm&r=g\",\"contentUrl\":\"https:\\\/\\\/secure.gravatar.com\\\/avatar\\\/?s=96&d=mm&r=g\",\"caption\":\"giovanna.faria\"}}]}<\/script>\n<!-- \/ Yoast SEO plugin. -->","yoast_head_json":{"title":"TCE-PR retifica decis\u00e3o em Ac\u00f3rd\u00e3o que trata sobre metodologia para defini\u00e7\u00e3o de pre\u00e7os de medicamentos - Minist\u00e9rio P\u00fablico de Contas do Estado do Paran\u00e1","robots":{"index":"index","follow":"follow","max-snippet":"max-snippet:-1","max-image-preview":"max-image-preview:large","max-video-preview":"max-video-preview:-1"},"canonical":"https:\/\/www.mpc.pr.gov.br\/index.php\/tce-pr-retifica-decisao-em-acordao-que-trata-sobre-metodologia-para-definicao-de-precos-de-medicamentos\/","og_locale":"pt_BR","og_type":"article","og_title":"TCE-PR retifica decis\u00e3o em Ac\u00f3rd\u00e3o que trata sobre metodologia para defini\u00e7\u00e3o de pre\u00e7os de medicamentos - Minist\u00e9rio P\u00fablico de Contas do Estado do Paran\u00e1","og_description":"O Conselheiro F\u00e1bio Camargo deu provimento ao recurso de embargos de declara\u00e7\u00e3o interposto pelo MP de Contas do Paran\u00e1, em face do Ac\u00f3rd\u00e3o n\u00b0 1393\/19, e retificou a resposta dada a consulta formulada pelo munic\u00edpio de Ortigueira sobre a utiliza\u00e7\u00e3o dos valores registrados no Banco de Pre\u00e7os em Sa\u00fade (BPS) como refer\u00eancia \u00fanica para forma\u00e7\u00e3o [&hellip;]","og_url":"https:\/\/www.mpc.pr.gov.br\/index.php\/tce-pr-retifica-decisao-em-acordao-que-trata-sobre-metodologia-para-definicao-de-precos-de-medicamentos\/","og_site_name":"Minist\u00e9rio P\u00fablico de Contas do Estado do Paran\u00e1","article_publisher":"https:\/\/www.facebook.com\/mpc.pr","article_published_time":"2019-07-15T16:52:42+00:00","author":"giovanna.faria","twitter_card":"summary_large_image","twitter_misc":{"Escrito por":"giovanna.faria","Est. tempo de leitura":"3 minutos"},"schema":{"@context":"https:\/\/schema.org","@graph":[{"@type":"Article","@id":"https:\/\/www.mpc.pr.gov.br\/index.php\/tce-pr-retifica-decisao-em-acordao-que-trata-sobre-metodologia-para-definicao-de-precos-de-medicamentos\/#article","isPartOf":{"@id":"https:\/\/www.mpc.pr.gov.br\/index.php\/tce-pr-retifica-decisao-em-acordao-que-trata-sobre-metodologia-para-definicao-de-precos-de-medicamentos\/"},"author":{"name":"giovanna.faria","@id":"https:\/\/www.mpc.pr.gov.br\/#\/schema\/person\/d0c5cf9ebb4d8be833c419f3538cf751"},"headline":"TCE-PR retifica decis\u00e3o em Ac\u00f3rd\u00e3o que trata sobre metodologia para defini\u00e7\u00e3o de pre\u00e7os de medicamentos","datePublished":"2019-07-15T16:52:42+00:00","mainEntityOfPage":{"@id":"https:\/\/www.mpc.pr.gov.br\/index.php\/tce-pr-retifica-decisao-em-acordao-que-trata-sobre-metodologia-para-definicao-de-precos-de-medicamentos\/"},"wordCount":560,"commentCount":0,"publisher":{"@id":"https:\/\/www.mpc.pr.gov.br\/#organization"},"image":{"@id":"https:\/\/www.mpc.pr.gov.br\/index.php\/tce-pr-retifica-decisao-em-acordao-que-trata-sobre-metodologia-para-definicao-de-precos-de-medicamentos\/#primaryimage"},"thumbnailUrl":"","articleSection":["Todas as not\u00edcias","\u00daltimas not\u00edcias"],"inLanguage":"pt-BR","potentialAction":[{"@type":"CommentAction","name":"Comment","target":["https:\/\/www.mpc.pr.gov.br\/index.php\/tce-pr-retifica-decisao-em-acordao-que-trata-sobre-metodologia-para-definicao-de-precos-de-medicamentos\/#respond"]}]},{"@type":"WebPage","@id":"https:\/\/www.mpc.pr.gov.br\/index.php\/tce-pr-retifica-decisao-em-acordao-que-trata-sobre-metodologia-para-definicao-de-precos-de-medicamentos\/","url":"https:\/\/www.mpc.pr.gov.br\/index.php\/tce-pr-retifica-decisao-em-acordao-que-trata-sobre-metodologia-para-definicao-de-precos-de-medicamentos\/","name":"TCE-PR retifica decis\u00e3o em Ac\u00f3rd\u00e3o que trata sobre metodologia para defini\u00e7\u00e3o de pre\u00e7os de medicamentos - Minist\u00e9rio P\u00fablico de Contas do Estado do Paran\u00e1","isPartOf":{"@id":"https:\/\/www.mpc.pr.gov.br\/#website"},"primaryImageOfPage":{"@id":"https:\/\/www.mpc.pr.gov.br\/index.php\/tce-pr-retifica-decisao-em-acordao-que-trata-sobre-metodologia-para-definicao-de-precos-de-medicamentos\/#primaryimage"},"image":{"@id":"https:\/\/www.mpc.pr.gov.br\/index.php\/tce-pr-retifica-decisao-em-acordao-que-trata-sobre-metodologia-para-definicao-de-precos-de-medicamentos\/#primaryimage"},"thumbnailUrl":"","datePublished":"2019-07-15T16:52:42+00:00","breadcrumb":{"@id":"https:\/\/www.mpc.pr.gov.br\/index.php\/tce-pr-retifica-decisao-em-acordao-que-trata-sobre-metodologia-para-definicao-de-precos-de-medicamentos\/#breadcrumb"},"inLanguage":"pt-BR","potentialAction":[{"@type":"ReadAction","target":["https:\/\/www.mpc.pr.gov.br\/index.php\/tce-pr-retifica-decisao-em-acordao-que-trata-sobre-metodologia-para-definicao-de-precos-de-medicamentos\/"]}]},{"@type":"ImageObject","inLanguage":"pt-BR","@id":"https:\/\/www.mpc.pr.gov.br\/index.php\/tce-pr-retifica-decisao-em-acordao-que-trata-sobre-metodologia-para-definicao-de-precos-de-medicamentos\/#primaryimage","url":"","contentUrl":""},{"@type":"BreadcrumbList","@id":"https:\/\/www.mpc.pr.gov.br\/index.php\/tce-pr-retifica-decisao-em-acordao-que-trata-sobre-metodologia-para-definicao-de-precos-de-medicamentos\/#breadcrumb","itemListElement":[{"@type":"ListItem","position":1,"name":"In\u00edcio","item":"https:\/\/www.mpc.pr.gov.br\/"},{"@type":"ListItem","position":2,"name":"TCE-PR retifica decis\u00e3o em Ac\u00f3rd\u00e3o que trata sobre metodologia para defini\u00e7\u00e3o de pre\u00e7os de medicamentos"}]},{"@type":"WebSite","@id":"https:\/\/www.mpc.pr.gov.br\/#website","url":"https:\/\/www.mpc.pr.gov.br\/","name":"Minist\u00e9rio P\u00fablico de Contas do Estado do Paran\u00e1","description":"","publisher":{"@id":"https:\/\/www.mpc.pr.gov.br\/#organization"},"potentialAction":[{"@type":"SearchAction","target":{"@type":"EntryPoint","urlTemplate":"https:\/\/www.mpc.pr.gov.br\/?s={search_term_string}"},"query-input":{"@type":"PropertyValueSpecification","valueRequired":true,"valueName":"search_term_string"}}],"inLanguage":"pt-BR"},{"@type":"Organization","@id":"https:\/\/www.mpc.pr.gov.br\/#organization","name":"Minist\u00e9rio P\u00fablico de Contas do Estado do Paran\u00e1","url":"https:\/\/www.mpc.pr.gov.br\/","logo":{"@type":"ImageObject","inLanguage":"pt-BR","@id":"https:\/\/www.mpc.pr.gov.br\/#\/schema\/logo\/image\/","url":"https:\/\/www.mpc.pr.gov.br\/wp-content\/uploads\/2020\/06\/99423647_1593460364143890_6706793420720963584_n-1-e1591387983167.png","contentUrl":"https:\/\/www.mpc.pr.gov.br\/wp-content\/uploads\/2020\/06\/99423647_1593460364143890_6706793420720963584_n-1-e1591387983167.png","width":243,"height":73,"caption":"Minist\u00e9rio P\u00fablico de Contas do Estado do Paran\u00e1"},"image":{"@id":"https:\/\/www.mpc.pr.gov.br\/#\/schema\/logo\/image\/"},"sameAs":["https:\/\/www.facebook.com\/mpc.pr","https:\/\/www.instagram.com\/mpc.pr\/?hl=pt-br","https:\/\/www.youtube.com\/channel\/UCHri5oEM8DV0ztX57E0sBSw"]},{"@type":"Person","@id":"https:\/\/www.mpc.pr.gov.br\/#\/schema\/person\/d0c5cf9ebb4d8be833c419f3538cf751","name":"giovanna.faria","image":{"@type":"ImageObject","inLanguage":"pt-BR","@id":"https:\/\/secure.gravatar.com\/avatar\/?s=96&d=mm&r=g","url":"https:\/\/secure.gravatar.com\/avatar\/?s=96&d=mm&r=g","contentUrl":"https:\/\/secure.gravatar.com\/avatar\/?s=96&d=mm&r=g","caption":"giovanna.faria"}}]}},"rttpg_featured_image_url":null,"rttpg_author":{"display_name":"giovanna.faria","author_link":"https:\/\/www.mpc.pr.gov.br\/index.php\/author\/giovanna-faria\/"},"rttpg_comment":0,"rttpg_category":"<a href=\"https:\/\/www.mpc.pr.gov.br\/index.php\/category\/todas-as-noticias\/\" rel=\"category tag\">Todas as not\u00edcias<\/a> <a href=\"https:\/\/www.mpc.pr.gov.br\/index.php\/category\/ultimas-noticias\/\" rel=\"category tag\">\u00daltimas not\u00edcias<\/a>","rttpg_excerpt":"O Conselheiro F\u00e1bio Camargo deu provimento ao recurso de embargos de declara\u00e7\u00e3o interposto pelo MP de Contas do Paran\u00e1, em face do Ac\u00f3rd\u00e3o n\u00b0 1393\/19, e retificou a resposta dada a consulta formulada pelo munic\u00edpio de Ortigueira sobre a utiliza\u00e7\u00e3o dos valores registrados no Banco de Pre\u00e7os em Sa\u00fade (BPS) como refer\u00eancia \u00fanica para forma\u00e7\u00e3o&hellip;","_links":{"self":[{"href":"https:\/\/www.mpc.pr.gov.br\/index.php\/wp-json\/wp\/v2\/posts\/7352","targetHints":{"allow":["GET"]}}],"collection":[{"href":"https:\/\/www.mpc.pr.gov.br\/index.php\/wp-json\/wp\/v2\/posts"}],"about":[{"href":"https:\/\/www.mpc.pr.gov.br\/index.php\/wp-json\/wp\/v2\/types\/post"}],"author":[{"embeddable":true,"href":"https:\/\/www.mpc.pr.gov.br\/index.php\/wp-json\/wp\/v2\/users\/5"}],"replies":[{"embeddable":true,"href":"https:\/\/www.mpc.pr.gov.br\/index.php\/wp-json\/wp\/v2\/comments?post=7352"}],"version-history":[{"count":0,"href":"https:\/\/www.mpc.pr.gov.br\/index.php\/wp-json\/wp\/v2\/posts\/7352\/revisions"}],"wp:featuredmedia":[{"embeddable":true,"href":"https:\/\/www.mpc.pr.gov.br\/index.php\/wp-json\/"}],"wp:attachment":[{"href":"https:\/\/www.mpc.pr.gov.br\/index.php\/wp-json\/wp\/v2\/media?parent=7352"}],"wp:term":[{"taxonomy":"category","embeddable":true,"href":"https:\/\/www.mpc.pr.gov.br\/index.php\/wp-json\/wp\/v2\/categories?post=7352"},{"taxonomy":"post_tag","embeddable":true,"href":"https:\/\/www.mpc.pr.gov.br\/index.php\/wp-json\/wp\/v2\/tags?post=7352"}],"curies":[{"name":"wp","href":"https:\/\/api.w.org\/{rel}","templated":true}]}}