{"id":7587,"date":"2019-08-22T08:22:44","date_gmt":"2019-08-22T11:22:44","guid":{"rendered":"http:\/\/www.mpc.pr.gov.br\/?p=7587"},"modified":"2019-08-22T08:22:44","modified_gmt":"2019-08-22T11:22:44","slug":"instituto-rui-barbosa-realiza-evento-sobre-auditoria-no-tribunal-de-contas","status":"publish","type":"post","link":"https:\/\/www.mpc.pr.gov.br\/index.php\/instituto-rui-barbosa-realiza-evento-sobre-auditoria-no-tribunal-de-contas\/","title":{"rendered":"Instituto Rui Barbosa realiza evento sobre auditoria no Tribunal de Contas"},"content":{"rendered":"<p><img decoding=\"async\" class=\"alignleft size-medium wp-image-7588\" src=\"http:\/\/www.mpc.pr.gov.br\/wp-content\/uploads\/2019\/08\/F\u00f3rum-Nacional-de-Auditoria-300x128.jpg\" alt=\"\" width=\"300\" height=\"128\" \/>Hoje (22) e amanh\u00e3 (23), o Tribunal de Contas do Paran\u00e1 (TCE-PR) sedia a 5\u00aa edi\u00e7\u00e3o do F\u00f3rum Nacional de Auditoria, promovido em parceria com o Instituto Rui Barbosa (IRB). A iniciativa visa a capacita\u00e7\u00e3o dos servidores do controle externo de todo o Brasil na utiliza\u00e7\u00e3o das Normas Brasileiras de Auditoria do Setor P\u00fablico (NBASP). Neste ano o foco do evento \u00e9 o trabalho de monitoramento e controle de qualidade das fiscaliza\u00e7\u00f5es dos Tribunais de Contas.<\/p>\n<p>O Procurador do MP de Contas do Paran\u00e1 (MPC-PR), Gabriel Guy L\u00e9ger, participar\u00e1 da abertura do evento representando o Presidente da Associa\u00e7\u00e3o Nacional do Minist\u00e9rio P\u00fablico de Contas, Procurador do MP de Contas do Par\u00e1 Stephenson Victer. Tamb\u00e9m estar\u00e3o presentes o Procurador-Geral do MPC-PR, Fl\u00e1vio de Azambuja Berti, e a Presidente do Conselho Nacional de Procuradores-Gerais de Contas (CNPGC) e Procuradora-Geral do MPC-MG, Elke Moura.<\/p>\n<p>Hoje ser\u00e3o realizadas quatro palestras ao longo de todo o dia, que ser\u00e3o ministradas pelos Conselheiros Sebasti\u00e3o Helv\u00e9cio, Vice-presidente de Rela\u00e7\u00f5es Institucionais do IRB, e Inaldo Paix\u00e3o (TCE-BA), Vice-presidente de Auditoria do IRB; e pelos Auditores do Controle Externo, Cleyton Marcelo Medeiros Barbosa (TCE-RN) e S\u00e9rgio Lino (TCE-RJ).<\/p>\n<p>J\u00e1 no segundo dia do evento, ser\u00e3o realizados estudos de caso sobre monitoramentos realizados pelos Tribunais de Contas, seguidos por mesas de debate.<\/p>\n<p>A programa\u00e7\u00e3o completa do evento est\u00e1 dispon\u00edvel <a href=\"https:\/\/irbcontas.org.br\/evento\/forum-nacional-de-auditoria-regiao-sul\/?occurrence=2019-08-22\">aqui<\/a>.<\/p>\n<p><strong>Servi\u00e7o:<\/strong><\/p>\n<p><strong>Evento: <\/strong>F\u00f3rum Nacional de Auditoria.<\/p>\n<p><strong>Data: <\/strong>22 e 23 de agosto.<\/p>\n<p><strong>Local: <\/strong>Tribunal de Contas do Paran\u00e1<\/p>\n<p>Pra\u00e7a Nossa Senhora da Salette s\/n.<\/p>\n<p><strong>Mais informa\u00e7\u00f5es: <\/strong><a href=\"https:\/\/irbcontas.org.br\/\">https:\/\/irbcontas.org.br\/<\/a><strong>\u00a0<\/strong><\/p>\n<p><a href=\"http:\/\/www.mpc.pr.gov.br\/wp-content\/uploads\/2019\/08\/lamina-v-forum-de-auditoria-1.jpg\"><img fetchpriority=\"high\" decoding=\"async\" class=\"alignleft wp-image-7590\" src=\"http:\/\/www.mpc.pr.gov.br\/wp-content\/uploads\/2019\/08\/lamina-v-forum-de-auditoria-1-816x1024.jpg\" alt=\"\" width=\"451\" height=\"566\" \/><\/a>\u00a0 \u00a0\u00a0<a href=\"http:\/\/www.mpc.pr.gov.br\/wp-content\/uploads\/2019\/08\/lamina-v-forum-de-auditoria-3.jpg\"><img decoding=\"async\" class=\"alignright wp-image-7589\" src=\"http:\/\/www.mpc.pr.gov.br\/wp-content\/uploads\/2019\/08\/lamina-v-forum-de-auditoria-3-800x1024.jpg\" alt=\"\" width=\"453\" height=\"580\" \/><\/a><\/p>\n<p>&nbsp;<\/p>\n<p>&nbsp;<\/p>\n<p>&nbsp;<\/p>\n<p>&nbsp;<\/p>\n<p>&nbsp;<\/p>\n<p>&nbsp;<\/p>\n<p>&nbsp;<\/p>\n<p>&nbsp;<\/p>\n<p>&nbsp;<\/p>\n<p>&nbsp;<\/p>\n<p>&nbsp;<\/p>\n<p>&nbsp;<\/p>\n<p>&nbsp;<\/p>\n<p>&nbsp;<\/p>\n<p>&nbsp;<\/p>\n<p>&nbsp;<\/p>\n<p>&nbsp;<\/p>\n<p>&nbsp;<\/p>\n","protected":false},"excerpt":{"rendered":"<p>Hoje (22) e amanh\u00e3 (23), o Tribunal de Contas do Paran\u00e1 (TCE-PR) sedia a 5\u00aa edi\u00e7\u00e3o do F\u00f3rum Nacional de Auditoria, promovido em parceria com o Instituto Rui Barbosa (IRB). A iniciativa visa a capacita\u00e7\u00e3o dos servidores do controle externo de todo o Brasil na utiliza\u00e7\u00e3o das Normas Brasileiras de Auditoria do Setor P\u00fablico (NBASP). [&hellip;]<\/p>\n","protected":false},"author":5,"featured_media":7588,"comment_status":"open","ping_status":"open","sticky":false,"template":"","format":"standard","meta":{"_monsterinsights_skip_tracking":false,"_monsterinsights_sitenote_active":false,"_monsterinsights_sitenote_note":"","_monsterinsights_sitenote_category":0,"footnotes":""},"categories":[7,14],"tags":[],"class_list":["post-7587","post","type-post","status-publish","format-standard","has-post-thumbnail","hentry","category-todas-as-noticias","category-ultimas-noticias","entry","has-media"],"yoast_head":"<!-- This site is optimized with the Yoast SEO plugin v27.3 - https:\/\/yoast.com\/product\/yoast-seo-wordpress\/ -->\n<title>Instituto Rui Barbosa realiza evento sobre auditoria no Tribunal de Contas - Minist\u00e9rio P\u00fablico de Contas do Estado do Paran\u00e1<\/title>\n<meta name=\"robots\" content=\"index, follow, max-snippet:-1, max-image-preview:large, max-video-preview:-1\" \/>\n<link rel=\"canonical\" href=\"https:\/\/www.mpc.pr.gov.br\/index.php\/instituto-rui-barbosa-realiza-evento-sobre-auditoria-no-tribunal-de-contas\/\" \/>\n<meta property=\"og:locale\" content=\"pt_BR\" \/>\n<meta property=\"og:type\" content=\"article\" \/>\n<meta property=\"og:title\" content=\"Instituto Rui Barbosa realiza evento sobre auditoria no Tribunal de Contas - Minist\u00e9rio P\u00fablico de Contas do Estado do Paran\u00e1\" \/>\n<meta property=\"og:description\" content=\"Hoje (22) e amanh\u00e3 (23), o Tribunal de Contas do Paran\u00e1 (TCE-PR) sedia a 5\u00aa edi\u00e7\u00e3o do F\u00f3rum Nacional de Auditoria, promovido em parceria com o Instituto Rui Barbosa (IRB). A iniciativa visa a capacita\u00e7\u00e3o dos servidores do controle externo de todo o Brasil na utiliza\u00e7\u00e3o das Normas Brasileiras de Auditoria do Setor P\u00fablico (NBASP). [&hellip;]\" \/>\n<meta property=\"og:url\" content=\"https:\/\/www.mpc.pr.gov.br\/index.php\/instituto-rui-barbosa-realiza-evento-sobre-auditoria-no-tribunal-de-contas\/\" \/>\n<meta property=\"og:site_name\" content=\"Minist\u00e9rio P\u00fablico de Contas do Estado do Paran\u00e1\" \/>\n<meta property=\"article:publisher\" content=\"https:\/\/www.facebook.com\/mpc.pr\" \/>\n<meta property=\"article:published_time\" content=\"2019-08-22T11:22:44+00:00\" \/>\n<meta name=\"author\" content=\"giovanna.faria\" \/>\n<meta name=\"twitter:card\" content=\"summary_large_image\" \/>\n<meta name=\"twitter:label1\" content=\"Escrito por\" \/>\n\t<meta name=\"twitter:data1\" content=\"giovanna.faria\" \/>\n\t<meta name=\"twitter:label2\" content=\"Est. tempo de leitura\" \/>\n\t<meta name=\"twitter:data2\" content=\"1 minuto\" \/>\n<script type=\"application\/ld+json\" class=\"yoast-schema-graph\">{\"@context\":\"https:\\\/\\\/schema.org\",\"@graph\":[{\"@type\":\"Article\",\"@id\":\"https:\\\/\\\/www.mpc.pr.gov.br\\\/index.php\\\/instituto-rui-barbosa-realiza-evento-sobre-auditoria-no-tribunal-de-contas\\\/#article\",\"isPartOf\":{\"@id\":\"https:\\\/\\\/www.mpc.pr.gov.br\\\/index.php\\\/instituto-rui-barbosa-realiza-evento-sobre-auditoria-no-tribunal-de-contas\\\/\"},\"author\":{\"name\":\"giovanna.faria\",\"@id\":\"https:\\\/\\\/www.mpc.pr.gov.br\\\/#\\\/schema\\\/person\\\/d0c5cf9ebb4d8be833c419f3538cf751\"},\"headline\":\"Instituto Rui Barbosa realiza evento sobre auditoria no Tribunal de Contas\",\"datePublished\":\"2019-08-22T11:22:44+00:00\",\"mainEntityOfPage\":{\"@id\":\"https:\\\/\\\/www.mpc.pr.gov.br\\\/index.php\\\/instituto-rui-barbosa-realiza-evento-sobre-auditoria-no-tribunal-de-contas\\\/\"},\"wordCount\":301,\"commentCount\":0,\"publisher\":{\"@id\":\"https:\\\/\\\/www.mpc.pr.gov.br\\\/#organization\"},\"image\":{\"@id\":\"https:\\\/\\\/www.mpc.pr.gov.br\\\/index.php\\\/instituto-rui-barbosa-realiza-evento-sobre-auditoria-no-tribunal-de-contas\\\/#primaryimage\"},\"thumbnailUrl\":\"\",\"articleSection\":[\"Todas as not\u00edcias\",\"\u00daltimas not\u00edcias\"],\"inLanguage\":\"pt-BR\",\"potentialAction\":[{\"@type\":\"CommentAction\",\"name\":\"Comment\",\"target\":[\"https:\\\/\\\/www.mpc.pr.gov.br\\\/index.php\\\/instituto-rui-barbosa-realiza-evento-sobre-auditoria-no-tribunal-de-contas\\\/#respond\"]}]},{\"@type\":\"WebPage\",\"@id\":\"https:\\\/\\\/www.mpc.pr.gov.br\\\/index.php\\\/instituto-rui-barbosa-realiza-evento-sobre-auditoria-no-tribunal-de-contas\\\/\",\"url\":\"https:\\\/\\\/www.mpc.pr.gov.br\\\/index.php\\\/instituto-rui-barbosa-realiza-evento-sobre-auditoria-no-tribunal-de-contas\\\/\",\"name\":\"Instituto Rui Barbosa realiza evento sobre auditoria no Tribunal de Contas - Minist\u00e9rio P\u00fablico de Contas do Estado do Paran\u00e1\",\"isPartOf\":{\"@id\":\"https:\\\/\\\/www.mpc.pr.gov.br\\\/#website\"},\"primaryImageOfPage\":{\"@id\":\"https:\\\/\\\/www.mpc.pr.gov.br\\\/index.php\\\/instituto-rui-barbosa-realiza-evento-sobre-auditoria-no-tribunal-de-contas\\\/#primaryimage\"},\"image\":{\"@id\":\"https:\\\/\\\/www.mpc.pr.gov.br\\\/index.php\\\/instituto-rui-barbosa-realiza-evento-sobre-auditoria-no-tribunal-de-contas\\\/#primaryimage\"},\"thumbnailUrl\":\"\",\"datePublished\":\"2019-08-22T11:22:44+00:00\",\"breadcrumb\":{\"@id\":\"https:\\\/\\\/www.mpc.pr.gov.br\\\/index.php\\\/instituto-rui-barbosa-realiza-evento-sobre-auditoria-no-tribunal-de-contas\\\/#breadcrumb\"},\"inLanguage\":\"pt-BR\",\"potentialAction\":[{\"@type\":\"ReadAction\",\"target\":[\"https:\\\/\\\/www.mpc.pr.gov.br\\\/index.php\\\/instituto-rui-barbosa-realiza-evento-sobre-auditoria-no-tribunal-de-contas\\\/\"]}]},{\"@type\":\"ImageObject\",\"inLanguage\":\"pt-BR\",\"@id\":\"https:\\\/\\\/www.mpc.pr.gov.br\\\/index.php\\\/instituto-rui-barbosa-realiza-evento-sobre-auditoria-no-tribunal-de-contas\\\/#primaryimage\",\"url\":\"\",\"contentUrl\":\"\"},{\"@type\":\"BreadcrumbList\",\"@id\":\"https:\\\/\\\/www.mpc.pr.gov.br\\\/index.php\\\/instituto-rui-barbosa-realiza-evento-sobre-auditoria-no-tribunal-de-contas\\\/#breadcrumb\",\"itemListElement\":[{\"@type\":\"ListItem\",\"position\":1,\"name\":\"In\u00edcio\",\"item\":\"https:\\\/\\\/www.mpc.pr.gov.br\\\/\"},{\"@type\":\"ListItem\",\"position\":2,\"name\":\"Instituto Rui Barbosa realiza evento sobre auditoria no Tribunal de Contas\"}]},{\"@type\":\"WebSite\",\"@id\":\"https:\\\/\\\/www.mpc.pr.gov.br\\\/#website\",\"url\":\"https:\\\/\\\/www.mpc.pr.gov.br\\\/\",\"name\":\"Minist\u00e9rio P\u00fablico de Contas do Estado do Paran\u00e1\",\"description\":\"\",\"publisher\":{\"@id\":\"https:\\\/\\\/www.mpc.pr.gov.br\\\/#organization\"},\"potentialAction\":[{\"@type\":\"SearchAction\",\"target\":{\"@type\":\"EntryPoint\",\"urlTemplate\":\"https:\\\/\\\/www.mpc.pr.gov.br\\\/?s={search_term_string}\"},\"query-input\":{\"@type\":\"PropertyValueSpecification\",\"valueRequired\":true,\"valueName\":\"search_term_string\"}}],\"inLanguage\":\"pt-BR\"},{\"@type\":\"Organization\",\"@id\":\"https:\\\/\\\/www.mpc.pr.gov.br\\\/#organization\",\"name\":\"Minist\u00e9rio P\u00fablico de Contas do Estado do Paran\u00e1\",\"url\":\"https:\\\/\\\/www.mpc.pr.gov.br\\\/\",\"logo\":{\"@type\":\"ImageObject\",\"inLanguage\":\"pt-BR\",\"@id\":\"https:\\\/\\\/www.mpc.pr.gov.br\\\/#\\\/schema\\\/logo\\\/image\\\/\",\"url\":\"https:\\\/\\\/www.mpc.pr.gov.br\\\/wp-content\\\/uploads\\\/2020\\\/06\\\/99423647_1593460364143890_6706793420720963584_n-1-e1591387983167.png\",\"contentUrl\":\"https:\\\/\\\/www.mpc.pr.gov.br\\\/wp-content\\\/uploads\\\/2020\\\/06\\\/99423647_1593460364143890_6706793420720963584_n-1-e1591387983167.png\",\"width\":243,\"height\":73,\"caption\":\"Minist\u00e9rio P\u00fablico de Contas do Estado do Paran\u00e1\"},\"image\":{\"@id\":\"https:\\\/\\\/www.mpc.pr.gov.br\\\/#\\\/schema\\\/logo\\\/image\\\/\"},\"sameAs\":[\"https:\\\/\\\/www.facebook.com\\\/mpc.pr\",\"https:\\\/\\\/www.instagram.com\\\/mpc.pr\\\/?hl=pt-br\",\"https:\\\/\\\/www.youtube.com\\\/channel\\\/UCHri5oEM8DV0ztX57E0sBSw\"]},{\"@type\":\"Person\",\"@id\":\"https:\\\/\\\/www.mpc.pr.gov.br\\\/#\\\/schema\\\/person\\\/d0c5cf9ebb4d8be833c419f3538cf751\",\"name\":\"giovanna.faria\",\"image\":{\"@type\":\"ImageObject\",\"inLanguage\":\"pt-BR\",\"@id\":\"https:\\\/\\\/secure.gravatar.com\\\/avatar\\\/?s=96&d=mm&r=g\",\"url\":\"https:\\\/\\\/secure.gravatar.com\\\/avatar\\\/?s=96&d=mm&r=g\",\"contentUrl\":\"https:\\\/\\\/secure.gravatar.com\\\/avatar\\\/?s=96&d=mm&r=g\",\"caption\":\"giovanna.faria\"}}]}<\/script>\n<!-- \/ Yoast SEO plugin. -->","yoast_head_json":{"title":"Instituto Rui Barbosa realiza evento sobre auditoria no Tribunal de Contas - Minist\u00e9rio P\u00fablico de Contas do Estado do Paran\u00e1","robots":{"index":"index","follow":"follow","max-snippet":"max-snippet:-1","max-image-preview":"max-image-preview:large","max-video-preview":"max-video-preview:-1"},"canonical":"https:\/\/www.mpc.pr.gov.br\/index.php\/instituto-rui-barbosa-realiza-evento-sobre-auditoria-no-tribunal-de-contas\/","og_locale":"pt_BR","og_type":"article","og_title":"Instituto Rui Barbosa realiza evento sobre auditoria no Tribunal de Contas - Minist\u00e9rio P\u00fablico de Contas do Estado do Paran\u00e1","og_description":"Hoje (22) e amanh\u00e3 (23), o Tribunal de Contas do Paran\u00e1 (TCE-PR) sedia a 5\u00aa edi\u00e7\u00e3o do F\u00f3rum Nacional de Auditoria, promovido em parceria com o Instituto Rui Barbosa (IRB). A iniciativa visa a capacita\u00e7\u00e3o dos servidores do controle externo de todo o Brasil na utiliza\u00e7\u00e3o das Normas Brasileiras de Auditoria do Setor P\u00fablico (NBASP). [&hellip;]","og_url":"https:\/\/www.mpc.pr.gov.br\/index.php\/instituto-rui-barbosa-realiza-evento-sobre-auditoria-no-tribunal-de-contas\/","og_site_name":"Minist\u00e9rio P\u00fablico de Contas do Estado do Paran\u00e1","article_publisher":"https:\/\/www.facebook.com\/mpc.pr","article_published_time":"2019-08-22T11:22:44+00:00","author":"giovanna.faria","twitter_card":"summary_large_image","twitter_misc":{"Escrito por":"giovanna.faria","Est. tempo de leitura":"1 minuto"},"schema":{"@context":"https:\/\/schema.org","@graph":[{"@type":"Article","@id":"https:\/\/www.mpc.pr.gov.br\/index.php\/instituto-rui-barbosa-realiza-evento-sobre-auditoria-no-tribunal-de-contas\/#article","isPartOf":{"@id":"https:\/\/www.mpc.pr.gov.br\/index.php\/instituto-rui-barbosa-realiza-evento-sobre-auditoria-no-tribunal-de-contas\/"},"author":{"name":"giovanna.faria","@id":"https:\/\/www.mpc.pr.gov.br\/#\/schema\/person\/d0c5cf9ebb4d8be833c419f3538cf751"},"headline":"Instituto Rui Barbosa realiza evento sobre auditoria no Tribunal de Contas","datePublished":"2019-08-22T11:22:44+00:00","mainEntityOfPage":{"@id":"https:\/\/www.mpc.pr.gov.br\/index.php\/instituto-rui-barbosa-realiza-evento-sobre-auditoria-no-tribunal-de-contas\/"},"wordCount":301,"commentCount":0,"publisher":{"@id":"https:\/\/www.mpc.pr.gov.br\/#organization"},"image":{"@id":"https:\/\/www.mpc.pr.gov.br\/index.php\/instituto-rui-barbosa-realiza-evento-sobre-auditoria-no-tribunal-de-contas\/#primaryimage"},"thumbnailUrl":"","articleSection":["Todas as not\u00edcias","\u00daltimas not\u00edcias"],"inLanguage":"pt-BR","potentialAction":[{"@type":"CommentAction","name":"Comment","target":["https:\/\/www.mpc.pr.gov.br\/index.php\/instituto-rui-barbosa-realiza-evento-sobre-auditoria-no-tribunal-de-contas\/#respond"]}]},{"@type":"WebPage","@id":"https:\/\/www.mpc.pr.gov.br\/index.php\/instituto-rui-barbosa-realiza-evento-sobre-auditoria-no-tribunal-de-contas\/","url":"https:\/\/www.mpc.pr.gov.br\/index.php\/instituto-rui-barbosa-realiza-evento-sobre-auditoria-no-tribunal-de-contas\/","name":"Instituto Rui Barbosa realiza evento sobre auditoria no Tribunal de Contas - Minist\u00e9rio P\u00fablico de Contas do Estado do Paran\u00e1","isPartOf":{"@id":"https:\/\/www.mpc.pr.gov.br\/#website"},"primaryImageOfPage":{"@id":"https:\/\/www.mpc.pr.gov.br\/index.php\/instituto-rui-barbosa-realiza-evento-sobre-auditoria-no-tribunal-de-contas\/#primaryimage"},"image":{"@id":"https:\/\/www.mpc.pr.gov.br\/index.php\/instituto-rui-barbosa-realiza-evento-sobre-auditoria-no-tribunal-de-contas\/#primaryimage"},"thumbnailUrl":"","datePublished":"2019-08-22T11:22:44+00:00","breadcrumb":{"@id":"https:\/\/www.mpc.pr.gov.br\/index.php\/instituto-rui-barbosa-realiza-evento-sobre-auditoria-no-tribunal-de-contas\/#breadcrumb"},"inLanguage":"pt-BR","potentialAction":[{"@type":"ReadAction","target":["https:\/\/www.mpc.pr.gov.br\/index.php\/instituto-rui-barbosa-realiza-evento-sobre-auditoria-no-tribunal-de-contas\/"]}]},{"@type":"ImageObject","inLanguage":"pt-BR","@id":"https:\/\/www.mpc.pr.gov.br\/index.php\/instituto-rui-barbosa-realiza-evento-sobre-auditoria-no-tribunal-de-contas\/#primaryimage","url":"","contentUrl":""},{"@type":"BreadcrumbList","@id":"https:\/\/www.mpc.pr.gov.br\/index.php\/instituto-rui-barbosa-realiza-evento-sobre-auditoria-no-tribunal-de-contas\/#breadcrumb","itemListElement":[{"@type":"ListItem","position":1,"name":"In\u00edcio","item":"https:\/\/www.mpc.pr.gov.br\/"},{"@type":"ListItem","position":2,"name":"Instituto Rui Barbosa realiza evento sobre auditoria no Tribunal de Contas"}]},{"@type":"WebSite","@id":"https:\/\/www.mpc.pr.gov.br\/#website","url":"https:\/\/www.mpc.pr.gov.br\/","name":"Minist\u00e9rio P\u00fablico de Contas do Estado do Paran\u00e1","description":"","publisher":{"@id":"https:\/\/www.mpc.pr.gov.br\/#organization"},"potentialAction":[{"@type":"SearchAction","target":{"@type":"EntryPoint","urlTemplate":"https:\/\/www.mpc.pr.gov.br\/?s={search_term_string}"},"query-input":{"@type":"PropertyValueSpecification","valueRequired":true,"valueName":"search_term_string"}}],"inLanguage":"pt-BR"},{"@type":"Organization","@id":"https:\/\/www.mpc.pr.gov.br\/#organization","name":"Minist\u00e9rio P\u00fablico de Contas do Estado do Paran\u00e1","url":"https:\/\/www.mpc.pr.gov.br\/","logo":{"@type":"ImageObject","inLanguage":"pt-BR","@id":"https:\/\/www.mpc.pr.gov.br\/#\/schema\/logo\/image\/","url":"https:\/\/www.mpc.pr.gov.br\/wp-content\/uploads\/2020\/06\/99423647_1593460364143890_6706793420720963584_n-1-e1591387983167.png","contentUrl":"https:\/\/www.mpc.pr.gov.br\/wp-content\/uploads\/2020\/06\/99423647_1593460364143890_6706793420720963584_n-1-e1591387983167.png","width":243,"height":73,"caption":"Minist\u00e9rio P\u00fablico de Contas do Estado do Paran\u00e1"},"image":{"@id":"https:\/\/www.mpc.pr.gov.br\/#\/schema\/logo\/image\/"},"sameAs":["https:\/\/www.facebook.com\/mpc.pr","https:\/\/www.instagram.com\/mpc.pr\/?hl=pt-br","https:\/\/www.youtube.com\/channel\/UCHri5oEM8DV0ztX57E0sBSw"]},{"@type":"Person","@id":"https:\/\/www.mpc.pr.gov.br\/#\/schema\/person\/d0c5cf9ebb4d8be833c419f3538cf751","name":"giovanna.faria","image":{"@type":"ImageObject","inLanguage":"pt-BR","@id":"https:\/\/secure.gravatar.com\/avatar\/?s=96&d=mm&r=g","url":"https:\/\/secure.gravatar.com\/avatar\/?s=96&d=mm&r=g","contentUrl":"https:\/\/secure.gravatar.com\/avatar\/?s=96&d=mm&r=g","caption":"giovanna.faria"}}]}},"rttpg_featured_image_url":null,"rttpg_author":{"display_name":"giovanna.faria","author_link":"https:\/\/www.mpc.pr.gov.br\/index.php\/author\/giovanna-faria\/"},"rttpg_comment":0,"rttpg_category":"<a href=\"https:\/\/www.mpc.pr.gov.br\/index.php\/category\/todas-as-noticias\/\" rel=\"category tag\">Todas as not\u00edcias<\/a> <a href=\"https:\/\/www.mpc.pr.gov.br\/index.php\/category\/ultimas-noticias\/\" rel=\"category tag\">\u00daltimas not\u00edcias<\/a>","rttpg_excerpt":"Hoje (22) e amanh\u00e3 (23), o Tribunal de Contas do Paran\u00e1 (TCE-PR) sedia a 5\u00aa edi\u00e7\u00e3o do F\u00f3rum Nacional de Auditoria, promovido em parceria com o Instituto Rui Barbosa (IRB). A iniciativa visa a capacita\u00e7\u00e3o dos servidores do controle externo de todo o Brasil na utiliza\u00e7\u00e3o das Normas Brasileiras de Auditoria do Setor P\u00fablico (NBASP).&hellip;","_links":{"self":[{"href":"https:\/\/www.mpc.pr.gov.br\/index.php\/wp-json\/wp\/v2\/posts\/7587","targetHints":{"allow":["GET"]}}],"collection":[{"href":"https:\/\/www.mpc.pr.gov.br\/index.php\/wp-json\/wp\/v2\/posts"}],"about":[{"href":"https:\/\/www.mpc.pr.gov.br\/index.php\/wp-json\/wp\/v2\/types\/post"}],"author":[{"embeddable":true,"href":"https:\/\/www.mpc.pr.gov.br\/index.php\/wp-json\/wp\/v2\/users\/5"}],"replies":[{"embeddable":true,"href":"https:\/\/www.mpc.pr.gov.br\/index.php\/wp-json\/wp\/v2\/comments?post=7587"}],"version-history":[{"count":0,"href":"https:\/\/www.mpc.pr.gov.br\/index.php\/wp-json\/wp\/v2\/posts\/7587\/revisions"}],"wp:featuredmedia":[{"embeddable":true,"href":"https:\/\/www.mpc.pr.gov.br\/index.php\/wp-json\/"}],"wp:attachment":[{"href":"https:\/\/www.mpc.pr.gov.br\/index.php\/wp-json\/wp\/v2\/media?parent=7587"}],"wp:term":[{"taxonomy":"category","embeddable":true,"href":"https:\/\/www.mpc.pr.gov.br\/index.php\/wp-json\/wp\/v2\/categories?post=7587"},{"taxonomy":"post_tag","embeddable":true,"href":"https:\/\/www.mpc.pr.gov.br\/index.php\/wp-json\/wp\/v2\/tags?post=7587"}],"curies":[{"name":"wp","href":"https:\/\/api.w.org\/{rel}","templated":true}]}}