{"id":7609,"date":"2019-08-26T14:51:58","date_gmt":"2019-08-26T17:51:58","guid":{"rendered":"http:\/\/www.mpc.pr.gov.br\/?p=7609"},"modified":"2019-08-26T14:51:58","modified_gmt":"2019-08-26T17:51:58","slug":"mp-de-contas-participa-do-20-congresso-paranaense-de-direito-administrativo","status":"publish","type":"post","link":"https:\/\/www.mpc.pr.gov.br\/index.php\/mp-de-contas-participa-do-20-congresso-paranaense-de-direito-administrativo\/","title":{"rendered":"MP de Contas participa do 20\u00b0 Congresso Paranaense de Direito Administrativo"},"content":{"rendered":"<p><img fetchpriority=\"high\" decoding=\"async\" class=\"alignleft size-medium wp-image-7610\" src=\"http:\/\/www.mpc.pr.gov.br\/wp-content\/uploads\/2019\/08\/Banner-300x169.jpeg\" alt=\"\" width=\"300\" height=\"169\" \/>Amanh\u00e3 come\u00e7a a 20\u00aa edi\u00e7\u00e3o do Congresso Paranaense de Direito Administrativo, que ser\u00e1 realizado entre os dias 27 e 30 de agosto, na sede da Ordem do Advogados do Brasil \u2013 Se\u00e7\u00e3o Paran\u00e1 (OAB-PR), em Curitiba. O evento \u00e9 promovido pelo Instituto Paranaense de Direito Administrativo e visa discutir temas emergentes no intuito de fazer valer, na pr\u00e1tica, os fundamentos constitucionais democr\u00e1ticos.<\/p>\n<p>Este ano o tema do congresso \u00e9 <strong>Passando a limpo a gest\u00e3o p\u00fablica: arte, coragem e loucura<\/strong>. O assunto ser\u00e1 abordado na confer\u00eancia de abertura por Jos\u00e9 Pio Martins, professor, economista e reitor da Universidade Positivo. Antes da palestra haver\u00e1 uma homenagem \u00e0 professora da USP Odete Medauar, um dos nomes mais importantes da \u00e1rea do Direito Administrativo, que far\u00e1 a confer\u00eancia de encerramento, sobre \u201cProcessualidade no Direito Administrativo: burocracia ou instrumento para uma gest\u00e3o p\u00fablica transparente e eficiente?\u201d.<\/p>\n<p>O Procurador-Geral do MP de Contas do Paran\u00e1 (MPC-PR), Fl\u00e1vio de Azambuja Berti, participar\u00e1 no dia 29 de agosto, a partir das 14h, do painel sobre <strong>Compliance na Gest\u00e3o P\u00fablica: o Gerenciamento de Risco na Arte de Bem Administrar. <\/strong><\/p>\n<p>A programa\u00e7\u00e3o do evento ser\u00e1 composta por 10 pin\u00e9is de debates, um painel especial e um <em>talk show <\/em>mediado pela jornalista Maria Rafart, com a participa\u00e7\u00e3o dos professores Luiz Os\u00f3rio Panza, Marco Ant\u00f4nio Lima Berberi, Renato Cardoso de Almeida Andrade e Romeu Felipe Bacellar Filho.<\/p>\n<p>Os pain\u00e9is debater\u00e3o temas relevantes e atuais como gest\u00e3o de campanhas eleitorais, gest\u00e3o e licita\u00e7\u00f5es p\u00fablicas, solu\u00e7\u00e3o consensual de conflitos, compliance, parcerias da administra\u00e7\u00e3o p\u00fablica e sociedade civil, direito das cidades e sustentabilidade e governabilidade nas reformas necess\u00e1rias. Para acessar a programa\u00e7\u00e3o completa <a href=\"https:\/\/ipda.net.br\/congresso-paranaense-de-direito-administrativo\/\">clique aqui<\/a>.<\/p>\n<p><strong>Servi\u00e7o<\/strong><\/p>\n<p><strong>Evento: <\/strong>20\u00ba Congresso Paranaense de Direito Administrativo<\/p>\n<p><strong>Datas: <\/strong>27 a 30 de agosto.<\/p>\n<p><strong>Hor\u00e1rio: <\/strong>9h \u00e0s 18h30<\/p>\n<p><strong>Local: <\/strong>Sede da OAB-PR<\/p>\n<p>Rua Brasilino Moura, 253, Ah\u00fa \u2013 Curitiba-PR.<\/p>\n<p><strong>Programa\u00e7\u00e3o:\u00a0<\/strong><a href=\"https:\/\/ipda.net.br\/congresso-paranaense-de-direito-administrativo\/\">https:\/\/ipda.net.br\/congresso-paranaense-de-direito-administrativo\/<\/a><\/p>\n","protected":false},"excerpt":{"rendered":"<p>Amanh\u00e3 come\u00e7a a 20\u00aa edi\u00e7\u00e3o do Congresso Paranaense de Direito Administrativo, que ser\u00e1 realizado entre os dias 27 e 30 de agosto, na sede da Ordem do Advogados do Brasil \u2013 Se\u00e7\u00e3o Paran\u00e1 (OAB-PR), em Curitiba. O evento \u00e9 promovido pelo Instituto Paranaense de Direito Administrativo e visa discutir temas emergentes no intuito de fazer [&hellip;]<\/p>\n","protected":false},"author":5,"featured_media":7610,"comment_status":"open","ping_status":"open","sticky":false,"template":"","format":"standard","meta":{"_monsterinsights_skip_tracking":false,"_monsterinsights_sitenote_active":false,"_monsterinsights_sitenote_note":"","_monsterinsights_sitenote_category":0,"footnotes":""},"categories":[7,14],"tags":[],"class_list":["post-7609","post","type-post","status-publish","format-standard","has-post-thumbnail","hentry","category-todas-as-noticias","category-ultimas-noticias","entry","has-media"],"yoast_head":"<!-- This site is optimized with the Yoast SEO plugin v27.3 - https:\/\/yoast.com\/product\/yoast-seo-wordpress\/ -->\n<title>MP de Contas participa do 20\u00b0 Congresso Paranaense de Direito Administrativo - Minist\u00e9rio P\u00fablico de Contas do Estado do Paran\u00e1<\/title>\n<meta name=\"robots\" content=\"index, follow, max-snippet:-1, max-image-preview:large, max-video-preview:-1\" \/>\n<link rel=\"canonical\" href=\"https:\/\/www.mpc.pr.gov.br\/index.php\/mp-de-contas-participa-do-20-congresso-paranaense-de-direito-administrativo\/\" \/>\n<meta property=\"og:locale\" content=\"pt_BR\" \/>\n<meta property=\"og:type\" content=\"article\" \/>\n<meta property=\"og:title\" content=\"MP de Contas participa do 20\u00b0 Congresso Paranaense de Direito Administrativo - Minist\u00e9rio P\u00fablico de Contas do Estado do Paran\u00e1\" \/>\n<meta property=\"og:description\" content=\"Amanh\u00e3 come\u00e7a a 20\u00aa edi\u00e7\u00e3o do Congresso Paranaense de Direito Administrativo, que ser\u00e1 realizado entre os dias 27 e 30 de agosto, na sede da Ordem do Advogados do Brasil \u2013 Se\u00e7\u00e3o Paran\u00e1 (OAB-PR), em Curitiba. O evento \u00e9 promovido pelo Instituto Paranaense de Direito Administrativo e visa discutir temas emergentes no intuito de fazer [&hellip;]\" \/>\n<meta property=\"og:url\" content=\"https:\/\/www.mpc.pr.gov.br\/index.php\/mp-de-contas-participa-do-20-congresso-paranaense-de-direito-administrativo\/\" \/>\n<meta property=\"og:site_name\" content=\"Minist\u00e9rio P\u00fablico de Contas do Estado do Paran\u00e1\" \/>\n<meta property=\"article:publisher\" content=\"https:\/\/www.facebook.com\/mpc.pr\" \/>\n<meta property=\"article:published_time\" content=\"2019-08-26T17:51:58+00:00\" \/>\n<meta name=\"author\" content=\"giovanna.faria\" \/>\n<meta name=\"twitter:card\" content=\"summary_large_image\" \/>\n<meta name=\"twitter:label1\" content=\"Escrito por\" \/>\n\t<meta name=\"twitter:data1\" content=\"giovanna.faria\" \/>\n\t<meta name=\"twitter:label2\" content=\"Est. tempo de leitura\" \/>\n\t<meta name=\"twitter:data2\" content=\"2 minutos\" \/>\n<script type=\"application\/ld+json\" class=\"yoast-schema-graph\">{\"@context\":\"https:\\\/\\\/schema.org\",\"@graph\":[{\"@type\":\"Article\",\"@id\":\"https:\\\/\\\/www.mpc.pr.gov.br\\\/index.php\\\/mp-de-contas-participa-do-20-congresso-paranaense-de-direito-administrativo\\\/#article\",\"isPartOf\":{\"@id\":\"https:\\\/\\\/www.mpc.pr.gov.br\\\/index.php\\\/mp-de-contas-participa-do-20-congresso-paranaense-de-direito-administrativo\\\/\"},\"author\":{\"name\":\"giovanna.faria\",\"@id\":\"https:\\\/\\\/www.mpc.pr.gov.br\\\/#\\\/schema\\\/person\\\/d0c5cf9ebb4d8be833c419f3538cf751\"},\"headline\":\"MP de Contas participa do 20\u00b0 Congresso Paranaense de Direito Administrativo\",\"datePublished\":\"2019-08-26T17:51:58+00:00\",\"mainEntityOfPage\":{\"@id\":\"https:\\\/\\\/www.mpc.pr.gov.br\\\/index.php\\\/mp-de-contas-participa-do-20-congresso-paranaense-de-direito-administrativo\\\/\"},\"wordCount\":334,\"commentCount\":0,\"publisher\":{\"@id\":\"https:\\\/\\\/www.mpc.pr.gov.br\\\/#organization\"},\"image\":{\"@id\":\"https:\\\/\\\/www.mpc.pr.gov.br\\\/index.php\\\/mp-de-contas-participa-do-20-congresso-paranaense-de-direito-administrativo\\\/#primaryimage\"},\"thumbnailUrl\":\"\",\"articleSection\":[\"Todas as not\u00edcias\",\"\u00daltimas not\u00edcias\"],\"inLanguage\":\"pt-BR\",\"potentialAction\":[{\"@type\":\"CommentAction\",\"name\":\"Comment\",\"target\":[\"https:\\\/\\\/www.mpc.pr.gov.br\\\/index.php\\\/mp-de-contas-participa-do-20-congresso-paranaense-de-direito-administrativo\\\/#respond\"]}]},{\"@type\":\"WebPage\",\"@id\":\"https:\\\/\\\/www.mpc.pr.gov.br\\\/index.php\\\/mp-de-contas-participa-do-20-congresso-paranaense-de-direito-administrativo\\\/\",\"url\":\"https:\\\/\\\/www.mpc.pr.gov.br\\\/index.php\\\/mp-de-contas-participa-do-20-congresso-paranaense-de-direito-administrativo\\\/\",\"name\":\"MP de Contas participa do 20\u00b0 Congresso Paranaense de Direito Administrativo - Minist\u00e9rio P\u00fablico de Contas do Estado do Paran\u00e1\",\"isPartOf\":{\"@id\":\"https:\\\/\\\/www.mpc.pr.gov.br\\\/#website\"},\"primaryImageOfPage\":{\"@id\":\"https:\\\/\\\/www.mpc.pr.gov.br\\\/index.php\\\/mp-de-contas-participa-do-20-congresso-paranaense-de-direito-administrativo\\\/#primaryimage\"},\"image\":{\"@id\":\"https:\\\/\\\/www.mpc.pr.gov.br\\\/index.php\\\/mp-de-contas-participa-do-20-congresso-paranaense-de-direito-administrativo\\\/#primaryimage\"},\"thumbnailUrl\":\"\",\"datePublished\":\"2019-08-26T17:51:58+00:00\",\"breadcrumb\":{\"@id\":\"https:\\\/\\\/www.mpc.pr.gov.br\\\/index.php\\\/mp-de-contas-participa-do-20-congresso-paranaense-de-direito-administrativo\\\/#breadcrumb\"},\"inLanguage\":\"pt-BR\",\"potentialAction\":[{\"@type\":\"ReadAction\",\"target\":[\"https:\\\/\\\/www.mpc.pr.gov.br\\\/index.php\\\/mp-de-contas-participa-do-20-congresso-paranaense-de-direito-administrativo\\\/\"]}]},{\"@type\":\"ImageObject\",\"inLanguage\":\"pt-BR\",\"@id\":\"https:\\\/\\\/www.mpc.pr.gov.br\\\/index.php\\\/mp-de-contas-participa-do-20-congresso-paranaense-de-direito-administrativo\\\/#primaryimage\",\"url\":\"\",\"contentUrl\":\"\"},{\"@type\":\"BreadcrumbList\",\"@id\":\"https:\\\/\\\/www.mpc.pr.gov.br\\\/index.php\\\/mp-de-contas-participa-do-20-congresso-paranaense-de-direito-administrativo\\\/#breadcrumb\",\"itemListElement\":[{\"@type\":\"ListItem\",\"position\":1,\"name\":\"In\u00edcio\",\"item\":\"https:\\\/\\\/www.mpc.pr.gov.br\\\/\"},{\"@type\":\"ListItem\",\"position\":2,\"name\":\"MP de Contas participa do 20\u00b0 Congresso Paranaense de Direito Administrativo\"}]},{\"@type\":\"WebSite\",\"@id\":\"https:\\\/\\\/www.mpc.pr.gov.br\\\/#website\",\"url\":\"https:\\\/\\\/www.mpc.pr.gov.br\\\/\",\"name\":\"Minist\u00e9rio P\u00fablico de Contas do Estado do Paran\u00e1\",\"description\":\"\",\"publisher\":{\"@id\":\"https:\\\/\\\/www.mpc.pr.gov.br\\\/#organization\"},\"potentialAction\":[{\"@type\":\"SearchAction\",\"target\":{\"@type\":\"EntryPoint\",\"urlTemplate\":\"https:\\\/\\\/www.mpc.pr.gov.br\\\/?s={search_term_string}\"},\"query-input\":{\"@type\":\"PropertyValueSpecification\",\"valueRequired\":true,\"valueName\":\"search_term_string\"}}],\"inLanguage\":\"pt-BR\"},{\"@type\":\"Organization\",\"@id\":\"https:\\\/\\\/www.mpc.pr.gov.br\\\/#organization\",\"name\":\"Minist\u00e9rio P\u00fablico de Contas do Estado do Paran\u00e1\",\"url\":\"https:\\\/\\\/www.mpc.pr.gov.br\\\/\",\"logo\":{\"@type\":\"ImageObject\",\"inLanguage\":\"pt-BR\",\"@id\":\"https:\\\/\\\/www.mpc.pr.gov.br\\\/#\\\/schema\\\/logo\\\/image\\\/\",\"url\":\"https:\\\/\\\/www.mpc.pr.gov.br\\\/wp-content\\\/uploads\\\/2020\\\/06\\\/99423647_1593460364143890_6706793420720963584_n-1-e1591387983167.png\",\"contentUrl\":\"https:\\\/\\\/www.mpc.pr.gov.br\\\/wp-content\\\/uploads\\\/2020\\\/06\\\/99423647_1593460364143890_6706793420720963584_n-1-e1591387983167.png\",\"width\":243,\"height\":73,\"caption\":\"Minist\u00e9rio P\u00fablico de Contas do Estado do Paran\u00e1\"},\"image\":{\"@id\":\"https:\\\/\\\/www.mpc.pr.gov.br\\\/#\\\/schema\\\/logo\\\/image\\\/\"},\"sameAs\":[\"https:\\\/\\\/www.facebook.com\\\/mpc.pr\",\"https:\\\/\\\/www.instagram.com\\\/mpc.pr\\\/?hl=pt-br\",\"https:\\\/\\\/www.youtube.com\\\/channel\\\/UCHri5oEM8DV0ztX57E0sBSw\"]},{\"@type\":\"Person\",\"@id\":\"https:\\\/\\\/www.mpc.pr.gov.br\\\/#\\\/schema\\\/person\\\/d0c5cf9ebb4d8be833c419f3538cf751\",\"name\":\"giovanna.faria\",\"image\":{\"@type\":\"ImageObject\",\"inLanguage\":\"pt-BR\",\"@id\":\"https:\\\/\\\/secure.gravatar.com\\\/avatar\\\/?s=96&d=mm&r=g\",\"url\":\"https:\\\/\\\/secure.gravatar.com\\\/avatar\\\/?s=96&d=mm&r=g\",\"contentUrl\":\"https:\\\/\\\/secure.gravatar.com\\\/avatar\\\/?s=96&d=mm&r=g\",\"caption\":\"giovanna.faria\"}}]}<\/script>\n<!-- \/ Yoast SEO plugin. -->","yoast_head_json":{"title":"MP de Contas participa do 20\u00b0 Congresso Paranaense de Direito Administrativo - Minist\u00e9rio P\u00fablico de Contas do Estado do Paran\u00e1","robots":{"index":"index","follow":"follow","max-snippet":"max-snippet:-1","max-image-preview":"max-image-preview:large","max-video-preview":"max-video-preview:-1"},"canonical":"https:\/\/www.mpc.pr.gov.br\/index.php\/mp-de-contas-participa-do-20-congresso-paranaense-de-direito-administrativo\/","og_locale":"pt_BR","og_type":"article","og_title":"MP de Contas participa do 20\u00b0 Congresso Paranaense de Direito Administrativo - Minist\u00e9rio P\u00fablico de Contas do Estado do Paran\u00e1","og_description":"Amanh\u00e3 come\u00e7a a 20\u00aa edi\u00e7\u00e3o do Congresso Paranaense de Direito Administrativo, que ser\u00e1 realizado entre os dias 27 e 30 de agosto, na sede da Ordem do Advogados do Brasil \u2013 Se\u00e7\u00e3o Paran\u00e1 (OAB-PR), em Curitiba. O evento \u00e9 promovido pelo Instituto Paranaense de Direito Administrativo e visa discutir temas emergentes no intuito de fazer [&hellip;]","og_url":"https:\/\/www.mpc.pr.gov.br\/index.php\/mp-de-contas-participa-do-20-congresso-paranaense-de-direito-administrativo\/","og_site_name":"Minist\u00e9rio P\u00fablico de Contas do Estado do Paran\u00e1","article_publisher":"https:\/\/www.facebook.com\/mpc.pr","article_published_time":"2019-08-26T17:51:58+00:00","author":"giovanna.faria","twitter_card":"summary_large_image","twitter_misc":{"Escrito por":"giovanna.faria","Est. tempo de leitura":"2 minutos"},"schema":{"@context":"https:\/\/schema.org","@graph":[{"@type":"Article","@id":"https:\/\/www.mpc.pr.gov.br\/index.php\/mp-de-contas-participa-do-20-congresso-paranaense-de-direito-administrativo\/#article","isPartOf":{"@id":"https:\/\/www.mpc.pr.gov.br\/index.php\/mp-de-contas-participa-do-20-congresso-paranaense-de-direito-administrativo\/"},"author":{"name":"giovanna.faria","@id":"https:\/\/www.mpc.pr.gov.br\/#\/schema\/person\/d0c5cf9ebb4d8be833c419f3538cf751"},"headline":"MP de Contas participa do 20\u00b0 Congresso Paranaense de Direito Administrativo","datePublished":"2019-08-26T17:51:58+00:00","mainEntityOfPage":{"@id":"https:\/\/www.mpc.pr.gov.br\/index.php\/mp-de-contas-participa-do-20-congresso-paranaense-de-direito-administrativo\/"},"wordCount":334,"commentCount":0,"publisher":{"@id":"https:\/\/www.mpc.pr.gov.br\/#organization"},"image":{"@id":"https:\/\/www.mpc.pr.gov.br\/index.php\/mp-de-contas-participa-do-20-congresso-paranaense-de-direito-administrativo\/#primaryimage"},"thumbnailUrl":"","articleSection":["Todas as not\u00edcias","\u00daltimas not\u00edcias"],"inLanguage":"pt-BR","potentialAction":[{"@type":"CommentAction","name":"Comment","target":["https:\/\/www.mpc.pr.gov.br\/index.php\/mp-de-contas-participa-do-20-congresso-paranaense-de-direito-administrativo\/#respond"]}]},{"@type":"WebPage","@id":"https:\/\/www.mpc.pr.gov.br\/index.php\/mp-de-contas-participa-do-20-congresso-paranaense-de-direito-administrativo\/","url":"https:\/\/www.mpc.pr.gov.br\/index.php\/mp-de-contas-participa-do-20-congresso-paranaense-de-direito-administrativo\/","name":"MP de Contas participa do 20\u00b0 Congresso Paranaense de Direito Administrativo - Minist\u00e9rio P\u00fablico de Contas do Estado do Paran\u00e1","isPartOf":{"@id":"https:\/\/www.mpc.pr.gov.br\/#website"},"primaryImageOfPage":{"@id":"https:\/\/www.mpc.pr.gov.br\/index.php\/mp-de-contas-participa-do-20-congresso-paranaense-de-direito-administrativo\/#primaryimage"},"image":{"@id":"https:\/\/www.mpc.pr.gov.br\/index.php\/mp-de-contas-participa-do-20-congresso-paranaense-de-direito-administrativo\/#primaryimage"},"thumbnailUrl":"","datePublished":"2019-08-26T17:51:58+00:00","breadcrumb":{"@id":"https:\/\/www.mpc.pr.gov.br\/index.php\/mp-de-contas-participa-do-20-congresso-paranaense-de-direito-administrativo\/#breadcrumb"},"inLanguage":"pt-BR","potentialAction":[{"@type":"ReadAction","target":["https:\/\/www.mpc.pr.gov.br\/index.php\/mp-de-contas-participa-do-20-congresso-paranaense-de-direito-administrativo\/"]}]},{"@type":"ImageObject","inLanguage":"pt-BR","@id":"https:\/\/www.mpc.pr.gov.br\/index.php\/mp-de-contas-participa-do-20-congresso-paranaense-de-direito-administrativo\/#primaryimage","url":"","contentUrl":""},{"@type":"BreadcrumbList","@id":"https:\/\/www.mpc.pr.gov.br\/index.php\/mp-de-contas-participa-do-20-congresso-paranaense-de-direito-administrativo\/#breadcrumb","itemListElement":[{"@type":"ListItem","position":1,"name":"In\u00edcio","item":"https:\/\/www.mpc.pr.gov.br\/"},{"@type":"ListItem","position":2,"name":"MP de Contas participa do 20\u00b0 Congresso Paranaense de Direito Administrativo"}]},{"@type":"WebSite","@id":"https:\/\/www.mpc.pr.gov.br\/#website","url":"https:\/\/www.mpc.pr.gov.br\/","name":"Minist\u00e9rio P\u00fablico de Contas do Estado do Paran\u00e1","description":"","publisher":{"@id":"https:\/\/www.mpc.pr.gov.br\/#organization"},"potentialAction":[{"@type":"SearchAction","target":{"@type":"EntryPoint","urlTemplate":"https:\/\/www.mpc.pr.gov.br\/?s={search_term_string}"},"query-input":{"@type":"PropertyValueSpecification","valueRequired":true,"valueName":"search_term_string"}}],"inLanguage":"pt-BR"},{"@type":"Organization","@id":"https:\/\/www.mpc.pr.gov.br\/#organization","name":"Minist\u00e9rio P\u00fablico de Contas do Estado do Paran\u00e1","url":"https:\/\/www.mpc.pr.gov.br\/","logo":{"@type":"ImageObject","inLanguage":"pt-BR","@id":"https:\/\/www.mpc.pr.gov.br\/#\/schema\/logo\/image\/","url":"https:\/\/www.mpc.pr.gov.br\/wp-content\/uploads\/2020\/06\/99423647_1593460364143890_6706793420720963584_n-1-e1591387983167.png","contentUrl":"https:\/\/www.mpc.pr.gov.br\/wp-content\/uploads\/2020\/06\/99423647_1593460364143890_6706793420720963584_n-1-e1591387983167.png","width":243,"height":73,"caption":"Minist\u00e9rio P\u00fablico de Contas do Estado do Paran\u00e1"},"image":{"@id":"https:\/\/www.mpc.pr.gov.br\/#\/schema\/logo\/image\/"},"sameAs":["https:\/\/www.facebook.com\/mpc.pr","https:\/\/www.instagram.com\/mpc.pr\/?hl=pt-br","https:\/\/www.youtube.com\/channel\/UCHri5oEM8DV0ztX57E0sBSw"]},{"@type":"Person","@id":"https:\/\/www.mpc.pr.gov.br\/#\/schema\/person\/d0c5cf9ebb4d8be833c419f3538cf751","name":"giovanna.faria","image":{"@type":"ImageObject","inLanguage":"pt-BR","@id":"https:\/\/secure.gravatar.com\/avatar\/?s=96&d=mm&r=g","url":"https:\/\/secure.gravatar.com\/avatar\/?s=96&d=mm&r=g","contentUrl":"https:\/\/secure.gravatar.com\/avatar\/?s=96&d=mm&r=g","caption":"giovanna.faria"}}]}},"rttpg_featured_image_url":null,"rttpg_author":{"display_name":"giovanna.faria","author_link":"https:\/\/www.mpc.pr.gov.br\/index.php\/author\/giovanna-faria\/"},"rttpg_comment":0,"rttpg_category":"<a href=\"https:\/\/www.mpc.pr.gov.br\/index.php\/category\/todas-as-noticias\/\" rel=\"category tag\">Todas as not\u00edcias<\/a> <a href=\"https:\/\/www.mpc.pr.gov.br\/index.php\/category\/ultimas-noticias\/\" rel=\"category tag\">\u00daltimas not\u00edcias<\/a>","rttpg_excerpt":"Amanh\u00e3 come\u00e7a a 20\u00aa edi\u00e7\u00e3o do Congresso Paranaense de Direito Administrativo, que ser\u00e1 realizado entre os dias 27 e 30 de agosto, na sede da Ordem do Advogados do Brasil \u2013 Se\u00e7\u00e3o Paran\u00e1 (OAB-PR), em Curitiba. O evento \u00e9 promovido pelo Instituto Paranaense de Direito Administrativo e visa discutir temas emergentes no intuito de fazer&hellip;","_links":{"self":[{"href":"https:\/\/www.mpc.pr.gov.br\/index.php\/wp-json\/wp\/v2\/posts\/7609","targetHints":{"allow":["GET"]}}],"collection":[{"href":"https:\/\/www.mpc.pr.gov.br\/index.php\/wp-json\/wp\/v2\/posts"}],"about":[{"href":"https:\/\/www.mpc.pr.gov.br\/index.php\/wp-json\/wp\/v2\/types\/post"}],"author":[{"embeddable":true,"href":"https:\/\/www.mpc.pr.gov.br\/index.php\/wp-json\/wp\/v2\/users\/5"}],"replies":[{"embeddable":true,"href":"https:\/\/www.mpc.pr.gov.br\/index.php\/wp-json\/wp\/v2\/comments?post=7609"}],"version-history":[{"count":0,"href":"https:\/\/www.mpc.pr.gov.br\/index.php\/wp-json\/wp\/v2\/posts\/7609\/revisions"}],"wp:featuredmedia":[{"embeddable":true,"href":"https:\/\/www.mpc.pr.gov.br\/index.php\/wp-json\/"}],"wp:attachment":[{"href":"https:\/\/www.mpc.pr.gov.br\/index.php\/wp-json\/wp\/v2\/media?parent=7609"}],"wp:term":[{"taxonomy":"category","embeddable":true,"href":"https:\/\/www.mpc.pr.gov.br\/index.php\/wp-json\/wp\/v2\/categories?post=7609"},{"taxonomy":"post_tag","embeddable":true,"href":"https:\/\/www.mpc.pr.gov.br\/index.php\/wp-json\/wp\/v2\/tags?post=7609"}],"curies":[{"name":"wp","href":"https:\/\/api.w.org\/{rel}","templated":true}]}}