{"id":7612,"date":"2019-08-27T10:27:17","date_gmt":"2019-08-27T13:27:17","guid":{"rendered":"http:\/\/www.mpc.pr.gov.br\/?p=7612"},"modified":"2019-08-27T10:27:17","modified_gmt":"2019-08-27T13:27:17","slug":"tribunal-atende-recurso-do-mpc-pr-e-manda-ex-prefeito-de-sao-tome-restituir-diarias","status":"publish","type":"post","link":"https:\/\/www.mpc.pr.gov.br\/index.php\/tribunal-atende-recurso-do-mpc-pr-e-manda-ex-prefeito-de-sao-tome-restituir-diarias\/","title":{"rendered":"Tribunal atende recurso do MPC-PR e manda ex-prefeito de S\u00e3o Tom\u00e9 restituir di\u00e1rias"},"content":{"rendered":"<figure id=\"attachment_7615\" aria-describedby=\"caption-attachment-7615\" style=\"width: 300px\" class=\"wp-caption alignleft\"><img fetchpriority=\"high\" decoding=\"async\" class=\"wp-image-7615 size-medium\" src=\"http:\/\/www.mpc.pr.gov.br\/wp-content\/uploads\/2019\/08\/MPC-PR-Foto-Wagner-Ara\u00fajo-Divulga\u00e7\u00e3o-TCE-PR-300x207.jpg\" alt=\"\" width=\"300\" height=\"207\" \/><figcaption id=\"caption-attachment-7615\" class=\"wp-caption-text\">Ala ocupada pelo Minist\u00e9rio P\u00fablico de Contas (MPC-PR), no segundo andar do Edif\u00edcio-Anexo do TCE-PR, em Curitiba. Foto: Wagner Ara\u00fajo\/Divulga\u00e7\u00e3o TCE-PR.<\/figcaption><\/figure>\n<p>O Pleno do Tribunal de Contas do Estado do Paran\u00e1 (TCE-PR) julgou procedente o Recurso de Revista interposto pelo Minist\u00e9rio P\u00fablico de Contas que questionou o Ac\u00f3rd\u00e3o n\u00ba 94\/19, emitido pela Primeira C\u00e2mara da corte. A decis\u00e3o, apesar de aplicar tr\u00eas multas ao ex-prefeito de S\u00e3o Tom\u00e9 Arlei Hernandes de Biazzi (gest\u00e3o 2013-2016), havia considerado regular com ressalva o pagamento, ao gestor, de 268 di\u00e1rias entre 2013 e 2015, as quais somaram R$ 120.500,00.<\/p>\n<p>No entanto, ao recorrer, o MPC-PR alegou que a realiza\u00e7\u00e3o das viagens n\u00e3o foi comprovada pelo ent\u00e3o gestor desse munic\u00edpio do Noroeste paranaense, al\u00e9m de apontar que houve omiss\u00e3o, por parte dos respons\u00e1veis pelo controle interno da prefeitura, na fiscaliza\u00e7\u00e3o das despesas efetuadas com di\u00e1rias. Assim, opinou pela devolu\u00e7\u00e3o de todos os valores pagos de forma indevida, bem como pela aplica\u00e7\u00e3o de multas ao ex-prefeito e aos antigos controladores internos.<\/p>\n<p>Em sua defesa, Biazzi argumentou que as leis municipais que regulamentavam o assunto na \u00e9poca n\u00e3o exigiam a comprova\u00e7\u00e3o da realiza\u00e7\u00e3o das viagens. Em resposta, a Coordenadoria de Gest\u00e3o Municipal (CGM) do TCE-PR, em concord\u00e2ncia com o \u00f3rg\u00e3o ministerial, afirmou que o dever legal e constitucional de demonstrar a regular utiliza\u00e7\u00e3o de valores recebidos a t\u00edtulo de di\u00e1rias independe de previs\u00e3o em norma legal do munic\u00edpio.<\/p>\n<p><strong>Decis\u00e3o<\/strong><\/p>\n<p>Em seu voto, o relator do processo, conselheiro Fabio Camargo, concordou com as manifesta\u00e7\u00f5es da CGM e do MPC-PR sobre o caso, determinando a Biazzi a restitui\u00e7\u00e3o integral dos valores recebidos ao tesouro municipal de S\u00e3o Tom\u00e9. O ex-prefeito tamb\u00e9m recebeu uma multa correspondente a 10% do total pago de forma indevida, ou seja, R$ 12.050,00. As quantias devem ser devidamente atualizadas no momento do tr\u00e2nsito em julgado do processo.<\/p>\n<p>O relator tamb\u00e9m decidiu sancionar os ent\u00e3o controladores internos do munic\u00edpio, em raz\u00e3o da falta de fiscaliza\u00e7\u00e3o sobre os gastos. Rezende Stefanuto, respons\u00e1vel pela fun\u00e7\u00e3o entre 2011 e 2014, foi penalizado em R$ 1.450,98 &#8211; valor tamb\u00e9m pendente de corre\u00e7\u00e3o monet\u00e1ria.<\/p>\n<p>J\u00e1 Ot\u00e1vio Ant\u00f4nio da Silva, que respondeu pela posi\u00e7\u00e3o entre 2014 e 2016, foi multado em R$ 4.160,00. A import\u00e2ncia, v\u00e1lida para pagamento em agosto, corresponde a 40 vezes o valor da Unidade Padr\u00e3o Fiscal do Estado do Paran\u00e1 (UPF-PR). O indexador, que tem atualiza\u00e7\u00e3o mensal, vale R$ 103,99 neste m\u00eas. As tr\u00eas multas aplicadas est\u00e3o previstas nos artigos 87, inciso IV, e 89, par\u00e1grafo 2\u00ba, da Lei Org\u00e2nica do TCE-PR (Lei Complementar Estadual n\u00ba 113\/2005).<\/p>\n<p>Os demais membros do Tribunal Pleno do TCE-PR acompanharam, por maioria absoluta, o voto do relator, na sess\u00e3o de 24 de julho. Em 14 de agosto, Arlei Hernandes de Biazzi ingressou com Recurso de Revis\u00e3o da \u00a0decis\u00e3o contida no Ac\u00f3rd\u00e3o n\u00ba 2071\/19 &#8211; Tribunal Pleno, veiculado em 30 de julho, na\u00a0<a href=\"http:\/\/www1.tce.pr.gov.br\/conteudo\/diario-eletronico-2110-2019-de-30-07-2019\/323231\/area\/10\">edi\u00e7\u00e3o n\u00ba 2.110 do\u00a0<em>Di\u00e1rio Eletr\u00f4nico\u00a0<\/em>do TCE-PR (DETC)<\/a>. Com relatoria do conselheiro Durval Amaral, o recurso (Processo n\u00ba 547609\/19) ser\u00e1 julgado pelo Pleno do TCE-PR e, enquanto ele tramita, fica suspensa a execu\u00e7\u00e3o das san\u00e7\u00f5es de devolu\u00e7\u00e3o de recursos e multas aplicadas na decis\u00e3o original.<\/p>\n<p><strong><u>Servi\u00e7o<\/u><\/strong><\/p>\n<table border=\"0\" width=\"629\" cellspacing=\"0\" cellpadding=\"0\">\n<tbody>\n<tr>\n<td><strong>Processo<\/strong>\u00a0<strong>n\u00ba<\/strong>:<\/td>\n<td>112505\/19<\/td>\n<\/tr>\n<tr>\n<td><strong>Ac\u00f3rd\u00e3o n\u00ba:<\/strong><\/td>\n<td>2071\/19 &#8211; Tribunal Pleno<\/td>\n<\/tr>\n<tr>\n<td><strong>Assunto<\/strong>:<\/td>\n<td>Recurso de Revista<\/td>\n<\/tr>\n<tr>\n<td><strong>Entidade<\/strong>:<\/td>\n<td>Munic\u00edpio de S\u00e3o Tom\u00e9<\/td>\n<\/tr>\n<tr>\n<td><strong>Interessados<\/strong>:<\/td>\n<td>Arlei Hernandes de Biazzi, Minist\u00e9rio P\u00fablico de Contas do Estado do Paran\u00e1, Ot\u00e1vio Ant\u00f4nio da Silva e Rezende Stefanuto<\/td>\n<\/tr>\n<tr>\n<td><strong>Relator<\/strong>:<\/td>\n<td>Conselheiro Fabio de Souza Camargo<\/td>\n<\/tr>\n<\/tbody>\n<\/table>\n<div id=\"post-7417\" class=\"post\">\n<div id=\"mycontent2\">\n<div id=\"post-7347\" class=\"post\">\n<div id=\"mycontent2\">\n<div id=\"post-7289\" class=\"post\">\n<div id=\"mycontent2\">\n<div id=\"post-7252\" class=\"post\">\n<div id=\"mycontent2\">\n<div id=\"post-7172\" class=\"post\">\n<div id=\"mycontent2\">\n<div id=\"post-7161\" class=\"post\">\n<div id=\"mycontent2\">\n<div id=\"post-7156\" class=\"post\">\n<div id=\"mycontent2\">\n<div id=\"post-7041\" class=\"post\">\n<div id=\"mycontent2\">\n<div id=\"post-6894\" class=\"post\">\n<div id=\"mycontent2\">\n<div id=\"post-6637\" class=\"post\">\n<div id=\"mycontent2\">\n<div id=\"post-6630\" class=\"post\">\n<div id=\"mycontent2\">\n<div id=\"post-6623\" class=\"post\">\n<div id=\"mycontent2\">\n<p><strong><em><cite><span id=\"cphMasterPortal_lblInicioAutor\">Fonte:\u00a0<\/span><span id=\"cphMasterPortal_lblAutor\">Diretoria de Comunica\u00e7\u00e3o Social \u2013\u00a0<\/span><\/cite><span id=\"cphMasterPortal_lblFonte\">TCE\/PR.<\/span><\/em><\/strong><\/p>\n<\/div>\n<\/div>\n<\/div>\n<\/div>\n<\/div>\n<\/div>\n<\/div>\n<\/div>\n<\/div>\n<\/div>\n<\/div>\n<\/div>\n<\/div>\n<\/div>\n<\/div>\n<\/div>\n<\/div>\n<\/div>\n<\/div>\n<\/div>\n<\/div>\n<\/div>\n<\/div>\n<\/div>\n","protected":false},"excerpt":{"rendered":"<p>O Pleno do Tribunal de Contas do Estado do Paran\u00e1 (TCE-PR) julgou procedente o Recurso de Revista interposto pelo Minist\u00e9rio P\u00fablico de Contas que questionou o Ac\u00f3rd\u00e3o n\u00ba 94\/19, emitido pela Primeira C\u00e2mara da corte. A decis\u00e3o, apesar de aplicar tr\u00eas multas ao ex-prefeito de S\u00e3o Tom\u00e9 Arlei Hernandes de Biazzi (gest\u00e3o 2013-2016), havia considerado [&hellip;]<\/p>\n","protected":false},"author":5,"featured_media":7615,"comment_status":"open","ping_status":"open","sticky":false,"template":"","format":"standard","meta":{"_monsterinsights_skip_tracking":false,"_monsterinsights_sitenote_active":false,"_monsterinsights_sitenote_note":"","_monsterinsights_sitenote_category":0,"footnotes":""},"categories":[15,7],"tags":[],"class_list":["post-7612","post","type-post","status-publish","format-standard","has-post-thumbnail","hentry","category-noticias-de-interesse","category-todas-as-noticias","entry","has-media"],"yoast_head":"<!-- This site is optimized with the Yoast SEO plugin v27.3 - https:\/\/yoast.com\/product\/yoast-seo-wordpress\/ -->\n<title>Tribunal atende recurso do MPC-PR e manda ex-prefeito de S\u00e3o Tom\u00e9 restituir di\u00e1rias - Minist\u00e9rio P\u00fablico de Contas do Estado do Paran\u00e1<\/title>\n<meta name=\"robots\" content=\"index, follow, max-snippet:-1, max-image-preview:large, max-video-preview:-1\" \/>\n<link rel=\"canonical\" href=\"https:\/\/www.mpc.pr.gov.br\/index.php\/tribunal-atende-recurso-do-mpc-pr-e-manda-ex-prefeito-de-sao-tome-restituir-diarias\/\" \/>\n<meta property=\"og:locale\" content=\"pt_BR\" \/>\n<meta property=\"og:type\" content=\"article\" \/>\n<meta property=\"og:title\" content=\"Tribunal atende recurso do MPC-PR e manda ex-prefeito de S\u00e3o Tom\u00e9 restituir di\u00e1rias - Minist\u00e9rio P\u00fablico de Contas do Estado do Paran\u00e1\" \/>\n<meta property=\"og:description\" content=\"O Pleno do Tribunal de Contas do Estado do Paran\u00e1 (TCE-PR) julgou procedente o Recurso de Revista interposto pelo Minist\u00e9rio P\u00fablico de Contas que questionou o Ac\u00f3rd\u00e3o n\u00ba 94\/19, emitido pela Primeira C\u00e2mara da corte. A decis\u00e3o, apesar de aplicar tr\u00eas multas ao ex-prefeito de S\u00e3o Tom\u00e9 Arlei Hernandes de Biazzi (gest\u00e3o 2013-2016), havia considerado [&hellip;]\" \/>\n<meta property=\"og:url\" content=\"https:\/\/www.mpc.pr.gov.br\/index.php\/tribunal-atende-recurso-do-mpc-pr-e-manda-ex-prefeito-de-sao-tome-restituir-diarias\/\" \/>\n<meta property=\"og:site_name\" content=\"Minist\u00e9rio P\u00fablico de Contas do Estado do Paran\u00e1\" \/>\n<meta property=\"article:publisher\" content=\"https:\/\/www.facebook.com\/mpc.pr\" \/>\n<meta property=\"article:published_time\" content=\"2019-08-27T13:27:17+00:00\" \/>\n<meta name=\"author\" content=\"giovanna.faria\" \/>\n<meta name=\"twitter:card\" content=\"summary_large_image\" \/>\n<meta name=\"twitter:label1\" content=\"Escrito por\" \/>\n\t<meta name=\"twitter:data1\" content=\"giovanna.faria\" \/>\n\t<meta name=\"twitter:label2\" content=\"Est. tempo de leitura\" \/>\n\t<meta name=\"twitter:data2\" content=\"3 minutos\" \/>\n<script type=\"application\/ld+json\" class=\"yoast-schema-graph\">{\"@context\":\"https:\\\/\\\/schema.org\",\"@graph\":[{\"@type\":\"Article\",\"@id\":\"https:\\\/\\\/www.mpc.pr.gov.br\\\/index.php\\\/tribunal-atende-recurso-do-mpc-pr-e-manda-ex-prefeito-de-sao-tome-restituir-diarias\\\/#article\",\"isPartOf\":{\"@id\":\"https:\\\/\\\/www.mpc.pr.gov.br\\\/index.php\\\/tribunal-atende-recurso-do-mpc-pr-e-manda-ex-prefeito-de-sao-tome-restituir-diarias\\\/\"},\"author\":{\"name\":\"giovanna.faria\",\"@id\":\"https:\\\/\\\/www.mpc.pr.gov.br\\\/#\\\/schema\\\/person\\\/d0c5cf9ebb4d8be833c419f3538cf751\"},\"headline\":\"Tribunal atende recurso do MPC-PR e manda ex-prefeito de S\u00e3o Tom\u00e9 restituir di\u00e1rias\",\"datePublished\":\"2019-08-27T13:27:17+00:00\",\"mainEntityOfPage\":{\"@id\":\"https:\\\/\\\/www.mpc.pr.gov.br\\\/index.php\\\/tribunal-atende-recurso-do-mpc-pr-e-manda-ex-prefeito-de-sao-tome-restituir-diarias\\\/\"},\"wordCount\":651,\"commentCount\":0,\"publisher\":{\"@id\":\"https:\\\/\\\/www.mpc.pr.gov.br\\\/#organization\"},\"image\":{\"@id\":\"https:\\\/\\\/www.mpc.pr.gov.br\\\/index.php\\\/tribunal-atende-recurso-do-mpc-pr-e-manda-ex-prefeito-de-sao-tome-restituir-diarias\\\/#primaryimage\"},\"thumbnailUrl\":\"\",\"articleSection\":[\"Not\u00edcias de Interesse\",\"Todas as not\u00edcias\"],\"inLanguage\":\"pt-BR\",\"potentialAction\":[{\"@type\":\"CommentAction\",\"name\":\"Comment\",\"target\":[\"https:\\\/\\\/www.mpc.pr.gov.br\\\/index.php\\\/tribunal-atende-recurso-do-mpc-pr-e-manda-ex-prefeito-de-sao-tome-restituir-diarias\\\/#respond\"]}]},{\"@type\":\"WebPage\",\"@id\":\"https:\\\/\\\/www.mpc.pr.gov.br\\\/index.php\\\/tribunal-atende-recurso-do-mpc-pr-e-manda-ex-prefeito-de-sao-tome-restituir-diarias\\\/\",\"url\":\"https:\\\/\\\/www.mpc.pr.gov.br\\\/index.php\\\/tribunal-atende-recurso-do-mpc-pr-e-manda-ex-prefeito-de-sao-tome-restituir-diarias\\\/\",\"name\":\"Tribunal atende recurso do MPC-PR e manda ex-prefeito de S\u00e3o Tom\u00e9 restituir di\u00e1rias - Minist\u00e9rio P\u00fablico de Contas do Estado do Paran\u00e1\",\"isPartOf\":{\"@id\":\"https:\\\/\\\/www.mpc.pr.gov.br\\\/#website\"},\"primaryImageOfPage\":{\"@id\":\"https:\\\/\\\/www.mpc.pr.gov.br\\\/index.php\\\/tribunal-atende-recurso-do-mpc-pr-e-manda-ex-prefeito-de-sao-tome-restituir-diarias\\\/#primaryimage\"},\"image\":{\"@id\":\"https:\\\/\\\/www.mpc.pr.gov.br\\\/index.php\\\/tribunal-atende-recurso-do-mpc-pr-e-manda-ex-prefeito-de-sao-tome-restituir-diarias\\\/#primaryimage\"},\"thumbnailUrl\":\"\",\"datePublished\":\"2019-08-27T13:27:17+00:00\",\"breadcrumb\":{\"@id\":\"https:\\\/\\\/www.mpc.pr.gov.br\\\/index.php\\\/tribunal-atende-recurso-do-mpc-pr-e-manda-ex-prefeito-de-sao-tome-restituir-diarias\\\/#breadcrumb\"},\"inLanguage\":\"pt-BR\",\"potentialAction\":[{\"@type\":\"ReadAction\",\"target\":[\"https:\\\/\\\/www.mpc.pr.gov.br\\\/index.php\\\/tribunal-atende-recurso-do-mpc-pr-e-manda-ex-prefeito-de-sao-tome-restituir-diarias\\\/\"]}]},{\"@type\":\"ImageObject\",\"inLanguage\":\"pt-BR\",\"@id\":\"https:\\\/\\\/www.mpc.pr.gov.br\\\/index.php\\\/tribunal-atende-recurso-do-mpc-pr-e-manda-ex-prefeito-de-sao-tome-restituir-diarias\\\/#primaryimage\",\"url\":\"\",\"contentUrl\":\"\"},{\"@type\":\"BreadcrumbList\",\"@id\":\"https:\\\/\\\/www.mpc.pr.gov.br\\\/index.php\\\/tribunal-atende-recurso-do-mpc-pr-e-manda-ex-prefeito-de-sao-tome-restituir-diarias\\\/#breadcrumb\",\"itemListElement\":[{\"@type\":\"ListItem\",\"position\":1,\"name\":\"In\u00edcio\",\"item\":\"https:\\\/\\\/www.mpc.pr.gov.br\\\/\"},{\"@type\":\"ListItem\",\"position\":2,\"name\":\"Tribunal atende recurso do MPC-PR e manda ex-prefeito de S\u00e3o Tom\u00e9 restituir di\u00e1rias\"}]},{\"@type\":\"WebSite\",\"@id\":\"https:\\\/\\\/www.mpc.pr.gov.br\\\/#website\",\"url\":\"https:\\\/\\\/www.mpc.pr.gov.br\\\/\",\"name\":\"Minist\u00e9rio P\u00fablico de Contas do Estado do Paran\u00e1\",\"description\":\"\",\"publisher\":{\"@id\":\"https:\\\/\\\/www.mpc.pr.gov.br\\\/#organization\"},\"potentialAction\":[{\"@type\":\"SearchAction\",\"target\":{\"@type\":\"EntryPoint\",\"urlTemplate\":\"https:\\\/\\\/www.mpc.pr.gov.br\\\/?s={search_term_string}\"},\"query-input\":{\"@type\":\"PropertyValueSpecification\",\"valueRequired\":true,\"valueName\":\"search_term_string\"}}],\"inLanguage\":\"pt-BR\"},{\"@type\":\"Organization\",\"@id\":\"https:\\\/\\\/www.mpc.pr.gov.br\\\/#organization\",\"name\":\"Minist\u00e9rio P\u00fablico de Contas do Estado do Paran\u00e1\",\"url\":\"https:\\\/\\\/www.mpc.pr.gov.br\\\/\",\"logo\":{\"@type\":\"ImageObject\",\"inLanguage\":\"pt-BR\",\"@id\":\"https:\\\/\\\/www.mpc.pr.gov.br\\\/#\\\/schema\\\/logo\\\/image\\\/\",\"url\":\"https:\\\/\\\/www.mpc.pr.gov.br\\\/wp-content\\\/uploads\\\/2020\\\/06\\\/99423647_1593460364143890_6706793420720963584_n-1-e1591387983167.png\",\"contentUrl\":\"https:\\\/\\\/www.mpc.pr.gov.br\\\/wp-content\\\/uploads\\\/2020\\\/06\\\/99423647_1593460364143890_6706793420720963584_n-1-e1591387983167.png\",\"width\":243,\"height\":73,\"caption\":\"Minist\u00e9rio P\u00fablico de Contas do Estado do Paran\u00e1\"},\"image\":{\"@id\":\"https:\\\/\\\/www.mpc.pr.gov.br\\\/#\\\/schema\\\/logo\\\/image\\\/\"},\"sameAs\":[\"https:\\\/\\\/www.facebook.com\\\/mpc.pr\",\"https:\\\/\\\/www.instagram.com\\\/mpc.pr\\\/?hl=pt-br\",\"https:\\\/\\\/www.youtube.com\\\/channel\\\/UCHri5oEM8DV0ztX57E0sBSw\"]},{\"@type\":\"Person\",\"@id\":\"https:\\\/\\\/www.mpc.pr.gov.br\\\/#\\\/schema\\\/person\\\/d0c5cf9ebb4d8be833c419f3538cf751\",\"name\":\"giovanna.faria\",\"image\":{\"@type\":\"ImageObject\",\"inLanguage\":\"pt-BR\",\"@id\":\"https:\\\/\\\/secure.gravatar.com\\\/avatar\\\/?s=96&d=mm&r=g\",\"url\":\"https:\\\/\\\/secure.gravatar.com\\\/avatar\\\/?s=96&d=mm&r=g\",\"contentUrl\":\"https:\\\/\\\/secure.gravatar.com\\\/avatar\\\/?s=96&d=mm&r=g\",\"caption\":\"giovanna.faria\"}}]}<\/script>\n<!-- \/ Yoast SEO plugin. -->","yoast_head_json":{"title":"Tribunal atende recurso do MPC-PR e manda ex-prefeito de S\u00e3o Tom\u00e9 restituir di\u00e1rias - Minist\u00e9rio P\u00fablico de Contas do Estado do Paran\u00e1","robots":{"index":"index","follow":"follow","max-snippet":"max-snippet:-1","max-image-preview":"max-image-preview:large","max-video-preview":"max-video-preview:-1"},"canonical":"https:\/\/www.mpc.pr.gov.br\/index.php\/tribunal-atende-recurso-do-mpc-pr-e-manda-ex-prefeito-de-sao-tome-restituir-diarias\/","og_locale":"pt_BR","og_type":"article","og_title":"Tribunal atende recurso do MPC-PR e manda ex-prefeito de S\u00e3o Tom\u00e9 restituir di\u00e1rias - Minist\u00e9rio P\u00fablico de Contas do Estado do Paran\u00e1","og_description":"O Pleno do Tribunal de Contas do Estado do Paran\u00e1 (TCE-PR) julgou procedente o Recurso de Revista interposto pelo Minist\u00e9rio P\u00fablico de Contas que questionou o Ac\u00f3rd\u00e3o n\u00ba 94\/19, emitido pela Primeira C\u00e2mara da corte. A decis\u00e3o, apesar de aplicar tr\u00eas multas ao ex-prefeito de S\u00e3o Tom\u00e9 Arlei Hernandes de Biazzi (gest\u00e3o 2013-2016), havia considerado [&hellip;]","og_url":"https:\/\/www.mpc.pr.gov.br\/index.php\/tribunal-atende-recurso-do-mpc-pr-e-manda-ex-prefeito-de-sao-tome-restituir-diarias\/","og_site_name":"Minist\u00e9rio P\u00fablico de Contas do Estado do Paran\u00e1","article_publisher":"https:\/\/www.facebook.com\/mpc.pr","article_published_time":"2019-08-27T13:27:17+00:00","author":"giovanna.faria","twitter_card":"summary_large_image","twitter_misc":{"Escrito por":"giovanna.faria","Est. tempo de leitura":"3 minutos"},"schema":{"@context":"https:\/\/schema.org","@graph":[{"@type":"Article","@id":"https:\/\/www.mpc.pr.gov.br\/index.php\/tribunal-atende-recurso-do-mpc-pr-e-manda-ex-prefeito-de-sao-tome-restituir-diarias\/#article","isPartOf":{"@id":"https:\/\/www.mpc.pr.gov.br\/index.php\/tribunal-atende-recurso-do-mpc-pr-e-manda-ex-prefeito-de-sao-tome-restituir-diarias\/"},"author":{"name":"giovanna.faria","@id":"https:\/\/www.mpc.pr.gov.br\/#\/schema\/person\/d0c5cf9ebb4d8be833c419f3538cf751"},"headline":"Tribunal atende recurso do MPC-PR e manda ex-prefeito de S\u00e3o Tom\u00e9 restituir di\u00e1rias","datePublished":"2019-08-27T13:27:17+00:00","mainEntityOfPage":{"@id":"https:\/\/www.mpc.pr.gov.br\/index.php\/tribunal-atende-recurso-do-mpc-pr-e-manda-ex-prefeito-de-sao-tome-restituir-diarias\/"},"wordCount":651,"commentCount":0,"publisher":{"@id":"https:\/\/www.mpc.pr.gov.br\/#organization"},"image":{"@id":"https:\/\/www.mpc.pr.gov.br\/index.php\/tribunal-atende-recurso-do-mpc-pr-e-manda-ex-prefeito-de-sao-tome-restituir-diarias\/#primaryimage"},"thumbnailUrl":"","articleSection":["Not\u00edcias de Interesse","Todas as not\u00edcias"],"inLanguage":"pt-BR","potentialAction":[{"@type":"CommentAction","name":"Comment","target":["https:\/\/www.mpc.pr.gov.br\/index.php\/tribunal-atende-recurso-do-mpc-pr-e-manda-ex-prefeito-de-sao-tome-restituir-diarias\/#respond"]}]},{"@type":"WebPage","@id":"https:\/\/www.mpc.pr.gov.br\/index.php\/tribunal-atende-recurso-do-mpc-pr-e-manda-ex-prefeito-de-sao-tome-restituir-diarias\/","url":"https:\/\/www.mpc.pr.gov.br\/index.php\/tribunal-atende-recurso-do-mpc-pr-e-manda-ex-prefeito-de-sao-tome-restituir-diarias\/","name":"Tribunal atende recurso do MPC-PR e manda ex-prefeito de S\u00e3o Tom\u00e9 restituir di\u00e1rias - Minist\u00e9rio P\u00fablico de Contas do Estado do Paran\u00e1","isPartOf":{"@id":"https:\/\/www.mpc.pr.gov.br\/#website"},"primaryImageOfPage":{"@id":"https:\/\/www.mpc.pr.gov.br\/index.php\/tribunal-atende-recurso-do-mpc-pr-e-manda-ex-prefeito-de-sao-tome-restituir-diarias\/#primaryimage"},"image":{"@id":"https:\/\/www.mpc.pr.gov.br\/index.php\/tribunal-atende-recurso-do-mpc-pr-e-manda-ex-prefeito-de-sao-tome-restituir-diarias\/#primaryimage"},"thumbnailUrl":"","datePublished":"2019-08-27T13:27:17+00:00","breadcrumb":{"@id":"https:\/\/www.mpc.pr.gov.br\/index.php\/tribunal-atende-recurso-do-mpc-pr-e-manda-ex-prefeito-de-sao-tome-restituir-diarias\/#breadcrumb"},"inLanguage":"pt-BR","potentialAction":[{"@type":"ReadAction","target":["https:\/\/www.mpc.pr.gov.br\/index.php\/tribunal-atende-recurso-do-mpc-pr-e-manda-ex-prefeito-de-sao-tome-restituir-diarias\/"]}]},{"@type":"ImageObject","inLanguage":"pt-BR","@id":"https:\/\/www.mpc.pr.gov.br\/index.php\/tribunal-atende-recurso-do-mpc-pr-e-manda-ex-prefeito-de-sao-tome-restituir-diarias\/#primaryimage","url":"","contentUrl":""},{"@type":"BreadcrumbList","@id":"https:\/\/www.mpc.pr.gov.br\/index.php\/tribunal-atende-recurso-do-mpc-pr-e-manda-ex-prefeito-de-sao-tome-restituir-diarias\/#breadcrumb","itemListElement":[{"@type":"ListItem","position":1,"name":"In\u00edcio","item":"https:\/\/www.mpc.pr.gov.br\/"},{"@type":"ListItem","position":2,"name":"Tribunal atende recurso do MPC-PR e manda ex-prefeito de S\u00e3o Tom\u00e9 restituir di\u00e1rias"}]},{"@type":"WebSite","@id":"https:\/\/www.mpc.pr.gov.br\/#website","url":"https:\/\/www.mpc.pr.gov.br\/","name":"Minist\u00e9rio P\u00fablico de Contas do Estado do Paran\u00e1","description":"","publisher":{"@id":"https:\/\/www.mpc.pr.gov.br\/#organization"},"potentialAction":[{"@type":"SearchAction","target":{"@type":"EntryPoint","urlTemplate":"https:\/\/www.mpc.pr.gov.br\/?s={search_term_string}"},"query-input":{"@type":"PropertyValueSpecification","valueRequired":true,"valueName":"search_term_string"}}],"inLanguage":"pt-BR"},{"@type":"Organization","@id":"https:\/\/www.mpc.pr.gov.br\/#organization","name":"Minist\u00e9rio P\u00fablico de Contas do Estado do Paran\u00e1","url":"https:\/\/www.mpc.pr.gov.br\/","logo":{"@type":"ImageObject","inLanguage":"pt-BR","@id":"https:\/\/www.mpc.pr.gov.br\/#\/schema\/logo\/image\/","url":"https:\/\/www.mpc.pr.gov.br\/wp-content\/uploads\/2020\/06\/99423647_1593460364143890_6706793420720963584_n-1-e1591387983167.png","contentUrl":"https:\/\/www.mpc.pr.gov.br\/wp-content\/uploads\/2020\/06\/99423647_1593460364143890_6706793420720963584_n-1-e1591387983167.png","width":243,"height":73,"caption":"Minist\u00e9rio P\u00fablico de Contas do Estado do Paran\u00e1"},"image":{"@id":"https:\/\/www.mpc.pr.gov.br\/#\/schema\/logo\/image\/"},"sameAs":["https:\/\/www.facebook.com\/mpc.pr","https:\/\/www.instagram.com\/mpc.pr\/?hl=pt-br","https:\/\/www.youtube.com\/channel\/UCHri5oEM8DV0ztX57E0sBSw"]},{"@type":"Person","@id":"https:\/\/www.mpc.pr.gov.br\/#\/schema\/person\/d0c5cf9ebb4d8be833c419f3538cf751","name":"giovanna.faria","image":{"@type":"ImageObject","inLanguage":"pt-BR","@id":"https:\/\/secure.gravatar.com\/avatar\/?s=96&d=mm&r=g","url":"https:\/\/secure.gravatar.com\/avatar\/?s=96&d=mm&r=g","contentUrl":"https:\/\/secure.gravatar.com\/avatar\/?s=96&d=mm&r=g","caption":"giovanna.faria"}}]}},"rttpg_featured_image_url":null,"rttpg_author":{"display_name":"giovanna.faria","author_link":"https:\/\/www.mpc.pr.gov.br\/index.php\/author\/giovanna-faria\/"},"rttpg_comment":0,"rttpg_category":"<a href=\"https:\/\/www.mpc.pr.gov.br\/index.php\/category\/noticias-de-interesse\/\" rel=\"category tag\">Not\u00edcias de Interesse<\/a> <a href=\"https:\/\/www.mpc.pr.gov.br\/index.php\/category\/todas-as-noticias\/\" rel=\"category tag\">Todas as not\u00edcias<\/a>","rttpg_excerpt":"O Pleno do Tribunal de Contas do Estado do Paran\u00e1 (TCE-PR) julgou procedente o Recurso de Revista interposto pelo Minist\u00e9rio P\u00fablico de Contas que questionou o Ac\u00f3rd\u00e3o n\u00ba 94\/19, emitido pela Primeira C\u00e2mara da corte. A decis\u00e3o, apesar de aplicar tr\u00eas multas ao ex-prefeito de S\u00e3o Tom\u00e9 Arlei Hernandes de Biazzi (gest\u00e3o 2013-2016), havia considerado&hellip;","_links":{"self":[{"href":"https:\/\/www.mpc.pr.gov.br\/index.php\/wp-json\/wp\/v2\/posts\/7612","targetHints":{"allow":["GET"]}}],"collection":[{"href":"https:\/\/www.mpc.pr.gov.br\/index.php\/wp-json\/wp\/v2\/posts"}],"about":[{"href":"https:\/\/www.mpc.pr.gov.br\/index.php\/wp-json\/wp\/v2\/types\/post"}],"author":[{"embeddable":true,"href":"https:\/\/www.mpc.pr.gov.br\/index.php\/wp-json\/wp\/v2\/users\/5"}],"replies":[{"embeddable":true,"href":"https:\/\/www.mpc.pr.gov.br\/index.php\/wp-json\/wp\/v2\/comments?post=7612"}],"version-history":[{"count":0,"href":"https:\/\/www.mpc.pr.gov.br\/index.php\/wp-json\/wp\/v2\/posts\/7612\/revisions"}],"wp:featuredmedia":[{"embeddable":true,"href":"https:\/\/www.mpc.pr.gov.br\/index.php\/wp-json\/"}],"wp:attachment":[{"href":"https:\/\/www.mpc.pr.gov.br\/index.php\/wp-json\/wp\/v2\/media?parent=7612"}],"wp:term":[{"taxonomy":"category","embeddable":true,"href":"https:\/\/www.mpc.pr.gov.br\/index.php\/wp-json\/wp\/v2\/categories?post=7612"},{"taxonomy":"post_tag","embeddable":true,"href":"https:\/\/www.mpc.pr.gov.br\/index.php\/wp-json\/wp\/v2\/tags?post=7612"}],"curies":[{"name":"wp","href":"https:\/\/api.w.org\/{rel}","templated":true}]}}