{"id":7659,"date":"2019-09-09T15:06:40","date_gmt":"2019-09-09T18:06:40","guid":{"rendered":"http:\/\/www.mpc.pr.gov.br\/?p=7659"},"modified":"2019-09-09T15:06:40","modified_gmt":"2019-09-09T18:06:40","slug":"mp-de-contas-vai-fiscalizar-portais-da-transparencia-em-novo-projeto-de-atuacao-especial","status":"publish","type":"post","link":"https:\/\/www.mpc.pr.gov.br\/index.php\/mp-de-contas-vai-fiscalizar-portais-da-transparencia-em-novo-projeto-de-atuacao-especial\/","title":{"rendered":"MP de Contas vai fiscalizar portais da transpar\u00eancia em novo projeto de atua\u00e7\u00e3o especial"},"content":{"rendered":"<p><img decoding=\"async\" class=\"alignleft size-medium wp-image-3933\" src=\"http:\/\/www.mpc.pr.gov.br\/wp-content\/uploads\/2015\/10\/transpar\u00eancia-300x136.jpg\" alt=\"\" width=\"300\" height=\"136\" \/>O MP de Contas do Paran\u00e1 (MPC-PR) deu in\u00edcio em agosto deste ano a um novo Projeto Especial, que visa o mapeamento dos portais da transpar\u00eancia dos munic\u00edpios do Estado. O foco da fiscaliza\u00e7\u00e3o ser\u00e1 as informa\u00e7\u00f5es relativas \u00e0s Licita\u00e7\u00f5es, aos Contratos, \u00e0 Execu\u00e7\u00e3o Or\u00e7ament\u00e1ria e \u00e0s Informa\u00e7\u00f5es de Pessoal.<\/p>\n<p>Por meio dessa iniciativa, o MPC-PR busca aprimorar a divulga\u00e7\u00e3o das informa\u00e7\u00f5es municipais nos respectivos portais da transpar\u00eancia, garantindo o cumprimento da Lei de Acesso \u00e0 Informa\u00e7\u00e3o (Lei n\u00b0 12527\/2011). Al\u00e9m disso, a fiscaliza\u00e7\u00e3o permitir\u00e1 verificar se est\u00e3o sendo disponibilizados os documentos exigidos por lei, bem como confrontar os dados divulgados nos portais com as informa\u00e7\u00f5es encaminhadas aos sistemas do Tribunal de Contas do Paran\u00e1 (TCE-PR).<\/p>\n<p>Foram designados quatro servidores que comp\u00f5e o N\u00facleo de Intelig\u00eancia do \u00f3rg\u00e3o ministerial para conduzir o projeto, sob coordena\u00e7\u00e3o do Gabinete da Procuradoria-Geral. A equipe ser\u00e1 respons\u00e1vel pela an\u00e1lise dos munic\u00edpios do Estado que possuem mais de 30 mil habitantes, totalizando 52 cidades.<\/p>\n<p>Al\u00e9m da verifica\u00e7\u00e3o dos portais, ao constatar irregularidades ou a necessidade de melhorias na forma como as informa\u00e7\u00f5es est\u00e3o sendo disponibilizadas, o MP de Contas tamb\u00e9m ir\u00e1 emitir Recomenda\u00e7\u00f5es Administrativas aos munic\u00edpios.<\/p>\n<p>At\u00e9 o momento alguns munic\u00edpios j\u00e1 foram oficiados, entre eles Arapoti, Marechal C\u00e2ndido Rondon, Palotina e Santa In\u00eas. As Recomenda\u00e7\u00f5es podem ser acessadas <a href=\"http:\/\/www.mpc.pr.gov.br\/recomendacoes\/\">aqui<\/a>.<\/p>\n","protected":false},"excerpt":{"rendered":"<p>O MP de Contas do Paran\u00e1 (MPC-PR) deu in\u00edcio em agosto deste ano a um novo Projeto Especial, que visa o mapeamento dos portais da transpar\u00eancia dos munic\u00edpios do Estado. O foco da fiscaliza\u00e7\u00e3o ser\u00e1 as informa\u00e7\u00f5es relativas \u00e0s Licita\u00e7\u00f5es, aos Contratos, \u00e0 Execu\u00e7\u00e3o Or\u00e7ament\u00e1ria e \u00e0s Informa\u00e7\u00f5es de Pessoal. Por meio dessa iniciativa, o [&hellip;]<\/p>\n","protected":false},"author":5,"featured_media":3933,"comment_status":"open","ping_status":"open","sticky":false,"template":"","format":"standard","meta":{"_monsterinsights_skip_tracking":false,"_monsterinsights_sitenote_active":false,"_monsterinsights_sitenote_note":"","_monsterinsights_sitenote_category":0,"footnotes":""},"categories":[7,14],"tags":[],"class_list":["post-7659","post","type-post","status-publish","format-standard","has-post-thumbnail","hentry","category-todas-as-noticias","category-ultimas-noticias","entry","has-media"],"yoast_head":"<!-- This site is optimized with the Yoast SEO plugin v27.3 - https:\/\/yoast.com\/product\/yoast-seo-wordpress\/ -->\n<title>MP de Contas vai fiscalizar portais da transpar\u00eancia em novo projeto de atua\u00e7\u00e3o especial - Minist\u00e9rio P\u00fablico de Contas do Estado do Paran\u00e1<\/title>\n<meta name=\"robots\" content=\"index, follow, max-snippet:-1, max-image-preview:large, max-video-preview:-1\" \/>\n<link rel=\"canonical\" href=\"https:\/\/www.mpc.pr.gov.br\/index.php\/mp-de-contas-vai-fiscalizar-portais-da-transparencia-em-novo-projeto-de-atuacao-especial\/\" \/>\n<meta property=\"og:locale\" content=\"pt_BR\" \/>\n<meta property=\"og:type\" content=\"article\" \/>\n<meta property=\"og:title\" content=\"MP de Contas vai fiscalizar portais da transpar\u00eancia em novo projeto de atua\u00e7\u00e3o especial - Minist\u00e9rio P\u00fablico de Contas do Estado do Paran\u00e1\" \/>\n<meta property=\"og:description\" content=\"O MP de Contas do Paran\u00e1 (MPC-PR) deu in\u00edcio em agosto deste ano a um novo Projeto Especial, que visa o mapeamento dos portais da transpar\u00eancia dos munic\u00edpios do Estado. O foco da fiscaliza\u00e7\u00e3o ser\u00e1 as informa\u00e7\u00f5es relativas \u00e0s Licita\u00e7\u00f5es, aos Contratos, \u00e0 Execu\u00e7\u00e3o Or\u00e7ament\u00e1ria e \u00e0s Informa\u00e7\u00f5es de Pessoal. Por meio dessa iniciativa, o [&hellip;]\" \/>\n<meta property=\"og:url\" content=\"https:\/\/www.mpc.pr.gov.br\/index.php\/mp-de-contas-vai-fiscalizar-portais-da-transparencia-em-novo-projeto-de-atuacao-especial\/\" \/>\n<meta property=\"og:site_name\" content=\"Minist\u00e9rio P\u00fablico de Contas do Estado do Paran\u00e1\" \/>\n<meta property=\"article:publisher\" content=\"https:\/\/www.facebook.com\/mpc.pr\" \/>\n<meta property=\"article:published_time\" content=\"2019-09-09T18:06:40+00:00\" \/>\n<meta name=\"author\" content=\"giovanna.faria\" \/>\n<meta name=\"twitter:card\" content=\"summary_large_image\" \/>\n<meta name=\"twitter:label1\" content=\"Escrito por\" \/>\n\t<meta name=\"twitter:data1\" content=\"giovanna.faria\" \/>\n\t<meta name=\"twitter:label2\" content=\"Est. tempo de leitura\" \/>\n\t<meta name=\"twitter:data2\" content=\"1 minuto\" \/>\n<script type=\"application\/ld+json\" class=\"yoast-schema-graph\">{\"@context\":\"https:\\\/\\\/schema.org\",\"@graph\":[{\"@type\":\"Article\",\"@id\":\"https:\\\/\\\/www.mpc.pr.gov.br\\\/index.php\\\/mp-de-contas-vai-fiscalizar-portais-da-transparencia-em-novo-projeto-de-atuacao-especial\\\/#article\",\"isPartOf\":{\"@id\":\"https:\\\/\\\/www.mpc.pr.gov.br\\\/index.php\\\/mp-de-contas-vai-fiscalizar-portais-da-transparencia-em-novo-projeto-de-atuacao-especial\\\/\"},\"author\":{\"name\":\"giovanna.faria\",\"@id\":\"https:\\\/\\\/www.mpc.pr.gov.br\\\/#\\\/schema\\\/person\\\/d0c5cf9ebb4d8be833c419f3538cf751\"},\"headline\":\"MP de Contas vai fiscalizar portais da transpar\u00eancia em novo projeto de atua\u00e7\u00e3o especial\",\"datePublished\":\"2019-09-09T18:06:40+00:00\",\"mainEntityOfPage\":{\"@id\":\"https:\\\/\\\/www.mpc.pr.gov.br\\\/index.php\\\/mp-de-contas-vai-fiscalizar-portais-da-transparencia-em-novo-projeto-de-atuacao-especial\\\/\"},\"wordCount\":263,\"commentCount\":0,\"publisher\":{\"@id\":\"https:\\\/\\\/www.mpc.pr.gov.br\\\/#organization\"},\"image\":{\"@id\":\"https:\\\/\\\/www.mpc.pr.gov.br\\\/index.php\\\/mp-de-contas-vai-fiscalizar-portais-da-transparencia-em-novo-projeto-de-atuacao-especial\\\/#primaryimage\"},\"thumbnailUrl\":\"\",\"articleSection\":[\"Todas as not\u00edcias\",\"\u00daltimas not\u00edcias\"],\"inLanguage\":\"pt-BR\",\"potentialAction\":[{\"@type\":\"CommentAction\",\"name\":\"Comment\",\"target\":[\"https:\\\/\\\/www.mpc.pr.gov.br\\\/index.php\\\/mp-de-contas-vai-fiscalizar-portais-da-transparencia-em-novo-projeto-de-atuacao-especial\\\/#respond\"]}]},{\"@type\":\"WebPage\",\"@id\":\"https:\\\/\\\/www.mpc.pr.gov.br\\\/index.php\\\/mp-de-contas-vai-fiscalizar-portais-da-transparencia-em-novo-projeto-de-atuacao-especial\\\/\",\"url\":\"https:\\\/\\\/www.mpc.pr.gov.br\\\/index.php\\\/mp-de-contas-vai-fiscalizar-portais-da-transparencia-em-novo-projeto-de-atuacao-especial\\\/\",\"name\":\"MP de Contas vai fiscalizar portais da transpar\u00eancia em novo projeto de atua\u00e7\u00e3o especial - Minist\u00e9rio P\u00fablico de Contas do Estado do Paran\u00e1\",\"isPartOf\":{\"@id\":\"https:\\\/\\\/www.mpc.pr.gov.br\\\/#website\"},\"primaryImageOfPage\":{\"@id\":\"https:\\\/\\\/www.mpc.pr.gov.br\\\/index.php\\\/mp-de-contas-vai-fiscalizar-portais-da-transparencia-em-novo-projeto-de-atuacao-especial\\\/#primaryimage\"},\"image\":{\"@id\":\"https:\\\/\\\/www.mpc.pr.gov.br\\\/index.php\\\/mp-de-contas-vai-fiscalizar-portais-da-transparencia-em-novo-projeto-de-atuacao-especial\\\/#primaryimage\"},\"thumbnailUrl\":\"\",\"datePublished\":\"2019-09-09T18:06:40+00:00\",\"breadcrumb\":{\"@id\":\"https:\\\/\\\/www.mpc.pr.gov.br\\\/index.php\\\/mp-de-contas-vai-fiscalizar-portais-da-transparencia-em-novo-projeto-de-atuacao-especial\\\/#breadcrumb\"},\"inLanguage\":\"pt-BR\",\"potentialAction\":[{\"@type\":\"ReadAction\",\"target\":[\"https:\\\/\\\/www.mpc.pr.gov.br\\\/index.php\\\/mp-de-contas-vai-fiscalizar-portais-da-transparencia-em-novo-projeto-de-atuacao-especial\\\/\"]}]},{\"@type\":\"ImageObject\",\"inLanguage\":\"pt-BR\",\"@id\":\"https:\\\/\\\/www.mpc.pr.gov.br\\\/index.php\\\/mp-de-contas-vai-fiscalizar-portais-da-transparencia-em-novo-projeto-de-atuacao-especial\\\/#primaryimage\",\"url\":\"\",\"contentUrl\":\"\"},{\"@type\":\"BreadcrumbList\",\"@id\":\"https:\\\/\\\/www.mpc.pr.gov.br\\\/index.php\\\/mp-de-contas-vai-fiscalizar-portais-da-transparencia-em-novo-projeto-de-atuacao-especial\\\/#breadcrumb\",\"itemListElement\":[{\"@type\":\"ListItem\",\"position\":1,\"name\":\"In\u00edcio\",\"item\":\"https:\\\/\\\/www.mpc.pr.gov.br\\\/\"},{\"@type\":\"ListItem\",\"position\":2,\"name\":\"MP de Contas vai fiscalizar portais da transpar\u00eancia em novo projeto de atua\u00e7\u00e3o especial\"}]},{\"@type\":\"WebSite\",\"@id\":\"https:\\\/\\\/www.mpc.pr.gov.br\\\/#website\",\"url\":\"https:\\\/\\\/www.mpc.pr.gov.br\\\/\",\"name\":\"Minist\u00e9rio P\u00fablico de Contas do Estado do Paran\u00e1\",\"description\":\"\",\"publisher\":{\"@id\":\"https:\\\/\\\/www.mpc.pr.gov.br\\\/#organization\"},\"potentialAction\":[{\"@type\":\"SearchAction\",\"target\":{\"@type\":\"EntryPoint\",\"urlTemplate\":\"https:\\\/\\\/www.mpc.pr.gov.br\\\/?s={search_term_string}\"},\"query-input\":{\"@type\":\"PropertyValueSpecification\",\"valueRequired\":true,\"valueName\":\"search_term_string\"}}],\"inLanguage\":\"pt-BR\"},{\"@type\":\"Organization\",\"@id\":\"https:\\\/\\\/www.mpc.pr.gov.br\\\/#organization\",\"name\":\"Minist\u00e9rio P\u00fablico de Contas do Estado do Paran\u00e1\",\"url\":\"https:\\\/\\\/www.mpc.pr.gov.br\\\/\",\"logo\":{\"@type\":\"ImageObject\",\"inLanguage\":\"pt-BR\",\"@id\":\"https:\\\/\\\/www.mpc.pr.gov.br\\\/#\\\/schema\\\/logo\\\/image\\\/\",\"url\":\"https:\\\/\\\/www.mpc.pr.gov.br\\\/wp-content\\\/uploads\\\/2020\\\/06\\\/99423647_1593460364143890_6706793420720963584_n-1-e1591387983167.png\",\"contentUrl\":\"https:\\\/\\\/www.mpc.pr.gov.br\\\/wp-content\\\/uploads\\\/2020\\\/06\\\/99423647_1593460364143890_6706793420720963584_n-1-e1591387983167.png\",\"width\":243,\"height\":73,\"caption\":\"Minist\u00e9rio P\u00fablico de Contas do Estado do Paran\u00e1\"},\"image\":{\"@id\":\"https:\\\/\\\/www.mpc.pr.gov.br\\\/#\\\/schema\\\/logo\\\/image\\\/\"},\"sameAs\":[\"https:\\\/\\\/www.facebook.com\\\/mpc.pr\",\"https:\\\/\\\/www.instagram.com\\\/mpc.pr\\\/?hl=pt-br\",\"https:\\\/\\\/www.youtube.com\\\/channel\\\/UCHri5oEM8DV0ztX57E0sBSw\"]},{\"@type\":\"Person\",\"@id\":\"https:\\\/\\\/www.mpc.pr.gov.br\\\/#\\\/schema\\\/person\\\/d0c5cf9ebb4d8be833c419f3538cf751\",\"name\":\"giovanna.faria\",\"image\":{\"@type\":\"ImageObject\",\"inLanguage\":\"pt-BR\",\"@id\":\"https:\\\/\\\/secure.gravatar.com\\\/avatar\\\/?s=96&d=mm&r=g\",\"url\":\"https:\\\/\\\/secure.gravatar.com\\\/avatar\\\/?s=96&d=mm&r=g\",\"contentUrl\":\"https:\\\/\\\/secure.gravatar.com\\\/avatar\\\/?s=96&d=mm&r=g\",\"caption\":\"giovanna.faria\"}}]}<\/script>\n<!-- \/ Yoast SEO plugin. -->","yoast_head_json":{"title":"MP de Contas vai fiscalizar portais da transpar\u00eancia em novo projeto de atua\u00e7\u00e3o especial - Minist\u00e9rio P\u00fablico de Contas do Estado do Paran\u00e1","robots":{"index":"index","follow":"follow","max-snippet":"max-snippet:-1","max-image-preview":"max-image-preview:large","max-video-preview":"max-video-preview:-1"},"canonical":"https:\/\/www.mpc.pr.gov.br\/index.php\/mp-de-contas-vai-fiscalizar-portais-da-transparencia-em-novo-projeto-de-atuacao-especial\/","og_locale":"pt_BR","og_type":"article","og_title":"MP de Contas vai fiscalizar portais da transpar\u00eancia em novo projeto de atua\u00e7\u00e3o especial - Minist\u00e9rio P\u00fablico de Contas do Estado do Paran\u00e1","og_description":"O MP de Contas do Paran\u00e1 (MPC-PR) deu in\u00edcio em agosto deste ano a um novo Projeto Especial, que visa o mapeamento dos portais da transpar\u00eancia dos munic\u00edpios do Estado. O foco da fiscaliza\u00e7\u00e3o ser\u00e1 as informa\u00e7\u00f5es relativas \u00e0s Licita\u00e7\u00f5es, aos Contratos, \u00e0 Execu\u00e7\u00e3o Or\u00e7ament\u00e1ria e \u00e0s Informa\u00e7\u00f5es de Pessoal. Por meio dessa iniciativa, o [&hellip;]","og_url":"https:\/\/www.mpc.pr.gov.br\/index.php\/mp-de-contas-vai-fiscalizar-portais-da-transparencia-em-novo-projeto-de-atuacao-especial\/","og_site_name":"Minist\u00e9rio P\u00fablico de Contas do Estado do Paran\u00e1","article_publisher":"https:\/\/www.facebook.com\/mpc.pr","article_published_time":"2019-09-09T18:06:40+00:00","author":"giovanna.faria","twitter_card":"summary_large_image","twitter_misc":{"Escrito por":"giovanna.faria","Est. tempo de leitura":"1 minuto"},"schema":{"@context":"https:\/\/schema.org","@graph":[{"@type":"Article","@id":"https:\/\/www.mpc.pr.gov.br\/index.php\/mp-de-contas-vai-fiscalizar-portais-da-transparencia-em-novo-projeto-de-atuacao-especial\/#article","isPartOf":{"@id":"https:\/\/www.mpc.pr.gov.br\/index.php\/mp-de-contas-vai-fiscalizar-portais-da-transparencia-em-novo-projeto-de-atuacao-especial\/"},"author":{"name":"giovanna.faria","@id":"https:\/\/www.mpc.pr.gov.br\/#\/schema\/person\/d0c5cf9ebb4d8be833c419f3538cf751"},"headline":"MP de Contas vai fiscalizar portais da transpar\u00eancia em novo projeto de atua\u00e7\u00e3o especial","datePublished":"2019-09-09T18:06:40+00:00","mainEntityOfPage":{"@id":"https:\/\/www.mpc.pr.gov.br\/index.php\/mp-de-contas-vai-fiscalizar-portais-da-transparencia-em-novo-projeto-de-atuacao-especial\/"},"wordCount":263,"commentCount":0,"publisher":{"@id":"https:\/\/www.mpc.pr.gov.br\/#organization"},"image":{"@id":"https:\/\/www.mpc.pr.gov.br\/index.php\/mp-de-contas-vai-fiscalizar-portais-da-transparencia-em-novo-projeto-de-atuacao-especial\/#primaryimage"},"thumbnailUrl":"","articleSection":["Todas as not\u00edcias","\u00daltimas not\u00edcias"],"inLanguage":"pt-BR","potentialAction":[{"@type":"CommentAction","name":"Comment","target":["https:\/\/www.mpc.pr.gov.br\/index.php\/mp-de-contas-vai-fiscalizar-portais-da-transparencia-em-novo-projeto-de-atuacao-especial\/#respond"]}]},{"@type":"WebPage","@id":"https:\/\/www.mpc.pr.gov.br\/index.php\/mp-de-contas-vai-fiscalizar-portais-da-transparencia-em-novo-projeto-de-atuacao-especial\/","url":"https:\/\/www.mpc.pr.gov.br\/index.php\/mp-de-contas-vai-fiscalizar-portais-da-transparencia-em-novo-projeto-de-atuacao-especial\/","name":"MP de Contas vai fiscalizar portais da transpar\u00eancia em novo projeto de atua\u00e7\u00e3o especial - Minist\u00e9rio P\u00fablico de Contas do Estado do Paran\u00e1","isPartOf":{"@id":"https:\/\/www.mpc.pr.gov.br\/#website"},"primaryImageOfPage":{"@id":"https:\/\/www.mpc.pr.gov.br\/index.php\/mp-de-contas-vai-fiscalizar-portais-da-transparencia-em-novo-projeto-de-atuacao-especial\/#primaryimage"},"image":{"@id":"https:\/\/www.mpc.pr.gov.br\/index.php\/mp-de-contas-vai-fiscalizar-portais-da-transparencia-em-novo-projeto-de-atuacao-especial\/#primaryimage"},"thumbnailUrl":"","datePublished":"2019-09-09T18:06:40+00:00","breadcrumb":{"@id":"https:\/\/www.mpc.pr.gov.br\/index.php\/mp-de-contas-vai-fiscalizar-portais-da-transparencia-em-novo-projeto-de-atuacao-especial\/#breadcrumb"},"inLanguage":"pt-BR","potentialAction":[{"@type":"ReadAction","target":["https:\/\/www.mpc.pr.gov.br\/index.php\/mp-de-contas-vai-fiscalizar-portais-da-transparencia-em-novo-projeto-de-atuacao-especial\/"]}]},{"@type":"ImageObject","inLanguage":"pt-BR","@id":"https:\/\/www.mpc.pr.gov.br\/index.php\/mp-de-contas-vai-fiscalizar-portais-da-transparencia-em-novo-projeto-de-atuacao-especial\/#primaryimage","url":"","contentUrl":""},{"@type":"BreadcrumbList","@id":"https:\/\/www.mpc.pr.gov.br\/index.php\/mp-de-contas-vai-fiscalizar-portais-da-transparencia-em-novo-projeto-de-atuacao-especial\/#breadcrumb","itemListElement":[{"@type":"ListItem","position":1,"name":"In\u00edcio","item":"https:\/\/www.mpc.pr.gov.br\/"},{"@type":"ListItem","position":2,"name":"MP de Contas vai fiscalizar portais da transpar\u00eancia em novo projeto de atua\u00e7\u00e3o especial"}]},{"@type":"WebSite","@id":"https:\/\/www.mpc.pr.gov.br\/#website","url":"https:\/\/www.mpc.pr.gov.br\/","name":"Minist\u00e9rio P\u00fablico de Contas do Estado do Paran\u00e1","description":"","publisher":{"@id":"https:\/\/www.mpc.pr.gov.br\/#organization"},"potentialAction":[{"@type":"SearchAction","target":{"@type":"EntryPoint","urlTemplate":"https:\/\/www.mpc.pr.gov.br\/?s={search_term_string}"},"query-input":{"@type":"PropertyValueSpecification","valueRequired":true,"valueName":"search_term_string"}}],"inLanguage":"pt-BR"},{"@type":"Organization","@id":"https:\/\/www.mpc.pr.gov.br\/#organization","name":"Minist\u00e9rio P\u00fablico de Contas do Estado do Paran\u00e1","url":"https:\/\/www.mpc.pr.gov.br\/","logo":{"@type":"ImageObject","inLanguage":"pt-BR","@id":"https:\/\/www.mpc.pr.gov.br\/#\/schema\/logo\/image\/","url":"https:\/\/www.mpc.pr.gov.br\/wp-content\/uploads\/2020\/06\/99423647_1593460364143890_6706793420720963584_n-1-e1591387983167.png","contentUrl":"https:\/\/www.mpc.pr.gov.br\/wp-content\/uploads\/2020\/06\/99423647_1593460364143890_6706793420720963584_n-1-e1591387983167.png","width":243,"height":73,"caption":"Minist\u00e9rio P\u00fablico de Contas do Estado do Paran\u00e1"},"image":{"@id":"https:\/\/www.mpc.pr.gov.br\/#\/schema\/logo\/image\/"},"sameAs":["https:\/\/www.facebook.com\/mpc.pr","https:\/\/www.instagram.com\/mpc.pr\/?hl=pt-br","https:\/\/www.youtube.com\/channel\/UCHri5oEM8DV0ztX57E0sBSw"]},{"@type":"Person","@id":"https:\/\/www.mpc.pr.gov.br\/#\/schema\/person\/d0c5cf9ebb4d8be833c419f3538cf751","name":"giovanna.faria","image":{"@type":"ImageObject","inLanguage":"pt-BR","@id":"https:\/\/secure.gravatar.com\/avatar\/?s=96&d=mm&r=g","url":"https:\/\/secure.gravatar.com\/avatar\/?s=96&d=mm&r=g","contentUrl":"https:\/\/secure.gravatar.com\/avatar\/?s=96&d=mm&r=g","caption":"giovanna.faria"}}]}},"rttpg_featured_image_url":null,"rttpg_author":{"display_name":"giovanna.faria","author_link":"https:\/\/www.mpc.pr.gov.br\/index.php\/author\/giovanna-faria\/"},"rttpg_comment":0,"rttpg_category":"<a href=\"https:\/\/www.mpc.pr.gov.br\/index.php\/category\/todas-as-noticias\/\" rel=\"category tag\">Todas as not\u00edcias<\/a> <a href=\"https:\/\/www.mpc.pr.gov.br\/index.php\/category\/ultimas-noticias\/\" rel=\"category tag\">\u00daltimas not\u00edcias<\/a>","rttpg_excerpt":"O MP de Contas do Paran\u00e1 (MPC-PR) deu in\u00edcio em agosto deste ano a um novo Projeto Especial, que visa o mapeamento dos portais da transpar\u00eancia dos munic\u00edpios do Estado. O foco da fiscaliza\u00e7\u00e3o ser\u00e1 as informa\u00e7\u00f5es relativas \u00e0s Licita\u00e7\u00f5es, aos Contratos, \u00e0 Execu\u00e7\u00e3o Or\u00e7ament\u00e1ria e \u00e0s Informa\u00e7\u00f5es de Pessoal. Por meio dessa iniciativa, o&hellip;","_links":{"self":[{"href":"https:\/\/www.mpc.pr.gov.br\/index.php\/wp-json\/wp\/v2\/posts\/7659","targetHints":{"allow":["GET"]}}],"collection":[{"href":"https:\/\/www.mpc.pr.gov.br\/index.php\/wp-json\/wp\/v2\/posts"}],"about":[{"href":"https:\/\/www.mpc.pr.gov.br\/index.php\/wp-json\/wp\/v2\/types\/post"}],"author":[{"embeddable":true,"href":"https:\/\/www.mpc.pr.gov.br\/index.php\/wp-json\/wp\/v2\/users\/5"}],"replies":[{"embeddable":true,"href":"https:\/\/www.mpc.pr.gov.br\/index.php\/wp-json\/wp\/v2\/comments?post=7659"}],"version-history":[{"count":0,"href":"https:\/\/www.mpc.pr.gov.br\/index.php\/wp-json\/wp\/v2\/posts\/7659\/revisions"}],"wp:featuredmedia":[{"embeddable":true,"href":"https:\/\/www.mpc.pr.gov.br\/index.php\/wp-json\/"}],"wp:attachment":[{"href":"https:\/\/www.mpc.pr.gov.br\/index.php\/wp-json\/wp\/v2\/media?parent=7659"}],"wp:term":[{"taxonomy":"category","embeddable":true,"href":"https:\/\/www.mpc.pr.gov.br\/index.php\/wp-json\/wp\/v2\/categories?post=7659"},{"taxonomy":"post_tag","embeddable":true,"href":"https:\/\/www.mpc.pr.gov.br\/index.php\/wp-json\/wp\/v2\/tags?post=7659"}],"curies":[{"name":"wp","href":"https:\/\/api.w.org\/{rel}","templated":true}]}}