{"id":7670,"date":"2019-09-11T15:05:00","date_gmt":"2019-09-11T18:05:00","guid":{"rendered":"http:\/\/www.mpc.pr.gov.br\/?p=7670"},"modified":"2019-09-11T15:05:00","modified_gmt":"2019-09-11T18:05:00","slug":"assessores-do-nucleo-de-inteligencia-do-mp-de-conta-participam-de-evento-sobre-tecnologia-e-inovacao","status":"publish","type":"post","link":"https:\/\/www.mpc.pr.gov.br\/index.php\/assessores-do-nucleo-de-inteligencia-do-mp-de-conta-participam-de-evento-sobre-tecnologia-e-inovacao\/","title":{"rendered":"Assessores do N\u00facleo de Intelig\u00eancia do MP de Conta participam de evento sobre Tecnologia e Inova\u00e7\u00e3o"},"content":{"rendered":"<p><img decoding=\"async\" class=\"alignleft size-medium wp-image-7672\" src=\"http:\/\/www.mpc.pr.gov.br\/wp-content\/uploads\/2019\/09\/inovacao-300x156.png\" alt=\"\" width=\"300\" height=\"156\" \/>Entre os dias12 e 13 de setembro o Minist\u00e9rio P\u00fablico Estadual (MPE-PR), em parceria com a Funda\u00e7\u00e3o Escola do Minist\u00e9rio P\u00fablico do Estado do Paran\u00e1 (Fempar), realiza o <strong>Encontro Nacional de Tecnologia e Inova\u00e7\u00e3o do Minist\u00e9rio P\u00fablico<\/strong>, em sua sede em Curitiba. O evento \u00e9 aberto a membros e servidores do Minist\u00e9rio P\u00fablico, integrantes do Sistema de Justi\u00e7a e operadores do Direito.<\/p>\n<p>Buscando a capacita\u00e7\u00e3o de seus servidores e o aprimoramento das rotinas de trabalho, o MP de Contas tamb\u00e9m participar\u00e1 do evento, representado pelos assessores Fernando Scaliante e Mykaella Mello, integrantes do N\u00facleo de Intelig\u00eancia (NI) da institui\u00e7\u00e3o.<\/p>\n<p>Al\u00e9m do compartilhamento de conhecimento entre os participantes, o evento apresentar\u00e1 as principais iniciativas do segmento, com cases atuais, atividades din\u00e2micas e momentos de networking com empresas refer\u00eancias no mercado.<\/p>\n<p>No dia 12 haver\u00e1 dois workshops, um sobre <em>Justi\u00e7a Exponencial com M\u00e9todo Data Drive Canvas (Grupos) <\/em>e outro sobre <em>Storytelling<\/em>. J\u00e1 no segundo dia do evento (13), haver\u00e1 a apresenta\u00e7\u00e3o de diversas palestras e pain\u00e9is, entre eles: Inova\u00e7\u00e3o em Pauta &#8211; como a justi\u00e7a vem acelerando o processo de transforma\u00e7\u00e3o; Inova\u00e7\u00e3o no Ecossistema de Justi\u00e7a: como funciona na pr\u00e1tica?; Import\u00e2ncia da inova\u00e7\u00e3o &#8211; vis\u00e3o da Positivo; Compet\u00eancias em Tempo de Cultura Digital; O movimento de inova\u00e7\u00e3o: como diferentes segmentos lidam com o desafio?; Inova\u00e7\u00e3o Tecnol\u00f3gica: desafios e oportunidades.<\/p>\n<p>A programa\u00e7\u00e3o completa do evento pode ser acessada <a href=\"https:\/\/www.sympla.com.br\/encontro-nacional-de-tecnologia-e-inovacao-do-ministerio-publico--enasticmp__581012\">aqui<\/a>.<\/p>\n<p><strong>Servi\u00e7o<\/strong><\/p>\n<p><strong>Evento: <\/strong>Encontro Nacional de Tecnologia e Inova\u00e7\u00e3o do Minist\u00e9rio\u00a0 P\u00fablico<\/p>\n<p><strong>Data: <\/strong>12\/9 a partir das 17h e 13\/9 a partir das 8h.<\/p>\n<p><strong>Local: <\/strong>Audit\u00f3rio do Bloco II da sede do MPE-PR<\/p>\n<p>Rua Marechal Hermes, 820 &#8211; Centro C\u00edvico -Curitiba\/PR<\/p>\n<p><strong>Inscri\u00e7\u00f5es:<\/strong> Gratuitas pelo link <a href=\"https:\/\/bit.ly\/2mb9Aoz\">https:\/\/bit.ly\/2mb9Aoz<\/a><\/p>\n<p>&nbsp;<\/p>\n","protected":false},"excerpt":{"rendered":"<p>Entre os dias12 e 13 de setembro o Minist\u00e9rio P\u00fablico Estadual (MPE-PR), em parceria com a Funda\u00e7\u00e3o Escola do Minist\u00e9rio P\u00fablico do Estado do Paran\u00e1 (Fempar), realiza o Encontro Nacional de Tecnologia e Inova\u00e7\u00e3o do Minist\u00e9rio P\u00fablico, em sua sede em Curitiba. O evento \u00e9 aberto a membros e servidores do Minist\u00e9rio P\u00fablico, integrantes do [&hellip;]<\/p>\n","protected":false},"author":5,"featured_media":7672,"comment_status":"open","ping_status":"open","sticky":false,"template":"","format":"standard","meta":{"_monsterinsights_skip_tracking":false,"_monsterinsights_sitenote_active":false,"_monsterinsights_sitenote_note":"","_monsterinsights_sitenote_category":0,"footnotes":""},"categories":[7,14],"tags":[],"class_list":["post-7670","post","type-post","status-publish","format-standard","has-post-thumbnail","hentry","category-todas-as-noticias","category-ultimas-noticias","entry","has-media"],"yoast_head":"<!-- This site is optimized with the Yoast SEO plugin v27.3 - https:\/\/yoast.com\/product\/yoast-seo-wordpress\/ -->\n<title>Assessores do N\u00facleo de Intelig\u00eancia do MP de Conta participam de evento sobre Tecnologia e Inova\u00e7\u00e3o - Minist\u00e9rio P\u00fablico de Contas do Estado do Paran\u00e1<\/title>\n<meta name=\"robots\" content=\"index, follow, max-snippet:-1, max-image-preview:large, max-video-preview:-1\" \/>\n<link rel=\"canonical\" href=\"https:\/\/www.mpc.pr.gov.br\/index.php\/assessores-do-nucleo-de-inteligencia-do-mp-de-conta-participam-de-evento-sobre-tecnologia-e-inovacao\/\" \/>\n<meta property=\"og:locale\" content=\"pt_BR\" \/>\n<meta property=\"og:type\" content=\"article\" \/>\n<meta property=\"og:title\" content=\"Assessores do N\u00facleo de Intelig\u00eancia do MP de Conta participam de evento sobre Tecnologia e Inova\u00e7\u00e3o - Minist\u00e9rio P\u00fablico de Contas do Estado do Paran\u00e1\" \/>\n<meta property=\"og:description\" content=\"Entre os dias12 e 13 de setembro o Minist\u00e9rio P\u00fablico Estadual (MPE-PR), em parceria com a Funda\u00e7\u00e3o Escola do Minist\u00e9rio P\u00fablico do Estado do Paran\u00e1 (Fempar), realiza o Encontro Nacional de Tecnologia e Inova\u00e7\u00e3o do Minist\u00e9rio P\u00fablico, em sua sede em Curitiba. O evento \u00e9 aberto a membros e servidores do Minist\u00e9rio P\u00fablico, integrantes do [&hellip;]\" \/>\n<meta property=\"og:url\" content=\"https:\/\/www.mpc.pr.gov.br\/index.php\/assessores-do-nucleo-de-inteligencia-do-mp-de-conta-participam-de-evento-sobre-tecnologia-e-inovacao\/\" \/>\n<meta property=\"og:site_name\" content=\"Minist\u00e9rio P\u00fablico de Contas do Estado do Paran\u00e1\" \/>\n<meta property=\"article:publisher\" content=\"https:\/\/www.facebook.com\/mpc.pr\" \/>\n<meta property=\"article:published_time\" content=\"2019-09-11T18:05:00+00:00\" \/>\n<meta name=\"author\" content=\"giovanna.faria\" \/>\n<meta name=\"twitter:card\" content=\"summary_large_image\" \/>\n<meta name=\"twitter:label1\" content=\"Escrito por\" \/>\n\t<meta name=\"twitter:data1\" content=\"giovanna.faria\" \/>\n\t<meta name=\"twitter:label2\" content=\"Est. tempo de leitura\" \/>\n\t<meta name=\"twitter:data2\" content=\"2 minutos\" \/>\n<script type=\"application\/ld+json\" class=\"yoast-schema-graph\">{\"@context\":\"https:\\\/\\\/schema.org\",\"@graph\":[{\"@type\":\"Article\",\"@id\":\"https:\\\/\\\/www.mpc.pr.gov.br\\\/index.php\\\/assessores-do-nucleo-de-inteligencia-do-mp-de-conta-participam-de-evento-sobre-tecnologia-e-inovacao\\\/#article\",\"isPartOf\":{\"@id\":\"https:\\\/\\\/www.mpc.pr.gov.br\\\/index.php\\\/assessores-do-nucleo-de-inteligencia-do-mp-de-conta-participam-de-evento-sobre-tecnologia-e-inovacao\\\/\"},\"author\":{\"name\":\"giovanna.faria\",\"@id\":\"https:\\\/\\\/www.mpc.pr.gov.br\\\/#\\\/schema\\\/person\\\/d0c5cf9ebb4d8be833c419f3538cf751\"},\"headline\":\"Assessores do N\u00facleo de Intelig\u00eancia do MP de Conta participam de evento sobre Tecnologia e Inova\u00e7\u00e3o\",\"datePublished\":\"2019-09-11T18:05:00+00:00\",\"mainEntityOfPage\":{\"@id\":\"https:\\\/\\\/www.mpc.pr.gov.br\\\/index.php\\\/assessores-do-nucleo-de-inteligencia-do-mp-de-conta-participam-de-evento-sobre-tecnologia-e-inovacao\\\/\"},\"wordCount\":333,\"commentCount\":0,\"publisher\":{\"@id\":\"https:\\\/\\\/www.mpc.pr.gov.br\\\/#organization\"},\"image\":{\"@id\":\"https:\\\/\\\/www.mpc.pr.gov.br\\\/index.php\\\/assessores-do-nucleo-de-inteligencia-do-mp-de-conta-participam-de-evento-sobre-tecnologia-e-inovacao\\\/#primaryimage\"},\"thumbnailUrl\":\"\",\"articleSection\":[\"Todas as not\u00edcias\",\"\u00daltimas not\u00edcias\"],\"inLanguage\":\"pt-BR\",\"potentialAction\":[{\"@type\":\"CommentAction\",\"name\":\"Comment\",\"target\":[\"https:\\\/\\\/www.mpc.pr.gov.br\\\/index.php\\\/assessores-do-nucleo-de-inteligencia-do-mp-de-conta-participam-de-evento-sobre-tecnologia-e-inovacao\\\/#respond\"]}]},{\"@type\":\"WebPage\",\"@id\":\"https:\\\/\\\/www.mpc.pr.gov.br\\\/index.php\\\/assessores-do-nucleo-de-inteligencia-do-mp-de-conta-participam-de-evento-sobre-tecnologia-e-inovacao\\\/\",\"url\":\"https:\\\/\\\/www.mpc.pr.gov.br\\\/index.php\\\/assessores-do-nucleo-de-inteligencia-do-mp-de-conta-participam-de-evento-sobre-tecnologia-e-inovacao\\\/\",\"name\":\"Assessores do N\u00facleo de Intelig\u00eancia do MP de Conta participam de evento sobre Tecnologia e Inova\u00e7\u00e3o - Minist\u00e9rio P\u00fablico de Contas do Estado do Paran\u00e1\",\"isPartOf\":{\"@id\":\"https:\\\/\\\/www.mpc.pr.gov.br\\\/#website\"},\"primaryImageOfPage\":{\"@id\":\"https:\\\/\\\/www.mpc.pr.gov.br\\\/index.php\\\/assessores-do-nucleo-de-inteligencia-do-mp-de-conta-participam-de-evento-sobre-tecnologia-e-inovacao\\\/#primaryimage\"},\"image\":{\"@id\":\"https:\\\/\\\/www.mpc.pr.gov.br\\\/index.php\\\/assessores-do-nucleo-de-inteligencia-do-mp-de-conta-participam-de-evento-sobre-tecnologia-e-inovacao\\\/#primaryimage\"},\"thumbnailUrl\":\"\",\"datePublished\":\"2019-09-11T18:05:00+00:00\",\"breadcrumb\":{\"@id\":\"https:\\\/\\\/www.mpc.pr.gov.br\\\/index.php\\\/assessores-do-nucleo-de-inteligencia-do-mp-de-conta-participam-de-evento-sobre-tecnologia-e-inovacao\\\/#breadcrumb\"},\"inLanguage\":\"pt-BR\",\"potentialAction\":[{\"@type\":\"ReadAction\",\"target\":[\"https:\\\/\\\/www.mpc.pr.gov.br\\\/index.php\\\/assessores-do-nucleo-de-inteligencia-do-mp-de-conta-participam-de-evento-sobre-tecnologia-e-inovacao\\\/\"]}]},{\"@type\":\"ImageObject\",\"inLanguage\":\"pt-BR\",\"@id\":\"https:\\\/\\\/www.mpc.pr.gov.br\\\/index.php\\\/assessores-do-nucleo-de-inteligencia-do-mp-de-conta-participam-de-evento-sobre-tecnologia-e-inovacao\\\/#primaryimage\",\"url\":\"\",\"contentUrl\":\"\"},{\"@type\":\"BreadcrumbList\",\"@id\":\"https:\\\/\\\/www.mpc.pr.gov.br\\\/index.php\\\/assessores-do-nucleo-de-inteligencia-do-mp-de-conta-participam-de-evento-sobre-tecnologia-e-inovacao\\\/#breadcrumb\",\"itemListElement\":[{\"@type\":\"ListItem\",\"position\":1,\"name\":\"In\u00edcio\",\"item\":\"https:\\\/\\\/www.mpc.pr.gov.br\\\/\"},{\"@type\":\"ListItem\",\"position\":2,\"name\":\"Assessores do N\u00facleo de Intelig\u00eancia do MP de Conta participam de evento sobre Tecnologia e Inova\u00e7\u00e3o\"}]},{\"@type\":\"WebSite\",\"@id\":\"https:\\\/\\\/www.mpc.pr.gov.br\\\/#website\",\"url\":\"https:\\\/\\\/www.mpc.pr.gov.br\\\/\",\"name\":\"Minist\u00e9rio P\u00fablico de Contas do Estado do Paran\u00e1\",\"description\":\"\",\"publisher\":{\"@id\":\"https:\\\/\\\/www.mpc.pr.gov.br\\\/#organization\"},\"potentialAction\":[{\"@type\":\"SearchAction\",\"target\":{\"@type\":\"EntryPoint\",\"urlTemplate\":\"https:\\\/\\\/www.mpc.pr.gov.br\\\/?s={search_term_string}\"},\"query-input\":{\"@type\":\"PropertyValueSpecification\",\"valueRequired\":true,\"valueName\":\"search_term_string\"}}],\"inLanguage\":\"pt-BR\"},{\"@type\":\"Organization\",\"@id\":\"https:\\\/\\\/www.mpc.pr.gov.br\\\/#organization\",\"name\":\"Minist\u00e9rio P\u00fablico de Contas do Estado do Paran\u00e1\",\"url\":\"https:\\\/\\\/www.mpc.pr.gov.br\\\/\",\"logo\":{\"@type\":\"ImageObject\",\"inLanguage\":\"pt-BR\",\"@id\":\"https:\\\/\\\/www.mpc.pr.gov.br\\\/#\\\/schema\\\/logo\\\/image\\\/\",\"url\":\"https:\\\/\\\/www.mpc.pr.gov.br\\\/wp-content\\\/uploads\\\/2020\\\/06\\\/99423647_1593460364143890_6706793420720963584_n-1-e1591387983167.png\",\"contentUrl\":\"https:\\\/\\\/www.mpc.pr.gov.br\\\/wp-content\\\/uploads\\\/2020\\\/06\\\/99423647_1593460364143890_6706793420720963584_n-1-e1591387983167.png\",\"width\":243,\"height\":73,\"caption\":\"Minist\u00e9rio P\u00fablico de Contas do Estado do Paran\u00e1\"},\"image\":{\"@id\":\"https:\\\/\\\/www.mpc.pr.gov.br\\\/#\\\/schema\\\/logo\\\/image\\\/\"},\"sameAs\":[\"https:\\\/\\\/www.facebook.com\\\/mpc.pr\",\"https:\\\/\\\/www.instagram.com\\\/mpc.pr\\\/?hl=pt-br\",\"https:\\\/\\\/www.youtube.com\\\/channel\\\/UCHri5oEM8DV0ztX57E0sBSw\"]},{\"@type\":\"Person\",\"@id\":\"https:\\\/\\\/www.mpc.pr.gov.br\\\/#\\\/schema\\\/person\\\/d0c5cf9ebb4d8be833c419f3538cf751\",\"name\":\"giovanna.faria\",\"image\":{\"@type\":\"ImageObject\",\"inLanguage\":\"pt-BR\",\"@id\":\"https:\\\/\\\/secure.gravatar.com\\\/avatar\\\/?s=96&d=mm&r=g\",\"url\":\"https:\\\/\\\/secure.gravatar.com\\\/avatar\\\/?s=96&d=mm&r=g\",\"contentUrl\":\"https:\\\/\\\/secure.gravatar.com\\\/avatar\\\/?s=96&d=mm&r=g\",\"caption\":\"giovanna.faria\"}}]}<\/script>\n<!-- \/ Yoast SEO plugin. -->","yoast_head_json":{"title":"Assessores do N\u00facleo de Intelig\u00eancia do MP de Conta participam de evento sobre Tecnologia e Inova\u00e7\u00e3o - Minist\u00e9rio P\u00fablico de Contas do Estado do Paran\u00e1","robots":{"index":"index","follow":"follow","max-snippet":"max-snippet:-1","max-image-preview":"max-image-preview:large","max-video-preview":"max-video-preview:-1"},"canonical":"https:\/\/www.mpc.pr.gov.br\/index.php\/assessores-do-nucleo-de-inteligencia-do-mp-de-conta-participam-de-evento-sobre-tecnologia-e-inovacao\/","og_locale":"pt_BR","og_type":"article","og_title":"Assessores do N\u00facleo de Intelig\u00eancia do MP de Conta participam de evento sobre Tecnologia e Inova\u00e7\u00e3o - Minist\u00e9rio P\u00fablico de Contas do Estado do Paran\u00e1","og_description":"Entre os dias12 e 13 de setembro o Minist\u00e9rio P\u00fablico Estadual (MPE-PR), em parceria com a Funda\u00e7\u00e3o Escola do Minist\u00e9rio P\u00fablico do Estado do Paran\u00e1 (Fempar), realiza o Encontro Nacional de Tecnologia e Inova\u00e7\u00e3o do Minist\u00e9rio P\u00fablico, em sua sede em Curitiba. O evento \u00e9 aberto a membros e servidores do Minist\u00e9rio P\u00fablico, integrantes do [&hellip;]","og_url":"https:\/\/www.mpc.pr.gov.br\/index.php\/assessores-do-nucleo-de-inteligencia-do-mp-de-conta-participam-de-evento-sobre-tecnologia-e-inovacao\/","og_site_name":"Minist\u00e9rio P\u00fablico de Contas do Estado do Paran\u00e1","article_publisher":"https:\/\/www.facebook.com\/mpc.pr","article_published_time":"2019-09-11T18:05:00+00:00","author":"giovanna.faria","twitter_card":"summary_large_image","twitter_misc":{"Escrito por":"giovanna.faria","Est. tempo de leitura":"2 minutos"},"schema":{"@context":"https:\/\/schema.org","@graph":[{"@type":"Article","@id":"https:\/\/www.mpc.pr.gov.br\/index.php\/assessores-do-nucleo-de-inteligencia-do-mp-de-conta-participam-de-evento-sobre-tecnologia-e-inovacao\/#article","isPartOf":{"@id":"https:\/\/www.mpc.pr.gov.br\/index.php\/assessores-do-nucleo-de-inteligencia-do-mp-de-conta-participam-de-evento-sobre-tecnologia-e-inovacao\/"},"author":{"name":"giovanna.faria","@id":"https:\/\/www.mpc.pr.gov.br\/#\/schema\/person\/d0c5cf9ebb4d8be833c419f3538cf751"},"headline":"Assessores do N\u00facleo de Intelig\u00eancia do MP de Conta participam de evento sobre Tecnologia e Inova\u00e7\u00e3o","datePublished":"2019-09-11T18:05:00+00:00","mainEntityOfPage":{"@id":"https:\/\/www.mpc.pr.gov.br\/index.php\/assessores-do-nucleo-de-inteligencia-do-mp-de-conta-participam-de-evento-sobre-tecnologia-e-inovacao\/"},"wordCount":333,"commentCount":0,"publisher":{"@id":"https:\/\/www.mpc.pr.gov.br\/#organization"},"image":{"@id":"https:\/\/www.mpc.pr.gov.br\/index.php\/assessores-do-nucleo-de-inteligencia-do-mp-de-conta-participam-de-evento-sobre-tecnologia-e-inovacao\/#primaryimage"},"thumbnailUrl":"","articleSection":["Todas as not\u00edcias","\u00daltimas not\u00edcias"],"inLanguage":"pt-BR","potentialAction":[{"@type":"CommentAction","name":"Comment","target":["https:\/\/www.mpc.pr.gov.br\/index.php\/assessores-do-nucleo-de-inteligencia-do-mp-de-conta-participam-de-evento-sobre-tecnologia-e-inovacao\/#respond"]}]},{"@type":"WebPage","@id":"https:\/\/www.mpc.pr.gov.br\/index.php\/assessores-do-nucleo-de-inteligencia-do-mp-de-conta-participam-de-evento-sobre-tecnologia-e-inovacao\/","url":"https:\/\/www.mpc.pr.gov.br\/index.php\/assessores-do-nucleo-de-inteligencia-do-mp-de-conta-participam-de-evento-sobre-tecnologia-e-inovacao\/","name":"Assessores do N\u00facleo de Intelig\u00eancia do MP de Conta participam de evento sobre Tecnologia e Inova\u00e7\u00e3o - Minist\u00e9rio P\u00fablico de Contas do Estado do Paran\u00e1","isPartOf":{"@id":"https:\/\/www.mpc.pr.gov.br\/#website"},"primaryImageOfPage":{"@id":"https:\/\/www.mpc.pr.gov.br\/index.php\/assessores-do-nucleo-de-inteligencia-do-mp-de-conta-participam-de-evento-sobre-tecnologia-e-inovacao\/#primaryimage"},"image":{"@id":"https:\/\/www.mpc.pr.gov.br\/index.php\/assessores-do-nucleo-de-inteligencia-do-mp-de-conta-participam-de-evento-sobre-tecnologia-e-inovacao\/#primaryimage"},"thumbnailUrl":"","datePublished":"2019-09-11T18:05:00+00:00","breadcrumb":{"@id":"https:\/\/www.mpc.pr.gov.br\/index.php\/assessores-do-nucleo-de-inteligencia-do-mp-de-conta-participam-de-evento-sobre-tecnologia-e-inovacao\/#breadcrumb"},"inLanguage":"pt-BR","potentialAction":[{"@type":"ReadAction","target":["https:\/\/www.mpc.pr.gov.br\/index.php\/assessores-do-nucleo-de-inteligencia-do-mp-de-conta-participam-de-evento-sobre-tecnologia-e-inovacao\/"]}]},{"@type":"ImageObject","inLanguage":"pt-BR","@id":"https:\/\/www.mpc.pr.gov.br\/index.php\/assessores-do-nucleo-de-inteligencia-do-mp-de-conta-participam-de-evento-sobre-tecnologia-e-inovacao\/#primaryimage","url":"","contentUrl":""},{"@type":"BreadcrumbList","@id":"https:\/\/www.mpc.pr.gov.br\/index.php\/assessores-do-nucleo-de-inteligencia-do-mp-de-conta-participam-de-evento-sobre-tecnologia-e-inovacao\/#breadcrumb","itemListElement":[{"@type":"ListItem","position":1,"name":"In\u00edcio","item":"https:\/\/www.mpc.pr.gov.br\/"},{"@type":"ListItem","position":2,"name":"Assessores do N\u00facleo de Intelig\u00eancia do MP de Conta participam de evento sobre Tecnologia e Inova\u00e7\u00e3o"}]},{"@type":"WebSite","@id":"https:\/\/www.mpc.pr.gov.br\/#website","url":"https:\/\/www.mpc.pr.gov.br\/","name":"Minist\u00e9rio P\u00fablico de Contas do Estado do Paran\u00e1","description":"","publisher":{"@id":"https:\/\/www.mpc.pr.gov.br\/#organization"},"potentialAction":[{"@type":"SearchAction","target":{"@type":"EntryPoint","urlTemplate":"https:\/\/www.mpc.pr.gov.br\/?s={search_term_string}"},"query-input":{"@type":"PropertyValueSpecification","valueRequired":true,"valueName":"search_term_string"}}],"inLanguage":"pt-BR"},{"@type":"Organization","@id":"https:\/\/www.mpc.pr.gov.br\/#organization","name":"Minist\u00e9rio P\u00fablico de Contas do Estado do Paran\u00e1","url":"https:\/\/www.mpc.pr.gov.br\/","logo":{"@type":"ImageObject","inLanguage":"pt-BR","@id":"https:\/\/www.mpc.pr.gov.br\/#\/schema\/logo\/image\/","url":"https:\/\/www.mpc.pr.gov.br\/wp-content\/uploads\/2020\/06\/99423647_1593460364143890_6706793420720963584_n-1-e1591387983167.png","contentUrl":"https:\/\/www.mpc.pr.gov.br\/wp-content\/uploads\/2020\/06\/99423647_1593460364143890_6706793420720963584_n-1-e1591387983167.png","width":243,"height":73,"caption":"Minist\u00e9rio P\u00fablico de Contas do Estado do Paran\u00e1"},"image":{"@id":"https:\/\/www.mpc.pr.gov.br\/#\/schema\/logo\/image\/"},"sameAs":["https:\/\/www.facebook.com\/mpc.pr","https:\/\/www.instagram.com\/mpc.pr\/?hl=pt-br","https:\/\/www.youtube.com\/channel\/UCHri5oEM8DV0ztX57E0sBSw"]},{"@type":"Person","@id":"https:\/\/www.mpc.pr.gov.br\/#\/schema\/person\/d0c5cf9ebb4d8be833c419f3538cf751","name":"giovanna.faria","image":{"@type":"ImageObject","inLanguage":"pt-BR","@id":"https:\/\/secure.gravatar.com\/avatar\/?s=96&d=mm&r=g","url":"https:\/\/secure.gravatar.com\/avatar\/?s=96&d=mm&r=g","contentUrl":"https:\/\/secure.gravatar.com\/avatar\/?s=96&d=mm&r=g","caption":"giovanna.faria"}}]}},"rttpg_featured_image_url":null,"rttpg_author":{"display_name":"giovanna.faria","author_link":"https:\/\/www.mpc.pr.gov.br\/index.php\/author\/giovanna-faria\/"},"rttpg_comment":0,"rttpg_category":"<a href=\"https:\/\/www.mpc.pr.gov.br\/index.php\/category\/todas-as-noticias\/\" rel=\"category tag\">Todas as not\u00edcias<\/a> <a href=\"https:\/\/www.mpc.pr.gov.br\/index.php\/category\/ultimas-noticias\/\" rel=\"category tag\">\u00daltimas not\u00edcias<\/a>","rttpg_excerpt":"Entre os dias12 e 13 de setembro o Minist\u00e9rio P\u00fablico Estadual (MPE-PR), em parceria com a Funda\u00e7\u00e3o Escola do Minist\u00e9rio P\u00fablico do Estado do Paran\u00e1 (Fempar), realiza o Encontro Nacional de Tecnologia e Inova\u00e7\u00e3o do Minist\u00e9rio P\u00fablico, em sua sede em Curitiba. O evento \u00e9 aberto a membros e servidores do Minist\u00e9rio P\u00fablico, integrantes do&hellip;","_links":{"self":[{"href":"https:\/\/www.mpc.pr.gov.br\/index.php\/wp-json\/wp\/v2\/posts\/7670","targetHints":{"allow":["GET"]}}],"collection":[{"href":"https:\/\/www.mpc.pr.gov.br\/index.php\/wp-json\/wp\/v2\/posts"}],"about":[{"href":"https:\/\/www.mpc.pr.gov.br\/index.php\/wp-json\/wp\/v2\/types\/post"}],"author":[{"embeddable":true,"href":"https:\/\/www.mpc.pr.gov.br\/index.php\/wp-json\/wp\/v2\/users\/5"}],"replies":[{"embeddable":true,"href":"https:\/\/www.mpc.pr.gov.br\/index.php\/wp-json\/wp\/v2\/comments?post=7670"}],"version-history":[{"count":0,"href":"https:\/\/www.mpc.pr.gov.br\/index.php\/wp-json\/wp\/v2\/posts\/7670\/revisions"}],"wp:featuredmedia":[{"embeddable":true,"href":"https:\/\/www.mpc.pr.gov.br\/index.php\/wp-json\/"}],"wp:attachment":[{"href":"https:\/\/www.mpc.pr.gov.br\/index.php\/wp-json\/wp\/v2\/media?parent=7670"}],"wp:term":[{"taxonomy":"category","embeddable":true,"href":"https:\/\/www.mpc.pr.gov.br\/index.php\/wp-json\/wp\/v2\/categories?post=7670"},{"taxonomy":"post_tag","embeddable":true,"href":"https:\/\/www.mpc.pr.gov.br\/index.php\/wp-json\/wp\/v2\/tags?post=7670"}],"curies":[{"name":"wp","href":"https:\/\/api.w.org\/{rel}","templated":true}]}}