{"id":7688,"date":"2019-09-13T13:33:09","date_gmt":"2019-09-13T16:33:09","guid":{"rendered":"http:\/\/www.mpc.pr.gov.br\/?p=7688"},"modified":"2019-09-13T13:33:09","modified_gmt":"2019-09-13T16:33:09","slug":"mp-de-contas-notifica-10-municipios-por-descumprimento-da-meta-1-do-plano-nacional-de-educacao","status":"publish","type":"post","link":"https:\/\/www.mpc.pr.gov.br\/index.php\/mp-de-contas-notifica-10-municipios-por-descumprimento-da-meta-1-do-plano-nacional-de-educacao\/","title":{"rendered":"MP de Contas notifica 10 munic\u00edpios por descumprimento da meta 1 do Plano Nacional de Educa\u00e7\u00e3o"},"content":{"rendered":"<p><img fetchpriority=\"high\" decoding=\"async\" class=\"alignleft size-medium wp-image-6295\" src=\"http:\/\/www.mpc.pr.gov.br\/wp-content\/uploads\/2018\/09\/00330675-300x191.jpg\" alt=\"\" width=\"300\" height=\"191\" \/>O MP de Contas do Paran\u00e1 (MPC-PR) realizou um levantamento dos 399 munic\u00edpios do Estado, a fim de verificar o cumprimento da meta 1 do Plano Nacional de Educa\u00e7\u00e3o (PNE), a qual estabelece que todas as crian\u00e7as de quatro a cinco anos de idade devem estar matriculadas na pr\u00e9-escola at\u00e9 2016. Ao verificar que nem todos os munic\u00edpios cumprem integralmente a meta, o \u00f3rg\u00e3o ministerial notificou as 10 cidades com situa\u00e7\u00e3o mais grave.<\/p>\n<p>Dentre os munic\u00edpios oficiados esta Bela Vista do Para\u00edso, com 125 crian\u00e7as de 4 e 5 anos para quem n\u00e3o foram encontradas matr\u00edculas; Cambar\u00e1 com 248 crian\u00e7as; Centen\u00e1rio do Sul com 151; Doutor Ulysses com 81; Cerro Azul com 262; Guaraque\u00e7aba com 102; Ivat\u00e9 com 58; Lupion\u00f3polis com 60; Tunas do Paran\u00e1 com 166; e S\u00e3o Jos\u00e9 dos Pinhais com 2130 crian\u00e7as.<\/p>\n<p>No of\u00edcio o MPC-PR destacou que o descumprimento em rela\u00e7\u00e3o ao dever de universaliza\u00e7\u00e3o da educa\u00e7\u00e3o b\u00e1sica sujeita o munic\u00edpio a emiss\u00e3o de parecer desfavor\u00e1vel nos processos de aprecia\u00e7\u00e3o das contas anuais pelo Tribunal de Contas do Paran\u00e1 (TCE PR), sem preju\u00edzo para demais medidas judiciais e extrajudiciais que se fizerem necess\u00e1rias.<\/p>\n<p>O \u00f3rg\u00e3o ministerial tamb\u00e9m ressaltou que podem haver outras crian\u00e7as matriculadas na rede privada, as quais n\u00e3o est\u00e3o no escopo do levantamento, cabendo ao munic\u00edpio demonstrar que todas as crian\u00e7as entre 4 e 5 anos est\u00e3o devidamente matriculadas.<\/p>\n<p>Al\u00e9m dos of\u00edcios aos Prefeitos, o MP de Contas tamb\u00e9m encaminhou c\u00f3pia das informa\u00e7\u00f5es apuradas \u00e0s Promotorias de Justi\u00e7as das comarcas respons\u00e1veis por esses munic\u00edpios.<\/p>\n<p>O MPC-PR continuar\u00e1 monitorando os registros individualizados nos munic\u00edpios, podendo adotar medidas para garantir o acesso ao direito \u00e0 educa\u00e7\u00e3o para toda popula\u00e7\u00e3o.<\/p>\n","protected":false},"excerpt":{"rendered":"<p>O MP de Contas do Paran\u00e1 (MPC-PR) realizou um levantamento dos 399 munic\u00edpios do Estado, a fim de verificar o cumprimento da meta 1 do Plano Nacional de Educa\u00e7\u00e3o (PNE), a qual estabelece que todas as crian\u00e7as de quatro a cinco anos de idade devem estar matriculadas na pr\u00e9-escola at\u00e9 2016. Ao verificar que nem [&hellip;]<\/p>\n","protected":false},"author":5,"featured_media":6295,"comment_status":"open","ping_status":"open","sticky":false,"template":"","format":"standard","meta":{"_monsterinsights_skip_tracking":false,"_monsterinsights_sitenote_active":false,"_monsterinsights_sitenote_note":"","_monsterinsights_sitenote_category":0,"footnotes":""},"categories":[7,14],"tags":[],"class_list":["post-7688","post","type-post","status-publish","format-standard","has-post-thumbnail","hentry","category-todas-as-noticias","category-ultimas-noticias","entry","has-media"],"yoast_head":"<!-- This site is optimized with the Yoast SEO plugin v27.3 - https:\/\/yoast.com\/product\/yoast-seo-wordpress\/ -->\n<title>MP de Contas notifica 10 munic\u00edpios por descumprimento da meta 1 do Plano Nacional de Educa\u00e7\u00e3o - Minist\u00e9rio P\u00fablico de Contas do Estado do Paran\u00e1<\/title>\n<meta name=\"robots\" content=\"index, follow, max-snippet:-1, max-image-preview:large, max-video-preview:-1\" \/>\n<link rel=\"canonical\" href=\"https:\/\/www.mpc.pr.gov.br\/index.php\/mp-de-contas-notifica-10-municipios-por-descumprimento-da-meta-1-do-plano-nacional-de-educacao\/\" \/>\n<meta property=\"og:locale\" content=\"pt_BR\" \/>\n<meta property=\"og:type\" content=\"article\" \/>\n<meta property=\"og:title\" content=\"MP de Contas notifica 10 munic\u00edpios por descumprimento da meta 1 do Plano Nacional de Educa\u00e7\u00e3o - Minist\u00e9rio P\u00fablico de Contas do Estado do Paran\u00e1\" \/>\n<meta property=\"og:description\" content=\"O MP de Contas do Paran\u00e1 (MPC-PR) realizou um levantamento dos 399 munic\u00edpios do Estado, a fim de verificar o cumprimento da meta 1 do Plano Nacional de Educa\u00e7\u00e3o (PNE), a qual estabelece que todas as crian\u00e7as de quatro a cinco anos de idade devem estar matriculadas na pr\u00e9-escola at\u00e9 2016. Ao verificar que nem [&hellip;]\" \/>\n<meta property=\"og:url\" content=\"https:\/\/www.mpc.pr.gov.br\/index.php\/mp-de-contas-notifica-10-municipios-por-descumprimento-da-meta-1-do-plano-nacional-de-educacao\/\" \/>\n<meta property=\"og:site_name\" content=\"Minist\u00e9rio P\u00fablico de Contas do Estado do Paran\u00e1\" \/>\n<meta property=\"article:publisher\" content=\"https:\/\/www.facebook.com\/mpc.pr\" \/>\n<meta property=\"article:published_time\" content=\"2019-09-13T16:33:09+00:00\" \/>\n<meta name=\"author\" content=\"giovanna.faria\" \/>\n<meta name=\"twitter:card\" content=\"summary_large_image\" \/>\n<meta name=\"twitter:label1\" content=\"Escrito por\" \/>\n\t<meta name=\"twitter:data1\" content=\"giovanna.faria\" \/>\n\t<meta name=\"twitter:label2\" content=\"Est. tempo de leitura\" \/>\n\t<meta name=\"twitter:data2\" content=\"2 minutos\" \/>\n<script type=\"application\/ld+json\" class=\"yoast-schema-graph\">{\"@context\":\"https:\\\/\\\/schema.org\",\"@graph\":[{\"@type\":\"Article\",\"@id\":\"https:\\\/\\\/www.mpc.pr.gov.br\\\/index.php\\\/mp-de-contas-notifica-10-municipios-por-descumprimento-da-meta-1-do-plano-nacional-de-educacao\\\/#article\",\"isPartOf\":{\"@id\":\"https:\\\/\\\/www.mpc.pr.gov.br\\\/index.php\\\/mp-de-contas-notifica-10-municipios-por-descumprimento-da-meta-1-do-plano-nacional-de-educacao\\\/\"},\"author\":{\"name\":\"giovanna.faria\",\"@id\":\"https:\\\/\\\/www.mpc.pr.gov.br\\\/#\\\/schema\\\/person\\\/d0c5cf9ebb4d8be833c419f3538cf751\"},\"headline\":\"MP de Contas notifica 10 munic\u00edpios por descumprimento da meta 1 do Plano Nacional de Educa\u00e7\u00e3o\",\"datePublished\":\"2019-09-13T16:33:09+00:00\",\"mainEntityOfPage\":{\"@id\":\"https:\\\/\\\/www.mpc.pr.gov.br\\\/index.php\\\/mp-de-contas-notifica-10-municipios-por-descumprimento-da-meta-1-do-plano-nacional-de-educacao\\\/\"},\"wordCount\":318,\"commentCount\":0,\"publisher\":{\"@id\":\"https:\\\/\\\/www.mpc.pr.gov.br\\\/#organization\"},\"image\":{\"@id\":\"https:\\\/\\\/www.mpc.pr.gov.br\\\/index.php\\\/mp-de-contas-notifica-10-municipios-por-descumprimento-da-meta-1-do-plano-nacional-de-educacao\\\/#primaryimage\"},\"thumbnailUrl\":\"\",\"articleSection\":[\"Todas as not\u00edcias\",\"\u00daltimas not\u00edcias\"],\"inLanguage\":\"pt-BR\",\"potentialAction\":[{\"@type\":\"CommentAction\",\"name\":\"Comment\",\"target\":[\"https:\\\/\\\/www.mpc.pr.gov.br\\\/index.php\\\/mp-de-contas-notifica-10-municipios-por-descumprimento-da-meta-1-do-plano-nacional-de-educacao\\\/#respond\"]}]},{\"@type\":\"WebPage\",\"@id\":\"https:\\\/\\\/www.mpc.pr.gov.br\\\/index.php\\\/mp-de-contas-notifica-10-municipios-por-descumprimento-da-meta-1-do-plano-nacional-de-educacao\\\/\",\"url\":\"https:\\\/\\\/www.mpc.pr.gov.br\\\/index.php\\\/mp-de-contas-notifica-10-municipios-por-descumprimento-da-meta-1-do-plano-nacional-de-educacao\\\/\",\"name\":\"MP de Contas notifica 10 munic\u00edpios por descumprimento da meta 1 do Plano Nacional de Educa\u00e7\u00e3o - Minist\u00e9rio P\u00fablico de Contas do Estado do Paran\u00e1\",\"isPartOf\":{\"@id\":\"https:\\\/\\\/www.mpc.pr.gov.br\\\/#website\"},\"primaryImageOfPage\":{\"@id\":\"https:\\\/\\\/www.mpc.pr.gov.br\\\/index.php\\\/mp-de-contas-notifica-10-municipios-por-descumprimento-da-meta-1-do-plano-nacional-de-educacao\\\/#primaryimage\"},\"image\":{\"@id\":\"https:\\\/\\\/www.mpc.pr.gov.br\\\/index.php\\\/mp-de-contas-notifica-10-municipios-por-descumprimento-da-meta-1-do-plano-nacional-de-educacao\\\/#primaryimage\"},\"thumbnailUrl\":\"\",\"datePublished\":\"2019-09-13T16:33:09+00:00\",\"breadcrumb\":{\"@id\":\"https:\\\/\\\/www.mpc.pr.gov.br\\\/index.php\\\/mp-de-contas-notifica-10-municipios-por-descumprimento-da-meta-1-do-plano-nacional-de-educacao\\\/#breadcrumb\"},\"inLanguage\":\"pt-BR\",\"potentialAction\":[{\"@type\":\"ReadAction\",\"target\":[\"https:\\\/\\\/www.mpc.pr.gov.br\\\/index.php\\\/mp-de-contas-notifica-10-municipios-por-descumprimento-da-meta-1-do-plano-nacional-de-educacao\\\/\"]}]},{\"@type\":\"ImageObject\",\"inLanguage\":\"pt-BR\",\"@id\":\"https:\\\/\\\/www.mpc.pr.gov.br\\\/index.php\\\/mp-de-contas-notifica-10-municipios-por-descumprimento-da-meta-1-do-plano-nacional-de-educacao\\\/#primaryimage\",\"url\":\"\",\"contentUrl\":\"\"},{\"@type\":\"BreadcrumbList\",\"@id\":\"https:\\\/\\\/www.mpc.pr.gov.br\\\/index.php\\\/mp-de-contas-notifica-10-municipios-por-descumprimento-da-meta-1-do-plano-nacional-de-educacao\\\/#breadcrumb\",\"itemListElement\":[{\"@type\":\"ListItem\",\"position\":1,\"name\":\"In\u00edcio\",\"item\":\"https:\\\/\\\/www.mpc.pr.gov.br\\\/\"},{\"@type\":\"ListItem\",\"position\":2,\"name\":\"MP de Contas notifica 10 munic\u00edpios por descumprimento da meta 1 do Plano Nacional de Educa\u00e7\u00e3o\"}]},{\"@type\":\"WebSite\",\"@id\":\"https:\\\/\\\/www.mpc.pr.gov.br\\\/#website\",\"url\":\"https:\\\/\\\/www.mpc.pr.gov.br\\\/\",\"name\":\"Minist\u00e9rio P\u00fablico de Contas do Estado do Paran\u00e1\",\"description\":\"\",\"publisher\":{\"@id\":\"https:\\\/\\\/www.mpc.pr.gov.br\\\/#organization\"},\"potentialAction\":[{\"@type\":\"SearchAction\",\"target\":{\"@type\":\"EntryPoint\",\"urlTemplate\":\"https:\\\/\\\/www.mpc.pr.gov.br\\\/?s={search_term_string}\"},\"query-input\":{\"@type\":\"PropertyValueSpecification\",\"valueRequired\":true,\"valueName\":\"search_term_string\"}}],\"inLanguage\":\"pt-BR\"},{\"@type\":\"Organization\",\"@id\":\"https:\\\/\\\/www.mpc.pr.gov.br\\\/#organization\",\"name\":\"Minist\u00e9rio P\u00fablico de Contas do Estado do Paran\u00e1\",\"url\":\"https:\\\/\\\/www.mpc.pr.gov.br\\\/\",\"logo\":{\"@type\":\"ImageObject\",\"inLanguage\":\"pt-BR\",\"@id\":\"https:\\\/\\\/www.mpc.pr.gov.br\\\/#\\\/schema\\\/logo\\\/image\\\/\",\"url\":\"https:\\\/\\\/www.mpc.pr.gov.br\\\/wp-content\\\/uploads\\\/2020\\\/06\\\/99423647_1593460364143890_6706793420720963584_n-1-e1591387983167.png\",\"contentUrl\":\"https:\\\/\\\/www.mpc.pr.gov.br\\\/wp-content\\\/uploads\\\/2020\\\/06\\\/99423647_1593460364143890_6706793420720963584_n-1-e1591387983167.png\",\"width\":243,\"height\":73,\"caption\":\"Minist\u00e9rio P\u00fablico de Contas do Estado do Paran\u00e1\"},\"image\":{\"@id\":\"https:\\\/\\\/www.mpc.pr.gov.br\\\/#\\\/schema\\\/logo\\\/image\\\/\"},\"sameAs\":[\"https:\\\/\\\/www.facebook.com\\\/mpc.pr\",\"https:\\\/\\\/www.instagram.com\\\/mpc.pr\\\/?hl=pt-br\",\"https:\\\/\\\/www.youtube.com\\\/channel\\\/UCHri5oEM8DV0ztX57E0sBSw\"]},{\"@type\":\"Person\",\"@id\":\"https:\\\/\\\/www.mpc.pr.gov.br\\\/#\\\/schema\\\/person\\\/d0c5cf9ebb4d8be833c419f3538cf751\",\"name\":\"giovanna.faria\",\"image\":{\"@type\":\"ImageObject\",\"inLanguage\":\"pt-BR\",\"@id\":\"https:\\\/\\\/secure.gravatar.com\\\/avatar\\\/?s=96&d=mm&r=g\",\"url\":\"https:\\\/\\\/secure.gravatar.com\\\/avatar\\\/?s=96&d=mm&r=g\",\"contentUrl\":\"https:\\\/\\\/secure.gravatar.com\\\/avatar\\\/?s=96&d=mm&r=g\",\"caption\":\"giovanna.faria\"}}]}<\/script>\n<!-- \/ Yoast SEO plugin. -->","yoast_head_json":{"title":"MP de Contas notifica 10 munic\u00edpios por descumprimento da meta 1 do Plano Nacional de Educa\u00e7\u00e3o - Minist\u00e9rio P\u00fablico de Contas do Estado do Paran\u00e1","robots":{"index":"index","follow":"follow","max-snippet":"max-snippet:-1","max-image-preview":"max-image-preview:large","max-video-preview":"max-video-preview:-1"},"canonical":"https:\/\/www.mpc.pr.gov.br\/index.php\/mp-de-contas-notifica-10-municipios-por-descumprimento-da-meta-1-do-plano-nacional-de-educacao\/","og_locale":"pt_BR","og_type":"article","og_title":"MP de Contas notifica 10 munic\u00edpios por descumprimento da meta 1 do Plano Nacional de Educa\u00e7\u00e3o - Minist\u00e9rio P\u00fablico de Contas do Estado do Paran\u00e1","og_description":"O MP de Contas do Paran\u00e1 (MPC-PR) realizou um levantamento dos 399 munic\u00edpios do Estado, a fim de verificar o cumprimento da meta 1 do Plano Nacional de Educa\u00e7\u00e3o (PNE), a qual estabelece que todas as crian\u00e7as de quatro a cinco anos de idade devem estar matriculadas na pr\u00e9-escola at\u00e9 2016. Ao verificar que nem [&hellip;]","og_url":"https:\/\/www.mpc.pr.gov.br\/index.php\/mp-de-contas-notifica-10-municipios-por-descumprimento-da-meta-1-do-plano-nacional-de-educacao\/","og_site_name":"Minist\u00e9rio P\u00fablico de Contas do Estado do Paran\u00e1","article_publisher":"https:\/\/www.facebook.com\/mpc.pr","article_published_time":"2019-09-13T16:33:09+00:00","author":"giovanna.faria","twitter_card":"summary_large_image","twitter_misc":{"Escrito por":"giovanna.faria","Est. tempo de leitura":"2 minutos"},"schema":{"@context":"https:\/\/schema.org","@graph":[{"@type":"Article","@id":"https:\/\/www.mpc.pr.gov.br\/index.php\/mp-de-contas-notifica-10-municipios-por-descumprimento-da-meta-1-do-plano-nacional-de-educacao\/#article","isPartOf":{"@id":"https:\/\/www.mpc.pr.gov.br\/index.php\/mp-de-contas-notifica-10-municipios-por-descumprimento-da-meta-1-do-plano-nacional-de-educacao\/"},"author":{"name":"giovanna.faria","@id":"https:\/\/www.mpc.pr.gov.br\/#\/schema\/person\/d0c5cf9ebb4d8be833c419f3538cf751"},"headline":"MP de Contas notifica 10 munic\u00edpios por descumprimento da meta 1 do Plano Nacional de Educa\u00e7\u00e3o","datePublished":"2019-09-13T16:33:09+00:00","mainEntityOfPage":{"@id":"https:\/\/www.mpc.pr.gov.br\/index.php\/mp-de-contas-notifica-10-municipios-por-descumprimento-da-meta-1-do-plano-nacional-de-educacao\/"},"wordCount":318,"commentCount":0,"publisher":{"@id":"https:\/\/www.mpc.pr.gov.br\/#organization"},"image":{"@id":"https:\/\/www.mpc.pr.gov.br\/index.php\/mp-de-contas-notifica-10-municipios-por-descumprimento-da-meta-1-do-plano-nacional-de-educacao\/#primaryimage"},"thumbnailUrl":"","articleSection":["Todas as not\u00edcias","\u00daltimas not\u00edcias"],"inLanguage":"pt-BR","potentialAction":[{"@type":"CommentAction","name":"Comment","target":["https:\/\/www.mpc.pr.gov.br\/index.php\/mp-de-contas-notifica-10-municipios-por-descumprimento-da-meta-1-do-plano-nacional-de-educacao\/#respond"]}]},{"@type":"WebPage","@id":"https:\/\/www.mpc.pr.gov.br\/index.php\/mp-de-contas-notifica-10-municipios-por-descumprimento-da-meta-1-do-plano-nacional-de-educacao\/","url":"https:\/\/www.mpc.pr.gov.br\/index.php\/mp-de-contas-notifica-10-municipios-por-descumprimento-da-meta-1-do-plano-nacional-de-educacao\/","name":"MP de Contas notifica 10 munic\u00edpios por descumprimento da meta 1 do Plano Nacional de Educa\u00e7\u00e3o - Minist\u00e9rio P\u00fablico de Contas do Estado do Paran\u00e1","isPartOf":{"@id":"https:\/\/www.mpc.pr.gov.br\/#website"},"primaryImageOfPage":{"@id":"https:\/\/www.mpc.pr.gov.br\/index.php\/mp-de-contas-notifica-10-municipios-por-descumprimento-da-meta-1-do-plano-nacional-de-educacao\/#primaryimage"},"image":{"@id":"https:\/\/www.mpc.pr.gov.br\/index.php\/mp-de-contas-notifica-10-municipios-por-descumprimento-da-meta-1-do-plano-nacional-de-educacao\/#primaryimage"},"thumbnailUrl":"","datePublished":"2019-09-13T16:33:09+00:00","breadcrumb":{"@id":"https:\/\/www.mpc.pr.gov.br\/index.php\/mp-de-contas-notifica-10-municipios-por-descumprimento-da-meta-1-do-plano-nacional-de-educacao\/#breadcrumb"},"inLanguage":"pt-BR","potentialAction":[{"@type":"ReadAction","target":["https:\/\/www.mpc.pr.gov.br\/index.php\/mp-de-contas-notifica-10-municipios-por-descumprimento-da-meta-1-do-plano-nacional-de-educacao\/"]}]},{"@type":"ImageObject","inLanguage":"pt-BR","@id":"https:\/\/www.mpc.pr.gov.br\/index.php\/mp-de-contas-notifica-10-municipios-por-descumprimento-da-meta-1-do-plano-nacional-de-educacao\/#primaryimage","url":"","contentUrl":""},{"@type":"BreadcrumbList","@id":"https:\/\/www.mpc.pr.gov.br\/index.php\/mp-de-contas-notifica-10-municipios-por-descumprimento-da-meta-1-do-plano-nacional-de-educacao\/#breadcrumb","itemListElement":[{"@type":"ListItem","position":1,"name":"In\u00edcio","item":"https:\/\/www.mpc.pr.gov.br\/"},{"@type":"ListItem","position":2,"name":"MP de Contas notifica 10 munic\u00edpios por descumprimento da meta 1 do Plano Nacional de Educa\u00e7\u00e3o"}]},{"@type":"WebSite","@id":"https:\/\/www.mpc.pr.gov.br\/#website","url":"https:\/\/www.mpc.pr.gov.br\/","name":"Minist\u00e9rio P\u00fablico de Contas do Estado do Paran\u00e1","description":"","publisher":{"@id":"https:\/\/www.mpc.pr.gov.br\/#organization"},"potentialAction":[{"@type":"SearchAction","target":{"@type":"EntryPoint","urlTemplate":"https:\/\/www.mpc.pr.gov.br\/?s={search_term_string}"},"query-input":{"@type":"PropertyValueSpecification","valueRequired":true,"valueName":"search_term_string"}}],"inLanguage":"pt-BR"},{"@type":"Organization","@id":"https:\/\/www.mpc.pr.gov.br\/#organization","name":"Minist\u00e9rio P\u00fablico de Contas do Estado do Paran\u00e1","url":"https:\/\/www.mpc.pr.gov.br\/","logo":{"@type":"ImageObject","inLanguage":"pt-BR","@id":"https:\/\/www.mpc.pr.gov.br\/#\/schema\/logo\/image\/","url":"https:\/\/www.mpc.pr.gov.br\/wp-content\/uploads\/2020\/06\/99423647_1593460364143890_6706793420720963584_n-1-e1591387983167.png","contentUrl":"https:\/\/www.mpc.pr.gov.br\/wp-content\/uploads\/2020\/06\/99423647_1593460364143890_6706793420720963584_n-1-e1591387983167.png","width":243,"height":73,"caption":"Minist\u00e9rio P\u00fablico de Contas do Estado do Paran\u00e1"},"image":{"@id":"https:\/\/www.mpc.pr.gov.br\/#\/schema\/logo\/image\/"},"sameAs":["https:\/\/www.facebook.com\/mpc.pr","https:\/\/www.instagram.com\/mpc.pr\/?hl=pt-br","https:\/\/www.youtube.com\/channel\/UCHri5oEM8DV0ztX57E0sBSw"]},{"@type":"Person","@id":"https:\/\/www.mpc.pr.gov.br\/#\/schema\/person\/d0c5cf9ebb4d8be833c419f3538cf751","name":"giovanna.faria","image":{"@type":"ImageObject","inLanguage":"pt-BR","@id":"https:\/\/secure.gravatar.com\/avatar\/?s=96&d=mm&r=g","url":"https:\/\/secure.gravatar.com\/avatar\/?s=96&d=mm&r=g","contentUrl":"https:\/\/secure.gravatar.com\/avatar\/?s=96&d=mm&r=g","caption":"giovanna.faria"}}]}},"rttpg_featured_image_url":null,"rttpg_author":{"display_name":"giovanna.faria","author_link":"https:\/\/www.mpc.pr.gov.br\/index.php\/author\/giovanna-faria\/"},"rttpg_comment":0,"rttpg_category":"<a href=\"https:\/\/www.mpc.pr.gov.br\/index.php\/category\/todas-as-noticias\/\" rel=\"category tag\">Todas as not\u00edcias<\/a> <a href=\"https:\/\/www.mpc.pr.gov.br\/index.php\/category\/ultimas-noticias\/\" rel=\"category tag\">\u00daltimas not\u00edcias<\/a>","rttpg_excerpt":"O MP de Contas do Paran\u00e1 (MPC-PR) realizou um levantamento dos 399 munic\u00edpios do Estado, a fim de verificar o cumprimento da meta 1 do Plano Nacional de Educa\u00e7\u00e3o (PNE), a qual estabelece que todas as crian\u00e7as de quatro a cinco anos de idade devem estar matriculadas na pr\u00e9-escola at\u00e9 2016. Ao verificar que nem&hellip;","_links":{"self":[{"href":"https:\/\/www.mpc.pr.gov.br\/index.php\/wp-json\/wp\/v2\/posts\/7688","targetHints":{"allow":["GET"]}}],"collection":[{"href":"https:\/\/www.mpc.pr.gov.br\/index.php\/wp-json\/wp\/v2\/posts"}],"about":[{"href":"https:\/\/www.mpc.pr.gov.br\/index.php\/wp-json\/wp\/v2\/types\/post"}],"author":[{"embeddable":true,"href":"https:\/\/www.mpc.pr.gov.br\/index.php\/wp-json\/wp\/v2\/users\/5"}],"replies":[{"embeddable":true,"href":"https:\/\/www.mpc.pr.gov.br\/index.php\/wp-json\/wp\/v2\/comments?post=7688"}],"version-history":[{"count":0,"href":"https:\/\/www.mpc.pr.gov.br\/index.php\/wp-json\/wp\/v2\/posts\/7688\/revisions"}],"wp:featuredmedia":[{"embeddable":true,"href":"https:\/\/www.mpc.pr.gov.br\/index.php\/wp-json\/"}],"wp:attachment":[{"href":"https:\/\/www.mpc.pr.gov.br\/index.php\/wp-json\/wp\/v2\/media?parent=7688"}],"wp:term":[{"taxonomy":"category","embeddable":true,"href":"https:\/\/www.mpc.pr.gov.br\/index.php\/wp-json\/wp\/v2\/categories?post=7688"},{"taxonomy":"post_tag","embeddable":true,"href":"https:\/\/www.mpc.pr.gov.br\/index.php\/wp-json\/wp\/v2\/tags?post=7688"}],"curies":[{"name":"wp","href":"https:\/\/api.w.org\/{rel}","templated":true}]}}