{"id":7720,"date":"2019-09-18T14:43:23","date_gmt":"2019-09-18T17:43:23","guid":{"rendered":"http:\/\/www.mpc.pr.gov.br\/?p=7720"},"modified":"2019-09-18T14:43:23","modified_gmt":"2019-09-18T17:43:23","slug":"mp-de-contas-participa-do-v-encontro-nacional-da-rede-de-controle-da-gestao-publica","status":"publish","type":"post","link":"https:\/\/www.mpc.pr.gov.br\/index.php\/mp-de-contas-participa-do-v-encontro-nacional-da-rede-de-controle-da-gestao-publica\/","title":{"rendered":"MP de Contas participa do V Encontro Nacional da Rede de Controle da Gest\u00e3o P\u00fablica"},"content":{"rendered":"<p><img fetchpriority=\"high\" decoding=\"async\" class=\"alignleft size-medium wp-image-7722\" src=\"http:\/\/www.mpc.pr.gov.br\/wp-content\/uploads\/2019\/09\/RedeControle_Nacional_Portal-300x201.jpg\" alt=\"\" width=\"300\" height=\"201\" \/>Entre os dias 19 e 20 de setembro, o Tribunal de Contas do Estado da Bahia (TCE-BA) sediar\u00e1 o <strong><em>V Encontro Nacional da Rede de Controle da Gest\u00e3o P\u00fablica \u2013 Edi\u00e7\u00e3o Bahia 2019<\/em><\/strong>, que ser\u00e1 realizado no Espa\u00e7o M\u00e1rio Cravo, 3\u00b0 andar, da Casa do Com\u00e9rcio.<\/p>\n<p>A abertura do evento ser\u00e1 feita pelo presidente do Tribunal de Contas da Uni\u00e3o (TCU), ministro Jos\u00e9 M\u00facio, e contar\u00e1 com dois pain\u00e9is tem\u00e1ticos que tratar\u00e3o sobre a <em>Preven\u00e7\u00e3o e combate \u00e0 corrup\u00e7\u00e3o<\/em>, no per\u00edodo da manh\u00e3, e sobre o <em>Controle Social e transpar\u00eancia<\/em>, no per\u00edodo da tarde. Nesse dia palestrar\u00e3o no evento M\u00e1rlon Reis, advogado, membro e fundador do Movimento de Combate \u00e0 Corrup\u00e7\u00e3o Eleitoral; Bruno Brand\u00e3o, Diretor Executivo da Transpar\u00eancia Internacional no Brasil; Welliton Resende Silva, Auditor Federal de Finan\u00e7as e Controle da CGU e vencedor do XV Pr\u00eamio Innovare na categoria Destaque \u201cCombate \u00e0 corrup\u00e7\u00e3o\u201d; Valmir Gomes Dias, Ouvidor Geral da Uni\u00e3o<\/p>\n<p>J\u00e1 no segundo dia, serr\u00e3o abordados temas relacionados ao <em>Controle P\u00fablico<\/em>, com in\u00edcio previsto para \u00e0s 9h e o segundo painel sobre <em>Avalia\u00e7\u00e3o de pol\u00edticas p\u00fablicas<\/em>, a partir das 14h. Neste dia as palestras ser\u00e3o ministradas\u00a0 por Marcos N\u00f3brega, Conselheiro Substituto do Tribunal de Contas de Pernambuco; Morgana Bellazzi de Oliveira Carvalho, Auditora de Contas P\u00fablicas do Tribunal de Contas do Estado da Bahia; Nicola Espinheira da Costa Khoury, Coordenadora-Geral de Controle Externo de Infraestrutura do TCU; Jos\u00e9 Lu\u00eds Bonfim, Maria Aparecida Menezes e Thaiz Silveira Braga, servidores do TCE\/BA; Carolina Mercante, Procuradora do Minist\u00e9rio P\u00fablico do Trabalho em Bras\u00edlia e Coordenadora Nacional da Coordenadoria de Combate \u00e0s Fraudes Trabalhistas na Administra\u00e7\u00e3o P\u00fablica (CONAP); Tiago Modesto, Secret\u00e1rio de Controle Externo do TCU no Estado do Mato Grosso do Sul;<\/p>\n<p>O Procurador do MP de Contas do Paran\u00e1 (MPC-PR), Gabriel Guy L\u00e9ger, participar\u00e1 do evento representando a institui\u00e7\u00e3o. O mesmo tamb\u00e9m comp\u00f5e a Comiss\u00e3o de Interc\u00e2mbio de Informa\u00e7\u00f5es e Intelig\u00eancia da Rede de Controle da Gest\u00e3o P\u00fablica do Paran\u00e1 (RCGP-PR).<\/p>\n<p>A programa\u00e7\u00e3o completa do evento est\u00e1 dispon\u00edvel <a href=\"http:\/\/www.mpc.pr.gov.br\/wp-content\/uploads\/2019\/09\/V-Encontro-Rede-de-Controle-BA-Programa\u00e7\u00e3o.jpg\">aqui<\/a>.<\/p>\n<p><strong>Servi\u00e7o<\/strong><\/p>\n<p><strong>Evento: <\/strong>V Encontro Nacional a Rede de Controle da Gest\u00e3o P\u00fablica<\/p>\n<p><strong>Data: <\/strong>19 e 20 de setembro.<\/p>\n<p><strong>Local: <\/strong>Espa\u00e7o M\u00e1rio Cravo, 3\u00b0 andar, da Casa do Com\u00e9rcio<\/p>\n<p>Av. Tancredo Neves, n\u00b0 1109, Caminho das \u00c1rvores \u2013 Salvador\/BA.<\/p>\n<p><strong>Programa\u00e7\u00e3o:\u00a0<\/strong><a href=\"https:\/\/bit.ly\/2lVTjnk\">https:\/\/bit.ly\/2lVTjnk<\/a><strong>.<\/strong><\/p>\n","protected":false},"excerpt":{"rendered":"<p>Entre os dias 19 e 20 de setembro, o Tribunal de Contas do Estado da Bahia (TCE-BA) sediar\u00e1 o V Encontro Nacional da Rede de Controle da Gest\u00e3o P\u00fablica \u2013 Edi\u00e7\u00e3o Bahia 2019, que ser\u00e1 realizado no Espa\u00e7o M\u00e1rio Cravo, 3\u00b0 andar, da Casa do Com\u00e9rcio. A abertura do evento ser\u00e1 feita pelo presidente do [&hellip;]<\/p>\n","protected":false},"author":5,"featured_media":7722,"comment_status":"open","ping_status":"open","sticky":false,"template":"","format":"standard","meta":{"_monsterinsights_skip_tracking":false,"_monsterinsights_sitenote_active":false,"_monsterinsights_sitenote_note":"","_monsterinsights_sitenote_category":0,"footnotes":""},"categories":[7,14],"tags":[],"class_list":["post-7720","post","type-post","status-publish","format-standard","has-post-thumbnail","hentry","category-todas-as-noticias","category-ultimas-noticias","entry","has-media"],"yoast_head":"<!-- This site is optimized with the Yoast SEO plugin v27.3 - https:\/\/yoast.com\/product\/yoast-seo-wordpress\/ -->\n<title>MP de Contas participa do V Encontro Nacional da Rede de Controle da Gest\u00e3o P\u00fablica - Minist\u00e9rio P\u00fablico de Contas do Estado do Paran\u00e1<\/title>\n<meta name=\"robots\" content=\"index, follow, max-snippet:-1, max-image-preview:large, max-video-preview:-1\" \/>\n<link rel=\"canonical\" href=\"https:\/\/www.mpc.pr.gov.br\/index.php\/mp-de-contas-participa-do-v-encontro-nacional-da-rede-de-controle-da-gestao-publica\/\" \/>\n<meta property=\"og:locale\" content=\"pt_BR\" \/>\n<meta property=\"og:type\" content=\"article\" \/>\n<meta property=\"og:title\" content=\"MP de Contas participa do V Encontro Nacional da Rede de Controle da Gest\u00e3o P\u00fablica - Minist\u00e9rio P\u00fablico de Contas do Estado do Paran\u00e1\" \/>\n<meta property=\"og:description\" content=\"Entre os dias 19 e 20 de setembro, o Tribunal de Contas do Estado da Bahia (TCE-BA) sediar\u00e1 o V Encontro Nacional da Rede de Controle da Gest\u00e3o P\u00fablica \u2013 Edi\u00e7\u00e3o Bahia 2019, que ser\u00e1 realizado no Espa\u00e7o M\u00e1rio Cravo, 3\u00b0 andar, da Casa do Com\u00e9rcio. A abertura do evento ser\u00e1 feita pelo presidente do [&hellip;]\" \/>\n<meta property=\"og:url\" content=\"https:\/\/www.mpc.pr.gov.br\/index.php\/mp-de-contas-participa-do-v-encontro-nacional-da-rede-de-controle-da-gestao-publica\/\" \/>\n<meta property=\"og:site_name\" content=\"Minist\u00e9rio P\u00fablico de Contas do Estado do Paran\u00e1\" \/>\n<meta property=\"article:publisher\" content=\"https:\/\/www.facebook.com\/mpc.pr\" \/>\n<meta property=\"article:published_time\" content=\"2019-09-18T17:43:23+00:00\" \/>\n<meta name=\"author\" content=\"giovanna.faria\" \/>\n<meta name=\"twitter:card\" content=\"summary_large_image\" \/>\n<meta name=\"twitter:label1\" content=\"Escrito por\" \/>\n\t<meta name=\"twitter:data1\" content=\"giovanna.faria\" \/>\n\t<meta name=\"twitter:label2\" content=\"Est. tempo de leitura\" \/>\n\t<meta name=\"twitter:data2\" content=\"2 minutos\" \/>\n<script type=\"application\/ld+json\" class=\"yoast-schema-graph\">{\"@context\":\"https:\\\/\\\/schema.org\",\"@graph\":[{\"@type\":\"Article\",\"@id\":\"https:\\\/\\\/www.mpc.pr.gov.br\\\/index.php\\\/mp-de-contas-participa-do-v-encontro-nacional-da-rede-de-controle-da-gestao-publica\\\/#article\",\"isPartOf\":{\"@id\":\"https:\\\/\\\/www.mpc.pr.gov.br\\\/index.php\\\/mp-de-contas-participa-do-v-encontro-nacional-da-rede-de-controle-da-gestao-publica\\\/\"},\"author\":{\"name\":\"giovanna.faria\",\"@id\":\"https:\\\/\\\/www.mpc.pr.gov.br\\\/#\\\/schema\\\/person\\\/d0c5cf9ebb4d8be833c419f3538cf751\"},\"headline\":\"MP de Contas participa do V Encontro Nacional da Rede de Controle da Gest\u00e3o P\u00fablica\",\"datePublished\":\"2019-09-18T17:43:23+00:00\",\"mainEntityOfPage\":{\"@id\":\"https:\\\/\\\/www.mpc.pr.gov.br\\\/index.php\\\/mp-de-contas-participa-do-v-encontro-nacional-da-rede-de-controle-da-gestao-publica\\\/\"},\"wordCount\":437,\"commentCount\":0,\"publisher\":{\"@id\":\"https:\\\/\\\/www.mpc.pr.gov.br\\\/#organization\"},\"image\":{\"@id\":\"https:\\\/\\\/www.mpc.pr.gov.br\\\/index.php\\\/mp-de-contas-participa-do-v-encontro-nacional-da-rede-de-controle-da-gestao-publica\\\/#primaryimage\"},\"thumbnailUrl\":\"\",\"articleSection\":[\"Todas as not\u00edcias\",\"\u00daltimas not\u00edcias\"],\"inLanguage\":\"pt-BR\",\"potentialAction\":[{\"@type\":\"CommentAction\",\"name\":\"Comment\",\"target\":[\"https:\\\/\\\/www.mpc.pr.gov.br\\\/index.php\\\/mp-de-contas-participa-do-v-encontro-nacional-da-rede-de-controle-da-gestao-publica\\\/#respond\"]}]},{\"@type\":\"WebPage\",\"@id\":\"https:\\\/\\\/www.mpc.pr.gov.br\\\/index.php\\\/mp-de-contas-participa-do-v-encontro-nacional-da-rede-de-controle-da-gestao-publica\\\/\",\"url\":\"https:\\\/\\\/www.mpc.pr.gov.br\\\/index.php\\\/mp-de-contas-participa-do-v-encontro-nacional-da-rede-de-controle-da-gestao-publica\\\/\",\"name\":\"MP de Contas participa do V Encontro Nacional da Rede de Controle da Gest\u00e3o P\u00fablica - Minist\u00e9rio P\u00fablico de Contas do Estado do Paran\u00e1\",\"isPartOf\":{\"@id\":\"https:\\\/\\\/www.mpc.pr.gov.br\\\/#website\"},\"primaryImageOfPage\":{\"@id\":\"https:\\\/\\\/www.mpc.pr.gov.br\\\/index.php\\\/mp-de-contas-participa-do-v-encontro-nacional-da-rede-de-controle-da-gestao-publica\\\/#primaryimage\"},\"image\":{\"@id\":\"https:\\\/\\\/www.mpc.pr.gov.br\\\/index.php\\\/mp-de-contas-participa-do-v-encontro-nacional-da-rede-de-controle-da-gestao-publica\\\/#primaryimage\"},\"thumbnailUrl\":\"\",\"datePublished\":\"2019-09-18T17:43:23+00:00\",\"breadcrumb\":{\"@id\":\"https:\\\/\\\/www.mpc.pr.gov.br\\\/index.php\\\/mp-de-contas-participa-do-v-encontro-nacional-da-rede-de-controle-da-gestao-publica\\\/#breadcrumb\"},\"inLanguage\":\"pt-BR\",\"potentialAction\":[{\"@type\":\"ReadAction\",\"target\":[\"https:\\\/\\\/www.mpc.pr.gov.br\\\/index.php\\\/mp-de-contas-participa-do-v-encontro-nacional-da-rede-de-controle-da-gestao-publica\\\/\"]}]},{\"@type\":\"ImageObject\",\"inLanguage\":\"pt-BR\",\"@id\":\"https:\\\/\\\/www.mpc.pr.gov.br\\\/index.php\\\/mp-de-contas-participa-do-v-encontro-nacional-da-rede-de-controle-da-gestao-publica\\\/#primaryimage\",\"url\":\"\",\"contentUrl\":\"\"},{\"@type\":\"BreadcrumbList\",\"@id\":\"https:\\\/\\\/www.mpc.pr.gov.br\\\/index.php\\\/mp-de-contas-participa-do-v-encontro-nacional-da-rede-de-controle-da-gestao-publica\\\/#breadcrumb\",\"itemListElement\":[{\"@type\":\"ListItem\",\"position\":1,\"name\":\"In\u00edcio\",\"item\":\"https:\\\/\\\/www.mpc.pr.gov.br\\\/\"},{\"@type\":\"ListItem\",\"position\":2,\"name\":\"MP de Contas participa do V Encontro Nacional da Rede de Controle da Gest\u00e3o P\u00fablica\"}]},{\"@type\":\"WebSite\",\"@id\":\"https:\\\/\\\/www.mpc.pr.gov.br\\\/#website\",\"url\":\"https:\\\/\\\/www.mpc.pr.gov.br\\\/\",\"name\":\"Minist\u00e9rio P\u00fablico de Contas do Estado do Paran\u00e1\",\"description\":\"\",\"publisher\":{\"@id\":\"https:\\\/\\\/www.mpc.pr.gov.br\\\/#organization\"},\"potentialAction\":[{\"@type\":\"SearchAction\",\"target\":{\"@type\":\"EntryPoint\",\"urlTemplate\":\"https:\\\/\\\/www.mpc.pr.gov.br\\\/?s={search_term_string}\"},\"query-input\":{\"@type\":\"PropertyValueSpecification\",\"valueRequired\":true,\"valueName\":\"search_term_string\"}}],\"inLanguage\":\"pt-BR\"},{\"@type\":\"Organization\",\"@id\":\"https:\\\/\\\/www.mpc.pr.gov.br\\\/#organization\",\"name\":\"Minist\u00e9rio P\u00fablico de Contas do Estado do Paran\u00e1\",\"url\":\"https:\\\/\\\/www.mpc.pr.gov.br\\\/\",\"logo\":{\"@type\":\"ImageObject\",\"inLanguage\":\"pt-BR\",\"@id\":\"https:\\\/\\\/www.mpc.pr.gov.br\\\/#\\\/schema\\\/logo\\\/image\\\/\",\"url\":\"https:\\\/\\\/www.mpc.pr.gov.br\\\/wp-content\\\/uploads\\\/2020\\\/06\\\/99423647_1593460364143890_6706793420720963584_n-1-e1591387983167.png\",\"contentUrl\":\"https:\\\/\\\/www.mpc.pr.gov.br\\\/wp-content\\\/uploads\\\/2020\\\/06\\\/99423647_1593460364143890_6706793420720963584_n-1-e1591387983167.png\",\"width\":243,\"height\":73,\"caption\":\"Minist\u00e9rio P\u00fablico de Contas do Estado do Paran\u00e1\"},\"image\":{\"@id\":\"https:\\\/\\\/www.mpc.pr.gov.br\\\/#\\\/schema\\\/logo\\\/image\\\/\"},\"sameAs\":[\"https:\\\/\\\/www.facebook.com\\\/mpc.pr\",\"https:\\\/\\\/www.instagram.com\\\/mpc.pr\\\/?hl=pt-br\",\"https:\\\/\\\/www.youtube.com\\\/channel\\\/UCHri5oEM8DV0ztX57E0sBSw\"]},{\"@type\":\"Person\",\"@id\":\"https:\\\/\\\/www.mpc.pr.gov.br\\\/#\\\/schema\\\/person\\\/d0c5cf9ebb4d8be833c419f3538cf751\",\"name\":\"giovanna.faria\",\"image\":{\"@type\":\"ImageObject\",\"inLanguage\":\"pt-BR\",\"@id\":\"https:\\\/\\\/secure.gravatar.com\\\/avatar\\\/?s=96&d=mm&r=g\",\"url\":\"https:\\\/\\\/secure.gravatar.com\\\/avatar\\\/?s=96&d=mm&r=g\",\"contentUrl\":\"https:\\\/\\\/secure.gravatar.com\\\/avatar\\\/?s=96&d=mm&r=g\",\"caption\":\"giovanna.faria\"}}]}<\/script>\n<!-- \/ Yoast SEO plugin. -->","yoast_head_json":{"title":"MP de Contas participa do V Encontro Nacional da Rede de Controle da Gest\u00e3o P\u00fablica - Minist\u00e9rio P\u00fablico de Contas do Estado do Paran\u00e1","robots":{"index":"index","follow":"follow","max-snippet":"max-snippet:-1","max-image-preview":"max-image-preview:large","max-video-preview":"max-video-preview:-1"},"canonical":"https:\/\/www.mpc.pr.gov.br\/index.php\/mp-de-contas-participa-do-v-encontro-nacional-da-rede-de-controle-da-gestao-publica\/","og_locale":"pt_BR","og_type":"article","og_title":"MP de Contas participa do V Encontro Nacional da Rede de Controle da Gest\u00e3o P\u00fablica - Minist\u00e9rio P\u00fablico de Contas do Estado do Paran\u00e1","og_description":"Entre os dias 19 e 20 de setembro, o Tribunal de Contas do Estado da Bahia (TCE-BA) sediar\u00e1 o V Encontro Nacional da Rede de Controle da Gest\u00e3o P\u00fablica \u2013 Edi\u00e7\u00e3o Bahia 2019, que ser\u00e1 realizado no Espa\u00e7o M\u00e1rio Cravo, 3\u00b0 andar, da Casa do Com\u00e9rcio. A abertura do evento ser\u00e1 feita pelo presidente do [&hellip;]","og_url":"https:\/\/www.mpc.pr.gov.br\/index.php\/mp-de-contas-participa-do-v-encontro-nacional-da-rede-de-controle-da-gestao-publica\/","og_site_name":"Minist\u00e9rio P\u00fablico de Contas do Estado do Paran\u00e1","article_publisher":"https:\/\/www.facebook.com\/mpc.pr","article_published_time":"2019-09-18T17:43:23+00:00","author":"giovanna.faria","twitter_card":"summary_large_image","twitter_misc":{"Escrito por":"giovanna.faria","Est. tempo de leitura":"2 minutos"},"schema":{"@context":"https:\/\/schema.org","@graph":[{"@type":"Article","@id":"https:\/\/www.mpc.pr.gov.br\/index.php\/mp-de-contas-participa-do-v-encontro-nacional-da-rede-de-controle-da-gestao-publica\/#article","isPartOf":{"@id":"https:\/\/www.mpc.pr.gov.br\/index.php\/mp-de-contas-participa-do-v-encontro-nacional-da-rede-de-controle-da-gestao-publica\/"},"author":{"name":"giovanna.faria","@id":"https:\/\/www.mpc.pr.gov.br\/#\/schema\/person\/d0c5cf9ebb4d8be833c419f3538cf751"},"headline":"MP de Contas participa do V Encontro Nacional da Rede de Controle da Gest\u00e3o P\u00fablica","datePublished":"2019-09-18T17:43:23+00:00","mainEntityOfPage":{"@id":"https:\/\/www.mpc.pr.gov.br\/index.php\/mp-de-contas-participa-do-v-encontro-nacional-da-rede-de-controle-da-gestao-publica\/"},"wordCount":437,"commentCount":0,"publisher":{"@id":"https:\/\/www.mpc.pr.gov.br\/#organization"},"image":{"@id":"https:\/\/www.mpc.pr.gov.br\/index.php\/mp-de-contas-participa-do-v-encontro-nacional-da-rede-de-controle-da-gestao-publica\/#primaryimage"},"thumbnailUrl":"","articleSection":["Todas as not\u00edcias","\u00daltimas not\u00edcias"],"inLanguage":"pt-BR","potentialAction":[{"@type":"CommentAction","name":"Comment","target":["https:\/\/www.mpc.pr.gov.br\/index.php\/mp-de-contas-participa-do-v-encontro-nacional-da-rede-de-controle-da-gestao-publica\/#respond"]}]},{"@type":"WebPage","@id":"https:\/\/www.mpc.pr.gov.br\/index.php\/mp-de-contas-participa-do-v-encontro-nacional-da-rede-de-controle-da-gestao-publica\/","url":"https:\/\/www.mpc.pr.gov.br\/index.php\/mp-de-contas-participa-do-v-encontro-nacional-da-rede-de-controle-da-gestao-publica\/","name":"MP de Contas participa do V Encontro Nacional da Rede de Controle da Gest\u00e3o P\u00fablica - Minist\u00e9rio P\u00fablico de Contas do Estado do Paran\u00e1","isPartOf":{"@id":"https:\/\/www.mpc.pr.gov.br\/#website"},"primaryImageOfPage":{"@id":"https:\/\/www.mpc.pr.gov.br\/index.php\/mp-de-contas-participa-do-v-encontro-nacional-da-rede-de-controle-da-gestao-publica\/#primaryimage"},"image":{"@id":"https:\/\/www.mpc.pr.gov.br\/index.php\/mp-de-contas-participa-do-v-encontro-nacional-da-rede-de-controle-da-gestao-publica\/#primaryimage"},"thumbnailUrl":"","datePublished":"2019-09-18T17:43:23+00:00","breadcrumb":{"@id":"https:\/\/www.mpc.pr.gov.br\/index.php\/mp-de-contas-participa-do-v-encontro-nacional-da-rede-de-controle-da-gestao-publica\/#breadcrumb"},"inLanguage":"pt-BR","potentialAction":[{"@type":"ReadAction","target":["https:\/\/www.mpc.pr.gov.br\/index.php\/mp-de-contas-participa-do-v-encontro-nacional-da-rede-de-controle-da-gestao-publica\/"]}]},{"@type":"ImageObject","inLanguage":"pt-BR","@id":"https:\/\/www.mpc.pr.gov.br\/index.php\/mp-de-contas-participa-do-v-encontro-nacional-da-rede-de-controle-da-gestao-publica\/#primaryimage","url":"","contentUrl":""},{"@type":"BreadcrumbList","@id":"https:\/\/www.mpc.pr.gov.br\/index.php\/mp-de-contas-participa-do-v-encontro-nacional-da-rede-de-controle-da-gestao-publica\/#breadcrumb","itemListElement":[{"@type":"ListItem","position":1,"name":"In\u00edcio","item":"https:\/\/www.mpc.pr.gov.br\/"},{"@type":"ListItem","position":2,"name":"MP de Contas participa do V Encontro Nacional da Rede de Controle da Gest\u00e3o P\u00fablica"}]},{"@type":"WebSite","@id":"https:\/\/www.mpc.pr.gov.br\/#website","url":"https:\/\/www.mpc.pr.gov.br\/","name":"Minist\u00e9rio P\u00fablico de Contas do Estado do Paran\u00e1","description":"","publisher":{"@id":"https:\/\/www.mpc.pr.gov.br\/#organization"},"potentialAction":[{"@type":"SearchAction","target":{"@type":"EntryPoint","urlTemplate":"https:\/\/www.mpc.pr.gov.br\/?s={search_term_string}"},"query-input":{"@type":"PropertyValueSpecification","valueRequired":true,"valueName":"search_term_string"}}],"inLanguage":"pt-BR"},{"@type":"Organization","@id":"https:\/\/www.mpc.pr.gov.br\/#organization","name":"Minist\u00e9rio P\u00fablico de Contas do Estado do Paran\u00e1","url":"https:\/\/www.mpc.pr.gov.br\/","logo":{"@type":"ImageObject","inLanguage":"pt-BR","@id":"https:\/\/www.mpc.pr.gov.br\/#\/schema\/logo\/image\/","url":"https:\/\/www.mpc.pr.gov.br\/wp-content\/uploads\/2020\/06\/99423647_1593460364143890_6706793420720963584_n-1-e1591387983167.png","contentUrl":"https:\/\/www.mpc.pr.gov.br\/wp-content\/uploads\/2020\/06\/99423647_1593460364143890_6706793420720963584_n-1-e1591387983167.png","width":243,"height":73,"caption":"Minist\u00e9rio P\u00fablico de Contas do Estado do Paran\u00e1"},"image":{"@id":"https:\/\/www.mpc.pr.gov.br\/#\/schema\/logo\/image\/"},"sameAs":["https:\/\/www.facebook.com\/mpc.pr","https:\/\/www.instagram.com\/mpc.pr\/?hl=pt-br","https:\/\/www.youtube.com\/channel\/UCHri5oEM8DV0ztX57E0sBSw"]},{"@type":"Person","@id":"https:\/\/www.mpc.pr.gov.br\/#\/schema\/person\/d0c5cf9ebb4d8be833c419f3538cf751","name":"giovanna.faria","image":{"@type":"ImageObject","inLanguage":"pt-BR","@id":"https:\/\/secure.gravatar.com\/avatar\/?s=96&d=mm&r=g","url":"https:\/\/secure.gravatar.com\/avatar\/?s=96&d=mm&r=g","contentUrl":"https:\/\/secure.gravatar.com\/avatar\/?s=96&d=mm&r=g","caption":"giovanna.faria"}}]}},"rttpg_featured_image_url":null,"rttpg_author":{"display_name":"giovanna.faria","author_link":"https:\/\/www.mpc.pr.gov.br\/index.php\/author\/giovanna-faria\/"},"rttpg_comment":0,"rttpg_category":"<a href=\"https:\/\/www.mpc.pr.gov.br\/index.php\/category\/todas-as-noticias\/\" rel=\"category tag\">Todas as not\u00edcias<\/a> <a href=\"https:\/\/www.mpc.pr.gov.br\/index.php\/category\/ultimas-noticias\/\" rel=\"category tag\">\u00daltimas not\u00edcias<\/a>","rttpg_excerpt":"Entre os dias 19 e 20 de setembro, o Tribunal de Contas do Estado da Bahia (TCE-BA) sediar\u00e1 o V Encontro Nacional da Rede de Controle da Gest\u00e3o P\u00fablica \u2013 Edi\u00e7\u00e3o Bahia 2019, que ser\u00e1 realizado no Espa\u00e7o M\u00e1rio Cravo, 3\u00b0 andar, da Casa do Com\u00e9rcio. A abertura do evento ser\u00e1 feita pelo presidente do&hellip;","_links":{"self":[{"href":"https:\/\/www.mpc.pr.gov.br\/index.php\/wp-json\/wp\/v2\/posts\/7720","targetHints":{"allow":["GET"]}}],"collection":[{"href":"https:\/\/www.mpc.pr.gov.br\/index.php\/wp-json\/wp\/v2\/posts"}],"about":[{"href":"https:\/\/www.mpc.pr.gov.br\/index.php\/wp-json\/wp\/v2\/types\/post"}],"author":[{"embeddable":true,"href":"https:\/\/www.mpc.pr.gov.br\/index.php\/wp-json\/wp\/v2\/users\/5"}],"replies":[{"embeddable":true,"href":"https:\/\/www.mpc.pr.gov.br\/index.php\/wp-json\/wp\/v2\/comments?post=7720"}],"version-history":[{"count":0,"href":"https:\/\/www.mpc.pr.gov.br\/index.php\/wp-json\/wp\/v2\/posts\/7720\/revisions"}],"wp:featuredmedia":[{"embeddable":true,"href":"https:\/\/www.mpc.pr.gov.br\/index.php\/wp-json\/"}],"wp:attachment":[{"href":"https:\/\/www.mpc.pr.gov.br\/index.php\/wp-json\/wp\/v2\/media?parent=7720"}],"wp:term":[{"taxonomy":"category","embeddable":true,"href":"https:\/\/www.mpc.pr.gov.br\/index.php\/wp-json\/wp\/v2\/categories?post=7720"},{"taxonomy":"post_tag","embeddable":true,"href":"https:\/\/www.mpc.pr.gov.br\/index.php\/wp-json\/wp\/v2\/tags?post=7720"}],"curies":[{"name":"wp","href":"https:\/\/api.w.org\/{rel}","templated":true}]}}