{"id":7726,"date":"2019-09-19T09:30:51","date_gmt":"2019-09-19T12:30:51","guid":{"rendered":"http:\/\/www.mpc.pr.gov.br\/?p=7726"},"modified":"2019-09-19T09:30:51","modified_gmt":"2019-09-19T12:30:51","slug":"rolandia-deve-adotar-medidas-em-futuras-licitacoes-para-comprar-medicamentos","status":"publish","type":"post","link":"https:\/\/www.mpc.pr.gov.br\/index.php\/rolandia-deve-adotar-medidas-em-futuras-licitacoes-para-comprar-medicamentos\/","title":{"rendered":"Rol\u00e2ndia deve adotar medidas em futuras licita\u00e7\u00f5es para comprar medicamentos"},"content":{"rendered":"<figure id=\"attachment_7572\" aria-describedby=\"caption-attachment-7572\" style=\"width: 300px\" class=\"wp-caption alignleft\"><img fetchpriority=\"high\" decoding=\"async\" class=\"size-medium wp-image-7572\" src=\"http:\/\/www.mpc.pr.gov.br\/wp-content\/uploads\/2019\/08\/Medicamentos.-oferecer-servi\u00e7os-de-sa\u00fade-\u00e0-popula\u00e7\u00e3o-\u00e9-uma-das-atribui\u00e7\u00f5es-do-poder-p\u00fablico.-foto.-divulga\u00e7\u00e3o-300x235.jpg\" alt=\"\" width=\"300\" height=\"235\" \/><figcaption id=\"caption-attachment-7572\" class=\"wp-caption-text\">Oferecer servi\u00e7os de sa\u00fade \u00e0 popula\u00e7\u00e3o \u00e9 uma das atribui\u00e7\u00f5es do poder p\u00fablico. Foto: Divulga\u00e7\u00e3o.<\/figcaption><\/figure>\n<p>O Tribunal de Contas do Estado do Paran\u00e1 (TCE-PR) ordenou que o Munic\u00edpio de Rol\u00e2ndia (Regi\u00e3o Metropolitana de Londrina, no Norte do Estado) adote uma s\u00e9rie de medidas em suas futuras licita\u00e7\u00f5es destinadas \u00e0 compra de medicamentos. As determina\u00e7\u00f5es foram feitas pela corte ao julgar parcialmente procedente Representa\u00e7\u00e3o da Lei n\u00ba 8.666\/1993 (Lei de Licita\u00e7\u00f5es e Contratos) interposta pelo Minist\u00e9rio P\u00fablico de Contas (MPC-PR) a respeito do Preg\u00e3o n\u00ba 48\/2017, que teve como objetivo o registro de pre\u00e7os para a aquisi\u00e7\u00e3o de medicamentos pelo valor m\u00e1ximo de R$ 200 mil.<\/p>\n<p>O andamento da licita\u00e7\u00e3o j\u00e1 havia sido suspenso no ano passado em cautelar proferida pelo TCE-PR, ao atender pedido formulado pelo MPC-PR, que apontou para a exist\u00eancia de poss\u00edveis irregularidades na disputa. A medida foi homologada pelo Ac\u00f3rd\u00e3o n\u00ba 1930\/18 &#8211; Tribunal Pleno.<\/p>\n<p>Com a decis\u00e3o, o munic\u00edpio deve come\u00e7ar a realizar levantamentos sobre a realidade do fornecimento de medicamentos pleiteados judicialmente, de modo a identificar padr\u00f5es nas demandas e possibilitar a elabora\u00e7\u00e3o de um planejamento m\u00ednimo. Tamb\u00e9m ser\u00e1 necess\u00e1ria a apresenta\u00e7\u00e3o de motiva\u00e7\u00e3o robusta para justificar a escolha excepcional pela contrata\u00e7\u00e3o por pre\u00e7o global ou lotes, demonstrando a inviabilidade t\u00e9cnica ou econ\u00f4mica daquela feita por itens individuais &#8211; a qual deve ser realizada preferencialmente.<\/p>\n<p>A prefeitura deve ainda se abster de utilizar, como crit\u00e9rio de julgamento, tabelas de acesso restrito ao p\u00fablico, al\u00e9m de disponibilizar, em seu portal da transpar\u00eancia, a \u00edntegra dos pr\u00f3ximos procedimentos licitat\u00f3rios realizados e dos futuros contratos celebrados pelo munic\u00edpio. Por fim, o TCE-PR ressalvou a aus\u00eancia de apresenta\u00e7\u00e3o, pela administra\u00e7\u00e3o, de justificativa adequada para optar pela contrata\u00e7\u00e3o por pre\u00e7o global no Preg\u00e3o n\u00ba 48\/2017, bem como o uso exclusivo da tabela Inditec para subsidiar a forma\u00e7\u00e3o dos pre\u00e7os referenciais adotados na mesma disputa. A Inditec \u00e9 uma empresa especializada na disponibiliza\u00e7\u00e3o de pre\u00e7os de medicamentos para farm\u00e1cias e distribuidoras.<\/p>\n<p><strong>Representa\u00e7\u00e3o<\/strong><\/p>\n<p>De acordo com o MPC-PR, o uso exclusivo da rela\u00e7\u00e3o de medicamentos exposta na referida tabela comprometeu a competitividade da licita\u00e7\u00e3o, pois afastou a participa\u00e7\u00e3o de laborat\u00f3rios, fabricantes e distribuidoras especializadas em um ou mais produtos espec\u00edficos, algo que possibilitaria uma busca mais precisa da proposta que melhor atendesse ao interesse da administra\u00e7\u00e3o p\u00fablica. O \u00f3rg\u00e3o ministerial ainda criticou o fato de a tabela somente poder ser acessada por meio da assinatura da revista eletr\u00f4nica da empresa, opinando que isso teria se constitu\u00eddo em fator de restri\u00e7\u00e3o \u00e0 ampla concorr\u00eancia no certame.<\/p>\n<p>A Representa\u00e7\u00e3o apontou ainda para a falta de mensura\u00e7\u00e3o da quantidade necess\u00e1ria de rem\u00e9dios a serem adquiridos pela prefeitura, o que comprometeu o planejamento do procedimento licitat\u00f3rio. Mais um aspecto da disputa que teria prejudicado sua competitividade, na opini\u00e3o do MPC-PR, foi o uso injustificado do crit\u00e9rio de julgamento pelo menor pre\u00e7o por lote, em virtude de tal pr\u00e1tica ter afastado poss\u00edveis interessados que distribuam apenas um ou alguns dos produtos licitados. Outros princ\u00edpios da administra\u00e7\u00e3o p\u00fablica possivelmente feridos pela forma como o certame foi realizado, segundo os procuradores, foram os da isonomia, publicidade, transpar\u00eancia e economicidade.<\/p>\n<p><strong>Decis\u00e3o<\/strong><\/p>\n<p>Os demais membros do Tribunal Pleno do TCE-PR acompanharam, por unanimidade, o voto do relator, conselheiro Artag\u00e3o de Mattos Le\u00e3o, na sess\u00e3o do dia 21 de agosto. Cabe recurso contra a decis\u00e3o contida no Ac\u00f3rd\u00e3o n\u00ba 2375\/19 &#8211; Tribunal Pleno, veiculado em 4 de setembro, na\u00a0<a href=\"http:\/\/www1.tce.pr.gov.br\/conteudo\/diario-eletronico-2136-2019-de-04-09-2019\/323978\/area\/10\">edi\u00e7\u00e3o n\u00ba 2.136 do\u00a0<em>Di\u00e1rio Eletr\u00f4nico\u00a0<\/em>do TCE-PR (DETC)<\/a>.<\/p>\n<p><strong><u>Servi\u00e7o<\/u><\/strong><\/p>\n<table border=\"0\" width=\"629\" cellspacing=\"0\" cellpadding=\"0\">\n<tbody>\n<tr>\n<td><strong>Processo<\/strong>\u00a0<strong>n\u00ba<\/strong>:<\/td>\n<td>479804\/18<\/td>\n<\/tr>\n<tr>\n<td><strong>Ac\u00f3rd\u00e3o n\u00ba:<\/strong><\/td>\n<td>2375\/19 &#8211; Tribunal Pleno<\/td>\n<\/tr>\n<tr>\n<td><strong>Assunto<\/strong>:<\/td>\n<td>Representa\u00e7\u00e3o da Lei n\u00ba 8.666\/1993<\/td>\n<\/tr>\n<tr>\n<td><strong>Entidade<\/strong>:<\/td>\n<td>Munic\u00edpio de Rol\u00e2ndia<\/td>\n<\/tr>\n<tr>\n<td><strong>Interessados<\/strong>:<\/td>\n<td>Gizele Cristine Doreto, Lucas Fernando da Silva, Luiz Francisconi Neto, Minist\u00e9rio P\u00fablico de Contas do Estado do Paran\u00e1 e Rosana Alves da Silva<\/td>\n<\/tr>\n<tr>\n<td><strong>Relator<\/strong>:<\/td>\n<td>Conselheiro Artag\u00e3o de Mattos Le\u00e3o<\/td>\n<\/tr>\n<\/tbody>\n<\/table>\n<div id=\"post-7667\" class=\"post\">\n<div id=\"mycontent2\">\n<div id=\"post-7612\" class=\"post\">\n<div id=\"mycontent2\">\n<div id=\"post-7417\" class=\"post\">\n<div id=\"mycontent2\">\n<div id=\"post-7347\" class=\"post\">\n<div id=\"mycontent2\">\n<div id=\"post-7289\" class=\"post\">\n<div id=\"mycontent2\">\n<div id=\"post-7252\" class=\"post\">\n<div id=\"mycontent2\">\n<div id=\"post-7172\" class=\"post\">\n<div id=\"mycontent2\">\n<div id=\"post-7161\" class=\"post\">\n<div id=\"mycontent2\">\n<div id=\"post-7156\" class=\"post\">\n<div id=\"mycontent2\">\n<div id=\"post-7041\" class=\"post\">\n<div id=\"mycontent2\">\n<div id=\"post-6894\" class=\"post\">\n<div id=\"mycontent2\">\n<div id=\"post-6637\" class=\"post\">\n<div id=\"mycontent2\">\n<div id=\"post-6630\" class=\"post\">\n<div id=\"mycontent2\">\n<div id=\"post-6623\" class=\"post\">\n<div id=\"mycontent2\">\n<p><strong><em><cite><span id=\"cphMasterPortal_lblInicioAutor\">Fonte:\u00a0<\/span><span id=\"cphMasterPortal_lblAutor\">Diretoria de Comunica\u00e7\u00e3o Social \u2013\u00a0<\/span><\/cite><span id=\"cphMasterPortal_lblFonte\">TCE\/PR.<\/span><\/em><\/strong><\/p>\n<\/div>\n<\/div>\n<\/div>\n<\/div>\n<\/div>\n<\/div>\n<\/div>\n<\/div>\n<\/div>\n<\/div>\n<\/div>\n<\/div>\n<\/div>\n<\/div>\n<\/div>\n<\/div>\n<\/div>\n<\/div>\n<\/div>\n<\/div>\n<\/div>\n<\/div>\n<\/div>\n<\/div>\n<\/div>\n<\/div>\n<\/div>\n<\/div>\n","protected":false},"excerpt":{"rendered":"<p>O Tribunal de Contas do Estado do Paran\u00e1 (TCE-PR) ordenou que o Munic\u00edpio de Rol\u00e2ndia (Regi\u00e3o Metropolitana de Londrina, no Norte do Estado) adote uma s\u00e9rie de medidas em suas futuras licita\u00e7\u00f5es destinadas \u00e0 compra de medicamentos. As determina\u00e7\u00f5es foram feitas pela corte ao julgar parcialmente procedente Representa\u00e7\u00e3o da Lei n\u00ba 8.666\/1993 (Lei de Licita\u00e7\u00f5es [&hellip;]<\/p>\n","protected":false},"author":5,"featured_media":7572,"comment_status":"open","ping_status":"open","sticky":false,"template":"","format":"standard","meta":{"_monsterinsights_skip_tracking":false,"_monsterinsights_sitenote_active":false,"_monsterinsights_sitenote_note":"","_monsterinsights_sitenote_category":0,"footnotes":""},"categories":[15,7],"tags":[],"class_list":["post-7726","post","type-post","status-publish","format-standard","has-post-thumbnail","hentry","category-noticias-de-interesse","category-todas-as-noticias","entry","has-media"],"yoast_head":"<!-- This site is optimized with the Yoast SEO plugin v27.3 - https:\/\/yoast.com\/product\/yoast-seo-wordpress\/ -->\n<title>Rol\u00e2ndia deve adotar medidas em futuras licita\u00e7\u00f5es para comprar medicamentos - Minist\u00e9rio P\u00fablico de Contas do Estado do Paran\u00e1<\/title>\n<meta name=\"robots\" content=\"index, follow, max-snippet:-1, max-image-preview:large, max-video-preview:-1\" \/>\n<link rel=\"canonical\" href=\"https:\/\/www.mpc.pr.gov.br\/index.php\/rolandia-deve-adotar-medidas-em-futuras-licitacoes-para-comprar-medicamentos\/\" \/>\n<meta property=\"og:locale\" content=\"pt_BR\" \/>\n<meta property=\"og:type\" content=\"article\" \/>\n<meta property=\"og:title\" content=\"Rol\u00e2ndia deve adotar medidas em futuras licita\u00e7\u00f5es para comprar medicamentos - Minist\u00e9rio P\u00fablico de Contas do Estado do Paran\u00e1\" \/>\n<meta property=\"og:description\" content=\"O Tribunal de Contas do Estado do Paran\u00e1 (TCE-PR) ordenou que o Munic\u00edpio de Rol\u00e2ndia (Regi\u00e3o Metropolitana de Londrina, no Norte do Estado) adote uma s\u00e9rie de medidas em suas futuras licita\u00e7\u00f5es destinadas \u00e0 compra de medicamentos. As determina\u00e7\u00f5es foram feitas pela corte ao julgar parcialmente procedente Representa\u00e7\u00e3o da Lei n\u00ba 8.666\/1993 (Lei de Licita\u00e7\u00f5es [&hellip;]\" \/>\n<meta property=\"og:url\" content=\"https:\/\/www.mpc.pr.gov.br\/index.php\/rolandia-deve-adotar-medidas-em-futuras-licitacoes-para-comprar-medicamentos\/\" \/>\n<meta property=\"og:site_name\" content=\"Minist\u00e9rio P\u00fablico de Contas do Estado do Paran\u00e1\" \/>\n<meta property=\"article:publisher\" content=\"https:\/\/www.facebook.com\/mpc.pr\" \/>\n<meta property=\"article:published_time\" content=\"2019-09-19T12:30:51+00:00\" \/>\n<meta name=\"author\" content=\"giovanna.faria\" \/>\n<meta name=\"twitter:card\" content=\"summary_large_image\" \/>\n<meta name=\"twitter:label1\" content=\"Escrito por\" \/>\n\t<meta name=\"twitter:data1\" content=\"giovanna.faria\" \/>\n\t<meta name=\"twitter:label2\" content=\"Est. tempo de leitura\" \/>\n\t<meta name=\"twitter:data2\" content=\"4 minutos\" \/>\n<script type=\"application\/ld+json\" class=\"yoast-schema-graph\">{\"@context\":\"https:\\\/\\\/schema.org\",\"@graph\":[{\"@type\":\"Article\",\"@id\":\"https:\\\/\\\/www.mpc.pr.gov.br\\\/index.php\\\/rolandia-deve-adotar-medidas-em-futuras-licitacoes-para-comprar-medicamentos\\\/#article\",\"isPartOf\":{\"@id\":\"https:\\\/\\\/www.mpc.pr.gov.br\\\/index.php\\\/rolandia-deve-adotar-medidas-em-futuras-licitacoes-para-comprar-medicamentos\\\/\"},\"author\":{\"name\":\"giovanna.faria\",\"@id\":\"https:\\\/\\\/www.mpc.pr.gov.br\\\/#\\\/schema\\\/person\\\/d0c5cf9ebb4d8be833c419f3538cf751\"},\"headline\":\"Rol\u00e2ndia deve adotar medidas em futuras licita\u00e7\u00f5es para comprar medicamentos\",\"datePublished\":\"2019-09-19T12:30:51+00:00\",\"mainEntityOfPage\":{\"@id\":\"https:\\\/\\\/www.mpc.pr.gov.br\\\/index.php\\\/rolandia-deve-adotar-medidas-em-futuras-licitacoes-para-comprar-medicamentos\\\/\"},\"wordCount\":730,\"commentCount\":0,\"publisher\":{\"@id\":\"https:\\\/\\\/www.mpc.pr.gov.br\\\/#organization\"},\"image\":{\"@id\":\"https:\\\/\\\/www.mpc.pr.gov.br\\\/index.php\\\/rolandia-deve-adotar-medidas-em-futuras-licitacoes-para-comprar-medicamentos\\\/#primaryimage\"},\"thumbnailUrl\":\"\",\"articleSection\":[\"Not\u00edcias de Interesse\",\"Todas as not\u00edcias\"],\"inLanguage\":\"pt-BR\",\"potentialAction\":[{\"@type\":\"CommentAction\",\"name\":\"Comment\",\"target\":[\"https:\\\/\\\/www.mpc.pr.gov.br\\\/index.php\\\/rolandia-deve-adotar-medidas-em-futuras-licitacoes-para-comprar-medicamentos\\\/#respond\"]}]},{\"@type\":\"WebPage\",\"@id\":\"https:\\\/\\\/www.mpc.pr.gov.br\\\/index.php\\\/rolandia-deve-adotar-medidas-em-futuras-licitacoes-para-comprar-medicamentos\\\/\",\"url\":\"https:\\\/\\\/www.mpc.pr.gov.br\\\/index.php\\\/rolandia-deve-adotar-medidas-em-futuras-licitacoes-para-comprar-medicamentos\\\/\",\"name\":\"Rol\u00e2ndia deve adotar medidas em futuras licita\u00e7\u00f5es para comprar medicamentos - Minist\u00e9rio P\u00fablico de Contas do Estado do Paran\u00e1\",\"isPartOf\":{\"@id\":\"https:\\\/\\\/www.mpc.pr.gov.br\\\/#website\"},\"primaryImageOfPage\":{\"@id\":\"https:\\\/\\\/www.mpc.pr.gov.br\\\/index.php\\\/rolandia-deve-adotar-medidas-em-futuras-licitacoes-para-comprar-medicamentos\\\/#primaryimage\"},\"image\":{\"@id\":\"https:\\\/\\\/www.mpc.pr.gov.br\\\/index.php\\\/rolandia-deve-adotar-medidas-em-futuras-licitacoes-para-comprar-medicamentos\\\/#primaryimage\"},\"thumbnailUrl\":\"\",\"datePublished\":\"2019-09-19T12:30:51+00:00\",\"breadcrumb\":{\"@id\":\"https:\\\/\\\/www.mpc.pr.gov.br\\\/index.php\\\/rolandia-deve-adotar-medidas-em-futuras-licitacoes-para-comprar-medicamentos\\\/#breadcrumb\"},\"inLanguage\":\"pt-BR\",\"potentialAction\":[{\"@type\":\"ReadAction\",\"target\":[\"https:\\\/\\\/www.mpc.pr.gov.br\\\/index.php\\\/rolandia-deve-adotar-medidas-em-futuras-licitacoes-para-comprar-medicamentos\\\/\"]}]},{\"@type\":\"ImageObject\",\"inLanguage\":\"pt-BR\",\"@id\":\"https:\\\/\\\/www.mpc.pr.gov.br\\\/index.php\\\/rolandia-deve-adotar-medidas-em-futuras-licitacoes-para-comprar-medicamentos\\\/#primaryimage\",\"url\":\"\",\"contentUrl\":\"\"},{\"@type\":\"BreadcrumbList\",\"@id\":\"https:\\\/\\\/www.mpc.pr.gov.br\\\/index.php\\\/rolandia-deve-adotar-medidas-em-futuras-licitacoes-para-comprar-medicamentos\\\/#breadcrumb\",\"itemListElement\":[{\"@type\":\"ListItem\",\"position\":1,\"name\":\"In\u00edcio\",\"item\":\"https:\\\/\\\/www.mpc.pr.gov.br\\\/\"},{\"@type\":\"ListItem\",\"position\":2,\"name\":\"Rol\u00e2ndia deve adotar medidas em futuras licita\u00e7\u00f5es para comprar medicamentos\"}]},{\"@type\":\"WebSite\",\"@id\":\"https:\\\/\\\/www.mpc.pr.gov.br\\\/#website\",\"url\":\"https:\\\/\\\/www.mpc.pr.gov.br\\\/\",\"name\":\"Minist\u00e9rio P\u00fablico de Contas do Estado do Paran\u00e1\",\"description\":\"\",\"publisher\":{\"@id\":\"https:\\\/\\\/www.mpc.pr.gov.br\\\/#organization\"},\"potentialAction\":[{\"@type\":\"SearchAction\",\"target\":{\"@type\":\"EntryPoint\",\"urlTemplate\":\"https:\\\/\\\/www.mpc.pr.gov.br\\\/?s={search_term_string}\"},\"query-input\":{\"@type\":\"PropertyValueSpecification\",\"valueRequired\":true,\"valueName\":\"search_term_string\"}}],\"inLanguage\":\"pt-BR\"},{\"@type\":\"Organization\",\"@id\":\"https:\\\/\\\/www.mpc.pr.gov.br\\\/#organization\",\"name\":\"Minist\u00e9rio P\u00fablico de Contas do Estado do Paran\u00e1\",\"url\":\"https:\\\/\\\/www.mpc.pr.gov.br\\\/\",\"logo\":{\"@type\":\"ImageObject\",\"inLanguage\":\"pt-BR\",\"@id\":\"https:\\\/\\\/www.mpc.pr.gov.br\\\/#\\\/schema\\\/logo\\\/image\\\/\",\"url\":\"https:\\\/\\\/www.mpc.pr.gov.br\\\/wp-content\\\/uploads\\\/2020\\\/06\\\/99423647_1593460364143890_6706793420720963584_n-1-e1591387983167.png\",\"contentUrl\":\"https:\\\/\\\/www.mpc.pr.gov.br\\\/wp-content\\\/uploads\\\/2020\\\/06\\\/99423647_1593460364143890_6706793420720963584_n-1-e1591387983167.png\",\"width\":243,\"height\":73,\"caption\":\"Minist\u00e9rio P\u00fablico de Contas do Estado do Paran\u00e1\"},\"image\":{\"@id\":\"https:\\\/\\\/www.mpc.pr.gov.br\\\/#\\\/schema\\\/logo\\\/image\\\/\"},\"sameAs\":[\"https:\\\/\\\/www.facebook.com\\\/mpc.pr\",\"https:\\\/\\\/www.instagram.com\\\/mpc.pr\\\/?hl=pt-br\",\"https:\\\/\\\/www.youtube.com\\\/channel\\\/UCHri5oEM8DV0ztX57E0sBSw\"]},{\"@type\":\"Person\",\"@id\":\"https:\\\/\\\/www.mpc.pr.gov.br\\\/#\\\/schema\\\/person\\\/d0c5cf9ebb4d8be833c419f3538cf751\",\"name\":\"giovanna.faria\",\"image\":{\"@type\":\"ImageObject\",\"inLanguage\":\"pt-BR\",\"@id\":\"https:\\\/\\\/secure.gravatar.com\\\/avatar\\\/?s=96&d=mm&r=g\",\"url\":\"https:\\\/\\\/secure.gravatar.com\\\/avatar\\\/?s=96&d=mm&r=g\",\"contentUrl\":\"https:\\\/\\\/secure.gravatar.com\\\/avatar\\\/?s=96&d=mm&r=g\",\"caption\":\"giovanna.faria\"}}]}<\/script>\n<!-- \/ Yoast SEO plugin. -->","yoast_head_json":{"title":"Rol\u00e2ndia deve adotar medidas em futuras licita\u00e7\u00f5es para comprar medicamentos - Minist\u00e9rio P\u00fablico de Contas do Estado do Paran\u00e1","robots":{"index":"index","follow":"follow","max-snippet":"max-snippet:-1","max-image-preview":"max-image-preview:large","max-video-preview":"max-video-preview:-1"},"canonical":"https:\/\/www.mpc.pr.gov.br\/index.php\/rolandia-deve-adotar-medidas-em-futuras-licitacoes-para-comprar-medicamentos\/","og_locale":"pt_BR","og_type":"article","og_title":"Rol\u00e2ndia deve adotar medidas em futuras licita\u00e7\u00f5es para comprar medicamentos - Minist\u00e9rio P\u00fablico de Contas do Estado do Paran\u00e1","og_description":"O Tribunal de Contas do Estado do Paran\u00e1 (TCE-PR) ordenou que o Munic\u00edpio de Rol\u00e2ndia (Regi\u00e3o Metropolitana de Londrina, no Norte do Estado) adote uma s\u00e9rie de medidas em suas futuras licita\u00e7\u00f5es destinadas \u00e0 compra de medicamentos. As determina\u00e7\u00f5es foram feitas pela corte ao julgar parcialmente procedente Representa\u00e7\u00e3o da Lei n\u00ba 8.666\/1993 (Lei de Licita\u00e7\u00f5es [&hellip;]","og_url":"https:\/\/www.mpc.pr.gov.br\/index.php\/rolandia-deve-adotar-medidas-em-futuras-licitacoes-para-comprar-medicamentos\/","og_site_name":"Minist\u00e9rio P\u00fablico de Contas do Estado do Paran\u00e1","article_publisher":"https:\/\/www.facebook.com\/mpc.pr","article_published_time":"2019-09-19T12:30:51+00:00","author":"giovanna.faria","twitter_card":"summary_large_image","twitter_misc":{"Escrito por":"giovanna.faria","Est. tempo de leitura":"4 minutos"},"schema":{"@context":"https:\/\/schema.org","@graph":[{"@type":"Article","@id":"https:\/\/www.mpc.pr.gov.br\/index.php\/rolandia-deve-adotar-medidas-em-futuras-licitacoes-para-comprar-medicamentos\/#article","isPartOf":{"@id":"https:\/\/www.mpc.pr.gov.br\/index.php\/rolandia-deve-adotar-medidas-em-futuras-licitacoes-para-comprar-medicamentos\/"},"author":{"name":"giovanna.faria","@id":"https:\/\/www.mpc.pr.gov.br\/#\/schema\/person\/d0c5cf9ebb4d8be833c419f3538cf751"},"headline":"Rol\u00e2ndia deve adotar medidas em futuras licita\u00e7\u00f5es para comprar medicamentos","datePublished":"2019-09-19T12:30:51+00:00","mainEntityOfPage":{"@id":"https:\/\/www.mpc.pr.gov.br\/index.php\/rolandia-deve-adotar-medidas-em-futuras-licitacoes-para-comprar-medicamentos\/"},"wordCount":730,"commentCount":0,"publisher":{"@id":"https:\/\/www.mpc.pr.gov.br\/#organization"},"image":{"@id":"https:\/\/www.mpc.pr.gov.br\/index.php\/rolandia-deve-adotar-medidas-em-futuras-licitacoes-para-comprar-medicamentos\/#primaryimage"},"thumbnailUrl":"","articleSection":["Not\u00edcias de Interesse","Todas as not\u00edcias"],"inLanguage":"pt-BR","potentialAction":[{"@type":"CommentAction","name":"Comment","target":["https:\/\/www.mpc.pr.gov.br\/index.php\/rolandia-deve-adotar-medidas-em-futuras-licitacoes-para-comprar-medicamentos\/#respond"]}]},{"@type":"WebPage","@id":"https:\/\/www.mpc.pr.gov.br\/index.php\/rolandia-deve-adotar-medidas-em-futuras-licitacoes-para-comprar-medicamentos\/","url":"https:\/\/www.mpc.pr.gov.br\/index.php\/rolandia-deve-adotar-medidas-em-futuras-licitacoes-para-comprar-medicamentos\/","name":"Rol\u00e2ndia deve adotar medidas em futuras licita\u00e7\u00f5es para comprar medicamentos - Minist\u00e9rio P\u00fablico de Contas do Estado do Paran\u00e1","isPartOf":{"@id":"https:\/\/www.mpc.pr.gov.br\/#website"},"primaryImageOfPage":{"@id":"https:\/\/www.mpc.pr.gov.br\/index.php\/rolandia-deve-adotar-medidas-em-futuras-licitacoes-para-comprar-medicamentos\/#primaryimage"},"image":{"@id":"https:\/\/www.mpc.pr.gov.br\/index.php\/rolandia-deve-adotar-medidas-em-futuras-licitacoes-para-comprar-medicamentos\/#primaryimage"},"thumbnailUrl":"","datePublished":"2019-09-19T12:30:51+00:00","breadcrumb":{"@id":"https:\/\/www.mpc.pr.gov.br\/index.php\/rolandia-deve-adotar-medidas-em-futuras-licitacoes-para-comprar-medicamentos\/#breadcrumb"},"inLanguage":"pt-BR","potentialAction":[{"@type":"ReadAction","target":["https:\/\/www.mpc.pr.gov.br\/index.php\/rolandia-deve-adotar-medidas-em-futuras-licitacoes-para-comprar-medicamentos\/"]}]},{"@type":"ImageObject","inLanguage":"pt-BR","@id":"https:\/\/www.mpc.pr.gov.br\/index.php\/rolandia-deve-adotar-medidas-em-futuras-licitacoes-para-comprar-medicamentos\/#primaryimage","url":"","contentUrl":""},{"@type":"BreadcrumbList","@id":"https:\/\/www.mpc.pr.gov.br\/index.php\/rolandia-deve-adotar-medidas-em-futuras-licitacoes-para-comprar-medicamentos\/#breadcrumb","itemListElement":[{"@type":"ListItem","position":1,"name":"In\u00edcio","item":"https:\/\/www.mpc.pr.gov.br\/"},{"@type":"ListItem","position":2,"name":"Rol\u00e2ndia deve adotar medidas em futuras licita\u00e7\u00f5es para comprar medicamentos"}]},{"@type":"WebSite","@id":"https:\/\/www.mpc.pr.gov.br\/#website","url":"https:\/\/www.mpc.pr.gov.br\/","name":"Minist\u00e9rio P\u00fablico de Contas do Estado do Paran\u00e1","description":"","publisher":{"@id":"https:\/\/www.mpc.pr.gov.br\/#organization"},"potentialAction":[{"@type":"SearchAction","target":{"@type":"EntryPoint","urlTemplate":"https:\/\/www.mpc.pr.gov.br\/?s={search_term_string}"},"query-input":{"@type":"PropertyValueSpecification","valueRequired":true,"valueName":"search_term_string"}}],"inLanguage":"pt-BR"},{"@type":"Organization","@id":"https:\/\/www.mpc.pr.gov.br\/#organization","name":"Minist\u00e9rio P\u00fablico de Contas do Estado do Paran\u00e1","url":"https:\/\/www.mpc.pr.gov.br\/","logo":{"@type":"ImageObject","inLanguage":"pt-BR","@id":"https:\/\/www.mpc.pr.gov.br\/#\/schema\/logo\/image\/","url":"https:\/\/www.mpc.pr.gov.br\/wp-content\/uploads\/2020\/06\/99423647_1593460364143890_6706793420720963584_n-1-e1591387983167.png","contentUrl":"https:\/\/www.mpc.pr.gov.br\/wp-content\/uploads\/2020\/06\/99423647_1593460364143890_6706793420720963584_n-1-e1591387983167.png","width":243,"height":73,"caption":"Minist\u00e9rio P\u00fablico de Contas do Estado do Paran\u00e1"},"image":{"@id":"https:\/\/www.mpc.pr.gov.br\/#\/schema\/logo\/image\/"},"sameAs":["https:\/\/www.facebook.com\/mpc.pr","https:\/\/www.instagram.com\/mpc.pr\/?hl=pt-br","https:\/\/www.youtube.com\/channel\/UCHri5oEM8DV0ztX57E0sBSw"]},{"@type":"Person","@id":"https:\/\/www.mpc.pr.gov.br\/#\/schema\/person\/d0c5cf9ebb4d8be833c419f3538cf751","name":"giovanna.faria","image":{"@type":"ImageObject","inLanguage":"pt-BR","@id":"https:\/\/secure.gravatar.com\/avatar\/?s=96&d=mm&r=g","url":"https:\/\/secure.gravatar.com\/avatar\/?s=96&d=mm&r=g","contentUrl":"https:\/\/secure.gravatar.com\/avatar\/?s=96&d=mm&r=g","caption":"giovanna.faria"}}]}},"rttpg_featured_image_url":null,"rttpg_author":{"display_name":"giovanna.faria","author_link":"https:\/\/www.mpc.pr.gov.br\/index.php\/author\/giovanna-faria\/"},"rttpg_comment":0,"rttpg_category":"<a href=\"https:\/\/www.mpc.pr.gov.br\/index.php\/category\/noticias-de-interesse\/\" rel=\"category tag\">Not\u00edcias de Interesse<\/a> <a href=\"https:\/\/www.mpc.pr.gov.br\/index.php\/category\/todas-as-noticias\/\" rel=\"category tag\">Todas as not\u00edcias<\/a>","rttpg_excerpt":"O Tribunal de Contas do Estado do Paran\u00e1 (TCE-PR) ordenou que o Munic\u00edpio de Rol\u00e2ndia (Regi\u00e3o Metropolitana de Londrina, no Norte do Estado) adote uma s\u00e9rie de medidas em suas futuras licita\u00e7\u00f5es destinadas \u00e0 compra de medicamentos. As determina\u00e7\u00f5es foram feitas pela corte ao julgar parcialmente procedente Representa\u00e7\u00e3o da Lei n\u00ba 8.666\/1993 (Lei de Licita\u00e7\u00f5es&hellip;","_links":{"self":[{"href":"https:\/\/www.mpc.pr.gov.br\/index.php\/wp-json\/wp\/v2\/posts\/7726","targetHints":{"allow":["GET"]}}],"collection":[{"href":"https:\/\/www.mpc.pr.gov.br\/index.php\/wp-json\/wp\/v2\/posts"}],"about":[{"href":"https:\/\/www.mpc.pr.gov.br\/index.php\/wp-json\/wp\/v2\/types\/post"}],"author":[{"embeddable":true,"href":"https:\/\/www.mpc.pr.gov.br\/index.php\/wp-json\/wp\/v2\/users\/5"}],"replies":[{"embeddable":true,"href":"https:\/\/www.mpc.pr.gov.br\/index.php\/wp-json\/wp\/v2\/comments?post=7726"}],"version-history":[{"count":0,"href":"https:\/\/www.mpc.pr.gov.br\/index.php\/wp-json\/wp\/v2\/posts\/7726\/revisions"}],"wp:featuredmedia":[{"embeddable":true,"href":"https:\/\/www.mpc.pr.gov.br\/index.php\/wp-json\/"}],"wp:attachment":[{"href":"https:\/\/www.mpc.pr.gov.br\/index.php\/wp-json\/wp\/v2\/media?parent=7726"}],"wp:term":[{"taxonomy":"category","embeddable":true,"href":"https:\/\/www.mpc.pr.gov.br\/index.php\/wp-json\/wp\/v2\/categories?post=7726"},{"taxonomy":"post_tag","embeddable":true,"href":"https:\/\/www.mpc.pr.gov.br\/index.php\/wp-json\/wp\/v2\/tags?post=7726"}],"curies":[{"name":"wp","href":"https:\/\/api.w.org\/{rel}","templated":true}]}}