{"id":7747,"date":"2019-09-23T14:54:26","date_gmt":"2019-09-23T17:54:26","guid":{"rendered":"http:\/\/www.mpc.pr.gov.br\/?p=7747"},"modified":"2019-09-23T14:54:26","modified_gmt":"2019-09-23T17:54:26","slug":"mp-estadual-promove-seminario-gestao-publica-desafios-e-oportunidades-da-administracao","status":"publish","type":"post","link":"https:\/\/www.mpc.pr.gov.br\/index.php\/mp-estadual-promove-seminario-gestao-publica-desafios-e-oportunidades-da-administracao\/","title":{"rendered":"MP Estadual promove Semin\u00e1rio Gest\u00e3o P\u00fablica: Desafios e Oportunidades da Administra\u00e7\u00e3o"},"content":{"rendered":"<p><a href=\"http:\/\/www.mpc.pr.gov.br\/wp-content\/uploads\/2019\/09\/seminario_gestao_publica_pr_2.jpg_0.png\"><img fetchpriority=\"high\" decoding=\"async\" class=\"alignleft wp-image-7749 size-medium\" src=\"http:\/\/www.mpc.pr.gov.br\/wp-content\/uploads\/2019\/09\/seminario_gestao_publica_pr_2.jpg_0-225x300.png\" alt=\"\" width=\"225\" height=\"300\" \/><\/a>Na sexta-feira (27), o MP do Estado do Paran\u00e1 (MPPR) realizar\u00e1 o <strong><em>Semin\u00e1rio de Gest\u00e3o P\u00fablica: Desafios e Oportunidades da Administra\u00e7\u00e3o<\/em><\/strong>. O evento contar\u00e1 com a presen\u00e7a de diversos palestrantes de alta qualifica\u00e7\u00e3o no cen\u00e1rio nacional e tem por objetivo promover a reflex\u00e3o sobre o tema, capacitando os servidores p\u00fablicos a fim de otimizar os recursos p\u00fablicos e os resultados efetivos para a sociedade paranaense<\/p>\n<p>Durante o evento ser\u00e3o realizados pain\u00e9is tem\u00e1ticos, nos quais ser\u00e3o discutidos assuntos relacionados \u00e0s experi\u00eancias, aos desafios e \u00e0s perspectivas da Administra\u00e7\u00e3o P\u00fablica. Ao todo ser\u00e3o cinco pain\u00e9is com os temas Gest\u00e3o de Pessoas, Or\u00e7amento, Gest\u00e3o Fiscal, Previd\u00eancia e Desafios e Oportunidades.<\/p>\n<p>O Semin\u00e1rio \u00e9 promovido pela Secretaria de Estado da Fazenda (SEFA-PR), por meio da Escola Fazend\u00e1ria (EFAZ), em parceria com o MPPR, por meio do Centro de Apoio Operacional das Promotorias de Justi\u00e7a de Defesa da Ordem Tribut\u00e1ria e da Escola Superior, bem como com a Federa\u00e7\u00e3o do Com\u00e9rcio de Bens, Servi\u00e7os e Turismo do Paran\u00e1.<\/p>\n<p>O evento acontecer\u00e1 em Curitiba, na sede da institui\u00e7\u00e3o, e reunir\u00e1 integrantes do Minist\u00e9rio P\u00fablico, al\u00e9m de servidores do Poder Executivo, Legislativo e Judici\u00e1rio, representantes de institui\u00e7\u00f5es p\u00fablicas, representantes das entidades de classe, da iniciativa privada e da sociedade civil organizada. As inscri\u00e7\u00f5es s\u00e3o gratuitas e est\u00e3o abertas at\u00e9 o dia 24 de setembro.<\/p>\n<p>A programa\u00e7\u00e3o completa est\u00e1 dispon\u00edvel <a href=\"http:\/\/www.seminariogestaopublica.pr.gov.br\/\">aqui<\/a>.<\/p>\n<p><strong>Servi\u00e7o<\/strong><\/p>\n<p><strong>Evento: <\/strong>Semin\u00e1rio Gest\u00e3o P\u00fablica: Desafios e Oportunidades da Administra\u00e7\u00e3o<\/p>\n<p><strong>Data: <\/strong>27 de setembro, das 8h30 \u00e0s 12h e das 13h30 \u00e0s 18h<\/p>\n<p><strong>Local: <\/strong>Audit\u00f3rio do Bloco II do Minist\u00e9rio P\u00fablico do Estado do Paran\u00e1 &#8211; MPPR Rua Marechal Hermes, 820, T\u00e9rreo \u2013 Centro C\u00edvico &#8211; Curitiba\/PR<\/p>\n<p><strong>Inscri\u00e7\u00f5es: <\/strong>P\u00fablico externo: <a href=\"https:\/\/apps.mppr.mp.br\/formulario\/ceaf\/index.php\/895961\/lang-pt-BR\">https:\/\/apps.mppr.mp.br\/formulario\/ceaf\/index.php\/895961\/lang-pt-BR<\/a><\/p>\n<p>Integrantes do MPPR: <a href=\"https:\/\/apps.mppr.mp.br\/formulario\/ceaf\/login.php?sid=437784&amp;tr=1\">https:\/\/apps.mppr.mp.br\/formulario\/ceaf\/login.php?sid=437784&amp;tr=1<\/a><\/p>\n<p><strong>Programa\u00e7\u00e3o:\u00a0<\/strong><a href=\"http:\/\/www.seminariogestaopublica.pr.gov.br\/\">http:\/\/www.seminariogestaopublica.pr.gov.br\/<\/a><\/p>\n<p>&nbsp;<\/p>\n<p><em><strong>Fonte: Escola Superior do MPPR.<\/strong><\/em><\/p>\n","protected":false},"excerpt":{"rendered":"<p>Na sexta-feira (27), o MP do Estado do Paran\u00e1 (MPPR) realizar\u00e1 o Semin\u00e1rio de Gest\u00e3o P\u00fablica: Desafios e Oportunidades da Administra\u00e7\u00e3o. O evento contar\u00e1 com a presen\u00e7a de diversos palestrantes de alta qualifica\u00e7\u00e3o no cen\u00e1rio nacional e tem por objetivo promover a reflex\u00e3o sobre o tema, capacitando os servidores p\u00fablicos a fim de otimizar os [&hellip;]<\/p>\n","protected":false},"author":5,"featured_media":7748,"comment_status":"open","ping_status":"open","sticky":false,"template":"","format":"standard","meta":{"_monsterinsights_skip_tracking":false,"_monsterinsights_sitenote_active":false,"_monsterinsights_sitenote_note":"","_monsterinsights_sitenote_category":0,"footnotes":""},"categories":[7,14],"tags":[],"class_list":["post-7747","post","type-post","status-publish","format-standard","has-post-thumbnail","hentry","category-todas-as-noticias","category-ultimas-noticias","entry","has-media"],"yoast_head":"<!-- This site is optimized with the Yoast SEO plugin v27.3 - https:\/\/yoast.com\/product\/yoast-seo-wordpress\/ -->\n<title>MP Estadual promove Semin\u00e1rio Gest\u00e3o P\u00fablica: Desafios e Oportunidades da Administra\u00e7\u00e3o - Minist\u00e9rio P\u00fablico de Contas do Estado do Paran\u00e1<\/title>\n<meta name=\"robots\" content=\"index, follow, max-snippet:-1, max-image-preview:large, max-video-preview:-1\" \/>\n<link rel=\"canonical\" href=\"https:\/\/www.mpc.pr.gov.br\/index.php\/mp-estadual-promove-seminario-gestao-publica-desafios-e-oportunidades-da-administracao\/\" \/>\n<meta property=\"og:locale\" content=\"pt_BR\" \/>\n<meta property=\"og:type\" content=\"article\" \/>\n<meta property=\"og:title\" content=\"MP Estadual promove Semin\u00e1rio Gest\u00e3o P\u00fablica: Desafios e Oportunidades da Administra\u00e7\u00e3o - Minist\u00e9rio P\u00fablico de Contas do Estado do Paran\u00e1\" \/>\n<meta property=\"og:description\" content=\"Na sexta-feira (27), o MP do Estado do Paran\u00e1 (MPPR) realizar\u00e1 o Semin\u00e1rio de Gest\u00e3o P\u00fablica: Desafios e Oportunidades da Administra\u00e7\u00e3o. O evento contar\u00e1 com a presen\u00e7a de diversos palestrantes de alta qualifica\u00e7\u00e3o no cen\u00e1rio nacional e tem por objetivo promover a reflex\u00e3o sobre o tema, capacitando os servidores p\u00fablicos a fim de otimizar os [&hellip;]\" \/>\n<meta property=\"og:url\" content=\"https:\/\/www.mpc.pr.gov.br\/index.php\/mp-estadual-promove-seminario-gestao-publica-desafios-e-oportunidades-da-administracao\/\" \/>\n<meta property=\"og:site_name\" content=\"Minist\u00e9rio P\u00fablico de Contas do Estado do Paran\u00e1\" \/>\n<meta property=\"article:publisher\" content=\"https:\/\/www.facebook.com\/mpc.pr\" \/>\n<meta property=\"article:published_time\" content=\"2019-09-23T17:54:26+00:00\" \/>\n<meta name=\"author\" content=\"giovanna.faria\" \/>\n<meta name=\"twitter:card\" content=\"summary_large_image\" \/>\n<meta name=\"twitter:label1\" content=\"Escrito por\" \/>\n\t<meta name=\"twitter:data1\" content=\"giovanna.faria\" \/>\n\t<meta name=\"twitter:label2\" content=\"Est. tempo de leitura\" \/>\n\t<meta name=\"twitter:data2\" content=\"2 minutos\" \/>\n<script type=\"application\/ld+json\" class=\"yoast-schema-graph\">{\"@context\":\"https:\\\/\\\/schema.org\",\"@graph\":[{\"@type\":\"Article\",\"@id\":\"https:\\\/\\\/www.mpc.pr.gov.br\\\/index.php\\\/mp-estadual-promove-seminario-gestao-publica-desafios-e-oportunidades-da-administracao\\\/#article\",\"isPartOf\":{\"@id\":\"https:\\\/\\\/www.mpc.pr.gov.br\\\/index.php\\\/mp-estadual-promove-seminario-gestao-publica-desafios-e-oportunidades-da-administracao\\\/\"},\"author\":{\"name\":\"giovanna.faria\",\"@id\":\"https:\\\/\\\/www.mpc.pr.gov.br\\\/#\\\/schema\\\/person\\\/d0c5cf9ebb4d8be833c419f3538cf751\"},\"headline\":\"MP Estadual promove Semin\u00e1rio Gest\u00e3o P\u00fablica: Desafios e Oportunidades da Administra\u00e7\u00e3o\",\"datePublished\":\"2019-09-23T17:54:26+00:00\",\"mainEntityOfPage\":{\"@id\":\"https:\\\/\\\/www.mpc.pr.gov.br\\\/index.php\\\/mp-estadual-promove-seminario-gestao-publica-desafios-e-oportunidades-da-administracao\\\/\"},\"wordCount\":376,\"commentCount\":0,\"publisher\":{\"@id\":\"https:\\\/\\\/www.mpc.pr.gov.br\\\/#organization\"},\"image\":{\"@id\":\"https:\\\/\\\/www.mpc.pr.gov.br\\\/index.php\\\/mp-estadual-promove-seminario-gestao-publica-desafios-e-oportunidades-da-administracao\\\/#primaryimage\"},\"thumbnailUrl\":\"\",\"articleSection\":[\"Todas as not\u00edcias\",\"\u00daltimas not\u00edcias\"],\"inLanguage\":\"pt-BR\",\"potentialAction\":[{\"@type\":\"CommentAction\",\"name\":\"Comment\",\"target\":[\"https:\\\/\\\/www.mpc.pr.gov.br\\\/index.php\\\/mp-estadual-promove-seminario-gestao-publica-desafios-e-oportunidades-da-administracao\\\/#respond\"]}]},{\"@type\":\"WebPage\",\"@id\":\"https:\\\/\\\/www.mpc.pr.gov.br\\\/index.php\\\/mp-estadual-promove-seminario-gestao-publica-desafios-e-oportunidades-da-administracao\\\/\",\"url\":\"https:\\\/\\\/www.mpc.pr.gov.br\\\/index.php\\\/mp-estadual-promove-seminario-gestao-publica-desafios-e-oportunidades-da-administracao\\\/\",\"name\":\"MP Estadual promove Semin\u00e1rio Gest\u00e3o P\u00fablica: Desafios e Oportunidades da Administra\u00e7\u00e3o - Minist\u00e9rio P\u00fablico de Contas do Estado do Paran\u00e1\",\"isPartOf\":{\"@id\":\"https:\\\/\\\/www.mpc.pr.gov.br\\\/#website\"},\"primaryImageOfPage\":{\"@id\":\"https:\\\/\\\/www.mpc.pr.gov.br\\\/index.php\\\/mp-estadual-promove-seminario-gestao-publica-desafios-e-oportunidades-da-administracao\\\/#primaryimage\"},\"image\":{\"@id\":\"https:\\\/\\\/www.mpc.pr.gov.br\\\/index.php\\\/mp-estadual-promove-seminario-gestao-publica-desafios-e-oportunidades-da-administracao\\\/#primaryimage\"},\"thumbnailUrl\":\"\",\"datePublished\":\"2019-09-23T17:54:26+00:00\",\"breadcrumb\":{\"@id\":\"https:\\\/\\\/www.mpc.pr.gov.br\\\/index.php\\\/mp-estadual-promove-seminario-gestao-publica-desafios-e-oportunidades-da-administracao\\\/#breadcrumb\"},\"inLanguage\":\"pt-BR\",\"potentialAction\":[{\"@type\":\"ReadAction\",\"target\":[\"https:\\\/\\\/www.mpc.pr.gov.br\\\/index.php\\\/mp-estadual-promove-seminario-gestao-publica-desafios-e-oportunidades-da-administracao\\\/\"]}]},{\"@type\":\"ImageObject\",\"inLanguage\":\"pt-BR\",\"@id\":\"https:\\\/\\\/www.mpc.pr.gov.br\\\/index.php\\\/mp-estadual-promove-seminario-gestao-publica-desafios-e-oportunidades-da-administracao\\\/#primaryimage\",\"url\":\"\",\"contentUrl\":\"\"},{\"@type\":\"BreadcrumbList\",\"@id\":\"https:\\\/\\\/www.mpc.pr.gov.br\\\/index.php\\\/mp-estadual-promove-seminario-gestao-publica-desafios-e-oportunidades-da-administracao\\\/#breadcrumb\",\"itemListElement\":[{\"@type\":\"ListItem\",\"position\":1,\"name\":\"In\u00edcio\",\"item\":\"https:\\\/\\\/www.mpc.pr.gov.br\\\/\"},{\"@type\":\"ListItem\",\"position\":2,\"name\":\"MP Estadual promove Semin\u00e1rio Gest\u00e3o P\u00fablica: Desafios e Oportunidades da Administra\u00e7\u00e3o\"}]},{\"@type\":\"WebSite\",\"@id\":\"https:\\\/\\\/www.mpc.pr.gov.br\\\/#website\",\"url\":\"https:\\\/\\\/www.mpc.pr.gov.br\\\/\",\"name\":\"Minist\u00e9rio P\u00fablico de Contas do Estado do Paran\u00e1\",\"description\":\"\",\"publisher\":{\"@id\":\"https:\\\/\\\/www.mpc.pr.gov.br\\\/#organization\"},\"potentialAction\":[{\"@type\":\"SearchAction\",\"target\":{\"@type\":\"EntryPoint\",\"urlTemplate\":\"https:\\\/\\\/www.mpc.pr.gov.br\\\/?s={search_term_string}\"},\"query-input\":{\"@type\":\"PropertyValueSpecification\",\"valueRequired\":true,\"valueName\":\"search_term_string\"}}],\"inLanguage\":\"pt-BR\"},{\"@type\":\"Organization\",\"@id\":\"https:\\\/\\\/www.mpc.pr.gov.br\\\/#organization\",\"name\":\"Minist\u00e9rio P\u00fablico de Contas do Estado do Paran\u00e1\",\"url\":\"https:\\\/\\\/www.mpc.pr.gov.br\\\/\",\"logo\":{\"@type\":\"ImageObject\",\"inLanguage\":\"pt-BR\",\"@id\":\"https:\\\/\\\/www.mpc.pr.gov.br\\\/#\\\/schema\\\/logo\\\/image\\\/\",\"url\":\"https:\\\/\\\/www.mpc.pr.gov.br\\\/wp-content\\\/uploads\\\/2020\\\/06\\\/99423647_1593460364143890_6706793420720963584_n-1-e1591387983167.png\",\"contentUrl\":\"https:\\\/\\\/www.mpc.pr.gov.br\\\/wp-content\\\/uploads\\\/2020\\\/06\\\/99423647_1593460364143890_6706793420720963584_n-1-e1591387983167.png\",\"width\":243,\"height\":73,\"caption\":\"Minist\u00e9rio P\u00fablico de Contas do Estado do Paran\u00e1\"},\"image\":{\"@id\":\"https:\\\/\\\/www.mpc.pr.gov.br\\\/#\\\/schema\\\/logo\\\/image\\\/\"},\"sameAs\":[\"https:\\\/\\\/www.facebook.com\\\/mpc.pr\",\"https:\\\/\\\/www.instagram.com\\\/mpc.pr\\\/?hl=pt-br\",\"https:\\\/\\\/www.youtube.com\\\/channel\\\/UCHri5oEM8DV0ztX57E0sBSw\"]},{\"@type\":\"Person\",\"@id\":\"https:\\\/\\\/www.mpc.pr.gov.br\\\/#\\\/schema\\\/person\\\/d0c5cf9ebb4d8be833c419f3538cf751\",\"name\":\"giovanna.faria\",\"image\":{\"@type\":\"ImageObject\",\"inLanguage\":\"pt-BR\",\"@id\":\"https:\\\/\\\/secure.gravatar.com\\\/avatar\\\/?s=96&d=mm&r=g\",\"url\":\"https:\\\/\\\/secure.gravatar.com\\\/avatar\\\/?s=96&d=mm&r=g\",\"contentUrl\":\"https:\\\/\\\/secure.gravatar.com\\\/avatar\\\/?s=96&d=mm&r=g\",\"caption\":\"giovanna.faria\"}}]}<\/script>\n<!-- \/ Yoast SEO plugin. -->","yoast_head_json":{"title":"MP Estadual promove Semin\u00e1rio Gest\u00e3o P\u00fablica: Desafios e Oportunidades da Administra\u00e7\u00e3o - Minist\u00e9rio P\u00fablico de Contas do Estado do Paran\u00e1","robots":{"index":"index","follow":"follow","max-snippet":"max-snippet:-1","max-image-preview":"max-image-preview:large","max-video-preview":"max-video-preview:-1"},"canonical":"https:\/\/www.mpc.pr.gov.br\/index.php\/mp-estadual-promove-seminario-gestao-publica-desafios-e-oportunidades-da-administracao\/","og_locale":"pt_BR","og_type":"article","og_title":"MP Estadual promove Semin\u00e1rio Gest\u00e3o P\u00fablica: Desafios e Oportunidades da Administra\u00e7\u00e3o - Minist\u00e9rio P\u00fablico de Contas do Estado do Paran\u00e1","og_description":"Na sexta-feira (27), o MP do Estado do Paran\u00e1 (MPPR) realizar\u00e1 o Semin\u00e1rio de Gest\u00e3o P\u00fablica: Desafios e Oportunidades da Administra\u00e7\u00e3o. O evento contar\u00e1 com a presen\u00e7a de diversos palestrantes de alta qualifica\u00e7\u00e3o no cen\u00e1rio nacional e tem por objetivo promover a reflex\u00e3o sobre o tema, capacitando os servidores p\u00fablicos a fim de otimizar os [&hellip;]","og_url":"https:\/\/www.mpc.pr.gov.br\/index.php\/mp-estadual-promove-seminario-gestao-publica-desafios-e-oportunidades-da-administracao\/","og_site_name":"Minist\u00e9rio P\u00fablico de Contas do Estado do Paran\u00e1","article_publisher":"https:\/\/www.facebook.com\/mpc.pr","article_published_time":"2019-09-23T17:54:26+00:00","author":"giovanna.faria","twitter_card":"summary_large_image","twitter_misc":{"Escrito por":"giovanna.faria","Est. tempo de leitura":"2 minutos"},"schema":{"@context":"https:\/\/schema.org","@graph":[{"@type":"Article","@id":"https:\/\/www.mpc.pr.gov.br\/index.php\/mp-estadual-promove-seminario-gestao-publica-desafios-e-oportunidades-da-administracao\/#article","isPartOf":{"@id":"https:\/\/www.mpc.pr.gov.br\/index.php\/mp-estadual-promove-seminario-gestao-publica-desafios-e-oportunidades-da-administracao\/"},"author":{"name":"giovanna.faria","@id":"https:\/\/www.mpc.pr.gov.br\/#\/schema\/person\/d0c5cf9ebb4d8be833c419f3538cf751"},"headline":"MP Estadual promove Semin\u00e1rio Gest\u00e3o P\u00fablica: Desafios e Oportunidades da Administra\u00e7\u00e3o","datePublished":"2019-09-23T17:54:26+00:00","mainEntityOfPage":{"@id":"https:\/\/www.mpc.pr.gov.br\/index.php\/mp-estadual-promove-seminario-gestao-publica-desafios-e-oportunidades-da-administracao\/"},"wordCount":376,"commentCount":0,"publisher":{"@id":"https:\/\/www.mpc.pr.gov.br\/#organization"},"image":{"@id":"https:\/\/www.mpc.pr.gov.br\/index.php\/mp-estadual-promove-seminario-gestao-publica-desafios-e-oportunidades-da-administracao\/#primaryimage"},"thumbnailUrl":"","articleSection":["Todas as not\u00edcias","\u00daltimas not\u00edcias"],"inLanguage":"pt-BR","potentialAction":[{"@type":"CommentAction","name":"Comment","target":["https:\/\/www.mpc.pr.gov.br\/index.php\/mp-estadual-promove-seminario-gestao-publica-desafios-e-oportunidades-da-administracao\/#respond"]}]},{"@type":"WebPage","@id":"https:\/\/www.mpc.pr.gov.br\/index.php\/mp-estadual-promove-seminario-gestao-publica-desafios-e-oportunidades-da-administracao\/","url":"https:\/\/www.mpc.pr.gov.br\/index.php\/mp-estadual-promove-seminario-gestao-publica-desafios-e-oportunidades-da-administracao\/","name":"MP Estadual promove Semin\u00e1rio Gest\u00e3o P\u00fablica: Desafios e Oportunidades da Administra\u00e7\u00e3o - Minist\u00e9rio P\u00fablico de Contas do Estado do Paran\u00e1","isPartOf":{"@id":"https:\/\/www.mpc.pr.gov.br\/#website"},"primaryImageOfPage":{"@id":"https:\/\/www.mpc.pr.gov.br\/index.php\/mp-estadual-promove-seminario-gestao-publica-desafios-e-oportunidades-da-administracao\/#primaryimage"},"image":{"@id":"https:\/\/www.mpc.pr.gov.br\/index.php\/mp-estadual-promove-seminario-gestao-publica-desafios-e-oportunidades-da-administracao\/#primaryimage"},"thumbnailUrl":"","datePublished":"2019-09-23T17:54:26+00:00","breadcrumb":{"@id":"https:\/\/www.mpc.pr.gov.br\/index.php\/mp-estadual-promove-seminario-gestao-publica-desafios-e-oportunidades-da-administracao\/#breadcrumb"},"inLanguage":"pt-BR","potentialAction":[{"@type":"ReadAction","target":["https:\/\/www.mpc.pr.gov.br\/index.php\/mp-estadual-promove-seminario-gestao-publica-desafios-e-oportunidades-da-administracao\/"]}]},{"@type":"ImageObject","inLanguage":"pt-BR","@id":"https:\/\/www.mpc.pr.gov.br\/index.php\/mp-estadual-promove-seminario-gestao-publica-desafios-e-oportunidades-da-administracao\/#primaryimage","url":"","contentUrl":""},{"@type":"BreadcrumbList","@id":"https:\/\/www.mpc.pr.gov.br\/index.php\/mp-estadual-promove-seminario-gestao-publica-desafios-e-oportunidades-da-administracao\/#breadcrumb","itemListElement":[{"@type":"ListItem","position":1,"name":"In\u00edcio","item":"https:\/\/www.mpc.pr.gov.br\/"},{"@type":"ListItem","position":2,"name":"MP Estadual promove Semin\u00e1rio Gest\u00e3o P\u00fablica: Desafios e Oportunidades da Administra\u00e7\u00e3o"}]},{"@type":"WebSite","@id":"https:\/\/www.mpc.pr.gov.br\/#website","url":"https:\/\/www.mpc.pr.gov.br\/","name":"Minist\u00e9rio P\u00fablico de Contas do Estado do Paran\u00e1","description":"","publisher":{"@id":"https:\/\/www.mpc.pr.gov.br\/#organization"},"potentialAction":[{"@type":"SearchAction","target":{"@type":"EntryPoint","urlTemplate":"https:\/\/www.mpc.pr.gov.br\/?s={search_term_string}"},"query-input":{"@type":"PropertyValueSpecification","valueRequired":true,"valueName":"search_term_string"}}],"inLanguage":"pt-BR"},{"@type":"Organization","@id":"https:\/\/www.mpc.pr.gov.br\/#organization","name":"Minist\u00e9rio P\u00fablico de Contas do Estado do Paran\u00e1","url":"https:\/\/www.mpc.pr.gov.br\/","logo":{"@type":"ImageObject","inLanguage":"pt-BR","@id":"https:\/\/www.mpc.pr.gov.br\/#\/schema\/logo\/image\/","url":"https:\/\/www.mpc.pr.gov.br\/wp-content\/uploads\/2020\/06\/99423647_1593460364143890_6706793420720963584_n-1-e1591387983167.png","contentUrl":"https:\/\/www.mpc.pr.gov.br\/wp-content\/uploads\/2020\/06\/99423647_1593460364143890_6706793420720963584_n-1-e1591387983167.png","width":243,"height":73,"caption":"Minist\u00e9rio P\u00fablico de Contas do Estado do Paran\u00e1"},"image":{"@id":"https:\/\/www.mpc.pr.gov.br\/#\/schema\/logo\/image\/"},"sameAs":["https:\/\/www.facebook.com\/mpc.pr","https:\/\/www.instagram.com\/mpc.pr\/?hl=pt-br","https:\/\/www.youtube.com\/channel\/UCHri5oEM8DV0ztX57E0sBSw"]},{"@type":"Person","@id":"https:\/\/www.mpc.pr.gov.br\/#\/schema\/person\/d0c5cf9ebb4d8be833c419f3538cf751","name":"giovanna.faria","image":{"@type":"ImageObject","inLanguage":"pt-BR","@id":"https:\/\/secure.gravatar.com\/avatar\/?s=96&d=mm&r=g","url":"https:\/\/secure.gravatar.com\/avatar\/?s=96&d=mm&r=g","contentUrl":"https:\/\/secure.gravatar.com\/avatar\/?s=96&d=mm&r=g","caption":"giovanna.faria"}}]}},"rttpg_featured_image_url":null,"rttpg_author":{"display_name":"giovanna.faria","author_link":"https:\/\/www.mpc.pr.gov.br\/index.php\/author\/giovanna-faria\/"},"rttpg_comment":0,"rttpg_category":"<a href=\"https:\/\/www.mpc.pr.gov.br\/index.php\/category\/todas-as-noticias\/\" rel=\"category tag\">Todas as not\u00edcias<\/a> <a href=\"https:\/\/www.mpc.pr.gov.br\/index.php\/category\/ultimas-noticias\/\" rel=\"category tag\">\u00daltimas not\u00edcias<\/a>","rttpg_excerpt":"Na sexta-feira (27), o MP do Estado do Paran\u00e1 (MPPR) realizar\u00e1 o Semin\u00e1rio de Gest\u00e3o P\u00fablica: Desafios e Oportunidades da Administra\u00e7\u00e3o. O evento contar\u00e1 com a presen\u00e7a de diversos palestrantes de alta qualifica\u00e7\u00e3o no cen\u00e1rio nacional e tem por objetivo promover a reflex\u00e3o sobre o tema, capacitando os servidores p\u00fablicos a fim de otimizar os&hellip;","_links":{"self":[{"href":"https:\/\/www.mpc.pr.gov.br\/index.php\/wp-json\/wp\/v2\/posts\/7747","targetHints":{"allow":["GET"]}}],"collection":[{"href":"https:\/\/www.mpc.pr.gov.br\/index.php\/wp-json\/wp\/v2\/posts"}],"about":[{"href":"https:\/\/www.mpc.pr.gov.br\/index.php\/wp-json\/wp\/v2\/types\/post"}],"author":[{"embeddable":true,"href":"https:\/\/www.mpc.pr.gov.br\/index.php\/wp-json\/wp\/v2\/users\/5"}],"replies":[{"embeddable":true,"href":"https:\/\/www.mpc.pr.gov.br\/index.php\/wp-json\/wp\/v2\/comments?post=7747"}],"version-history":[{"count":0,"href":"https:\/\/www.mpc.pr.gov.br\/index.php\/wp-json\/wp\/v2\/posts\/7747\/revisions"}],"wp:featuredmedia":[{"embeddable":true,"href":"https:\/\/www.mpc.pr.gov.br\/index.php\/wp-json\/"}],"wp:attachment":[{"href":"https:\/\/www.mpc.pr.gov.br\/index.php\/wp-json\/wp\/v2\/media?parent=7747"}],"wp:term":[{"taxonomy":"category","embeddable":true,"href":"https:\/\/www.mpc.pr.gov.br\/index.php\/wp-json\/wp\/v2\/categories?post=7747"},{"taxonomy":"post_tag","embeddable":true,"href":"https:\/\/www.mpc.pr.gov.br\/index.php\/wp-json\/wp\/v2\/tags?post=7747"}],"curies":[{"name":"wp","href":"https:\/\/api.w.org\/{rel}","templated":true}]}}