{"id":7783,"date":"2019-09-30T13:23:25","date_gmt":"2019-09-30T16:23:25","guid":{"rendered":"http:\/\/www.mpc.pr.gov.br\/?p=7783"},"modified":"2019-09-30T13:23:25","modified_gmt":"2019-09-30T16:23:25","slug":"mp-de-contas-recomenda-que-mato-rico-melhore-processos-para-aquisicao-de-medicamentos","status":"publish","type":"post","link":"https:\/\/www.mpc.pr.gov.br\/index.php\/mp-de-contas-recomenda-que-mato-rico-melhore-processos-para-aquisicao-de-medicamentos\/","title":{"rendered":"MP de Contas recomenda que Mato Rico melhore processos para aquisi\u00e7\u00e3o de medicamentos"},"content":{"rendered":"<p><img fetchpriority=\"high\" decoding=\"async\" class=\"alignleft size-medium wp-image-6992\" src=\"http:\/\/www.mpc.pr.gov.br\/wp-content\/uploads\/2019\/04\/medicamentos-300x200.jpg\" alt=\"\" width=\"300\" height=\"200\" \/>O MP de Contas do Paran\u00e1 (MPC-PR) encaminhou uma Recomenda\u00e7\u00e3o Administrativa ao Prefeito e Controlador Interno do munic\u00edpio de Mato Rico, ap\u00f3s o N\u00facleo de Intelig\u00eancia (NI) identificar irregularidades no Preg\u00e3o n\u00b0 23\/2019, destinado a aquisi\u00e7\u00e3o de medicamentos. No documento o \u00f3rg\u00e3o ministerial fornece diversas sugest\u00f5es para que sejam aperfei\u00e7oados os processos licitat\u00f3rios.<\/p>\n<p>Ao analisar o Preg\u00e3o, o NI verificou que o munic\u00edpio n\u00e3o tem utilizado o C\u00f3digo BR do Cat\u00e1logo de Materiais do Comprasnet, que \u00e9 um identificador de cada medicamento adquirido pelo Poder Executivo Federal, que pode auxiliar os gestores na pesquisa de pre\u00e7os. A n\u00e3o utiliza\u00e7\u00e3o dessa ferramenta\u00a0dificulta a verifica\u00e7\u00e3o dos pre\u00e7os homologados.<\/p>\n<p>Observou-se tamb\u00e9m que o munic\u00edpio tem usado apenas duas casas decimais na composi\u00e7\u00e3o do valor m\u00e1ximo unit\u00e1rio, o que pode restringir a competitividade no certame, e n\u00e3o tem disponibilizado na \u00edntegra as informa\u00e7\u00f5es referentes aos procedimentos licitat\u00f3rios no portal da transpar\u00eancia.<\/p>\n<p>Diante dos problemas verificados, o MPC-PR expediu uma s\u00e9rie de recomenda\u00e7\u00f5es para que o munic\u00edpio passe a identificar os medicamentos com o C\u00f3digo BR, tanto na fase interna quanto externa do certame, observando rigorosamente a compatibilidade do c\u00f3digo com a descri\u00e7\u00e3o do medicamento.<\/p>\n<p>Al\u00e9m disso, ao utilizar a descri\u00e7\u00e3o prevista no Cat\u00e1logo de Materiais do Comprasnet, os medicamentos ali constantes tamb\u00e9m s\u00e3o os adotados pelo Banco de Pre\u00e7os em Sa\u00fade (BPS) do Minist\u00e9rio da Sa\u00fade, a qual todos os entes federados est\u00e3o obrigados a alimentar por for\u00e7a da Resolu\u00e7\u00e3o n\u00ba 18\/2017 da Comiss\u00e3o Intergestores Tripartite.<\/p>\n<p>Essa obriga\u00e7\u00e3o foi alvo de uma das recomenda\u00e7\u00f5es aos munic\u00edpios pelo MP de Contas, que tamb\u00e9m solicita que os gestores detalhem a metodologia de composi\u00e7\u00e3o de pre\u00e7os de refer\u00eancia adotada para as licita\u00e7\u00f5es e que passe a utilizar tr\u00eas casas decimais para defini\u00e7\u00e3o dos valores m\u00e1ximos unit\u00e1rios, a fim de fomentar a concorr\u00eancia no edital.<\/p>\n<p>Outro ponto destacado pelo \u00f3rg\u00e3o ministerial \u00e9 para que os munic\u00edpios deixem de promover licita\u00e7\u00f5es no formato de lista fechada, de \u201cA\u201d a \u201cZ\u201d, via tabela CMED e\/ou Anvisa, com o crit\u00e9rio de maior desconto sobre tais listas, observando-se o que disp\u00f5e o artigo 15, \u00a7 7\u00b0, inciso II da Lei n\u00b0 8.666\/93; e que promova a publica\u00e7\u00e3o na \u00edntegra de todos os documentos referentes aos procedimentos licitat\u00f3rios, especialmente quando o objeto tratar de aquisi\u00e7\u00e3o de medicamentos, a fim de que sejam disponibilizados, tamb\u00e9m, os documentos referentes \u00e0 ata de sess\u00e3o de julgamento das propostas.<\/p>\n<p>Foi sugerido tamb\u00e9m que o munic\u00edpio designe uma comiss\u00e3o de recebimento de materiais, que mantenha a exig\u00eancia da prova de regularidade fiscal e trabalhista dos licitantes vencedores no \u00e2mbito das licita\u00e7\u00f5es na modalidade preg\u00e3o e que mantenha para os licitantes vencedores, na fase de habilita\u00e7\u00e3o, exig\u00eancia da Autoriza\u00e7\u00e3o de Funcionamento (AFE) e a Autoriza\u00e7\u00e3o Especial (AE), quando for o caso, nos termos do RDC n\u00ba 16\/2014 da ANVISA.<\/p>\n<p>O N\u00facleo de Intelig\u00eancia ainda solicitou que o munic\u00edpio atualize as informa\u00e7\u00f5es relativas ao Canal de Comunica\u00e7\u00e3o (CACO) do Tribunal de Contas do Estado do Paran\u00e1 (TCE-PR), tendo em vista a import\u00e2ncia desta ferramenta para que os \u00f3rg\u00e3os de controle possam solicitar informa\u00e7\u00f5es diretamente ao em te municipal por interm\u00e9dio do respons\u00e1vel pelo controle interno;<\/p>\n<p>A \u00edntegra da Recomenda\u00e7\u00e3o Administrativa pode ser visualizada <a href=\"http:\/\/www.mpc.pr.gov.br\/wp-content\/uploads\/2019\/09\/Recomenda%C3%A7%C3%A3o-Administrativa-n%C2%BA-113-2019-Mato-Rico.pdf\">aqui<\/a>.<\/p>\n<p>&nbsp;<\/p>\n","protected":false},"excerpt":{"rendered":"<p>O MP de Contas do Paran\u00e1 (MPC-PR) encaminhou uma Recomenda\u00e7\u00e3o Administrativa ao Prefeito e Controlador Interno do munic\u00edpio de Mato Rico, ap\u00f3s o N\u00facleo de Intelig\u00eancia (NI) identificar irregularidades no Preg\u00e3o n\u00b0 23\/2019, destinado a aquisi\u00e7\u00e3o de medicamentos. No documento o \u00f3rg\u00e3o ministerial fornece diversas sugest\u00f5es para que sejam aperfei\u00e7oados os processos licitat\u00f3rios. Ao analisar [&hellip;]<\/p>\n","protected":false},"author":5,"featured_media":6992,"comment_status":"open","ping_status":"open","sticky":false,"template":"","format":"standard","meta":{"_monsterinsights_skip_tracking":false,"_monsterinsights_sitenote_active":false,"_monsterinsights_sitenote_note":"","_monsterinsights_sitenote_category":0,"footnotes":""},"categories":[7,14],"tags":[],"class_list":["post-7783","post","type-post","status-publish","format-standard","has-post-thumbnail","hentry","category-todas-as-noticias","category-ultimas-noticias","entry","has-media"],"yoast_head":"<!-- This site is optimized with the Yoast SEO plugin v27.3 - https:\/\/yoast.com\/product\/yoast-seo-wordpress\/ -->\n<title>MP de Contas recomenda que Mato Rico melhore processos para aquisi\u00e7\u00e3o de medicamentos - Minist\u00e9rio P\u00fablico de Contas do Estado do Paran\u00e1<\/title>\n<meta name=\"robots\" content=\"index, follow, max-snippet:-1, max-image-preview:large, max-video-preview:-1\" \/>\n<link rel=\"canonical\" href=\"https:\/\/www.mpc.pr.gov.br\/index.php\/mp-de-contas-recomenda-que-mato-rico-melhore-processos-para-aquisicao-de-medicamentos\/\" \/>\n<meta property=\"og:locale\" content=\"pt_BR\" \/>\n<meta property=\"og:type\" content=\"article\" \/>\n<meta property=\"og:title\" content=\"MP de Contas recomenda que Mato Rico melhore processos para aquisi\u00e7\u00e3o de medicamentos - Minist\u00e9rio P\u00fablico de Contas do Estado do Paran\u00e1\" \/>\n<meta property=\"og:description\" content=\"O MP de Contas do Paran\u00e1 (MPC-PR) encaminhou uma Recomenda\u00e7\u00e3o Administrativa ao Prefeito e Controlador Interno do munic\u00edpio de Mato Rico, ap\u00f3s o N\u00facleo de Intelig\u00eancia (NI) identificar irregularidades no Preg\u00e3o n\u00b0 23\/2019, destinado a aquisi\u00e7\u00e3o de medicamentos. No documento o \u00f3rg\u00e3o ministerial fornece diversas sugest\u00f5es para que sejam aperfei\u00e7oados os processos licitat\u00f3rios. Ao analisar [&hellip;]\" \/>\n<meta property=\"og:url\" content=\"https:\/\/www.mpc.pr.gov.br\/index.php\/mp-de-contas-recomenda-que-mato-rico-melhore-processos-para-aquisicao-de-medicamentos\/\" \/>\n<meta property=\"og:site_name\" content=\"Minist\u00e9rio P\u00fablico de Contas do Estado do Paran\u00e1\" \/>\n<meta property=\"article:publisher\" content=\"https:\/\/www.facebook.com\/mpc.pr\" \/>\n<meta property=\"article:published_time\" content=\"2019-09-30T16:23:25+00:00\" \/>\n<meta name=\"author\" content=\"giovanna.faria\" \/>\n<meta name=\"twitter:card\" content=\"summary_large_image\" \/>\n<meta name=\"twitter:label1\" content=\"Escrito por\" \/>\n\t<meta name=\"twitter:data1\" content=\"giovanna.faria\" \/>\n\t<meta name=\"twitter:label2\" content=\"Est. tempo de leitura\" \/>\n\t<meta name=\"twitter:data2\" content=\"3 minutos\" \/>\n<script type=\"application\/ld+json\" class=\"yoast-schema-graph\">{\"@context\":\"https:\\\/\\\/schema.org\",\"@graph\":[{\"@type\":\"Article\",\"@id\":\"https:\\\/\\\/www.mpc.pr.gov.br\\\/index.php\\\/mp-de-contas-recomenda-que-mato-rico-melhore-processos-para-aquisicao-de-medicamentos\\\/#article\",\"isPartOf\":{\"@id\":\"https:\\\/\\\/www.mpc.pr.gov.br\\\/index.php\\\/mp-de-contas-recomenda-que-mato-rico-melhore-processos-para-aquisicao-de-medicamentos\\\/\"},\"author\":{\"name\":\"giovanna.faria\",\"@id\":\"https:\\\/\\\/www.mpc.pr.gov.br\\\/#\\\/schema\\\/person\\\/d0c5cf9ebb4d8be833c419f3538cf751\"},\"headline\":\"MP de Contas recomenda que Mato Rico melhore processos para aquisi\u00e7\u00e3o de medicamentos\",\"datePublished\":\"2019-09-30T16:23:25+00:00\",\"mainEntityOfPage\":{\"@id\":\"https:\\\/\\\/www.mpc.pr.gov.br\\\/index.php\\\/mp-de-contas-recomenda-que-mato-rico-melhore-processos-para-aquisicao-de-medicamentos\\\/\"},\"wordCount\":624,\"commentCount\":0,\"publisher\":{\"@id\":\"https:\\\/\\\/www.mpc.pr.gov.br\\\/#organization\"},\"image\":{\"@id\":\"https:\\\/\\\/www.mpc.pr.gov.br\\\/index.php\\\/mp-de-contas-recomenda-que-mato-rico-melhore-processos-para-aquisicao-de-medicamentos\\\/#primaryimage\"},\"thumbnailUrl\":\"\",\"articleSection\":[\"Todas as not\u00edcias\",\"\u00daltimas not\u00edcias\"],\"inLanguage\":\"pt-BR\",\"potentialAction\":[{\"@type\":\"CommentAction\",\"name\":\"Comment\",\"target\":[\"https:\\\/\\\/www.mpc.pr.gov.br\\\/index.php\\\/mp-de-contas-recomenda-que-mato-rico-melhore-processos-para-aquisicao-de-medicamentos\\\/#respond\"]}]},{\"@type\":\"WebPage\",\"@id\":\"https:\\\/\\\/www.mpc.pr.gov.br\\\/index.php\\\/mp-de-contas-recomenda-que-mato-rico-melhore-processos-para-aquisicao-de-medicamentos\\\/\",\"url\":\"https:\\\/\\\/www.mpc.pr.gov.br\\\/index.php\\\/mp-de-contas-recomenda-que-mato-rico-melhore-processos-para-aquisicao-de-medicamentos\\\/\",\"name\":\"MP de Contas recomenda que Mato Rico melhore processos para aquisi\u00e7\u00e3o de medicamentos - Minist\u00e9rio P\u00fablico de Contas do Estado do Paran\u00e1\",\"isPartOf\":{\"@id\":\"https:\\\/\\\/www.mpc.pr.gov.br\\\/#website\"},\"primaryImageOfPage\":{\"@id\":\"https:\\\/\\\/www.mpc.pr.gov.br\\\/index.php\\\/mp-de-contas-recomenda-que-mato-rico-melhore-processos-para-aquisicao-de-medicamentos\\\/#primaryimage\"},\"image\":{\"@id\":\"https:\\\/\\\/www.mpc.pr.gov.br\\\/index.php\\\/mp-de-contas-recomenda-que-mato-rico-melhore-processos-para-aquisicao-de-medicamentos\\\/#primaryimage\"},\"thumbnailUrl\":\"\",\"datePublished\":\"2019-09-30T16:23:25+00:00\",\"breadcrumb\":{\"@id\":\"https:\\\/\\\/www.mpc.pr.gov.br\\\/index.php\\\/mp-de-contas-recomenda-que-mato-rico-melhore-processos-para-aquisicao-de-medicamentos\\\/#breadcrumb\"},\"inLanguage\":\"pt-BR\",\"potentialAction\":[{\"@type\":\"ReadAction\",\"target\":[\"https:\\\/\\\/www.mpc.pr.gov.br\\\/index.php\\\/mp-de-contas-recomenda-que-mato-rico-melhore-processos-para-aquisicao-de-medicamentos\\\/\"]}]},{\"@type\":\"ImageObject\",\"inLanguage\":\"pt-BR\",\"@id\":\"https:\\\/\\\/www.mpc.pr.gov.br\\\/index.php\\\/mp-de-contas-recomenda-que-mato-rico-melhore-processos-para-aquisicao-de-medicamentos\\\/#primaryimage\",\"url\":\"\",\"contentUrl\":\"\"},{\"@type\":\"BreadcrumbList\",\"@id\":\"https:\\\/\\\/www.mpc.pr.gov.br\\\/index.php\\\/mp-de-contas-recomenda-que-mato-rico-melhore-processos-para-aquisicao-de-medicamentos\\\/#breadcrumb\",\"itemListElement\":[{\"@type\":\"ListItem\",\"position\":1,\"name\":\"In\u00edcio\",\"item\":\"https:\\\/\\\/www.mpc.pr.gov.br\\\/\"},{\"@type\":\"ListItem\",\"position\":2,\"name\":\"MP de Contas recomenda que Mato Rico melhore processos para aquisi\u00e7\u00e3o de medicamentos\"}]},{\"@type\":\"WebSite\",\"@id\":\"https:\\\/\\\/www.mpc.pr.gov.br\\\/#website\",\"url\":\"https:\\\/\\\/www.mpc.pr.gov.br\\\/\",\"name\":\"Minist\u00e9rio P\u00fablico de Contas do Estado do Paran\u00e1\",\"description\":\"\",\"publisher\":{\"@id\":\"https:\\\/\\\/www.mpc.pr.gov.br\\\/#organization\"},\"potentialAction\":[{\"@type\":\"SearchAction\",\"target\":{\"@type\":\"EntryPoint\",\"urlTemplate\":\"https:\\\/\\\/www.mpc.pr.gov.br\\\/?s={search_term_string}\"},\"query-input\":{\"@type\":\"PropertyValueSpecification\",\"valueRequired\":true,\"valueName\":\"search_term_string\"}}],\"inLanguage\":\"pt-BR\"},{\"@type\":\"Organization\",\"@id\":\"https:\\\/\\\/www.mpc.pr.gov.br\\\/#organization\",\"name\":\"Minist\u00e9rio P\u00fablico de Contas do Estado do Paran\u00e1\",\"url\":\"https:\\\/\\\/www.mpc.pr.gov.br\\\/\",\"logo\":{\"@type\":\"ImageObject\",\"inLanguage\":\"pt-BR\",\"@id\":\"https:\\\/\\\/www.mpc.pr.gov.br\\\/#\\\/schema\\\/logo\\\/image\\\/\",\"url\":\"https:\\\/\\\/www.mpc.pr.gov.br\\\/wp-content\\\/uploads\\\/2020\\\/06\\\/99423647_1593460364143890_6706793420720963584_n-1-e1591387983167.png\",\"contentUrl\":\"https:\\\/\\\/www.mpc.pr.gov.br\\\/wp-content\\\/uploads\\\/2020\\\/06\\\/99423647_1593460364143890_6706793420720963584_n-1-e1591387983167.png\",\"width\":243,\"height\":73,\"caption\":\"Minist\u00e9rio P\u00fablico de Contas do Estado do Paran\u00e1\"},\"image\":{\"@id\":\"https:\\\/\\\/www.mpc.pr.gov.br\\\/#\\\/schema\\\/logo\\\/image\\\/\"},\"sameAs\":[\"https:\\\/\\\/www.facebook.com\\\/mpc.pr\",\"https:\\\/\\\/www.instagram.com\\\/mpc.pr\\\/?hl=pt-br\",\"https:\\\/\\\/www.youtube.com\\\/channel\\\/UCHri5oEM8DV0ztX57E0sBSw\"]},{\"@type\":\"Person\",\"@id\":\"https:\\\/\\\/www.mpc.pr.gov.br\\\/#\\\/schema\\\/person\\\/d0c5cf9ebb4d8be833c419f3538cf751\",\"name\":\"giovanna.faria\",\"image\":{\"@type\":\"ImageObject\",\"inLanguage\":\"pt-BR\",\"@id\":\"https:\\\/\\\/secure.gravatar.com\\\/avatar\\\/?s=96&d=mm&r=g\",\"url\":\"https:\\\/\\\/secure.gravatar.com\\\/avatar\\\/?s=96&d=mm&r=g\",\"contentUrl\":\"https:\\\/\\\/secure.gravatar.com\\\/avatar\\\/?s=96&d=mm&r=g\",\"caption\":\"giovanna.faria\"}}]}<\/script>\n<!-- \/ Yoast SEO plugin. -->","yoast_head_json":{"title":"MP de Contas recomenda que Mato Rico melhore processos para aquisi\u00e7\u00e3o de medicamentos - Minist\u00e9rio P\u00fablico de Contas do Estado do Paran\u00e1","robots":{"index":"index","follow":"follow","max-snippet":"max-snippet:-1","max-image-preview":"max-image-preview:large","max-video-preview":"max-video-preview:-1"},"canonical":"https:\/\/www.mpc.pr.gov.br\/index.php\/mp-de-contas-recomenda-que-mato-rico-melhore-processos-para-aquisicao-de-medicamentos\/","og_locale":"pt_BR","og_type":"article","og_title":"MP de Contas recomenda que Mato Rico melhore processos para aquisi\u00e7\u00e3o de medicamentos - Minist\u00e9rio P\u00fablico de Contas do Estado do Paran\u00e1","og_description":"O MP de Contas do Paran\u00e1 (MPC-PR) encaminhou uma Recomenda\u00e7\u00e3o Administrativa ao Prefeito e Controlador Interno do munic\u00edpio de Mato Rico, ap\u00f3s o N\u00facleo de Intelig\u00eancia (NI) identificar irregularidades no Preg\u00e3o n\u00b0 23\/2019, destinado a aquisi\u00e7\u00e3o de medicamentos. No documento o \u00f3rg\u00e3o ministerial fornece diversas sugest\u00f5es para que sejam aperfei\u00e7oados os processos licitat\u00f3rios. Ao analisar [&hellip;]","og_url":"https:\/\/www.mpc.pr.gov.br\/index.php\/mp-de-contas-recomenda-que-mato-rico-melhore-processos-para-aquisicao-de-medicamentos\/","og_site_name":"Minist\u00e9rio P\u00fablico de Contas do Estado do Paran\u00e1","article_publisher":"https:\/\/www.facebook.com\/mpc.pr","article_published_time":"2019-09-30T16:23:25+00:00","author":"giovanna.faria","twitter_card":"summary_large_image","twitter_misc":{"Escrito por":"giovanna.faria","Est. tempo de leitura":"3 minutos"},"schema":{"@context":"https:\/\/schema.org","@graph":[{"@type":"Article","@id":"https:\/\/www.mpc.pr.gov.br\/index.php\/mp-de-contas-recomenda-que-mato-rico-melhore-processos-para-aquisicao-de-medicamentos\/#article","isPartOf":{"@id":"https:\/\/www.mpc.pr.gov.br\/index.php\/mp-de-contas-recomenda-que-mato-rico-melhore-processos-para-aquisicao-de-medicamentos\/"},"author":{"name":"giovanna.faria","@id":"https:\/\/www.mpc.pr.gov.br\/#\/schema\/person\/d0c5cf9ebb4d8be833c419f3538cf751"},"headline":"MP de Contas recomenda que Mato Rico melhore processos para aquisi\u00e7\u00e3o de medicamentos","datePublished":"2019-09-30T16:23:25+00:00","mainEntityOfPage":{"@id":"https:\/\/www.mpc.pr.gov.br\/index.php\/mp-de-contas-recomenda-que-mato-rico-melhore-processos-para-aquisicao-de-medicamentos\/"},"wordCount":624,"commentCount":0,"publisher":{"@id":"https:\/\/www.mpc.pr.gov.br\/#organization"},"image":{"@id":"https:\/\/www.mpc.pr.gov.br\/index.php\/mp-de-contas-recomenda-que-mato-rico-melhore-processos-para-aquisicao-de-medicamentos\/#primaryimage"},"thumbnailUrl":"","articleSection":["Todas as not\u00edcias","\u00daltimas not\u00edcias"],"inLanguage":"pt-BR","potentialAction":[{"@type":"CommentAction","name":"Comment","target":["https:\/\/www.mpc.pr.gov.br\/index.php\/mp-de-contas-recomenda-que-mato-rico-melhore-processos-para-aquisicao-de-medicamentos\/#respond"]}]},{"@type":"WebPage","@id":"https:\/\/www.mpc.pr.gov.br\/index.php\/mp-de-contas-recomenda-que-mato-rico-melhore-processos-para-aquisicao-de-medicamentos\/","url":"https:\/\/www.mpc.pr.gov.br\/index.php\/mp-de-contas-recomenda-que-mato-rico-melhore-processos-para-aquisicao-de-medicamentos\/","name":"MP de Contas recomenda que Mato Rico melhore processos para aquisi\u00e7\u00e3o de medicamentos - Minist\u00e9rio P\u00fablico de Contas do Estado do Paran\u00e1","isPartOf":{"@id":"https:\/\/www.mpc.pr.gov.br\/#website"},"primaryImageOfPage":{"@id":"https:\/\/www.mpc.pr.gov.br\/index.php\/mp-de-contas-recomenda-que-mato-rico-melhore-processos-para-aquisicao-de-medicamentos\/#primaryimage"},"image":{"@id":"https:\/\/www.mpc.pr.gov.br\/index.php\/mp-de-contas-recomenda-que-mato-rico-melhore-processos-para-aquisicao-de-medicamentos\/#primaryimage"},"thumbnailUrl":"","datePublished":"2019-09-30T16:23:25+00:00","breadcrumb":{"@id":"https:\/\/www.mpc.pr.gov.br\/index.php\/mp-de-contas-recomenda-que-mato-rico-melhore-processos-para-aquisicao-de-medicamentos\/#breadcrumb"},"inLanguage":"pt-BR","potentialAction":[{"@type":"ReadAction","target":["https:\/\/www.mpc.pr.gov.br\/index.php\/mp-de-contas-recomenda-que-mato-rico-melhore-processos-para-aquisicao-de-medicamentos\/"]}]},{"@type":"ImageObject","inLanguage":"pt-BR","@id":"https:\/\/www.mpc.pr.gov.br\/index.php\/mp-de-contas-recomenda-que-mato-rico-melhore-processos-para-aquisicao-de-medicamentos\/#primaryimage","url":"","contentUrl":""},{"@type":"BreadcrumbList","@id":"https:\/\/www.mpc.pr.gov.br\/index.php\/mp-de-contas-recomenda-que-mato-rico-melhore-processos-para-aquisicao-de-medicamentos\/#breadcrumb","itemListElement":[{"@type":"ListItem","position":1,"name":"In\u00edcio","item":"https:\/\/www.mpc.pr.gov.br\/"},{"@type":"ListItem","position":2,"name":"MP de Contas recomenda que Mato Rico melhore processos para aquisi\u00e7\u00e3o de medicamentos"}]},{"@type":"WebSite","@id":"https:\/\/www.mpc.pr.gov.br\/#website","url":"https:\/\/www.mpc.pr.gov.br\/","name":"Minist\u00e9rio P\u00fablico de Contas do Estado do Paran\u00e1","description":"","publisher":{"@id":"https:\/\/www.mpc.pr.gov.br\/#organization"},"potentialAction":[{"@type":"SearchAction","target":{"@type":"EntryPoint","urlTemplate":"https:\/\/www.mpc.pr.gov.br\/?s={search_term_string}"},"query-input":{"@type":"PropertyValueSpecification","valueRequired":true,"valueName":"search_term_string"}}],"inLanguage":"pt-BR"},{"@type":"Organization","@id":"https:\/\/www.mpc.pr.gov.br\/#organization","name":"Minist\u00e9rio P\u00fablico de Contas do Estado do Paran\u00e1","url":"https:\/\/www.mpc.pr.gov.br\/","logo":{"@type":"ImageObject","inLanguage":"pt-BR","@id":"https:\/\/www.mpc.pr.gov.br\/#\/schema\/logo\/image\/","url":"https:\/\/www.mpc.pr.gov.br\/wp-content\/uploads\/2020\/06\/99423647_1593460364143890_6706793420720963584_n-1-e1591387983167.png","contentUrl":"https:\/\/www.mpc.pr.gov.br\/wp-content\/uploads\/2020\/06\/99423647_1593460364143890_6706793420720963584_n-1-e1591387983167.png","width":243,"height":73,"caption":"Minist\u00e9rio P\u00fablico de Contas do Estado do Paran\u00e1"},"image":{"@id":"https:\/\/www.mpc.pr.gov.br\/#\/schema\/logo\/image\/"},"sameAs":["https:\/\/www.facebook.com\/mpc.pr","https:\/\/www.instagram.com\/mpc.pr\/?hl=pt-br","https:\/\/www.youtube.com\/channel\/UCHri5oEM8DV0ztX57E0sBSw"]},{"@type":"Person","@id":"https:\/\/www.mpc.pr.gov.br\/#\/schema\/person\/d0c5cf9ebb4d8be833c419f3538cf751","name":"giovanna.faria","image":{"@type":"ImageObject","inLanguage":"pt-BR","@id":"https:\/\/secure.gravatar.com\/avatar\/?s=96&d=mm&r=g","url":"https:\/\/secure.gravatar.com\/avatar\/?s=96&d=mm&r=g","contentUrl":"https:\/\/secure.gravatar.com\/avatar\/?s=96&d=mm&r=g","caption":"giovanna.faria"}}]}},"rttpg_featured_image_url":null,"rttpg_author":{"display_name":"giovanna.faria","author_link":"https:\/\/www.mpc.pr.gov.br\/index.php\/author\/giovanna-faria\/"},"rttpg_comment":0,"rttpg_category":"<a href=\"https:\/\/www.mpc.pr.gov.br\/index.php\/category\/todas-as-noticias\/\" rel=\"category tag\">Todas as not\u00edcias<\/a> <a href=\"https:\/\/www.mpc.pr.gov.br\/index.php\/category\/ultimas-noticias\/\" rel=\"category tag\">\u00daltimas not\u00edcias<\/a>","rttpg_excerpt":"O MP de Contas do Paran\u00e1 (MPC-PR) encaminhou uma Recomenda\u00e7\u00e3o Administrativa ao Prefeito e Controlador Interno do munic\u00edpio de Mato Rico, ap\u00f3s o N\u00facleo de Intelig\u00eancia (NI) identificar irregularidades no Preg\u00e3o n\u00b0 23\/2019, destinado a aquisi\u00e7\u00e3o de medicamentos. No documento o \u00f3rg\u00e3o ministerial fornece diversas sugest\u00f5es para que sejam aperfei\u00e7oados os processos licitat\u00f3rios. Ao analisar&hellip;","_links":{"self":[{"href":"https:\/\/www.mpc.pr.gov.br\/index.php\/wp-json\/wp\/v2\/posts\/7783","targetHints":{"allow":["GET"]}}],"collection":[{"href":"https:\/\/www.mpc.pr.gov.br\/index.php\/wp-json\/wp\/v2\/posts"}],"about":[{"href":"https:\/\/www.mpc.pr.gov.br\/index.php\/wp-json\/wp\/v2\/types\/post"}],"author":[{"embeddable":true,"href":"https:\/\/www.mpc.pr.gov.br\/index.php\/wp-json\/wp\/v2\/users\/5"}],"replies":[{"embeddable":true,"href":"https:\/\/www.mpc.pr.gov.br\/index.php\/wp-json\/wp\/v2\/comments?post=7783"}],"version-history":[{"count":0,"href":"https:\/\/www.mpc.pr.gov.br\/index.php\/wp-json\/wp\/v2\/posts\/7783\/revisions"}],"wp:featuredmedia":[{"embeddable":true,"href":"https:\/\/www.mpc.pr.gov.br\/index.php\/wp-json\/"}],"wp:attachment":[{"href":"https:\/\/www.mpc.pr.gov.br\/index.php\/wp-json\/wp\/v2\/media?parent=7783"}],"wp:term":[{"taxonomy":"category","embeddable":true,"href":"https:\/\/www.mpc.pr.gov.br\/index.php\/wp-json\/wp\/v2\/categories?post=7783"},{"taxonomy":"post_tag","embeddable":true,"href":"https:\/\/www.mpc.pr.gov.br\/index.php\/wp-json\/wp\/v2\/tags?post=7783"}],"curies":[{"name":"wp","href":"https:\/\/api.w.org\/{rel}","templated":true}]}}