{"id":7857,"date":"2019-10-14T09:03:31","date_gmt":"2019-10-14T12:03:31","guid":{"rendered":"http:\/\/www.mpc.pr.gov.br\/?p=7857"},"modified":"2019-10-14T09:03:31","modified_gmt":"2019-10-14T12:03:31","slug":"pato-branco-melhora-pesquisas-de-precos-para-licitacoes-apos-curso-do-tce-pr","status":"publish","type":"post","link":"https:\/\/www.mpc.pr.gov.br\/index.php\/pato-branco-melhora-pesquisas-de-precos-para-licitacoes-apos-curso-do-tce-pr\/","title":{"rendered":"Pato Branco melhora pesquisas de pre\u00e7os para licita\u00e7\u00f5es ap\u00f3s curso do TCE-PR"},"content":{"rendered":"<figure id=\"attachment_6997\" aria-describedby=\"caption-attachment-6997\" style=\"width: 300px\" class=\"wp-caption alignleft\"><img fetchpriority=\"high\" decoding=\"async\" class=\"wp-image-6997 size-medium\" src=\"http:\/\/www.mpc.pr.gov.br\/wp-content\/uploads\/2019\/04\/Vista-a\u00e9rea-de-Pato-Branco-munic\u00edpio-da-regi\u00e3o-Sudeste-do-Paran\u00e1.-Foto-Divulga\u00e7\u00e3o-300x176.jpg\" alt=\"\" width=\"300\" height=\"176\" \/><figcaption id=\"caption-attachment-6997\" class=\"wp-caption-text\">Vista a\u00e9rea de Pato Branco, munic\u00edpio da regi\u00e3o Sudeste do Paran\u00e1. Foto: Divulga\u00e7\u00e3o.<\/figcaption><\/figure>\n<p>Gra\u00e7as a um curso oferecido pelo Tribunal de Contas do Estado do Paran\u00e1 a seus jurisdicionados da Regi\u00e3o Sudoeste em Francisco Beltr\u00e3o, h\u00e1 pouco mais de um ano, a Secretaria Municipal de Sa\u00fade de Pato Branco passou a adotar metodologia apropriada para a realiza\u00e7\u00e3o de pesquisas de pre\u00e7os para subsidiar licita\u00e7\u00f5es destinadas \u00e0 aquisi\u00e7\u00e3o de medicamentos. A medida foi tomada com a inten\u00e7\u00e3o de seguir sugest\u00f5es apresentadas pelo TCE-PR naquela ocasi\u00e3o.<\/p>\n<p>O fato foi constatado pela corte ao julgar parcialmente procedente Representa\u00e7\u00e3o da Lei n\u00ba 8.666\/1993 (Lei de Licita\u00e7\u00f5es e Contratos) interposta pelo Minist\u00e9rio P\u00fablico de Contas do Estado do Paran\u00e1 (MPC-PR) a respeito do Preg\u00e3o Eletr\u00f4nico n\u00ba 41\/2017. O certame, lan\u00e7ado pela Prefeitura de Pato Branco, objetivou o registro de pre\u00e7os para futuras compras de rem\u00e9dios.<\/p>\n<p>Conforme o \u00f3rg\u00e3o ministerial, houve problemas de sobrepre\u00e7o e viola\u00e7\u00e3o ao princ\u00edpio da competitividade no procedimento licitat\u00f3rio. Em decis\u00e3o cautelar tomada pelo TCE-PR a respeito do caso em mar\u00e7o deste ano, o relator do processo, conselheiro Fabio Camargo, determinou que o munic\u00edpio passe a adotar, nas pr\u00f3ximas aquisi\u00e7\u00f5es do tipo, o C\u00f3digo BR do Cat\u00e1logo de Materiais do\u00a0<a href=\"https:\/\/www.comprasgovernamentais.gov.br\/\">Comprasnet<\/a>.<\/p>\n<p>Ele tamb\u00e9m ordenou que a administra\u00e7\u00e3o comece a promover pesquisas no\u00a0<a href=\"http:\/\/bps.saude.gov.br\/login.jsf\">Banco de Pre\u00e7os em Sa\u00fade (BPS)<\/a>\u00a0do Minist\u00e9rio da Sa\u00fade para subsidiar a forma\u00e7\u00e3o dos pre\u00e7os referenciais, com o objetivo de evitar a ocorr\u00eancia de sobrepre\u00e7o. Contudo, segundo a defesa apresentada pela pregoeira respons\u00e1vel pela licita\u00e7\u00e3o, Loreci Dolores Bim, esta pr\u00e1tica vem sendo adotada pela prefeitura desde setembro de 2018, quando ela foi recomendada no referido evento de forma\u00e7\u00e3o promovido pelo TCE-PR.<\/p>\n<p>Com a concord\u00e2ncia da Coordenadoria de Gest\u00e3o Municipal (CGM) do Tribunal e do MPC-PR, o relator do processo votou pelo provimento parcial da Representa\u00e7\u00e3o, j\u00e1 que as irregularidades somente foram sanadas a partir da atua\u00e7\u00e3o do \u00f3rg\u00e3o ministerial, por\u00e9m sem a imposi\u00e7\u00e3o de san\u00e7\u00f5es, porque a administra\u00e7\u00e3o municipal adotou as medidas necess\u00e1rias para corrigir as falhas apontadas.<\/p>\n<p>Os demais membros do Tribunal Pleno acompanharam, de forma un\u00e2nime, o voto do relator, na sess\u00e3o de 11 de setembro. Cabe recurso contra a decis\u00e3o contida no Ac\u00f3rd\u00e3o n\u00ba 2788\/19 &#8211; Tribunal Pleno, veiculado no dia 19 do mesmo m\u00eas, na\u00a0<a href=\"http:\/\/www1.tce.pr.gov.br\/conteudo\/diario-eletronico-2147-2019-de-19-09-2019\/324457\/area\/10\">edi\u00e7\u00e3o n\u00ba 2.147 do\u00a0<em>Di\u00e1rio Eletr\u00f4nico<\/em>\u00a0do TCE-PR (DETC)<\/a>.<\/p>\n<p><strong><u>Servi\u00e7o<\/u><\/strong><\/p>\n<table border=\"0\" width=\"640\" cellspacing=\"0\" cellpadding=\"0\">\n<tbody>\n<tr>\n<td><strong>Processo n\u00ba<\/strong>:<\/td>\n<td>865852\/18<\/td>\n<\/tr>\n<tr>\n<td><strong>Ac\u00f3rd\u00e3o n\u00ba<\/strong>:<\/td>\n<td>2788\/19 &#8211; Tribunal Pleno<\/td>\n<\/tr>\n<tr>\n<td><strong>Assunto<\/strong>:<\/td>\n<td>Representa\u00e7\u00e3o da Lei n\u00ba 8.666\/1993<\/td>\n<\/tr>\n<tr>\n<td><strong>Entidade<\/strong>:<\/td>\n<td>Munic\u00edpio de Pato Branco<\/td>\n<\/tr>\n<tr>\n<td><strong>Interessados<\/strong>:<\/td>\n<td>Augustinho Zucchi, Loreci Dolores Bim e Minist\u00e9rio P\u00fablico junto ao Tribunal de Contas do Estado do Paran\u00e1<\/td>\n<\/tr>\n<tr>\n<td><strong>Relator<\/strong>:<\/td>\n<td>Conselheiro Fabio de Souza Camargo<\/td>\n<\/tr>\n<\/tbody>\n<\/table>\n<div id=\"post-7726\" class=\"post\">\n<div id=\"mycontent2\">\n<div id=\"post-7667\" class=\"post\">\n<div id=\"mycontent2\">\n<div id=\"post-7612\" class=\"post\">\n<div id=\"mycontent2\">\n<div id=\"post-7417\" class=\"post\">\n<div id=\"mycontent2\">\n<div id=\"post-7347\" class=\"post\">\n<div id=\"mycontent2\">\n<div id=\"post-7289\" class=\"post\">\n<div id=\"mycontent2\">\n<div id=\"post-7252\" class=\"post\">\n<div id=\"mycontent2\">\n<div id=\"post-7172\" class=\"post\">\n<div id=\"mycontent2\">\n<div id=\"post-7161\" class=\"post\">\n<div id=\"mycontent2\">\n<div id=\"post-7156\" class=\"post\">\n<div id=\"mycontent2\">\n<div id=\"post-7041\" class=\"post\">\n<div id=\"mycontent2\">\n<div id=\"post-6894\" class=\"post\">\n<div id=\"mycontent2\">\n<div id=\"post-6637\" class=\"post\">\n<div id=\"mycontent2\">\n<div id=\"post-6630\" class=\"post\">\n<div id=\"mycontent2\">\n<div id=\"post-6623\" class=\"post\">\n<div id=\"mycontent2\">\n<p><strong><em><cite><span id=\"cphMasterPortal_lblInicioAutor\">Fonte:\u00a0<\/span><span id=\"cphMasterPortal_lblAutor\">Diretoria de Comunica\u00e7\u00e3o Social \u2013\u00a0<\/span><\/cite><span id=\"cphMasterPortal_lblFonte\">TCE\/PR.<\/span><\/em><\/strong><\/p>\n<\/div>\n<\/div>\n<\/div>\n<\/div>\n<\/div>\n<\/div>\n<\/div>\n<\/div>\n<\/div>\n<\/div>\n<\/div>\n<\/div>\n<\/div>\n<\/div>\n<\/div>\n<\/div>\n<\/div>\n<\/div>\n<\/div>\n<\/div>\n<\/div>\n<\/div>\n<\/div>\n<\/div>\n<\/div>\n<\/div>\n<\/div>\n<\/div>\n<\/div>\n<\/div>\n","protected":false},"excerpt":{"rendered":"<p>Gra\u00e7as a um curso oferecido pelo Tribunal de Contas do Estado do Paran\u00e1 a seus jurisdicionados da Regi\u00e3o Sudoeste em Francisco Beltr\u00e3o, h\u00e1 pouco mais de um ano, a Secretaria Municipal de Sa\u00fade de Pato Branco passou a adotar metodologia apropriada para a realiza\u00e7\u00e3o de pesquisas de pre\u00e7os para subsidiar licita\u00e7\u00f5es destinadas \u00e0 aquisi\u00e7\u00e3o de [&hellip;]<\/p>\n","protected":false},"author":5,"featured_media":6997,"comment_status":"open","ping_status":"open","sticky":false,"template":"","format":"standard","meta":{"_monsterinsights_skip_tracking":false,"_monsterinsights_sitenote_active":false,"_monsterinsights_sitenote_note":"","_monsterinsights_sitenote_category":0,"footnotes":""},"categories":[15,7],"tags":[],"class_list":["post-7857","post","type-post","status-publish","format-standard","has-post-thumbnail","hentry","category-noticias-de-interesse","category-todas-as-noticias","entry","has-media"],"yoast_head":"<!-- This site is optimized with the Yoast SEO plugin v27.3 - https:\/\/yoast.com\/product\/yoast-seo-wordpress\/ -->\n<title>Pato Branco melhora pesquisas de pre\u00e7os para licita\u00e7\u00f5es ap\u00f3s curso do TCE-PR - Minist\u00e9rio P\u00fablico de Contas do Estado do Paran\u00e1<\/title>\n<meta name=\"robots\" content=\"index, follow, max-snippet:-1, max-image-preview:large, max-video-preview:-1\" \/>\n<link rel=\"canonical\" href=\"https:\/\/www.mpc.pr.gov.br\/index.php\/pato-branco-melhora-pesquisas-de-precos-para-licitacoes-apos-curso-do-tce-pr\/\" \/>\n<meta property=\"og:locale\" content=\"pt_BR\" \/>\n<meta property=\"og:type\" content=\"article\" \/>\n<meta property=\"og:title\" content=\"Pato Branco melhora pesquisas de pre\u00e7os para licita\u00e7\u00f5es ap\u00f3s curso do TCE-PR - Minist\u00e9rio P\u00fablico de Contas do Estado do Paran\u00e1\" \/>\n<meta property=\"og:description\" content=\"Gra\u00e7as a um curso oferecido pelo Tribunal de Contas do Estado do Paran\u00e1 a seus jurisdicionados da Regi\u00e3o Sudoeste em Francisco Beltr\u00e3o, h\u00e1 pouco mais de um ano, a Secretaria Municipal de Sa\u00fade de Pato Branco passou a adotar metodologia apropriada para a realiza\u00e7\u00e3o de pesquisas de pre\u00e7os para subsidiar licita\u00e7\u00f5es destinadas \u00e0 aquisi\u00e7\u00e3o de [&hellip;]\" \/>\n<meta property=\"og:url\" content=\"https:\/\/www.mpc.pr.gov.br\/index.php\/pato-branco-melhora-pesquisas-de-precos-para-licitacoes-apos-curso-do-tce-pr\/\" \/>\n<meta property=\"og:site_name\" content=\"Minist\u00e9rio P\u00fablico de Contas do Estado do Paran\u00e1\" \/>\n<meta property=\"article:publisher\" content=\"https:\/\/www.facebook.com\/mpc.pr\" \/>\n<meta property=\"article:published_time\" content=\"2019-10-14T12:03:31+00:00\" \/>\n<meta name=\"author\" content=\"giovanna.faria\" \/>\n<meta name=\"twitter:card\" content=\"summary_large_image\" \/>\n<meta name=\"twitter:label1\" content=\"Escrito por\" \/>\n\t<meta name=\"twitter:data1\" content=\"giovanna.faria\" \/>\n\t<meta name=\"twitter:label2\" content=\"Est. tempo de leitura\" \/>\n\t<meta name=\"twitter:data2\" content=\"3 minutos\" \/>\n<script type=\"application\/ld+json\" class=\"yoast-schema-graph\">{\"@context\":\"https:\\\/\\\/schema.org\",\"@graph\":[{\"@type\":\"Article\",\"@id\":\"https:\\\/\\\/www.mpc.pr.gov.br\\\/index.php\\\/pato-branco-melhora-pesquisas-de-precos-para-licitacoes-apos-curso-do-tce-pr\\\/#article\",\"isPartOf\":{\"@id\":\"https:\\\/\\\/www.mpc.pr.gov.br\\\/index.php\\\/pato-branco-melhora-pesquisas-de-precos-para-licitacoes-apos-curso-do-tce-pr\\\/\"},\"author\":{\"name\":\"giovanna.faria\",\"@id\":\"https:\\\/\\\/www.mpc.pr.gov.br\\\/#\\\/schema\\\/person\\\/d0c5cf9ebb4d8be833c419f3538cf751\"},\"headline\":\"Pato Branco melhora pesquisas de pre\u00e7os para licita\u00e7\u00f5es ap\u00f3s curso do TCE-PR\",\"datePublished\":\"2019-10-14T12:03:31+00:00\",\"mainEntityOfPage\":{\"@id\":\"https:\\\/\\\/www.mpc.pr.gov.br\\\/index.php\\\/pato-branco-melhora-pesquisas-de-precos-para-licitacoes-apos-curso-do-tce-pr\\\/\"},\"wordCount\":519,\"commentCount\":0,\"publisher\":{\"@id\":\"https:\\\/\\\/www.mpc.pr.gov.br\\\/#organization\"},\"image\":{\"@id\":\"https:\\\/\\\/www.mpc.pr.gov.br\\\/index.php\\\/pato-branco-melhora-pesquisas-de-precos-para-licitacoes-apos-curso-do-tce-pr\\\/#primaryimage\"},\"thumbnailUrl\":\"\",\"articleSection\":[\"Not\u00edcias de Interesse\",\"Todas as not\u00edcias\"],\"inLanguage\":\"pt-BR\",\"potentialAction\":[{\"@type\":\"CommentAction\",\"name\":\"Comment\",\"target\":[\"https:\\\/\\\/www.mpc.pr.gov.br\\\/index.php\\\/pato-branco-melhora-pesquisas-de-precos-para-licitacoes-apos-curso-do-tce-pr\\\/#respond\"]}]},{\"@type\":\"WebPage\",\"@id\":\"https:\\\/\\\/www.mpc.pr.gov.br\\\/index.php\\\/pato-branco-melhora-pesquisas-de-precos-para-licitacoes-apos-curso-do-tce-pr\\\/\",\"url\":\"https:\\\/\\\/www.mpc.pr.gov.br\\\/index.php\\\/pato-branco-melhora-pesquisas-de-precos-para-licitacoes-apos-curso-do-tce-pr\\\/\",\"name\":\"Pato Branco melhora pesquisas de pre\u00e7os para licita\u00e7\u00f5es ap\u00f3s curso do TCE-PR - Minist\u00e9rio P\u00fablico de Contas do Estado do Paran\u00e1\",\"isPartOf\":{\"@id\":\"https:\\\/\\\/www.mpc.pr.gov.br\\\/#website\"},\"primaryImageOfPage\":{\"@id\":\"https:\\\/\\\/www.mpc.pr.gov.br\\\/index.php\\\/pato-branco-melhora-pesquisas-de-precos-para-licitacoes-apos-curso-do-tce-pr\\\/#primaryimage\"},\"image\":{\"@id\":\"https:\\\/\\\/www.mpc.pr.gov.br\\\/index.php\\\/pato-branco-melhora-pesquisas-de-precos-para-licitacoes-apos-curso-do-tce-pr\\\/#primaryimage\"},\"thumbnailUrl\":\"\",\"datePublished\":\"2019-10-14T12:03:31+00:00\",\"breadcrumb\":{\"@id\":\"https:\\\/\\\/www.mpc.pr.gov.br\\\/index.php\\\/pato-branco-melhora-pesquisas-de-precos-para-licitacoes-apos-curso-do-tce-pr\\\/#breadcrumb\"},\"inLanguage\":\"pt-BR\",\"potentialAction\":[{\"@type\":\"ReadAction\",\"target\":[\"https:\\\/\\\/www.mpc.pr.gov.br\\\/index.php\\\/pato-branco-melhora-pesquisas-de-precos-para-licitacoes-apos-curso-do-tce-pr\\\/\"]}]},{\"@type\":\"ImageObject\",\"inLanguage\":\"pt-BR\",\"@id\":\"https:\\\/\\\/www.mpc.pr.gov.br\\\/index.php\\\/pato-branco-melhora-pesquisas-de-precos-para-licitacoes-apos-curso-do-tce-pr\\\/#primaryimage\",\"url\":\"\",\"contentUrl\":\"\"},{\"@type\":\"BreadcrumbList\",\"@id\":\"https:\\\/\\\/www.mpc.pr.gov.br\\\/index.php\\\/pato-branco-melhora-pesquisas-de-precos-para-licitacoes-apos-curso-do-tce-pr\\\/#breadcrumb\",\"itemListElement\":[{\"@type\":\"ListItem\",\"position\":1,\"name\":\"In\u00edcio\",\"item\":\"https:\\\/\\\/www.mpc.pr.gov.br\\\/\"},{\"@type\":\"ListItem\",\"position\":2,\"name\":\"Pato Branco melhora pesquisas de pre\u00e7os para licita\u00e7\u00f5es ap\u00f3s curso do TCE-PR\"}]},{\"@type\":\"WebSite\",\"@id\":\"https:\\\/\\\/www.mpc.pr.gov.br\\\/#website\",\"url\":\"https:\\\/\\\/www.mpc.pr.gov.br\\\/\",\"name\":\"Minist\u00e9rio P\u00fablico de Contas do Estado do Paran\u00e1\",\"description\":\"\",\"publisher\":{\"@id\":\"https:\\\/\\\/www.mpc.pr.gov.br\\\/#organization\"},\"potentialAction\":[{\"@type\":\"SearchAction\",\"target\":{\"@type\":\"EntryPoint\",\"urlTemplate\":\"https:\\\/\\\/www.mpc.pr.gov.br\\\/?s={search_term_string}\"},\"query-input\":{\"@type\":\"PropertyValueSpecification\",\"valueRequired\":true,\"valueName\":\"search_term_string\"}}],\"inLanguage\":\"pt-BR\"},{\"@type\":\"Organization\",\"@id\":\"https:\\\/\\\/www.mpc.pr.gov.br\\\/#organization\",\"name\":\"Minist\u00e9rio P\u00fablico de Contas do Estado do Paran\u00e1\",\"url\":\"https:\\\/\\\/www.mpc.pr.gov.br\\\/\",\"logo\":{\"@type\":\"ImageObject\",\"inLanguage\":\"pt-BR\",\"@id\":\"https:\\\/\\\/www.mpc.pr.gov.br\\\/#\\\/schema\\\/logo\\\/image\\\/\",\"url\":\"https:\\\/\\\/www.mpc.pr.gov.br\\\/wp-content\\\/uploads\\\/2020\\\/06\\\/99423647_1593460364143890_6706793420720963584_n-1-e1591387983167.png\",\"contentUrl\":\"https:\\\/\\\/www.mpc.pr.gov.br\\\/wp-content\\\/uploads\\\/2020\\\/06\\\/99423647_1593460364143890_6706793420720963584_n-1-e1591387983167.png\",\"width\":243,\"height\":73,\"caption\":\"Minist\u00e9rio P\u00fablico de Contas do Estado do Paran\u00e1\"},\"image\":{\"@id\":\"https:\\\/\\\/www.mpc.pr.gov.br\\\/#\\\/schema\\\/logo\\\/image\\\/\"},\"sameAs\":[\"https:\\\/\\\/www.facebook.com\\\/mpc.pr\",\"https:\\\/\\\/www.instagram.com\\\/mpc.pr\\\/?hl=pt-br\",\"https:\\\/\\\/www.youtube.com\\\/channel\\\/UCHri5oEM8DV0ztX57E0sBSw\"]},{\"@type\":\"Person\",\"@id\":\"https:\\\/\\\/www.mpc.pr.gov.br\\\/#\\\/schema\\\/person\\\/d0c5cf9ebb4d8be833c419f3538cf751\",\"name\":\"giovanna.faria\",\"image\":{\"@type\":\"ImageObject\",\"inLanguage\":\"pt-BR\",\"@id\":\"https:\\\/\\\/secure.gravatar.com\\\/avatar\\\/?s=96&d=mm&r=g\",\"url\":\"https:\\\/\\\/secure.gravatar.com\\\/avatar\\\/?s=96&d=mm&r=g\",\"contentUrl\":\"https:\\\/\\\/secure.gravatar.com\\\/avatar\\\/?s=96&d=mm&r=g\",\"caption\":\"giovanna.faria\"}}]}<\/script>\n<!-- \/ Yoast SEO plugin. -->","yoast_head_json":{"title":"Pato Branco melhora pesquisas de pre\u00e7os para licita\u00e7\u00f5es ap\u00f3s curso do TCE-PR - Minist\u00e9rio P\u00fablico de Contas do Estado do Paran\u00e1","robots":{"index":"index","follow":"follow","max-snippet":"max-snippet:-1","max-image-preview":"max-image-preview:large","max-video-preview":"max-video-preview:-1"},"canonical":"https:\/\/www.mpc.pr.gov.br\/index.php\/pato-branco-melhora-pesquisas-de-precos-para-licitacoes-apos-curso-do-tce-pr\/","og_locale":"pt_BR","og_type":"article","og_title":"Pato Branco melhora pesquisas de pre\u00e7os para licita\u00e7\u00f5es ap\u00f3s curso do TCE-PR - Minist\u00e9rio P\u00fablico de Contas do Estado do Paran\u00e1","og_description":"Gra\u00e7as a um curso oferecido pelo Tribunal de Contas do Estado do Paran\u00e1 a seus jurisdicionados da Regi\u00e3o Sudoeste em Francisco Beltr\u00e3o, h\u00e1 pouco mais de um ano, a Secretaria Municipal de Sa\u00fade de Pato Branco passou a adotar metodologia apropriada para a realiza\u00e7\u00e3o de pesquisas de pre\u00e7os para subsidiar licita\u00e7\u00f5es destinadas \u00e0 aquisi\u00e7\u00e3o de [&hellip;]","og_url":"https:\/\/www.mpc.pr.gov.br\/index.php\/pato-branco-melhora-pesquisas-de-precos-para-licitacoes-apos-curso-do-tce-pr\/","og_site_name":"Minist\u00e9rio P\u00fablico de Contas do Estado do Paran\u00e1","article_publisher":"https:\/\/www.facebook.com\/mpc.pr","article_published_time":"2019-10-14T12:03:31+00:00","author":"giovanna.faria","twitter_card":"summary_large_image","twitter_misc":{"Escrito por":"giovanna.faria","Est. tempo de leitura":"3 minutos"},"schema":{"@context":"https:\/\/schema.org","@graph":[{"@type":"Article","@id":"https:\/\/www.mpc.pr.gov.br\/index.php\/pato-branco-melhora-pesquisas-de-precos-para-licitacoes-apos-curso-do-tce-pr\/#article","isPartOf":{"@id":"https:\/\/www.mpc.pr.gov.br\/index.php\/pato-branco-melhora-pesquisas-de-precos-para-licitacoes-apos-curso-do-tce-pr\/"},"author":{"name":"giovanna.faria","@id":"https:\/\/www.mpc.pr.gov.br\/#\/schema\/person\/d0c5cf9ebb4d8be833c419f3538cf751"},"headline":"Pato Branco melhora pesquisas de pre\u00e7os para licita\u00e7\u00f5es ap\u00f3s curso do TCE-PR","datePublished":"2019-10-14T12:03:31+00:00","mainEntityOfPage":{"@id":"https:\/\/www.mpc.pr.gov.br\/index.php\/pato-branco-melhora-pesquisas-de-precos-para-licitacoes-apos-curso-do-tce-pr\/"},"wordCount":519,"commentCount":0,"publisher":{"@id":"https:\/\/www.mpc.pr.gov.br\/#organization"},"image":{"@id":"https:\/\/www.mpc.pr.gov.br\/index.php\/pato-branco-melhora-pesquisas-de-precos-para-licitacoes-apos-curso-do-tce-pr\/#primaryimage"},"thumbnailUrl":"","articleSection":["Not\u00edcias de Interesse","Todas as not\u00edcias"],"inLanguage":"pt-BR","potentialAction":[{"@type":"CommentAction","name":"Comment","target":["https:\/\/www.mpc.pr.gov.br\/index.php\/pato-branco-melhora-pesquisas-de-precos-para-licitacoes-apos-curso-do-tce-pr\/#respond"]}]},{"@type":"WebPage","@id":"https:\/\/www.mpc.pr.gov.br\/index.php\/pato-branco-melhora-pesquisas-de-precos-para-licitacoes-apos-curso-do-tce-pr\/","url":"https:\/\/www.mpc.pr.gov.br\/index.php\/pato-branco-melhora-pesquisas-de-precos-para-licitacoes-apos-curso-do-tce-pr\/","name":"Pato Branco melhora pesquisas de pre\u00e7os para licita\u00e7\u00f5es ap\u00f3s curso do TCE-PR - Minist\u00e9rio P\u00fablico de Contas do Estado do Paran\u00e1","isPartOf":{"@id":"https:\/\/www.mpc.pr.gov.br\/#website"},"primaryImageOfPage":{"@id":"https:\/\/www.mpc.pr.gov.br\/index.php\/pato-branco-melhora-pesquisas-de-precos-para-licitacoes-apos-curso-do-tce-pr\/#primaryimage"},"image":{"@id":"https:\/\/www.mpc.pr.gov.br\/index.php\/pato-branco-melhora-pesquisas-de-precos-para-licitacoes-apos-curso-do-tce-pr\/#primaryimage"},"thumbnailUrl":"","datePublished":"2019-10-14T12:03:31+00:00","breadcrumb":{"@id":"https:\/\/www.mpc.pr.gov.br\/index.php\/pato-branco-melhora-pesquisas-de-precos-para-licitacoes-apos-curso-do-tce-pr\/#breadcrumb"},"inLanguage":"pt-BR","potentialAction":[{"@type":"ReadAction","target":["https:\/\/www.mpc.pr.gov.br\/index.php\/pato-branco-melhora-pesquisas-de-precos-para-licitacoes-apos-curso-do-tce-pr\/"]}]},{"@type":"ImageObject","inLanguage":"pt-BR","@id":"https:\/\/www.mpc.pr.gov.br\/index.php\/pato-branco-melhora-pesquisas-de-precos-para-licitacoes-apos-curso-do-tce-pr\/#primaryimage","url":"","contentUrl":""},{"@type":"BreadcrumbList","@id":"https:\/\/www.mpc.pr.gov.br\/index.php\/pato-branco-melhora-pesquisas-de-precos-para-licitacoes-apos-curso-do-tce-pr\/#breadcrumb","itemListElement":[{"@type":"ListItem","position":1,"name":"In\u00edcio","item":"https:\/\/www.mpc.pr.gov.br\/"},{"@type":"ListItem","position":2,"name":"Pato Branco melhora pesquisas de pre\u00e7os para licita\u00e7\u00f5es ap\u00f3s curso do TCE-PR"}]},{"@type":"WebSite","@id":"https:\/\/www.mpc.pr.gov.br\/#website","url":"https:\/\/www.mpc.pr.gov.br\/","name":"Minist\u00e9rio P\u00fablico de Contas do Estado do Paran\u00e1","description":"","publisher":{"@id":"https:\/\/www.mpc.pr.gov.br\/#organization"},"potentialAction":[{"@type":"SearchAction","target":{"@type":"EntryPoint","urlTemplate":"https:\/\/www.mpc.pr.gov.br\/?s={search_term_string}"},"query-input":{"@type":"PropertyValueSpecification","valueRequired":true,"valueName":"search_term_string"}}],"inLanguage":"pt-BR"},{"@type":"Organization","@id":"https:\/\/www.mpc.pr.gov.br\/#organization","name":"Minist\u00e9rio P\u00fablico de Contas do Estado do Paran\u00e1","url":"https:\/\/www.mpc.pr.gov.br\/","logo":{"@type":"ImageObject","inLanguage":"pt-BR","@id":"https:\/\/www.mpc.pr.gov.br\/#\/schema\/logo\/image\/","url":"https:\/\/www.mpc.pr.gov.br\/wp-content\/uploads\/2020\/06\/99423647_1593460364143890_6706793420720963584_n-1-e1591387983167.png","contentUrl":"https:\/\/www.mpc.pr.gov.br\/wp-content\/uploads\/2020\/06\/99423647_1593460364143890_6706793420720963584_n-1-e1591387983167.png","width":243,"height":73,"caption":"Minist\u00e9rio P\u00fablico de Contas do Estado do Paran\u00e1"},"image":{"@id":"https:\/\/www.mpc.pr.gov.br\/#\/schema\/logo\/image\/"},"sameAs":["https:\/\/www.facebook.com\/mpc.pr","https:\/\/www.instagram.com\/mpc.pr\/?hl=pt-br","https:\/\/www.youtube.com\/channel\/UCHri5oEM8DV0ztX57E0sBSw"]},{"@type":"Person","@id":"https:\/\/www.mpc.pr.gov.br\/#\/schema\/person\/d0c5cf9ebb4d8be833c419f3538cf751","name":"giovanna.faria","image":{"@type":"ImageObject","inLanguage":"pt-BR","@id":"https:\/\/secure.gravatar.com\/avatar\/?s=96&d=mm&r=g","url":"https:\/\/secure.gravatar.com\/avatar\/?s=96&d=mm&r=g","contentUrl":"https:\/\/secure.gravatar.com\/avatar\/?s=96&d=mm&r=g","caption":"giovanna.faria"}}]}},"rttpg_featured_image_url":null,"rttpg_author":{"display_name":"giovanna.faria","author_link":"https:\/\/www.mpc.pr.gov.br\/index.php\/author\/giovanna-faria\/"},"rttpg_comment":0,"rttpg_category":"<a href=\"https:\/\/www.mpc.pr.gov.br\/index.php\/category\/noticias-de-interesse\/\" rel=\"category tag\">Not\u00edcias de Interesse<\/a> <a href=\"https:\/\/www.mpc.pr.gov.br\/index.php\/category\/todas-as-noticias\/\" rel=\"category tag\">Todas as not\u00edcias<\/a>","rttpg_excerpt":"Gra\u00e7as a um curso oferecido pelo Tribunal de Contas do Estado do Paran\u00e1 a seus jurisdicionados da Regi\u00e3o Sudoeste em Francisco Beltr\u00e3o, h\u00e1 pouco mais de um ano, a Secretaria Municipal de Sa\u00fade de Pato Branco passou a adotar metodologia apropriada para a realiza\u00e7\u00e3o de pesquisas de pre\u00e7os para subsidiar licita\u00e7\u00f5es destinadas \u00e0 aquisi\u00e7\u00e3o de&hellip;","_links":{"self":[{"href":"https:\/\/www.mpc.pr.gov.br\/index.php\/wp-json\/wp\/v2\/posts\/7857","targetHints":{"allow":["GET"]}}],"collection":[{"href":"https:\/\/www.mpc.pr.gov.br\/index.php\/wp-json\/wp\/v2\/posts"}],"about":[{"href":"https:\/\/www.mpc.pr.gov.br\/index.php\/wp-json\/wp\/v2\/types\/post"}],"author":[{"embeddable":true,"href":"https:\/\/www.mpc.pr.gov.br\/index.php\/wp-json\/wp\/v2\/users\/5"}],"replies":[{"embeddable":true,"href":"https:\/\/www.mpc.pr.gov.br\/index.php\/wp-json\/wp\/v2\/comments?post=7857"}],"version-history":[{"count":0,"href":"https:\/\/www.mpc.pr.gov.br\/index.php\/wp-json\/wp\/v2\/posts\/7857\/revisions"}],"wp:featuredmedia":[{"embeddable":true,"href":"https:\/\/www.mpc.pr.gov.br\/index.php\/wp-json\/"}],"wp:attachment":[{"href":"https:\/\/www.mpc.pr.gov.br\/index.php\/wp-json\/wp\/v2\/media?parent=7857"}],"wp:term":[{"taxonomy":"category","embeddable":true,"href":"https:\/\/www.mpc.pr.gov.br\/index.php\/wp-json\/wp\/v2\/categories?post=7857"},{"taxonomy":"post_tag","embeddable":true,"href":"https:\/\/www.mpc.pr.gov.br\/index.php\/wp-json\/wp\/v2\/tags?post=7857"}],"curies":[{"name":"wp","href":"https:\/\/api.w.org\/{rel}","templated":true}]}}