{"id":7877,"date":"2019-10-16T15:45:00","date_gmt":"2019-10-16T18:45:00","guid":{"rendered":"http:\/\/www.mpc.pr.gov.br\/?p=7877"},"modified":"2019-10-16T15:45:00","modified_gmt":"2019-10-16T18:45:00","slug":"mp-de-contas-alerta-joaquim-tavora-sobre-possiveis-irregularidades-e-municipio-suspende-edital","status":"publish","type":"post","link":"https:\/\/www.mpc.pr.gov.br\/index.php\/mp-de-contas-alerta-joaquim-tavora-sobre-possiveis-irregularidades-e-municipio-suspende-edital\/","title":{"rendered":"MP de Contas alerta Joaquim T\u00e1vora sobre poss\u00edveis irregularidades e munic\u00edpio suspende edital"},"content":{"rendered":"<p><img fetchpriority=\"high\" decoding=\"async\" class=\"alignleft size-medium wp-image-6992\" src=\"http:\/\/www.mpc.pr.gov.br\/wp-content\/uploads\/2019\/04\/medicamentos-300x200.jpg\" alt=\"\" width=\"300\" height=\"200\" \/>O munic\u00edpio de Joaquim T\u00e1vora revogou o Preg\u00e3o n\u00b0 74\/2019, destinado a contrata\u00e7\u00e3o de empresa para aquisi\u00e7\u00e3o de medicamentos, ap\u00f3s o MP de Contas do Paran\u00e1 solicitar esclarecimentos quanto a n\u00e3o divulga\u00e7\u00e3o no Portal da Transpar\u00eancias dos documentos relativos \u00e0 sess\u00e3o de julgamento do edital e a justificativa para a n\u00e3o utiliza\u00e7\u00e3o do C\u00f3digo BR.<\/p>\n<p>O \u00f3rg\u00e3o ministerial estava realizando a fiscaliza\u00e7\u00e3o preventiva das licita\u00e7\u00f5es para compra de medicamentos, como parte do Projeto de Atua\u00e7\u00e3o Especial na \u00e1rea da sa\u00fade, quanto verificou a falha ao atendimento a Lei de Acesso \u00e0 Informa\u00e7\u00e3o (Lei n\u00b0 12527\/2011).<\/p>\n<p>Uma an\u00e1lise mais detalhada do Preg\u00e3o revelou que o munic\u00edpio n\u00e3o utilizou o C\u00f3digo BR do Cat\u00e1logo de Compras do Comprasnet. O uso de tal ferramenta facilita a pesquisa de pre\u00e7o e a identifica\u00e7\u00e3o dos medicamentos que se pretende adquirir, uma vez que um mesmo f\u00e1rmaco pode se apresentar em diferentes posologias e variadas apresenta\u00e7\u00f5es como em c\u00e1psula, frasco, flaconete e etc.<\/p>\n<p>Por meio do Canal de Comunica\u00e7\u00e3o (CACO) do Tribunal de Contas do Estado do Paran\u00e1 (TCE-PR), o MPC-PR questionou o munic\u00edpio sobre tais falhas. Al\u00e9m disso, tamb\u00e9m solicitou maiores informa\u00e7\u00f5es sobre a metodologia adotada para composi\u00e7\u00e3o dos pre\u00e7os no Preg\u00e3o.<\/p>\n<p>Em resposta, o munic\u00edpio informou que resolveu revogar o certame, afim de realizar a padroniza\u00e7\u00e3o dos medicamentos conforme o C\u00f3digo BR e fazer uso do Banco de Pre\u00e7os em Sa\u00fade (BPS) para a pesquisa de pre\u00e7os dos produtos que o munic\u00edpio pretende adquirir.<\/p>\n<p>Apesar das medidas adotadas para corre\u00e7\u00e3o de poss\u00edveis irregularidades, o MP de Contas resolveu expedir uma Recomenda\u00e7\u00e3o Administrativa (n\u00b0 135\/2019) ao munic\u00edpio. Entre as medidas recomendadas destaca-se que nas pr\u00f3ximas licita\u00e7\u00f5es o munic\u00edpio identifique os medicamentos com o C\u00f3digo BR, tanto na fase interna quanto externa do certame, observando rigorosamente a compatibilidade do c\u00f3digo e sua descri\u00e7\u00e3o com o medicamento.<\/p>\n<p>Al\u00e9m disso, ao utilizar essa identifica\u00e7\u00e3o, os medicamentos ali constantes tamb\u00e9m s\u00e3o os adotados pelo BPS, a qual todos os entes federados est\u00e3o obrigados a alimentar por for\u00e7a da Resolu\u00e7\u00e3o n\u00ba 18\/2017 da Comiss\u00e3o Intergestores Tripartite.<\/p>\n<p>Essa obriga\u00e7\u00e3o foi alvo de uma das recomenda\u00e7\u00f5es, que tamb\u00e9m solicita que os gestores estabele\u00e7am uma metodologia de composi\u00e7\u00e3o de pre\u00e7os de refer\u00eancia mediante a conjuga\u00e7\u00e3o de pre\u00e7os constantes no BPS, de pre\u00e7os praticados pela Administra\u00e7\u00e3o P\u00fablica na regi\u00e3o do munic\u00edpio e no mercado regional, bem como outras fontes de pesquisa.<\/p>\n<p>Outros pontos destacados pelo \u00f3rg\u00e3o ministerial \u00e9 para que o munic\u00edpio deixe de promover licita\u00e7\u00f5es no formato de lista fechada, de \u201cA\u201d a \u201cZ\u201d, via tabela CMED e\/ou ANVISA, com o crit\u00e9rio de maior desconto sobre tal lista; designe comiss\u00e3o de recebimento de materiais, especialmente quanto \u00e0 entrega de medicamentos; e que promova a publica\u00e7\u00e3o na \u00edntegra de todos os documentos referentes aos procedimentos licitat\u00f3rios, no respectivo portal da transpar\u00eancia.<\/p>\n<p>A Recomenda\u00e7\u00e3o Administrativa n\u00b0 135\/2019 ser\u00e1 disponibilizada no site do MPC-PR, ap\u00f3s publica\u00e7\u00e3o do Di\u00e1rio Eletr\u00f4nico do TCE-PR.<\/p>\n","protected":false},"excerpt":{"rendered":"<p>O munic\u00edpio de Joaquim T\u00e1vora revogou o Preg\u00e3o n\u00b0 74\/2019, destinado a contrata\u00e7\u00e3o de empresa para aquisi\u00e7\u00e3o de medicamentos, ap\u00f3s o MP de Contas do Paran\u00e1 solicitar esclarecimentos quanto a n\u00e3o divulga\u00e7\u00e3o no Portal da Transpar\u00eancias dos documentos relativos \u00e0 sess\u00e3o de julgamento do edital e a justificativa para a n\u00e3o utiliza\u00e7\u00e3o do C\u00f3digo BR. [&hellip;]<\/p>\n","protected":false},"author":5,"featured_media":6992,"comment_status":"open","ping_status":"open","sticky":false,"template":"","format":"standard","meta":{"_monsterinsights_skip_tracking":false,"_monsterinsights_sitenote_active":false,"_monsterinsights_sitenote_note":"","_monsterinsights_sitenote_category":0,"footnotes":""},"categories":[7,14],"tags":[],"class_list":["post-7877","post","type-post","status-publish","format-standard","has-post-thumbnail","hentry","category-todas-as-noticias","category-ultimas-noticias","entry","has-media"],"yoast_head":"<!-- This site is optimized with the Yoast SEO plugin v27.3 - https:\/\/yoast.com\/product\/yoast-seo-wordpress\/ -->\n<title>MP de Contas alerta Joaquim T\u00e1vora sobre poss\u00edveis irregularidades e munic\u00edpio suspende edital - Minist\u00e9rio P\u00fablico de Contas do Estado do Paran\u00e1<\/title>\n<meta name=\"robots\" content=\"index, follow, max-snippet:-1, max-image-preview:large, max-video-preview:-1\" \/>\n<link rel=\"canonical\" href=\"https:\/\/www.mpc.pr.gov.br\/index.php\/mp-de-contas-alerta-joaquim-tavora-sobre-possiveis-irregularidades-e-municipio-suspende-edital\/\" \/>\n<meta property=\"og:locale\" content=\"pt_BR\" \/>\n<meta property=\"og:type\" content=\"article\" \/>\n<meta property=\"og:title\" content=\"MP de Contas alerta Joaquim T\u00e1vora sobre poss\u00edveis irregularidades e munic\u00edpio suspende edital - Minist\u00e9rio P\u00fablico de Contas do Estado do Paran\u00e1\" \/>\n<meta property=\"og:description\" content=\"O munic\u00edpio de Joaquim T\u00e1vora revogou o Preg\u00e3o n\u00b0 74\/2019, destinado a contrata\u00e7\u00e3o de empresa para aquisi\u00e7\u00e3o de medicamentos, ap\u00f3s o MP de Contas do Paran\u00e1 solicitar esclarecimentos quanto a n\u00e3o divulga\u00e7\u00e3o no Portal da Transpar\u00eancias dos documentos relativos \u00e0 sess\u00e3o de julgamento do edital e a justificativa para a n\u00e3o utiliza\u00e7\u00e3o do C\u00f3digo BR. [&hellip;]\" \/>\n<meta property=\"og:url\" content=\"https:\/\/www.mpc.pr.gov.br\/index.php\/mp-de-contas-alerta-joaquim-tavora-sobre-possiveis-irregularidades-e-municipio-suspende-edital\/\" \/>\n<meta property=\"og:site_name\" content=\"Minist\u00e9rio P\u00fablico de Contas do Estado do Paran\u00e1\" \/>\n<meta property=\"article:publisher\" content=\"https:\/\/www.facebook.com\/mpc.pr\" \/>\n<meta property=\"article:published_time\" content=\"2019-10-16T18:45:00+00:00\" \/>\n<meta name=\"author\" content=\"giovanna.faria\" \/>\n<meta name=\"twitter:card\" content=\"summary_large_image\" \/>\n<meta name=\"twitter:label1\" content=\"Escrito por\" \/>\n\t<meta name=\"twitter:data1\" content=\"giovanna.faria\" \/>\n\t<meta name=\"twitter:label2\" content=\"Est. tempo de leitura\" \/>\n\t<meta name=\"twitter:data2\" content=\"3 minutos\" \/>\n<script type=\"application\/ld+json\" class=\"yoast-schema-graph\">{\"@context\":\"https:\\\/\\\/schema.org\",\"@graph\":[{\"@type\":\"Article\",\"@id\":\"https:\\\/\\\/www.mpc.pr.gov.br\\\/index.php\\\/mp-de-contas-alerta-joaquim-tavora-sobre-possiveis-irregularidades-e-municipio-suspende-edital\\\/#article\",\"isPartOf\":{\"@id\":\"https:\\\/\\\/www.mpc.pr.gov.br\\\/index.php\\\/mp-de-contas-alerta-joaquim-tavora-sobre-possiveis-irregularidades-e-municipio-suspende-edital\\\/\"},\"author\":{\"name\":\"giovanna.faria\",\"@id\":\"https:\\\/\\\/www.mpc.pr.gov.br\\\/#\\\/schema\\\/person\\\/d0c5cf9ebb4d8be833c419f3538cf751\"},\"headline\":\"MP de Contas alerta Joaquim T\u00e1vora sobre poss\u00edveis irregularidades e munic\u00edpio suspende edital\",\"datePublished\":\"2019-10-16T18:45:00+00:00\",\"mainEntityOfPage\":{\"@id\":\"https:\\\/\\\/www.mpc.pr.gov.br\\\/index.php\\\/mp-de-contas-alerta-joaquim-tavora-sobre-possiveis-irregularidades-e-municipio-suspende-edital\\\/\"},\"wordCount\":573,\"commentCount\":0,\"publisher\":{\"@id\":\"https:\\\/\\\/www.mpc.pr.gov.br\\\/#organization\"},\"image\":{\"@id\":\"https:\\\/\\\/www.mpc.pr.gov.br\\\/index.php\\\/mp-de-contas-alerta-joaquim-tavora-sobre-possiveis-irregularidades-e-municipio-suspende-edital\\\/#primaryimage\"},\"thumbnailUrl\":\"\",\"articleSection\":[\"Todas as not\u00edcias\",\"\u00daltimas not\u00edcias\"],\"inLanguage\":\"pt-BR\",\"potentialAction\":[{\"@type\":\"CommentAction\",\"name\":\"Comment\",\"target\":[\"https:\\\/\\\/www.mpc.pr.gov.br\\\/index.php\\\/mp-de-contas-alerta-joaquim-tavora-sobre-possiveis-irregularidades-e-municipio-suspende-edital\\\/#respond\"]}]},{\"@type\":\"WebPage\",\"@id\":\"https:\\\/\\\/www.mpc.pr.gov.br\\\/index.php\\\/mp-de-contas-alerta-joaquim-tavora-sobre-possiveis-irregularidades-e-municipio-suspende-edital\\\/\",\"url\":\"https:\\\/\\\/www.mpc.pr.gov.br\\\/index.php\\\/mp-de-contas-alerta-joaquim-tavora-sobre-possiveis-irregularidades-e-municipio-suspende-edital\\\/\",\"name\":\"MP de Contas alerta Joaquim T\u00e1vora sobre poss\u00edveis irregularidades e munic\u00edpio suspende edital - Minist\u00e9rio P\u00fablico de Contas do Estado do Paran\u00e1\",\"isPartOf\":{\"@id\":\"https:\\\/\\\/www.mpc.pr.gov.br\\\/#website\"},\"primaryImageOfPage\":{\"@id\":\"https:\\\/\\\/www.mpc.pr.gov.br\\\/index.php\\\/mp-de-contas-alerta-joaquim-tavora-sobre-possiveis-irregularidades-e-municipio-suspende-edital\\\/#primaryimage\"},\"image\":{\"@id\":\"https:\\\/\\\/www.mpc.pr.gov.br\\\/index.php\\\/mp-de-contas-alerta-joaquim-tavora-sobre-possiveis-irregularidades-e-municipio-suspende-edital\\\/#primaryimage\"},\"thumbnailUrl\":\"\",\"datePublished\":\"2019-10-16T18:45:00+00:00\",\"breadcrumb\":{\"@id\":\"https:\\\/\\\/www.mpc.pr.gov.br\\\/index.php\\\/mp-de-contas-alerta-joaquim-tavora-sobre-possiveis-irregularidades-e-municipio-suspende-edital\\\/#breadcrumb\"},\"inLanguage\":\"pt-BR\",\"potentialAction\":[{\"@type\":\"ReadAction\",\"target\":[\"https:\\\/\\\/www.mpc.pr.gov.br\\\/index.php\\\/mp-de-contas-alerta-joaquim-tavora-sobre-possiveis-irregularidades-e-municipio-suspende-edital\\\/\"]}]},{\"@type\":\"ImageObject\",\"inLanguage\":\"pt-BR\",\"@id\":\"https:\\\/\\\/www.mpc.pr.gov.br\\\/index.php\\\/mp-de-contas-alerta-joaquim-tavora-sobre-possiveis-irregularidades-e-municipio-suspende-edital\\\/#primaryimage\",\"url\":\"\",\"contentUrl\":\"\"},{\"@type\":\"BreadcrumbList\",\"@id\":\"https:\\\/\\\/www.mpc.pr.gov.br\\\/index.php\\\/mp-de-contas-alerta-joaquim-tavora-sobre-possiveis-irregularidades-e-municipio-suspende-edital\\\/#breadcrumb\",\"itemListElement\":[{\"@type\":\"ListItem\",\"position\":1,\"name\":\"In\u00edcio\",\"item\":\"https:\\\/\\\/www.mpc.pr.gov.br\\\/\"},{\"@type\":\"ListItem\",\"position\":2,\"name\":\"MP de Contas alerta Joaquim T\u00e1vora sobre poss\u00edveis irregularidades e munic\u00edpio suspende edital\"}]},{\"@type\":\"WebSite\",\"@id\":\"https:\\\/\\\/www.mpc.pr.gov.br\\\/#website\",\"url\":\"https:\\\/\\\/www.mpc.pr.gov.br\\\/\",\"name\":\"Minist\u00e9rio P\u00fablico de Contas do Estado do Paran\u00e1\",\"description\":\"\",\"publisher\":{\"@id\":\"https:\\\/\\\/www.mpc.pr.gov.br\\\/#organization\"},\"potentialAction\":[{\"@type\":\"SearchAction\",\"target\":{\"@type\":\"EntryPoint\",\"urlTemplate\":\"https:\\\/\\\/www.mpc.pr.gov.br\\\/?s={search_term_string}\"},\"query-input\":{\"@type\":\"PropertyValueSpecification\",\"valueRequired\":true,\"valueName\":\"search_term_string\"}}],\"inLanguage\":\"pt-BR\"},{\"@type\":\"Organization\",\"@id\":\"https:\\\/\\\/www.mpc.pr.gov.br\\\/#organization\",\"name\":\"Minist\u00e9rio P\u00fablico de Contas do Estado do Paran\u00e1\",\"url\":\"https:\\\/\\\/www.mpc.pr.gov.br\\\/\",\"logo\":{\"@type\":\"ImageObject\",\"inLanguage\":\"pt-BR\",\"@id\":\"https:\\\/\\\/www.mpc.pr.gov.br\\\/#\\\/schema\\\/logo\\\/image\\\/\",\"url\":\"https:\\\/\\\/www.mpc.pr.gov.br\\\/wp-content\\\/uploads\\\/2020\\\/06\\\/99423647_1593460364143890_6706793420720963584_n-1-e1591387983167.png\",\"contentUrl\":\"https:\\\/\\\/www.mpc.pr.gov.br\\\/wp-content\\\/uploads\\\/2020\\\/06\\\/99423647_1593460364143890_6706793420720963584_n-1-e1591387983167.png\",\"width\":243,\"height\":73,\"caption\":\"Minist\u00e9rio P\u00fablico de Contas do Estado do Paran\u00e1\"},\"image\":{\"@id\":\"https:\\\/\\\/www.mpc.pr.gov.br\\\/#\\\/schema\\\/logo\\\/image\\\/\"},\"sameAs\":[\"https:\\\/\\\/www.facebook.com\\\/mpc.pr\",\"https:\\\/\\\/www.instagram.com\\\/mpc.pr\\\/?hl=pt-br\",\"https:\\\/\\\/www.youtube.com\\\/channel\\\/UCHri5oEM8DV0ztX57E0sBSw\"]},{\"@type\":\"Person\",\"@id\":\"https:\\\/\\\/www.mpc.pr.gov.br\\\/#\\\/schema\\\/person\\\/d0c5cf9ebb4d8be833c419f3538cf751\",\"name\":\"giovanna.faria\",\"image\":{\"@type\":\"ImageObject\",\"inLanguage\":\"pt-BR\",\"@id\":\"https:\\\/\\\/secure.gravatar.com\\\/avatar\\\/?s=96&d=mm&r=g\",\"url\":\"https:\\\/\\\/secure.gravatar.com\\\/avatar\\\/?s=96&d=mm&r=g\",\"contentUrl\":\"https:\\\/\\\/secure.gravatar.com\\\/avatar\\\/?s=96&d=mm&r=g\",\"caption\":\"giovanna.faria\"}}]}<\/script>\n<!-- \/ Yoast SEO plugin. -->","yoast_head_json":{"title":"MP de Contas alerta Joaquim T\u00e1vora sobre poss\u00edveis irregularidades e munic\u00edpio suspende edital - Minist\u00e9rio P\u00fablico de Contas do Estado do Paran\u00e1","robots":{"index":"index","follow":"follow","max-snippet":"max-snippet:-1","max-image-preview":"max-image-preview:large","max-video-preview":"max-video-preview:-1"},"canonical":"https:\/\/www.mpc.pr.gov.br\/index.php\/mp-de-contas-alerta-joaquim-tavora-sobre-possiveis-irregularidades-e-municipio-suspende-edital\/","og_locale":"pt_BR","og_type":"article","og_title":"MP de Contas alerta Joaquim T\u00e1vora sobre poss\u00edveis irregularidades e munic\u00edpio suspende edital - Minist\u00e9rio P\u00fablico de Contas do Estado do Paran\u00e1","og_description":"O munic\u00edpio de Joaquim T\u00e1vora revogou o Preg\u00e3o n\u00b0 74\/2019, destinado a contrata\u00e7\u00e3o de empresa para aquisi\u00e7\u00e3o de medicamentos, ap\u00f3s o MP de Contas do Paran\u00e1 solicitar esclarecimentos quanto a n\u00e3o divulga\u00e7\u00e3o no Portal da Transpar\u00eancias dos documentos relativos \u00e0 sess\u00e3o de julgamento do edital e a justificativa para a n\u00e3o utiliza\u00e7\u00e3o do C\u00f3digo BR. [&hellip;]","og_url":"https:\/\/www.mpc.pr.gov.br\/index.php\/mp-de-contas-alerta-joaquim-tavora-sobre-possiveis-irregularidades-e-municipio-suspende-edital\/","og_site_name":"Minist\u00e9rio P\u00fablico de Contas do Estado do Paran\u00e1","article_publisher":"https:\/\/www.facebook.com\/mpc.pr","article_published_time":"2019-10-16T18:45:00+00:00","author":"giovanna.faria","twitter_card":"summary_large_image","twitter_misc":{"Escrito por":"giovanna.faria","Est. tempo de leitura":"3 minutos"},"schema":{"@context":"https:\/\/schema.org","@graph":[{"@type":"Article","@id":"https:\/\/www.mpc.pr.gov.br\/index.php\/mp-de-contas-alerta-joaquim-tavora-sobre-possiveis-irregularidades-e-municipio-suspende-edital\/#article","isPartOf":{"@id":"https:\/\/www.mpc.pr.gov.br\/index.php\/mp-de-contas-alerta-joaquim-tavora-sobre-possiveis-irregularidades-e-municipio-suspende-edital\/"},"author":{"name":"giovanna.faria","@id":"https:\/\/www.mpc.pr.gov.br\/#\/schema\/person\/d0c5cf9ebb4d8be833c419f3538cf751"},"headline":"MP de Contas alerta Joaquim T\u00e1vora sobre poss\u00edveis irregularidades e munic\u00edpio suspende edital","datePublished":"2019-10-16T18:45:00+00:00","mainEntityOfPage":{"@id":"https:\/\/www.mpc.pr.gov.br\/index.php\/mp-de-contas-alerta-joaquim-tavora-sobre-possiveis-irregularidades-e-municipio-suspende-edital\/"},"wordCount":573,"commentCount":0,"publisher":{"@id":"https:\/\/www.mpc.pr.gov.br\/#organization"},"image":{"@id":"https:\/\/www.mpc.pr.gov.br\/index.php\/mp-de-contas-alerta-joaquim-tavora-sobre-possiveis-irregularidades-e-municipio-suspende-edital\/#primaryimage"},"thumbnailUrl":"","articleSection":["Todas as not\u00edcias","\u00daltimas not\u00edcias"],"inLanguage":"pt-BR","potentialAction":[{"@type":"CommentAction","name":"Comment","target":["https:\/\/www.mpc.pr.gov.br\/index.php\/mp-de-contas-alerta-joaquim-tavora-sobre-possiveis-irregularidades-e-municipio-suspende-edital\/#respond"]}]},{"@type":"WebPage","@id":"https:\/\/www.mpc.pr.gov.br\/index.php\/mp-de-contas-alerta-joaquim-tavora-sobre-possiveis-irregularidades-e-municipio-suspende-edital\/","url":"https:\/\/www.mpc.pr.gov.br\/index.php\/mp-de-contas-alerta-joaquim-tavora-sobre-possiveis-irregularidades-e-municipio-suspende-edital\/","name":"MP de Contas alerta Joaquim T\u00e1vora sobre poss\u00edveis irregularidades e munic\u00edpio suspende edital - Minist\u00e9rio P\u00fablico de Contas do Estado do Paran\u00e1","isPartOf":{"@id":"https:\/\/www.mpc.pr.gov.br\/#website"},"primaryImageOfPage":{"@id":"https:\/\/www.mpc.pr.gov.br\/index.php\/mp-de-contas-alerta-joaquim-tavora-sobre-possiveis-irregularidades-e-municipio-suspende-edital\/#primaryimage"},"image":{"@id":"https:\/\/www.mpc.pr.gov.br\/index.php\/mp-de-contas-alerta-joaquim-tavora-sobre-possiveis-irregularidades-e-municipio-suspende-edital\/#primaryimage"},"thumbnailUrl":"","datePublished":"2019-10-16T18:45:00+00:00","breadcrumb":{"@id":"https:\/\/www.mpc.pr.gov.br\/index.php\/mp-de-contas-alerta-joaquim-tavora-sobre-possiveis-irregularidades-e-municipio-suspende-edital\/#breadcrumb"},"inLanguage":"pt-BR","potentialAction":[{"@type":"ReadAction","target":["https:\/\/www.mpc.pr.gov.br\/index.php\/mp-de-contas-alerta-joaquim-tavora-sobre-possiveis-irregularidades-e-municipio-suspende-edital\/"]}]},{"@type":"ImageObject","inLanguage":"pt-BR","@id":"https:\/\/www.mpc.pr.gov.br\/index.php\/mp-de-contas-alerta-joaquim-tavora-sobre-possiveis-irregularidades-e-municipio-suspende-edital\/#primaryimage","url":"","contentUrl":""},{"@type":"BreadcrumbList","@id":"https:\/\/www.mpc.pr.gov.br\/index.php\/mp-de-contas-alerta-joaquim-tavora-sobre-possiveis-irregularidades-e-municipio-suspende-edital\/#breadcrumb","itemListElement":[{"@type":"ListItem","position":1,"name":"In\u00edcio","item":"https:\/\/www.mpc.pr.gov.br\/"},{"@type":"ListItem","position":2,"name":"MP de Contas alerta Joaquim T\u00e1vora sobre poss\u00edveis irregularidades e munic\u00edpio suspende edital"}]},{"@type":"WebSite","@id":"https:\/\/www.mpc.pr.gov.br\/#website","url":"https:\/\/www.mpc.pr.gov.br\/","name":"Minist\u00e9rio P\u00fablico de Contas do Estado do Paran\u00e1","description":"","publisher":{"@id":"https:\/\/www.mpc.pr.gov.br\/#organization"},"potentialAction":[{"@type":"SearchAction","target":{"@type":"EntryPoint","urlTemplate":"https:\/\/www.mpc.pr.gov.br\/?s={search_term_string}"},"query-input":{"@type":"PropertyValueSpecification","valueRequired":true,"valueName":"search_term_string"}}],"inLanguage":"pt-BR"},{"@type":"Organization","@id":"https:\/\/www.mpc.pr.gov.br\/#organization","name":"Minist\u00e9rio P\u00fablico de Contas do Estado do Paran\u00e1","url":"https:\/\/www.mpc.pr.gov.br\/","logo":{"@type":"ImageObject","inLanguage":"pt-BR","@id":"https:\/\/www.mpc.pr.gov.br\/#\/schema\/logo\/image\/","url":"https:\/\/www.mpc.pr.gov.br\/wp-content\/uploads\/2020\/06\/99423647_1593460364143890_6706793420720963584_n-1-e1591387983167.png","contentUrl":"https:\/\/www.mpc.pr.gov.br\/wp-content\/uploads\/2020\/06\/99423647_1593460364143890_6706793420720963584_n-1-e1591387983167.png","width":243,"height":73,"caption":"Minist\u00e9rio P\u00fablico de Contas do Estado do Paran\u00e1"},"image":{"@id":"https:\/\/www.mpc.pr.gov.br\/#\/schema\/logo\/image\/"},"sameAs":["https:\/\/www.facebook.com\/mpc.pr","https:\/\/www.instagram.com\/mpc.pr\/?hl=pt-br","https:\/\/www.youtube.com\/channel\/UCHri5oEM8DV0ztX57E0sBSw"]},{"@type":"Person","@id":"https:\/\/www.mpc.pr.gov.br\/#\/schema\/person\/d0c5cf9ebb4d8be833c419f3538cf751","name":"giovanna.faria","image":{"@type":"ImageObject","inLanguage":"pt-BR","@id":"https:\/\/secure.gravatar.com\/avatar\/?s=96&d=mm&r=g","url":"https:\/\/secure.gravatar.com\/avatar\/?s=96&d=mm&r=g","contentUrl":"https:\/\/secure.gravatar.com\/avatar\/?s=96&d=mm&r=g","caption":"giovanna.faria"}}]}},"rttpg_featured_image_url":null,"rttpg_author":{"display_name":"giovanna.faria","author_link":"https:\/\/www.mpc.pr.gov.br\/index.php\/author\/giovanna-faria\/"},"rttpg_comment":0,"rttpg_category":"<a href=\"https:\/\/www.mpc.pr.gov.br\/index.php\/category\/todas-as-noticias\/\" rel=\"category tag\">Todas as not\u00edcias<\/a> <a href=\"https:\/\/www.mpc.pr.gov.br\/index.php\/category\/ultimas-noticias\/\" rel=\"category tag\">\u00daltimas not\u00edcias<\/a>","rttpg_excerpt":"O munic\u00edpio de Joaquim T\u00e1vora revogou o Preg\u00e3o n\u00b0 74\/2019, destinado a contrata\u00e7\u00e3o de empresa para aquisi\u00e7\u00e3o de medicamentos, ap\u00f3s o MP de Contas do Paran\u00e1 solicitar esclarecimentos quanto a n\u00e3o divulga\u00e7\u00e3o no Portal da Transpar\u00eancias dos documentos relativos \u00e0 sess\u00e3o de julgamento do edital e a justificativa para a n\u00e3o utiliza\u00e7\u00e3o do C\u00f3digo BR.&hellip;","_links":{"self":[{"href":"https:\/\/www.mpc.pr.gov.br\/index.php\/wp-json\/wp\/v2\/posts\/7877","targetHints":{"allow":["GET"]}}],"collection":[{"href":"https:\/\/www.mpc.pr.gov.br\/index.php\/wp-json\/wp\/v2\/posts"}],"about":[{"href":"https:\/\/www.mpc.pr.gov.br\/index.php\/wp-json\/wp\/v2\/types\/post"}],"author":[{"embeddable":true,"href":"https:\/\/www.mpc.pr.gov.br\/index.php\/wp-json\/wp\/v2\/users\/5"}],"replies":[{"embeddable":true,"href":"https:\/\/www.mpc.pr.gov.br\/index.php\/wp-json\/wp\/v2\/comments?post=7877"}],"version-history":[{"count":0,"href":"https:\/\/www.mpc.pr.gov.br\/index.php\/wp-json\/wp\/v2\/posts\/7877\/revisions"}],"wp:featuredmedia":[{"embeddable":true,"href":"https:\/\/www.mpc.pr.gov.br\/index.php\/wp-json\/"}],"wp:attachment":[{"href":"https:\/\/www.mpc.pr.gov.br\/index.php\/wp-json\/wp\/v2\/media?parent=7877"}],"wp:term":[{"taxonomy":"category","embeddable":true,"href":"https:\/\/www.mpc.pr.gov.br\/index.php\/wp-json\/wp\/v2\/categories?post=7877"},{"taxonomy":"post_tag","embeddable":true,"href":"https:\/\/www.mpc.pr.gov.br\/index.php\/wp-json\/wp\/v2\/tags?post=7877"}],"curies":[{"name":"wp","href":"https:\/\/api.w.org\/{rel}","templated":true}]}}