{"id":8020,"date":"2019-11-18T10:55:44","date_gmt":"2019-11-18T13:55:44","guid":{"rendered":"http:\/\/www.mpc.pr.gov.br\/?p=8020"},"modified":"2019-11-18T10:55:44","modified_gmt":"2019-11-18T13:55:44","slug":"mp-de-contas-aponta-irregularidades-no-controle-interno-e-camara-de-santa-cecilia-do-pavao-tem-contas-rejeitas-pelo-tce","status":"publish","type":"post","link":"https:\/\/www.mpc.pr.gov.br\/index.php\/mp-de-contas-aponta-irregularidades-no-controle-interno-e-camara-de-santa-cecilia-do-pavao-tem-contas-rejeitas-pelo-tce\/","title":{"rendered":"MP de Contas aponta irregularidades no Controle Interno e C\u00e2mara de Santa Cec\u00edlia do Pav\u00e3o tem contas rejeitas pelo TCE"},"content":{"rendered":"<figure id=\"attachment_8023\" aria-describedby=\"caption-attachment-8023\" style=\"width: 297px\" class=\"wp-caption alignleft\"><a href=\"http:\/\/www.mpc.pr.gov.br\/mp-de-contas-aponta-irregularidades-no-controle-interno-e-camara-de-santa-cecilia-do-pavao-tem-contas-rejeitas-pelo-tce\/fiscalizar\/\" rel=\"attachment wp-att-8023\"><img fetchpriority=\"high\" decoding=\"async\" class=\"size-full wp-image-8023\" src=\"http:\/\/www.mpc.pr.gov.br\/wp-content\/uploads\/2019\/11\/fiscalizar.jpg\" alt=\"\" width=\"297\" height=\"215\" \/><\/a><figcaption id=\"caption-attachment-8023\" class=\"wp-caption-text\">Fun\u00e7\u00e3o de controle interno precisa ser exercida por servidor efetivo que possua forma\u00e7\u00e3o e conhecimento necess\u00e1rios para o apropriado desempenho da fun\u00e7\u00e3o. Foto: Divulga\u00e7\u00e3o TCE-PR.<\/figcaption><\/figure>\n<p>O Tribunal de Contas do Paran\u00e1 (TCE-PR) julgou irregulares as contas da C\u00e2mara Municipal de Santa Cec\u00edlia do Pav\u00e3o, relativas ao exerc\u00edcio financeiro de 2017, em raz\u00e3o da aus\u00eancia de encaminhamento do Relat\u00f3rio do Controle Interno. Tal fato somado ao atraso na entrega de dados eletr\u00f4nicos mensais do Sistema de Informa\u00e7\u00f5es Municipais \u2013 Acompanhamento Mensal (SIM-AM), resultou na aplica\u00e7\u00e3o de multa ao presidente, vereador Bruno Bruno Gavioli Cest\u00e1rio (bi\u00eanio 2017-2018 e 2019-2020), no valor de R$ 7.298,90.<\/p>\n<p>O Relat\u00f3rio do Controle Interno chegou a ser entregue pela C\u00e2mara, contudo, ao proceder a an\u00e1lise da documenta\u00e7\u00e3o o MP de Contas do Paran\u00e1 (MPC-PR) verificou que os documentos foram assinados por servidor comissionado, al\u00e9m de n\u00e3o ficar demonstrada a sua qualifica\u00e7\u00e3o t\u00e9cnica para o exerc\u00edcio da fun\u00e7\u00e3o.<\/p>\n<p>Diante disso, o Legislativo foi intimado especificamente para esclarecer tais pontos. Por\u00e9m, mesmo ap\u00f3s pedirem a prorroga\u00e7\u00e3o de prazo para juntada dos documentos necess\u00e1rios, em sua manifesta\u00e7\u00e3o final nada alegaram sobre o assunto.<\/p>\n<p>Considerando a omiss\u00e3o do gestor em n\u00e3o responder os questionamentos ministeriais, subsiste a presun\u00e7\u00e3o quanto \u00e0 aus\u00eancia de qualifica\u00e7\u00e3o t\u00e9cnica do servidor designado para a fun\u00e7\u00e3o de controle interno. Al\u00e9m disso, uma vez que o servidor n\u00e3o exerce cargo efetivo, resta prejudicada a imparcialidade necess\u00e1ria para o desempenho da atividade de Controle Interno.<\/p>\n<p>\u00c0 vista disto, o MPC-PR opinou pela irregularidade das contas (<a href=\"http:\/\/www.mpc.pr.gov.br\/wp-content\/uploads\/2019\/11\/Parecer-761-19.pdf\">Parecer n\u00b0 761\/19<\/a>). O mesmo entendimento foi adotado pelo relator do processo, Conselheiro Ivan Bonilha, ao rejeitar a entrega dos documentos. Al\u00e9m disso, foram interpostas ressalvas quanto a aus\u00eancia de comprova\u00e7\u00e3o da publica\u00e7\u00e3o do Relat\u00f3rio de Gest\u00e3o Fiscal (RGF) do Terceiro Quadrimestre ou segundo semestre do exerc\u00edcio de 2016 e pela entrega dos dados do SIM-AM com atraso, que tamb\u00e9m resultou em aplica\u00e7\u00e3o de multa administrativa ao gestor respons\u00e1vel.<\/p>\n<p>Cabe recurso contra a decis\u00e3o expressa no <a href=\"http:\/\/www.mpc.pr.gov.br\/wp-content\/uploads\/2019\/11\/Ac\u00f3rd\u00e3o-3132-19.pdf\">Ac\u00f3rd\u00e3o n\u00ba 3132\/19<\/a> da Segunda C\u00e2mara.<\/p>\n","protected":false},"excerpt":{"rendered":"<p>O Tribunal de Contas do Paran\u00e1 (TCE-PR) julgou irregulares as contas da C\u00e2mara Municipal de Santa Cec\u00edlia do Pav\u00e3o, relativas ao exerc\u00edcio financeiro de 2017, em raz\u00e3o da aus\u00eancia de encaminhamento do Relat\u00f3rio do Controle Interno. Tal fato somado ao atraso na entrega de dados eletr\u00f4nicos mensais do Sistema de Informa\u00e7\u00f5es Municipais \u2013 Acompanhamento Mensal [&hellip;]<\/p>\n","protected":false},"author":5,"featured_media":8023,"comment_status":"open","ping_status":"open","sticky":false,"template":"","format":"standard","meta":{"_monsterinsights_skip_tracking":false,"_monsterinsights_sitenote_active":false,"_monsterinsights_sitenote_note":"","_monsterinsights_sitenote_category":0,"footnotes":""},"categories":[7,14],"tags":[],"class_list":["post-8020","post","type-post","status-publish","format-standard","has-post-thumbnail","hentry","category-todas-as-noticias","category-ultimas-noticias","entry","has-media"],"yoast_head":"<!-- This site is optimized with the Yoast SEO plugin v27.3 - https:\/\/yoast.com\/product\/yoast-seo-wordpress\/ -->\n<title>MP de Contas aponta irregularidades no Controle Interno e C\u00e2mara de Santa Cec\u00edlia do Pav\u00e3o tem contas rejeitas pelo TCE - Minist\u00e9rio P\u00fablico de Contas do Estado do Paran\u00e1<\/title>\n<meta name=\"robots\" content=\"index, follow, max-snippet:-1, max-image-preview:large, max-video-preview:-1\" \/>\n<link rel=\"canonical\" href=\"https:\/\/www.mpc.pr.gov.br\/index.php\/mp-de-contas-aponta-irregularidades-no-controle-interno-e-camara-de-santa-cecilia-do-pavao-tem-contas-rejeitas-pelo-tce\/\" \/>\n<meta property=\"og:locale\" content=\"pt_BR\" \/>\n<meta property=\"og:type\" content=\"article\" \/>\n<meta property=\"og:title\" content=\"MP de Contas aponta irregularidades no Controle Interno e C\u00e2mara de Santa Cec\u00edlia do Pav\u00e3o tem contas rejeitas pelo TCE - Minist\u00e9rio P\u00fablico de Contas do Estado do Paran\u00e1\" \/>\n<meta property=\"og:description\" content=\"O Tribunal de Contas do Paran\u00e1 (TCE-PR) julgou irregulares as contas da C\u00e2mara Municipal de Santa Cec\u00edlia do Pav\u00e3o, relativas ao exerc\u00edcio financeiro de 2017, em raz\u00e3o da aus\u00eancia de encaminhamento do Relat\u00f3rio do Controle Interno. Tal fato somado ao atraso na entrega de dados eletr\u00f4nicos mensais do Sistema de Informa\u00e7\u00f5es Municipais \u2013 Acompanhamento Mensal [&hellip;]\" \/>\n<meta property=\"og:url\" content=\"https:\/\/www.mpc.pr.gov.br\/index.php\/mp-de-contas-aponta-irregularidades-no-controle-interno-e-camara-de-santa-cecilia-do-pavao-tem-contas-rejeitas-pelo-tce\/\" \/>\n<meta property=\"og:site_name\" content=\"Minist\u00e9rio P\u00fablico de Contas do Estado do Paran\u00e1\" \/>\n<meta property=\"article:publisher\" content=\"https:\/\/www.facebook.com\/mpc.pr\" \/>\n<meta property=\"article:published_time\" content=\"2019-11-18T13:55:44+00:00\" \/>\n<meta name=\"author\" content=\"giovanna.faria\" \/>\n<meta name=\"twitter:card\" content=\"summary_large_image\" \/>\n<meta name=\"twitter:label1\" content=\"Escrito por\" \/>\n\t<meta name=\"twitter:data1\" content=\"giovanna.faria\" \/>\n\t<meta name=\"twitter:label2\" content=\"Est. tempo de leitura\" \/>\n\t<meta name=\"twitter:data2\" content=\"2 minutos\" \/>\n<script type=\"application\/ld+json\" class=\"yoast-schema-graph\">{\"@context\":\"https:\\\/\\\/schema.org\",\"@graph\":[{\"@type\":\"Article\",\"@id\":\"https:\\\/\\\/www.mpc.pr.gov.br\\\/index.php\\\/mp-de-contas-aponta-irregularidades-no-controle-interno-e-camara-de-santa-cecilia-do-pavao-tem-contas-rejeitas-pelo-tce\\\/#article\",\"isPartOf\":{\"@id\":\"https:\\\/\\\/www.mpc.pr.gov.br\\\/index.php\\\/mp-de-contas-aponta-irregularidades-no-controle-interno-e-camara-de-santa-cecilia-do-pavao-tem-contas-rejeitas-pelo-tce\\\/\"},\"author\":{\"name\":\"giovanna.faria\",\"@id\":\"https:\\\/\\\/www.mpc.pr.gov.br\\\/#\\\/schema\\\/person\\\/d0c5cf9ebb4d8be833c419f3538cf751\"},\"headline\":\"MP de Contas aponta irregularidades no Controle Interno e C\u00e2mara de Santa Cec\u00edlia do Pav\u00e3o tem contas rejeitas pelo TCE\",\"datePublished\":\"2019-11-18T13:55:44+00:00\",\"mainEntityOfPage\":{\"@id\":\"https:\\\/\\\/www.mpc.pr.gov.br\\\/index.php\\\/mp-de-contas-aponta-irregularidades-no-controle-interno-e-camara-de-santa-cecilia-do-pavao-tem-contas-rejeitas-pelo-tce\\\/\"},\"wordCount\":406,\"commentCount\":0,\"publisher\":{\"@id\":\"https:\\\/\\\/www.mpc.pr.gov.br\\\/#organization\"},\"image\":{\"@id\":\"https:\\\/\\\/www.mpc.pr.gov.br\\\/index.php\\\/mp-de-contas-aponta-irregularidades-no-controle-interno-e-camara-de-santa-cecilia-do-pavao-tem-contas-rejeitas-pelo-tce\\\/#primaryimage\"},\"thumbnailUrl\":\"\",\"articleSection\":[\"Todas as not\u00edcias\",\"\u00daltimas not\u00edcias\"],\"inLanguage\":\"pt-BR\",\"potentialAction\":[{\"@type\":\"CommentAction\",\"name\":\"Comment\",\"target\":[\"https:\\\/\\\/www.mpc.pr.gov.br\\\/index.php\\\/mp-de-contas-aponta-irregularidades-no-controle-interno-e-camara-de-santa-cecilia-do-pavao-tem-contas-rejeitas-pelo-tce\\\/#respond\"]}]},{\"@type\":\"WebPage\",\"@id\":\"https:\\\/\\\/www.mpc.pr.gov.br\\\/index.php\\\/mp-de-contas-aponta-irregularidades-no-controle-interno-e-camara-de-santa-cecilia-do-pavao-tem-contas-rejeitas-pelo-tce\\\/\",\"url\":\"https:\\\/\\\/www.mpc.pr.gov.br\\\/index.php\\\/mp-de-contas-aponta-irregularidades-no-controle-interno-e-camara-de-santa-cecilia-do-pavao-tem-contas-rejeitas-pelo-tce\\\/\",\"name\":\"MP de Contas aponta irregularidades no Controle Interno e C\u00e2mara de Santa Cec\u00edlia do Pav\u00e3o tem contas rejeitas pelo TCE - Minist\u00e9rio P\u00fablico de Contas do Estado do Paran\u00e1\",\"isPartOf\":{\"@id\":\"https:\\\/\\\/www.mpc.pr.gov.br\\\/#website\"},\"primaryImageOfPage\":{\"@id\":\"https:\\\/\\\/www.mpc.pr.gov.br\\\/index.php\\\/mp-de-contas-aponta-irregularidades-no-controle-interno-e-camara-de-santa-cecilia-do-pavao-tem-contas-rejeitas-pelo-tce\\\/#primaryimage\"},\"image\":{\"@id\":\"https:\\\/\\\/www.mpc.pr.gov.br\\\/index.php\\\/mp-de-contas-aponta-irregularidades-no-controle-interno-e-camara-de-santa-cecilia-do-pavao-tem-contas-rejeitas-pelo-tce\\\/#primaryimage\"},\"thumbnailUrl\":\"\",\"datePublished\":\"2019-11-18T13:55:44+00:00\",\"breadcrumb\":{\"@id\":\"https:\\\/\\\/www.mpc.pr.gov.br\\\/index.php\\\/mp-de-contas-aponta-irregularidades-no-controle-interno-e-camara-de-santa-cecilia-do-pavao-tem-contas-rejeitas-pelo-tce\\\/#breadcrumb\"},\"inLanguage\":\"pt-BR\",\"potentialAction\":[{\"@type\":\"ReadAction\",\"target\":[\"https:\\\/\\\/www.mpc.pr.gov.br\\\/index.php\\\/mp-de-contas-aponta-irregularidades-no-controle-interno-e-camara-de-santa-cecilia-do-pavao-tem-contas-rejeitas-pelo-tce\\\/\"]}]},{\"@type\":\"ImageObject\",\"inLanguage\":\"pt-BR\",\"@id\":\"https:\\\/\\\/www.mpc.pr.gov.br\\\/index.php\\\/mp-de-contas-aponta-irregularidades-no-controle-interno-e-camara-de-santa-cecilia-do-pavao-tem-contas-rejeitas-pelo-tce\\\/#primaryimage\",\"url\":\"\",\"contentUrl\":\"\"},{\"@type\":\"BreadcrumbList\",\"@id\":\"https:\\\/\\\/www.mpc.pr.gov.br\\\/index.php\\\/mp-de-contas-aponta-irregularidades-no-controle-interno-e-camara-de-santa-cecilia-do-pavao-tem-contas-rejeitas-pelo-tce\\\/#breadcrumb\",\"itemListElement\":[{\"@type\":\"ListItem\",\"position\":1,\"name\":\"In\u00edcio\",\"item\":\"https:\\\/\\\/www.mpc.pr.gov.br\\\/\"},{\"@type\":\"ListItem\",\"position\":2,\"name\":\"MP de Contas aponta irregularidades no Controle Interno e C\u00e2mara de Santa Cec\u00edlia do Pav\u00e3o tem contas rejeitas pelo TCE\"}]},{\"@type\":\"WebSite\",\"@id\":\"https:\\\/\\\/www.mpc.pr.gov.br\\\/#website\",\"url\":\"https:\\\/\\\/www.mpc.pr.gov.br\\\/\",\"name\":\"Minist\u00e9rio P\u00fablico de Contas do Estado do Paran\u00e1\",\"description\":\"\",\"publisher\":{\"@id\":\"https:\\\/\\\/www.mpc.pr.gov.br\\\/#organization\"},\"potentialAction\":[{\"@type\":\"SearchAction\",\"target\":{\"@type\":\"EntryPoint\",\"urlTemplate\":\"https:\\\/\\\/www.mpc.pr.gov.br\\\/?s={search_term_string}\"},\"query-input\":{\"@type\":\"PropertyValueSpecification\",\"valueRequired\":true,\"valueName\":\"search_term_string\"}}],\"inLanguage\":\"pt-BR\"},{\"@type\":\"Organization\",\"@id\":\"https:\\\/\\\/www.mpc.pr.gov.br\\\/#organization\",\"name\":\"Minist\u00e9rio P\u00fablico de Contas do Estado do Paran\u00e1\",\"url\":\"https:\\\/\\\/www.mpc.pr.gov.br\\\/\",\"logo\":{\"@type\":\"ImageObject\",\"inLanguage\":\"pt-BR\",\"@id\":\"https:\\\/\\\/www.mpc.pr.gov.br\\\/#\\\/schema\\\/logo\\\/image\\\/\",\"url\":\"https:\\\/\\\/www.mpc.pr.gov.br\\\/wp-content\\\/uploads\\\/2020\\\/06\\\/99423647_1593460364143890_6706793420720963584_n-1-e1591387983167.png\",\"contentUrl\":\"https:\\\/\\\/www.mpc.pr.gov.br\\\/wp-content\\\/uploads\\\/2020\\\/06\\\/99423647_1593460364143890_6706793420720963584_n-1-e1591387983167.png\",\"width\":243,\"height\":73,\"caption\":\"Minist\u00e9rio P\u00fablico de Contas do Estado do Paran\u00e1\"},\"image\":{\"@id\":\"https:\\\/\\\/www.mpc.pr.gov.br\\\/#\\\/schema\\\/logo\\\/image\\\/\"},\"sameAs\":[\"https:\\\/\\\/www.facebook.com\\\/mpc.pr\",\"https:\\\/\\\/www.instagram.com\\\/mpc.pr\\\/?hl=pt-br\",\"https:\\\/\\\/www.youtube.com\\\/channel\\\/UCHri5oEM8DV0ztX57E0sBSw\"]},{\"@type\":\"Person\",\"@id\":\"https:\\\/\\\/www.mpc.pr.gov.br\\\/#\\\/schema\\\/person\\\/d0c5cf9ebb4d8be833c419f3538cf751\",\"name\":\"giovanna.faria\",\"image\":{\"@type\":\"ImageObject\",\"inLanguage\":\"pt-BR\",\"@id\":\"https:\\\/\\\/secure.gravatar.com\\\/avatar\\\/?s=96&d=mm&r=g\",\"url\":\"https:\\\/\\\/secure.gravatar.com\\\/avatar\\\/?s=96&d=mm&r=g\",\"contentUrl\":\"https:\\\/\\\/secure.gravatar.com\\\/avatar\\\/?s=96&d=mm&r=g\",\"caption\":\"giovanna.faria\"}}]}<\/script>\n<!-- \/ Yoast SEO plugin. -->","yoast_head_json":{"title":"MP de Contas aponta irregularidades no Controle Interno e C\u00e2mara de Santa Cec\u00edlia do Pav\u00e3o tem contas rejeitas pelo TCE - Minist\u00e9rio P\u00fablico de Contas do Estado do Paran\u00e1","robots":{"index":"index","follow":"follow","max-snippet":"max-snippet:-1","max-image-preview":"max-image-preview:large","max-video-preview":"max-video-preview:-1"},"canonical":"https:\/\/www.mpc.pr.gov.br\/index.php\/mp-de-contas-aponta-irregularidades-no-controle-interno-e-camara-de-santa-cecilia-do-pavao-tem-contas-rejeitas-pelo-tce\/","og_locale":"pt_BR","og_type":"article","og_title":"MP de Contas aponta irregularidades no Controle Interno e C\u00e2mara de Santa Cec\u00edlia do Pav\u00e3o tem contas rejeitas pelo TCE - Minist\u00e9rio P\u00fablico de Contas do Estado do Paran\u00e1","og_description":"O Tribunal de Contas do Paran\u00e1 (TCE-PR) julgou irregulares as contas da C\u00e2mara Municipal de Santa Cec\u00edlia do Pav\u00e3o, relativas ao exerc\u00edcio financeiro de 2017, em raz\u00e3o da aus\u00eancia de encaminhamento do Relat\u00f3rio do Controle Interno. Tal fato somado ao atraso na entrega de dados eletr\u00f4nicos mensais do Sistema de Informa\u00e7\u00f5es Municipais \u2013 Acompanhamento Mensal [&hellip;]","og_url":"https:\/\/www.mpc.pr.gov.br\/index.php\/mp-de-contas-aponta-irregularidades-no-controle-interno-e-camara-de-santa-cecilia-do-pavao-tem-contas-rejeitas-pelo-tce\/","og_site_name":"Minist\u00e9rio P\u00fablico de Contas do Estado do Paran\u00e1","article_publisher":"https:\/\/www.facebook.com\/mpc.pr","article_published_time":"2019-11-18T13:55:44+00:00","author":"giovanna.faria","twitter_card":"summary_large_image","twitter_misc":{"Escrito por":"giovanna.faria","Est. tempo de leitura":"2 minutos"},"schema":{"@context":"https:\/\/schema.org","@graph":[{"@type":"Article","@id":"https:\/\/www.mpc.pr.gov.br\/index.php\/mp-de-contas-aponta-irregularidades-no-controle-interno-e-camara-de-santa-cecilia-do-pavao-tem-contas-rejeitas-pelo-tce\/#article","isPartOf":{"@id":"https:\/\/www.mpc.pr.gov.br\/index.php\/mp-de-contas-aponta-irregularidades-no-controle-interno-e-camara-de-santa-cecilia-do-pavao-tem-contas-rejeitas-pelo-tce\/"},"author":{"name":"giovanna.faria","@id":"https:\/\/www.mpc.pr.gov.br\/#\/schema\/person\/d0c5cf9ebb4d8be833c419f3538cf751"},"headline":"MP de Contas aponta irregularidades no Controle Interno e C\u00e2mara de Santa Cec\u00edlia do Pav\u00e3o tem contas rejeitas pelo TCE","datePublished":"2019-11-18T13:55:44+00:00","mainEntityOfPage":{"@id":"https:\/\/www.mpc.pr.gov.br\/index.php\/mp-de-contas-aponta-irregularidades-no-controle-interno-e-camara-de-santa-cecilia-do-pavao-tem-contas-rejeitas-pelo-tce\/"},"wordCount":406,"commentCount":0,"publisher":{"@id":"https:\/\/www.mpc.pr.gov.br\/#organization"},"image":{"@id":"https:\/\/www.mpc.pr.gov.br\/index.php\/mp-de-contas-aponta-irregularidades-no-controle-interno-e-camara-de-santa-cecilia-do-pavao-tem-contas-rejeitas-pelo-tce\/#primaryimage"},"thumbnailUrl":"","articleSection":["Todas as not\u00edcias","\u00daltimas not\u00edcias"],"inLanguage":"pt-BR","potentialAction":[{"@type":"CommentAction","name":"Comment","target":["https:\/\/www.mpc.pr.gov.br\/index.php\/mp-de-contas-aponta-irregularidades-no-controle-interno-e-camara-de-santa-cecilia-do-pavao-tem-contas-rejeitas-pelo-tce\/#respond"]}]},{"@type":"WebPage","@id":"https:\/\/www.mpc.pr.gov.br\/index.php\/mp-de-contas-aponta-irregularidades-no-controle-interno-e-camara-de-santa-cecilia-do-pavao-tem-contas-rejeitas-pelo-tce\/","url":"https:\/\/www.mpc.pr.gov.br\/index.php\/mp-de-contas-aponta-irregularidades-no-controle-interno-e-camara-de-santa-cecilia-do-pavao-tem-contas-rejeitas-pelo-tce\/","name":"MP de Contas aponta irregularidades no Controle Interno e C\u00e2mara de Santa Cec\u00edlia do Pav\u00e3o tem contas rejeitas pelo TCE - Minist\u00e9rio P\u00fablico de Contas do Estado do Paran\u00e1","isPartOf":{"@id":"https:\/\/www.mpc.pr.gov.br\/#website"},"primaryImageOfPage":{"@id":"https:\/\/www.mpc.pr.gov.br\/index.php\/mp-de-contas-aponta-irregularidades-no-controle-interno-e-camara-de-santa-cecilia-do-pavao-tem-contas-rejeitas-pelo-tce\/#primaryimage"},"image":{"@id":"https:\/\/www.mpc.pr.gov.br\/index.php\/mp-de-contas-aponta-irregularidades-no-controle-interno-e-camara-de-santa-cecilia-do-pavao-tem-contas-rejeitas-pelo-tce\/#primaryimage"},"thumbnailUrl":"","datePublished":"2019-11-18T13:55:44+00:00","breadcrumb":{"@id":"https:\/\/www.mpc.pr.gov.br\/index.php\/mp-de-contas-aponta-irregularidades-no-controle-interno-e-camara-de-santa-cecilia-do-pavao-tem-contas-rejeitas-pelo-tce\/#breadcrumb"},"inLanguage":"pt-BR","potentialAction":[{"@type":"ReadAction","target":["https:\/\/www.mpc.pr.gov.br\/index.php\/mp-de-contas-aponta-irregularidades-no-controle-interno-e-camara-de-santa-cecilia-do-pavao-tem-contas-rejeitas-pelo-tce\/"]}]},{"@type":"ImageObject","inLanguage":"pt-BR","@id":"https:\/\/www.mpc.pr.gov.br\/index.php\/mp-de-contas-aponta-irregularidades-no-controle-interno-e-camara-de-santa-cecilia-do-pavao-tem-contas-rejeitas-pelo-tce\/#primaryimage","url":"","contentUrl":""},{"@type":"BreadcrumbList","@id":"https:\/\/www.mpc.pr.gov.br\/index.php\/mp-de-contas-aponta-irregularidades-no-controle-interno-e-camara-de-santa-cecilia-do-pavao-tem-contas-rejeitas-pelo-tce\/#breadcrumb","itemListElement":[{"@type":"ListItem","position":1,"name":"In\u00edcio","item":"https:\/\/www.mpc.pr.gov.br\/"},{"@type":"ListItem","position":2,"name":"MP de Contas aponta irregularidades no Controle Interno e C\u00e2mara de Santa Cec\u00edlia do Pav\u00e3o tem contas rejeitas pelo TCE"}]},{"@type":"WebSite","@id":"https:\/\/www.mpc.pr.gov.br\/#website","url":"https:\/\/www.mpc.pr.gov.br\/","name":"Minist\u00e9rio P\u00fablico de Contas do Estado do Paran\u00e1","description":"","publisher":{"@id":"https:\/\/www.mpc.pr.gov.br\/#organization"},"potentialAction":[{"@type":"SearchAction","target":{"@type":"EntryPoint","urlTemplate":"https:\/\/www.mpc.pr.gov.br\/?s={search_term_string}"},"query-input":{"@type":"PropertyValueSpecification","valueRequired":true,"valueName":"search_term_string"}}],"inLanguage":"pt-BR"},{"@type":"Organization","@id":"https:\/\/www.mpc.pr.gov.br\/#organization","name":"Minist\u00e9rio P\u00fablico de Contas do Estado do Paran\u00e1","url":"https:\/\/www.mpc.pr.gov.br\/","logo":{"@type":"ImageObject","inLanguage":"pt-BR","@id":"https:\/\/www.mpc.pr.gov.br\/#\/schema\/logo\/image\/","url":"https:\/\/www.mpc.pr.gov.br\/wp-content\/uploads\/2020\/06\/99423647_1593460364143890_6706793420720963584_n-1-e1591387983167.png","contentUrl":"https:\/\/www.mpc.pr.gov.br\/wp-content\/uploads\/2020\/06\/99423647_1593460364143890_6706793420720963584_n-1-e1591387983167.png","width":243,"height":73,"caption":"Minist\u00e9rio P\u00fablico de Contas do Estado do Paran\u00e1"},"image":{"@id":"https:\/\/www.mpc.pr.gov.br\/#\/schema\/logo\/image\/"},"sameAs":["https:\/\/www.facebook.com\/mpc.pr","https:\/\/www.instagram.com\/mpc.pr\/?hl=pt-br","https:\/\/www.youtube.com\/channel\/UCHri5oEM8DV0ztX57E0sBSw"]},{"@type":"Person","@id":"https:\/\/www.mpc.pr.gov.br\/#\/schema\/person\/d0c5cf9ebb4d8be833c419f3538cf751","name":"giovanna.faria","image":{"@type":"ImageObject","inLanguage":"pt-BR","@id":"https:\/\/secure.gravatar.com\/avatar\/?s=96&d=mm&r=g","url":"https:\/\/secure.gravatar.com\/avatar\/?s=96&d=mm&r=g","contentUrl":"https:\/\/secure.gravatar.com\/avatar\/?s=96&d=mm&r=g","caption":"giovanna.faria"}}]}},"rttpg_featured_image_url":null,"rttpg_author":{"display_name":"giovanna.faria","author_link":"https:\/\/www.mpc.pr.gov.br\/index.php\/author\/giovanna-faria\/"},"rttpg_comment":0,"rttpg_category":"<a href=\"https:\/\/www.mpc.pr.gov.br\/index.php\/category\/todas-as-noticias\/\" rel=\"category tag\">Todas as not\u00edcias<\/a> <a href=\"https:\/\/www.mpc.pr.gov.br\/index.php\/category\/ultimas-noticias\/\" rel=\"category tag\">\u00daltimas not\u00edcias<\/a>","rttpg_excerpt":"O Tribunal de Contas do Paran\u00e1 (TCE-PR) julgou irregulares as contas da C\u00e2mara Municipal de Santa Cec\u00edlia do Pav\u00e3o, relativas ao exerc\u00edcio financeiro de 2017, em raz\u00e3o da aus\u00eancia de encaminhamento do Relat\u00f3rio do Controle Interno. Tal fato somado ao atraso na entrega de dados eletr\u00f4nicos mensais do Sistema de Informa\u00e7\u00f5es Municipais \u2013 Acompanhamento Mensal&hellip;","_links":{"self":[{"href":"https:\/\/www.mpc.pr.gov.br\/index.php\/wp-json\/wp\/v2\/posts\/8020","targetHints":{"allow":["GET"]}}],"collection":[{"href":"https:\/\/www.mpc.pr.gov.br\/index.php\/wp-json\/wp\/v2\/posts"}],"about":[{"href":"https:\/\/www.mpc.pr.gov.br\/index.php\/wp-json\/wp\/v2\/types\/post"}],"author":[{"embeddable":true,"href":"https:\/\/www.mpc.pr.gov.br\/index.php\/wp-json\/wp\/v2\/users\/5"}],"replies":[{"embeddable":true,"href":"https:\/\/www.mpc.pr.gov.br\/index.php\/wp-json\/wp\/v2\/comments?post=8020"}],"version-history":[{"count":0,"href":"https:\/\/www.mpc.pr.gov.br\/index.php\/wp-json\/wp\/v2\/posts\/8020\/revisions"}],"wp:featuredmedia":[{"embeddable":true,"href":"https:\/\/www.mpc.pr.gov.br\/index.php\/wp-json\/"}],"wp:attachment":[{"href":"https:\/\/www.mpc.pr.gov.br\/index.php\/wp-json\/wp\/v2\/media?parent=8020"}],"wp:term":[{"taxonomy":"category","embeddable":true,"href":"https:\/\/www.mpc.pr.gov.br\/index.php\/wp-json\/wp\/v2\/categories?post=8020"},{"taxonomy":"post_tag","embeddable":true,"href":"https:\/\/www.mpc.pr.gov.br\/index.php\/wp-json\/wp\/v2\/tags?post=8020"}],"curies":[{"name":"wp","href":"https:\/\/api.w.org\/{rel}","templated":true}]}}