{"id":8064,"date":"2019-11-21T11:27:29","date_gmt":"2019-11-21T14:27:29","guid":{"rendered":"http:\/\/www.mpc.pr.gov.br\/?p=8064"},"modified":"2019-11-21T11:27:29","modified_gmt":"2019-11-21T14:27:29","slug":"11a-edicao-da-revista-mpc-pr-ja-esta-disponivel","status":"publish","type":"post","link":"https:\/\/www.mpc.pr.gov.br\/index.php\/11a-edicao-da-revista-mpc-pr-ja-esta-disponivel\/","title":{"rendered":"11\u00aa edi\u00e7\u00e3o da Revista MPC-PR j\u00e1 est\u00e1 dispon\u00edvel"},"content":{"rendered":"<p><a href=\"http:\/\/www.mpc.pr.gov.br\/8a-edicao-da-revista-do-mp-de-contas-e-lancada\/revista-2\/\" rel=\"attachment wp-att-4524\"><img fetchpriority=\"high\" decoding=\"async\" class=\"alignleft size-medium wp-image-4524\" src=\"http:\/\/www.mpc.pr.gov.br\/wp-content\/uploads\/2016\/11\/revista-300x175.jpg\" alt=\"\" width=\"300\" height=\"175\" \/><\/a>Nesta quinta-feira (21) o MP de Contas do Paran\u00e1 (MPC-PR) lan\u00e7a a <a href=\"https:\/\/drive.google.com\/file\/d\/1pFdZIjSd6XSfr2PEIY5OIryR9naQ29eg\/view\">11\u00aa edi\u00e7\u00e3o da Revista MPC-PR<\/a>, a qual tem por objetivo discutir temas relevantes \u00e0 Administra\u00e7\u00e3o P\u00fablica, bem como propagar boas pr\u00e1ticas. Al\u00e9m dos artigos de <strong>Doutrina<\/strong>, nesta edi\u00e7\u00e3o a publica\u00e7\u00e3o tamb\u00e9m traz artigos de <strong>Opini\u00e3o<\/strong>, <strong>Pareceres Ministeriais Selecionados <\/strong>e uma reportagem sobre os projetos e plataformas digitais da institui\u00e7\u00e3o.<\/p>\n<p>Ao todo s\u00e3o sete artigos de temas variados relacionados ao controle externo da Administra\u00e7\u00e3o P\u00fablica. No cap\u00edtulo de <strong>Doutrina <\/strong>s\u00e3o discutidas a concilia\u00e7\u00e3o entre o crit\u00e9rio menor pre\u00e7o nas licita\u00e7\u00f5es e o princ\u00edpio da efici\u00eancia; a gest\u00e3o de pessoas a partir de uma an\u00e1lise do sistema de carreira; a rela\u00e7\u00e3o entre o planejamento or\u00e7ament\u00e1rio e o planejamento urbano.<\/p>\n<p>Nesse cap\u00edtulo, a publica\u00e7\u00e3o ainda conta com um artigo da Procuradora-Geral do MP de Contas de Minas Gerais (MPC-MG) e Presidente do Conselho Nacional dos Procuradores-Gerais de Contas (CNPGC), Elke Andrade Soares de Moura, que trata sobre as parcerias interinstitucionais enquanto forma de amadurecimento da democracia<\/p>\n<p>J\u00e1 no cap\u00edtulo <strong>Opini\u00e3o<\/strong>, \u00e9 abordado o tema das contrata\u00e7\u00f5es de compliance pela administra\u00e7\u00e3o direta e indireta; e tamb\u00e9m conta com a participa\u00e7\u00e3o do Procurador do MPC-PR, Gabriel Guy L\u00e9ger, que discute os regimes pr\u00f3prios de previd\u00eancia e os objetivos do desenvolvimento sustent\u00e1vel.<\/p>\n<p>A revista tamb\u00e9m disponibiliza <strong>Pareceres selecionados<\/strong>, contendo manifesta\u00e7\u00e3o do \u00f3rg\u00e3o ministerial em consulta formulada pela C\u00e2mara Municipal de Alto Paran\u00e1, a respeito de licen\u00e7as para desempenho de mandato classista.<\/p>\n<p>Al\u00e9m desse material, a publica\u00e7\u00e3o traz ainda o Parecer ministerial pela irregularidade das Contas do Governador, relativas ao exerc\u00edcio financeiro de 2018, de responsabilidade dos ex-governadores Carlos Alberto Richa (01\/01\/2018 a 05\/04\/2018) e Maria Aparecida Borghetti (06\/04\/2018 a 31\/12\/2018). A referida Presta\u00e7\u00e3o de Contas foi aprovada pelo Pleno do Tribunal de Contas do Paran\u00e1 (TCE-PR), durante a sess\u00e3o extraordin\u00e1ria n\u00b0 1 do Tribunal Pleno, sob relatoria do Conselheiro Artag\u00e3o de Mattos Le\u00e3o.<\/p>\n<p>A 11\u00aa edi\u00e7\u00e3o da Revista MPC-PR est\u00e1 dispon\u00edvel <em>online<\/em> no <em>site<\/em> do MP de Contas e pode ser acessada <a href=\"https:\/\/drive.google.com\/file\/d\/1pFdZIjSd6XSfr2PEIY5OIryR9naQ29eg\/view\">aqui<\/a>.<\/p>\n<p><strong>Como participar da pr\u00f3xima edi\u00e7\u00e3o?<\/strong><\/p>\n<p>Para participar da pr\u00f3xima edi\u00e7\u00e3o, que ser\u00e1 publicada em maio de 2020, envie seu artigo em formato eletr\u00f4nico (Microsoft Word, preferencialmente) para a Secretaria do Conselho Editorial do MPC\/PR (revista@mpc.pr.gov.br), com c\u00f3pia para renata.zelinski@mpc.pr.gov.br, para serem submetidos ao crivo do Conselho Editorial. Recomenda-se a utiliza\u00e7\u00e3o de laudas no tamanho A-4, fonte Arial (tamanho 12), espa\u00e7amento entre linhas de 1,5 e fonte Arial (tamanho 10) para as notas. Os artigos devem vir acompanhados de resumo e <em>abstract<\/em>, amoldando-se, tamb\u00e9m, ao estabelecido nas normas da ABNT referentes \u00e0 apresenta\u00e7\u00e3o de artigos em publica\u00e7\u00f5es peri\u00f3dicas (NBR 6022\/2003 \u2013 NBR 6023\/2018 \u2013 NBR 10.520\/2002 \u2013 NBR 5892\/1989 e 6024\/2003).<\/p>\n<p>Maiores informa\u00e7\u00f5es podem ser obtidas pelo telefone (41) 3350-1640\/ 3350-1637 ou pelo e-mail faleconosco@mpc.pr.gov.br.<\/p>\n","protected":false},"excerpt":{"rendered":"<p>Nesta quinta-feira (21) o MP de Contas do Paran\u00e1 (MPC-PR) lan\u00e7a a 11\u00aa edi\u00e7\u00e3o da Revista MPC-PR, a qual tem por objetivo discutir temas relevantes \u00e0 Administra\u00e7\u00e3o P\u00fablica, bem como propagar boas pr\u00e1ticas. Al\u00e9m dos artigos de Doutrina, nesta edi\u00e7\u00e3o a publica\u00e7\u00e3o tamb\u00e9m traz artigos de Opini\u00e3o, Pareceres Ministeriais Selecionados e uma reportagem sobre os [&hellip;]<\/p>\n","protected":false},"author":5,"featured_media":4524,"comment_status":"open","ping_status":"open","sticky":false,"template":"","format":"standard","meta":{"_monsterinsights_skip_tracking":false,"_monsterinsights_sitenote_active":false,"_monsterinsights_sitenote_note":"","_monsterinsights_sitenote_category":0,"footnotes":""},"categories":[7,14],"tags":[],"class_list":["post-8064","post","type-post","status-publish","format-standard","has-post-thumbnail","hentry","category-todas-as-noticias","category-ultimas-noticias","entry","has-media"],"yoast_head":"<!-- This site is optimized with the Yoast SEO plugin v27.3 - https:\/\/yoast.com\/product\/yoast-seo-wordpress\/ -->\n<title>11\u00aa edi\u00e7\u00e3o da Revista MPC-PR j\u00e1 est\u00e1 dispon\u00edvel - Minist\u00e9rio P\u00fablico de Contas do Estado do Paran\u00e1<\/title>\n<meta name=\"robots\" content=\"index, follow, max-snippet:-1, max-image-preview:large, max-video-preview:-1\" \/>\n<link rel=\"canonical\" href=\"https:\/\/www.mpc.pr.gov.br\/index.php\/11a-edicao-da-revista-mpc-pr-ja-esta-disponivel\/\" \/>\n<meta property=\"og:locale\" content=\"pt_BR\" \/>\n<meta property=\"og:type\" content=\"article\" \/>\n<meta property=\"og:title\" content=\"11\u00aa edi\u00e7\u00e3o da Revista MPC-PR j\u00e1 est\u00e1 dispon\u00edvel - Minist\u00e9rio P\u00fablico de Contas do Estado do Paran\u00e1\" \/>\n<meta property=\"og:description\" content=\"Nesta quinta-feira (21) o MP de Contas do Paran\u00e1 (MPC-PR) lan\u00e7a a 11\u00aa edi\u00e7\u00e3o da Revista MPC-PR, a qual tem por objetivo discutir temas relevantes \u00e0 Administra\u00e7\u00e3o P\u00fablica, bem como propagar boas pr\u00e1ticas. Al\u00e9m dos artigos de Doutrina, nesta edi\u00e7\u00e3o a publica\u00e7\u00e3o tamb\u00e9m traz artigos de Opini\u00e3o, Pareceres Ministeriais Selecionados e uma reportagem sobre os [&hellip;]\" \/>\n<meta property=\"og:url\" content=\"https:\/\/www.mpc.pr.gov.br\/index.php\/11a-edicao-da-revista-mpc-pr-ja-esta-disponivel\/\" \/>\n<meta property=\"og:site_name\" content=\"Minist\u00e9rio P\u00fablico de Contas do Estado do Paran\u00e1\" \/>\n<meta property=\"article:publisher\" content=\"https:\/\/www.facebook.com\/mpc.pr\" \/>\n<meta property=\"article:published_time\" content=\"2019-11-21T14:27:29+00:00\" \/>\n<meta name=\"author\" content=\"giovanna.faria\" \/>\n<meta name=\"twitter:card\" content=\"summary_large_image\" \/>\n<meta name=\"twitter:label1\" content=\"Escrito por\" \/>\n\t<meta name=\"twitter:data1\" content=\"giovanna.faria\" \/>\n\t<meta name=\"twitter:label2\" content=\"Est. tempo de leitura\" \/>\n\t<meta name=\"twitter:data2\" content=\"3 minutos\" \/>\n<script type=\"application\/ld+json\" class=\"yoast-schema-graph\">{\"@context\":\"https:\\\/\\\/schema.org\",\"@graph\":[{\"@type\":\"Article\",\"@id\":\"https:\\\/\\\/www.mpc.pr.gov.br\\\/index.php\\\/11a-edicao-da-revista-mpc-pr-ja-esta-disponivel\\\/#article\",\"isPartOf\":{\"@id\":\"https:\\\/\\\/www.mpc.pr.gov.br\\\/index.php\\\/11a-edicao-da-revista-mpc-pr-ja-esta-disponivel\\\/\"},\"author\":{\"name\":\"giovanna.faria\",\"@id\":\"https:\\\/\\\/www.mpc.pr.gov.br\\\/#\\\/schema\\\/person\\\/d0c5cf9ebb4d8be833c419f3538cf751\"},\"headline\":\"11\u00aa edi\u00e7\u00e3o da Revista MPC-PR j\u00e1 est\u00e1 dispon\u00edvel\",\"datePublished\":\"2019-11-21T14:27:29+00:00\",\"mainEntityOfPage\":{\"@id\":\"https:\\\/\\\/www.mpc.pr.gov.br\\\/index.php\\\/11a-edicao-da-revista-mpc-pr-ja-esta-disponivel\\\/\"},\"wordCount\":518,\"commentCount\":0,\"publisher\":{\"@id\":\"https:\\\/\\\/www.mpc.pr.gov.br\\\/#organization\"},\"image\":{\"@id\":\"https:\\\/\\\/www.mpc.pr.gov.br\\\/index.php\\\/11a-edicao-da-revista-mpc-pr-ja-esta-disponivel\\\/#primaryimage\"},\"thumbnailUrl\":\"\",\"articleSection\":[\"Todas as not\u00edcias\",\"\u00daltimas not\u00edcias\"],\"inLanguage\":\"pt-BR\",\"potentialAction\":[{\"@type\":\"CommentAction\",\"name\":\"Comment\",\"target\":[\"https:\\\/\\\/www.mpc.pr.gov.br\\\/index.php\\\/11a-edicao-da-revista-mpc-pr-ja-esta-disponivel\\\/#respond\"]}]},{\"@type\":\"WebPage\",\"@id\":\"https:\\\/\\\/www.mpc.pr.gov.br\\\/index.php\\\/11a-edicao-da-revista-mpc-pr-ja-esta-disponivel\\\/\",\"url\":\"https:\\\/\\\/www.mpc.pr.gov.br\\\/index.php\\\/11a-edicao-da-revista-mpc-pr-ja-esta-disponivel\\\/\",\"name\":\"11\u00aa edi\u00e7\u00e3o da Revista MPC-PR j\u00e1 est\u00e1 dispon\u00edvel - Minist\u00e9rio P\u00fablico de Contas do Estado do Paran\u00e1\",\"isPartOf\":{\"@id\":\"https:\\\/\\\/www.mpc.pr.gov.br\\\/#website\"},\"primaryImageOfPage\":{\"@id\":\"https:\\\/\\\/www.mpc.pr.gov.br\\\/index.php\\\/11a-edicao-da-revista-mpc-pr-ja-esta-disponivel\\\/#primaryimage\"},\"image\":{\"@id\":\"https:\\\/\\\/www.mpc.pr.gov.br\\\/index.php\\\/11a-edicao-da-revista-mpc-pr-ja-esta-disponivel\\\/#primaryimage\"},\"thumbnailUrl\":\"\",\"datePublished\":\"2019-11-21T14:27:29+00:00\",\"breadcrumb\":{\"@id\":\"https:\\\/\\\/www.mpc.pr.gov.br\\\/index.php\\\/11a-edicao-da-revista-mpc-pr-ja-esta-disponivel\\\/#breadcrumb\"},\"inLanguage\":\"pt-BR\",\"potentialAction\":[{\"@type\":\"ReadAction\",\"target\":[\"https:\\\/\\\/www.mpc.pr.gov.br\\\/index.php\\\/11a-edicao-da-revista-mpc-pr-ja-esta-disponivel\\\/\"]}]},{\"@type\":\"ImageObject\",\"inLanguage\":\"pt-BR\",\"@id\":\"https:\\\/\\\/www.mpc.pr.gov.br\\\/index.php\\\/11a-edicao-da-revista-mpc-pr-ja-esta-disponivel\\\/#primaryimage\",\"url\":\"\",\"contentUrl\":\"\"},{\"@type\":\"BreadcrumbList\",\"@id\":\"https:\\\/\\\/www.mpc.pr.gov.br\\\/index.php\\\/11a-edicao-da-revista-mpc-pr-ja-esta-disponivel\\\/#breadcrumb\",\"itemListElement\":[{\"@type\":\"ListItem\",\"position\":1,\"name\":\"In\u00edcio\",\"item\":\"https:\\\/\\\/www.mpc.pr.gov.br\\\/\"},{\"@type\":\"ListItem\",\"position\":2,\"name\":\"11\u00aa edi\u00e7\u00e3o da Revista MPC-PR j\u00e1 est\u00e1 dispon\u00edvel\"}]},{\"@type\":\"WebSite\",\"@id\":\"https:\\\/\\\/www.mpc.pr.gov.br\\\/#website\",\"url\":\"https:\\\/\\\/www.mpc.pr.gov.br\\\/\",\"name\":\"Minist\u00e9rio P\u00fablico de Contas do Estado do Paran\u00e1\",\"description\":\"\",\"publisher\":{\"@id\":\"https:\\\/\\\/www.mpc.pr.gov.br\\\/#organization\"},\"potentialAction\":[{\"@type\":\"SearchAction\",\"target\":{\"@type\":\"EntryPoint\",\"urlTemplate\":\"https:\\\/\\\/www.mpc.pr.gov.br\\\/?s={search_term_string}\"},\"query-input\":{\"@type\":\"PropertyValueSpecification\",\"valueRequired\":true,\"valueName\":\"search_term_string\"}}],\"inLanguage\":\"pt-BR\"},{\"@type\":\"Organization\",\"@id\":\"https:\\\/\\\/www.mpc.pr.gov.br\\\/#organization\",\"name\":\"Minist\u00e9rio P\u00fablico de Contas do Estado do Paran\u00e1\",\"url\":\"https:\\\/\\\/www.mpc.pr.gov.br\\\/\",\"logo\":{\"@type\":\"ImageObject\",\"inLanguage\":\"pt-BR\",\"@id\":\"https:\\\/\\\/www.mpc.pr.gov.br\\\/#\\\/schema\\\/logo\\\/image\\\/\",\"url\":\"https:\\\/\\\/www.mpc.pr.gov.br\\\/wp-content\\\/uploads\\\/2020\\\/06\\\/99423647_1593460364143890_6706793420720963584_n-1-e1591387983167.png\",\"contentUrl\":\"https:\\\/\\\/www.mpc.pr.gov.br\\\/wp-content\\\/uploads\\\/2020\\\/06\\\/99423647_1593460364143890_6706793420720963584_n-1-e1591387983167.png\",\"width\":243,\"height\":73,\"caption\":\"Minist\u00e9rio P\u00fablico de Contas do Estado do Paran\u00e1\"},\"image\":{\"@id\":\"https:\\\/\\\/www.mpc.pr.gov.br\\\/#\\\/schema\\\/logo\\\/image\\\/\"},\"sameAs\":[\"https:\\\/\\\/www.facebook.com\\\/mpc.pr\",\"https:\\\/\\\/www.instagram.com\\\/mpc.pr\\\/?hl=pt-br\",\"https:\\\/\\\/www.youtube.com\\\/channel\\\/UCHri5oEM8DV0ztX57E0sBSw\"]},{\"@type\":\"Person\",\"@id\":\"https:\\\/\\\/www.mpc.pr.gov.br\\\/#\\\/schema\\\/person\\\/d0c5cf9ebb4d8be833c419f3538cf751\",\"name\":\"giovanna.faria\",\"image\":{\"@type\":\"ImageObject\",\"inLanguage\":\"pt-BR\",\"@id\":\"https:\\\/\\\/secure.gravatar.com\\\/avatar\\\/?s=96&d=mm&r=g\",\"url\":\"https:\\\/\\\/secure.gravatar.com\\\/avatar\\\/?s=96&d=mm&r=g\",\"contentUrl\":\"https:\\\/\\\/secure.gravatar.com\\\/avatar\\\/?s=96&d=mm&r=g\",\"caption\":\"giovanna.faria\"}}]}<\/script>\n<!-- \/ Yoast SEO plugin. -->","yoast_head_json":{"title":"11\u00aa edi\u00e7\u00e3o da Revista MPC-PR j\u00e1 est\u00e1 dispon\u00edvel - Minist\u00e9rio P\u00fablico de Contas do Estado do Paran\u00e1","robots":{"index":"index","follow":"follow","max-snippet":"max-snippet:-1","max-image-preview":"max-image-preview:large","max-video-preview":"max-video-preview:-1"},"canonical":"https:\/\/www.mpc.pr.gov.br\/index.php\/11a-edicao-da-revista-mpc-pr-ja-esta-disponivel\/","og_locale":"pt_BR","og_type":"article","og_title":"11\u00aa edi\u00e7\u00e3o da Revista MPC-PR j\u00e1 est\u00e1 dispon\u00edvel - Minist\u00e9rio P\u00fablico de Contas do Estado do Paran\u00e1","og_description":"Nesta quinta-feira (21) o MP de Contas do Paran\u00e1 (MPC-PR) lan\u00e7a a 11\u00aa edi\u00e7\u00e3o da Revista MPC-PR, a qual tem por objetivo discutir temas relevantes \u00e0 Administra\u00e7\u00e3o P\u00fablica, bem como propagar boas pr\u00e1ticas. Al\u00e9m dos artigos de Doutrina, nesta edi\u00e7\u00e3o a publica\u00e7\u00e3o tamb\u00e9m traz artigos de Opini\u00e3o, Pareceres Ministeriais Selecionados e uma reportagem sobre os [&hellip;]","og_url":"https:\/\/www.mpc.pr.gov.br\/index.php\/11a-edicao-da-revista-mpc-pr-ja-esta-disponivel\/","og_site_name":"Minist\u00e9rio P\u00fablico de Contas do Estado do Paran\u00e1","article_publisher":"https:\/\/www.facebook.com\/mpc.pr","article_published_time":"2019-11-21T14:27:29+00:00","author":"giovanna.faria","twitter_card":"summary_large_image","twitter_misc":{"Escrito por":"giovanna.faria","Est. tempo de leitura":"3 minutos"},"schema":{"@context":"https:\/\/schema.org","@graph":[{"@type":"Article","@id":"https:\/\/www.mpc.pr.gov.br\/index.php\/11a-edicao-da-revista-mpc-pr-ja-esta-disponivel\/#article","isPartOf":{"@id":"https:\/\/www.mpc.pr.gov.br\/index.php\/11a-edicao-da-revista-mpc-pr-ja-esta-disponivel\/"},"author":{"name":"giovanna.faria","@id":"https:\/\/www.mpc.pr.gov.br\/#\/schema\/person\/d0c5cf9ebb4d8be833c419f3538cf751"},"headline":"11\u00aa edi\u00e7\u00e3o da Revista MPC-PR j\u00e1 est\u00e1 dispon\u00edvel","datePublished":"2019-11-21T14:27:29+00:00","mainEntityOfPage":{"@id":"https:\/\/www.mpc.pr.gov.br\/index.php\/11a-edicao-da-revista-mpc-pr-ja-esta-disponivel\/"},"wordCount":518,"commentCount":0,"publisher":{"@id":"https:\/\/www.mpc.pr.gov.br\/#organization"},"image":{"@id":"https:\/\/www.mpc.pr.gov.br\/index.php\/11a-edicao-da-revista-mpc-pr-ja-esta-disponivel\/#primaryimage"},"thumbnailUrl":"","articleSection":["Todas as not\u00edcias","\u00daltimas not\u00edcias"],"inLanguage":"pt-BR","potentialAction":[{"@type":"CommentAction","name":"Comment","target":["https:\/\/www.mpc.pr.gov.br\/index.php\/11a-edicao-da-revista-mpc-pr-ja-esta-disponivel\/#respond"]}]},{"@type":"WebPage","@id":"https:\/\/www.mpc.pr.gov.br\/index.php\/11a-edicao-da-revista-mpc-pr-ja-esta-disponivel\/","url":"https:\/\/www.mpc.pr.gov.br\/index.php\/11a-edicao-da-revista-mpc-pr-ja-esta-disponivel\/","name":"11\u00aa edi\u00e7\u00e3o da Revista MPC-PR j\u00e1 est\u00e1 dispon\u00edvel - Minist\u00e9rio P\u00fablico de Contas do Estado do Paran\u00e1","isPartOf":{"@id":"https:\/\/www.mpc.pr.gov.br\/#website"},"primaryImageOfPage":{"@id":"https:\/\/www.mpc.pr.gov.br\/index.php\/11a-edicao-da-revista-mpc-pr-ja-esta-disponivel\/#primaryimage"},"image":{"@id":"https:\/\/www.mpc.pr.gov.br\/index.php\/11a-edicao-da-revista-mpc-pr-ja-esta-disponivel\/#primaryimage"},"thumbnailUrl":"","datePublished":"2019-11-21T14:27:29+00:00","breadcrumb":{"@id":"https:\/\/www.mpc.pr.gov.br\/index.php\/11a-edicao-da-revista-mpc-pr-ja-esta-disponivel\/#breadcrumb"},"inLanguage":"pt-BR","potentialAction":[{"@type":"ReadAction","target":["https:\/\/www.mpc.pr.gov.br\/index.php\/11a-edicao-da-revista-mpc-pr-ja-esta-disponivel\/"]}]},{"@type":"ImageObject","inLanguage":"pt-BR","@id":"https:\/\/www.mpc.pr.gov.br\/index.php\/11a-edicao-da-revista-mpc-pr-ja-esta-disponivel\/#primaryimage","url":"","contentUrl":""},{"@type":"BreadcrumbList","@id":"https:\/\/www.mpc.pr.gov.br\/index.php\/11a-edicao-da-revista-mpc-pr-ja-esta-disponivel\/#breadcrumb","itemListElement":[{"@type":"ListItem","position":1,"name":"In\u00edcio","item":"https:\/\/www.mpc.pr.gov.br\/"},{"@type":"ListItem","position":2,"name":"11\u00aa edi\u00e7\u00e3o da Revista MPC-PR j\u00e1 est\u00e1 dispon\u00edvel"}]},{"@type":"WebSite","@id":"https:\/\/www.mpc.pr.gov.br\/#website","url":"https:\/\/www.mpc.pr.gov.br\/","name":"Minist\u00e9rio P\u00fablico de Contas do Estado do Paran\u00e1","description":"","publisher":{"@id":"https:\/\/www.mpc.pr.gov.br\/#organization"},"potentialAction":[{"@type":"SearchAction","target":{"@type":"EntryPoint","urlTemplate":"https:\/\/www.mpc.pr.gov.br\/?s={search_term_string}"},"query-input":{"@type":"PropertyValueSpecification","valueRequired":true,"valueName":"search_term_string"}}],"inLanguage":"pt-BR"},{"@type":"Organization","@id":"https:\/\/www.mpc.pr.gov.br\/#organization","name":"Minist\u00e9rio P\u00fablico de Contas do Estado do Paran\u00e1","url":"https:\/\/www.mpc.pr.gov.br\/","logo":{"@type":"ImageObject","inLanguage":"pt-BR","@id":"https:\/\/www.mpc.pr.gov.br\/#\/schema\/logo\/image\/","url":"https:\/\/www.mpc.pr.gov.br\/wp-content\/uploads\/2020\/06\/99423647_1593460364143890_6706793420720963584_n-1-e1591387983167.png","contentUrl":"https:\/\/www.mpc.pr.gov.br\/wp-content\/uploads\/2020\/06\/99423647_1593460364143890_6706793420720963584_n-1-e1591387983167.png","width":243,"height":73,"caption":"Minist\u00e9rio P\u00fablico de Contas do Estado do Paran\u00e1"},"image":{"@id":"https:\/\/www.mpc.pr.gov.br\/#\/schema\/logo\/image\/"},"sameAs":["https:\/\/www.facebook.com\/mpc.pr","https:\/\/www.instagram.com\/mpc.pr\/?hl=pt-br","https:\/\/www.youtube.com\/channel\/UCHri5oEM8DV0ztX57E0sBSw"]},{"@type":"Person","@id":"https:\/\/www.mpc.pr.gov.br\/#\/schema\/person\/d0c5cf9ebb4d8be833c419f3538cf751","name":"giovanna.faria","image":{"@type":"ImageObject","inLanguage":"pt-BR","@id":"https:\/\/secure.gravatar.com\/avatar\/?s=96&d=mm&r=g","url":"https:\/\/secure.gravatar.com\/avatar\/?s=96&d=mm&r=g","contentUrl":"https:\/\/secure.gravatar.com\/avatar\/?s=96&d=mm&r=g","caption":"giovanna.faria"}}]}},"rttpg_featured_image_url":null,"rttpg_author":{"display_name":"giovanna.faria","author_link":"https:\/\/www.mpc.pr.gov.br\/index.php\/author\/giovanna-faria\/"},"rttpg_comment":0,"rttpg_category":"<a href=\"https:\/\/www.mpc.pr.gov.br\/index.php\/category\/todas-as-noticias\/\" rel=\"category tag\">Todas as not\u00edcias<\/a> <a href=\"https:\/\/www.mpc.pr.gov.br\/index.php\/category\/ultimas-noticias\/\" rel=\"category tag\">\u00daltimas not\u00edcias<\/a>","rttpg_excerpt":"Nesta quinta-feira (21) o MP de Contas do Paran\u00e1 (MPC-PR) lan\u00e7a a 11\u00aa edi\u00e7\u00e3o da Revista MPC-PR, a qual tem por objetivo discutir temas relevantes \u00e0 Administra\u00e7\u00e3o P\u00fablica, bem como propagar boas pr\u00e1ticas. Al\u00e9m dos artigos de Doutrina, nesta edi\u00e7\u00e3o a publica\u00e7\u00e3o tamb\u00e9m traz artigos de Opini\u00e3o, Pareceres Ministeriais Selecionados e uma reportagem sobre os&hellip;","_links":{"self":[{"href":"https:\/\/www.mpc.pr.gov.br\/index.php\/wp-json\/wp\/v2\/posts\/8064","targetHints":{"allow":["GET"]}}],"collection":[{"href":"https:\/\/www.mpc.pr.gov.br\/index.php\/wp-json\/wp\/v2\/posts"}],"about":[{"href":"https:\/\/www.mpc.pr.gov.br\/index.php\/wp-json\/wp\/v2\/types\/post"}],"author":[{"embeddable":true,"href":"https:\/\/www.mpc.pr.gov.br\/index.php\/wp-json\/wp\/v2\/users\/5"}],"replies":[{"embeddable":true,"href":"https:\/\/www.mpc.pr.gov.br\/index.php\/wp-json\/wp\/v2\/comments?post=8064"}],"version-history":[{"count":0,"href":"https:\/\/www.mpc.pr.gov.br\/index.php\/wp-json\/wp\/v2\/posts\/8064\/revisions"}],"wp:featuredmedia":[{"embeddable":true,"href":"https:\/\/www.mpc.pr.gov.br\/index.php\/wp-json\/"}],"wp:attachment":[{"href":"https:\/\/www.mpc.pr.gov.br\/index.php\/wp-json\/wp\/v2\/media?parent=8064"}],"wp:term":[{"taxonomy":"category","embeddable":true,"href":"https:\/\/www.mpc.pr.gov.br\/index.php\/wp-json\/wp\/v2\/categories?post=8064"},{"taxonomy":"post_tag","embeddable":true,"href":"https:\/\/www.mpc.pr.gov.br\/index.php\/wp-json\/wp\/v2\/tags?post=8064"}],"curies":[{"name":"wp","href":"https:\/\/api.w.org\/{rel}","templated":true}]}}