{"id":8120,"date":"2019-11-28T15:18:51","date_gmt":"2019-11-28T18:18:51","guid":{"rendered":"http:\/\/www.mpc.pr.gov.br\/?p=8120"},"modified":"2019-11-28T15:18:51","modified_gmt":"2019-11-28T18:18:51","slug":"agenda-2020-ampcon-adere-a-campanha-contas-publicas-sao-da-nossa-conta","status":"publish","type":"post","link":"https:\/\/www.mpc.pr.gov.br\/index.php\/agenda-2020-ampcon-adere-a-campanha-contas-publicas-sao-da-nossa-conta\/","title":{"rendered":"Agenda 2020: AMPCON adere a Campanha \u201cContas P\u00fablicas S\u00e3o da Nossa Conta\u201d"},"content":{"rendered":"<p><a href=\"http:\/\/www.mpc.pr.gov.br\/agenda-2020-ampcon-adere-a-campanha-contas-publicas-sao-da-nossa-conta\/article\/\" rel=\"attachment wp-att-8121\"><img decoding=\"async\" class=\"alignleft size-medium wp-image-8121\" src=\"http:\/\/www.mpc.pr.gov.br\/wp-content\/uploads\/2019\/11\/article-300x127.jpg\" alt=\"\" width=\"300\" height=\"127\" \/><\/a>Hoje (28), durante o evento \u201cContas P\u00fablicas Municipais\u201d no Senado Federal, foi lan\u00e7ada a <a href=\"http:\/\/contaspublicasdanossaconta.com.br\/\"><em>Campanha \u201cContas P\u00fablicas S\u00e3o da Nossa Conta\u201d<\/em><\/a> no Congresso Nacional. Idealizada pela Associa\u00e7\u00e3o Nacional dos Ministros e Conselheiros Substitutos dos Tribunais de Contas (Audicon), o movimento busca estimular a participa\u00e7\u00e3o dos cidad\u00e3os, parlamentares e imprensa do controle dos recursos p\u00fablicos.<\/p>\n<p>Durante o evento foram realizados tr\u00eas pain\u00e9is, nos quais foram debatidos os temas: <em>Desafios das contas P\u00fablicas Municipais do Brasil<\/em>; <em>Expectativas da Reforma do pacto Federativo<\/em>; e o <em>Papel dos Tribunais de Contas e da inova\u00e7\u00e3o do ajuste de contas municipais.<\/em><\/p>\n<p>Realizado em parceria com o Portal Meu Munic\u00edpio (www.meumunicipio.org.br), que permite o acompanhamento por parte dos cidad\u00e3os da execu\u00e7\u00e3o or\u00e7ament\u00e1ria de suas cidades e ferramentas de otimiza\u00e7\u00e3o de arrecada\u00e7\u00e3o, o evento contou com a participa\u00e7\u00e3o de diversas C\u00e2maras Municipais que aderiram \u00e0 campanha.<\/p>\n<p>A campanha foi apresentada originalmente em maio de 2018 na sede do Tribunal de Contas da Uni\u00e3o (TCU), na comemora\u00e7\u00e3o pelo centen\u00e1rio de cria\u00e7\u00e3o do cargo de ministro\/conselheiro-substituto. Desde ent\u00e3o, est\u00e3o sendo realizadas diversos semin\u00e1rios e programas de forma\u00e7\u00e3o em todo o pa\u00eds, a fim de divulgar o movimento.<\/p>\n<p>A partir de 2020, a campanha ter\u00e1 a ades\u00e3o formal da Associa\u00e7\u00e3o Nacional do Minist\u00e9rio P\u00fablico de Contas (AMPCON), que passar\u00e1 a fazer parte de uma agenda de EAD de eventos ao vivo para qualifica\u00e7\u00e3o dos parlamentares e seus assessores na fiscaliza\u00e7\u00e3o de contas em suas cidades.\u00a0 Tamb\u00e9m poder\u00e3o compartilhar materiais da campanha, de programas, debates e dicas, em seus sites e redes sociais.<\/p>\n<p>Al\u00e9m disso, os Procuradores de Contas tamb\u00e9m participar\u00e3o de eventos de forma\u00e7\u00e3o de opini\u00e3o junto a jornalistas, al\u00e9m de a\u00e7\u00f5es de conscientiza\u00e7\u00e3o e de orienta\u00e7\u00e3o de fiscaliza\u00e7\u00e3o em Assembleias Legislativas e C\u00e2maras Municipais, bem como parcerias com o controle social.<\/p>\n<p>O lan\u00e7amento da campanha foi transmitido pelo YouTube e est\u00e1 dispon\u00edvel abaixo.<\/p>\n<p><a href=\"https:\/\/www.youtube.com\/watch?v=_g5fojmEU14&#038;feature=youtu.be&#038;utm_medium=share-button&#038;utm_source=whatsapp\">https:\/\/www.youtube.com\/watch?v=_g5fojmEU14&amp;feature=youtu.be&amp;utm_medium=share-button&amp;utm_source=whatsapp<\/a><\/p>\n<p>&nbsp;<\/p>\n\n<p>&nbsp;<\/p>\n<p>&nbsp;<\/p>\n","protected":false},"excerpt":{"rendered":"<p>Hoje (28), durante o evento \u201cContas P\u00fablicas Municipais\u201d no Senado Federal, foi lan\u00e7ada a Campanha \u201cContas P\u00fablicas S\u00e3o da Nossa Conta\u201d no Congresso Nacional. Idealizada pela Associa\u00e7\u00e3o Nacional dos Ministros e Conselheiros Substitutos dos Tribunais de Contas (Audicon), o movimento busca estimular a participa\u00e7\u00e3o dos cidad\u00e3os, parlamentares e imprensa do controle dos recursos p\u00fablicos. Durante [&hellip;]<\/p>\n","protected":false},"author":5,"featured_media":8121,"comment_status":"open","ping_status":"open","sticky":false,"template":"","format":"standard","meta":{"_monsterinsights_skip_tracking":false,"_monsterinsights_sitenote_active":false,"_monsterinsights_sitenote_note":"","_monsterinsights_sitenote_category":0,"footnotes":""},"categories":[7,14],"tags":[],"class_list":["post-8120","post","type-post","status-publish","format-standard","has-post-thumbnail","hentry","category-todas-as-noticias","category-ultimas-noticias","entry","has-media"],"yoast_head":"<!-- This site is optimized with the Yoast SEO plugin v27.3 - https:\/\/yoast.com\/product\/yoast-seo-wordpress\/ -->\n<title>Agenda 2020: AMPCON adere a Campanha \u201cContas P\u00fablicas S\u00e3o da Nossa Conta\u201d - Minist\u00e9rio P\u00fablico de Contas do Estado do Paran\u00e1<\/title>\n<meta name=\"robots\" content=\"index, follow, max-snippet:-1, max-image-preview:large, max-video-preview:-1\" \/>\n<link rel=\"canonical\" href=\"https:\/\/www.mpc.pr.gov.br\/index.php\/agenda-2020-ampcon-adere-a-campanha-contas-publicas-sao-da-nossa-conta\/\" \/>\n<meta property=\"og:locale\" content=\"pt_BR\" \/>\n<meta property=\"og:type\" content=\"article\" \/>\n<meta property=\"og:title\" content=\"Agenda 2020: AMPCON adere a Campanha \u201cContas P\u00fablicas S\u00e3o da Nossa Conta\u201d - Minist\u00e9rio P\u00fablico de Contas do Estado do Paran\u00e1\" \/>\n<meta property=\"og:description\" content=\"Hoje (28), durante o evento \u201cContas P\u00fablicas Municipais\u201d no Senado Federal, foi lan\u00e7ada a Campanha \u201cContas P\u00fablicas S\u00e3o da Nossa Conta\u201d no Congresso Nacional. Idealizada pela Associa\u00e7\u00e3o Nacional dos Ministros e Conselheiros Substitutos dos Tribunais de Contas (Audicon), o movimento busca estimular a participa\u00e7\u00e3o dos cidad\u00e3os, parlamentares e imprensa do controle dos recursos p\u00fablicos. Durante [&hellip;]\" \/>\n<meta property=\"og:url\" content=\"https:\/\/www.mpc.pr.gov.br\/index.php\/agenda-2020-ampcon-adere-a-campanha-contas-publicas-sao-da-nossa-conta\/\" \/>\n<meta property=\"og:site_name\" content=\"Minist\u00e9rio P\u00fablico de Contas do Estado do Paran\u00e1\" \/>\n<meta property=\"article:publisher\" content=\"https:\/\/www.facebook.com\/mpc.pr\" \/>\n<meta property=\"article:published_time\" content=\"2019-11-28T18:18:51+00:00\" \/>\n<meta name=\"author\" content=\"giovanna.faria\" \/>\n<meta name=\"twitter:card\" content=\"summary_large_image\" \/>\n<meta name=\"twitter:label1\" content=\"Escrito por\" \/>\n\t<meta name=\"twitter:data1\" content=\"giovanna.faria\" \/>\n\t<meta name=\"twitter:label2\" content=\"Est. tempo de leitura\" \/>\n\t<meta name=\"twitter:data2\" content=\"2 minutos\" \/>\n<script type=\"application\/ld+json\" class=\"yoast-schema-graph\">{\"@context\":\"https:\\\/\\\/schema.org\",\"@graph\":[{\"@type\":\"Article\",\"@id\":\"https:\\\/\\\/www.mpc.pr.gov.br\\\/index.php\\\/agenda-2020-ampcon-adere-a-campanha-contas-publicas-sao-da-nossa-conta\\\/#article\",\"isPartOf\":{\"@id\":\"https:\\\/\\\/www.mpc.pr.gov.br\\\/index.php\\\/agenda-2020-ampcon-adere-a-campanha-contas-publicas-sao-da-nossa-conta\\\/\"},\"author\":{\"name\":\"giovanna.faria\",\"@id\":\"https:\\\/\\\/www.mpc.pr.gov.br\\\/#\\\/schema\\\/person\\\/d0c5cf9ebb4d8be833c419f3538cf751\"},\"headline\":\"Agenda 2020: AMPCON adere a Campanha \u201cContas P\u00fablicas S\u00e3o da Nossa Conta\u201d\",\"datePublished\":\"2019-11-28T18:18:51+00:00\",\"mainEntityOfPage\":{\"@id\":\"https:\\\/\\\/www.mpc.pr.gov.br\\\/index.php\\\/agenda-2020-ampcon-adere-a-campanha-contas-publicas-sao-da-nossa-conta\\\/\"},\"wordCount\":395,\"commentCount\":0,\"publisher\":{\"@id\":\"https:\\\/\\\/www.mpc.pr.gov.br\\\/#organization\"},\"image\":{\"@id\":\"https:\\\/\\\/www.mpc.pr.gov.br\\\/index.php\\\/agenda-2020-ampcon-adere-a-campanha-contas-publicas-sao-da-nossa-conta\\\/#primaryimage\"},\"thumbnailUrl\":\"\",\"articleSection\":[\"Todas as not\u00edcias\",\"\u00daltimas not\u00edcias\"],\"inLanguage\":\"pt-BR\",\"potentialAction\":[{\"@type\":\"CommentAction\",\"name\":\"Comment\",\"target\":[\"https:\\\/\\\/www.mpc.pr.gov.br\\\/index.php\\\/agenda-2020-ampcon-adere-a-campanha-contas-publicas-sao-da-nossa-conta\\\/#respond\"]}]},{\"@type\":\"WebPage\",\"@id\":\"https:\\\/\\\/www.mpc.pr.gov.br\\\/index.php\\\/agenda-2020-ampcon-adere-a-campanha-contas-publicas-sao-da-nossa-conta\\\/\",\"url\":\"https:\\\/\\\/www.mpc.pr.gov.br\\\/index.php\\\/agenda-2020-ampcon-adere-a-campanha-contas-publicas-sao-da-nossa-conta\\\/\",\"name\":\"Agenda 2020: AMPCON adere a Campanha \u201cContas P\u00fablicas S\u00e3o da Nossa Conta\u201d - Minist\u00e9rio P\u00fablico de Contas do Estado do Paran\u00e1\",\"isPartOf\":{\"@id\":\"https:\\\/\\\/www.mpc.pr.gov.br\\\/#website\"},\"primaryImageOfPage\":{\"@id\":\"https:\\\/\\\/www.mpc.pr.gov.br\\\/index.php\\\/agenda-2020-ampcon-adere-a-campanha-contas-publicas-sao-da-nossa-conta\\\/#primaryimage\"},\"image\":{\"@id\":\"https:\\\/\\\/www.mpc.pr.gov.br\\\/index.php\\\/agenda-2020-ampcon-adere-a-campanha-contas-publicas-sao-da-nossa-conta\\\/#primaryimage\"},\"thumbnailUrl\":\"\",\"datePublished\":\"2019-11-28T18:18:51+00:00\",\"breadcrumb\":{\"@id\":\"https:\\\/\\\/www.mpc.pr.gov.br\\\/index.php\\\/agenda-2020-ampcon-adere-a-campanha-contas-publicas-sao-da-nossa-conta\\\/#breadcrumb\"},\"inLanguage\":\"pt-BR\",\"potentialAction\":[{\"@type\":\"ReadAction\",\"target\":[\"https:\\\/\\\/www.mpc.pr.gov.br\\\/index.php\\\/agenda-2020-ampcon-adere-a-campanha-contas-publicas-sao-da-nossa-conta\\\/\"]}]},{\"@type\":\"ImageObject\",\"inLanguage\":\"pt-BR\",\"@id\":\"https:\\\/\\\/www.mpc.pr.gov.br\\\/index.php\\\/agenda-2020-ampcon-adere-a-campanha-contas-publicas-sao-da-nossa-conta\\\/#primaryimage\",\"url\":\"\",\"contentUrl\":\"\"},{\"@type\":\"BreadcrumbList\",\"@id\":\"https:\\\/\\\/www.mpc.pr.gov.br\\\/index.php\\\/agenda-2020-ampcon-adere-a-campanha-contas-publicas-sao-da-nossa-conta\\\/#breadcrumb\",\"itemListElement\":[{\"@type\":\"ListItem\",\"position\":1,\"name\":\"In\u00edcio\",\"item\":\"https:\\\/\\\/www.mpc.pr.gov.br\\\/\"},{\"@type\":\"ListItem\",\"position\":2,\"name\":\"Agenda 2020: AMPCON adere a Campanha \u201cContas P\u00fablicas S\u00e3o da Nossa Conta\u201d\"}]},{\"@type\":\"WebSite\",\"@id\":\"https:\\\/\\\/www.mpc.pr.gov.br\\\/#website\",\"url\":\"https:\\\/\\\/www.mpc.pr.gov.br\\\/\",\"name\":\"Minist\u00e9rio P\u00fablico de Contas do Estado do Paran\u00e1\",\"description\":\"\",\"publisher\":{\"@id\":\"https:\\\/\\\/www.mpc.pr.gov.br\\\/#organization\"},\"potentialAction\":[{\"@type\":\"SearchAction\",\"target\":{\"@type\":\"EntryPoint\",\"urlTemplate\":\"https:\\\/\\\/www.mpc.pr.gov.br\\\/?s={search_term_string}\"},\"query-input\":{\"@type\":\"PropertyValueSpecification\",\"valueRequired\":true,\"valueName\":\"search_term_string\"}}],\"inLanguage\":\"pt-BR\"},{\"@type\":\"Organization\",\"@id\":\"https:\\\/\\\/www.mpc.pr.gov.br\\\/#organization\",\"name\":\"Minist\u00e9rio P\u00fablico de Contas do Estado do Paran\u00e1\",\"url\":\"https:\\\/\\\/www.mpc.pr.gov.br\\\/\",\"logo\":{\"@type\":\"ImageObject\",\"inLanguage\":\"pt-BR\",\"@id\":\"https:\\\/\\\/www.mpc.pr.gov.br\\\/#\\\/schema\\\/logo\\\/image\\\/\",\"url\":\"https:\\\/\\\/www.mpc.pr.gov.br\\\/wp-content\\\/uploads\\\/2020\\\/06\\\/99423647_1593460364143890_6706793420720963584_n-1-e1591387983167.png\",\"contentUrl\":\"https:\\\/\\\/www.mpc.pr.gov.br\\\/wp-content\\\/uploads\\\/2020\\\/06\\\/99423647_1593460364143890_6706793420720963584_n-1-e1591387983167.png\",\"width\":243,\"height\":73,\"caption\":\"Minist\u00e9rio P\u00fablico de Contas do Estado do Paran\u00e1\"},\"image\":{\"@id\":\"https:\\\/\\\/www.mpc.pr.gov.br\\\/#\\\/schema\\\/logo\\\/image\\\/\"},\"sameAs\":[\"https:\\\/\\\/www.facebook.com\\\/mpc.pr\",\"https:\\\/\\\/www.instagram.com\\\/mpc.pr\\\/?hl=pt-br\",\"https:\\\/\\\/www.youtube.com\\\/channel\\\/UCHri5oEM8DV0ztX57E0sBSw\"]},{\"@type\":\"Person\",\"@id\":\"https:\\\/\\\/www.mpc.pr.gov.br\\\/#\\\/schema\\\/person\\\/d0c5cf9ebb4d8be833c419f3538cf751\",\"name\":\"giovanna.faria\",\"image\":{\"@type\":\"ImageObject\",\"inLanguage\":\"pt-BR\",\"@id\":\"https:\\\/\\\/secure.gravatar.com\\\/avatar\\\/?s=96&d=mm&r=g\",\"url\":\"https:\\\/\\\/secure.gravatar.com\\\/avatar\\\/?s=96&d=mm&r=g\",\"contentUrl\":\"https:\\\/\\\/secure.gravatar.com\\\/avatar\\\/?s=96&d=mm&r=g\",\"caption\":\"giovanna.faria\"}}]}<\/script>\n<!-- \/ Yoast SEO plugin. -->","yoast_head_json":{"title":"Agenda 2020: AMPCON adere a Campanha \u201cContas P\u00fablicas S\u00e3o da Nossa Conta\u201d - Minist\u00e9rio P\u00fablico de Contas do Estado do Paran\u00e1","robots":{"index":"index","follow":"follow","max-snippet":"max-snippet:-1","max-image-preview":"max-image-preview:large","max-video-preview":"max-video-preview:-1"},"canonical":"https:\/\/www.mpc.pr.gov.br\/index.php\/agenda-2020-ampcon-adere-a-campanha-contas-publicas-sao-da-nossa-conta\/","og_locale":"pt_BR","og_type":"article","og_title":"Agenda 2020: AMPCON adere a Campanha \u201cContas P\u00fablicas S\u00e3o da Nossa Conta\u201d - Minist\u00e9rio P\u00fablico de Contas do Estado do Paran\u00e1","og_description":"Hoje (28), durante o evento \u201cContas P\u00fablicas Municipais\u201d no Senado Federal, foi lan\u00e7ada a Campanha \u201cContas P\u00fablicas S\u00e3o da Nossa Conta\u201d no Congresso Nacional. Idealizada pela Associa\u00e7\u00e3o Nacional dos Ministros e Conselheiros Substitutos dos Tribunais de Contas (Audicon), o movimento busca estimular a participa\u00e7\u00e3o dos cidad\u00e3os, parlamentares e imprensa do controle dos recursos p\u00fablicos. Durante [&hellip;]","og_url":"https:\/\/www.mpc.pr.gov.br\/index.php\/agenda-2020-ampcon-adere-a-campanha-contas-publicas-sao-da-nossa-conta\/","og_site_name":"Minist\u00e9rio P\u00fablico de Contas do Estado do Paran\u00e1","article_publisher":"https:\/\/www.facebook.com\/mpc.pr","article_published_time":"2019-11-28T18:18:51+00:00","author":"giovanna.faria","twitter_card":"summary_large_image","twitter_misc":{"Escrito por":"giovanna.faria","Est. tempo de leitura":"2 minutos"},"schema":{"@context":"https:\/\/schema.org","@graph":[{"@type":"Article","@id":"https:\/\/www.mpc.pr.gov.br\/index.php\/agenda-2020-ampcon-adere-a-campanha-contas-publicas-sao-da-nossa-conta\/#article","isPartOf":{"@id":"https:\/\/www.mpc.pr.gov.br\/index.php\/agenda-2020-ampcon-adere-a-campanha-contas-publicas-sao-da-nossa-conta\/"},"author":{"name":"giovanna.faria","@id":"https:\/\/www.mpc.pr.gov.br\/#\/schema\/person\/d0c5cf9ebb4d8be833c419f3538cf751"},"headline":"Agenda 2020: AMPCON adere a Campanha \u201cContas P\u00fablicas S\u00e3o da Nossa Conta\u201d","datePublished":"2019-11-28T18:18:51+00:00","mainEntityOfPage":{"@id":"https:\/\/www.mpc.pr.gov.br\/index.php\/agenda-2020-ampcon-adere-a-campanha-contas-publicas-sao-da-nossa-conta\/"},"wordCount":395,"commentCount":0,"publisher":{"@id":"https:\/\/www.mpc.pr.gov.br\/#organization"},"image":{"@id":"https:\/\/www.mpc.pr.gov.br\/index.php\/agenda-2020-ampcon-adere-a-campanha-contas-publicas-sao-da-nossa-conta\/#primaryimage"},"thumbnailUrl":"","articleSection":["Todas as not\u00edcias","\u00daltimas not\u00edcias"],"inLanguage":"pt-BR","potentialAction":[{"@type":"CommentAction","name":"Comment","target":["https:\/\/www.mpc.pr.gov.br\/index.php\/agenda-2020-ampcon-adere-a-campanha-contas-publicas-sao-da-nossa-conta\/#respond"]}]},{"@type":"WebPage","@id":"https:\/\/www.mpc.pr.gov.br\/index.php\/agenda-2020-ampcon-adere-a-campanha-contas-publicas-sao-da-nossa-conta\/","url":"https:\/\/www.mpc.pr.gov.br\/index.php\/agenda-2020-ampcon-adere-a-campanha-contas-publicas-sao-da-nossa-conta\/","name":"Agenda 2020: AMPCON adere a Campanha \u201cContas P\u00fablicas S\u00e3o da Nossa Conta\u201d - Minist\u00e9rio P\u00fablico de Contas do Estado do Paran\u00e1","isPartOf":{"@id":"https:\/\/www.mpc.pr.gov.br\/#website"},"primaryImageOfPage":{"@id":"https:\/\/www.mpc.pr.gov.br\/index.php\/agenda-2020-ampcon-adere-a-campanha-contas-publicas-sao-da-nossa-conta\/#primaryimage"},"image":{"@id":"https:\/\/www.mpc.pr.gov.br\/index.php\/agenda-2020-ampcon-adere-a-campanha-contas-publicas-sao-da-nossa-conta\/#primaryimage"},"thumbnailUrl":"","datePublished":"2019-11-28T18:18:51+00:00","breadcrumb":{"@id":"https:\/\/www.mpc.pr.gov.br\/index.php\/agenda-2020-ampcon-adere-a-campanha-contas-publicas-sao-da-nossa-conta\/#breadcrumb"},"inLanguage":"pt-BR","potentialAction":[{"@type":"ReadAction","target":["https:\/\/www.mpc.pr.gov.br\/index.php\/agenda-2020-ampcon-adere-a-campanha-contas-publicas-sao-da-nossa-conta\/"]}]},{"@type":"ImageObject","inLanguage":"pt-BR","@id":"https:\/\/www.mpc.pr.gov.br\/index.php\/agenda-2020-ampcon-adere-a-campanha-contas-publicas-sao-da-nossa-conta\/#primaryimage","url":"","contentUrl":""},{"@type":"BreadcrumbList","@id":"https:\/\/www.mpc.pr.gov.br\/index.php\/agenda-2020-ampcon-adere-a-campanha-contas-publicas-sao-da-nossa-conta\/#breadcrumb","itemListElement":[{"@type":"ListItem","position":1,"name":"In\u00edcio","item":"https:\/\/www.mpc.pr.gov.br\/"},{"@type":"ListItem","position":2,"name":"Agenda 2020: AMPCON adere a Campanha \u201cContas P\u00fablicas S\u00e3o da Nossa Conta\u201d"}]},{"@type":"WebSite","@id":"https:\/\/www.mpc.pr.gov.br\/#website","url":"https:\/\/www.mpc.pr.gov.br\/","name":"Minist\u00e9rio P\u00fablico de Contas do Estado do Paran\u00e1","description":"","publisher":{"@id":"https:\/\/www.mpc.pr.gov.br\/#organization"},"potentialAction":[{"@type":"SearchAction","target":{"@type":"EntryPoint","urlTemplate":"https:\/\/www.mpc.pr.gov.br\/?s={search_term_string}"},"query-input":{"@type":"PropertyValueSpecification","valueRequired":true,"valueName":"search_term_string"}}],"inLanguage":"pt-BR"},{"@type":"Organization","@id":"https:\/\/www.mpc.pr.gov.br\/#organization","name":"Minist\u00e9rio P\u00fablico de Contas do Estado do Paran\u00e1","url":"https:\/\/www.mpc.pr.gov.br\/","logo":{"@type":"ImageObject","inLanguage":"pt-BR","@id":"https:\/\/www.mpc.pr.gov.br\/#\/schema\/logo\/image\/","url":"https:\/\/www.mpc.pr.gov.br\/wp-content\/uploads\/2020\/06\/99423647_1593460364143890_6706793420720963584_n-1-e1591387983167.png","contentUrl":"https:\/\/www.mpc.pr.gov.br\/wp-content\/uploads\/2020\/06\/99423647_1593460364143890_6706793420720963584_n-1-e1591387983167.png","width":243,"height":73,"caption":"Minist\u00e9rio P\u00fablico de Contas do Estado do Paran\u00e1"},"image":{"@id":"https:\/\/www.mpc.pr.gov.br\/#\/schema\/logo\/image\/"},"sameAs":["https:\/\/www.facebook.com\/mpc.pr","https:\/\/www.instagram.com\/mpc.pr\/?hl=pt-br","https:\/\/www.youtube.com\/channel\/UCHri5oEM8DV0ztX57E0sBSw"]},{"@type":"Person","@id":"https:\/\/www.mpc.pr.gov.br\/#\/schema\/person\/d0c5cf9ebb4d8be833c419f3538cf751","name":"giovanna.faria","image":{"@type":"ImageObject","inLanguage":"pt-BR","@id":"https:\/\/secure.gravatar.com\/avatar\/?s=96&d=mm&r=g","url":"https:\/\/secure.gravatar.com\/avatar\/?s=96&d=mm&r=g","contentUrl":"https:\/\/secure.gravatar.com\/avatar\/?s=96&d=mm&r=g","caption":"giovanna.faria"}}]}},"rttpg_featured_image_url":null,"rttpg_author":{"display_name":"giovanna.faria","author_link":"https:\/\/www.mpc.pr.gov.br\/index.php\/author\/giovanna-faria\/"},"rttpg_comment":0,"rttpg_category":"<a href=\"https:\/\/www.mpc.pr.gov.br\/index.php\/category\/todas-as-noticias\/\" rel=\"category tag\">Todas as not\u00edcias<\/a> <a href=\"https:\/\/www.mpc.pr.gov.br\/index.php\/category\/ultimas-noticias\/\" rel=\"category tag\">\u00daltimas not\u00edcias<\/a>","rttpg_excerpt":"Hoje (28), durante o evento \u201cContas P\u00fablicas Municipais\u201d no Senado Federal, foi lan\u00e7ada a Campanha \u201cContas P\u00fablicas S\u00e3o da Nossa Conta\u201d no Congresso Nacional. Idealizada pela Associa\u00e7\u00e3o Nacional dos Ministros e Conselheiros Substitutos dos Tribunais de Contas (Audicon), o movimento busca estimular a participa\u00e7\u00e3o dos cidad\u00e3os, parlamentares e imprensa do controle dos recursos p\u00fablicos. Durante&hellip;","_links":{"self":[{"href":"https:\/\/www.mpc.pr.gov.br\/index.php\/wp-json\/wp\/v2\/posts\/8120","targetHints":{"allow":["GET"]}}],"collection":[{"href":"https:\/\/www.mpc.pr.gov.br\/index.php\/wp-json\/wp\/v2\/posts"}],"about":[{"href":"https:\/\/www.mpc.pr.gov.br\/index.php\/wp-json\/wp\/v2\/types\/post"}],"author":[{"embeddable":true,"href":"https:\/\/www.mpc.pr.gov.br\/index.php\/wp-json\/wp\/v2\/users\/5"}],"replies":[{"embeddable":true,"href":"https:\/\/www.mpc.pr.gov.br\/index.php\/wp-json\/wp\/v2\/comments?post=8120"}],"version-history":[{"count":0,"href":"https:\/\/www.mpc.pr.gov.br\/index.php\/wp-json\/wp\/v2\/posts\/8120\/revisions"}],"wp:featuredmedia":[{"embeddable":true,"href":"https:\/\/www.mpc.pr.gov.br\/index.php\/wp-json\/"}],"wp:attachment":[{"href":"https:\/\/www.mpc.pr.gov.br\/index.php\/wp-json\/wp\/v2\/media?parent=8120"}],"wp:term":[{"taxonomy":"category","embeddable":true,"href":"https:\/\/www.mpc.pr.gov.br\/index.php\/wp-json\/wp\/v2\/categories?post=8120"},{"taxonomy":"post_tag","embeddable":true,"href":"https:\/\/www.mpc.pr.gov.br\/index.php\/wp-json\/wp\/v2\/tags?post=8120"}],"curies":[{"name":"wp","href":"https:\/\/api.w.org\/{rel}","templated":true}]}}