{"id":8238,"date":"2019-12-09T10:16:05","date_gmt":"2019-12-09T13:16:05","guid":{"rendered":"http:\/\/www.mpc.pr.gov.br\/?p=8238"},"modified":"2019-12-09T10:16:05","modified_gmt":"2019-12-09T13:16:05","slug":"mp-de-contas-pede-cautelar-para-que-municipio-de-guarapuava-disponibilize-documentos-no-portal-da-transparencia","status":"publish","type":"post","link":"https:\/\/www.mpc.pr.gov.br\/index.php\/mp-de-contas-pede-cautelar-para-que-municipio-de-guarapuava-disponibilize-documentos-no-portal-da-transparencia\/","title":{"rendered":"MP de Contas pede cautelar para que munic\u00edpio de Guarapuava disponibilize documentos no portal da transpar\u00eancia"},"content":{"rendered":"<figure id=\"attachment_7951\" aria-describedby=\"caption-attachment-7951\" style=\"width: 300px\" class=\"wp-caption alignleft\"><a href=\"http:\/\/www.mpc.pr.gov.br\/contrato-de-guarapuava-para-servico-de-iluminacao-publica-deve-conter-matriz-de-risco-recomenda-o-mp-de-contas\/iluminacao-publica\/\" rel=\"attachment wp-att-7951\"><img fetchpriority=\"high\" decoding=\"async\" class=\"size-medium wp-image-7951\" src=\"http:\/\/www.mpc.pr.gov.br\/wp-content\/uploads\/2019\/11\/ilumina\u00e7\u00e3o-p\u00fablica-300x198.jpg\" alt=\"\" width=\"300\" height=\"198\" \/><\/a><figcaption id=\"caption-attachment-7951\" class=\"wp-caption-text\">Trabalho de manuten\u00e7\u00e3o de ilumina\u00e7\u00e3o p\u00fablica urbana. Foto: Divulga\u00e7\u00e3o<\/figcaption><\/figure>\n<p>O MP de Contas do Paran\u00e1 (MPC-PR) protocolou uma nova Representa\u00e7\u00e3o (n\u00b0 789.866\/19) em face do munic\u00edpio de Guarapuava, em raz\u00e3o de irregularidades identificadas no Edital de Concorr\u00eancia P\u00fablica n\u00b0 1\/2019, que visa a contrata\u00e7\u00e3o de Parceria P\u00fablico-Privada (PPP) para substitui\u00e7\u00e3o, moderniza\u00e7\u00e3o e manuten\u00e7\u00e3o da Rede Municipal de Ilumina\u00e7\u00e3o P\u00fablica.<\/p>\n<p>Conforme verificado na ata de reuni\u00e3o de julgamento das propostas, o MPC-PR verificou que o Cons\u00f3rcio IP Brasil \u2013 Guarapuava, sem qualquer justificativa, apresentou duas ofertas, sendo uma no valor da contrapresta\u00e7\u00e3o mensal de R$ 447.410,00 e outra no valor de R$ 585.249,00.<\/p>\n<p>Tal empresa foi, inicialmente, classificada em segundo lugar, tendo superado a proposta apresentada pelo Cons\u00f3rcio Ilumina Guarapuava com valor da contrapresta\u00e7\u00e3o mensal de R$ 546.516,60. Contudo, o Cons\u00f3rcio IP Brasil acabou sendo classificado com a menor contrapresta\u00e7\u00e3o m\u00e1xima, ap\u00f3s a modifica\u00e7\u00e3o da proposta apresentada pelo Cons\u00f3rcio Ilumina Guarapuava.<\/p>\n<p>Al\u00e9m disso, ao tentar acessar a proposta vencedora e demais documentos do edital no Portal da Transpar\u00eancia do munic\u00edpio, o MP de Contas verificou que o endere\u00e7o eletr\u00f4nico para consulta dessas informa\u00e7\u00f5es direciona a uma pasta que n\u00e3o cont\u00e9m qualquer documento ou arquivo.<\/p>\n<p>Em raz\u00e3o da impossibilidade de acesso, o MPC-PR solicitou, por meio de of\u00edcio, ao munic\u00edpio de Guarapuava que informasse a data exata do recebimento pela Comiss\u00e3o de Licita\u00e7\u00e3o de cada uma das propostas econ\u00f4micas apresentadas por ambas as empresas e que fossem disponibilizados o acesso \u00e0 integra da proposta do Cons\u00f3rcio Ilumina Guarapuava.<\/p>\n<p>O MP de Contas entende que, al\u00e9m de afrontar a Lei de Acesso \u00e0 Informa\u00e7\u00e3o (Lei n\u00b0 12.527\/2011), em raz\u00e3o da n\u00e3o disponibiliza\u00e7\u00e3o de informa\u00e7\u00f5es no portal da transpar\u00eancia, tal aus\u00eancia de documentos permitir\u00e1 concluir pela ocorr\u00eancia de fraude e conluio na escolha do cons\u00f3rcio vencedor, com\u00a0 limita\u00e7\u00e3o da competi\u00e7\u00e3o, na medida em que as propostas apresentadas n\u00e3o sejam eficazes a ponto de estabelecer um ambiente competitivo que proporcione disputa real entre os licitantes, colocando em d\u00favida a sinceridade e a seriedade dos valores apresentados.<\/p>\n<p>Apesar de oportunizado ao munic\u00edpio o esclarecimento dessas informa\u00e7\u00f5es, n\u00e3o houve qualquer resposta ao of\u00edcio ministerial. Por esse motivo o MPC-PR resolveu protocolar uma Representa\u00e7\u00e3o junto ao Tribunal de Contas do Paran\u00e1 (TCE-PR), com pedido de medida cautelar, para que o munic\u00edpio de Guarapuava passe a disponibilizar, imediatamente, todas as informa\u00e7\u00f5es e documentos relativos a Concorr\u00eancia P\u00fablica n\u00b0 1\/2019, a fim de que possa ser realizado o correto acompanhamento e fiscaliza\u00e7\u00e3o do certame.<\/p>\n","protected":false},"excerpt":{"rendered":"<p>O MP de Contas do Paran\u00e1 (MPC-PR) protocolou uma nova Representa\u00e7\u00e3o (n\u00b0 789.866\/19) em face do munic\u00edpio de Guarapuava, em raz\u00e3o de irregularidades identificadas no Edital de Concorr\u00eancia P\u00fablica n\u00b0 1\/2019, que visa a contrata\u00e7\u00e3o de Parceria P\u00fablico-Privada (PPP) para substitui\u00e7\u00e3o, moderniza\u00e7\u00e3o e manuten\u00e7\u00e3o da Rede Municipal de Ilumina\u00e7\u00e3o P\u00fablica. Conforme verificado na ata de [&hellip;]<\/p>\n","protected":false},"author":5,"featured_media":7951,"comment_status":"open","ping_status":"open","sticky":false,"template":"","format":"standard","meta":{"_monsterinsights_skip_tracking":false,"_monsterinsights_sitenote_active":false,"_monsterinsights_sitenote_note":"","_monsterinsights_sitenote_category":0,"footnotes":""},"categories":[7,14],"tags":[],"class_list":["post-8238","post","type-post","status-publish","format-standard","has-post-thumbnail","hentry","category-todas-as-noticias","category-ultimas-noticias","entry","has-media"],"yoast_head":"<!-- This site is optimized with the Yoast SEO plugin v27.3 - https:\/\/yoast.com\/product\/yoast-seo-wordpress\/ -->\n<title>MP de Contas pede cautelar para que munic\u00edpio de Guarapuava disponibilize documentos no portal da transpar\u00eancia - Minist\u00e9rio P\u00fablico de Contas do Estado do Paran\u00e1<\/title>\n<meta name=\"robots\" content=\"index, follow, max-snippet:-1, max-image-preview:large, max-video-preview:-1\" \/>\n<link rel=\"canonical\" href=\"https:\/\/www.mpc.pr.gov.br\/index.php\/mp-de-contas-pede-cautelar-para-que-municipio-de-guarapuava-disponibilize-documentos-no-portal-da-transparencia\/\" \/>\n<meta property=\"og:locale\" content=\"pt_BR\" \/>\n<meta property=\"og:type\" content=\"article\" \/>\n<meta property=\"og:title\" content=\"MP de Contas pede cautelar para que munic\u00edpio de Guarapuava disponibilize documentos no portal da transpar\u00eancia - Minist\u00e9rio P\u00fablico de Contas do Estado do Paran\u00e1\" \/>\n<meta property=\"og:description\" content=\"O MP de Contas do Paran\u00e1 (MPC-PR) protocolou uma nova Representa\u00e7\u00e3o (n\u00b0 789.866\/19) em face do munic\u00edpio de Guarapuava, em raz\u00e3o de irregularidades identificadas no Edital de Concorr\u00eancia P\u00fablica n\u00b0 1\/2019, que visa a contrata\u00e7\u00e3o de Parceria P\u00fablico-Privada (PPP) para substitui\u00e7\u00e3o, moderniza\u00e7\u00e3o e manuten\u00e7\u00e3o da Rede Municipal de Ilumina\u00e7\u00e3o P\u00fablica. Conforme verificado na ata de [&hellip;]\" \/>\n<meta property=\"og:url\" content=\"https:\/\/www.mpc.pr.gov.br\/index.php\/mp-de-contas-pede-cautelar-para-que-municipio-de-guarapuava-disponibilize-documentos-no-portal-da-transparencia\/\" \/>\n<meta property=\"og:site_name\" content=\"Minist\u00e9rio P\u00fablico de Contas do Estado do Paran\u00e1\" \/>\n<meta property=\"article:publisher\" content=\"https:\/\/www.facebook.com\/mpc.pr\" \/>\n<meta property=\"article:published_time\" content=\"2019-12-09T13:16:05+00:00\" \/>\n<meta name=\"author\" content=\"giovanna.faria\" \/>\n<meta name=\"twitter:card\" content=\"summary_large_image\" \/>\n<meta name=\"twitter:label1\" content=\"Escrito por\" \/>\n\t<meta name=\"twitter:data1\" content=\"giovanna.faria\" \/>\n\t<meta name=\"twitter:label2\" content=\"Est. tempo de leitura\" \/>\n\t<meta name=\"twitter:data2\" content=\"2 minutos\" \/>\n<script type=\"application\/ld+json\" class=\"yoast-schema-graph\">{\"@context\":\"https:\\\/\\\/schema.org\",\"@graph\":[{\"@type\":\"Article\",\"@id\":\"https:\\\/\\\/www.mpc.pr.gov.br\\\/index.php\\\/mp-de-contas-pede-cautelar-para-que-municipio-de-guarapuava-disponibilize-documentos-no-portal-da-transparencia\\\/#article\",\"isPartOf\":{\"@id\":\"https:\\\/\\\/www.mpc.pr.gov.br\\\/index.php\\\/mp-de-contas-pede-cautelar-para-que-municipio-de-guarapuava-disponibilize-documentos-no-portal-da-transparencia\\\/\"},\"author\":{\"name\":\"giovanna.faria\",\"@id\":\"https:\\\/\\\/www.mpc.pr.gov.br\\\/#\\\/schema\\\/person\\\/d0c5cf9ebb4d8be833c419f3538cf751\"},\"headline\":\"MP de Contas pede cautelar para que munic\u00edpio de Guarapuava disponibilize documentos no portal da transpar\u00eancia\",\"datePublished\":\"2019-12-09T13:16:05+00:00\",\"mainEntityOfPage\":{\"@id\":\"https:\\\/\\\/www.mpc.pr.gov.br\\\/index.php\\\/mp-de-contas-pede-cautelar-para-que-municipio-de-guarapuava-disponibilize-documentos-no-portal-da-transparencia\\\/\"},\"wordCount\":485,\"commentCount\":0,\"publisher\":{\"@id\":\"https:\\\/\\\/www.mpc.pr.gov.br\\\/#organization\"},\"image\":{\"@id\":\"https:\\\/\\\/www.mpc.pr.gov.br\\\/index.php\\\/mp-de-contas-pede-cautelar-para-que-municipio-de-guarapuava-disponibilize-documentos-no-portal-da-transparencia\\\/#primaryimage\"},\"thumbnailUrl\":\"\",\"articleSection\":[\"Todas as not\u00edcias\",\"\u00daltimas not\u00edcias\"],\"inLanguage\":\"pt-BR\",\"potentialAction\":[{\"@type\":\"CommentAction\",\"name\":\"Comment\",\"target\":[\"https:\\\/\\\/www.mpc.pr.gov.br\\\/index.php\\\/mp-de-contas-pede-cautelar-para-que-municipio-de-guarapuava-disponibilize-documentos-no-portal-da-transparencia\\\/#respond\"]}]},{\"@type\":\"WebPage\",\"@id\":\"https:\\\/\\\/www.mpc.pr.gov.br\\\/index.php\\\/mp-de-contas-pede-cautelar-para-que-municipio-de-guarapuava-disponibilize-documentos-no-portal-da-transparencia\\\/\",\"url\":\"https:\\\/\\\/www.mpc.pr.gov.br\\\/index.php\\\/mp-de-contas-pede-cautelar-para-que-municipio-de-guarapuava-disponibilize-documentos-no-portal-da-transparencia\\\/\",\"name\":\"MP de Contas pede cautelar para que munic\u00edpio de Guarapuava disponibilize documentos no portal da transpar\u00eancia - Minist\u00e9rio P\u00fablico de Contas do Estado do Paran\u00e1\",\"isPartOf\":{\"@id\":\"https:\\\/\\\/www.mpc.pr.gov.br\\\/#website\"},\"primaryImageOfPage\":{\"@id\":\"https:\\\/\\\/www.mpc.pr.gov.br\\\/index.php\\\/mp-de-contas-pede-cautelar-para-que-municipio-de-guarapuava-disponibilize-documentos-no-portal-da-transparencia\\\/#primaryimage\"},\"image\":{\"@id\":\"https:\\\/\\\/www.mpc.pr.gov.br\\\/index.php\\\/mp-de-contas-pede-cautelar-para-que-municipio-de-guarapuava-disponibilize-documentos-no-portal-da-transparencia\\\/#primaryimage\"},\"thumbnailUrl\":\"\",\"datePublished\":\"2019-12-09T13:16:05+00:00\",\"breadcrumb\":{\"@id\":\"https:\\\/\\\/www.mpc.pr.gov.br\\\/index.php\\\/mp-de-contas-pede-cautelar-para-que-municipio-de-guarapuava-disponibilize-documentos-no-portal-da-transparencia\\\/#breadcrumb\"},\"inLanguage\":\"pt-BR\",\"potentialAction\":[{\"@type\":\"ReadAction\",\"target\":[\"https:\\\/\\\/www.mpc.pr.gov.br\\\/index.php\\\/mp-de-contas-pede-cautelar-para-que-municipio-de-guarapuava-disponibilize-documentos-no-portal-da-transparencia\\\/\"]}]},{\"@type\":\"ImageObject\",\"inLanguage\":\"pt-BR\",\"@id\":\"https:\\\/\\\/www.mpc.pr.gov.br\\\/index.php\\\/mp-de-contas-pede-cautelar-para-que-municipio-de-guarapuava-disponibilize-documentos-no-portal-da-transparencia\\\/#primaryimage\",\"url\":\"\",\"contentUrl\":\"\"},{\"@type\":\"BreadcrumbList\",\"@id\":\"https:\\\/\\\/www.mpc.pr.gov.br\\\/index.php\\\/mp-de-contas-pede-cautelar-para-que-municipio-de-guarapuava-disponibilize-documentos-no-portal-da-transparencia\\\/#breadcrumb\",\"itemListElement\":[{\"@type\":\"ListItem\",\"position\":1,\"name\":\"In\u00edcio\",\"item\":\"https:\\\/\\\/www.mpc.pr.gov.br\\\/\"},{\"@type\":\"ListItem\",\"position\":2,\"name\":\"MP de Contas pede cautelar para que munic\u00edpio de Guarapuava disponibilize documentos no portal da transpar\u00eancia\"}]},{\"@type\":\"WebSite\",\"@id\":\"https:\\\/\\\/www.mpc.pr.gov.br\\\/#website\",\"url\":\"https:\\\/\\\/www.mpc.pr.gov.br\\\/\",\"name\":\"Minist\u00e9rio P\u00fablico de Contas do Estado do Paran\u00e1\",\"description\":\"\",\"publisher\":{\"@id\":\"https:\\\/\\\/www.mpc.pr.gov.br\\\/#organization\"},\"potentialAction\":[{\"@type\":\"SearchAction\",\"target\":{\"@type\":\"EntryPoint\",\"urlTemplate\":\"https:\\\/\\\/www.mpc.pr.gov.br\\\/?s={search_term_string}\"},\"query-input\":{\"@type\":\"PropertyValueSpecification\",\"valueRequired\":true,\"valueName\":\"search_term_string\"}}],\"inLanguage\":\"pt-BR\"},{\"@type\":\"Organization\",\"@id\":\"https:\\\/\\\/www.mpc.pr.gov.br\\\/#organization\",\"name\":\"Minist\u00e9rio P\u00fablico de Contas do Estado do Paran\u00e1\",\"url\":\"https:\\\/\\\/www.mpc.pr.gov.br\\\/\",\"logo\":{\"@type\":\"ImageObject\",\"inLanguage\":\"pt-BR\",\"@id\":\"https:\\\/\\\/www.mpc.pr.gov.br\\\/#\\\/schema\\\/logo\\\/image\\\/\",\"url\":\"https:\\\/\\\/www.mpc.pr.gov.br\\\/wp-content\\\/uploads\\\/2020\\\/06\\\/99423647_1593460364143890_6706793420720963584_n-1-e1591387983167.png\",\"contentUrl\":\"https:\\\/\\\/www.mpc.pr.gov.br\\\/wp-content\\\/uploads\\\/2020\\\/06\\\/99423647_1593460364143890_6706793420720963584_n-1-e1591387983167.png\",\"width\":243,\"height\":73,\"caption\":\"Minist\u00e9rio P\u00fablico de Contas do Estado do Paran\u00e1\"},\"image\":{\"@id\":\"https:\\\/\\\/www.mpc.pr.gov.br\\\/#\\\/schema\\\/logo\\\/image\\\/\"},\"sameAs\":[\"https:\\\/\\\/www.facebook.com\\\/mpc.pr\",\"https:\\\/\\\/www.instagram.com\\\/mpc.pr\\\/?hl=pt-br\",\"https:\\\/\\\/www.youtube.com\\\/channel\\\/UCHri5oEM8DV0ztX57E0sBSw\"]},{\"@type\":\"Person\",\"@id\":\"https:\\\/\\\/www.mpc.pr.gov.br\\\/#\\\/schema\\\/person\\\/d0c5cf9ebb4d8be833c419f3538cf751\",\"name\":\"giovanna.faria\",\"image\":{\"@type\":\"ImageObject\",\"inLanguage\":\"pt-BR\",\"@id\":\"https:\\\/\\\/secure.gravatar.com\\\/avatar\\\/?s=96&d=mm&r=g\",\"url\":\"https:\\\/\\\/secure.gravatar.com\\\/avatar\\\/?s=96&d=mm&r=g\",\"contentUrl\":\"https:\\\/\\\/secure.gravatar.com\\\/avatar\\\/?s=96&d=mm&r=g\",\"caption\":\"giovanna.faria\"}}]}<\/script>\n<!-- \/ Yoast SEO plugin. -->","yoast_head_json":{"title":"MP de Contas pede cautelar para que munic\u00edpio de Guarapuava disponibilize documentos no portal da transpar\u00eancia - Minist\u00e9rio P\u00fablico de Contas do Estado do Paran\u00e1","robots":{"index":"index","follow":"follow","max-snippet":"max-snippet:-1","max-image-preview":"max-image-preview:large","max-video-preview":"max-video-preview:-1"},"canonical":"https:\/\/www.mpc.pr.gov.br\/index.php\/mp-de-contas-pede-cautelar-para-que-municipio-de-guarapuava-disponibilize-documentos-no-portal-da-transparencia\/","og_locale":"pt_BR","og_type":"article","og_title":"MP de Contas pede cautelar para que munic\u00edpio de Guarapuava disponibilize documentos no portal da transpar\u00eancia - Minist\u00e9rio P\u00fablico de Contas do Estado do Paran\u00e1","og_description":"O MP de Contas do Paran\u00e1 (MPC-PR) protocolou uma nova Representa\u00e7\u00e3o (n\u00b0 789.866\/19) em face do munic\u00edpio de Guarapuava, em raz\u00e3o de irregularidades identificadas no Edital de Concorr\u00eancia P\u00fablica n\u00b0 1\/2019, que visa a contrata\u00e7\u00e3o de Parceria P\u00fablico-Privada (PPP) para substitui\u00e7\u00e3o, moderniza\u00e7\u00e3o e manuten\u00e7\u00e3o da Rede Municipal de Ilumina\u00e7\u00e3o P\u00fablica. Conforme verificado na ata de [&hellip;]","og_url":"https:\/\/www.mpc.pr.gov.br\/index.php\/mp-de-contas-pede-cautelar-para-que-municipio-de-guarapuava-disponibilize-documentos-no-portal-da-transparencia\/","og_site_name":"Minist\u00e9rio P\u00fablico de Contas do Estado do Paran\u00e1","article_publisher":"https:\/\/www.facebook.com\/mpc.pr","article_published_time":"2019-12-09T13:16:05+00:00","author":"giovanna.faria","twitter_card":"summary_large_image","twitter_misc":{"Escrito por":"giovanna.faria","Est. tempo de leitura":"2 minutos"},"schema":{"@context":"https:\/\/schema.org","@graph":[{"@type":"Article","@id":"https:\/\/www.mpc.pr.gov.br\/index.php\/mp-de-contas-pede-cautelar-para-que-municipio-de-guarapuava-disponibilize-documentos-no-portal-da-transparencia\/#article","isPartOf":{"@id":"https:\/\/www.mpc.pr.gov.br\/index.php\/mp-de-contas-pede-cautelar-para-que-municipio-de-guarapuava-disponibilize-documentos-no-portal-da-transparencia\/"},"author":{"name":"giovanna.faria","@id":"https:\/\/www.mpc.pr.gov.br\/#\/schema\/person\/d0c5cf9ebb4d8be833c419f3538cf751"},"headline":"MP de Contas pede cautelar para que munic\u00edpio de Guarapuava disponibilize documentos no portal da transpar\u00eancia","datePublished":"2019-12-09T13:16:05+00:00","mainEntityOfPage":{"@id":"https:\/\/www.mpc.pr.gov.br\/index.php\/mp-de-contas-pede-cautelar-para-que-municipio-de-guarapuava-disponibilize-documentos-no-portal-da-transparencia\/"},"wordCount":485,"commentCount":0,"publisher":{"@id":"https:\/\/www.mpc.pr.gov.br\/#organization"},"image":{"@id":"https:\/\/www.mpc.pr.gov.br\/index.php\/mp-de-contas-pede-cautelar-para-que-municipio-de-guarapuava-disponibilize-documentos-no-portal-da-transparencia\/#primaryimage"},"thumbnailUrl":"","articleSection":["Todas as not\u00edcias","\u00daltimas not\u00edcias"],"inLanguage":"pt-BR","potentialAction":[{"@type":"CommentAction","name":"Comment","target":["https:\/\/www.mpc.pr.gov.br\/index.php\/mp-de-contas-pede-cautelar-para-que-municipio-de-guarapuava-disponibilize-documentos-no-portal-da-transparencia\/#respond"]}]},{"@type":"WebPage","@id":"https:\/\/www.mpc.pr.gov.br\/index.php\/mp-de-contas-pede-cautelar-para-que-municipio-de-guarapuava-disponibilize-documentos-no-portal-da-transparencia\/","url":"https:\/\/www.mpc.pr.gov.br\/index.php\/mp-de-contas-pede-cautelar-para-que-municipio-de-guarapuava-disponibilize-documentos-no-portal-da-transparencia\/","name":"MP de Contas pede cautelar para que munic\u00edpio de Guarapuava disponibilize documentos no portal da transpar\u00eancia - Minist\u00e9rio P\u00fablico de Contas do Estado do Paran\u00e1","isPartOf":{"@id":"https:\/\/www.mpc.pr.gov.br\/#website"},"primaryImageOfPage":{"@id":"https:\/\/www.mpc.pr.gov.br\/index.php\/mp-de-contas-pede-cautelar-para-que-municipio-de-guarapuava-disponibilize-documentos-no-portal-da-transparencia\/#primaryimage"},"image":{"@id":"https:\/\/www.mpc.pr.gov.br\/index.php\/mp-de-contas-pede-cautelar-para-que-municipio-de-guarapuava-disponibilize-documentos-no-portal-da-transparencia\/#primaryimage"},"thumbnailUrl":"","datePublished":"2019-12-09T13:16:05+00:00","breadcrumb":{"@id":"https:\/\/www.mpc.pr.gov.br\/index.php\/mp-de-contas-pede-cautelar-para-que-municipio-de-guarapuava-disponibilize-documentos-no-portal-da-transparencia\/#breadcrumb"},"inLanguage":"pt-BR","potentialAction":[{"@type":"ReadAction","target":["https:\/\/www.mpc.pr.gov.br\/index.php\/mp-de-contas-pede-cautelar-para-que-municipio-de-guarapuava-disponibilize-documentos-no-portal-da-transparencia\/"]}]},{"@type":"ImageObject","inLanguage":"pt-BR","@id":"https:\/\/www.mpc.pr.gov.br\/index.php\/mp-de-contas-pede-cautelar-para-que-municipio-de-guarapuava-disponibilize-documentos-no-portal-da-transparencia\/#primaryimage","url":"","contentUrl":""},{"@type":"BreadcrumbList","@id":"https:\/\/www.mpc.pr.gov.br\/index.php\/mp-de-contas-pede-cautelar-para-que-municipio-de-guarapuava-disponibilize-documentos-no-portal-da-transparencia\/#breadcrumb","itemListElement":[{"@type":"ListItem","position":1,"name":"In\u00edcio","item":"https:\/\/www.mpc.pr.gov.br\/"},{"@type":"ListItem","position":2,"name":"MP de Contas pede cautelar para que munic\u00edpio de Guarapuava disponibilize documentos no portal da transpar\u00eancia"}]},{"@type":"WebSite","@id":"https:\/\/www.mpc.pr.gov.br\/#website","url":"https:\/\/www.mpc.pr.gov.br\/","name":"Minist\u00e9rio P\u00fablico de Contas do Estado do Paran\u00e1","description":"","publisher":{"@id":"https:\/\/www.mpc.pr.gov.br\/#organization"},"potentialAction":[{"@type":"SearchAction","target":{"@type":"EntryPoint","urlTemplate":"https:\/\/www.mpc.pr.gov.br\/?s={search_term_string}"},"query-input":{"@type":"PropertyValueSpecification","valueRequired":true,"valueName":"search_term_string"}}],"inLanguage":"pt-BR"},{"@type":"Organization","@id":"https:\/\/www.mpc.pr.gov.br\/#organization","name":"Minist\u00e9rio P\u00fablico de Contas do Estado do Paran\u00e1","url":"https:\/\/www.mpc.pr.gov.br\/","logo":{"@type":"ImageObject","inLanguage":"pt-BR","@id":"https:\/\/www.mpc.pr.gov.br\/#\/schema\/logo\/image\/","url":"https:\/\/www.mpc.pr.gov.br\/wp-content\/uploads\/2020\/06\/99423647_1593460364143890_6706793420720963584_n-1-e1591387983167.png","contentUrl":"https:\/\/www.mpc.pr.gov.br\/wp-content\/uploads\/2020\/06\/99423647_1593460364143890_6706793420720963584_n-1-e1591387983167.png","width":243,"height":73,"caption":"Minist\u00e9rio P\u00fablico de Contas do Estado do Paran\u00e1"},"image":{"@id":"https:\/\/www.mpc.pr.gov.br\/#\/schema\/logo\/image\/"},"sameAs":["https:\/\/www.facebook.com\/mpc.pr","https:\/\/www.instagram.com\/mpc.pr\/?hl=pt-br","https:\/\/www.youtube.com\/channel\/UCHri5oEM8DV0ztX57E0sBSw"]},{"@type":"Person","@id":"https:\/\/www.mpc.pr.gov.br\/#\/schema\/person\/d0c5cf9ebb4d8be833c419f3538cf751","name":"giovanna.faria","image":{"@type":"ImageObject","inLanguage":"pt-BR","@id":"https:\/\/secure.gravatar.com\/avatar\/?s=96&d=mm&r=g","url":"https:\/\/secure.gravatar.com\/avatar\/?s=96&d=mm&r=g","contentUrl":"https:\/\/secure.gravatar.com\/avatar\/?s=96&d=mm&r=g","caption":"giovanna.faria"}}]}},"rttpg_featured_image_url":null,"rttpg_author":{"display_name":"giovanna.faria","author_link":"https:\/\/www.mpc.pr.gov.br\/index.php\/author\/giovanna-faria\/"},"rttpg_comment":0,"rttpg_category":"<a href=\"https:\/\/www.mpc.pr.gov.br\/index.php\/category\/todas-as-noticias\/\" rel=\"category tag\">Todas as not\u00edcias<\/a> <a href=\"https:\/\/www.mpc.pr.gov.br\/index.php\/category\/ultimas-noticias\/\" rel=\"category tag\">\u00daltimas not\u00edcias<\/a>","rttpg_excerpt":"O MP de Contas do Paran\u00e1 (MPC-PR) protocolou uma nova Representa\u00e7\u00e3o (n\u00b0 789.866\/19) em face do munic\u00edpio de Guarapuava, em raz\u00e3o de irregularidades identificadas no Edital de Concorr\u00eancia P\u00fablica n\u00b0 1\/2019, que visa a contrata\u00e7\u00e3o de Parceria P\u00fablico-Privada (PPP) para substitui\u00e7\u00e3o, moderniza\u00e7\u00e3o e manuten\u00e7\u00e3o da Rede Municipal de Ilumina\u00e7\u00e3o P\u00fablica. Conforme verificado na ata de&hellip;","_links":{"self":[{"href":"https:\/\/www.mpc.pr.gov.br\/index.php\/wp-json\/wp\/v2\/posts\/8238","targetHints":{"allow":["GET"]}}],"collection":[{"href":"https:\/\/www.mpc.pr.gov.br\/index.php\/wp-json\/wp\/v2\/posts"}],"about":[{"href":"https:\/\/www.mpc.pr.gov.br\/index.php\/wp-json\/wp\/v2\/types\/post"}],"author":[{"embeddable":true,"href":"https:\/\/www.mpc.pr.gov.br\/index.php\/wp-json\/wp\/v2\/users\/5"}],"replies":[{"embeddable":true,"href":"https:\/\/www.mpc.pr.gov.br\/index.php\/wp-json\/wp\/v2\/comments?post=8238"}],"version-history":[{"count":0,"href":"https:\/\/www.mpc.pr.gov.br\/index.php\/wp-json\/wp\/v2\/posts\/8238\/revisions"}],"wp:featuredmedia":[{"embeddable":true,"href":"https:\/\/www.mpc.pr.gov.br\/index.php\/wp-json\/"}],"wp:attachment":[{"href":"https:\/\/www.mpc.pr.gov.br\/index.php\/wp-json\/wp\/v2\/media?parent=8238"}],"wp:term":[{"taxonomy":"category","embeddable":true,"href":"https:\/\/www.mpc.pr.gov.br\/index.php\/wp-json\/wp\/v2\/categories?post=8238"},{"taxonomy":"post_tag","embeddable":true,"href":"https:\/\/www.mpc.pr.gov.br\/index.php\/wp-json\/wp\/v2\/tags?post=8238"}],"curies":[{"name":"wp","href":"https:\/\/api.w.org\/{rel}","templated":true}]}}